{"id":17825,"date":"2025-07-17T09:50:18","date_gmt":"2025-07-17T14:50:18","guid":{"rendered":"https:\/\/panoramaciudadano.com\/?p=17825"},"modified":"2025-07-17T09:50:21","modified_gmt":"2025-07-17T14:50:21","slug":"verifica-ana-paty-peralta-correcto-funcionamiento-de-la-ventanilla-unica","status":"publish","type":"post","link":"https:\/\/panoramaciudadano.com\/index.php\/2025\/07\/17\/verifica-ana-paty-peralta-correcto-funcionamiento-de-la-ventanilla-unica\/","title":{"rendered":"VERIFICA ANA PATY PERALTA CORRECTO FUNCIONAMIENTO DE LA VENTANILLA \u00daNICA"},"content":{"rendered":"\n<figure class=\"wp-block-image size-large\"><img decoding=\"async\" width=\"1024\" height=\"682\" src=\"https:\/\/panoramaciudadano.com\/wp-content\/uploads\/2025\/07\/WhatsApp-Image-2025-07-16-at-07.53.21-1024x682.jpeg\" alt=\"\" class=\"wp-image-17826\" srcset=\"https:\/\/panoramaciudadano.com\/wp-content\/uploads\/2025\/07\/WhatsApp-Image-2025-07-16-at-07.53.21-1024x682.jpeg 1024w, https:\/\/panoramaciudadano.com\/wp-content\/uploads\/2025\/07\/WhatsApp-Image-2025-07-16-at-07.53.21-300x200.jpeg 300w, https:\/\/panoramaciudadano.com\/wp-content\/uploads\/2025\/07\/WhatsApp-Image-2025-07-16-at-07.53.21-768x512.jpeg 768w, https:\/\/panoramaciudadano.com\/wp-content\/uploads\/2025\/07\/WhatsApp-Image-2025-07-16-at-07.53.21.jpeg 1280w\" sizes=\"(max-width: 1024px) 100vw, 1024px\" \/><\/figure>\n\n\n\n<p>Con la finalidad de conocer los avances y el estatus de los diferentes tr\u00e1mites que realizan los cancunenses, la Presidenta Municipal, Ana Paty Peralta, llev\u00f3 a cabo una visita de supervisi\u00f3n en las instalaciones de la Direcci\u00f3n de Ventanilla \u00danica de Tr\u00e1mites y Servicios del Instituto Municipal de Desarrollo Administrativo e Innovaci\u00f3n (IMDAI), en el que se han atendido m\u00e1s de 62 mil cancunenses.<\/p>\n\n\n\n<p>Durante su estad\u00eda en la dependencia, la Alcaldesa verific\u00f3 la correcta atenci\u00f3n de los servidores p\u00fablicos del IMDAI y de los m\u00f3dulos de Registro Civil, Soluci\u00f3n Integral de Residuos S\u00f3lidos (Siresol), Procuradur\u00eda Federal del Consumidor (Profeco) y el Sistema de Apertura R\u00e1pida de Empresas (SARE), por mencionar algunos.<\/p>\n\n\n\n<p>Adem\u00e1s, al estar cercan\u00eda con los ciudadanos, entreg\u00f3 distintos beneficios que se tramitan en estas oficinas, como certificado de discapacidad, acta de nacimiento, licencias de funcionamiento, tarjeta de constancia de residencia, entre otros.<\/p>\n\n\n\n<p>\u201cSomos un gobierno diferente, humanista, emp\u00e1tico, solidario, que da resultados\u201d, destac\u00f3.<\/p>\n\n\n\n<p>Por su parte, la titular del IMDAI, Barbara Jackeline Iturralde Ortiz, comparti\u00f3 que esta instancia de octubre de 2024 a julio del presente a\u00f1o ha facilitado el acceso y ha promovido un trato digno, profesional e inclusivo a m\u00e1s de 62 mil 535 cancunenses.<\/p>\n\n\n\n<p>A esta actividad se sum\u00f3 tambi\u00e9n el director del Registro Civil, Eduardo Kuyoc Rodr\u00edguez; la directora del Instituto Municipal de la Mujer (IMM), Miroslava Reguera Mart\u00ednez y la directora de Atenci\u00f3n Ciudadana, Mar\u00eda Fagni Gallegos Cruz, entre otras autoridades.<\/p>\n","protected":false},"excerpt":{"rendered":"<p>Con la finalidad de conocer los avances y el estatus de los diferentes tr\u00e1mites que realizan los cancunenses, la Presidenta Municipal, Ana Paty Peralta, llev\u00f3 a cabo una visita de supervisi\u00f3n en las instalaciones de la Direcci\u00f3n de Ventanilla \u00danica de Tr\u00e1mites y Servicios del Instituto Municipal de Desarrollo Administrativo e Innovaci\u00f3n (IMDAI), en el que se han atendido m\u00e1s de 62 mil cancunenses.<\/p>\n","protected":false},"author":1,"featured_media":17826,"comment_status":"open","ping_status":"closed","sticky":false,"template":"","format":"standard","meta":{"footnotes":""},"categories":[6],"tags":[145],"class_list":["post-17825","post","type-post","status-publish","format-standard","has-post-thumbnail","hentry","category-cancun","tag-ana-paty-peralta"],"yoast_head":"<!-- This site is optimized with the Yoast SEO plugin v27.1.1 - https:\/\/yoast.com\/product\/yoast-seo-wordpress\/ -->\n<title>VERIFICA ANA PATY PERALTA CORRECTO FUNCIONAMIENTO DE LA VENTANILLA \u00daNICA - Panorama Ciudadano<\/title>\n<meta name=\"robots\" content=\"index, follow, max-snippet:-1, max-image-preview:large, max-video-preview:-1\" \/>\n<link rel=\"canonical\" href=\"https:\/\/panoramaciudadano.com\/index.php\/2025\/07\/17\/verifica-ana-paty-peralta-correcto-funcionamiento-de-la-ventanilla-unica\/\" \/>\n<meta property=\"og:locale\" content=\"es_ES\" \/>\n<meta property=\"og:type\" content=\"article\" \/>\n<meta property=\"og:title\" content=\"VERIFICA ANA PATY PERALTA CORRECTO FUNCIONAMIENTO DE LA VENTANILLA \u00daNICA - Panorama Ciudadano\" \/>\n<meta property=\"og:description\" content=\"Con la finalidad de conocer los avances y el estatus de los diferentes tr\u00e1mites que realizan los cancunenses, la Presidenta Municipal, Ana Paty Peralta, llev\u00f3 a cabo una visita de supervisi\u00f3n en las instalaciones de la Direcci\u00f3n de Ventanilla \u00danica de Tr\u00e1mites y Servicios del Instituto Municipal de Desarrollo Administrativo e Innovaci\u00f3n (IMDAI), en el que se han atendido m\u00e1s de 62 mil cancunenses.\" \/>\n<meta property=\"og:url\" content=\"https:\/\/panoramaciudadano.com\/index.php\/2025\/07\/17\/verifica-ana-paty-peralta-correcto-funcionamiento-de-la-ventanilla-unica\/\" \/>\n<meta property=\"og:site_name\" content=\"Panorama Ciudadano\" \/>\n<meta property=\"article:publisher\" content=\"https:\/\/www.facebook.com\/panoramaciudadano\" \/>\n<meta property=\"article:published_time\" content=\"2025-07-17T14:50:18+00:00\" \/>\n<meta property=\"article:modified_time\" content=\"2025-07-17T14:50:21+00:00\" \/>\n<meta property=\"og:image\" content=\"https:\/\/panoramaciudadano.com\/wp-content\/uploads\/2025\/07\/WhatsApp-Image-2025-07-16-at-07.53.21.jpeg\" \/>\n\t<meta property=\"og:image:width\" content=\"1280\" \/>\n\t<meta property=\"og:image:height\" content=\"853\" \/>\n\t<meta property=\"og:image:type\" content=\"image\/jpeg\" \/>\n<meta name=\"author\" content=\"admin\" \/>\n<meta name=\"twitter:card\" content=\"summary_large_image\" \/>\n<meta name=\"twitter:label1\" content=\"Escrito por\" \/>\n\t<meta name=\"twitter:data1\" content=\"admin\" \/>\n\t<meta name=\"twitter:label2\" content=\"Tiempo de lectura\" \/>\n\t<meta name=\"twitter:data2\" content=\"2 minutos\" \/>\n<script type=\"application\/ld+json\" class=\"yoast-schema-graph\">{\"@context\":\"https:\/\/schema.org\",\"@graph\":[{\"@type\":\"Article\",\"@id\":\"https:\/\/panoramaciudadano.com\/index.php\/2025\/07\/17\/verifica-ana-paty-peralta-correcto-funcionamiento-de-la-ventanilla-unica\/#article\",\"isPartOf\":{\"@id\":\"https:\/\/panoramaciudadano.com\/index.php\/2025\/07\/17\/verifica-ana-paty-peralta-correcto-funcionamiento-de-la-ventanilla-unica\/\"},\"author\":{\"name\":\"admin\",\"@id\":\"https:\/\/panoramaciudadano.com\/#\/schema\/person\/ffe9fe8ef47d3a93977b5761fd9e0d96\"},\"headline\":\"VERIFICA ANA PATY PERALTA CORRECTO FUNCIONAMIENTO DE LA VENTANILLA \u00daNICA\",\"datePublished\":\"2025-07-17T14:50:18+00:00\",\"dateModified\":\"2025-07-17T14:50:21+00:00\",\"mainEntityOfPage\":{\"@id\":\"https:\/\/panoramaciudadano.com\/index.php\/2025\/07\/17\/verifica-ana-paty-peralta-correcto-funcionamiento-de-la-ventanilla-unica\/\"},\"wordCount\":269,\"commentCount\":0,\"publisher\":{\"@id\":\"https:\/\/panoramaciudadano.com\/#organization\"},\"image\":{\"@id\":\"https:\/\/panoramaciudadano.com\/index.php\/2025\/07\/17\/verifica-ana-paty-peralta-correcto-funcionamiento-de-la-ventanilla-unica\/#primaryimage\"},\"thumbnailUrl\":\"https:\/\/panoramaciudadano.com\/wp-content\/uploads\/2025\/07\/WhatsApp-Image-2025-07-16-at-07.53.21.jpeg\",\"keywords\":[\"Ana Paty Peralta\"],\"articleSection\":[\"Canc\u00fan\"],\"inLanguage\":\"es\",\"potentialAction\":[{\"@type\":\"CommentAction\",\"name\":\"Comment\",\"target\":[\"https:\/\/panoramaciudadano.com\/index.php\/2025\/07\/17\/verifica-ana-paty-peralta-correcto-funcionamiento-de-la-ventanilla-unica\/#respond\"]}]},{\"@type\":\"WebPage\",\"@id\":\"https:\/\/panoramaciudadano.com\/index.php\/2025\/07\/17\/verifica-ana-paty-peralta-correcto-funcionamiento-de-la-ventanilla-unica\/\",\"url\":\"https:\/\/panoramaciudadano.com\/index.php\/2025\/07\/17\/verifica-ana-paty-peralta-correcto-funcionamiento-de-la-ventanilla-unica\/\",\"name\":\"VERIFICA ANA PATY PERALTA CORRECTO FUNCIONAMIENTO DE LA VENTANILLA \u00daNICA - Panorama Ciudadano\",\"isPartOf\":{\"@id\":\"https:\/\/panoramaciudadano.com\/#website\"},\"primaryImageOfPage\":{\"@id\":\"https:\/\/panoramaciudadano.com\/index.php\/2025\/07\/17\/verifica-ana-paty-peralta-correcto-funcionamiento-de-la-ventanilla-unica\/#primaryimage\"},\"image\":{\"@id\":\"https:\/\/panoramaciudadano.com\/index.php\/2025\/07\/17\/verifica-ana-paty-peralta-correcto-funcionamiento-de-la-ventanilla-unica\/#primaryimage\"},\"thumbnailUrl\":\"https:\/\/panoramaciudadano.com\/wp-content\/uploads\/2025\/07\/WhatsApp-Image-2025-07-16-at-07.53.21.jpeg\",\"datePublished\":\"2025-07-17T14:50:18+00:00\",\"dateModified\":\"2025-07-17T14:50:21+00:00\",\"breadcrumb\":{\"@id\":\"https:\/\/panoramaciudadano.com\/index.php\/2025\/07\/17\/verifica-ana-paty-peralta-correcto-funcionamiento-de-la-ventanilla-unica\/#breadcrumb\"},\"inLanguage\":\"es\",\"potentialAction\":[{\"@type\":\"ReadAction\",\"target\":[\"https:\/\/panoramaciudadano.com\/index.php\/2025\/07\/17\/verifica-ana-paty-peralta-correcto-funcionamiento-de-la-ventanilla-unica\/\"]}]},{\"@type\":\"ImageObject\",\"inLanguage\":\"es\",\"@id\":\"https:\/\/panoramaciudadano.com\/index.php\/2025\/07\/17\/verifica-ana-paty-peralta-correcto-funcionamiento-de-la-ventanilla-unica\/#primaryimage\",\"url\":\"https:\/\/panoramaciudadano.com\/wp-content\/uploads\/2025\/07\/WhatsApp-Image-2025-07-16-at-07.53.21.jpeg\",\"contentUrl\":\"https:\/\/panoramaciudadano.com\/wp-content\/uploads\/2025\/07\/WhatsApp-Image-2025-07-16-at-07.53.21.jpeg\",\"width\":1280,\"height\":853},{\"@type\":\"BreadcrumbList\",\"@id\":\"https:\/\/panoramaciudadano.com\/index.php\/2025\/07\/17\/verifica-ana-paty-peralta-correcto-funcionamiento-de-la-ventanilla-unica\/#breadcrumb\",\"itemListElement\":[{\"@type\":\"ListItem\",\"position\":1,\"name\":\"Portada\",\"item\":\"https:\/\/panoramaciudadano.com\/\"},{\"@type\":\"ListItem\",\"position\":2,\"name\":\"VERIFICA ANA PATY PERALTA CORRECTO FUNCIONAMIENTO DE LA VENTANILLA \u00daNICA\"}]},{\"@type\":\"WebSite\",\"@id\":\"https:\/\/panoramaciudadano.com\/#website\",\"url\":\"https:\/\/panoramaciudadano.com\/\",\"name\":\"Panorama Ciudadano\",\"description\":\"\",\"publisher\":{\"@id\":\"https:\/\/panoramaciudadano.com\/#organization\"},\"potentialAction\":[{\"@type\":\"SearchAction\",\"target\":{\"@type\":\"EntryPoint\",\"urlTemplate\":\"https:\/\/panoramaciudadano.com\/?s={search_term_string}\"},\"query-input\":{\"@type\":\"PropertyValueSpecification\",\"valueRequired\":true,\"valueName\":\"search_term_string\"}}],\"inLanguage\":\"es\"},{\"@type\":\"Organization\",\"@id\":\"https:\/\/panoramaciudadano.com\/#organization\",\"name\":\"Panorama Ciudadano\",\"url\":\"https:\/\/panoramaciudadano.com\/\",\"logo\":{\"@type\":\"ImageObject\",\"inLanguage\":\"es\",\"@id\":\"https:\/\/panoramaciudadano.com\/#\/schema\/logo\/image\/\",\"url\":\"https:\/\/panoramaciudadano.com\/wp-content\/uploads\/2024\/05\/401498640_919267042938564_6290593609399108733_n.jpg\",\"contentUrl\":\"https:\/\/panoramaciudadano.com\/wp-content\/uploads\/2024\/05\/401498640_919267042938564_6290593609399108733_n.jpg\",\"width\":960,\"height\":957,\"caption\":\"Panorama Ciudadano\"},\"image\":{\"@id\":\"https:\/\/panoramaciudadano.com\/#\/schema\/logo\/image\/\"},\"sameAs\":[\"https:\/\/www.facebook.com\/panoramaciudadano\"]},{\"@type\":\"Person\",\"@id\":\"https:\/\/panoramaciudadano.com\/#\/schema\/person\/ffe9fe8ef47d3a93977b5761fd9e0d96\",\"name\":\"admin\",\"image\":{\"@type\":\"ImageObject\",\"inLanguage\":\"es\",\"@id\":\"https:\/\/panoramaciudadano.com\/#\/schema\/person\/image\/\",\"url\":\"https:\/\/secure.gravatar.com\/avatar\/2d5a12cacce3f18096f25fadea8abb7202fef18ed669595589853e84260ff451?s=96&d=mm&r=g\",\"contentUrl\":\"https:\/\/secure.gravatar.com\/avatar\/2d5a12cacce3f18096f25fadea8abb7202fef18ed669595589853e84260ff451?s=96&d=mm&r=g\",\"caption\":\"admin\"},\"sameAs\":[\"https:\/\/panoramaciudadano.com\"],\"url\":\"https:\/\/panoramaciudadano.com\/index.php\/author\/admin_3q6hyqq3\/\"}]}<\/script>\n<!-- \/ Yoast SEO plugin. -->","yoast_head_json":{"title":"VERIFICA ANA PATY PERALTA CORRECTO FUNCIONAMIENTO DE LA VENTANILLA \u00daNICA - Panorama Ciudadano","robots":{"index":"index","follow":"follow","max-snippet":"max-snippet:-1","max-image-preview":"max-image-preview:large","max-video-preview":"max-video-preview:-1"},"canonical":"https:\/\/panoramaciudadano.com\/index.php\/2025\/07\/17\/verifica-ana-paty-peralta-correcto-funcionamiento-de-la-ventanilla-unica\/","og_locale":"es_ES","og_type":"article","og_title":"VERIFICA ANA PATY PERALTA CORRECTO FUNCIONAMIENTO DE LA VENTANILLA \u00daNICA - Panorama Ciudadano","og_description":"Con la finalidad de conocer los avances y el estatus de los diferentes tr\u00e1mites que realizan los cancunenses, la Presidenta Municipal, Ana Paty Peralta, llev\u00f3 a cabo una visita de supervisi\u00f3n en las instalaciones de la Direcci\u00f3n de Ventanilla \u00danica de Tr\u00e1mites y Servicios del Instituto Municipal de Desarrollo Administrativo e Innovaci\u00f3n (IMDAI), en el que se han atendido m\u00e1s de 62 mil cancunenses.","og_url":"https:\/\/panoramaciudadano.com\/index.php\/2025\/07\/17\/verifica-ana-paty-peralta-correcto-funcionamiento-de-la-ventanilla-unica\/","og_site_name":"Panorama Ciudadano","article_publisher":"https:\/\/www.facebook.com\/panoramaciudadano","article_published_time":"2025-07-17T14:50:18+00:00","article_modified_time":"2025-07-17T14:50:21+00:00","og_image":[{"width":1280,"height":853,"url":"https:\/\/panoramaciudadano.com\/wp-content\/uploads\/2025\/07\/WhatsApp-Image-2025-07-16-at-07.53.21.jpeg","type":"image\/jpeg"}],"author":"admin","twitter_card":"summary_large_image","twitter_misc":{"Escrito por":"admin","Tiempo de lectura":"2 minutos"},"schema":{"@context":"https:\/\/schema.org","@graph":[{"@type":"Article","@id":"https:\/\/panoramaciudadano.com\/index.php\/2025\/07\/17\/verifica-ana-paty-peralta-correcto-funcionamiento-de-la-ventanilla-unica\/#article","isPartOf":{"@id":"https:\/\/panoramaciudadano.com\/index.php\/2025\/07\/17\/verifica-ana-paty-peralta-correcto-funcionamiento-de-la-ventanilla-unica\/"},"author":{"name":"admin","@id":"https:\/\/panoramaciudadano.com\/#\/schema\/person\/ffe9fe8ef47d3a93977b5761fd9e0d96"},"headline":"VERIFICA ANA PATY PERALTA CORRECTO FUNCIONAMIENTO DE LA VENTANILLA \u00daNICA","datePublished":"2025-07-17T14:50:18+00:00","dateModified":"2025-07-17T14:50:21+00:00","mainEntityOfPage":{"@id":"https:\/\/panoramaciudadano.com\/index.php\/2025\/07\/17\/verifica-ana-paty-peralta-correcto-funcionamiento-de-la-ventanilla-unica\/"},"wordCount":269,"commentCount":0,"publisher":{"@id":"https:\/\/panoramaciudadano.com\/#organization"},"image":{"@id":"https:\/\/panoramaciudadano.com\/index.php\/2025\/07\/17\/verifica-ana-paty-peralta-correcto-funcionamiento-de-la-ventanilla-unica\/#primaryimage"},"thumbnailUrl":"https:\/\/panoramaciudadano.com\/wp-content\/uploads\/2025\/07\/WhatsApp-Image-2025-07-16-at-07.53.21.jpeg","keywords":["Ana Paty Peralta"],"articleSection":["Canc\u00fan"],"inLanguage":"es","potentialAction":[{"@type":"CommentAction","name":"Comment","target":["https:\/\/panoramaciudadano.com\/index.php\/2025\/07\/17\/verifica-ana-paty-peralta-correcto-funcionamiento-de-la-ventanilla-unica\/#respond"]}]},{"@type":"WebPage","@id":"https:\/\/panoramaciudadano.com\/index.php\/2025\/07\/17\/verifica-ana-paty-peralta-correcto-funcionamiento-de-la-ventanilla-unica\/","url":"https:\/\/panoramaciudadano.com\/index.php\/2025\/07\/17\/verifica-ana-paty-peralta-correcto-funcionamiento-de-la-ventanilla-unica\/","name":"VERIFICA ANA PATY PERALTA CORRECTO FUNCIONAMIENTO DE LA VENTANILLA \u00daNICA - Panorama Ciudadano","isPartOf":{"@id":"https:\/\/panoramaciudadano.com\/#website"},"primaryImageOfPage":{"@id":"https:\/\/panoramaciudadano.com\/index.php\/2025\/07\/17\/verifica-ana-paty-peralta-correcto-funcionamiento-de-la-ventanilla-unica\/#primaryimage"},"image":{"@id":"https:\/\/panoramaciudadano.com\/index.php\/2025\/07\/17\/verifica-ana-paty-peralta-correcto-funcionamiento-de-la-ventanilla-unica\/#primaryimage"},"thumbnailUrl":"https:\/\/panoramaciudadano.com\/wp-content\/uploads\/2025\/07\/WhatsApp-Image-2025-07-16-at-07.53.21.jpeg","datePublished":"2025-07-17T14:50:18+00:00","dateModified":"2025-07-17T14:50:21+00:00","breadcrumb":{"@id":"https:\/\/panoramaciudadano.com\/index.php\/2025\/07\/17\/verifica-ana-paty-peralta-correcto-funcionamiento-de-la-ventanilla-unica\/#breadcrumb"},"inLanguage":"es","potentialAction":[{"@type":"ReadAction","target":["https:\/\/panoramaciudadano.com\/index.php\/2025\/07\/17\/verifica-ana-paty-peralta-correcto-funcionamiento-de-la-ventanilla-unica\/"]}]},{"@type":"ImageObject","inLanguage":"es","@id":"https:\/\/panoramaciudadano.com\/index.php\/2025\/07\/17\/verifica-ana-paty-peralta-correcto-funcionamiento-de-la-ventanilla-unica\/#primaryimage","url":"https:\/\/panoramaciudadano.com\/wp-content\/uploads\/2025\/07\/WhatsApp-Image-2025-07-16-at-07.53.21.jpeg","contentUrl":"https:\/\/panoramaciudadano.com\/wp-content\/uploads\/2025\/07\/WhatsApp-Image-2025-07-16-at-07.53.21.jpeg","width":1280,"height":853},{"@type":"BreadcrumbList","@id":"https:\/\/panoramaciudadano.com\/index.php\/2025\/07\/17\/verifica-ana-paty-peralta-correcto-funcionamiento-de-la-ventanilla-unica\/#breadcrumb","itemListElement":[{"@type":"ListItem","position":1,"name":"Portada","item":"https:\/\/panoramaciudadano.com\/"},{"@type":"ListItem","position":2,"name":"VERIFICA ANA PATY PERALTA CORRECTO FUNCIONAMIENTO DE LA VENTANILLA \u00daNICA"}]},{"@type":"WebSite","@id":"https:\/\/panoramaciudadano.com\/#website","url":"https:\/\/panoramaciudadano.com\/","name":"Panorama Ciudadano","description":"","publisher":{"@id":"https:\/\/panoramaciudadano.com\/#organization"},"potentialAction":[{"@type":"SearchAction","target":{"@type":"EntryPoint","urlTemplate":"https:\/\/panoramaciudadano.com\/?s={search_term_string}"},"query-input":{"@type":"PropertyValueSpecification","valueRequired":true,"valueName":"search_term_string"}}],"inLanguage":"es"},{"@type":"Organization","@id":"https:\/\/panoramaciudadano.com\/#organization","name":"Panorama Ciudadano","url":"https:\/\/panoramaciudadano.com\/","logo":{"@type":"ImageObject","inLanguage":"es","@id":"https:\/\/panoramaciudadano.com\/#\/schema\/logo\/image\/","url":"https:\/\/panoramaciudadano.com\/wp-content\/uploads\/2024\/05\/401498640_919267042938564_6290593609399108733_n.jpg","contentUrl":"https:\/\/panoramaciudadano.com\/wp-content\/uploads\/2024\/05\/401498640_919267042938564_6290593609399108733_n.jpg","width":960,"height":957,"caption":"Panorama Ciudadano"},"image":{"@id":"https:\/\/panoramaciudadano.com\/#\/schema\/logo\/image\/"},"sameAs":["https:\/\/www.facebook.com\/panoramaciudadano"]},{"@type":"Person","@id":"https:\/\/panoramaciudadano.com\/#\/schema\/person\/ffe9fe8ef47d3a93977b5761fd9e0d96","name":"admin","image":{"@type":"ImageObject","inLanguage":"es","@id":"https:\/\/panoramaciudadano.com\/#\/schema\/person\/image\/","url":"https:\/\/secure.gravatar.com\/avatar\/2d5a12cacce3f18096f25fadea8abb7202fef18ed669595589853e84260ff451?s=96&d=mm&r=g","contentUrl":"https:\/\/secure.gravatar.com\/avatar\/2d5a12cacce3f18096f25fadea8abb7202fef18ed669595589853e84260ff451?s=96&d=mm&r=g","caption":"admin"},"sameAs":["https:\/\/panoramaciudadano.com"],"url":"https:\/\/panoramaciudadano.com\/index.php\/author\/admin_3q6hyqq3\/"}]}},"_links":{"self":[{"href":"https:\/\/panoramaciudadano.com\/index.php\/wp-json\/wp\/v2\/posts\/17825","targetHints":{"allow":["GET"]}}],"collection":[{"href":"https:\/\/panoramaciudadano.com\/index.php\/wp-json\/wp\/v2\/posts"}],"about":[{"href":"https:\/\/panoramaciudadano.com\/index.php\/wp-json\/wp\/v2\/types\/post"}],"author":[{"embeddable":true,"href":"https:\/\/panoramaciudadano.com\/index.php\/wp-json\/wp\/v2\/users\/1"}],"replies":[{"embeddable":true,"href":"https:\/\/panoramaciudadano.com\/index.php\/wp-json\/wp\/v2\/comments?post=17825"}],"version-history":[{"count":1,"href":"https:\/\/panoramaciudadano.com\/index.php\/wp-json\/wp\/v2\/posts\/17825\/revisions"}],"predecessor-version":[{"id":17827,"href":"https:\/\/panoramaciudadano.com\/index.php\/wp-json\/wp\/v2\/posts\/17825\/revisions\/17827"}],"wp:featuredmedia":[{"embeddable":true,"href":"https:\/\/panoramaciudadano.com\/index.php\/wp-json\/wp\/v2\/media\/17826"}],"wp:attachment":[{"href":"https:\/\/panoramaciudadano.com\/index.php\/wp-json\/wp\/v2\/media?parent=17825"}],"wp:term":[{"taxonomy":"category","embeddable":true,"href":"https:\/\/panoramaciudadano.com\/index.php\/wp-json\/wp\/v2\/categories?post=17825"},{"taxonomy":"post_tag","embeddable":true,"href":"https:\/\/panoramaciudadano.com\/index.php\/wp-json\/wp\/v2\/tags?post=17825"}],"curies":[{"name":"wp","href":"https:\/\/api.w.org\/{rel}","templated":true}]}}