{"id":17855,"date":"2025-07-17T10:11:58","date_gmt":"2025-07-17T15:11:58","guid":{"rendered":"https:\/\/panoramaciudadano.com\/?p=17855"},"modified":"2025-07-17T10:12:00","modified_gmt":"2025-07-17T15:12:00","slug":"mas-de-100-ciclistas-disfrutan-en-las-calles-de-la-ciudad-en-segunda-edicion-de-rodando-cancun","status":"publish","type":"post","link":"https:\/\/panoramaciudadano.com\/index.php\/2025\/07\/17\/mas-de-100-ciclistas-disfrutan-en-las-calles-de-la-ciudad-en-segunda-edicion-de-rodando-cancun\/","title":{"rendered":"M\u00c1S DE 100 CICLISTAS DISFRUTAN EN LAS CALLES DE LA CIUDAD EN SEGUNDA EDICI\u00d3N DE RODANDO CANC\u00daN"},"content":{"rendered":"\n<figure class=\"wp-block-gallery has-nested-images columns-default is-cropped wp-block-gallery-1 is-layout-flex wp-block-gallery-is-layout-flex\">\n<figure class=\"wp-block-image size-large\"><img decoding=\"async\" width=\"1024\" height=\"576\" data-id=\"17861\" src=\"https:\/\/panoramaciudadano.com\/wp-content\/uploads\/2025\/07\/2-161-1024x576.jpeg\" alt=\"\" class=\"wp-image-17861\" srcset=\"https:\/\/panoramaciudadano.com\/wp-content\/uploads\/2025\/07\/2-161-1024x576.jpeg 1024w, https:\/\/panoramaciudadano.com\/wp-content\/uploads\/2025\/07\/2-161-300x169.jpeg 300w, https:\/\/panoramaciudadano.com\/wp-content\/uploads\/2025\/07\/2-161-768x432.jpeg 768w, https:\/\/panoramaciudadano.com\/wp-content\/uploads\/2025\/07\/2-161-1536x864.jpeg 1536w, https:\/\/panoramaciudadano.com\/wp-content\/uploads\/2025\/07\/2-161.jpeg 1600w\" sizes=\"(max-width: 1024px) 100vw, 1024px\" \/><\/figure>\n\n\n\n<figure class=\"wp-block-image size-large\"><img decoding=\"async\" width=\"1024\" height=\"682\" data-id=\"17860\" src=\"https:\/\/panoramaciudadano.com\/wp-content\/uploads\/2025\/07\/3-144-1024x682.jpeg\" alt=\"\" class=\"wp-image-17860\" srcset=\"https:\/\/panoramaciudadano.com\/wp-content\/uploads\/2025\/07\/3-144-1024x682.jpeg 1024w, https:\/\/panoramaciudadano.com\/wp-content\/uploads\/2025\/07\/3-144-300x200.jpeg 300w, https:\/\/panoramaciudadano.com\/wp-content\/uploads\/2025\/07\/3-144-768x512.jpeg 768w, https:\/\/panoramaciudadano.com\/wp-content\/uploads\/2025\/07\/3-144.jpeg 1280w\" sizes=\"(max-width: 1024px) 100vw, 1024px\" \/><\/figure>\n\n\n\n<figure class=\"wp-block-image size-large\"><img decoding=\"async\" width=\"1024\" height=\"682\" data-id=\"17858\" src=\"https:\/\/panoramaciudadano.com\/wp-content\/uploads\/2025\/07\/5-56-1024x682.jpeg\" alt=\"\" class=\"wp-image-17858\" srcset=\"https:\/\/panoramaciudadano.com\/wp-content\/uploads\/2025\/07\/5-56-1024x682.jpeg 1024w, https:\/\/panoramaciudadano.com\/wp-content\/uploads\/2025\/07\/5-56-300x200.jpeg 300w, https:\/\/panoramaciudadano.com\/wp-content\/uploads\/2025\/07\/5-56-768x512.jpeg 768w, https:\/\/panoramaciudadano.com\/wp-content\/uploads\/2025\/07\/5-56.jpeg 1280w\" sizes=\"(max-width: 1024px) 100vw, 1024px\" \/><\/figure>\n\n\n\n<figure class=\"wp-block-image size-large\"><img decoding=\"async\" width=\"1024\" height=\"682\" data-id=\"17857\" src=\"https:\/\/panoramaciudadano.com\/wp-content\/uploads\/2025\/07\/6-25-1024x682.jpeg\" alt=\"\" class=\"wp-image-17857\" srcset=\"https:\/\/panoramaciudadano.com\/wp-content\/uploads\/2025\/07\/6-25-1024x682.jpeg 1024w, https:\/\/panoramaciudadano.com\/wp-content\/uploads\/2025\/07\/6-25-300x200.jpeg 300w, https:\/\/panoramaciudadano.com\/wp-content\/uploads\/2025\/07\/6-25-768x512.jpeg 768w, https:\/\/panoramaciudadano.com\/wp-content\/uploads\/2025\/07\/6-25.jpeg 1280w\" sizes=\"(max-width: 1024px) 100vw, 1024px\" \/><\/figure>\n\n\n\n<figure class=\"wp-block-image size-large\"><img decoding=\"async\" width=\"1024\" height=\"576\" data-id=\"17856\" src=\"https:\/\/panoramaciudadano.com\/wp-content\/uploads\/2025\/07\/WhatsApp-Image-2025-07-16-at-15.59.17-1024x576.jpeg\" alt=\"\" class=\"wp-image-17856\" srcset=\"https:\/\/panoramaciudadano.com\/wp-content\/uploads\/2025\/07\/WhatsApp-Image-2025-07-16-at-15.59.17-1024x576.jpeg 1024w, https:\/\/panoramaciudadano.com\/wp-content\/uploads\/2025\/07\/WhatsApp-Image-2025-07-16-at-15.59.17-300x169.jpeg 300w, https:\/\/panoramaciudadano.com\/wp-content\/uploads\/2025\/07\/WhatsApp-Image-2025-07-16-at-15.59.17-768x432.jpeg 768w, https:\/\/panoramaciudadano.com\/wp-content\/uploads\/2025\/07\/WhatsApp-Image-2025-07-16-at-15.59.17-1536x864.jpeg 1536w, https:\/\/panoramaciudadano.com\/wp-content\/uploads\/2025\/07\/WhatsApp-Image-2025-07-16-at-15.59.17.jpeg 1600w\" sizes=\"(max-width: 1024px) 100vw, 1024px\" \/><\/figure>\n<\/figure>\n\n\n\n<p>Como parte de la visi\u00f3n de la Presidenta Municipal, Ana Paty Peralta, de construir una ciudad m\u00e1s accesible, ordenada y pensada en las personas, se llev\u00f3 a cabo con gran \u00e9xito la segunda edici\u00f3n de Rodando Canc\u00fan, una iniciativa que promueve el uso de la bicicleta como medio de transporte saludable, divertido y sostenible.<\/p>\n\n\n\n<p>M\u00e1s de 100 ciclistas se dieron cita en el Parque de las Palapas para participar en esta rodada nocturna que se va consolidando como una tradici\u00f3n ciudadana. Desde personas j\u00f3venes hasta familias completas y ciclistas urbanos, esta actividad reuni\u00f3 a quienes comparten el compromiso por una movilidad m\u00e1s humana y el derecho a disfrutar del espacio p\u00fablico.<\/p>\n\n\n\n<p>La ruta incluy\u00f3 vialidades estrat\u00e9gicas como las avenidas Uxmal, Bonampak, Chich\u00e9n Itz\u00e1 y Yaxchil\u00e1n, as\u00ed como la ciclov\u00eda de la Av. Palenque. El recorrido cont\u00f3 con el acompa\u00f1amiento de la Secretar\u00eda Municipal de Seguridad Ciudadana y Tr\u00e1nsito, la Direcci\u00f3n General de Transporte y Vialidad, el equipo del IMPLAN Benito Ju\u00e1rez y la participaci\u00f3n de la sociedad civil, a trav\u00e9s de The Big Store.<\/p>\n\n\n\n<p>El director general del IMPLAN, H\u00e9ctor S\u00e1nchez Tirado, se\u00f1al\u00f3 que estas rodadas son una forma de activar el espacio p\u00fablico y fomentar una cultura de movilidad m\u00e1s humana, cercana y sostenible. \u201cVamos a seguir promoviendo estos encuentros que nos permiten ver y vivir la ciudad de otra manera. Invitamos a todas y todos a estar pendientes de las pr\u00f3ximas ediciones de Rodando Canc\u00fan\u201d, puntualiz\u00f3.<\/p>\n\n\n\n<hr class=\"wp-block-separator has-alpha-channel-opacity\"\/>\n","protected":false},"excerpt":{"rendered":"<p>Como parte de la visi\u00f3n de la Presidenta Municipal, Ana Paty Peralta, de construir una ciudad m\u00e1s accesible, ordenada y pensada en las personas, se llev\u00f3 a cabo con gran \u00e9xito la segunda edici\u00f3n de Rodando Canc\u00fan, una iniciativa que promueve el uso de la bicicleta como medio de transporte saludable, divertido y sostenible.<\/p>\n","protected":false},"author":1,"featured_media":17858,"comment_status":"open","ping_status":"closed","sticky":false,"template":"","format":"standard","meta":{"footnotes":""},"categories":[6],"tags":[145],"class_list":["post-17855","post","type-post","status-publish","format-standard","has-post-thumbnail","hentry","category-cancun","tag-ana-paty-peralta"],"yoast_head":"<!-- This site is optimized with the Yoast SEO plugin v27.1.1 - https:\/\/yoast.com\/product\/yoast-seo-wordpress\/ -->\n<title>M\u00c1S DE 100 CICLISTAS DISFRUTAN EN LAS CALLES DE LA CIUDAD EN SEGUNDA EDICI\u00d3N DE RODANDO CANC\u00daN - Panorama Ciudadano<\/title>\n<meta name=\"robots\" content=\"index, follow, max-snippet:-1, max-image-preview:large, max-video-preview:-1\" \/>\n<link rel=\"canonical\" href=\"https:\/\/panoramaciudadano.com\/index.php\/2025\/07\/17\/mas-de-100-ciclistas-disfrutan-en-las-calles-de-la-ciudad-en-segunda-edicion-de-rodando-cancun\/\" \/>\n<meta property=\"og:locale\" content=\"es_ES\" \/>\n<meta property=\"og:type\" content=\"article\" \/>\n<meta property=\"og:title\" content=\"M\u00c1S DE 100 CICLISTAS DISFRUTAN EN LAS CALLES DE LA CIUDAD EN SEGUNDA EDICI\u00d3N DE RODANDO CANC\u00daN - Panorama Ciudadano\" \/>\n<meta property=\"og:description\" content=\"Como parte de la visi\u00f3n de la Presidenta Municipal, Ana Paty Peralta, de construir una ciudad m\u00e1s accesible, ordenada y pensada en las personas, se llev\u00f3 a cabo con gran \u00e9xito la segunda edici\u00f3n de Rodando Canc\u00fan, una iniciativa que promueve el uso de la bicicleta como medio de transporte saludable, divertido y sostenible.\" \/>\n<meta property=\"og:url\" content=\"https:\/\/panoramaciudadano.com\/index.php\/2025\/07\/17\/mas-de-100-ciclistas-disfrutan-en-las-calles-de-la-ciudad-en-segunda-edicion-de-rodando-cancun\/\" \/>\n<meta property=\"og:site_name\" content=\"Panorama Ciudadano\" \/>\n<meta property=\"article:publisher\" content=\"https:\/\/www.facebook.com\/panoramaciudadano\" \/>\n<meta property=\"article:published_time\" content=\"2025-07-17T15:11:58+00:00\" \/>\n<meta property=\"article:modified_time\" content=\"2025-07-17T15:12:00+00:00\" \/>\n<meta property=\"og:image\" content=\"https:\/\/panoramaciudadano.com\/wp-content\/uploads\/2025\/07\/5-56.jpeg\" \/>\n\t<meta property=\"og:image:width\" content=\"1280\" \/>\n\t<meta property=\"og:image:height\" content=\"853\" \/>\n\t<meta property=\"og:image:type\" content=\"image\/jpeg\" \/>\n<meta name=\"author\" content=\"admin\" \/>\n<meta name=\"twitter:card\" content=\"summary_large_image\" \/>\n<meta name=\"twitter:label1\" content=\"Escrito por\" \/>\n\t<meta name=\"twitter:data1\" content=\"admin\" \/>\n\t<meta name=\"twitter:label2\" content=\"Tiempo de lectura\" \/>\n\t<meta name=\"twitter:data2\" content=\"3 minutos\" \/>\n<script type=\"application\/ld+json\" class=\"yoast-schema-graph\">{\"@context\":\"https:\/\/schema.org\",\"@graph\":[{\"@type\":\"Article\",\"@id\":\"https:\/\/panoramaciudadano.com\/index.php\/2025\/07\/17\/mas-de-100-ciclistas-disfrutan-en-las-calles-de-la-ciudad-en-segunda-edicion-de-rodando-cancun\/#article\",\"isPartOf\":{\"@id\":\"https:\/\/panoramaciudadano.com\/index.php\/2025\/07\/17\/mas-de-100-ciclistas-disfrutan-en-las-calles-de-la-ciudad-en-segunda-edicion-de-rodando-cancun\/\"},\"author\":{\"name\":\"admin\",\"@id\":\"https:\/\/panoramaciudadano.com\/#\/schema\/person\/ffe9fe8ef47d3a93977b5761fd9e0d96\"},\"headline\":\"M\u00c1S DE 100 CICLISTAS DISFRUTAN EN LAS CALLES DE LA CIUDAD EN SEGUNDA EDICI\u00d3N DE RODANDO CANC\u00daN\",\"datePublished\":\"2025-07-17T15:11:58+00:00\",\"dateModified\":\"2025-07-17T15:12:00+00:00\",\"mainEntityOfPage\":{\"@id\":\"https:\/\/panoramaciudadano.com\/index.php\/2025\/07\/17\/mas-de-100-ciclistas-disfrutan-en-las-calles-de-la-ciudad-en-segunda-edicion-de-rodando-cancun\/\"},\"wordCount\":283,\"commentCount\":0,\"publisher\":{\"@id\":\"https:\/\/panoramaciudadano.com\/#organization\"},\"image\":{\"@id\":\"https:\/\/panoramaciudadano.com\/index.php\/2025\/07\/17\/mas-de-100-ciclistas-disfrutan-en-las-calles-de-la-ciudad-en-segunda-edicion-de-rodando-cancun\/#primaryimage\"},\"thumbnailUrl\":\"https:\/\/panoramaciudadano.com\/wp-content\/uploads\/2025\/07\/5-56.jpeg\",\"keywords\":[\"Ana Paty Peralta\"],\"articleSection\":[\"Canc\u00fan\"],\"inLanguage\":\"es\",\"potentialAction\":[{\"@type\":\"CommentAction\",\"name\":\"Comment\",\"target\":[\"https:\/\/panoramaciudadano.com\/index.php\/2025\/07\/17\/mas-de-100-ciclistas-disfrutan-en-las-calles-de-la-ciudad-en-segunda-edicion-de-rodando-cancun\/#respond\"]}]},{\"@type\":\"WebPage\",\"@id\":\"https:\/\/panoramaciudadano.com\/index.php\/2025\/07\/17\/mas-de-100-ciclistas-disfrutan-en-las-calles-de-la-ciudad-en-segunda-edicion-de-rodando-cancun\/\",\"url\":\"https:\/\/panoramaciudadano.com\/index.php\/2025\/07\/17\/mas-de-100-ciclistas-disfrutan-en-las-calles-de-la-ciudad-en-segunda-edicion-de-rodando-cancun\/\",\"name\":\"M\u00c1S DE 100 CICLISTAS DISFRUTAN EN LAS CALLES DE LA CIUDAD EN SEGUNDA EDICI\u00d3N DE RODANDO CANC\u00daN - Panorama Ciudadano\",\"isPartOf\":{\"@id\":\"https:\/\/panoramaciudadano.com\/#website\"},\"primaryImageOfPage\":{\"@id\":\"https:\/\/panoramaciudadano.com\/index.php\/2025\/07\/17\/mas-de-100-ciclistas-disfrutan-en-las-calles-de-la-ciudad-en-segunda-edicion-de-rodando-cancun\/#primaryimage\"},\"image\":{\"@id\":\"https:\/\/panoramaciudadano.com\/index.php\/2025\/07\/17\/mas-de-100-ciclistas-disfrutan-en-las-calles-de-la-ciudad-en-segunda-edicion-de-rodando-cancun\/#primaryimage\"},\"thumbnailUrl\":\"https:\/\/panoramaciudadano.com\/wp-content\/uploads\/2025\/07\/5-56.jpeg\",\"datePublished\":\"2025-07-17T15:11:58+00:00\",\"dateModified\":\"2025-07-17T15:12:00+00:00\",\"breadcrumb\":{\"@id\":\"https:\/\/panoramaciudadano.com\/index.php\/2025\/07\/17\/mas-de-100-ciclistas-disfrutan-en-las-calles-de-la-ciudad-en-segunda-edicion-de-rodando-cancun\/#breadcrumb\"},\"inLanguage\":\"es\",\"potentialAction\":[{\"@type\":\"ReadAction\",\"target\":[\"https:\/\/panoramaciudadano.com\/index.php\/2025\/07\/17\/mas-de-100-ciclistas-disfrutan-en-las-calles-de-la-ciudad-en-segunda-edicion-de-rodando-cancun\/\"]}]},{\"@type\":\"ImageObject\",\"inLanguage\":\"es\",\"@id\":\"https:\/\/panoramaciudadano.com\/index.php\/2025\/07\/17\/mas-de-100-ciclistas-disfrutan-en-las-calles-de-la-ciudad-en-segunda-edicion-de-rodando-cancun\/#primaryimage\",\"url\":\"https:\/\/panoramaciudadano.com\/wp-content\/uploads\/2025\/07\/5-56.jpeg\",\"contentUrl\":\"https:\/\/panoramaciudadano.com\/wp-content\/uploads\/2025\/07\/5-56.jpeg\",\"width\":1280,\"height\":853},{\"@type\":\"BreadcrumbList\",\"@id\":\"https:\/\/panoramaciudadano.com\/index.php\/2025\/07\/17\/mas-de-100-ciclistas-disfrutan-en-las-calles-de-la-ciudad-en-segunda-edicion-de-rodando-cancun\/#breadcrumb\",\"itemListElement\":[{\"@type\":\"ListItem\",\"position\":1,\"name\":\"Portada\",\"item\":\"https:\/\/panoramaciudadano.com\/\"},{\"@type\":\"ListItem\",\"position\":2,\"name\":\"M\u00c1S DE 100 CICLISTAS DISFRUTAN EN LAS CALLES DE LA CIUDAD EN SEGUNDA EDICI\u00d3N DE RODANDO CANC\u00daN\"}]},{\"@type\":\"WebSite\",\"@id\":\"https:\/\/panoramaciudadano.com\/#website\",\"url\":\"https:\/\/panoramaciudadano.com\/\",\"name\":\"Panorama Ciudadano\",\"description\":\"\",\"publisher\":{\"@id\":\"https:\/\/panoramaciudadano.com\/#organization\"},\"potentialAction\":[{\"@type\":\"SearchAction\",\"target\":{\"@type\":\"EntryPoint\",\"urlTemplate\":\"https:\/\/panoramaciudadano.com\/?s={search_term_string}\"},\"query-input\":{\"@type\":\"PropertyValueSpecification\",\"valueRequired\":true,\"valueName\":\"search_term_string\"}}],\"inLanguage\":\"es\"},{\"@type\":\"Organization\",\"@id\":\"https:\/\/panoramaciudadano.com\/#organization\",\"name\":\"Panorama Ciudadano\",\"url\":\"https:\/\/panoramaciudadano.com\/\",\"logo\":{\"@type\":\"ImageObject\",\"inLanguage\":\"es\",\"@id\":\"https:\/\/panoramaciudadano.com\/#\/schema\/logo\/image\/\",\"url\":\"https:\/\/panoramaciudadano.com\/wp-content\/uploads\/2024\/05\/401498640_919267042938564_6290593609399108733_n.jpg\",\"contentUrl\":\"https:\/\/panoramaciudadano.com\/wp-content\/uploads\/2024\/05\/401498640_919267042938564_6290593609399108733_n.jpg\",\"width\":960,\"height\":957,\"caption\":\"Panorama Ciudadano\"},\"image\":{\"@id\":\"https:\/\/panoramaciudadano.com\/#\/schema\/logo\/image\/\"},\"sameAs\":[\"https:\/\/www.facebook.com\/panoramaciudadano\"]},{\"@type\":\"Person\",\"@id\":\"https:\/\/panoramaciudadano.com\/#\/schema\/person\/ffe9fe8ef47d3a93977b5761fd9e0d96\",\"name\":\"admin\",\"image\":{\"@type\":\"ImageObject\",\"inLanguage\":\"es\",\"@id\":\"https:\/\/panoramaciudadano.com\/#\/schema\/person\/image\/\",\"url\":\"https:\/\/secure.gravatar.com\/avatar\/2d5a12cacce3f18096f25fadea8abb7202fef18ed669595589853e84260ff451?s=96&d=mm&r=g\",\"contentUrl\":\"https:\/\/secure.gravatar.com\/avatar\/2d5a12cacce3f18096f25fadea8abb7202fef18ed669595589853e84260ff451?s=96&d=mm&r=g\",\"caption\":\"admin\"},\"sameAs\":[\"https:\/\/panoramaciudadano.com\"],\"url\":\"https:\/\/panoramaciudadano.com\/index.php\/author\/admin_3q6hyqq3\/\"}]}<\/script>\n<!-- \/ Yoast SEO plugin. -->","yoast_head_json":{"title":"M\u00c1S DE 100 CICLISTAS DISFRUTAN EN LAS CALLES DE LA CIUDAD EN SEGUNDA EDICI\u00d3N DE RODANDO CANC\u00daN - Panorama Ciudadano","robots":{"index":"index","follow":"follow","max-snippet":"max-snippet:-1","max-image-preview":"max-image-preview:large","max-video-preview":"max-video-preview:-1"},"canonical":"https:\/\/panoramaciudadano.com\/index.php\/2025\/07\/17\/mas-de-100-ciclistas-disfrutan-en-las-calles-de-la-ciudad-en-segunda-edicion-de-rodando-cancun\/","og_locale":"es_ES","og_type":"article","og_title":"M\u00c1S DE 100 CICLISTAS DISFRUTAN EN LAS CALLES DE LA CIUDAD EN SEGUNDA EDICI\u00d3N DE RODANDO CANC\u00daN - Panorama Ciudadano","og_description":"Como parte de la visi\u00f3n de la Presidenta Municipal, Ana Paty Peralta, de construir una ciudad m\u00e1s accesible, ordenada y pensada en las personas, se llev\u00f3 a cabo con gran \u00e9xito la segunda edici\u00f3n de Rodando Canc\u00fan, una iniciativa que promueve el uso de la bicicleta como medio de transporte saludable, divertido y sostenible.","og_url":"https:\/\/panoramaciudadano.com\/index.php\/2025\/07\/17\/mas-de-100-ciclistas-disfrutan-en-las-calles-de-la-ciudad-en-segunda-edicion-de-rodando-cancun\/","og_site_name":"Panorama Ciudadano","article_publisher":"https:\/\/www.facebook.com\/panoramaciudadano","article_published_time":"2025-07-17T15:11:58+00:00","article_modified_time":"2025-07-17T15:12:00+00:00","og_image":[{"width":1280,"height":853,"url":"https:\/\/panoramaciudadano.com\/wp-content\/uploads\/2025\/07\/5-56.jpeg","type":"image\/jpeg"}],"author":"admin","twitter_card":"summary_large_image","twitter_misc":{"Escrito por":"admin","Tiempo de lectura":"3 minutos"},"schema":{"@context":"https:\/\/schema.org","@graph":[{"@type":"Article","@id":"https:\/\/panoramaciudadano.com\/index.php\/2025\/07\/17\/mas-de-100-ciclistas-disfrutan-en-las-calles-de-la-ciudad-en-segunda-edicion-de-rodando-cancun\/#article","isPartOf":{"@id":"https:\/\/panoramaciudadano.com\/index.php\/2025\/07\/17\/mas-de-100-ciclistas-disfrutan-en-las-calles-de-la-ciudad-en-segunda-edicion-de-rodando-cancun\/"},"author":{"name":"admin","@id":"https:\/\/panoramaciudadano.com\/#\/schema\/person\/ffe9fe8ef47d3a93977b5761fd9e0d96"},"headline":"M\u00c1S DE 100 CICLISTAS DISFRUTAN EN LAS CALLES DE LA CIUDAD EN SEGUNDA EDICI\u00d3N DE RODANDO CANC\u00daN","datePublished":"2025-07-17T15:11:58+00:00","dateModified":"2025-07-17T15:12:00+00:00","mainEntityOfPage":{"@id":"https:\/\/panoramaciudadano.com\/index.php\/2025\/07\/17\/mas-de-100-ciclistas-disfrutan-en-las-calles-de-la-ciudad-en-segunda-edicion-de-rodando-cancun\/"},"wordCount":283,"commentCount":0,"publisher":{"@id":"https:\/\/panoramaciudadano.com\/#organization"},"image":{"@id":"https:\/\/panoramaciudadano.com\/index.php\/2025\/07\/17\/mas-de-100-ciclistas-disfrutan-en-las-calles-de-la-ciudad-en-segunda-edicion-de-rodando-cancun\/#primaryimage"},"thumbnailUrl":"https:\/\/panoramaciudadano.com\/wp-content\/uploads\/2025\/07\/5-56.jpeg","keywords":["Ana Paty Peralta"],"articleSection":["Canc\u00fan"],"inLanguage":"es","potentialAction":[{"@type":"CommentAction","name":"Comment","target":["https:\/\/panoramaciudadano.com\/index.php\/2025\/07\/17\/mas-de-100-ciclistas-disfrutan-en-las-calles-de-la-ciudad-en-segunda-edicion-de-rodando-cancun\/#respond"]}]},{"@type":"WebPage","@id":"https:\/\/panoramaciudadano.com\/index.php\/2025\/07\/17\/mas-de-100-ciclistas-disfrutan-en-las-calles-de-la-ciudad-en-segunda-edicion-de-rodando-cancun\/","url":"https:\/\/panoramaciudadano.com\/index.php\/2025\/07\/17\/mas-de-100-ciclistas-disfrutan-en-las-calles-de-la-ciudad-en-segunda-edicion-de-rodando-cancun\/","name":"M\u00c1S DE 100 CICLISTAS DISFRUTAN EN LAS CALLES DE LA CIUDAD EN SEGUNDA EDICI\u00d3N DE RODANDO CANC\u00daN - Panorama Ciudadano","isPartOf":{"@id":"https:\/\/panoramaciudadano.com\/#website"},"primaryImageOfPage":{"@id":"https:\/\/panoramaciudadano.com\/index.php\/2025\/07\/17\/mas-de-100-ciclistas-disfrutan-en-las-calles-de-la-ciudad-en-segunda-edicion-de-rodando-cancun\/#primaryimage"},"image":{"@id":"https:\/\/panoramaciudadano.com\/index.php\/2025\/07\/17\/mas-de-100-ciclistas-disfrutan-en-las-calles-de-la-ciudad-en-segunda-edicion-de-rodando-cancun\/#primaryimage"},"thumbnailUrl":"https:\/\/panoramaciudadano.com\/wp-content\/uploads\/2025\/07\/5-56.jpeg","datePublished":"2025-07-17T15:11:58+00:00","dateModified":"2025-07-17T15:12:00+00:00","breadcrumb":{"@id":"https:\/\/panoramaciudadano.com\/index.php\/2025\/07\/17\/mas-de-100-ciclistas-disfrutan-en-las-calles-de-la-ciudad-en-segunda-edicion-de-rodando-cancun\/#breadcrumb"},"inLanguage":"es","potentialAction":[{"@type":"ReadAction","target":["https:\/\/panoramaciudadano.com\/index.php\/2025\/07\/17\/mas-de-100-ciclistas-disfrutan-en-las-calles-de-la-ciudad-en-segunda-edicion-de-rodando-cancun\/"]}]},{"@type":"ImageObject","inLanguage":"es","@id":"https:\/\/panoramaciudadano.com\/index.php\/2025\/07\/17\/mas-de-100-ciclistas-disfrutan-en-las-calles-de-la-ciudad-en-segunda-edicion-de-rodando-cancun\/#primaryimage","url":"https:\/\/panoramaciudadano.com\/wp-content\/uploads\/2025\/07\/5-56.jpeg","contentUrl":"https:\/\/panoramaciudadano.com\/wp-content\/uploads\/2025\/07\/5-56.jpeg","width":1280,"height":853},{"@type":"BreadcrumbList","@id":"https:\/\/panoramaciudadano.com\/index.php\/2025\/07\/17\/mas-de-100-ciclistas-disfrutan-en-las-calles-de-la-ciudad-en-segunda-edicion-de-rodando-cancun\/#breadcrumb","itemListElement":[{"@type":"ListItem","position":1,"name":"Portada","item":"https:\/\/panoramaciudadano.com\/"},{"@type":"ListItem","position":2,"name":"M\u00c1S DE 100 CICLISTAS DISFRUTAN EN LAS CALLES DE LA CIUDAD EN SEGUNDA EDICI\u00d3N DE RODANDO CANC\u00daN"}]},{"@type":"WebSite","@id":"https:\/\/panoramaciudadano.com\/#website","url":"https:\/\/panoramaciudadano.com\/","name":"Panorama Ciudadano","description":"","publisher":{"@id":"https:\/\/panoramaciudadano.com\/#organization"},"potentialAction":[{"@type":"SearchAction","target":{"@type":"EntryPoint","urlTemplate":"https:\/\/panoramaciudadano.com\/?s={search_term_string}"},"query-input":{"@type":"PropertyValueSpecification","valueRequired":true,"valueName":"search_term_string"}}],"inLanguage":"es"},{"@type":"Organization","@id":"https:\/\/panoramaciudadano.com\/#organization","name":"Panorama Ciudadano","url":"https:\/\/panoramaciudadano.com\/","logo":{"@type":"ImageObject","inLanguage":"es","@id":"https:\/\/panoramaciudadano.com\/#\/schema\/logo\/image\/","url":"https:\/\/panoramaciudadano.com\/wp-content\/uploads\/2024\/05\/401498640_919267042938564_6290593609399108733_n.jpg","contentUrl":"https:\/\/panoramaciudadano.com\/wp-content\/uploads\/2024\/05\/401498640_919267042938564_6290593609399108733_n.jpg","width":960,"height":957,"caption":"Panorama Ciudadano"},"image":{"@id":"https:\/\/panoramaciudadano.com\/#\/schema\/logo\/image\/"},"sameAs":["https:\/\/www.facebook.com\/panoramaciudadano"]},{"@type":"Person","@id":"https:\/\/panoramaciudadano.com\/#\/schema\/person\/ffe9fe8ef47d3a93977b5761fd9e0d96","name":"admin","image":{"@type":"ImageObject","inLanguage":"es","@id":"https:\/\/panoramaciudadano.com\/#\/schema\/person\/image\/","url":"https:\/\/secure.gravatar.com\/avatar\/2d5a12cacce3f18096f25fadea8abb7202fef18ed669595589853e84260ff451?s=96&d=mm&r=g","contentUrl":"https:\/\/secure.gravatar.com\/avatar\/2d5a12cacce3f18096f25fadea8abb7202fef18ed669595589853e84260ff451?s=96&d=mm&r=g","caption":"admin"},"sameAs":["https:\/\/panoramaciudadano.com"],"url":"https:\/\/panoramaciudadano.com\/index.php\/author\/admin_3q6hyqq3\/"}]}},"_links":{"self":[{"href":"https:\/\/panoramaciudadano.com\/index.php\/wp-json\/wp\/v2\/posts\/17855","targetHints":{"allow":["GET"]}}],"collection":[{"href":"https:\/\/panoramaciudadano.com\/index.php\/wp-json\/wp\/v2\/posts"}],"about":[{"href":"https:\/\/panoramaciudadano.com\/index.php\/wp-json\/wp\/v2\/types\/post"}],"author":[{"embeddable":true,"href":"https:\/\/panoramaciudadano.com\/index.php\/wp-json\/wp\/v2\/users\/1"}],"replies":[{"embeddable":true,"href":"https:\/\/panoramaciudadano.com\/index.php\/wp-json\/wp\/v2\/comments?post=17855"}],"version-history":[{"count":1,"href":"https:\/\/panoramaciudadano.com\/index.php\/wp-json\/wp\/v2\/posts\/17855\/revisions"}],"predecessor-version":[{"id":17862,"href":"https:\/\/panoramaciudadano.com\/index.php\/wp-json\/wp\/v2\/posts\/17855\/revisions\/17862"}],"wp:featuredmedia":[{"embeddable":true,"href":"https:\/\/panoramaciudadano.com\/index.php\/wp-json\/wp\/v2\/media\/17858"}],"wp:attachment":[{"href":"https:\/\/panoramaciudadano.com\/index.php\/wp-json\/wp\/v2\/media?parent=17855"}],"wp:term":[{"taxonomy":"category","embeddable":true,"href":"https:\/\/panoramaciudadano.com\/index.php\/wp-json\/wp\/v2\/categories?post=17855"},{"taxonomy":"post_tag","embeddable":true,"href":"https:\/\/panoramaciudadano.com\/index.php\/wp-json\/wp\/v2\/tags?post=17855"}],"curies":[{"name":"wp","href":"https:\/\/api.w.org\/{rel}","templated":true}]}}