{"id":17883,"date":"2025-07-17T10:32:02","date_gmt":"2025-07-17T15:32:02","guid":{"rendered":"https:\/\/panoramaciudadano.com\/?p=17883"},"modified":"2025-07-17T10:32:04","modified_gmt":"2025-07-17T15:32:04","slug":"ana-paty-peralta-toma-protesta-al-nuevo-secretario-municipal-de-seguridad-ciudadana-y-transito","status":"publish","type":"post","link":"https:\/\/panoramaciudadano.com\/index.php\/2025\/07\/17\/ana-paty-peralta-toma-protesta-al-nuevo-secretario-municipal-de-seguridad-ciudadana-y-transito\/","title":{"rendered":"ANA PATY PERALTA TOMA PROTESTA AL NUEVO SECRETARIO MUNICIPAL DE SEGURIDAD CIUDADANA Y TR\u00c1NSITO"},"content":{"rendered":"\n<figure class=\"wp-block-gallery has-nested-images columns-default is-cropped wp-block-gallery-1 is-layout-flex wp-block-gallery-is-layout-flex\">\n<figure class=\"wp-block-image size-large\"><img decoding=\"async\" width=\"1024\" height=\"699\" data-id=\"17884\" src=\"https:\/\/panoramaciudadano.com\/wp-content\/uploads\/2025\/07\/2-165-1024x699.jpeg\" alt=\"\" class=\"wp-image-17884\" srcset=\"https:\/\/panoramaciudadano.com\/wp-content\/uploads\/2025\/07\/2-165-1024x699.jpeg 1024w, https:\/\/panoramaciudadano.com\/wp-content\/uploads\/2025\/07\/2-165-300x205.jpeg 300w, https:\/\/panoramaciudadano.com\/wp-content\/uploads\/2025\/07\/2-165-768x524.jpeg 768w, https:\/\/panoramaciudadano.com\/wp-content\/uploads\/2025\/07\/2-165-1536x1049.jpeg 1536w, https:\/\/panoramaciudadano.com\/wp-content\/uploads\/2025\/07\/2-165-2048x1398.jpeg 2048w\" sizes=\"(max-width: 1024px) 100vw, 1024px\" \/><\/figure>\n\n\n\n<figure class=\"wp-block-image size-large\"><img decoding=\"async\" width=\"1024\" height=\"715\" data-id=\"17885\" src=\"https:\/\/panoramaciudadano.com\/wp-content\/uploads\/2025\/07\/3-148-1024x715.jpeg\" alt=\"\" class=\"wp-image-17885\" srcset=\"https:\/\/panoramaciudadano.com\/wp-content\/uploads\/2025\/07\/3-148-1024x715.jpeg 1024w, https:\/\/panoramaciudadano.com\/wp-content\/uploads\/2025\/07\/3-148-300x209.jpeg 300w, https:\/\/panoramaciudadano.com\/wp-content\/uploads\/2025\/07\/3-148-768x536.jpeg 768w, https:\/\/panoramaciudadano.com\/wp-content\/uploads\/2025\/07\/3-148-1536x1072.jpeg 1536w, https:\/\/panoramaciudadano.com\/wp-content\/uploads\/2025\/07\/3-148-2048x1430.jpeg 2048w\" sizes=\"(max-width: 1024px) 100vw, 1024px\" \/><\/figure>\n<\/figure>\n\n\n\n<p>\u201cLes reitero a las y los cancunenses, por la seguridad y la paz, no daremos ni un solo paso atr\u00e1s, seguiremos tomando decisiones firmes y responsables, fortaleciendo nuestra polic\u00eda, atendiendo las causas de las violencias y haciendo de Canc\u00fan un lugar m\u00e1s seguro para todas y todos\u201d, asegur\u00f3 la Presidenta Municipal, Ana Paty Peralta, durante la D\u00e9cimo Primera Sesi\u00f3n Extraordinaria de Cabildo, al tomar protesta al secretario municipal de Seguridad Ciudadana y Tr\u00e1nsito, Jaime Padilla Barrientos, en sustituci\u00f3n del capit\u00e1n de nav\u00edo, Carlos Ernesto D\u00b4amiano Sumuano.<\/p>\n\n\n\n<p>En el marco de la sesi\u00f3n realizada en el recinto oficial \u201c20 de abril\u201d, la Primera Autoridad Municipal dijo a las y los cancunenses que por la seguridad y la paz, se seguir\u00e1n tomando decisiones firmes y responsables, fortaleciendo la polic\u00eda, combatiendo la corrupci\u00f3n y haciendo de Canc\u00fan un lugar seguro.<\/p>\n\n\n\n<p>\u201cLa seguridad y la construcci\u00f3n de la paz en nuestra ciudad son de la m\u00e1s alta prioridad en este gobierno municipal, atendiendo a ese compromiso con Canc\u00fan y con los ciudadanos cancunenses, hoy llevamos a cabo un relevo estrat\u00e9gico en la Secretar\u00eda Municipal de Seguridad Ciudadana y Tr\u00e1nsito\u201d, asegur\u00f3 la Alcaldesa.<\/p>\n\n\n\n<p>Destac\u00f3 que a partir de este d\u00eda, la secretar\u00eda queda a cargo de Jaime Padilla Barrientos, mando con m\u00e1s de 32 a\u00f1os de experiencia operativa y estrat\u00e9gica, en \u00e1reas clave de seguridad e inteligencia en Puebla, en Chiapas, en el Instituto Nacional de Migraci\u00f3n (INM), y en la Defensa Nacional, como Polic\u00eda Militar, enfatizando que en los dos \u00faltimos a\u00f1os, se desempe\u00f1\u00f3 como Polic\u00eda de Investigaci\u00f3n en la Fiscal\u00eda General del Estado de Quintana Roo.<\/p>\n\n\n\n<p>Este relevo, se\u00f1al\u00f3, forma parte de una estrategia articulada entre los tres \u00f3rdenes de gobierno que reconoce que la seguridad no es una responsabilidad exclusiva de una autoridad, sino una tarea compartida que exige coordinaci\u00f3n, inteligencia, voluntad y compromiso de todas las instituciones. \u201cEn Quintana Roo estamos alineados al nuevo modelo de Seguridad Ciudadana impulsados por nuestra gobernadora Mara Lezama y a la estrategia nacional de seguridad de nuestra Presidenta, la doctora Claudia Sheinbaum Pardo\u201d.<\/p>\n\n\n\n<p>Finalmente, tras concluir la sesi\u00f3n de Cabildo, de manera inmediata la Presidenta Municipal sostuvo una reuni\u00f3n con el Secretario y los 14 directores y directoras que conforman la Secretar\u00eda Municipal de Seguridad Ciudadana y Tr\u00e1nsito (SMSCyT), con la finalidad de coordinar los esfuerzos y trabajar bajo una misma ruta en pro de la seguridad y la construcci\u00f3n de la paz.<\/p>\n\n\n\n<hr class=\"wp-block-separator has-alpha-channel-opacity\"\/>\n","protected":false},"excerpt":{"rendered":"<p>\u201cLes reitero a las y los cancunenses, por la seguridad y la paz, no daremos ni un solo paso atr\u00e1s, seguiremos tomando decisiones firmes y responsables, fortaleciendo nuestra polic\u00eda, atendiendo las causas de las violencias y haciendo de Canc\u00fan un lugar m\u00e1s seguro para todas y todos\u201d, asegur\u00f3 la Presidenta Municipal, Ana Paty Peralta, durante la D\u00e9cimo Primera Sesi\u00f3n Extraordinaria de Cabildo, al tomar protesta al secretario municipal de Seguridad Ciudadana y Tr\u00e1nsito, Jaime Padilla Barrientos, en sustituci\u00f3n del capit\u00e1n de nav\u00edo, Carlos Ernesto D\u00b4amiano Sumuano.<\/p>\n","protected":false},"author":1,"featured_media":17886,"comment_status":"open","ping_status":"closed","sticky":false,"template":"","format":"standard","meta":{"footnotes":""},"categories":[6],"tags":[145],"class_list":["post-17883","post","type-post","status-publish","format-standard","has-post-thumbnail","hentry","category-cancun","tag-ana-paty-peralta"],"yoast_head":"<!-- This site is optimized with the Yoast SEO plugin v27.1.1 - https:\/\/yoast.com\/product\/yoast-seo-wordpress\/ -->\n<title>ANA PATY PERALTA TOMA PROTESTA AL NUEVO SECRETARIO MUNICIPAL DE SEGURIDAD CIUDADANA Y TR\u00c1NSITO - Panorama Ciudadano<\/title>\n<meta name=\"robots\" content=\"index, follow, max-snippet:-1, max-image-preview:large, max-video-preview:-1\" \/>\n<link rel=\"canonical\" href=\"https:\/\/panoramaciudadano.com\/index.php\/2025\/07\/17\/ana-paty-peralta-toma-protesta-al-nuevo-secretario-municipal-de-seguridad-ciudadana-y-transito\/\" \/>\n<meta property=\"og:locale\" content=\"es_ES\" \/>\n<meta property=\"og:type\" content=\"article\" \/>\n<meta property=\"og:title\" content=\"ANA PATY PERALTA TOMA PROTESTA AL NUEVO SECRETARIO MUNICIPAL DE SEGURIDAD CIUDADANA Y TR\u00c1NSITO - Panorama Ciudadano\" \/>\n<meta property=\"og:description\" content=\"\u201cLes reitero a las y los cancunenses, por la seguridad y la paz, no daremos ni un solo paso atr\u00e1s, seguiremos tomando decisiones firmes y responsables, fortaleciendo nuestra polic\u00eda, atendiendo las causas de las violencias y haciendo de Canc\u00fan un lugar m\u00e1s seguro para todas y todos\u201d, asegur\u00f3 la Presidenta Municipal, Ana Paty Peralta, durante la D\u00e9cimo Primera Sesi\u00f3n Extraordinaria de Cabildo, al tomar protesta al secretario municipal de Seguridad Ciudadana y Tr\u00e1nsito, Jaime Padilla Barrientos, en sustituci\u00f3n del capit\u00e1n de nav\u00edo, Carlos Ernesto D\u00b4amiano Sumuano.\" \/>\n<meta property=\"og:url\" content=\"https:\/\/panoramaciudadano.com\/index.php\/2025\/07\/17\/ana-paty-peralta-toma-protesta-al-nuevo-secretario-municipal-de-seguridad-ciudadana-y-transito\/\" \/>\n<meta property=\"og:site_name\" content=\"Panorama Ciudadano\" \/>\n<meta property=\"article:publisher\" content=\"https:\/\/www.facebook.com\/panoramaciudadano\" \/>\n<meta property=\"article:published_time\" content=\"2025-07-17T15:32:02+00:00\" \/>\n<meta property=\"article:modified_time\" content=\"2025-07-17T15:32:04+00:00\" \/>\n<meta property=\"og:image\" content=\"https:\/\/panoramaciudadano.com\/wp-content\/uploads\/2025\/07\/WhatsApp-Image-2025-07-16-at-17.58.43-scaled.jpeg\" \/>\n\t<meta property=\"og:image:width\" content=\"2560\" \/>\n\t<meta property=\"og:image:height\" content=\"1707\" \/>\n\t<meta property=\"og:image:type\" content=\"image\/jpeg\" \/>\n<meta name=\"author\" content=\"admin\" \/>\n<meta name=\"twitter:card\" content=\"summary_large_image\" \/>\n<meta name=\"twitter:label1\" content=\"Escrito por\" \/>\n\t<meta name=\"twitter:data1\" content=\"admin\" \/>\n\t<meta name=\"twitter:label2\" content=\"Tiempo de lectura\" \/>\n\t<meta name=\"twitter:data2\" content=\"3 minutos\" \/>\n<script type=\"application\/ld+json\" class=\"yoast-schema-graph\">{\"@context\":\"https:\/\/schema.org\",\"@graph\":[{\"@type\":\"Article\",\"@id\":\"https:\/\/panoramaciudadano.com\/index.php\/2025\/07\/17\/ana-paty-peralta-toma-protesta-al-nuevo-secretario-municipal-de-seguridad-ciudadana-y-transito\/#article\",\"isPartOf\":{\"@id\":\"https:\/\/panoramaciudadano.com\/index.php\/2025\/07\/17\/ana-paty-peralta-toma-protesta-al-nuevo-secretario-municipal-de-seguridad-ciudadana-y-transito\/\"},\"author\":{\"name\":\"admin\",\"@id\":\"https:\/\/panoramaciudadano.com\/#\/schema\/person\/ffe9fe8ef47d3a93977b5761fd9e0d96\"},\"headline\":\"ANA PATY PERALTA TOMA PROTESTA AL NUEVO SECRETARIO MUNICIPAL DE SEGURIDAD CIUDADANA Y TR\u00c1NSITO\",\"datePublished\":\"2025-07-17T15:32:02+00:00\",\"dateModified\":\"2025-07-17T15:32:04+00:00\",\"mainEntityOfPage\":{\"@id\":\"https:\/\/panoramaciudadano.com\/index.php\/2025\/07\/17\/ana-paty-peralta-toma-protesta-al-nuevo-secretario-municipal-de-seguridad-ciudadana-y-transito\/\"},\"wordCount\":450,\"commentCount\":0,\"publisher\":{\"@id\":\"https:\/\/panoramaciudadano.com\/#organization\"},\"image\":{\"@id\":\"https:\/\/panoramaciudadano.com\/index.php\/2025\/07\/17\/ana-paty-peralta-toma-protesta-al-nuevo-secretario-municipal-de-seguridad-ciudadana-y-transito\/#primaryimage\"},\"thumbnailUrl\":\"https:\/\/panoramaciudadano.com\/wp-content\/uploads\/2025\/07\/WhatsApp-Image-2025-07-16-at-17.58.43-scaled.jpeg\",\"keywords\":[\"Ana Paty Peralta\"],\"articleSection\":[\"Canc\u00fan\"],\"inLanguage\":\"es\",\"potentialAction\":[{\"@type\":\"CommentAction\",\"name\":\"Comment\",\"target\":[\"https:\/\/panoramaciudadano.com\/index.php\/2025\/07\/17\/ana-paty-peralta-toma-protesta-al-nuevo-secretario-municipal-de-seguridad-ciudadana-y-transito\/#respond\"]}]},{\"@type\":\"WebPage\",\"@id\":\"https:\/\/panoramaciudadano.com\/index.php\/2025\/07\/17\/ana-paty-peralta-toma-protesta-al-nuevo-secretario-municipal-de-seguridad-ciudadana-y-transito\/\",\"url\":\"https:\/\/panoramaciudadano.com\/index.php\/2025\/07\/17\/ana-paty-peralta-toma-protesta-al-nuevo-secretario-municipal-de-seguridad-ciudadana-y-transito\/\",\"name\":\"ANA PATY PERALTA TOMA PROTESTA AL NUEVO SECRETARIO MUNICIPAL DE SEGURIDAD CIUDADANA Y TR\u00c1NSITO - Panorama Ciudadano\",\"isPartOf\":{\"@id\":\"https:\/\/panoramaciudadano.com\/#website\"},\"primaryImageOfPage\":{\"@id\":\"https:\/\/panoramaciudadano.com\/index.php\/2025\/07\/17\/ana-paty-peralta-toma-protesta-al-nuevo-secretario-municipal-de-seguridad-ciudadana-y-transito\/#primaryimage\"},\"image\":{\"@id\":\"https:\/\/panoramaciudadano.com\/index.php\/2025\/07\/17\/ana-paty-peralta-toma-protesta-al-nuevo-secretario-municipal-de-seguridad-ciudadana-y-transito\/#primaryimage\"},\"thumbnailUrl\":\"https:\/\/panoramaciudadano.com\/wp-content\/uploads\/2025\/07\/WhatsApp-Image-2025-07-16-at-17.58.43-scaled.jpeg\",\"datePublished\":\"2025-07-17T15:32:02+00:00\",\"dateModified\":\"2025-07-17T15:32:04+00:00\",\"breadcrumb\":{\"@id\":\"https:\/\/panoramaciudadano.com\/index.php\/2025\/07\/17\/ana-paty-peralta-toma-protesta-al-nuevo-secretario-municipal-de-seguridad-ciudadana-y-transito\/#breadcrumb\"},\"inLanguage\":\"es\",\"potentialAction\":[{\"@type\":\"ReadAction\",\"target\":[\"https:\/\/panoramaciudadano.com\/index.php\/2025\/07\/17\/ana-paty-peralta-toma-protesta-al-nuevo-secretario-municipal-de-seguridad-ciudadana-y-transito\/\"]}]},{\"@type\":\"ImageObject\",\"inLanguage\":\"es\",\"@id\":\"https:\/\/panoramaciudadano.com\/index.php\/2025\/07\/17\/ana-paty-peralta-toma-protesta-al-nuevo-secretario-municipal-de-seguridad-ciudadana-y-transito\/#primaryimage\",\"url\":\"https:\/\/panoramaciudadano.com\/wp-content\/uploads\/2025\/07\/WhatsApp-Image-2025-07-16-at-17.58.43-scaled.jpeg\",\"contentUrl\":\"https:\/\/panoramaciudadano.com\/wp-content\/uploads\/2025\/07\/WhatsApp-Image-2025-07-16-at-17.58.43-scaled.jpeg\",\"width\":2560,\"height\":1707},{\"@type\":\"BreadcrumbList\",\"@id\":\"https:\/\/panoramaciudadano.com\/index.php\/2025\/07\/17\/ana-paty-peralta-toma-protesta-al-nuevo-secretario-municipal-de-seguridad-ciudadana-y-transito\/#breadcrumb\",\"itemListElement\":[{\"@type\":\"ListItem\",\"position\":1,\"name\":\"Portada\",\"item\":\"https:\/\/panoramaciudadano.com\/\"},{\"@type\":\"ListItem\",\"position\":2,\"name\":\"ANA PATY PERALTA TOMA PROTESTA AL NUEVO SECRETARIO MUNICIPAL DE SEGURIDAD CIUDADANA Y TR\u00c1NSITO\"}]},{\"@type\":\"WebSite\",\"@id\":\"https:\/\/panoramaciudadano.com\/#website\",\"url\":\"https:\/\/panoramaciudadano.com\/\",\"name\":\"Panorama Ciudadano\",\"description\":\"\",\"publisher\":{\"@id\":\"https:\/\/panoramaciudadano.com\/#organization\"},\"potentialAction\":[{\"@type\":\"SearchAction\",\"target\":{\"@type\":\"EntryPoint\",\"urlTemplate\":\"https:\/\/panoramaciudadano.com\/?s={search_term_string}\"},\"query-input\":{\"@type\":\"PropertyValueSpecification\",\"valueRequired\":true,\"valueName\":\"search_term_string\"}}],\"inLanguage\":\"es\"},{\"@type\":\"Organization\",\"@id\":\"https:\/\/panoramaciudadano.com\/#organization\",\"name\":\"Panorama Ciudadano\",\"url\":\"https:\/\/panoramaciudadano.com\/\",\"logo\":{\"@type\":\"ImageObject\",\"inLanguage\":\"es\",\"@id\":\"https:\/\/panoramaciudadano.com\/#\/schema\/logo\/image\/\",\"url\":\"https:\/\/panoramaciudadano.com\/wp-content\/uploads\/2024\/05\/401498640_919267042938564_6290593609399108733_n.jpg\",\"contentUrl\":\"https:\/\/panoramaciudadano.com\/wp-content\/uploads\/2024\/05\/401498640_919267042938564_6290593609399108733_n.jpg\",\"width\":960,\"height\":957,\"caption\":\"Panorama Ciudadano\"},\"image\":{\"@id\":\"https:\/\/panoramaciudadano.com\/#\/schema\/logo\/image\/\"},\"sameAs\":[\"https:\/\/www.facebook.com\/panoramaciudadano\"]},{\"@type\":\"Person\",\"@id\":\"https:\/\/panoramaciudadano.com\/#\/schema\/person\/ffe9fe8ef47d3a93977b5761fd9e0d96\",\"name\":\"admin\",\"image\":{\"@type\":\"ImageObject\",\"inLanguage\":\"es\",\"@id\":\"https:\/\/panoramaciudadano.com\/#\/schema\/person\/image\/\",\"url\":\"https:\/\/secure.gravatar.com\/avatar\/2d5a12cacce3f18096f25fadea8abb7202fef18ed669595589853e84260ff451?s=96&d=mm&r=g\",\"contentUrl\":\"https:\/\/secure.gravatar.com\/avatar\/2d5a12cacce3f18096f25fadea8abb7202fef18ed669595589853e84260ff451?s=96&d=mm&r=g\",\"caption\":\"admin\"},\"sameAs\":[\"https:\/\/panoramaciudadano.com\"],\"url\":\"https:\/\/panoramaciudadano.com\/index.php\/author\/admin_3q6hyqq3\/\"}]}<\/script>\n<!-- \/ Yoast SEO plugin. -->","yoast_head_json":{"title":"ANA PATY PERALTA TOMA PROTESTA AL NUEVO SECRETARIO MUNICIPAL DE SEGURIDAD CIUDADANA Y TR\u00c1NSITO - Panorama Ciudadano","robots":{"index":"index","follow":"follow","max-snippet":"max-snippet:-1","max-image-preview":"max-image-preview:large","max-video-preview":"max-video-preview:-1"},"canonical":"https:\/\/panoramaciudadano.com\/index.php\/2025\/07\/17\/ana-paty-peralta-toma-protesta-al-nuevo-secretario-municipal-de-seguridad-ciudadana-y-transito\/","og_locale":"es_ES","og_type":"article","og_title":"ANA PATY PERALTA TOMA PROTESTA AL NUEVO SECRETARIO MUNICIPAL DE SEGURIDAD CIUDADANA Y TR\u00c1NSITO - Panorama Ciudadano","og_description":"\u201cLes reitero a las y los cancunenses, por la seguridad y la paz, no daremos ni un solo paso atr\u00e1s, seguiremos tomando decisiones firmes y responsables, fortaleciendo nuestra polic\u00eda, atendiendo las causas de las violencias y haciendo de Canc\u00fan un lugar m\u00e1s seguro para todas y todos\u201d, asegur\u00f3 la Presidenta Municipal, Ana Paty Peralta, durante la D\u00e9cimo Primera Sesi\u00f3n Extraordinaria de Cabildo, al tomar protesta al secretario municipal de Seguridad Ciudadana y Tr\u00e1nsito, Jaime Padilla Barrientos, en sustituci\u00f3n del capit\u00e1n de nav\u00edo, Carlos Ernesto D\u00b4amiano Sumuano.","og_url":"https:\/\/panoramaciudadano.com\/index.php\/2025\/07\/17\/ana-paty-peralta-toma-protesta-al-nuevo-secretario-municipal-de-seguridad-ciudadana-y-transito\/","og_site_name":"Panorama Ciudadano","article_publisher":"https:\/\/www.facebook.com\/panoramaciudadano","article_published_time":"2025-07-17T15:32:02+00:00","article_modified_time":"2025-07-17T15:32:04+00:00","og_image":[{"width":2560,"height":1707,"url":"https:\/\/panoramaciudadano.com\/wp-content\/uploads\/2025\/07\/WhatsApp-Image-2025-07-16-at-17.58.43-scaled.jpeg","type":"image\/jpeg"}],"author":"admin","twitter_card":"summary_large_image","twitter_misc":{"Escrito por":"admin","Tiempo de lectura":"3 minutos"},"schema":{"@context":"https:\/\/schema.org","@graph":[{"@type":"Article","@id":"https:\/\/panoramaciudadano.com\/index.php\/2025\/07\/17\/ana-paty-peralta-toma-protesta-al-nuevo-secretario-municipal-de-seguridad-ciudadana-y-transito\/#article","isPartOf":{"@id":"https:\/\/panoramaciudadano.com\/index.php\/2025\/07\/17\/ana-paty-peralta-toma-protesta-al-nuevo-secretario-municipal-de-seguridad-ciudadana-y-transito\/"},"author":{"name":"admin","@id":"https:\/\/panoramaciudadano.com\/#\/schema\/person\/ffe9fe8ef47d3a93977b5761fd9e0d96"},"headline":"ANA PATY PERALTA TOMA PROTESTA AL NUEVO SECRETARIO MUNICIPAL DE SEGURIDAD CIUDADANA Y TR\u00c1NSITO","datePublished":"2025-07-17T15:32:02+00:00","dateModified":"2025-07-17T15:32:04+00:00","mainEntityOfPage":{"@id":"https:\/\/panoramaciudadano.com\/index.php\/2025\/07\/17\/ana-paty-peralta-toma-protesta-al-nuevo-secretario-municipal-de-seguridad-ciudadana-y-transito\/"},"wordCount":450,"commentCount":0,"publisher":{"@id":"https:\/\/panoramaciudadano.com\/#organization"},"image":{"@id":"https:\/\/panoramaciudadano.com\/index.php\/2025\/07\/17\/ana-paty-peralta-toma-protesta-al-nuevo-secretario-municipal-de-seguridad-ciudadana-y-transito\/#primaryimage"},"thumbnailUrl":"https:\/\/panoramaciudadano.com\/wp-content\/uploads\/2025\/07\/WhatsApp-Image-2025-07-16-at-17.58.43-scaled.jpeg","keywords":["Ana Paty Peralta"],"articleSection":["Canc\u00fan"],"inLanguage":"es","potentialAction":[{"@type":"CommentAction","name":"Comment","target":["https:\/\/panoramaciudadano.com\/index.php\/2025\/07\/17\/ana-paty-peralta-toma-protesta-al-nuevo-secretario-municipal-de-seguridad-ciudadana-y-transito\/#respond"]}]},{"@type":"WebPage","@id":"https:\/\/panoramaciudadano.com\/index.php\/2025\/07\/17\/ana-paty-peralta-toma-protesta-al-nuevo-secretario-municipal-de-seguridad-ciudadana-y-transito\/","url":"https:\/\/panoramaciudadano.com\/index.php\/2025\/07\/17\/ana-paty-peralta-toma-protesta-al-nuevo-secretario-municipal-de-seguridad-ciudadana-y-transito\/","name":"ANA PATY PERALTA TOMA PROTESTA AL NUEVO SECRETARIO MUNICIPAL DE SEGURIDAD CIUDADANA Y TR\u00c1NSITO - Panorama Ciudadano","isPartOf":{"@id":"https:\/\/panoramaciudadano.com\/#website"},"primaryImageOfPage":{"@id":"https:\/\/panoramaciudadano.com\/index.php\/2025\/07\/17\/ana-paty-peralta-toma-protesta-al-nuevo-secretario-municipal-de-seguridad-ciudadana-y-transito\/#primaryimage"},"image":{"@id":"https:\/\/panoramaciudadano.com\/index.php\/2025\/07\/17\/ana-paty-peralta-toma-protesta-al-nuevo-secretario-municipal-de-seguridad-ciudadana-y-transito\/#primaryimage"},"thumbnailUrl":"https:\/\/panoramaciudadano.com\/wp-content\/uploads\/2025\/07\/WhatsApp-Image-2025-07-16-at-17.58.43-scaled.jpeg","datePublished":"2025-07-17T15:32:02+00:00","dateModified":"2025-07-17T15:32:04+00:00","breadcrumb":{"@id":"https:\/\/panoramaciudadano.com\/index.php\/2025\/07\/17\/ana-paty-peralta-toma-protesta-al-nuevo-secretario-municipal-de-seguridad-ciudadana-y-transito\/#breadcrumb"},"inLanguage":"es","potentialAction":[{"@type":"ReadAction","target":["https:\/\/panoramaciudadano.com\/index.php\/2025\/07\/17\/ana-paty-peralta-toma-protesta-al-nuevo-secretario-municipal-de-seguridad-ciudadana-y-transito\/"]}]},{"@type":"ImageObject","inLanguage":"es","@id":"https:\/\/panoramaciudadano.com\/index.php\/2025\/07\/17\/ana-paty-peralta-toma-protesta-al-nuevo-secretario-municipal-de-seguridad-ciudadana-y-transito\/#primaryimage","url":"https:\/\/panoramaciudadano.com\/wp-content\/uploads\/2025\/07\/WhatsApp-Image-2025-07-16-at-17.58.43-scaled.jpeg","contentUrl":"https:\/\/panoramaciudadano.com\/wp-content\/uploads\/2025\/07\/WhatsApp-Image-2025-07-16-at-17.58.43-scaled.jpeg","width":2560,"height":1707},{"@type":"BreadcrumbList","@id":"https:\/\/panoramaciudadano.com\/index.php\/2025\/07\/17\/ana-paty-peralta-toma-protesta-al-nuevo-secretario-municipal-de-seguridad-ciudadana-y-transito\/#breadcrumb","itemListElement":[{"@type":"ListItem","position":1,"name":"Portada","item":"https:\/\/panoramaciudadano.com\/"},{"@type":"ListItem","position":2,"name":"ANA PATY PERALTA TOMA PROTESTA AL NUEVO SECRETARIO MUNICIPAL DE SEGURIDAD CIUDADANA Y TR\u00c1NSITO"}]},{"@type":"WebSite","@id":"https:\/\/panoramaciudadano.com\/#website","url":"https:\/\/panoramaciudadano.com\/","name":"Panorama Ciudadano","description":"","publisher":{"@id":"https:\/\/panoramaciudadano.com\/#organization"},"potentialAction":[{"@type":"SearchAction","target":{"@type":"EntryPoint","urlTemplate":"https:\/\/panoramaciudadano.com\/?s={search_term_string}"},"query-input":{"@type":"PropertyValueSpecification","valueRequired":true,"valueName":"search_term_string"}}],"inLanguage":"es"},{"@type":"Organization","@id":"https:\/\/panoramaciudadano.com\/#organization","name":"Panorama Ciudadano","url":"https:\/\/panoramaciudadano.com\/","logo":{"@type":"ImageObject","inLanguage":"es","@id":"https:\/\/panoramaciudadano.com\/#\/schema\/logo\/image\/","url":"https:\/\/panoramaciudadano.com\/wp-content\/uploads\/2024\/05\/401498640_919267042938564_6290593609399108733_n.jpg","contentUrl":"https:\/\/panoramaciudadano.com\/wp-content\/uploads\/2024\/05\/401498640_919267042938564_6290593609399108733_n.jpg","width":960,"height":957,"caption":"Panorama Ciudadano"},"image":{"@id":"https:\/\/panoramaciudadano.com\/#\/schema\/logo\/image\/"},"sameAs":["https:\/\/www.facebook.com\/panoramaciudadano"]},{"@type":"Person","@id":"https:\/\/panoramaciudadano.com\/#\/schema\/person\/ffe9fe8ef47d3a93977b5761fd9e0d96","name":"admin","image":{"@type":"ImageObject","inLanguage":"es","@id":"https:\/\/panoramaciudadano.com\/#\/schema\/person\/image\/","url":"https:\/\/secure.gravatar.com\/avatar\/2d5a12cacce3f18096f25fadea8abb7202fef18ed669595589853e84260ff451?s=96&d=mm&r=g","contentUrl":"https:\/\/secure.gravatar.com\/avatar\/2d5a12cacce3f18096f25fadea8abb7202fef18ed669595589853e84260ff451?s=96&d=mm&r=g","caption":"admin"},"sameAs":["https:\/\/panoramaciudadano.com"],"url":"https:\/\/panoramaciudadano.com\/index.php\/author\/admin_3q6hyqq3\/"}]}},"_links":{"self":[{"href":"https:\/\/panoramaciudadano.com\/index.php\/wp-json\/wp\/v2\/posts\/17883","targetHints":{"allow":["GET"]}}],"collection":[{"href":"https:\/\/panoramaciudadano.com\/index.php\/wp-json\/wp\/v2\/posts"}],"about":[{"href":"https:\/\/panoramaciudadano.com\/index.php\/wp-json\/wp\/v2\/types\/post"}],"author":[{"embeddable":true,"href":"https:\/\/panoramaciudadano.com\/index.php\/wp-json\/wp\/v2\/users\/1"}],"replies":[{"embeddable":true,"href":"https:\/\/panoramaciudadano.com\/index.php\/wp-json\/wp\/v2\/comments?post=17883"}],"version-history":[{"count":1,"href":"https:\/\/panoramaciudadano.com\/index.php\/wp-json\/wp\/v2\/posts\/17883\/revisions"}],"predecessor-version":[{"id":17887,"href":"https:\/\/panoramaciudadano.com\/index.php\/wp-json\/wp\/v2\/posts\/17883\/revisions\/17887"}],"wp:featuredmedia":[{"embeddable":true,"href":"https:\/\/panoramaciudadano.com\/index.php\/wp-json\/wp\/v2\/media\/17886"}],"wp:attachment":[{"href":"https:\/\/panoramaciudadano.com\/index.php\/wp-json\/wp\/v2\/media?parent=17883"}],"wp:term":[{"taxonomy":"category","embeddable":true,"href":"https:\/\/panoramaciudadano.com\/index.php\/wp-json\/wp\/v2\/categories?post=17883"},{"taxonomy":"post_tag","embeddable":true,"href":"https:\/\/panoramaciudadano.com\/index.php\/wp-json\/wp\/v2\/tags?post=17883"}],"curies":[{"name":"wp","href":"https:\/\/api.w.org\/{rel}","templated":true}]}}