{"id":17888,"date":"2025-07-17T10:51:25","date_gmt":"2025-07-17T15:51:25","guid":{"rendered":"https:\/\/panoramaciudadano.com\/?p=17888"},"modified":"2025-07-17T10:51:26","modified_gmt":"2025-07-17T15:51:26","slug":"grave-accidente-en-la-sm-68-pareja-de-motociclistas-resulta-herida-tras-corte-de-circulacion","status":"publish","type":"post","link":"https:\/\/panoramaciudadano.com\/index.php\/2025\/07\/17\/grave-accidente-en-la-sm-68-pareja-de-motociclistas-resulta-herida-tras-corte-de-circulacion\/","title":{"rendered":"Grave accidente en la SM 68: pareja de motociclistas resulta herida tras corte de circulaci\u00f3n"},"content":{"rendered":"\n<figure class=\"wp-block-gallery has-nested-images columns-default is-cropped wp-block-gallery-1 is-layout-flex wp-block-gallery-is-layout-flex\">\n<figure class=\"wp-block-image size-large\"><img decoding=\"async\" width=\"1024\" height=\"768\" data-id=\"17891\" src=\"https:\/\/panoramaciudadano.com\/wp-content\/uploads\/2025\/07\/2-166-1024x768.jpeg\" alt=\"\" class=\"wp-image-17891\" srcset=\"https:\/\/panoramaciudadano.com\/wp-content\/uploads\/2025\/07\/2-166-1024x768.jpeg 1024w, https:\/\/panoramaciudadano.com\/wp-content\/uploads\/2025\/07\/2-166-300x225.jpeg 300w, https:\/\/panoramaciudadano.com\/wp-content\/uploads\/2025\/07\/2-166-768x576.jpeg 768w, https:\/\/panoramaciudadano.com\/wp-content\/uploads\/2025\/07\/2-166.jpeg 1280w\" sizes=\"(max-width: 1024px) 100vw, 1024px\" \/><\/figure>\n\n\n\n<figure class=\"wp-block-image size-large\"><img decoding=\"async\" width=\"575\" height=\"1024\" data-id=\"17892\" src=\"https:\/\/panoramaciudadano.com\/wp-content\/uploads\/2025\/07\/3-149-575x1024.jpeg\" alt=\"\" class=\"wp-image-17892\" srcset=\"https:\/\/panoramaciudadano.com\/wp-content\/uploads\/2025\/07\/3-149-575x1024.jpeg 575w, https:\/\/panoramaciudadano.com\/wp-content\/uploads\/2025\/07\/3-149-169x300.jpeg 169w, https:\/\/panoramaciudadano.com\/wp-content\/uploads\/2025\/07\/3-149.jpeg 719w\" sizes=\"(max-width: 575px) 100vw, 575px\" \/><\/figure>\n\n\n\n<figure class=\"wp-block-image size-large\"><img decoding=\"async\" width=\"575\" height=\"1024\" data-id=\"17890\" src=\"https:\/\/panoramaciudadano.com\/wp-content\/uploads\/2025\/07\/4-111-575x1024.jpeg\" alt=\"\" class=\"wp-image-17890\" srcset=\"https:\/\/panoramaciudadano.com\/wp-content\/uploads\/2025\/07\/4-111-575x1024.jpeg 575w, https:\/\/panoramaciudadano.com\/wp-content\/uploads\/2025\/07\/4-111-169x300.jpeg 169w, https:\/\/panoramaciudadano.com\/wp-content\/uploads\/2025\/07\/4-111.jpeg 719w\" sizes=\"(max-width: 575px) 100vw, 575px\" \/><\/figure>\n\n\n\n<figure class=\"wp-block-image size-large\"><img decoding=\"async\" width=\"1024\" height=\"768\" data-id=\"17889\" src=\"https:\/\/panoramaciudadano.com\/wp-content\/uploads\/2025\/07\/WhatsApp-Image-2025-07-16-at-19.57.58-1024x768.jpeg\" alt=\"\" class=\"wp-image-17889\" srcset=\"https:\/\/panoramaciudadano.com\/wp-content\/uploads\/2025\/07\/WhatsApp-Image-2025-07-16-at-19.57.58-1024x768.jpeg 1024w, https:\/\/panoramaciudadano.com\/wp-content\/uploads\/2025\/07\/WhatsApp-Image-2025-07-16-at-19.57.58-300x225.jpeg 300w, https:\/\/panoramaciudadano.com\/wp-content\/uploads\/2025\/07\/WhatsApp-Image-2025-07-16-at-19.57.58-768x576.jpeg 768w, https:\/\/panoramaciudadano.com\/wp-content\/uploads\/2025\/07\/WhatsApp-Image-2025-07-16-at-19.57.58.jpeg 1280w\" sizes=\"(max-width: 1024px) 100vw, 1024px\" \/><\/figure>\n<\/figure>\n\n\n\n<p>Una pareja de j\u00f3venes que circulaba en una motocicleta acabaron gravemente heridos luego de &nbsp;estrellarse contra un auto cuyo conductor les hizo un corte de circulaci\u00f3n.<\/p>\n\n\n\n<p>El hecho ocurri\u00f3 a las 18:30 horas cuando la pareja circulaba a bordo de su unidad de la marca Italika, sobre la avenida Francisco I. Madero procedentes de la avenida Bonampak.<\/p>\n\n\n\n<p>Seg\u00fan testimonios de testigos, en el carril contrario circulaba el conductor de un auto color blanco, el cual sin precauci\u00f3n dio vuelta hacia su izquierda para incorporarse en la calle 41 Norte de la Supermanzana 68.<\/p>\n\n\n\n<p>Al efectuar la maniobra el automovilista invadi\u00f3 el carril contrario y en ese momento la pareja se impact\u00f3 en un costado del carro, luego salieron proyectados.<\/p>\n\n\n\n<p>La joven cay\u00f3 en el parabrisas de un auto estacionado y luego sobre la banqueta, mientras que su pareja termin\u00f3 tambi\u00e9n sobre la banqueta a unos metros de ella, ambos con lesiones graves.<\/p>\n\n\n\n<p>Algunas personas que pasaban por el sitio se acercaron para hablarles con la intenci\u00f3n de que reaccionaran y no cerraran los ojos, mientras que otros marcaban al 911 para pedir una ambulancia lo antes posible.<\/p>\n\n\n\n<p>Param\u00e9dicos de dos empresas privadas llegaron para brindarle los primeros auxilios a los j\u00f3venes de aproximadamente 20 a\u00f1os, quienes tuvieron que ser trasladados lo antes posible al hospital general debido a que su estado de salud era cr\u00edtico.<\/p>\n\n\n\n<p>Luego de unos minutos llegaron las autoridades del departamento de Tr\u00e1nsito para realizar el peritaje y el aseguramiento de las unidades siniestradas.<\/p>\n","protected":false},"excerpt":{"rendered":"<p>Una pareja de j\u00f3venes que circulaba en una motocicleta acabaron gravemente heridos luego de \u00a0estrellarse contra un auto cuyo conductor les hizo un corte de circulaci\u00f3n.<\/p>\n","protected":false},"author":1,"featured_media":17889,"comment_status":"open","ping_status":"closed","sticky":false,"template":"","format":"standard","meta":{"footnotes":""},"categories":[6],"tags":[2568],"class_list":["post-17888","post","type-post","status-publish","format-standard","has-post-thumbnail","hentry","category-cancun","tag-supermanzana-68"],"yoast_head":"<!-- This site is optimized with the Yoast SEO plugin v27.1.1 - https:\/\/yoast.com\/product\/yoast-seo-wordpress\/ -->\n<title>Grave accidente en la SM 68: pareja de motociclistas resulta herida tras corte de circulaci\u00f3n - Panorama Ciudadano<\/title>\n<meta name=\"robots\" content=\"index, follow, max-snippet:-1, max-image-preview:large, max-video-preview:-1\" \/>\n<link rel=\"canonical\" href=\"https:\/\/panoramaciudadano.com\/index.php\/2025\/07\/17\/grave-accidente-en-la-sm-68-pareja-de-motociclistas-resulta-herida-tras-corte-de-circulacion\/\" \/>\n<meta property=\"og:locale\" content=\"es_ES\" \/>\n<meta property=\"og:type\" content=\"article\" \/>\n<meta property=\"og:title\" content=\"Grave accidente en la SM 68: pareja de motociclistas resulta herida tras corte de circulaci\u00f3n - Panorama Ciudadano\" \/>\n<meta property=\"og:description\" content=\"Una pareja de j\u00f3venes que circulaba en una motocicleta acabaron gravemente heridos luego de \u00a0estrellarse contra un auto cuyo conductor les hizo un corte de circulaci\u00f3n.\" \/>\n<meta property=\"og:url\" content=\"https:\/\/panoramaciudadano.com\/index.php\/2025\/07\/17\/grave-accidente-en-la-sm-68-pareja-de-motociclistas-resulta-herida-tras-corte-de-circulacion\/\" \/>\n<meta property=\"og:site_name\" content=\"Panorama Ciudadano\" \/>\n<meta property=\"article:publisher\" content=\"https:\/\/www.facebook.com\/panoramaciudadano\" \/>\n<meta property=\"article:published_time\" content=\"2025-07-17T15:51:25+00:00\" \/>\n<meta property=\"article:modified_time\" content=\"2025-07-17T15:51:26+00:00\" \/>\n<meta property=\"og:image\" content=\"https:\/\/panoramaciudadano.com\/wp-content\/uploads\/2025\/07\/WhatsApp-Image-2025-07-16-at-19.57.58.jpeg\" \/>\n\t<meta property=\"og:image:width\" content=\"1280\" \/>\n\t<meta property=\"og:image:height\" content=\"960\" \/>\n\t<meta property=\"og:image:type\" content=\"image\/jpeg\" \/>\n<meta name=\"author\" content=\"admin\" \/>\n<meta name=\"twitter:card\" content=\"summary_large_image\" \/>\n<meta name=\"twitter:label1\" content=\"Escrito por\" \/>\n\t<meta name=\"twitter:data1\" content=\"admin\" \/>\n\t<meta name=\"twitter:label2\" content=\"Tiempo de lectura\" \/>\n\t<meta name=\"twitter:data2\" content=\"3 minutos\" \/>\n<script type=\"application\/ld+json\" class=\"yoast-schema-graph\">{\"@context\":\"https:\/\/schema.org\",\"@graph\":[{\"@type\":\"Article\",\"@id\":\"https:\/\/panoramaciudadano.com\/index.php\/2025\/07\/17\/grave-accidente-en-la-sm-68-pareja-de-motociclistas-resulta-herida-tras-corte-de-circulacion\/#article\",\"isPartOf\":{\"@id\":\"https:\/\/panoramaciudadano.com\/index.php\/2025\/07\/17\/grave-accidente-en-la-sm-68-pareja-de-motociclistas-resulta-herida-tras-corte-de-circulacion\/\"},\"author\":{\"name\":\"admin\",\"@id\":\"https:\/\/panoramaciudadano.com\/#\/schema\/person\/ffe9fe8ef47d3a93977b5761fd9e0d96\"},\"headline\":\"Grave accidente en la SM 68: pareja de motociclistas resulta herida tras corte de circulaci\u00f3n\",\"datePublished\":\"2025-07-17T15:51:25+00:00\",\"dateModified\":\"2025-07-17T15:51:26+00:00\",\"mainEntityOfPage\":{\"@id\":\"https:\/\/panoramaciudadano.com\/index.php\/2025\/07\/17\/grave-accidente-en-la-sm-68-pareja-de-motociclistas-resulta-herida-tras-corte-de-circulacion\/\"},\"wordCount\":269,\"commentCount\":0,\"publisher\":{\"@id\":\"https:\/\/panoramaciudadano.com\/#organization\"},\"image\":{\"@id\":\"https:\/\/panoramaciudadano.com\/index.php\/2025\/07\/17\/grave-accidente-en-la-sm-68-pareja-de-motociclistas-resulta-herida-tras-corte-de-circulacion\/#primaryimage\"},\"thumbnailUrl\":\"https:\/\/panoramaciudadano.com\/wp-content\/uploads\/2025\/07\/WhatsApp-Image-2025-07-16-at-19.57.58.jpeg\",\"keywords\":[\"supermanzana 68\"],\"articleSection\":[\"Canc\u00fan\"],\"inLanguage\":\"es\",\"potentialAction\":[{\"@type\":\"CommentAction\",\"name\":\"Comment\",\"target\":[\"https:\/\/panoramaciudadano.com\/index.php\/2025\/07\/17\/grave-accidente-en-la-sm-68-pareja-de-motociclistas-resulta-herida-tras-corte-de-circulacion\/#respond\"]}]},{\"@type\":\"WebPage\",\"@id\":\"https:\/\/panoramaciudadano.com\/index.php\/2025\/07\/17\/grave-accidente-en-la-sm-68-pareja-de-motociclistas-resulta-herida-tras-corte-de-circulacion\/\",\"url\":\"https:\/\/panoramaciudadano.com\/index.php\/2025\/07\/17\/grave-accidente-en-la-sm-68-pareja-de-motociclistas-resulta-herida-tras-corte-de-circulacion\/\",\"name\":\"Grave accidente en la SM 68: pareja de motociclistas resulta herida tras corte de circulaci\u00f3n - Panorama Ciudadano\",\"isPartOf\":{\"@id\":\"https:\/\/panoramaciudadano.com\/#website\"},\"primaryImageOfPage\":{\"@id\":\"https:\/\/panoramaciudadano.com\/index.php\/2025\/07\/17\/grave-accidente-en-la-sm-68-pareja-de-motociclistas-resulta-herida-tras-corte-de-circulacion\/#primaryimage\"},\"image\":{\"@id\":\"https:\/\/panoramaciudadano.com\/index.php\/2025\/07\/17\/grave-accidente-en-la-sm-68-pareja-de-motociclistas-resulta-herida-tras-corte-de-circulacion\/#primaryimage\"},\"thumbnailUrl\":\"https:\/\/panoramaciudadano.com\/wp-content\/uploads\/2025\/07\/WhatsApp-Image-2025-07-16-at-19.57.58.jpeg\",\"datePublished\":\"2025-07-17T15:51:25+00:00\",\"dateModified\":\"2025-07-17T15:51:26+00:00\",\"breadcrumb\":{\"@id\":\"https:\/\/panoramaciudadano.com\/index.php\/2025\/07\/17\/grave-accidente-en-la-sm-68-pareja-de-motociclistas-resulta-herida-tras-corte-de-circulacion\/#breadcrumb\"},\"inLanguage\":\"es\",\"potentialAction\":[{\"@type\":\"ReadAction\",\"target\":[\"https:\/\/panoramaciudadano.com\/index.php\/2025\/07\/17\/grave-accidente-en-la-sm-68-pareja-de-motociclistas-resulta-herida-tras-corte-de-circulacion\/\"]}]},{\"@type\":\"ImageObject\",\"inLanguage\":\"es\",\"@id\":\"https:\/\/panoramaciudadano.com\/index.php\/2025\/07\/17\/grave-accidente-en-la-sm-68-pareja-de-motociclistas-resulta-herida-tras-corte-de-circulacion\/#primaryimage\",\"url\":\"https:\/\/panoramaciudadano.com\/wp-content\/uploads\/2025\/07\/WhatsApp-Image-2025-07-16-at-19.57.58.jpeg\",\"contentUrl\":\"https:\/\/panoramaciudadano.com\/wp-content\/uploads\/2025\/07\/WhatsApp-Image-2025-07-16-at-19.57.58.jpeg\",\"width\":1280,\"height\":960},{\"@type\":\"BreadcrumbList\",\"@id\":\"https:\/\/panoramaciudadano.com\/index.php\/2025\/07\/17\/grave-accidente-en-la-sm-68-pareja-de-motociclistas-resulta-herida-tras-corte-de-circulacion\/#breadcrumb\",\"itemListElement\":[{\"@type\":\"ListItem\",\"position\":1,\"name\":\"Portada\",\"item\":\"https:\/\/panoramaciudadano.com\/\"},{\"@type\":\"ListItem\",\"position\":2,\"name\":\"Grave accidente en la SM 68: pareja de motociclistas resulta herida tras corte de circulaci\u00f3n\"}]},{\"@type\":\"WebSite\",\"@id\":\"https:\/\/panoramaciudadano.com\/#website\",\"url\":\"https:\/\/panoramaciudadano.com\/\",\"name\":\"Panorama Ciudadano\",\"description\":\"\",\"publisher\":{\"@id\":\"https:\/\/panoramaciudadano.com\/#organization\"},\"potentialAction\":[{\"@type\":\"SearchAction\",\"target\":{\"@type\":\"EntryPoint\",\"urlTemplate\":\"https:\/\/panoramaciudadano.com\/?s={search_term_string}\"},\"query-input\":{\"@type\":\"PropertyValueSpecification\",\"valueRequired\":true,\"valueName\":\"search_term_string\"}}],\"inLanguage\":\"es\"},{\"@type\":\"Organization\",\"@id\":\"https:\/\/panoramaciudadano.com\/#organization\",\"name\":\"Panorama Ciudadano\",\"url\":\"https:\/\/panoramaciudadano.com\/\",\"logo\":{\"@type\":\"ImageObject\",\"inLanguage\":\"es\",\"@id\":\"https:\/\/panoramaciudadano.com\/#\/schema\/logo\/image\/\",\"url\":\"https:\/\/panoramaciudadano.com\/wp-content\/uploads\/2024\/05\/401498640_919267042938564_6290593609399108733_n.jpg\",\"contentUrl\":\"https:\/\/panoramaciudadano.com\/wp-content\/uploads\/2024\/05\/401498640_919267042938564_6290593609399108733_n.jpg\",\"width\":960,\"height\":957,\"caption\":\"Panorama Ciudadano\"},\"image\":{\"@id\":\"https:\/\/panoramaciudadano.com\/#\/schema\/logo\/image\/\"},\"sameAs\":[\"https:\/\/www.facebook.com\/panoramaciudadano\"]},{\"@type\":\"Person\",\"@id\":\"https:\/\/panoramaciudadano.com\/#\/schema\/person\/ffe9fe8ef47d3a93977b5761fd9e0d96\",\"name\":\"admin\",\"image\":{\"@type\":\"ImageObject\",\"inLanguage\":\"es\",\"@id\":\"https:\/\/panoramaciudadano.com\/#\/schema\/person\/image\/\",\"url\":\"https:\/\/secure.gravatar.com\/avatar\/2d5a12cacce3f18096f25fadea8abb7202fef18ed669595589853e84260ff451?s=96&d=mm&r=g\",\"contentUrl\":\"https:\/\/secure.gravatar.com\/avatar\/2d5a12cacce3f18096f25fadea8abb7202fef18ed669595589853e84260ff451?s=96&d=mm&r=g\",\"caption\":\"admin\"},\"sameAs\":[\"https:\/\/panoramaciudadano.com\"],\"url\":\"https:\/\/panoramaciudadano.com\/index.php\/author\/admin_3q6hyqq3\/\"}]}<\/script>\n<!-- \/ Yoast SEO plugin. -->","yoast_head_json":{"title":"Grave accidente en la SM 68: pareja de motociclistas resulta herida tras corte de circulaci\u00f3n - Panorama Ciudadano","robots":{"index":"index","follow":"follow","max-snippet":"max-snippet:-1","max-image-preview":"max-image-preview:large","max-video-preview":"max-video-preview:-1"},"canonical":"https:\/\/panoramaciudadano.com\/index.php\/2025\/07\/17\/grave-accidente-en-la-sm-68-pareja-de-motociclistas-resulta-herida-tras-corte-de-circulacion\/","og_locale":"es_ES","og_type":"article","og_title":"Grave accidente en la SM 68: pareja de motociclistas resulta herida tras corte de circulaci\u00f3n - Panorama Ciudadano","og_description":"Una pareja de j\u00f3venes que circulaba en una motocicleta acabaron gravemente heridos luego de \u00a0estrellarse contra un auto cuyo conductor les hizo un corte de circulaci\u00f3n.","og_url":"https:\/\/panoramaciudadano.com\/index.php\/2025\/07\/17\/grave-accidente-en-la-sm-68-pareja-de-motociclistas-resulta-herida-tras-corte-de-circulacion\/","og_site_name":"Panorama Ciudadano","article_publisher":"https:\/\/www.facebook.com\/panoramaciudadano","article_published_time":"2025-07-17T15:51:25+00:00","article_modified_time":"2025-07-17T15:51:26+00:00","og_image":[{"width":1280,"height":960,"url":"https:\/\/panoramaciudadano.com\/wp-content\/uploads\/2025\/07\/WhatsApp-Image-2025-07-16-at-19.57.58.jpeg","type":"image\/jpeg"}],"author":"admin","twitter_card":"summary_large_image","twitter_misc":{"Escrito por":"admin","Tiempo de lectura":"3 minutos"},"schema":{"@context":"https:\/\/schema.org","@graph":[{"@type":"Article","@id":"https:\/\/panoramaciudadano.com\/index.php\/2025\/07\/17\/grave-accidente-en-la-sm-68-pareja-de-motociclistas-resulta-herida-tras-corte-de-circulacion\/#article","isPartOf":{"@id":"https:\/\/panoramaciudadano.com\/index.php\/2025\/07\/17\/grave-accidente-en-la-sm-68-pareja-de-motociclistas-resulta-herida-tras-corte-de-circulacion\/"},"author":{"name":"admin","@id":"https:\/\/panoramaciudadano.com\/#\/schema\/person\/ffe9fe8ef47d3a93977b5761fd9e0d96"},"headline":"Grave accidente en la SM 68: pareja de motociclistas resulta herida tras corte de circulaci\u00f3n","datePublished":"2025-07-17T15:51:25+00:00","dateModified":"2025-07-17T15:51:26+00:00","mainEntityOfPage":{"@id":"https:\/\/panoramaciudadano.com\/index.php\/2025\/07\/17\/grave-accidente-en-la-sm-68-pareja-de-motociclistas-resulta-herida-tras-corte-de-circulacion\/"},"wordCount":269,"commentCount":0,"publisher":{"@id":"https:\/\/panoramaciudadano.com\/#organization"},"image":{"@id":"https:\/\/panoramaciudadano.com\/index.php\/2025\/07\/17\/grave-accidente-en-la-sm-68-pareja-de-motociclistas-resulta-herida-tras-corte-de-circulacion\/#primaryimage"},"thumbnailUrl":"https:\/\/panoramaciudadano.com\/wp-content\/uploads\/2025\/07\/WhatsApp-Image-2025-07-16-at-19.57.58.jpeg","keywords":["supermanzana 68"],"articleSection":["Canc\u00fan"],"inLanguage":"es","potentialAction":[{"@type":"CommentAction","name":"Comment","target":["https:\/\/panoramaciudadano.com\/index.php\/2025\/07\/17\/grave-accidente-en-la-sm-68-pareja-de-motociclistas-resulta-herida-tras-corte-de-circulacion\/#respond"]}]},{"@type":"WebPage","@id":"https:\/\/panoramaciudadano.com\/index.php\/2025\/07\/17\/grave-accidente-en-la-sm-68-pareja-de-motociclistas-resulta-herida-tras-corte-de-circulacion\/","url":"https:\/\/panoramaciudadano.com\/index.php\/2025\/07\/17\/grave-accidente-en-la-sm-68-pareja-de-motociclistas-resulta-herida-tras-corte-de-circulacion\/","name":"Grave accidente en la SM 68: pareja de motociclistas resulta herida tras corte de circulaci\u00f3n - Panorama Ciudadano","isPartOf":{"@id":"https:\/\/panoramaciudadano.com\/#website"},"primaryImageOfPage":{"@id":"https:\/\/panoramaciudadano.com\/index.php\/2025\/07\/17\/grave-accidente-en-la-sm-68-pareja-de-motociclistas-resulta-herida-tras-corte-de-circulacion\/#primaryimage"},"image":{"@id":"https:\/\/panoramaciudadano.com\/index.php\/2025\/07\/17\/grave-accidente-en-la-sm-68-pareja-de-motociclistas-resulta-herida-tras-corte-de-circulacion\/#primaryimage"},"thumbnailUrl":"https:\/\/panoramaciudadano.com\/wp-content\/uploads\/2025\/07\/WhatsApp-Image-2025-07-16-at-19.57.58.jpeg","datePublished":"2025-07-17T15:51:25+00:00","dateModified":"2025-07-17T15:51:26+00:00","breadcrumb":{"@id":"https:\/\/panoramaciudadano.com\/index.php\/2025\/07\/17\/grave-accidente-en-la-sm-68-pareja-de-motociclistas-resulta-herida-tras-corte-de-circulacion\/#breadcrumb"},"inLanguage":"es","potentialAction":[{"@type":"ReadAction","target":["https:\/\/panoramaciudadano.com\/index.php\/2025\/07\/17\/grave-accidente-en-la-sm-68-pareja-de-motociclistas-resulta-herida-tras-corte-de-circulacion\/"]}]},{"@type":"ImageObject","inLanguage":"es","@id":"https:\/\/panoramaciudadano.com\/index.php\/2025\/07\/17\/grave-accidente-en-la-sm-68-pareja-de-motociclistas-resulta-herida-tras-corte-de-circulacion\/#primaryimage","url":"https:\/\/panoramaciudadano.com\/wp-content\/uploads\/2025\/07\/WhatsApp-Image-2025-07-16-at-19.57.58.jpeg","contentUrl":"https:\/\/panoramaciudadano.com\/wp-content\/uploads\/2025\/07\/WhatsApp-Image-2025-07-16-at-19.57.58.jpeg","width":1280,"height":960},{"@type":"BreadcrumbList","@id":"https:\/\/panoramaciudadano.com\/index.php\/2025\/07\/17\/grave-accidente-en-la-sm-68-pareja-de-motociclistas-resulta-herida-tras-corte-de-circulacion\/#breadcrumb","itemListElement":[{"@type":"ListItem","position":1,"name":"Portada","item":"https:\/\/panoramaciudadano.com\/"},{"@type":"ListItem","position":2,"name":"Grave accidente en la SM 68: pareja de motociclistas resulta herida tras corte de circulaci\u00f3n"}]},{"@type":"WebSite","@id":"https:\/\/panoramaciudadano.com\/#website","url":"https:\/\/panoramaciudadano.com\/","name":"Panorama Ciudadano","description":"","publisher":{"@id":"https:\/\/panoramaciudadano.com\/#organization"},"potentialAction":[{"@type":"SearchAction","target":{"@type":"EntryPoint","urlTemplate":"https:\/\/panoramaciudadano.com\/?s={search_term_string}"},"query-input":{"@type":"PropertyValueSpecification","valueRequired":true,"valueName":"search_term_string"}}],"inLanguage":"es"},{"@type":"Organization","@id":"https:\/\/panoramaciudadano.com\/#organization","name":"Panorama Ciudadano","url":"https:\/\/panoramaciudadano.com\/","logo":{"@type":"ImageObject","inLanguage":"es","@id":"https:\/\/panoramaciudadano.com\/#\/schema\/logo\/image\/","url":"https:\/\/panoramaciudadano.com\/wp-content\/uploads\/2024\/05\/401498640_919267042938564_6290593609399108733_n.jpg","contentUrl":"https:\/\/panoramaciudadano.com\/wp-content\/uploads\/2024\/05\/401498640_919267042938564_6290593609399108733_n.jpg","width":960,"height":957,"caption":"Panorama Ciudadano"},"image":{"@id":"https:\/\/panoramaciudadano.com\/#\/schema\/logo\/image\/"},"sameAs":["https:\/\/www.facebook.com\/panoramaciudadano"]},{"@type":"Person","@id":"https:\/\/panoramaciudadano.com\/#\/schema\/person\/ffe9fe8ef47d3a93977b5761fd9e0d96","name":"admin","image":{"@type":"ImageObject","inLanguage":"es","@id":"https:\/\/panoramaciudadano.com\/#\/schema\/person\/image\/","url":"https:\/\/secure.gravatar.com\/avatar\/2d5a12cacce3f18096f25fadea8abb7202fef18ed669595589853e84260ff451?s=96&d=mm&r=g","contentUrl":"https:\/\/secure.gravatar.com\/avatar\/2d5a12cacce3f18096f25fadea8abb7202fef18ed669595589853e84260ff451?s=96&d=mm&r=g","caption":"admin"},"sameAs":["https:\/\/panoramaciudadano.com"],"url":"https:\/\/panoramaciudadano.com\/index.php\/author\/admin_3q6hyqq3\/"}]}},"_links":{"self":[{"href":"https:\/\/panoramaciudadano.com\/index.php\/wp-json\/wp\/v2\/posts\/17888","targetHints":{"allow":["GET"]}}],"collection":[{"href":"https:\/\/panoramaciudadano.com\/index.php\/wp-json\/wp\/v2\/posts"}],"about":[{"href":"https:\/\/panoramaciudadano.com\/index.php\/wp-json\/wp\/v2\/types\/post"}],"author":[{"embeddable":true,"href":"https:\/\/panoramaciudadano.com\/index.php\/wp-json\/wp\/v2\/users\/1"}],"replies":[{"embeddable":true,"href":"https:\/\/panoramaciudadano.com\/index.php\/wp-json\/wp\/v2\/comments?post=17888"}],"version-history":[{"count":1,"href":"https:\/\/panoramaciudadano.com\/index.php\/wp-json\/wp\/v2\/posts\/17888\/revisions"}],"predecessor-version":[{"id":17893,"href":"https:\/\/panoramaciudadano.com\/index.php\/wp-json\/wp\/v2\/posts\/17888\/revisions\/17893"}],"wp:featuredmedia":[{"embeddable":true,"href":"https:\/\/panoramaciudadano.com\/index.php\/wp-json\/wp\/v2\/media\/17889"}],"wp:attachment":[{"href":"https:\/\/panoramaciudadano.com\/index.php\/wp-json\/wp\/v2\/media?parent=17888"}],"wp:term":[{"taxonomy":"category","embeddable":true,"href":"https:\/\/panoramaciudadano.com\/index.php\/wp-json\/wp\/v2\/categories?post=17888"},{"taxonomy":"post_tag","embeddable":true,"href":"https:\/\/panoramaciudadano.com\/index.php\/wp-json\/wp\/v2\/tags?post=17888"}],"curies":[{"name":"wp","href":"https:\/\/api.w.org\/{rel}","templated":true}]}}