{"id":17894,"date":"2025-07-17T10:55:10","date_gmt":"2025-07-17T15:55:10","guid":{"rendered":"https:\/\/panoramaciudadano.com\/?p=17894"},"modified":"2025-07-17T10:55:13","modified_gmt":"2025-07-17T15:55:13","slug":"exige-ana-paty-peralta-una-mejor-corporacion-policial-para-los-cancunenses","status":"publish","type":"post","link":"https:\/\/panoramaciudadano.com\/index.php\/2025\/07\/17\/exige-ana-paty-peralta-una-mejor-corporacion-policial-para-los-cancunenses\/","title":{"rendered":"EXIGE ANA PATY PERALTA UNA MEJOR CORPORACI\u00d3N POLICIAL PARA LOS CANCUNENSES"},"content":{"rendered":"\n<figure class=\"wp-block-gallery has-nested-images columns-default is-cropped wp-block-gallery-1 is-layout-flex wp-block-gallery-is-layout-flex\">\n<figure class=\"wp-block-image size-large\"><img decoding=\"async\" width=\"1024\" height=\"736\" data-id=\"17899\" src=\"https:\/\/panoramaciudadano.com\/wp-content\/uploads\/2025\/07\/2-167-1024x736.jpeg\" alt=\"\" class=\"wp-image-17899\" srcset=\"https:\/\/panoramaciudadano.com\/wp-content\/uploads\/2025\/07\/2-167-1024x736.jpeg 1024w, https:\/\/panoramaciudadano.com\/wp-content\/uploads\/2025\/07\/2-167-300x216.jpeg 300w, https:\/\/panoramaciudadano.com\/wp-content\/uploads\/2025\/07\/2-167-768x552.jpeg 768w, https:\/\/panoramaciudadano.com\/wp-content\/uploads\/2025\/07\/2-167.jpeg 1280w\" sizes=\"(max-width: 1024px) 100vw, 1024px\" \/><\/figure>\n\n\n\n<figure class=\"wp-block-image size-large\"><img decoding=\"async\" width=\"1024\" height=\"682\" data-id=\"17898\" src=\"https:\/\/panoramaciudadano.com\/wp-content\/uploads\/2025\/07\/3-150-1024x682.jpeg\" alt=\"\" class=\"wp-image-17898\" srcset=\"https:\/\/panoramaciudadano.com\/wp-content\/uploads\/2025\/07\/3-150-1024x682.jpeg 1024w, https:\/\/panoramaciudadano.com\/wp-content\/uploads\/2025\/07\/3-150-300x200.jpeg 300w, https:\/\/panoramaciudadano.com\/wp-content\/uploads\/2025\/07\/3-150-768x512.jpeg 768w, https:\/\/panoramaciudadano.com\/wp-content\/uploads\/2025\/07\/3-150.jpeg 1280w\" sizes=\"(max-width: 1024px) 100vw, 1024px\" \/><\/figure>\n\n\n\n<figure class=\"wp-block-image size-large\"><img decoding=\"async\" width=\"1024\" height=\"754\" data-id=\"17897\" src=\"https:\/\/panoramaciudadano.com\/wp-content\/uploads\/2025\/07\/4-112-1024x754.jpeg\" alt=\"\" class=\"wp-image-17897\" srcset=\"https:\/\/panoramaciudadano.com\/wp-content\/uploads\/2025\/07\/4-112-1024x754.jpeg 1024w, https:\/\/panoramaciudadano.com\/wp-content\/uploads\/2025\/07\/4-112-300x221.jpeg 300w, https:\/\/panoramaciudadano.com\/wp-content\/uploads\/2025\/07\/4-112-768x565.jpeg 768w, https:\/\/panoramaciudadano.com\/wp-content\/uploads\/2025\/07\/4-112.jpeg 1280w\" sizes=\"(max-width: 1024px) 100vw, 1024px\" \/><\/figure>\n\n\n\n<figure class=\"wp-block-image size-large\"><img decoding=\"async\" width=\"1024\" height=\"635\" data-id=\"17896\" src=\"https:\/\/panoramaciudadano.com\/wp-content\/uploads\/2025\/07\/5-59-1024x635.jpeg\" alt=\"\" class=\"wp-image-17896\" srcset=\"https:\/\/panoramaciudadano.com\/wp-content\/uploads\/2025\/07\/5-59-1024x635.jpeg 1024w, https:\/\/panoramaciudadano.com\/wp-content\/uploads\/2025\/07\/5-59-300x186.jpeg 300w, https:\/\/panoramaciudadano.com\/wp-content\/uploads\/2025\/07\/5-59-768x476.jpeg 768w, https:\/\/panoramaciudadano.com\/wp-content\/uploads\/2025\/07\/5-59.jpeg 1280w\" sizes=\"(max-width: 1024px) 100vw, 1024px\" \/><\/figure>\n\n\n\n<figure class=\"wp-block-image size-large\"><img decoding=\"async\" width=\"1024\" height=\"682\" data-id=\"17895\" src=\"https:\/\/panoramaciudadano.com\/wp-content\/uploads\/2025\/07\/WhatsApp-Image-2025-07-17-at-07.34.30-1024x682.jpeg\" alt=\"\" class=\"wp-image-17895\" srcset=\"https:\/\/panoramaciudadano.com\/wp-content\/uploads\/2025\/07\/WhatsApp-Image-2025-07-17-at-07.34.30-1024x682.jpeg 1024w, https:\/\/panoramaciudadano.com\/wp-content\/uploads\/2025\/07\/WhatsApp-Image-2025-07-17-at-07.34.30-300x200.jpeg 300w, https:\/\/panoramaciudadano.com\/wp-content\/uploads\/2025\/07\/WhatsApp-Image-2025-07-17-at-07.34.30-768x512.jpeg 768w, https:\/\/panoramaciudadano.com\/wp-content\/uploads\/2025\/07\/WhatsApp-Image-2025-07-17-at-07.34.30.jpeg 1280w\" sizes=\"(max-width: 1024px) 100vw, 1024px\" \/><\/figure>\n<\/figure>\n\n\n\n<p>\u201cEstoy aqu\u00ed para reafirmar mi compromiso como Presidenta Municipal con la m\u00e1s alta prioridad para nuestra ciudad y para las familias cancunenses, que es, la seguridad y la construcci\u00f3n de la paz. Respondiendo a ese compromiso hoy fortalecemos nuestra Secretar\u00eda Municipal de Seguridad Ciudadana y Tr\u00e1nsito (SMSCyT), una decisi\u00f3n estrat\u00e9gica que como gobierno tomamos con absoluta seriedad y convicci\u00f3n\u201d, afirm\u00f3 la Presidenta Municipal, Ana Paty Peralta, durante la ceremonia de toma de mando y pase de lista de la corporaci\u00f3n.<\/p>\n\n\n\n<p>En la explanada de las instalaciones de la SMSCyT, la Alcaldesa le dio una formal bienvenida al secretario municipal de Seguridad Ciudadana y Tr\u00e1nsito, Jaime Padilla Barrientos, a quien le encomend\u00f3 encabezar una estrategia de transformaci\u00f3n en seguridad, con visi\u00f3n, valores, firmeza, liderazgo pero sobre todo, con resultados.<\/p>\n\n\n\n<p>\u201cTienes todo el respaldo del Gobierno Municipal para lograrlo, pero tambi\u00e9n una exigencia muy clara, avanzar con contundencia en la reestructura interna, la profesionalizaci\u00f3n de mandos y tropa, el trabajo territorial y la intervenci\u00f3n en las zonas m\u00e1s vulnerables\u201d, se\u00f1al\u00f3 la Primera Autoridad Municipal.<\/p>\n\n\n\n<p>Adem\u00e1s, agradeci\u00f3 el trabajo desempe\u00f1ado por el Capit\u00e1n de Nav\u00edo, Carlos Ernesto D&#8217;amiano Sumuano y por haberse desempe\u00f1ado con gran entrega, compromiso, disciplina y profesionalismo durante 17 meses al frente de la Secretar\u00eda; as\u00ed como el apoyo y respaldo de la Secretar\u00eda de Marina, \u201csu respaldo fue clave para empezar a reordenar la corporaci\u00f3n y dar grandes resultados\u201d.<\/p>\n\n\n\n<p>Ante las y los directores de la Secretar\u00eda; el secretario de Seguridad Ciudadana de Quintana Roo, Julio C\u00e9sar G\u00f3mez Torres; el secretario general del Ayuntamiento, Pablo Guti\u00e9rrez Fern\u00e1ndez; as\u00ed como dem\u00e1s autoridades de seguridad y del sector empresarial; Ana Paty Peralta ratific\u00f3 su compromiso de garantizar la seguridad y el bienestar de la ciudad y los invit\u00f3 a ser parte de esa misma meta, de portar el uniforme con orgullo, confianza y responsabilidad para salir a las calles a construir la paz que todas las familias cancunenses merecen.<\/p>\n\n\n\n<p>Por su parte, el secretario municipal de Seguridad Ciudadana y Tr\u00e1nsito, Jaime Padilla Barrientos, confirm\u00f3 su responsabilidad y disposici\u00f3n para proteger la integridad de la ciudadan\u00eda. \u201cJuntos fortaleceremos el modelo de la polic\u00eda de proximidad, estaremos m\u00e1s cerca de la gente, con presencia en las colonias, escuchando, patrullando con inteligencia, atendiendo con rapidez y eficacia, as\u00ed consolidaremos una polic\u00eda profesional, humana y confiable\u201d, asever\u00f3.<\/p>\n\n\n\n<p>A su vez, Julio C\u00e9sar G\u00f3mez Torres reiter\u00f3 el compromiso de la Secretar\u00eda de Seguridad Ciudadana de Quintana Roo, en continuar trabajando para entregar verdaderos resultados, ya que gracias al trabajo colaborativo, la entidad se encuentra como el tercer estado en reducci\u00f3n de homicidios dolosos con un 51.3 por ciento menos de estos delitos, y espec\u00edficamente Canc\u00fan ha logrado bajar sus cifras en un 53 por ciento, por lo que invit\u00f3 a Padilla Barrientos a conducirse en ese sentido en pro de la integridad ciudadana.<\/p>\n","protected":false},"excerpt":{"rendered":"<p>Al presentar al nuevo secretario municipal de Seguridad Ciudadana y Tr\u00e1nsito, Jaime Padilla Barrientos.<\/p>\n","protected":false},"author":1,"featured_media":17895,"comment_status":"open","ping_status":"closed","sticky":false,"template":"","format":"standard","meta":{"footnotes":""},"categories":[6],"tags":[145],"class_list":["post-17894","post","type-post","status-publish","format-standard","has-post-thumbnail","hentry","category-cancun","tag-ana-paty-peralta"],"yoast_head":"<!-- This site is optimized with the Yoast SEO plugin v27.1.1 - https:\/\/yoast.com\/product\/yoast-seo-wordpress\/ -->\n<title>EXIGE ANA PATY PERALTA UNA MEJOR CORPORACI\u00d3N POLICIAL PARA LOS CANCUNENSES - Panorama Ciudadano<\/title>\n<meta name=\"robots\" content=\"index, follow, max-snippet:-1, max-image-preview:large, max-video-preview:-1\" \/>\n<link rel=\"canonical\" href=\"https:\/\/panoramaciudadano.com\/index.php\/2025\/07\/17\/exige-ana-paty-peralta-una-mejor-corporacion-policial-para-los-cancunenses\/\" \/>\n<meta property=\"og:locale\" content=\"es_ES\" \/>\n<meta property=\"og:type\" content=\"article\" \/>\n<meta property=\"og:title\" content=\"EXIGE ANA PATY PERALTA UNA MEJOR CORPORACI\u00d3N POLICIAL PARA LOS CANCUNENSES - Panorama Ciudadano\" \/>\n<meta property=\"og:description\" content=\"Al presentar al nuevo secretario municipal de Seguridad Ciudadana y Tr\u00e1nsito, Jaime Padilla Barrientos.\" \/>\n<meta property=\"og:url\" content=\"https:\/\/panoramaciudadano.com\/index.php\/2025\/07\/17\/exige-ana-paty-peralta-una-mejor-corporacion-policial-para-los-cancunenses\/\" \/>\n<meta property=\"og:site_name\" content=\"Panorama Ciudadano\" \/>\n<meta property=\"article:publisher\" content=\"https:\/\/www.facebook.com\/panoramaciudadano\" \/>\n<meta property=\"article:published_time\" content=\"2025-07-17T15:55:10+00:00\" \/>\n<meta property=\"article:modified_time\" content=\"2025-07-17T15:55:13+00:00\" \/>\n<meta property=\"og:image\" content=\"https:\/\/panoramaciudadano.com\/wp-content\/uploads\/2025\/07\/WhatsApp-Image-2025-07-17-at-07.34.30.jpeg\" \/>\n\t<meta property=\"og:image:width\" content=\"1280\" \/>\n\t<meta property=\"og:image:height\" content=\"853\" \/>\n\t<meta property=\"og:image:type\" content=\"image\/jpeg\" \/>\n<meta name=\"author\" content=\"admin\" \/>\n<meta name=\"twitter:card\" content=\"summary_large_image\" \/>\n<meta name=\"twitter:label1\" content=\"Escrito por\" \/>\n\t<meta name=\"twitter:data1\" content=\"admin\" \/>\n\t<meta name=\"twitter:label2\" content=\"Tiempo de lectura\" \/>\n\t<meta name=\"twitter:data2\" content=\"4 minutos\" \/>\n<script type=\"application\/ld+json\" class=\"yoast-schema-graph\">{\"@context\":\"https:\/\/schema.org\",\"@graph\":[{\"@type\":\"Article\",\"@id\":\"https:\/\/panoramaciudadano.com\/index.php\/2025\/07\/17\/exige-ana-paty-peralta-una-mejor-corporacion-policial-para-los-cancunenses\/#article\",\"isPartOf\":{\"@id\":\"https:\/\/panoramaciudadano.com\/index.php\/2025\/07\/17\/exige-ana-paty-peralta-una-mejor-corporacion-policial-para-los-cancunenses\/\"},\"author\":{\"name\":\"admin\",\"@id\":\"https:\/\/panoramaciudadano.com\/#\/schema\/person\/ffe9fe8ef47d3a93977b5761fd9e0d96\"},\"headline\":\"EXIGE ANA PATY PERALTA UNA MEJOR CORPORACI\u00d3N POLICIAL PARA LOS CANCUNENSES\",\"datePublished\":\"2025-07-17T15:55:10+00:00\",\"dateModified\":\"2025-07-17T15:55:13+00:00\",\"mainEntityOfPage\":{\"@id\":\"https:\/\/panoramaciudadano.com\/index.php\/2025\/07\/17\/exige-ana-paty-peralta-una-mejor-corporacion-policial-para-los-cancunenses\/\"},\"wordCount\":519,\"commentCount\":0,\"publisher\":{\"@id\":\"https:\/\/panoramaciudadano.com\/#organization\"},\"image\":{\"@id\":\"https:\/\/panoramaciudadano.com\/index.php\/2025\/07\/17\/exige-ana-paty-peralta-una-mejor-corporacion-policial-para-los-cancunenses\/#primaryimage\"},\"thumbnailUrl\":\"https:\/\/panoramaciudadano.com\/wp-content\/uploads\/2025\/07\/WhatsApp-Image-2025-07-17-at-07.34.30.jpeg\",\"keywords\":[\"Ana Paty Peralta\"],\"articleSection\":[\"Canc\u00fan\"],\"inLanguage\":\"es\",\"potentialAction\":[{\"@type\":\"CommentAction\",\"name\":\"Comment\",\"target\":[\"https:\/\/panoramaciudadano.com\/index.php\/2025\/07\/17\/exige-ana-paty-peralta-una-mejor-corporacion-policial-para-los-cancunenses\/#respond\"]}]},{\"@type\":\"WebPage\",\"@id\":\"https:\/\/panoramaciudadano.com\/index.php\/2025\/07\/17\/exige-ana-paty-peralta-una-mejor-corporacion-policial-para-los-cancunenses\/\",\"url\":\"https:\/\/panoramaciudadano.com\/index.php\/2025\/07\/17\/exige-ana-paty-peralta-una-mejor-corporacion-policial-para-los-cancunenses\/\",\"name\":\"EXIGE ANA PATY PERALTA UNA MEJOR CORPORACI\u00d3N POLICIAL PARA LOS CANCUNENSES - Panorama Ciudadano\",\"isPartOf\":{\"@id\":\"https:\/\/panoramaciudadano.com\/#website\"},\"primaryImageOfPage\":{\"@id\":\"https:\/\/panoramaciudadano.com\/index.php\/2025\/07\/17\/exige-ana-paty-peralta-una-mejor-corporacion-policial-para-los-cancunenses\/#primaryimage\"},\"image\":{\"@id\":\"https:\/\/panoramaciudadano.com\/index.php\/2025\/07\/17\/exige-ana-paty-peralta-una-mejor-corporacion-policial-para-los-cancunenses\/#primaryimage\"},\"thumbnailUrl\":\"https:\/\/panoramaciudadano.com\/wp-content\/uploads\/2025\/07\/WhatsApp-Image-2025-07-17-at-07.34.30.jpeg\",\"datePublished\":\"2025-07-17T15:55:10+00:00\",\"dateModified\":\"2025-07-17T15:55:13+00:00\",\"breadcrumb\":{\"@id\":\"https:\/\/panoramaciudadano.com\/index.php\/2025\/07\/17\/exige-ana-paty-peralta-una-mejor-corporacion-policial-para-los-cancunenses\/#breadcrumb\"},\"inLanguage\":\"es\",\"potentialAction\":[{\"@type\":\"ReadAction\",\"target\":[\"https:\/\/panoramaciudadano.com\/index.php\/2025\/07\/17\/exige-ana-paty-peralta-una-mejor-corporacion-policial-para-los-cancunenses\/\"]}]},{\"@type\":\"ImageObject\",\"inLanguage\":\"es\",\"@id\":\"https:\/\/panoramaciudadano.com\/index.php\/2025\/07\/17\/exige-ana-paty-peralta-una-mejor-corporacion-policial-para-los-cancunenses\/#primaryimage\",\"url\":\"https:\/\/panoramaciudadano.com\/wp-content\/uploads\/2025\/07\/WhatsApp-Image-2025-07-17-at-07.34.30.jpeg\",\"contentUrl\":\"https:\/\/panoramaciudadano.com\/wp-content\/uploads\/2025\/07\/WhatsApp-Image-2025-07-17-at-07.34.30.jpeg\",\"width\":1280,\"height\":853},{\"@type\":\"BreadcrumbList\",\"@id\":\"https:\/\/panoramaciudadano.com\/index.php\/2025\/07\/17\/exige-ana-paty-peralta-una-mejor-corporacion-policial-para-los-cancunenses\/#breadcrumb\",\"itemListElement\":[{\"@type\":\"ListItem\",\"position\":1,\"name\":\"Portada\",\"item\":\"https:\/\/panoramaciudadano.com\/\"},{\"@type\":\"ListItem\",\"position\":2,\"name\":\"EXIGE ANA PATY PERALTA UNA MEJOR CORPORACI\u00d3N POLICIAL PARA LOS CANCUNENSES\"}]},{\"@type\":\"WebSite\",\"@id\":\"https:\/\/panoramaciudadano.com\/#website\",\"url\":\"https:\/\/panoramaciudadano.com\/\",\"name\":\"Panorama Ciudadano\",\"description\":\"\",\"publisher\":{\"@id\":\"https:\/\/panoramaciudadano.com\/#organization\"},\"potentialAction\":[{\"@type\":\"SearchAction\",\"target\":{\"@type\":\"EntryPoint\",\"urlTemplate\":\"https:\/\/panoramaciudadano.com\/?s={search_term_string}\"},\"query-input\":{\"@type\":\"PropertyValueSpecification\",\"valueRequired\":true,\"valueName\":\"search_term_string\"}}],\"inLanguage\":\"es\"},{\"@type\":\"Organization\",\"@id\":\"https:\/\/panoramaciudadano.com\/#organization\",\"name\":\"Panorama Ciudadano\",\"url\":\"https:\/\/panoramaciudadano.com\/\",\"logo\":{\"@type\":\"ImageObject\",\"inLanguage\":\"es\",\"@id\":\"https:\/\/panoramaciudadano.com\/#\/schema\/logo\/image\/\",\"url\":\"https:\/\/panoramaciudadano.com\/wp-content\/uploads\/2024\/05\/401498640_919267042938564_6290593609399108733_n.jpg\",\"contentUrl\":\"https:\/\/panoramaciudadano.com\/wp-content\/uploads\/2024\/05\/401498640_919267042938564_6290593609399108733_n.jpg\",\"width\":960,\"height\":957,\"caption\":\"Panorama Ciudadano\"},\"image\":{\"@id\":\"https:\/\/panoramaciudadano.com\/#\/schema\/logo\/image\/\"},\"sameAs\":[\"https:\/\/www.facebook.com\/panoramaciudadano\"]},{\"@type\":\"Person\",\"@id\":\"https:\/\/panoramaciudadano.com\/#\/schema\/person\/ffe9fe8ef47d3a93977b5761fd9e0d96\",\"name\":\"admin\",\"image\":{\"@type\":\"ImageObject\",\"inLanguage\":\"es\",\"@id\":\"https:\/\/panoramaciudadano.com\/#\/schema\/person\/image\/\",\"url\":\"https:\/\/secure.gravatar.com\/avatar\/2d5a12cacce3f18096f25fadea8abb7202fef18ed669595589853e84260ff451?s=96&d=mm&r=g\",\"contentUrl\":\"https:\/\/secure.gravatar.com\/avatar\/2d5a12cacce3f18096f25fadea8abb7202fef18ed669595589853e84260ff451?s=96&d=mm&r=g\",\"caption\":\"admin\"},\"sameAs\":[\"https:\/\/panoramaciudadano.com\"],\"url\":\"https:\/\/panoramaciudadano.com\/index.php\/author\/admin_3q6hyqq3\/\"}]}<\/script>\n<!-- \/ Yoast SEO plugin. -->","yoast_head_json":{"title":"EXIGE ANA PATY PERALTA UNA MEJOR CORPORACI\u00d3N POLICIAL PARA LOS CANCUNENSES - Panorama Ciudadano","robots":{"index":"index","follow":"follow","max-snippet":"max-snippet:-1","max-image-preview":"max-image-preview:large","max-video-preview":"max-video-preview:-1"},"canonical":"https:\/\/panoramaciudadano.com\/index.php\/2025\/07\/17\/exige-ana-paty-peralta-una-mejor-corporacion-policial-para-los-cancunenses\/","og_locale":"es_ES","og_type":"article","og_title":"EXIGE ANA PATY PERALTA UNA MEJOR CORPORACI\u00d3N POLICIAL PARA LOS CANCUNENSES - Panorama Ciudadano","og_description":"Al presentar al nuevo secretario municipal de Seguridad Ciudadana y Tr\u00e1nsito, Jaime Padilla Barrientos.","og_url":"https:\/\/panoramaciudadano.com\/index.php\/2025\/07\/17\/exige-ana-paty-peralta-una-mejor-corporacion-policial-para-los-cancunenses\/","og_site_name":"Panorama Ciudadano","article_publisher":"https:\/\/www.facebook.com\/panoramaciudadano","article_published_time":"2025-07-17T15:55:10+00:00","article_modified_time":"2025-07-17T15:55:13+00:00","og_image":[{"width":1280,"height":853,"url":"https:\/\/panoramaciudadano.com\/wp-content\/uploads\/2025\/07\/WhatsApp-Image-2025-07-17-at-07.34.30.jpeg","type":"image\/jpeg"}],"author":"admin","twitter_card":"summary_large_image","twitter_misc":{"Escrito por":"admin","Tiempo de lectura":"4 minutos"},"schema":{"@context":"https:\/\/schema.org","@graph":[{"@type":"Article","@id":"https:\/\/panoramaciudadano.com\/index.php\/2025\/07\/17\/exige-ana-paty-peralta-una-mejor-corporacion-policial-para-los-cancunenses\/#article","isPartOf":{"@id":"https:\/\/panoramaciudadano.com\/index.php\/2025\/07\/17\/exige-ana-paty-peralta-una-mejor-corporacion-policial-para-los-cancunenses\/"},"author":{"name":"admin","@id":"https:\/\/panoramaciudadano.com\/#\/schema\/person\/ffe9fe8ef47d3a93977b5761fd9e0d96"},"headline":"EXIGE ANA PATY PERALTA UNA MEJOR CORPORACI\u00d3N POLICIAL PARA LOS CANCUNENSES","datePublished":"2025-07-17T15:55:10+00:00","dateModified":"2025-07-17T15:55:13+00:00","mainEntityOfPage":{"@id":"https:\/\/panoramaciudadano.com\/index.php\/2025\/07\/17\/exige-ana-paty-peralta-una-mejor-corporacion-policial-para-los-cancunenses\/"},"wordCount":519,"commentCount":0,"publisher":{"@id":"https:\/\/panoramaciudadano.com\/#organization"},"image":{"@id":"https:\/\/panoramaciudadano.com\/index.php\/2025\/07\/17\/exige-ana-paty-peralta-una-mejor-corporacion-policial-para-los-cancunenses\/#primaryimage"},"thumbnailUrl":"https:\/\/panoramaciudadano.com\/wp-content\/uploads\/2025\/07\/WhatsApp-Image-2025-07-17-at-07.34.30.jpeg","keywords":["Ana Paty Peralta"],"articleSection":["Canc\u00fan"],"inLanguage":"es","potentialAction":[{"@type":"CommentAction","name":"Comment","target":["https:\/\/panoramaciudadano.com\/index.php\/2025\/07\/17\/exige-ana-paty-peralta-una-mejor-corporacion-policial-para-los-cancunenses\/#respond"]}]},{"@type":"WebPage","@id":"https:\/\/panoramaciudadano.com\/index.php\/2025\/07\/17\/exige-ana-paty-peralta-una-mejor-corporacion-policial-para-los-cancunenses\/","url":"https:\/\/panoramaciudadano.com\/index.php\/2025\/07\/17\/exige-ana-paty-peralta-una-mejor-corporacion-policial-para-los-cancunenses\/","name":"EXIGE ANA PATY PERALTA UNA MEJOR CORPORACI\u00d3N POLICIAL PARA LOS CANCUNENSES - Panorama Ciudadano","isPartOf":{"@id":"https:\/\/panoramaciudadano.com\/#website"},"primaryImageOfPage":{"@id":"https:\/\/panoramaciudadano.com\/index.php\/2025\/07\/17\/exige-ana-paty-peralta-una-mejor-corporacion-policial-para-los-cancunenses\/#primaryimage"},"image":{"@id":"https:\/\/panoramaciudadano.com\/index.php\/2025\/07\/17\/exige-ana-paty-peralta-una-mejor-corporacion-policial-para-los-cancunenses\/#primaryimage"},"thumbnailUrl":"https:\/\/panoramaciudadano.com\/wp-content\/uploads\/2025\/07\/WhatsApp-Image-2025-07-17-at-07.34.30.jpeg","datePublished":"2025-07-17T15:55:10+00:00","dateModified":"2025-07-17T15:55:13+00:00","breadcrumb":{"@id":"https:\/\/panoramaciudadano.com\/index.php\/2025\/07\/17\/exige-ana-paty-peralta-una-mejor-corporacion-policial-para-los-cancunenses\/#breadcrumb"},"inLanguage":"es","potentialAction":[{"@type":"ReadAction","target":["https:\/\/panoramaciudadano.com\/index.php\/2025\/07\/17\/exige-ana-paty-peralta-una-mejor-corporacion-policial-para-los-cancunenses\/"]}]},{"@type":"ImageObject","inLanguage":"es","@id":"https:\/\/panoramaciudadano.com\/index.php\/2025\/07\/17\/exige-ana-paty-peralta-una-mejor-corporacion-policial-para-los-cancunenses\/#primaryimage","url":"https:\/\/panoramaciudadano.com\/wp-content\/uploads\/2025\/07\/WhatsApp-Image-2025-07-17-at-07.34.30.jpeg","contentUrl":"https:\/\/panoramaciudadano.com\/wp-content\/uploads\/2025\/07\/WhatsApp-Image-2025-07-17-at-07.34.30.jpeg","width":1280,"height":853},{"@type":"BreadcrumbList","@id":"https:\/\/panoramaciudadano.com\/index.php\/2025\/07\/17\/exige-ana-paty-peralta-una-mejor-corporacion-policial-para-los-cancunenses\/#breadcrumb","itemListElement":[{"@type":"ListItem","position":1,"name":"Portada","item":"https:\/\/panoramaciudadano.com\/"},{"@type":"ListItem","position":2,"name":"EXIGE ANA PATY PERALTA UNA MEJOR CORPORACI\u00d3N POLICIAL PARA LOS CANCUNENSES"}]},{"@type":"WebSite","@id":"https:\/\/panoramaciudadano.com\/#website","url":"https:\/\/panoramaciudadano.com\/","name":"Panorama Ciudadano","description":"","publisher":{"@id":"https:\/\/panoramaciudadano.com\/#organization"},"potentialAction":[{"@type":"SearchAction","target":{"@type":"EntryPoint","urlTemplate":"https:\/\/panoramaciudadano.com\/?s={search_term_string}"},"query-input":{"@type":"PropertyValueSpecification","valueRequired":true,"valueName":"search_term_string"}}],"inLanguage":"es"},{"@type":"Organization","@id":"https:\/\/panoramaciudadano.com\/#organization","name":"Panorama Ciudadano","url":"https:\/\/panoramaciudadano.com\/","logo":{"@type":"ImageObject","inLanguage":"es","@id":"https:\/\/panoramaciudadano.com\/#\/schema\/logo\/image\/","url":"https:\/\/panoramaciudadano.com\/wp-content\/uploads\/2024\/05\/401498640_919267042938564_6290593609399108733_n.jpg","contentUrl":"https:\/\/panoramaciudadano.com\/wp-content\/uploads\/2024\/05\/401498640_919267042938564_6290593609399108733_n.jpg","width":960,"height":957,"caption":"Panorama Ciudadano"},"image":{"@id":"https:\/\/panoramaciudadano.com\/#\/schema\/logo\/image\/"},"sameAs":["https:\/\/www.facebook.com\/panoramaciudadano"]},{"@type":"Person","@id":"https:\/\/panoramaciudadano.com\/#\/schema\/person\/ffe9fe8ef47d3a93977b5761fd9e0d96","name":"admin","image":{"@type":"ImageObject","inLanguage":"es","@id":"https:\/\/panoramaciudadano.com\/#\/schema\/person\/image\/","url":"https:\/\/secure.gravatar.com\/avatar\/2d5a12cacce3f18096f25fadea8abb7202fef18ed669595589853e84260ff451?s=96&d=mm&r=g","contentUrl":"https:\/\/secure.gravatar.com\/avatar\/2d5a12cacce3f18096f25fadea8abb7202fef18ed669595589853e84260ff451?s=96&d=mm&r=g","caption":"admin"},"sameAs":["https:\/\/panoramaciudadano.com"],"url":"https:\/\/panoramaciudadano.com\/index.php\/author\/admin_3q6hyqq3\/"}]}},"_links":{"self":[{"href":"https:\/\/panoramaciudadano.com\/index.php\/wp-json\/wp\/v2\/posts\/17894","targetHints":{"allow":["GET"]}}],"collection":[{"href":"https:\/\/panoramaciudadano.com\/index.php\/wp-json\/wp\/v2\/posts"}],"about":[{"href":"https:\/\/panoramaciudadano.com\/index.php\/wp-json\/wp\/v2\/types\/post"}],"author":[{"embeddable":true,"href":"https:\/\/panoramaciudadano.com\/index.php\/wp-json\/wp\/v2\/users\/1"}],"replies":[{"embeddable":true,"href":"https:\/\/panoramaciudadano.com\/index.php\/wp-json\/wp\/v2\/comments?post=17894"}],"version-history":[{"count":1,"href":"https:\/\/panoramaciudadano.com\/index.php\/wp-json\/wp\/v2\/posts\/17894\/revisions"}],"predecessor-version":[{"id":17900,"href":"https:\/\/panoramaciudadano.com\/index.php\/wp-json\/wp\/v2\/posts\/17894\/revisions\/17900"}],"wp:featuredmedia":[{"embeddable":true,"href":"https:\/\/panoramaciudadano.com\/index.php\/wp-json\/wp\/v2\/media\/17895"}],"wp:attachment":[{"href":"https:\/\/panoramaciudadano.com\/index.php\/wp-json\/wp\/v2\/media?parent=17894"}],"wp:term":[{"taxonomy":"category","embeddable":true,"href":"https:\/\/panoramaciudadano.com\/index.php\/wp-json\/wp\/v2\/categories?post=17894"},{"taxonomy":"post_tag","embeddable":true,"href":"https:\/\/panoramaciudadano.com\/index.php\/wp-json\/wp\/v2\/tags?post=17894"}],"curies":[{"name":"wp","href":"https:\/\/api.w.org\/{rel}","templated":true}]}}