{"id":17901,"date":"2025-07-17T10:56:27","date_gmt":"2025-07-17T15:56:27","guid":{"rendered":"https:\/\/panoramaciudadano.com\/?p=17901"},"modified":"2025-07-17T10:56:29","modified_gmt":"2025-07-17T15:56:29","slug":"respalda-cabildo-de-bj-programas-que-regiran-el-desarrollo-de-cancun","status":"publish","type":"post","link":"https:\/\/panoramaciudadano.com\/index.php\/2025\/07\/17\/respalda-cabildo-de-bj-programas-que-regiran-el-desarrollo-de-cancun\/","title":{"rendered":"RESPALDA CABILDO DE BJ PROGRAMAS QUE REGIR\u00c1N EL DESARROLLO DE CANC\u00daN"},"content":{"rendered":"\n<figure class=\"wp-block-image size-large\"><img decoding=\"async\" width=\"1024\" height=\"724\" src=\"https:\/\/panoramaciudadano.com\/wp-content\/uploads\/2025\/07\/WhatsApp-Image-2025-07-17-at-07.45.41-1024x724.jpeg\" alt=\"\" class=\"wp-image-17902\" srcset=\"https:\/\/panoramaciudadano.com\/wp-content\/uploads\/2025\/07\/WhatsApp-Image-2025-07-17-at-07.45.41-1024x724.jpeg 1024w, https:\/\/panoramaciudadano.com\/wp-content\/uploads\/2025\/07\/WhatsApp-Image-2025-07-17-at-07.45.41-300x212.jpeg 300w, https:\/\/panoramaciudadano.com\/wp-content\/uploads\/2025\/07\/WhatsApp-Image-2025-07-17-at-07.45.41-768x543.jpeg 768w, https:\/\/panoramaciudadano.com\/wp-content\/uploads\/2025\/07\/WhatsApp-Image-2025-07-17-at-07.45.41.jpeg 1280w\" sizes=\"(max-width: 1024px) 100vw, 1024px\" \/><\/figure>\n\n\n\n<p>Durante la Vig\u00e9sima Primera Sesi\u00f3n Ordinaria, encabezada por la Presidenta Municipal, Ana Paty Peralta, el Cabildo de Benito Ju\u00e1rez aprob\u00f3 por unanimidad los 23 Programas que derivan del Plan Municipal de Desarrollo (PMD) 2024-2027, que fungir\u00e1n como gu\u00eda clara de trabajo para cada dependencia del Ayuntamiento.<\/p>\n\n\n\n<p>\u201cEstos programas detallan qu\u00e9 se va a hacer, con qu\u00e9 objetivos, qu\u00e9 estrategias, qu\u00e9 indicadores, y qu\u00e9 metas vamos a alcanzar en beneficio de la ciudadan\u00eda. Todos fueron previamente aprobados por el COPLADEMUN y dictaminados por la Comisi\u00f3n de Planeaci\u00f3n, como lo establece la ley, y se alinean a nuestros 4 ejes rectores. Son nuestra hoja de ruta como gobierno transparente, eficiente, humanista y de resultados, para seguir transformando Canc\u00fan con justicia social y prosperidad compartida\u201d, detall\u00f3 la Alcaldesa.<\/p>\n\n\n\n<p>En otro punto, el cuerpo cabildar ratific\u00f3 por unanimidad las modificaciones del Programa de Inversi\u00f3n Anual (PIA) Ejercicio Fiscal 2025, con el que se aprob\u00f3 el tercer paquete de obras por m\u00e1s de 260 millones de pesos.<\/p>\n\n\n\n<p>\u201cM\u00e1s de la mitad de esta inversi\u00f3n, en la que se incluyen once obras, va dirigida a colonias que por d\u00e9cadas estuvieron abandonadas y sin servicios b\u00e1sicos, como Los Pinos y Diamante, reci\u00e9n municipalizadas, donde por fin tendr\u00e1n agua potable y drenaje, para mejorar su calidad de vida\u201d, expres\u00f3 la Alcaldesa.<\/p>\n\n\n\n<p>En materia educativa, se aval\u00f3 por unanimidad el cambio de situaci\u00f3n jur\u00eddica de bien de dominio p\u00fablico a bien de dominio privado, as\u00ed como la donaci\u00f3n de un inmueble propiedad del municipio a favor del Centro de Bachillerato Tecnol\u00f3gico Industrial de Servicios (CBTIS) y de los Servicios Educativos del Estado de Quintana Roo (SEQ), respectivamente, ubicado en la Supermanzana 203, a fin de edificar un Centro de Bachillerato, una Secundaria, una Primaria y un Preescolar.<\/p>\n\n\n\n<p>En otro asunto, por unanimidad aprobaron un convenio de colaboraci\u00f3n con la Agencia de Proyectos Estrat\u00e9gicos del Estado De Quintana Roo (AGEPRO), con la finalidad de aprovechar el potencial ecol\u00f3gico y cultural del \u201cParque de la Equidad\u201d para el desarrollo conjunto de un Jard\u00edn Etnobot\u00e1nico, ubicado en el kil\u00f3metro 2 de la Supermanzana 523.<\/p>\n\n\n\n<p>En un rubro distinto, por iniciativa de la Presidenta Municipal, el Cabildo aprob\u00f3 por unanimidad reformar y adicionar diversas disposiciones del Bando de Gobierno y Polic\u00eda en materia de constancias de residencia y vecindad, as\u00ed como lo relativo al cierre de calles, con el objetivo de modernizar y simplificar los tr\u00e1mites administrativos relacionados con las constancias de residencia, vecindad y autorizaci\u00f3n para el cierre de calles.<\/p>\n\n\n\n<p>El cuerpo colegiado acept\u00f3 de forma un\u00e1nime reformar, adicionar y derogar diversas disposiciones del Reglamento de Mejora Regulatoria y del Reglamento del Gobierno Interior del Ayuntamiento para la implementaci\u00f3n de nuevos mecanismos de evaluaci\u00f3n, consulta ciudadana, fortalecimiento del Consejo Municipal de Mejora Regulatoria, actualizaci\u00f3n del Cat\u00e1logo de Tr\u00e1mites y Servicios, e incorporaci\u00f3n del An\u00e1lisis de Impacto Regulatorio, todo con base en las recomendaciones de la Comisi\u00f3n Nacional de Mejora Regulatoria (CONAMER) y la Comisi\u00f3n Estatal de Mejora Regulatoria (CEMER).<\/p>\n\n\n\n<p>En otro punto el orden del d\u00eda se ratific\u00f3 la celebraci\u00f3n de un convenio de colaboraci\u00f3n, con la C\u00e1mara Nacional de la Industria de Restaurantes y Alimentos Condimentados (CANIRAC), a fin de fomentar la regularizaci\u00f3n de anuncios publicitarios, permisos y licencias en establecimientos restauranteros, adem\u00e1s de promover el cumplimiento normativo y fiscal entre sus afiliados, apoyar en la integraci\u00f3n de expedientes y la solicitud de un beneficio fiscal, a trav\u00e9s de la plataforma correspondiente e impulsar la instalaci\u00f3n de videovigilancia en apoyo a la seguridad ciudadana.<\/p>\n","protected":false},"excerpt":{"rendered":"<p>Durante la Vig\u00e9sima Primera Sesi\u00f3n Ordinaria, encabezada por la Presidenta Municipal, Ana Paty Peralta, el Cabildo de Benito Ju\u00e1rez aprob\u00f3 por unanimidad los 23 Programas que derivan del Plan Municipal de Desarrollo (PMD) 2024-2027, que fungir\u00e1n como gu\u00eda clara de trabajo para cada dependencia del Ayuntamiento.<\/p>\n","protected":false},"author":1,"featured_media":17902,"comment_status":"open","ping_status":"closed","sticky":false,"template":"","format":"standard","meta":{"footnotes":""},"categories":[6],"tags":[145],"class_list":["post-17901","post","type-post","status-publish","format-standard","has-post-thumbnail","hentry","category-cancun","tag-ana-paty-peralta"],"yoast_head":"<!-- This site is optimized with the Yoast SEO plugin v27.1.1 - https:\/\/yoast.com\/product\/yoast-seo-wordpress\/ -->\n<title>RESPALDA CABILDO DE BJ PROGRAMAS QUE REGIR\u00c1N EL DESARROLLO DE CANC\u00daN - Panorama Ciudadano<\/title>\n<meta name=\"robots\" content=\"index, follow, max-snippet:-1, max-image-preview:large, max-video-preview:-1\" \/>\n<link rel=\"canonical\" href=\"https:\/\/panoramaciudadano.com\/index.php\/2025\/07\/17\/respalda-cabildo-de-bj-programas-que-regiran-el-desarrollo-de-cancun\/\" \/>\n<meta property=\"og:locale\" content=\"es_ES\" \/>\n<meta property=\"og:type\" content=\"article\" \/>\n<meta property=\"og:title\" content=\"RESPALDA CABILDO DE BJ PROGRAMAS QUE REGIR\u00c1N EL DESARROLLO DE CANC\u00daN - Panorama Ciudadano\" \/>\n<meta property=\"og:description\" content=\"Durante la Vig\u00e9sima Primera Sesi\u00f3n Ordinaria, encabezada por la Presidenta Municipal, Ana Paty Peralta, el Cabildo de Benito Ju\u00e1rez aprob\u00f3 por unanimidad los 23 Programas que derivan del Plan Municipal de Desarrollo (PMD) 2024-2027, que fungir\u00e1n como gu\u00eda clara de trabajo para cada dependencia del Ayuntamiento.\" \/>\n<meta property=\"og:url\" content=\"https:\/\/panoramaciudadano.com\/index.php\/2025\/07\/17\/respalda-cabildo-de-bj-programas-que-regiran-el-desarrollo-de-cancun\/\" \/>\n<meta property=\"og:site_name\" content=\"Panorama Ciudadano\" \/>\n<meta property=\"article:publisher\" content=\"https:\/\/www.facebook.com\/panoramaciudadano\" \/>\n<meta property=\"article:published_time\" content=\"2025-07-17T15:56:27+00:00\" \/>\n<meta property=\"article:modified_time\" content=\"2025-07-17T15:56:29+00:00\" \/>\n<meta property=\"og:image\" content=\"https:\/\/panoramaciudadano.com\/wp-content\/uploads\/2025\/07\/WhatsApp-Image-2025-07-17-at-07.45.41.jpeg\" \/>\n\t<meta property=\"og:image:width\" content=\"1280\" \/>\n\t<meta property=\"og:image:height\" content=\"905\" \/>\n\t<meta property=\"og:image:type\" content=\"image\/jpeg\" \/>\n<meta name=\"author\" content=\"admin\" \/>\n<meta name=\"twitter:card\" content=\"summary_large_image\" \/>\n<meta name=\"twitter:label1\" content=\"Escrito por\" \/>\n\t<meta name=\"twitter:data1\" content=\"admin\" \/>\n\t<meta name=\"twitter:label2\" content=\"Tiempo de lectura\" \/>\n\t<meta name=\"twitter:data2\" content=\"4 minutos\" \/>\n<script type=\"application\/ld+json\" class=\"yoast-schema-graph\">{\"@context\":\"https:\/\/schema.org\",\"@graph\":[{\"@type\":\"Article\",\"@id\":\"https:\/\/panoramaciudadano.com\/index.php\/2025\/07\/17\/respalda-cabildo-de-bj-programas-que-regiran-el-desarrollo-de-cancun\/#article\",\"isPartOf\":{\"@id\":\"https:\/\/panoramaciudadano.com\/index.php\/2025\/07\/17\/respalda-cabildo-de-bj-programas-que-regiran-el-desarrollo-de-cancun\/\"},\"author\":{\"name\":\"admin\",\"@id\":\"https:\/\/panoramaciudadano.com\/#\/schema\/person\/ffe9fe8ef47d3a93977b5761fd9e0d96\"},\"headline\":\"RESPALDA CABILDO DE BJ PROGRAMAS QUE REGIR\u00c1N EL DESARROLLO DE CANC\u00daN\",\"datePublished\":\"2025-07-17T15:56:27+00:00\",\"dateModified\":\"2025-07-17T15:56:29+00:00\",\"mainEntityOfPage\":{\"@id\":\"https:\/\/panoramaciudadano.com\/index.php\/2025\/07\/17\/respalda-cabildo-de-bj-programas-que-regiran-el-desarrollo-de-cancun\/\"},\"wordCount\":629,\"commentCount\":0,\"publisher\":{\"@id\":\"https:\/\/panoramaciudadano.com\/#organization\"},\"image\":{\"@id\":\"https:\/\/panoramaciudadano.com\/index.php\/2025\/07\/17\/respalda-cabildo-de-bj-programas-que-regiran-el-desarrollo-de-cancun\/#primaryimage\"},\"thumbnailUrl\":\"https:\/\/panoramaciudadano.com\/wp-content\/uploads\/2025\/07\/WhatsApp-Image-2025-07-17-at-07.45.41.jpeg\",\"keywords\":[\"Ana Paty Peralta\"],\"articleSection\":[\"Canc\u00fan\"],\"inLanguage\":\"es\",\"potentialAction\":[{\"@type\":\"CommentAction\",\"name\":\"Comment\",\"target\":[\"https:\/\/panoramaciudadano.com\/index.php\/2025\/07\/17\/respalda-cabildo-de-bj-programas-que-regiran-el-desarrollo-de-cancun\/#respond\"]}]},{\"@type\":\"WebPage\",\"@id\":\"https:\/\/panoramaciudadano.com\/index.php\/2025\/07\/17\/respalda-cabildo-de-bj-programas-que-regiran-el-desarrollo-de-cancun\/\",\"url\":\"https:\/\/panoramaciudadano.com\/index.php\/2025\/07\/17\/respalda-cabildo-de-bj-programas-que-regiran-el-desarrollo-de-cancun\/\",\"name\":\"RESPALDA CABILDO DE BJ PROGRAMAS QUE REGIR\u00c1N EL DESARROLLO DE CANC\u00daN - Panorama Ciudadano\",\"isPartOf\":{\"@id\":\"https:\/\/panoramaciudadano.com\/#website\"},\"primaryImageOfPage\":{\"@id\":\"https:\/\/panoramaciudadano.com\/index.php\/2025\/07\/17\/respalda-cabildo-de-bj-programas-que-regiran-el-desarrollo-de-cancun\/#primaryimage\"},\"image\":{\"@id\":\"https:\/\/panoramaciudadano.com\/index.php\/2025\/07\/17\/respalda-cabildo-de-bj-programas-que-regiran-el-desarrollo-de-cancun\/#primaryimage\"},\"thumbnailUrl\":\"https:\/\/panoramaciudadano.com\/wp-content\/uploads\/2025\/07\/WhatsApp-Image-2025-07-17-at-07.45.41.jpeg\",\"datePublished\":\"2025-07-17T15:56:27+00:00\",\"dateModified\":\"2025-07-17T15:56:29+00:00\",\"breadcrumb\":{\"@id\":\"https:\/\/panoramaciudadano.com\/index.php\/2025\/07\/17\/respalda-cabildo-de-bj-programas-que-regiran-el-desarrollo-de-cancun\/#breadcrumb\"},\"inLanguage\":\"es\",\"potentialAction\":[{\"@type\":\"ReadAction\",\"target\":[\"https:\/\/panoramaciudadano.com\/index.php\/2025\/07\/17\/respalda-cabildo-de-bj-programas-que-regiran-el-desarrollo-de-cancun\/\"]}]},{\"@type\":\"ImageObject\",\"inLanguage\":\"es\",\"@id\":\"https:\/\/panoramaciudadano.com\/index.php\/2025\/07\/17\/respalda-cabildo-de-bj-programas-que-regiran-el-desarrollo-de-cancun\/#primaryimage\",\"url\":\"https:\/\/panoramaciudadano.com\/wp-content\/uploads\/2025\/07\/WhatsApp-Image-2025-07-17-at-07.45.41.jpeg\",\"contentUrl\":\"https:\/\/panoramaciudadano.com\/wp-content\/uploads\/2025\/07\/WhatsApp-Image-2025-07-17-at-07.45.41.jpeg\",\"width\":1280,\"height\":905},{\"@type\":\"BreadcrumbList\",\"@id\":\"https:\/\/panoramaciudadano.com\/index.php\/2025\/07\/17\/respalda-cabildo-de-bj-programas-que-regiran-el-desarrollo-de-cancun\/#breadcrumb\",\"itemListElement\":[{\"@type\":\"ListItem\",\"position\":1,\"name\":\"Portada\",\"item\":\"https:\/\/panoramaciudadano.com\/\"},{\"@type\":\"ListItem\",\"position\":2,\"name\":\"RESPALDA CABILDO DE BJ PROGRAMAS QUE REGIR\u00c1N EL DESARROLLO DE CANC\u00daN\"}]},{\"@type\":\"WebSite\",\"@id\":\"https:\/\/panoramaciudadano.com\/#website\",\"url\":\"https:\/\/panoramaciudadano.com\/\",\"name\":\"Panorama Ciudadano\",\"description\":\"\",\"publisher\":{\"@id\":\"https:\/\/panoramaciudadano.com\/#organization\"},\"potentialAction\":[{\"@type\":\"SearchAction\",\"target\":{\"@type\":\"EntryPoint\",\"urlTemplate\":\"https:\/\/panoramaciudadano.com\/?s={search_term_string}\"},\"query-input\":{\"@type\":\"PropertyValueSpecification\",\"valueRequired\":true,\"valueName\":\"search_term_string\"}}],\"inLanguage\":\"es\"},{\"@type\":\"Organization\",\"@id\":\"https:\/\/panoramaciudadano.com\/#organization\",\"name\":\"Panorama Ciudadano\",\"url\":\"https:\/\/panoramaciudadano.com\/\",\"logo\":{\"@type\":\"ImageObject\",\"inLanguage\":\"es\",\"@id\":\"https:\/\/panoramaciudadano.com\/#\/schema\/logo\/image\/\",\"url\":\"https:\/\/panoramaciudadano.com\/wp-content\/uploads\/2024\/05\/401498640_919267042938564_6290593609399108733_n.jpg\",\"contentUrl\":\"https:\/\/panoramaciudadano.com\/wp-content\/uploads\/2024\/05\/401498640_919267042938564_6290593609399108733_n.jpg\",\"width\":960,\"height\":957,\"caption\":\"Panorama Ciudadano\"},\"image\":{\"@id\":\"https:\/\/panoramaciudadano.com\/#\/schema\/logo\/image\/\"},\"sameAs\":[\"https:\/\/www.facebook.com\/panoramaciudadano\"]},{\"@type\":\"Person\",\"@id\":\"https:\/\/panoramaciudadano.com\/#\/schema\/person\/ffe9fe8ef47d3a93977b5761fd9e0d96\",\"name\":\"admin\",\"image\":{\"@type\":\"ImageObject\",\"inLanguage\":\"es\",\"@id\":\"https:\/\/panoramaciudadano.com\/#\/schema\/person\/image\/\",\"url\":\"https:\/\/secure.gravatar.com\/avatar\/2d5a12cacce3f18096f25fadea8abb7202fef18ed669595589853e84260ff451?s=96&d=mm&r=g\",\"contentUrl\":\"https:\/\/secure.gravatar.com\/avatar\/2d5a12cacce3f18096f25fadea8abb7202fef18ed669595589853e84260ff451?s=96&d=mm&r=g\",\"caption\":\"admin\"},\"sameAs\":[\"https:\/\/panoramaciudadano.com\"],\"url\":\"https:\/\/panoramaciudadano.com\/index.php\/author\/admin_3q6hyqq3\/\"}]}<\/script>\n<!-- \/ Yoast SEO plugin. -->","yoast_head_json":{"title":"RESPALDA CABILDO DE BJ PROGRAMAS QUE REGIR\u00c1N EL DESARROLLO DE CANC\u00daN - Panorama Ciudadano","robots":{"index":"index","follow":"follow","max-snippet":"max-snippet:-1","max-image-preview":"max-image-preview:large","max-video-preview":"max-video-preview:-1"},"canonical":"https:\/\/panoramaciudadano.com\/index.php\/2025\/07\/17\/respalda-cabildo-de-bj-programas-que-regiran-el-desarrollo-de-cancun\/","og_locale":"es_ES","og_type":"article","og_title":"RESPALDA CABILDO DE BJ PROGRAMAS QUE REGIR\u00c1N EL DESARROLLO DE CANC\u00daN - Panorama Ciudadano","og_description":"Durante la Vig\u00e9sima Primera Sesi\u00f3n Ordinaria, encabezada por la Presidenta Municipal, Ana Paty Peralta, el Cabildo de Benito Ju\u00e1rez aprob\u00f3 por unanimidad los 23 Programas que derivan del Plan Municipal de Desarrollo (PMD) 2024-2027, que fungir\u00e1n como gu\u00eda clara de trabajo para cada dependencia del Ayuntamiento.","og_url":"https:\/\/panoramaciudadano.com\/index.php\/2025\/07\/17\/respalda-cabildo-de-bj-programas-que-regiran-el-desarrollo-de-cancun\/","og_site_name":"Panorama Ciudadano","article_publisher":"https:\/\/www.facebook.com\/panoramaciudadano","article_published_time":"2025-07-17T15:56:27+00:00","article_modified_time":"2025-07-17T15:56:29+00:00","og_image":[{"width":1280,"height":905,"url":"https:\/\/panoramaciudadano.com\/wp-content\/uploads\/2025\/07\/WhatsApp-Image-2025-07-17-at-07.45.41.jpeg","type":"image\/jpeg"}],"author":"admin","twitter_card":"summary_large_image","twitter_misc":{"Escrito por":"admin","Tiempo de lectura":"4 minutos"},"schema":{"@context":"https:\/\/schema.org","@graph":[{"@type":"Article","@id":"https:\/\/panoramaciudadano.com\/index.php\/2025\/07\/17\/respalda-cabildo-de-bj-programas-que-regiran-el-desarrollo-de-cancun\/#article","isPartOf":{"@id":"https:\/\/panoramaciudadano.com\/index.php\/2025\/07\/17\/respalda-cabildo-de-bj-programas-que-regiran-el-desarrollo-de-cancun\/"},"author":{"name":"admin","@id":"https:\/\/panoramaciudadano.com\/#\/schema\/person\/ffe9fe8ef47d3a93977b5761fd9e0d96"},"headline":"RESPALDA CABILDO DE BJ PROGRAMAS QUE REGIR\u00c1N EL DESARROLLO DE CANC\u00daN","datePublished":"2025-07-17T15:56:27+00:00","dateModified":"2025-07-17T15:56:29+00:00","mainEntityOfPage":{"@id":"https:\/\/panoramaciudadano.com\/index.php\/2025\/07\/17\/respalda-cabildo-de-bj-programas-que-regiran-el-desarrollo-de-cancun\/"},"wordCount":629,"commentCount":0,"publisher":{"@id":"https:\/\/panoramaciudadano.com\/#organization"},"image":{"@id":"https:\/\/panoramaciudadano.com\/index.php\/2025\/07\/17\/respalda-cabildo-de-bj-programas-que-regiran-el-desarrollo-de-cancun\/#primaryimage"},"thumbnailUrl":"https:\/\/panoramaciudadano.com\/wp-content\/uploads\/2025\/07\/WhatsApp-Image-2025-07-17-at-07.45.41.jpeg","keywords":["Ana Paty Peralta"],"articleSection":["Canc\u00fan"],"inLanguage":"es","potentialAction":[{"@type":"CommentAction","name":"Comment","target":["https:\/\/panoramaciudadano.com\/index.php\/2025\/07\/17\/respalda-cabildo-de-bj-programas-que-regiran-el-desarrollo-de-cancun\/#respond"]}]},{"@type":"WebPage","@id":"https:\/\/panoramaciudadano.com\/index.php\/2025\/07\/17\/respalda-cabildo-de-bj-programas-que-regiran-el-desarrollo-de-cancun\/","url":"https:\/\/panoramaciudadano.com\/index.php\/2025\/07\/17\/respalda-cabildo-de-bj-programas-que-regiran-el-desarrollo-de-cancun\/","name":"RESPALDA CABILDO DE BJ PROGRAMAS QUE REGIR\u00c1N EL DESARROLLO DE CANC\u00daN - Panorama Ciudadano","isPartOf":{"@id":"https:\/\/panoramaciudadano.com\/#website"},"primaryImageOfPage":{"@id":"https:\/\/panoramaciudadano.com\/index.php\/2025\/07\/17\/respalda-cabildo-de-bj-programas-que-regiran-el-desarrollo-de-cancun\/#primaryimage"},"image":{"@id":"https:\/\/panoramaciudadano.com\/index.php\/2025\/07\/17\/respalda-cabildo-de-bj-programas-que-regiran-el-desarrollo-de-cancun\/#primaryimage"},"thumbnailUrl":"https:\/\/panoramaciudadano.com\/wp-content\/uploads\/2025\/07\/WhatsApp-Image-2025-07-17-at-07.45.41.jpeg","datePublished":"2025-07-17T15:56:27+00:00","dateModified":"2025-07-17T15:56:29+00:00","breadcrumb":{"@id":"https:\/\/panoramaciudadano.com\/index.php\/2025\/07\/17\/respalda-cabildo-de-bj-programas-que-regiran-el-desarrollo-de-cancun\/#breadcrumb"},"inLanguage":"es","potentialAction":[{"@type":"ReadAction","target":["https:\/\/panoramaciudadano.com\/index.php\/2025\/07\/17\/respalda-cabildo-de-bj-programas-que-regiran-el-desarrollo-de-cancun\/"]}]},{"@type":"ImageObject","inLanguage":"es","@id":"https:\/\/panoramaciudadano.com\/index.php\/2025\/07\/17\/respalda-cabildo-de-bj-programas-que-regiran-el-desarrollo-de-cancun\/#primaryimage","url":"https:\/\/panoramaciudadano.com\/wp-content\/uploads\/2025\/07\/WhatsApp-Image-2025-07-17-at-07.45.41.jpeg","contentUrl":"https:\/\/panoramaciudadano.com\/wp-content\/uploads\/2025\/07\/WhatsApp-Image-2025-07-17-at-07.45.41.jpeg","width":1280,"height":905},{"@type":"BreadcrumbList","@id":"https:\/\/panoramaciudadano.com\/index.php\/2025\/07\/17\/respalda-cabildo-de-bj-programas-que-regiran-el-desarrollo-de-cancun\/#breadcrumb","itemListElement":[{"@type":"ListItem","position":1,"name":"Portada","item":"https:\/\/panoramaciudadano.com\/"},{"@type":"ListItem","position":2,"name":"RESPALDA CABILDO DE BJ PROGRAMAS QUE REGIR\u00c1N EL DESARROLLO DE CANC\u00daN"}]},{"@type":"WebSite","@id":"https:\/\/panoramaciudadano.com\/#website","url":"https:\/\/panoramaciudadano.com\/","name":"Panorama Ciudadano","description":"","publisher":{"@id":"https:\/\/panoramaciudadano.com\/#organization"},"potentialAction":[{"@type":"SearchAction","target":{"@type":"EntryPoint","urlTemplate":"https:\/\/panoramaciudadano.com\/?s={search_term_string}"},"query-input":{"@type":"PropertyValueSpecification","valueRequired":true,"valueName":"search_term_string"}}],"inLanguage":"es"},{"@type":"Organization","@id":"https:\/\/panoramaciudadano.com\/#organization","name":"Panorama Ciudadano","url":"https:\/\/panoramaciudadano.com\/","logo":{"@type":"ImageObject","inLanguage":"es","@id":"https:\/\/panoramaciudadano.com\/#\/schema\/logo\/image\/","url":"https:\/\/panoramaciudadano.com\/wp-content\/uploads\/2024\/05\/401498640_919267042938564_6290593609399108733_n.jpg","contentUrl":"https:\/\/panoramaciudadano.com\/wp-content\/uploads\/2024\/05\/401498640_919267042938564_6290593609399108733_n.jpg","width":960,"height":957,"caption":"Panorama Ciudadano"},"image":{"@id":"https:\/\/panoramaciudadano.com\/#\/schema\/logo\/image\/"},"sameAs":["https:\/\/www.facebook.com\/panoramaciudadano"]},{"@type":"Person","@id":"https:\/\/panoramaciudadano.com\/#\/schema\/person\/ffe9fe8ef47d3a93977b5761fd9e0d96","name":"admin","image":{"@type":"ImageObject","inLanguage":"es","@id":"https:\/\/panoramaciudadano.com\/#\/schema\/person\/image\/","url":"https:\/\/secure.gravatar.com\/avatar\/2d5a12cacce3f18096f25fadea8abb7202fef18ed669595589853e84260ff451?s=96&d=mm&r=g","contentUrl":"https:\/\/secure.gravatar.com\/avatar\/2d5a12cacce3f18096f25fadea8abb7202fef18ed669595589853e84260ff451?s=96&d=mm&r=g","caption":"admin"},"sameAs":["https:\/\/panoramaciudadano.com"],"url":"https:\/\/panoramaciudadano.com\/index.php\/author\/admin_3q6hyqq3\/"}]}},"_links":{"self":[{"href":"https:\/\/panoramaciudadano.com\/index.php\/wp-json\/wp\/v2\/posts\/17901","targetHints":{"allow":["GET"]}}],"collection":[{"href":"https:\/\/panoramaciudadano.com\/index.php\/wp-json\/wp\/v2\/posts"}],"about":[{"href":"https:\/\/panoramaciudadano.com\/index.php\/wp-json\/wp\/v2\/types\/post"}],"author":[{"embeddable":true,"href":"https:\/\/panoramaciudadano.com\/index.php\/wp-json\/wp\/v2\/users\/1"}],"replies":[{"embeddable":true,"href":"https:\/\/panoramaciudadano.com\/index.php\/wp-json\/wp\/v2\/comments?post=17901"}],"version-history":[{"count":1,"href":"https:\/\/panoramaciudadano.com\/index.php\/wp-json\/wp\/v2\/posts\/17901\/revisions"}],"predecessor-version":[{"id":17903,"href":"https:\/\/panoramaciudadano.com\/index.php\/wp-json\/wp\/v2\/posts\/17901\/revisions\/17903"}],"wp:featuredmedia":[{"embeddable":true,"href":"https:\/\/panoramaciudadano.com\/index.php\/wp-json\/wp\/v2\/media\/17902"}],"wp:attachment":[{"href":"https:\/\/panoramaciudadano.com\/index.php\/wp-json\/wp\/v2\/media?parent=17901"}],"wp:term":[{"taxonomy":"category","embeddable":true,"href":"https:\/\/panoramaciudadano.com\/index.php\/wp-json\/wp\/v2\/categories?post=17901"},{"taxonomy":"post_tag","embeddable":true,"href":"https:\/\/panoramaciudadano.com\/index.php\/wp-json\/wp\/v2\/tags?post=17901"}],"curies":[{"name":"wp","href":"https:\/\/api.w.org\/{rel}","templated":true}]}}