{"id":1815,"date":"2024-07-20T16:35:00","date_gmt":"2024-07-20T16:35:00","guid":{"rendered":"https:\/\/panoramaciudadano.com\/?p=1815"},"modified":"2024-07-22T04:39:06","modified_gmt":"2024-07-22T04:39:06","slug":"inicia-el-gobierno-de-quintana-roo-la-recuperacion-del-patrimonio-y-control-de-la-empresa-derimaya-en-solidaridad","status":"publish","type":"post","link":"https:\/\/panoramaciudadano.com\/index.php\/2024\/07\/20\/inicia-el-gobierno-de-quintana-roo-la-recuperacion-del-patrimonio-y-control-de-la-empresa-derimaya-en-solidaridad\/","title":{"rendered":"Inicia el Gobierno de Quintana Roo la recuperaci\u00f3n del patrimonio y control de la empresa DERIMAYA en Solidaridad\u00a0"},"content":{"rendered":"\n<figure class=\"wp-block-gallery has-nested-images columns-default is-cropped wp-block-gallery-1 is-layout-flex wp-block-gallery-is-layout-flex\">\n<figure class=\"wp-block-image size-large\"><img decoding=\"async\" width=\"720\" height=\"960\" data-id=\"1817\" src=\"https:\/\/panoramaciudadano.com\/wp-content\/uploads\/2024\/07\/2-62.jpeg\" alt=\"\" class=\"wp-image-1817\" srcset=\"https:\/\/panoramaciudadano.com\/wp-content\/uploads\/2024\/07\/2-62.jpeg 720w, https:\/\/panoramaciudadano.com\/wp-content\/uploads\/2024\/07\/2-62-225x300.jpeg 225w\" sizes=\"(max-width: 720px) 100vw, 720px\" \/><\/figure>\n\n\n\n<figure class=\"wp-block-image size-large\"><img decoding=\"async\" width=\"720\" height=\"960\" data-id=\"1816\" src=\"https:\/\/panoramaciudadano.com\/wp-content\/uploads\/2024\/07\/WhatsApp-Image-2024-07-20-at-08.51.13.jpeg\" alt=\"\" class=\"wp-image-1816\" srcset=\"https:\/\/panoramaciudadano.com\/wp-content\/uploads\/2024\/07\/WhatsApp-Image-2024-07-20-at-08.51.13.jpeg 720w, https:\/\/panoramaciudadano.com\/wp-content\/uploads\/2024\/07\/WhatsApp-Image-2024-07-20-at-08.51.13-225x300.jpeg 225w\" sizes=\"(max-width: 720px) 100vw, 720px\" \/><\/figure>\n<\/figure>\n\n\n\n<p>El Gobierno de Quintana Roo, encabezado por la gobernadora Mara Lezama Espinosa, informa a la ciudadan\u00eda que ha iniciado las acciones correspondientes para recuperar el control del patrimonio y la administraci\u00f3n de la empresa Desarrolladora de la Riviera Maya (DERIMAYA).<\/p>\n\n\n\n<p>Esta medida se toma tras el desistimiento de DERIMAYA de un juicio de amparo contra la Secretar\u00eda de Desarrollo Agrario, Territorial y Urbano (SEDATU), relacionado con la reincorporaci\u00f3n de mil 200 hect\u00e1reas ubicadas en la Colonia Luis Donaldo Colosio de Solidaridad.<\/p>\n\n\n\n<p>La decisi\u00f3n de proceder con la recuperaci\u00f3n del control de DERIMAYA responde a la necesidad de corregir la indebida administraci\u00f3n que se hab\u00eda dado en torno a estos terrenos.<\/p>\n\n\n\n<p>En un primer paso hacia la regularizaci\u00f3n, este viernes 19 de julio del presente a\u00f1o, se realiz\u00f3 la entrega formal de toda la documentaci\u00f3n hist\u00f3rica de DERIMAYA al Gobierno del Estado de Quintana Roo.<\/p>\n\n\n\n<p>La entrega de documentos fue efectuada a trav\u00e9s de la Consejer\u00eda Jur\u00eddica, la Secretar\u00eda de la Contralor\u00eda y la Secretar\u00eda de Desarrollo Territorial Urbano Sustentable.<\/p>\n\n\n\n<p>Esta acci\u00f3n es una de las primeras medidas del Comit\u00e9 de Regularizaci\u00f3n de la Colonia Luis Donaldo Colosio como parte del compromiso de la Federaci\u00f3n y el Gobierno del Estado en la regularizaci\u00f3n de terrenos para el bienestar y tranquilidad de 4 mil familias en Solidaridad<\/p>\n\n\n\n<p>El Gobierno de Quintana Roo reitera su compromiso con las familias de la Colonia Luis Donaldo Colosio, quienes han esperado por m\u00e1s de 30 a\u00f1os para obtener justicia social de su patrimonio, como parte del Nuevo Acuerdo por el Bienestar y Desarrollo de Quintana Roo que impulsa la Gobernadora Mara Lezama.<\/p>\n","protected":false},"excerpt":{"rendered":"<p>e realiz\u00f3 la entrega formal de toda la documentaci\u00f3n hist\u00f3rica de DERIMAYA a trav\u00e9s de la Consejer\u00eda Jur\u00eddica, la Secretar\u00eda de la Contralor\u00eda y la Secretar\u00eda de Desarrollo Territorial Urbano Sustentable.<\/p>\n","protected":false},"author":1,"featured_media":1817,"comment_status":"open","ping_status":"closed","sticky":false,"template":"","format":"standard","meta":{"footnotes":""},"categories":[7],"tags":[959,259,286],"class_list":["post-1815","post","type-post","status-publish","format-standard","has-post-thumbnail","hentry","category-playa-del-carmen","tag-derimaya","tag-mara-lezama","tag-sedatu"],"yoast_head":"<!-- This site is optimized with the Yoast SEO plugin v27.1.1 - https:\/\/yoast.com\/product\/yoast-seo-wordpress\/ -->\n<title>Inicia el Gobierno de Quintana Roo la recuperaci\u00f3n del patrimonio y control de la empresa DERIMAYA en Solidaridad\u00a0 - Panorama Ciudadano<\/title>\n<meta name=\"robots\" content=\"index, follow, max-snippet:-1, max-image-preview:large, max-video-preview:-1\" \/>\n<link rel=\"canonical\" href=\"https:\/\/panoramaciudadano.com\/index.php\/2024\/07\/20\/inicia-el-gobierno-de-quintana-roo-la-recuperacion-del-patrimonio-y-control-de-la-empresa-derimaya-en-solidaridad\/\" \/>\n<meta property=\"og:locale\" content=\"es_ES\" \/>\n<meta property=\"og:type\" content=\"article\" \/>\n<meta property=\"og:title\" content=\"Inicia el Gobierno de Quintana Roo la recuperaci\u00f3n del patrimonio y control de la empresa DERIMAYA en Solidaridad\u00a0 - Panorama Ciudadano\" \/>\n<meta property=\"og:description\" content=\"e realiz\u00f3 la entrega formal de toda la documentaci\u00f3n hist\u00f3rica de DERIMAYA a trav\u00e9s de la Consejer\u00eda Jur\u00eddica, la Secretar\u00eda de la Contralor\u00eda y la Secretar\u00eda de Desarrollo Territorial Urbano Sustentable.\" \/>\n<meta property=\"og:url\" content=\"https:\/\/panoramaciudadano.com\/index.php\/2024\/07\/20\/inicia-el-gobierno-de-quintana-roo-la-recuperacion-del-patrimonio-y-control-de-la-empresa-derimaya-en-solidaridad\/\" \/>\n<meta property=\"og:site_name\" content=\"Panorama Ciudadano\" \/>\n<meta property=\"article:publisher\" content=\"https:\/\/www.facebook.com\/panoramaciudadano\" \/>\n<meta property=\"article:published_time\" content=\"2024-07-20T16:35:00+00:00\" \/>\n<meta property=\"article:modified_time\" content=\"2024-07-22T04:39:06+00:00\" \/>\n<meta property=\"og:image\" content=\"https:\/\/panoramaciudadano.com\/wp-content\/uploads\/2024\/07\/2-62.jpeg\" \/>\n\t<meta property=\"og:image:width\" content=\"720\" \/>\n\t<meta property=\"og:image:height\" content=\"960\" \/>\n\t<meta property=\"og:image:type\" content=\"image\/jpeg\" \/>\n<meta name=\"author\" content=\"admin\" \/>\n<meta name=\"twitter:card\" content=\"summary_large_image\" \/>\n<meta name=\"twitter:label1\" content=\"Escrito por\" \/>\n\t<meta name=\"twitter:data1\" content=\"admin\" \/>\n\t<meta name=\"twitter:label2\" content=\"Tiempo de lectura\" \/>\n\t<meta name=\"twitter:data2\" content=\"2 minutos\" \/>\n<script type=\"application\/ld+json\" class=\"yoast-schema-graph\">{\"@context\":\"https:\/\/schema.org\",\"@graph\":[{\"@type\":\"Article\",\"@id\":\"https:\/\/panoramaciudadano.com\/index.php\/2024\/07\/20\/inicia-el-gobierno-de-quintana-roo-la-recuperacion-del-patrimonio-y-control-de-la-empresa-derimaya-en-solidaridad\/#article\",\"isPartOf\":{\"@id\":\"https:\/\/panoramaciudadano.com\/index.php\/2024\/07\/20\/inicia-el-gobierno-de-quintana-roo-la-recuperacion-del-patrimonio-y-control-de-la-empresa-derimaya-en-solidaridad\/\"},\"author\":{\"name\":\"admin\",\"@id\":\"https:\/\/panoramaciudadano.com\/#\/schema\/person\/ffe9fe8ef47d3a93977b5761fd9e0d96\"},\"headline\":\"Inicia el Gobierno de Quintana Roo la recuperaci\u00f3n del patrimonio y control de la empresa DERIMAYA en Solidaridad\u00a0\",\"datePublished\":\"2024-07-20T16:35:00+00:00\",\"dateModified\":\"2024-07-22T04:39:06+00:00\",\"mainEntityOfPage\":{\"@id\":\"https:\/\/panoramaciudadano.com\/index.php\/2024\/07\/20\/inicia-el-gobierno-de-quintana-roo-la-recuperacion-del-patrimonio-y-control-de-la-empresa-derimaya-en-solidaridad\/\"},\"wordCount\":306,\"commentCount\":0,\"publisher\":{\"@id\":\"https:\/\/panoramaciudadano.com\/#organization\"},\"image\":{\"@id\":\"https:\/\/panoramaciudadano.com\/index.php\/2024\/07\/20\/inicia-el-gobierno-de-quintana-roo-la-recuperacion-del-patrimonio-y-control-de-la-empresa-derimaya-en-solidaridad\/#primaryimage\"},\"thumbnailUrl\":\"https:\/\/panoramaciudadano.com\/wp-content\/uploads\/2024\/07\/2-62.jpeg\",\"keywords\":[\"DERIMAYA\",\"Mara Lezama\",\"Sedatu\"],\"articleSection\":[\"Playa del Carmen\"],\"inLanguage\":\"es\",\"potentialAction\":[{\"@type\":\"CommentAction\",\"name\":\"Comment\",\"target\":[\"https:\/\/panoramaciudadano.com\/index.php\/2024\/07\/20\/inicia-el-gobierno-de-quintana-roo-la-recuperacion-del-patrimonio-y-control-de-la-empresa-derimaya-en-solidaridad\/#respond\"]}]},{\"@type\":\"WebPage\",\"@id\":\"https:\/\/panoramaciudadano.com\/index.php\/2024\/07\/20\/inicia-el-gobierno-de-quintana-roo-la-recuperacion-del-patrimonio-y-control-de-la-empresa-derimaya-en-solidaridad\/\",\"url\":\"https:\/\/panoramaciudadano.com\/index.php\/2024\/07\/20\/inicia-el-gobierno-de-quintana-roo-la-recuperacion-del-patrimonio-y-control-de-la-empresa-derimaya-en-solidaridad\/\",\"name\":\"Inicia el Gobierno de Quintana Roo la recuperaci\u00f3n del patrimonio y control de la empresa DERIMAYA en Solidaridad\u00a0 - Panorama Ciudadano\",\"isPartOf\":{\"@id\":\"https:\/\/panoramaciudadano.com\/#website\"},\"primaryImageOfPage\":{\"@id\":\"https:\/\/panoramaciudadano.com\/index.php\/2024\/07\/20\/inicia-el-gobierno-de-quintana-roo-la-recuperacion-del-patrimonio-y-control-de-la-empresa-derimaya-en-solidaridad\/#primaryimage\"},\"image\":{\"@id\":\"https:\/\/panoramaciudadano.com\/index.php\/2024\/07\/20\/inicia-el-gobierno-de-quintana-roo-la-recuperacion-del-patrimonio-y-control-de-la-empresa-derimaya-en-solidaridad\/#primaryimage\"},\"thumbnailUrl\":\"https:\/\/panoramaciudadano.com\/wp-content\/uploads\/2024\/07\/2-62.jpeg\",\"datePublished\":\"2024-07-20T16:35:00+00:00\",\"dateModified\":\"2024-07-22T04:39:06+00:00\",\"breadcrumb\":{\"@id\":\"https:\/\/panoramaciudadano.com\/index.php\/2024\/07\/20\/inicia-el-gobierno-de-quintana-roo-la-recuperacion-del-patrimonio-y-control-de-la-empresa-derimaya-en-solidaridad\/#breadcrumb\"},\"inLanguage\":\"es\",\"potentialAction\":[{\"@type\":\"ReadAction\",\"target\":[\"https:\/\/panoramaciudadano.com\/index.php\/2024\/07\/20\/inicia-el-gobierno-de-quintana-roo-la-recuperacion-del-patrimonio-y-control-de-la-empresa-derimaya-en-solidaridad\/\"]}]},{\"@type\":\"ImageObject\",\"inLanguage\":\"es\",\"@id\":\"https:\/\/panoramaciudadano.com\/index.php\/2024\/07\/20\/inicia-el-gobierno-de-quintana-roo-la-recuperacion-del-patrimonio-y-control-de-la-empresa-derimaya-en-solidaridad\/#primaryimage\",\"url\":\"https:\/\/panoramaciudadano.com\/wp-content\/uploads\/2024\/07\/2-62.jpeg\",\"contentUrl\":\"https:\/\/panoramaciudadano.com\/wp-content\/uploads\/2024\/07\/2-62.jpeg\",\"width\":720,\"height\":960},{\"@type\":\"BreadcrumbList\",\"@id\":\"https:\/\/panoramaciudadano.com\/index.php\/2024\/07\/20\/inicia-el-gobierno-de-quintana-roo-la-recuperacion-del-patrimonio-y-control-de-la-empresa-derimaya-en-solidaridad\/#breadcrumb\",\"itemListElement\":[{\"@type\":\"ListItem\",\"position\":1,\"name\":\"Portada\",\"item\":\"https:\/\/panoramaciudadano.com\/\"},{\"@type\":\"ListItem\",\"position\":2,\"name\":\"Inicia el Gobierno de Quintana Roo la recuperaci\u00f3n del patrimonio y control de la empresa DERIMAYA en Solidaridad\u00a0\"}]},{\"@type\":\"WebSite\",\"@id\":\"https:\/\/panoramaciudadano.com\/#website\",\"url\":\"https:\/\/panoramaciudadano.com\/\",\"name\":\"Panorama Ciudadano\",\"description\":\"\",\"publisher\":{\"@id\":\"https:\/\/panoramaciudadano.com\/#organization\"},\"potentialAction\":[{\"@type\":\"SearchAction\",\"target\":{\"@type\":\"EntryPoint\",\"urlTemplate\":\"https:\/\/panoramaciudadano.com\/?s={search_term_string}\"},\"query-input\":{\"@type\":\"PropertyValueSpecification\",\"valueRequired\":true,\"valueName\":\"search_term_string\"}}],\"inLanguage\":\"es\"},{\"@type\":\"Organization\",\"@id\":\"https:\/\/panoramaciudadano.com\/#organization\",\"name\":\"Panorama Ciudadano\",\"url\":\"https:\/\/panoramaciudadano.com\/\",\"logo\":{\"@type\":\"ImageObject\",\"inLanguage\":\"es\",\"@id\":\"https:\/\/panoramaciudadano.com\/#\/schema\/logo\/image\/\",\"url\":\"https:\/\/panoramaciudadano.com\/wp-content\/uploads\/2024\/05\/401498640_919267042938564_6290593609399108733_n.jpg\",\"contentUrl\":\"https:\/\/panoramaciudadano.com\/wp-content\/uploads\/2024\/05\/401498640_919267042938564_6290593609399108733_n.jpg\",\"width\":960,\"height\":957,\"caption\":\"Panorama Ciudadano\"},\"image\":{\"@id\":\"https:\/\/panoramaciudadano.com\/#\/schema\/logo\/image\/\"},\"sameAs\":[\"https:\/\/www.facebook.com\/panoramaciudadano\"]},{\"@type\":\"Person\",\"@id\":\"https:\/\/panoramaciudadano.com\/#\/schema\/person\/ffe9fe8ef47d3a93977b5761fd9e0d96\",\"name\":\"admin\",\"image\":{\"@type\":\"ImageObject\",\"inLanguage\":\"es\",\"@id\":\"https:\/\/panoramaciudadano.com\/#\/schema\/person\/image\/\",\"url\":\"https:\/\/secure.gravatar.com\/avatar\/2d5a12cacce3f18096f25fadea8abb7202fef18ed669595589853e84260ff451?s=96&d=mm&r=g\",\"contentUrl\":\"https:\/\/secure.gravatar.com\/avatar\/2d5a12cacce3f18096f25fadea8abb7202fef18ed669595589853e84260ff451?s=96&d=mm&r=g\",\"caption\":\"admin\"},\"sameAs\":[\"https:\/\/panoramaciudadano.com\"],\"url\":\"https:\/\/panoramaciudadano.com\/index.php\/author\/admin_3q6hyqq3\/\"}]}<\/script>\n<!-- \/ Yoast SEO plugin. -->","yoast_head_json":{"title":"Inicia el Gobierno de Quintana Roo la recuperaci\u00f3n del patrimonio y control de la empresa DERIMAYA en Solidaridad\u00a0 - Panorama Ciudadano","robots":{"index":"index","follow":"follow","max-snippet":"max-snippet:-1","max-image-preview":"max-image-preview:large","max-video-preview":"max-video-preview:-1"},"canonical":"https:\/\/panoramaciudadano.com\/index.php\/2024\/07\/20\/inicia-el-gobierno-de-quintana-roo-la-recuperacion-del-patrimonio-y-control-de-la-empresa-derimaya-en-solidaridad\/","og_locale":"es_ES","og_type":"article","og_title":"Inicia el Gobierno de Quintana Roo la recuperaci\u00f3n del patrimonio y control de la empresa DERIMAYA en Solidaridad\u00a0 - Panorama Ciudadano","og_description":"e realiz\u00f3 la entrega formal de toda la documentaci\u00f3n hist\u00f3rica de DERIMAYA a trav\u00e9s de la Consejer\u00eda Jur\u00eddica, la Secretar\u00eda de la Contralor\u00eda y la Secretar\u00eda de Desarrollo Territorial Urbano Sustentable.","og_url":"https:\/\/panoramaciudadano.com\/index.php\/2024\/07\/20\/inicia-el-gobierno-de-quintana-roo-la-recuperacion-del-patrimonio-y-control-de-la-empresa-derimaya-en-solidaridad\/","og_site_name":"Panorama Ciudadano","article_publisher":"https:\/\/www.facebook.com\/panoramaciudadano","article_published_time":"2024-07-20T16:35:00+00:00","article_modified_time":"2024-07-22T04:39:06+00:00","og_image":[{"width":720,"height":960,"url":"https:\/\/panoramaciudadano.com\/wp-content\/uploads\/2024\/07\/2-62.jpeg","type":"image\/jpeg"}],"author":"admin","twitter_card":"summary_large_image","twitter_misc":{"Escrito por":"admin","Tiempo de lectura":"2 minutos"},"schema":{"@context":"https:\/\/schema.org","@graph":[{"@type":"Article","@id":"https:\/\/panoramaciudadano.com\/index.php\/2024\/07\/20\/inicia-el-gobierno-de-quintana-roo-la-recuperacion-del-patrimonio-y-control-de-la-empresa-derimaya-en-solidaridad\/#article","isPartOf":{"@id":"https:\/\/panoramaciudadano.com\/index.php\/2024\/07\/20\/inicia-el-gobierno-de-quintana-roo-la-recuperacion-del-patrimonio-y-control-de-la-empresa-derimaya-en-solidaridad\/"},"author":{"name":"admin","@id":"https:\/\/panoramaciudadano.com\/#\/schema\/person\/ffe9fe8ef47d3a93977b5761fd9e0d96"},"headline":"Inicia el Gobierno de Quintana Roo la recuperaci\u00f3n del patrimonio y control de la empresa DERIMAYA en Solidaridad\u00a0","datePublished":"2024-07-20T16:35:00+00:00","dateModified":"2024-07-22T04:39:06+00:00","mainEntityOfPage":{"@id":"https:\/\/panoramaciudadano.com\/index.php\/2024\/07\/20\/inicia-el-gobierno-de-quintana-roo-la-recuperacion-del-patrimonio-y-control-de-la-empresa-derimaya-en-solidaridad\/"},"wordCount":306,"commentCount":0,"publisher":{"@id":"https:\/\/panoramaciudadano.com\/#organization"},"image":{"@id":"https:\/\/panoramaciudadano.com\/index.php\/2024\/07\/20\/inicia-el-gobierno-de-quintana-roo-la-recuperacion-del-patrimonio-y-control-de-la-empresa-derimaya-en-solidaridad\/#primaryimage"},"thumbnailUrl":"https:\/\/panoramaciudadano.com\/wp-content\/uploads\/2024\/07\/2-62.jpeg","keywords":["DERIMAYA","Mara Lezama","Sedatu"],"articleSection":["Playa del Carmen"],"inLanguage":"es","potentialAction":[{"@type":"CommentAction","name":"Comment","target":["https:\/\/panoramaciudadano.com\/index.php\/2024\/07\/20\/inicia-el-gobierno-de-quintana-roo-la-recuperacion-del-patrimonio-y-control-de-la-empresa-derimaya-en-solidaridad\/#respond"]}]},{"@type":"WebPage","@id":"https:\/\/panoramaciudadano.com\/index.php\/2024\/07\/20\/inicia-el-gobierno-de-quintana-roo-la-recuperacion-del-patrimonio-y-control-de-la-empresa-derimaya-en-solidaridad\/","url":"https:\/\/panoramaciudadano.com\/index.php\/2024\/07\/20\/inicia-el-gobierno-de-quintana-roo-la-recuperacion-del-patrimonio-y-control-de-la-empresa-derimaya-en-solidaridad\/","name":"Inicia el Gobierno de Quintana Roo la recuperaci\u00f3n del patrimonio y control de la empresa DERIMAYA en Solidaridad\u00a0 - Panorama Ciudadano","isPartOf":{"@id":"https:\/\/panoramaciudadano.com\/#website"},"primaryImageOfPage":{"@id":"https:\/\/panoramaciudadano.com\/index.php\/2024\/07\/20\/inicia-el-gobierno-de-quintana-roo-la-recuperacion-del-patrimonio-y-control-de-la-empresa-derimaya-en-solidaridad\/#primaryimage"},"image":{"@id":"https:\/\/panoramaciudadano.com\/index.php\/2024\/07\/20\/inicia-el-gobierno-de-quintana-roo-la-recuperacion-del-patrimonio-y-control-de-la-empresa-derimaya-en-solidaridad\/#primaryimage"},"thumbnailUrl":"https:\/\/panoramaciudadano.com\/wp-content\/uploads\/2024\/07\/2-62.jpeg","datePublished":"2024-07-20T16:35:00+00:00","dateModified":"2024-07-22T04:39:06+00:00","breadcrumb":{"@id":"https:\/\/panoramaciudadano.com\/index.php\/2024\/07\/20\/inicia-el-gobierno-de-quintana-roo-la-recuperacion-del-patrimonio-y-control-de-la-empresa-derimaya-en-solidaridad\/#breadcrumb"},"inLanguage":"es","potentialAction":[{"@type":"ReadAction","target":["https:\/\/panoramaciudadano.com\/index.php\/2024\/07\/20\/inicia-el-gobierno-de-quintana-roo-la-recuperacion-del-patrimonio-y-control-de-la-empresa-derimaya-en-solidaridad\/"]}]},{"@type":"ImageObject","inLanguage":"es","@id":"https:\/\/panoramaciudadano.com\/index.php\/2024\/07\/20\/inicia-el-gobierno-de-quintana-roo-la-recuperacion-del-patrimonio-y-control-de-la-empresa-derimaya-en-solidaridad\/#primaryimage","url":"https:\/\/panoramaciudadano.com\/wp-content\/uploads\/2024\/07\/2-62.jpeg","contentUrl":"https:\/\/panoramaciudadano.com\/wp-content\/uploads\/2024\/07\/2-62.jpeg","width":720,"height":960},{"@type":"BreadcrumbList","@id":"https:\/\/panoramaciudadano.com\/index.php\/2024\/07\/20\/inicia-el-gobierno-de-quintana-roo-la-recuperacion-del-patrimonio-y-control-de-la-empresa-derimaya-en-solidaridad\/#breadcrumb","itemListElement":[{"@type":"ListItem","position":1,"name":"Portada","item":"https:\/\/panoramaciudadano.com\/"},{"@type":"ListItem","position":2,"name":"Inicia el Gobierno de Quintana Roo la recuperaci\u00f3n del patrimonio y control de la empresa DERIMAYA en Solidaridad\u00a0"}]},{"@type":"WebSite","@id":"https:\/\/panoramaciudadano.com\/#website","url":"https:\/\/panoramaciudadano.com\/","name":"Panorama Ciudadano","description":"","publisher":{"@id":"https:\/\/panoramaciudadano.com\/#organization"},"potentialAction":[{"@type":"SearchAction","target":{"@type":"EntryPoint","urlTemplate":"https:\/\/panoramaciudadano.com\/?s={search_term_string}"},"query-input":{"@type":"PropertyValueSpecification","valueRequired":true,"valueName":"search_term_string"}}],"inLanguage":"es"},{"@type":"Organization","@id":"https:\/\/panoramaciudadano.com\/#organization","name":"Panorama Ciudadano","url":"https:\/\/panoramaciudadano.com\/","logo":{"@type":"ImageObject","inLanguage":"es","@id":"https:\/\/panoramaciudadano.com\/#\/schema\/logo\/image\/","url":"https:\/\/panoramaciudadano.com\/wp-content\/uploads\/2024\/05\/401498640_919267042938564_6290593609399108733_n.jpg","contentUrl":"https:\/\/panoramaciudadano.com\/wp-content\/uploads\/2024\/05\/401498640_919267042938564_6290593609399108733_n.jpg","width":960,"height":957,"caption":"Panorama Ciudadano"},"image":{"@id":"https:\/\/panoramaciudadano.com\/#\/schema\/logo\/image\/"},"sameAs":["https:\/\/www.facebook.com\/panoramaciudadano"]},{"@type":"Person","@id":"https:\/\/panoramaciudadano.com\/#\/schema\/person\/ffe9fe8ef47d3a93977b5761fd9e0d96","name":"admin","image":{"@type":"ImageObject","inLanguage":"es","@id":"https:\/\/panoramaciudadano.com\/#\/schema\/person\/image\/","url":"https:\/\/secure.gravatar.com\/avatar\/2d5a12cacce3f18096f25fadea8abb7202fef18ed669595589853e84260ff451?s=96&d=mm&r=g","contentUrl":"https:\/\/secure.gravatar.com\/avatar\/2d5a12cacce3f18096f25fadea8abb7202fef18ed669595589853e84260ff451?s=96&d=mm&r=g","caption":"admin"},"sameAs":["https:\/\/panoramaciudadano.com"],"url":"https:\/\/panoramaciudadano.com\/index.php\/author\/admin_3q6hyqq3\/"}]}},"_links":{"self":[{"href":"https:\/\/panoramaciudadano.com\/index.php\/wp-json\/wp\/v2\/posts\/1815","targetHints":{"allow":["GET"]}}],"collection":[{"href":"https:\/\/panoramaciudadano.com\/index.php\/wp-json\/wp\/v2\/posts"}],"about":[{"href":"https:\/\/panoramaciudadano.com\/index.php\/wp-json\/wp\/v2\/types\/post"}],"author":[{"embeddable":true,"href":"https:\/\/panoramaciudadano.com\/index.php\/wp-json\/wp\/v2\/users\/1"}],"replies":[{"embeddable":true,"href":"https:\/\/panoramaciudadano.com\/index.php\/wp-json\/wp\/v2\/comments?post=1815"}],"version-history":[{"count":1,"href":"https:\/\/panoramaciudadano.com\/index.php\/wp-json\/wp\/v2\/posts\/1815\/revisions"}],"predecessor-version":[{"id":1818,"href":"https:\/\/panoramaciudadano.com\/index.php\/wp-json\/wp\/v2\/posts\/1815\/revisions\/1818"}],"wp:featuredmedia":[{"embeddable":true,"href":"https:\/\/panoramaciudadano.com\/index.php\/wp-json\/wp\/v2\/media\/1817"}],"wp:attachment":[{"href":"https:\/\/panoramaciudadano.com\/index.php\/wp-json\/wp\/v2\/media?parent=1815"}],"wp:term":[{"taxonomy":"category","embeddable":true,"href":"https:\/\/panoramaciudadano.com\/index.php\/wp-json\/wp\/v2\/categories?post=1815"},{"taxonomy":"post_tag","embeddable":true,"href":"https:\/\/panoramaciudadano.com\/index.php\/wp-json\/wp\/v2\/tags?post=1815"}],"curies":[{"name":"wp","href":"https:\/\/api.w.org\/{rel}","templated":true}]}}