{"id":19276,"date":"2025-08-03T09:48:03","date_gmt":"2025-08-03T14:48:03","guid":{"rendered":"https:\/\/panoramaciudadano.com\/?p=19276"},"modified":"2025-08-04T09:53:14","modified_gmt":"2025-08-04T14:53:14","slug":"balacera-matutina-en-casas-del-mar-joven-pierde-la-vida-mientras-realizaba-reparaciones","status":"publish","type":"post","link":"https:\/\/panoramaciudadano.com\/index.php\/2025\/08\/03\/balacera-matutina-en-casas-del-mar-joven-pierde-la-vida-mientras-realizaba-reparaciones\/","title":{"rendered":"Balacera matutina en Casas del Mar: joven pierde la vida mientras realizaba reparaciones"},"content":{"rendered":"\n<figure class=\"wp-block-gallery has-nested-images columns-default is-cropped wp-block-gallery-1 is-layout-flex wp-block-gallery-is-layout-flex\">\n<figure class=\"wp-block-image size-large\"><img decoding=\"async\" width=\"1024\" height=\"768\" data-id=\"19278\" src=\"https:\/\/panoramaciudadano.com\/wp-content\/uploads\/2025\/08\/2-4-1024x768.jpeg\" alt=\"\" class=\"wp-image-19278\" srcset=\"https:\/\/panoramaciudadano.com\/wp-content\/uploads\/2025\/08\/2-4-1024x768.jpeg 1024w, https:\/\/panoramaciudadano.com\/wp-content\/uploads\/2025\/08\/2-4-300x225.jpeg 300w, https:\/\/panoramaciudadano.com\/wp-content\/uploads\/2025\/08\/2-4-768x576.jpeg 768w, https:\/\/panoramaciudadano.com\/wp-content\/uploads\/2025\/08\/2-4-1536x1152.jpeg 1536w, https:\/\/panoramaciudadano.com\/wp-content\/uploads\/2025\/08\/2-4.jpeg 1600w\" sizes=\"(max-width: 1024px) 100vw, 1024px\" \/><\/figure>\n\n\n\n<figure class=\"wp-block-image size-large\"><img decoding=\"async\" width=\"1024\" height=\"768\" data-id=\"19277\" src=\"https:\/\/panoramaciudadano.com\/wp-content\/uploads\/2025\/08\/3-5-1024x768.jpeg\" alt=\"\" class=\"wp-image-19277\" srcset=\"https:\/\/panoramaciudadano.com\/wp-content\/uploads\/2025\/08\/3-5-1024x768.jpeg 1024w, https:\/\/panoramaciudadano.com\/wp-content\/uploads\/2025\/08\/3-5-300x225.jpeg 300w, https:\/\/panoramaciudadano.com\/wp-content\/uploads\/2025\/08\/3-5-768x576.jpeg 768w, https:\/\/panoramaciudadano.com\/wp-content\/uploads\/2025\/08\/3-5-1536x1152.jpeg 1536w, https:\/\/panoramaciudadano.com\/wp-content\/uploads\/2025\/08\/3-5.jpeg 1600w\" sizes=\"(max-width: 1024px) 100vw, 1024px\" \/><\/figure>\n<\/figure>\n\n\n\n<p>La violencia volvi\u00f3 a sacudir las calles de la ciudad, pues la ma\u00f1ana de este s\u00e1bado, un joven mec\u00e1nico fue ejecutado a balazos mientras trabajaba en la calle Mar de Cort\u00e9s, en la Regi\u00f3n 248, en las inmediaciones del fraccionamiento Casas del Mar.<\/p>\n\n\n\n<p>Seg\u00fan testigos, se escucharon entre cinco y ocho detonaciones de arma de fuego, lo que provoc\u00f3 p\u00e1nico entre los vecinos. El cuerpo del joven qued\u00f3 tendido junto a una bater\u00eda de autom\u00f3vil, evidencia de que se encontraba realizando alguna chamba al momento del ataque.<\/p>\n\n\n\n<p>Elementos de la Polic\u00eda Municipal llegaron al lugar y acordonaron la zona, mientras que param\u00e9dicos de una empresa privada confirmaron que el joven ya no contaba con signos vitales por lo que personal de la Fiscal\u00eda General del Estado se hizo cargo del levantamiento del cuerpo y del inicio de las investigaciones correspondientes.<\/p>\n\n\n\n<p>Hasta el momento, no se reportan detenidos ni se ha dado a conocer la identidad de la v\u00edctima. La ejecuci\u00f3n se suma a una larga lista de cr\u00edmenes que siguen ocurriendo en plena luz del d\u00eda, dejando a la ciudadan\u00eda en estado de alerta y con una creciente sensaci\u00f3n de inseguridad.<\/p>\n","protected":false},"excerpt":{"rendered":"<p>La violencia volvi\u00f3 a sacudir las calles de la ciudad, pues la ma\u00f1ana de este s\u00e1bado, un joven mec\u00e1nico fue ejecutado a balazos mientras trabajaba en la calle Mar de Cort\u00e9s, en la Regi\u00f3n 248, en las inmediaciones del fraccionamiento Casas del Mar.<\/p>\n","protected":false},"author":1,"featured_media":19279,"comment_status":"open","ping_status":"closed","sticky":false,"template":"","format":"standard","meta":{"footnotes":""},"categories":[6],"tags":[1152],"class_list":["post-19276","post","type-post","status-publish","format-standard","has-post-thumbnail","hentry","category-cancun","tag-region-248"],"yoast_head":"<!-- This site is optimized with the Yoast SEO plugin v27.1.1 - https:\/\/yoast.com\/product\/yoast-seo-wordpress\/ -->\n<title>Balacera matutina en Casas del Mar: joven pierde la vida mientras realizaba reparaciones - Panorama Ciudadano<\/title>\n<meta name=\"robots\" content=\"index, follow, max-snippet:-1, max-image-preview:large, max-video-preview:-1\" \/>\n<link rel=\"canonical\" href=\"https:\/\/panoramaciudadano.com\/index.php\/2025\/08\/03\/balacera-matutina-en-casas-del-mar-joven-pierde-la-vida-mientras-realizaba-reparaciones\/\" \/>\n<meta property=\"og:locale\" content=\"es_ES\" \/>\n<meta property=\"og:type\" content=\"article\" \/>\n<meta property=\"og:title\" content=\"Balacera matutina en Casas del Mar: joven pierde la vida mientras realizaba reparaciones - Panorama Ciudadano\" \/>\n<meta property=\"og:description\" content=\"La violencia volvi\u00f3 a sacudir las calles de la ciudad, pues la ma\u00f1ana de este s\u00e1bado, un joven mec\u00e1nico fue ejecutado a balazos mientras trabajaba en la calle Mar de Cort\u00e9s, en la Regi\u00f3n 248, en las inmediaciones del fraccionamiento Casas del Mar.\" \/>\n<meta property=\"og:url\" content=\"https:\/\/panoramaciudadano.com\/index.php\/2025\/08\/03\/balacera-matutina-en-casas-del-mar-joven-pierde-la-vida-mientras-realizaba-reparaciones\/\" \/>\n<meta property=\"og:site_name\" content=\"Panorama Ciudadano\" \/>\n<meta property=\"article:publisher\" content=\"https:\/\/www.facebook.com\/panoramaciudadano\" \/>\n<meta property=\"article:published_time\" content=\"2025-08-03T14:48:03+00:00\" \/>\n<meta property=\"article:modified_time\" content=\"2025-08-04T14:53:14+00:00\" \/>\n<meta property=\"og:image\" content=\"https:\/\/panoramaciudadano.com\/wp-content\/uploads\/2025\/08\/WhatsApp-Image-2025-08-02-at-13.31.53-scaled.jpeg\" \/>\n\t<meta property=\"og:image:width\" content=\"2560\" \/>\n\t<meta property=\"og:image:height\" content=\"1920\" \/>\n\t<meta property=\"og:image:type\" content=\"image\/jpeg\" \/>\n<meta name=\"author\" content=\"admin\" \/>\n<meta name=\"twitter:card\" content=\"summary_large_image\" \/>\n<meta name=\"twitter:label1\" content=\"Escrito por\" \/>\n\t<meta name=\"twitter:data1\" content=\"admin\" \/>\n\t<meta name=\"twitter:label2\" content=\"Tiempo de lectura\" \/>\n\t<meta name=\"twitter:data2\" content=\"2 minutos\" \/>\n<script type=\"application\/ld+json\" class=\"yoast-schema-graph\">{\"@context\":\"https:\/\/schema.org\",\"@graph\":[{\"@type\":\"Article\",\"@id\":\"https:\/\/panoramaciudadano.com\/index.php\/2025\/08\/03\/balacera-matutina-en-casas-del-mar-joven-pierde-la-vida-mientras-realizaba-reparaciones\/#article\",\"isPartOf\":{\"@id\":\"https:\/\/panoramaciudadano.com\/index.php\/2025\/08\/03\/balacera-matutina-en-casas-del-mar-joven-pierde-la-vida-mientras-realizaba-reparaciones\/\"},\"author\":{\"name\":\"admin\",\"@id\":\"https:\/\/panoramaciudadano.com\/#\/schema\/person\/ffe9fe8ef47d3a93977b5761fd9e0d96\"},\"headline\":\"Balacera matutina en Casas del Mar: joven pierde la vida mientras realizaba reparaciones\",\"datePublished\":\"2025-08-03T14:48:03+00:00\",\"dateModified\":\"2025-08-04T14:53:14+00:00\",\"mainEntityOfPage\":{\"@id\":\"https:\/\/panoramaciudadano.com\/index.php\/2025\/08\/03\/balacera-matutina-en-casas-del-mar-joven-pierde-la-vida-mientras-realizaba-reparaciones\/\"},\"wordCount\":221,\"commentCount\":0,\"publisher\":{\"@id\":\"https:\/\/panoramaciudadano.com\/#organization\"},\"image\":{\"@id\":\"https:\/\/panoramaciudadano.com\/index.php\/2025\/08\/03\/balacera-matutina-en-casas-del-mar-joven-pierde-la-vida-mientras-realizaba-reparaciones\/#primaryimage\"},\"thumbnailUrl\":\"https:\/\/panoramaciudadano.com\/wp-content\/uploads\/2025\/08\/WhatsApp-Image-2025-08-02-at-13.31.53-scaled.jpeg\",\"keywords\":[\"Regi\u00f3n 248\"],\"articleSection\":[\"Canc\u00fan\"],\"inLanguage\":\"es\",\"potentialAction\":[{\"@type\":\"CommentAction\",\"name\":\"Comment\",\"target\":[\"https:\/\/panoramaciudadano.com\/index.php\/2025\/08\/03\/balacera-matutina-en-casas-del-mar-joven-pierde-la-vida-mientras-realizaba-reparaciones\/#respond\"]}]},{\"@type\":\"WebPage\",\"@id\":\"https:\/\/panoramaciudadano.com\/index.php\/2025\/08\/03\/balacera-matutina-en-casas-del-mar-joven-pierde-la-vida-mientras-realizaba-reparaciones\/\",\"url\":\"https:\/\/panoramaciudadano.com\/index.php\/2025\/08\/03\/balacera-matutina-en-casas-del-mar-joven-pierde-la-vida-mientras-realizaba-reparaciones\/\",\"name\":\"Balacera matutina en Casas del Mar: joven pierde la vida mientras realizaba reparaciones - Panorama Ciudadano\",\"isPartOf\":{\"@id\":\"https:\/\/panoramaciudadano.com\/#website\"},\"primaryImageOfPage\":{\"@id\":\"https:\/\/panoramaciudadano.com\/index.php\/2025\/08\/03\/balacera-matutina-en-casas-del-mar-joven-pierde-la-vida-mientras-realizaba-reparaciones\/#primaryimage\"},\"image\":{\"@id\":\"https:\/\/panoramaciudadano.com\/index.php\/2025\/08\/03\/balacera-matutina-en-casas-del-mar-joven-pierde-la-vida-mientras-realizaba-reparaciones\/#primaryimage\"},\"thumbnailUrl\":\"https:\/\/panoramaciudadano.com\/wp-content\/uploads\/2025\/08\/WhatsApp-Image-2025-08-02-at-13.31.53-scaled.jpeg\",\"datePublished\":\"2025-08-03T14:48:03+00:00\",\"dateModified\":\"2025-08-04T14:53:14+00:00\",\"breadcrumb\":{\"@id\":\"https:\/\/panoramaciudadano.com\/index.php\/2025\/08\/03\/balacera-matutina-en-casas-del-mar-joven-pierde-la-vida-mientras-realizaba-reparaciones\/#breadcrumb\"},\"inLanguage\":\"es\",\"potentialAction\":[{\"@type\":\"ReadAction\",\"target\":[\"https:\/\/panoramaciudadano.com\/index.php\/2025\/08\/03\/balacera-matutina-en-casas-del-mar-joven-pierde-la-vida-mientras-realizaba-reparaciones\/\"]}]},{\"@type\":\"ImageObject\",\"inLanguage\":\"es\",\"@id\":\"https:\/\/panoramaciudadano.com\/index.php\/2025\/08\/03\/balacera-matutina-en-casas-del-mar-joven-pierde-la-vida-mientras-realizaba-reparaciones\/#primaryimage\",\"url\":\"https:\/\/panoramaciudadano.com\/wp-content\/uploads\/2025\/08\/WhatsApp-Image-2025-08-02-at-13.31.53-scaled.jpeg\",\"contentUrl\":\"https:\/\/panoramaciudadano.com\/wp-content\/uploads\/2025\/08\/WhatsApp-Image-2025-08-02-at-13.31.53-scaled.jpeg\",\"width\":2560,\"height\":1920},{\"@type\":\"BreadcrumbList\",\"@id\":\"https:\/\/panoramaciudadano.com\/index.php\/2025\/08\/03\/balacera-matutina-en-casas-del-mar-joven-pierde-la-vida-mientras-realizaba-reparaciones\/#breadcrumb\",\"itemListElement\":[{\"@type\":\"ListItem\",\"position\":1,\"name\":\"Portada\",\"item\":\"https:\/\/panoramaciudadano.com\/\"},{\"@type\":\"ListItem\",\"position\":2,\"name\":\"Balacera matutina en Casas del Mar: joven pierde la vida mientras realizaba reparaciones\"}]},{\"@type\":\"WebSite\",\"@id\":\"https:\/\/panoramaciudadano.com\/#website\",\"url\":\"https:\/\/panoramaciudadano.com\/\",\"name\":\"Panorama Ciudadano\",\"description\":\"\",\"publisher\":{\"@id\":\"https:\/\/panoramaciudadano.com\/#organization\"},\"potentialAction\":[{\"@type\":\"SearchAction\",\"target\":{\"@type\":\"EntryPoint\",\"urlTemplate\":\"https:\/\/panoramaciudadano.com\/?s={search_term_string}\"},\"query-input\":{\"@type\":\"PropertyValueSpecification\",\"valueRequired\":true,\"valueName\":\"search_term_string\"}}],\"inLanguage\":\"es\"},{\"@type\":\"Organization\",\"@id\":\"https:\/\/panoramaciudadano.com\/#organization\",\"name\":\"Panorama Ciudadano\",\"url\":\"https:\/\/panoramaciudadano.com\/\",\"logo\":{\"@type\":\"ImageObject\",\"inLanguage\":\"es\",\"@id\":\"https:\/\/panoramaciudadano.com\/#\/schema\/logo\/image\/\",\"url\":\"https:\/\/panoramaciudadano.com\/wp-content\/uploads\/2024\/05\/401498640_919267042938564_6290593609399108733_n.jpg\",\"contentUrl\":\"https:\/\/panoramaciudadano.com\/wp-content\/uploads\/2024\/05\/401498640_919267042938564_6290593609399108733_n.jpg\",\"width\":960,\"height\":957,\"caption\":\"Panorama Ciudadano\"},\"image\":{\"@id\":\"https:\/\/panoramaciudadano.com\/#\/schema\/logo\/image\/\"},\"sameAs\":[\"https:\/\/www.facebook.com\/panoramaciudadano\"]},{\"@type\":\"Person\",\"@id\":\"https:\/\/panoramaciudadano.com\/#\/schema\/person\/ffe9fe8ef47d3a93977b5761fd9e0d96\",\"name\":\"admin\",\"image\":{\"@type\":\"ImageObject\",\"inLanguage\":\"es\",\"@id\":\"https:\/\/panoramaciudadano.com\/#\/schema\/person\/image\/\",\"url\":\"https:\/\/secure.gravatar.com\/avatar\/2d5a12cacce3f18096f25fadea8abb7202fef18ed669595589853e84260ff451?s=96&d=mm&r=g\",\"contentUrl\":\"https:\/\/secure.gravatar.com\/avatar\/2d5a12cacce3f18096f25fadea8abb7202fef18ed669595589853e84260ff451?s=96&d=mm&r=g\",\"caption\":\"admin\"},\"sameAs\":[\"https:\/\/panoramaciudadano.com\"],\"url\":\"https:\/\/panoramaciudadano.com\/index.php\/author\/admin_3q6hyqq3\/\"}]}<\/script>\n<!-- \/ Yoast SEO plugin. -->","yoast_head_json":{"title":"Balacera matutina en Casas del Mar: joven pierde la vida mientras realizaba reparaciones - Panorama Ciudadano","robots":{"index":"index","follow":"follow","max-snippet":"max-snippet:-1","max-image-preview":"max-image-preview:large","max-video-preview":"max-video-preview:-1"},"canonical":"https:\/\/panoramaciudadano.com\/index.php\/2025\/08\/03\/balacera-matutina-en-casas-del-mar-joven-pierde-la-vida-mientras-realizaba-reparaciones\/","og_locale":"es_ES","og_type":"article","og_title":"Balacera matutina en Casas del Mar: joven pierde la vida mientras realizaba reparaciones - Panorama Ciudadano","og_description":"La violencia volvi\u00f3 a sacudir las calles de la ciudad, pues la ma\u00f1ana de este s\u00e1bado, un joven mec\u00e1nico fue ejecutado a balazos mientras trabajaba en la calle Mar de Cort\u00e9s, en la Regi\u00f3n 248, en las inmediaciones del fraccionamiento Casas del Mar.","og_url":"https:\/\/panoramaciudadano.com\/index.php\/2025\/08\/03\/balacera-matutina-en-casas-del-mar-joven-pierde-la-vida-mientras-realizaba-reparaciones\/","og_site_name":"Panorama Ciudadano","article_publisher":"https:\/\/www.facebook.com\/panoramaciudadano","article_published_time":"2025-08-03T14:48:03+00:00","article_modified_time":"2025-08-04T14:53:14+00:00","og_image":[{"width":2560,"height":1920,"url":"https:\/\/panoramaciudadano.com\/wp-content\/uploads\/2025\/08\/WhatsApp-Image-2025-08-02-at-13.31.53-scaled.jpeg","type":"image\/jpeg"}],"author":"admin","twitter_card":"summary_large_image","twitter_misc":{"Escrito por":"admin","Tiempo de lectura":"2 minutos"},"schema":{"@context":"https:\/\/schema.org","@graph":[{"@type":"Article","@id":"https:\/\/panoramaciudadano.com\/index.php\/2025\/08\/03\/balacera-matutina-en-casas-del-mar-joven-pierde-la-vida-mientras-realizaba-reparaciones\/#article","isPartOf":{"@id":"https:\/\/panoramaciudadano.com\/index.php\/2025\/08\/03\/balacera-matutina-en-casas-del-mar-joven-pierde-la-vida-mientras-realizaba-reparaciones\/"},"author":{"name":"admin","@id":"https:\/\/panoramaciudadano.com\/#\/schema\/person\/ffe9fe8ef47d3a93977b5761fd9e0d96"},"headline":"Balacera matutina en Casas del Mar: joven pierde la vida mientras realizaba reparaciones","datePublished":"2025-08-03T14:48:03+00:00","dateModified":"2025-08-04T14:53:14+00:00","mainEntityOfPage":{"@id":"https:\/\/panoramaciudadano.com\/index.php\/2025\/08\/03\/balacera-matutina-en-casas-del-mar-joven-pierde-la-vida-mientras-realizaba-reparaciones\/"},"wordCount":221,"commentCount":0,"publisher":{"@id":"https:\/\/panoramaciudadano.com\/#organization"},"image":{"@id":"https:\/\/panoramaciudadano.com\/index.php\/2025\/08\/03\/balacera-matutina-en-casas-del-mar-joven-pierde-la-vida-mientras-realizaba-reparaciones\/#primaryimage"},"thumbnailUrl":"https:\/\/panoramaciudadano.com\/wp-content\/uploads\/2025\/08\/WhatsApp-Image-2025-08-02-at-13.31.53-scaled.jpeg","keywords":["Regi\u00f3n 248"],"articleSection":["Canc\u00fan"],"inLanguage":"es","potentialAction":[{"@type":"CommentAction","name":"Comment","target":["https:\/\/panoramaciudadano.com\/index.php\/2025\/08\/03\/balacera-matutina-en-casas-del-mar-joven-pierde-la-vida-mientras-realizaba-reparaciones\/#respond"]}]},{"@type":"WebPage","@id":"https:\/\/panoramaciudadano.com\/index.php\/2025\/08\/03\/balacera-matutina-en-casas-del-mar-joven-pierde-la-vida-mientras-realizaba-reparaciones\/","url":"https:\/\/panoramaciudadano.com\/index.php\/2025\/08\/03\/balacera-matutina-en-casas-del-mar-joven-pierde-la-vida-mientras-realizaba-reparaciones\/","name":"Balacera matutina en Casas del Mar: joven pierde la vida mientras realizaba reparaciones - Panorama Ciudadano","isPartOf":{"@id":"https:\/\/panoramaciudadano.com\/#website"},"primaryImageOfPage":{"@id":"https:\/\/panoramaciudadano.com\/index.php\/2025\/08\/03\/balacera-matutina-en-casas-del-mar-joven-pierde-la-vida-mientras-realizaba-reparaciones\/#primaryimage"},"image":{"@id":"https:\/\/panoramaciudadano.com\/index.php\/2025\/08\/03\/balacera-matutina-en-casas-del-mar-joven-pierde-la-vida-mientras-realizaba-reparaciones\/#primaryimage"},"thumbnailUrl":"https:\/\/panoramaciudadano.com\/wp-content\/uploads\/2025\/08\/WhatsApp-Image-2025-08-02-at-13.31.53-scaled.jpeg","datePublished":"2025-08-03T14:48:03+00:00","dateModified":"2025-08-04T14:53:14+00:00","breadcrumb":{"@id":"https:\/\/panoramaciudadano.com\/index.php\/2025\/08\/03\/balacera-matutina-en-casas-del-mar-joven-pierde-la-vida-mientras-realizaba-reparaciones\/#breadcrumb"},"inLanguage":"es","potentialAction":[{"@type":"ReadAction","target":["https:\/\/panoramaciudadano.com\/index.php\/2025\/08\/03\/balacera-matutina-en-casas-del-mar-joven-pierde-la-vida-mientras-realizaba-reparaciones\/"]}]},{"@type":"ImageObject","inLanguage":"es","@id":"https:\/\/panoramaciudadano.com\/index.php\/2025\/08\/03\/balacera-matutina-en-casas-del-mar-joven-pierde-la-vida-mientras-realizaba-reparaciones\/#primaryimage","url":"https:\/\/panoramaciudadano.com\/wp-content\/uploads\/2025\/08\/WhatsApp-Image-2025-08-02-at-13.31.53-scaled.jpeg","contentUrl":"https:\/\/panoramaciudadano.com\/wp-content\/uploads\/2025\/08\/WhatsApp-Image-2025-08-02-at-13.31.53-scaled.jpeg","width":2560,"height":1920},{"@type":"BreadcrumbList","@id":"https:\/\/panoramaciudadano.com\/index.php\/2025\/08\/03\/balacera-matutina-en-casas-del-mar-joven-pierde-la-vida-mientras-realizaba-reparaciones\/#breadcrumb","itemListElement":[{"@type":"ListItem","position":1,"name":"Portada","item":"https:\/\/panoramaciudadano.com\/"},{"@type":"ListItem","position":2,"name":"Balacera matutina en Casas del Mar: joven pierde la vida mientras realizaba reparaciones"}]},{"@type":"WebSite","@id":"https:\/\/panoramaciudadano.com\/#website","url":"https:\/\/panoramaciudadano.com\/","name":"Panorama Ciudadano","description":"","publisher":{"@id":"https:\/\/panoramaciudadano.com\/#organization"},"potentialAction":[{"@type":"SearchAction","target":{"@type":"EntryPoint","urlTemplate":"https:\/\/panoramaciudadano.com\/?s={search_term_string}"},"query-input":{"@type":"PropertyValueSpecification","valueRequired":true,"valueName":"search_term_string"}}],"inLanguage":"es"},{"@type":"Organization","@id":"https:\/\/panoramaciudadano.com\/#organization","name":"Panorama Ciudadano","url":"https:\/\/panoramaciudadano.com\/","logo":{"@type":"ImageObject","inLanguage":"es","@id":"https:\/\/panoramaciudadano.com\/#\/schema\/logo\/image\/","url":"https:\/\/panoramaciudadano.com\/wp-content\/uploads\/2024\/05\/401498640_919267042938564_6290593609399108733_n.jpg","contentUrl":"https:\/\/panoramaciudadano.com\/wp-content\/uploads\/2024\/05\/401498640_919267042938564_6290593609399108733_n.jpg","width":960,"height":957,"caption":"Panorama Ciudadano"},"image":{"@id":"https:\/\/panoramaciudadano.com\/#\/schema\/logo\/image\/"},"sameAs":["https:\/\/www.facebook.com\/panoramaciudadano"]},{"@type":"Person","@id":"https:\/\/panoramaciudadano.com\/#\/schema\/person\/ffe9fe8ef47d3a93977b5761fd9e0d96","name":"admin","image":{"@type":"ImageObject","inLanguage":"es","@id":"https:\/\/panoramaciudadano.com\/#\/schema\/person\/image\/","url":"https:\/\/secure.gravatar.com\/avatar\/2d5a12cacce3f18096f25fadea8abb7202fef18ed669595589853e84260ff451?s=96&d=mm&r=g","contentUrl":"https:\/\/secure.gravatar.com\/avatar\/2d5a12cacce3f18096f25fadea8abb7202fef18ed669595589853e84260ff451?s=96&d=mm&r=g","caption":"admin"},"sameAs":["https:\/\/panoramaciudadano.com"],"url":"https:\/\/panoramaciudadano.com\/index.php\/author\/admin_3q6hyqq3\/"}]}},"_links":{"self":[{"href":"https:\/\/panoramaciudadano.com\/index.php\/wp-json\/wp\/v2\/posts\/19276","targetHints":{"allow":["GET"]}}],"collection":[{"href":"https:\/\/panoramaciudadano.com\/index.php\/wp-json\/wp\/v2\/posts"}],"about":[{"href":"https:\/\/panoramaciudadano.com\/index.php\/wp-json\/wp\/v2\/types\/post"}],"author":[{"embeddable":true,"href":"https:\/\/panoramaciudadano.com\/index.php\/wp-json\/wp\/v2\/users\/1"}],"replies":[{"embeddable":true,"href":"https:\/\/panoramaciudadano.com\/index.php\/wp-json\/wp\/v2\/comments?post=19276"}],"version-history":[{"count":1,"href":"https:\/\/panoramaciudadano.com\/index.php\/wp-json\/wp\/v2\/posts\/19276\/revisions"}],"predecessor-version":[{"id":19280,"href":"https:\/\/panoramaciudadano.com\/index.php\/wp-json\/wp\/v2\/posts\/19276\/revisions\/19280"}],"wp:featuredmedia":[{"embeddable":true,"href":"https:\/\/panoramaciudadano.com\/index.php\/wp-json\/wp\/v2\/media\/19279"}],"wp:attachment":[{"href":"https:\/\/panoramaciudadano.com\/index.php\/wp-json\/wp\/v2\/media?parent=19276"}],"wp:term":[{"taxonomy":"category","embeddable":true,"href":"https:\/\/panoramaciudadano.com\/index.php\/wp-json\/wp\/v2\/categories?post=19276"},{"taxonomy":"post_tag","embeddable":true,"href":"https:\/\/panoramaciudadano.com\/index.php\/wp-json\/wp\/v2\/tags?post=19276"}],"curies":[{"name":"wp","href":"https:\/\/api.w.org\/{rel}","templated":true}]}}