{"id":19294,"date":"2025-08-04T10:01:39","date_gmt":"2025-08-04T15:01:39","guid":{"rendered":"https:\/\/panoramaciudadano.com\/?p=19294"},"modified":"2025-08-04T10:01:41","modified_gmt":"2025-08-04T15:01:41","slug":"apuesta-mara-lezama-a-llevar-la-verdad-al-pueblo","status":"publish","type":"post","link":"https:\/\/panoramaciudadano.com\/index.php\/2025\/08\/04\/apuesta-mara-lezama-a-llevar-la-verdad-al-pueblo\/","title":{"rendered":"APUESTA MARA LEZAMA A LLEVAR LA VERDAD AL PUEBLO"},"content":{"rendered":"\n<figure class=\"wp-block-gallery has-nested-images columns-default is-cropped wp-block-gallery-1 is-layout-flex wp-block-gallery-is-layout-flex\">\n<figure class=\"wp-block-image size-large\"><img decoding=\"async\" width=\"600\" height=\"338\" data-id=\"19296\" src=\"https:\/\/panoramaciudadano.com\/wp-content\/uploads\/2025\/08\/2-5.jpeg\" alt=\"\" class=\"wp-image-19296\" srcset=\"https:\/\/panoramaciudadano.com\/wp-content\/uploads\/2025\/08\/2-5.jpeg 600w, https:\/\/panoramaciudadano.com\/wp-content\/uploads\/2025\/08\/2-5-300x169.jpeg 300w\" sizes=\"(max-width: 600px) 100vw, 600px\" \/><\/figure>\n\n\n\n<figure class=\"wp-block-image size-large\"><img decoding=\"async\" width=\"592\" height=\"395\" data-id=\"19295\" src=\"https:\/\/panoramaciudadano.com\/wp-content\/uploads\/2025\/08\/3-6.jpeg\" alt=\"\" class=\"wp-image-19295\" srcset=\"https:\/\/panoramaciudadano.com\/wp-content\/uploads\/2025\/08\/3-6.jpeg 592w, https:\/\/panoramaciudadano.com\/wp-content\/uploads\/2025\/08\/3-6-300x200.jpeg 300w\" sizes=\"(max-width: 592px) 100vw, 592px\" \/><\/figure>\n<\/figure>\n\n\n\n<p>La Gobernadora del Estado, Mara Lezama Espinosa, particip\u00f3 en la cuarta sesi\u00f3n del Diplomado para la Formaci\u00f3n de Cuadros Pol\u00edticos de Morena, con el tema \u201cHerramientas Comunicativas para la 4T\u201d, impartido por Blanca Montoya.<\/p>\n\n\n\n<p>\u00abDesde Morena, formamos conciencias cr\u00edticas porque sabemos que la mente es el primer terreno de batalla. Invertimos trabajo y esfuerzo para romper viejos paradigmas y llevar la verdad al pueblo\u00bb, resalt\u00f3 la mandataria estatal.<\/p>\n\n\n\n<p>En este sentido, la titular del Ejecutivo sostuvo que sin informaci\u00f3n no hay transformaci\u00f3n, por lo que este tipo de acciones son fundamentales para continuar beneficiando al pueblo.<\/p>\n","protected":false},"excerpt":{"rendered":"<p>La Gobernadora del Estado, Mara Lezama Espinosa, particip\u00f3 en la cuarta sesi\u00f3n del Diplomado para la Formaci\u00f3n de Cuadros Pol\u00edticos de Morena, con el tema \u201cHerramientas Comunicativas para la 4T\u201d, impartido por Blanca Montoya.<\/p>\n","protected":false},"author":1,"featured_media":19297,"comment_status":"open","ping_status":"closed","sticky":false,"template":"","format":"standard","meta":{"footnotes":""},"categories":[6],"tags":[259],"class_list":["post-19294","post","type-post","status-publish","format-standard","has-post-thumbnail","hentry","category-cancun","tag-mara-lezama"],"yoast_head":"<!-- This site is optimized with the Yoast SEO plugin v27.1.1 - https:\/\/yoast.com\/product\/yoast-seo-wordpress\/ -->\n<title>APUESTA MARA LEZAMA A LLEVAR LA VERDAD AL PUEBLO - Panorama Ciudadano<\/title>\n<meta name=\"robots\" content=\"index, follow, max-snippet:-1, max-image-preview:large, max-video-preview:-1\" \/>\n<link rel=\"canonical\" href=\"https:\/\/panoramaciudadano.com\/index.php\/2025\/08\/04\/apuesta-mara-lezama-a-llevar-la-verdad-al-pueblo\/\" \/>\n<meta property=\"og:locale\" content=\"es_ES\" \/>\n<meta property=\"og:type\" content=\"article\" \/>\n<meta property=\"og:title\" content=\"APUESTA MARA LEZAMA A LLEVAR LA VERDAD AL PUEBLO - Panorama Ciudadano\" \/>\n<meta property=\"og:description\" content=\"La Gobernadora del Estado, Mara Lezama Espinosa, particip\u00f3 en la cuarta sesi\u00f3n del Diplomado para la Formaci\u00f3n de Cuadros Pol\u00edticos de Morena, con el tema \u201cHerramientas Comunicativas para la 4T\u201d, impartido por Blanca Montoya.\" \/>\n<meta property=\"og:url\" content=\"https:\/\/panoramaciudadano.com\/index.php\/2025\/08\/04\/apuesta-mara-lezama-a-llevar-la-verdad-al-pueblo\/\" \/>\n<meta property=\"og:site_name\" content=\"Panorama Ciudadano\" \/>\n<meta property=\"article:publisher\" content=\"https:\/\/www.facebook.com\/panoramaciudadano\" \/>\n<meta property=\"article:published_time\" content=\"2025-08-04T15:01:39+00:00\" \/>\n<meta property=\"article:modified_time\" content=\"2025-08-04T15:01:41+00:00\" \/>\n<meta property=\"og:image\" content=\"https:\/\/panoramaciudadano.com\/wp-content\/uploads\/2025\/08\/WhatsApp-Image-2025-08-04-at-07.28.51.jpeg\" \/>\n\t<meta property=\"og:image:width\" content=\"592\" \/>\n\t<meta property=\"og:image:height\" content=\"395\" \/>\n\t<meta property=\"og:image:type\" content=\"image\/jpeg\" \/>\n<meta name=\"author\" content=\"admin\" \/>\n<meta name=\"twitter:card\" content=\"summary_large_image\" \/>\n<meta name=\"twitter:label1\" content=\"Escrito por\" \/>\n\t<meta name=\"twitter:data1\" content=\"admin\" \/>\n\t<meta name=\"twitter:label2\" content=\"Tiempo de lectura\" \/>\n\t<meta name=\"twitter:data2\" content=\"2 minutos\" \/>\n<script type=\"application\/ld+json\" class=\"yoast-schema-graph\">{\"@context\":\"https:\/\/schema.org\",\"@graph\":[{\"@type\":\"Article\",\"@id\":\"https:\/\/panoramaciudadano.com\/index.php\/2025\/08\/04\/apuesta-mara-lezama-a-llevar-la-verdad-al-pueblo\/#article\",\"isPartOf\":{\"@id\":\"https:\/\/panoramaciudadano.com\/index.php\/2025\/08\/04\/apuesta-mara-lezama-a-llevar-la-verdad-al-pueblo\/\"},\"author\":{\"name\":\"admin\",\"@id\":\"https:\/\/panoramaciudadano.com\/#\/schema\/person\/ffe9fe8ef47d3a93977b5761fd9e0d96\"},\"headline\":\"APUESTA MARA LEZAMA A LLEVAR LA VERDAD AL PUEBLO\",\"datePublished\":\"2025-08-04T15:01:39+00:00\",\"dateModified\":\"2025-08-04T15:01:41+00:00\",\"mainEntityOfPage\":{\"@id\":\"https:\/\/panoramaciudadano.com\/index.php\/2025\/08\/04\/apuesta-mara-lezama-a-llevar-la-verdad-al-pueblo\/\"},\"wordCount\":111,\"commentCount\":0,\"publisher\":{\"@id\":\"https:\/\/panoramaciudadano.com\/#organization\"},\"image\":{\"@id\":\"https:\/\/panoramaciudadano.com\/index.php\/2025\/08\/04\/apuesta-mara-lezama-a-llevar-la-verdad-al-pueblo\/#primaryimage\"},\"thumbnailUrl\":\"https:\/\/panoramaciudadano.com\/wp-content\/uploads\/2025\/08\/WhatsApp-Image-2025-08-04-at-07.28.51.jpeg\",\"keywords\":[\"Mara Lezama\"],\"articleSection\":[\"Canc\u00fan\"],\"inLanguage\":\"es\",\"potentialAction\":[{\"@type\":\"CommentAction\",\"name\":\"Comment\",\"target\":[\"https:\/\/panoramaciudadano.com\/index.php\/2025\/08\/04\/apuesta-mara-lezama-a-llevar-la-verdad-al-pueblo\/#respond\"]}]},{\"@type\":\"WebPage\",\"@id\":\"https:\/\/panoramaciudadano.com\/index.php\/2025\/08\/04\/apuesta-mara-lezama-a-llevar-la-verdad-al-pueblo\/\",\"url\":\"https:\/\/panoramaciudadano.com\/index.php\/2025\/08\/04\/apuesta-mara-lezama-a-llevar-la-verdad-al-pueblo\/\",\"name\":\"APUESTA MARA LEZAMA A LLEVAR LA VERDAD AL PUEBLO - Panorama Ciudadano\",\"isPartOf\":{\"@id\":\"https:\/\/panoramaciudadano.com\/#website\"},\"primaryImageOfPage\":{\"@id\":\"https:\/\/panoramaciudadano.com\/index.php\/2025\/08\/04\/apuesta-mara-lezama-a-llevar-la-verdad-al-pueblo\/#primaryimage\"},\"image\":{\"@id\":\"https:\/\/panoramaciudadano.com\/index.php\/2025\/08\/04\/apuesta-mara-lezama-a-llevar-la-verdad-al-pueblo\/#primaryimage\"},\"thumbnailUrl\":\"https:\/\/panoramaciudadano.com\/wp-content\/uploads\/2025\/08\/WhatsApp-Image-2025-08-04-at-07.28.51.jpeg\",\"datePublished\":\"2025-08-04T15:01:39+00:00\",\"dateModified\":\"2025-08-04T15:01:41+00:00\",\"breadcrumb\":{\"@id\":\"https:\/\/panoramaciudadano.com\/index.php\/2025\/08\/04\/apuesta-mara-lezama-a-llevar-la-verdad-al-pueblo\/#breadcrumb\"},\"inLanguage\":\"es\",\"potentialAction\":[{\"@type\":\"ReadAction\",\"target\":[\"https:\/\/panoramaciudadano.com\/index.php\/2025\/08\/04\/apuesta-mara-lezama-a-llevar-la-verdad-al-pueblo\/\"]}]},{\"@type\":\"ImageObject\",\"inLanguage\":\"es\",\"@id\":\"https:\/\/panoramaciudadano.com\/index.php\/2025\/08\/04\/apuesta-mara-lezama-a-llevar-la-verdad-al-pueblo\/#primaryimage\",\"url\":\"https:\/\/panoramaciudadano.com\/wp-content\/uploads\/2025\/08\/WhatsApp-Image-2025-08-04-at-07.28.51.jpeg\",\"contentUrl\":\"https:\/\/panoramaciudadano.com\/wp-content\/uploads\/2025\/08\/WhatsApp-Image-2025-08-04-at-07.28.51.jpeg\",\"width\":592,\"height\":395},{\"@type\":\"BreadcrumbList\",\"@id\":\"https:\/\/panoramaciudadano.com\/index.php\/2025\/08\/04\/apuesta-mara-lezama-a-llevar-la-verdad-al-pueblo\/#breadcrumb\",\"itemListElement\":[{\"@type\":\"ListItem\",\"position\":1,\"name\":\"Portada\",\"item\":\"https:\/\/panoramaciudadano.com\/\"},{\"@type\":\"ListItem\",\"position\":2,\"name\":\"APUESTA MARA LEZAMA A LLEVAR LA VERDAD AL PUEBLO\"}]},{\"@type\":\"WebSite\",\"@id\":\"https:\/\/panoramaciudadano.com\/#website\",\"url\":\"https:\/\/panoramaciudadano.com\/\",\"name\":\"Panorama Ciudadano\",\"description\":\"\",\"publisher\":{\"@id\":\"https:\/\/panoramaciudadano.com\/#organization\"},\"potentialAction\":[{\"@type\":\"SearchAction\",\"target\":{\"@type\":\"EntryPoint\",\"urlTemplate\":\"https:\/\/panoramaciudadano.com\/?s={search_term_string}\"},\"query-input\":{\"@type\":\"PropertyValueSpecification\",\"valueRequired\":true,\"valueName\":\"search_term_string\"}}],\"inLanguage\":\"es\"},{\"@type\":\"Organization\",\"@id\":\"https:\/\/panoramaciudadano.com\/#organization\",\"name\":\"Panorama Ciudadano\",\"url\":\"https:\/\/panoramaciudadano.com\/\",\"logo\":{\"@type\":\"ImageObject\",\"inLanguage\":\"es\",\"@id\":\"https:\/\/panoramaciudadano.com\/#\/schema\/logo\/image\/\",\"url\":\"https:\/\/panoramaciudadano.com\/wp-content\/uploads\/2024\/05\/401498640_919267042938564_6290593609399108733_n.jpg\",\"contentUrl\":\"https:\/\/panoramaciudadano.com\/wp-content\/uploads\/2024\/05\/401498640_919267042938564_6290593609399108733_n.jpg\",\"width\":960,\"height\":957,\"caption\":\"Panorama Ciudadano\"},\"image\":{\"@id\":\"https:\/\/panoramaciudadano.com\/#\/schema\/logo\/image\/\"},\"sameAs\":[\"https:\/\/www.facebook.com\/panoramaciudadano\"]},{\"@type\":\"Person\",\"@id\":\"https:\/\/panoramaciudadano.com\/#\/schema\/person\/ffe9fe8ef47d3a93977b5761fd9e0d96\",\"name\":\"admin\",\"image\":{\"@type\":\"ImageObject\",\"inLanguage\":\"es\",\"@id\":\"https:\/\/panoramaciudadano.com\/#\/schema\/person\/image\/\",\"url\":\"https:\/\/secure.gravatar.com\/avatar\/2d5a12cacce3f18096f25fadea8abb7202fef18ed669595589853e84260ff451?s=96&d=mm&r=g\",\"contentUrl\":\"https:\/\/secure.gravatar.com\/avatar\/2d5a12cacce3f18096f25fadea8abb7202fef18ed669595589853e84260ff451?s=96&d=mm&r=g\",\"caption\":\"admin\"},\"sameAs\":[\"https:\/\/panoramaciudadano.com\"],\"url\":\"https:\/\/panoramaciudadano.com\/index.php\/author\/admin_3q6hyqq3\/\"}]}<\/script>\n<!-- \/ Yoast SEO plugin. -->","yoast_head_json":{"title":"APUESTA MARA LEZAMA A LLEVAR LA VERDAD AL PUEBLO - Panorama Ciudadano","robots":{"index":"index","follow":"follow","max-snippet":"max-snippet:-1","max-image-preview":"max-image-preview:large","max-video-preview":"max-video-preview:-1"},"canonical":"https:\/\/panoramaciudadano.com\/index.php\/2025\/08\/04\/apuesta-mara-lezama-a-llevar-la-verdad-al-pueblo\/","og_locale":"es_ES","og_type":"article","og_title":"APUESTA MARA LEZAMA A LLEVAR LA VERDAD AL PUEBLO - Panorama Ciudadano","og_description":"La Gobernadora del Estado, Mara Lezama Espinosa, particip\u00f3 en la cuarta sesi\u00f3n del Diplomado para la Formaci\u00f3n de Cuadros Pol\u00edticos de Morena, con el tema \u201cHerramientas Comunicativas para la 4T\u201d, impartido por Blanca Montoya.","og_url":"https:\/\/panoramaciudadano.com\/index.php\/2025\/08\/04\/apuesta-mara-lezama-a-llevar-la-verdad-al-pueblo\/","og_site_name":"Panorama Ciudadano","article_publisher":"https:\/\/www.facebook.com\/panoramaciudadano","article_published_time":"2025-08-04T15:01:39+00:00","article_modified_time":"2025-08-04T15:01:41+00:00","og_image":[{"width":592,"height":395,"url":"https:\/\/panoramaciudadano.com\/wp-content\/uploads\/2025\/08\/WhatsApp-Image-2025-08-04-at-07.28.51.jpeg","type":"image\/jpeg"}],"author":"admin","twitter_card":"summary_large_image","twitter_misc":{"Escrito por":"admin","Tiempo de lectura":"2 minutos"},"schema":{"@context":"https:\/\/schema.org","@graph":[{"@type":"Article","@id":"https:\/\/panoramaciudadano.com\/index.php\/2025\/08\/04\/apuesta-mara-lezama-a-llevar-la-verdad-al-pueblo\/#article","isPartOf":{"@id":"https:\/\/panoramaciudadano.com\/index.php\/2025\/08\/04\/apuesta-mara-lezama-a-llevar-la-verdad-al-pueblo\/"},"author":{"name":"admin","@id":"https:\/\/panoramaciudadano.com\/#\/schema\/person\/ffe9fe8ef47d3a93977b5761fd9e0d96"},"headline":"APUESTA MARA LEZAMA A LLEVAR LA VERDAD AL PUEBLO","datePublished":"2025-08-04T15:01:39+00:00","dateModified":"2025-08-04T15:01:41+00:00","mainEntityOfPage":{"@id":"https:\/\/panoramaciudadano.com\/index.php\/2025\/08\/04\/apuesta-mara-lezama-a-llevar-la-verdad-al-pueblo\/"},"wordCount":111,"commentCount":0,"publisher":{"@id":"https:\/\/panoramaciudadano.com\/#organization"},"image":{"@id":"https:\/\/panoramaciudadano.com\/index.php\/2025\/08\/04\/apuesta-mara-lezama-a-llevar-la-verdad-al-pueblo\/#primaryimage"},"thumbnailUrl":"https:\/\/panoramaciudadano.com\/wp-content\/uploads\/2025\/08\/WhatsApp-Image-2025-08-04-at-07.28.51.jpeg","keywords":["Mara Lezama"],"articleSection":["Canc\u00fan"],"inLanguage":"es","potentialAction":[{"@type":"CommentAction","name":"Comment","target":["https:\/\/panoramaciudadano.com\/index.php\/2025\/08\/04\/apuesta-mara-lezama-a-llevar-la-verdad-al-pueblo\/#respond"]}]},{"@type":"WebPage","@id":"https:\/\/panoramaciudadano.com\/index.php\/2025\/08\/04\/apuesta-mara-lezama-a-llevar-la-verdad-al-pueblo\/","url":"https:\/\/panoramaciudadano.com\/index.php\/2025\/08\/04\/apuesta-mara-lezama-a-llevar-la-verdad-al-pueblo\/","name":"APUESTA MARA LEZAMA A LLEVAR LA VERDAD AL PUEBLO - Panorama Ciudadano","isPartOf":{"@id":"https:\/\/panoramaciudadano.com\/#website"},"primaryImageOfPage":{"@id":"https:\/\/panoramaciudadano.com\/index.php\/2025\/08\/04\/apuesta-mara-lezama-a-llevar-la-verdad-al-pueblo\/#primaryimage"},"image":{"@id":"https:\/\/panoramaciudadano.com\/index.php\/2025\/08\/04\/apuesta-mara-lezama-a-llevar-la-verdad-al-pueblo\/#primaryimage"},"thumbnailUrl":"https:\/\/panoramaciudadano.com\/wp-content\/uploads\/2025\/08\/WhatsApp-Image-2025-08-04-at-07.28.51.jpeg","datePublished":"2025-08-04T15:01:39+00:00","dateModified":"2025-08-04T15:01:41+00:00","breadcrumb":{"@id":"https:\/\/panoramaciudadano.com\/index.php\/2025\/08\/04\/apuesta-mara-lezama-a-llevar-la-verdad-al-pueblo\/#breadcrumb"},"inLanguage":"es","potentialAction":[{"@type":"ReadAction","target":["https:\/\/panoramaciudadano.com\/index.php\/2025\/08\/04\/apuesta-mara-lezama-a-llevar-la-verdad-al-pueblo\/"]}]},{"@type":"ImageObject","inLanguage":"es","@id":"https:\/\/panoramaciudadano.com\/index.php\/2025\/08\/04\/apuesta-mara-lezama-a-llevar-la-verdad-al-pueblo\/#primaryimage","url":"https:\/\/panoramaciudadano.com\/wp-content\/uploads\/2025\/08\/WhatsApp-Image-2025-08-04-at-07.28.51.jpeg","contentUrl":"https:\/\/panoramaciudadano.com\/wp-content\/uploads\/2025\/08\/WhatsApp-Image-2025-08-04-at-07.28.51.jpeg","width":592,"height":395},{"@type":"BreadcrumbList","@id":"https:\/\/panoramaciudadano.com\/index.php\/2025\/08\/04\/apuesta-mara-lezama-a-llevar-la-verdad-al-pueblo\/#breadcrumb","itemListElement":[{"@type":"ListItem","position":1,"name":"Portada","item":"https:\/\/panoramaciudadano.com\/"},{"@type":"ListItem","position":2,"name":"APUESTA MARA LEZAMA A LLEVAR LA VERDAD AL PUEBLO"}]},{"@type":"WebSite","@id":"https:\/\/panoramaciudadano.com\/#website","url":"https:\/\/panoramaciudadano.com\/","name":"Panorama Ciudadano","description":"","publisher":{"@id":"https:\/\/panoramaciudadano.com\/#organization"},"potentialAction":[{"@type":"SearchAction","target":{"@type":"EntryPoint","urlTemplate":"https:\/\/panoramaciudadano.com\/?s={search_term_string}"},"query-input":{"@type":"PropertyValueSpecification","valueRequired":true,"valueName":"search_term_string"}}],"inLanguage":"es"},{"@type":"Organization","@id":"https:\/\/panoramaciudadano.com\/#organization","name":"Panorama Ciudadano","url":"https:\/\/panoramaciudadano.com\/","logo":{"@type":"ImageObject","inLanguage":"es","@id":"https:\/\/panoramaciudadano.com\/#\/schema\/logo\/image\/","url":"https:\/\/panoramaciudadano.com\/wp-content\/uploads\/2024\/05\/401498640_919267042938564_6290593609399108733_n.jpg","contentUrl":"https:\/\/panoramaciudadano.com\/wp-content\/uploads\/2024\/05\/401498640_919267042938564_6290593609399108733_n.jpg","width":960,"height":957,"caption":"Panorama Ciudadano"},"image":{"@id":"https:\/\/panoramaciudadano.com\/#\/schema\/logo\/image\/"},"sameAs":["https:\/\/www.facebook.com\/panoramaciudadano"]},{"@type":"Person","@id":"https:\/\/panoramaciudadano.com\/#\/schema\/person\/ffe9fe8ef47d3a93977b5761fd9e0d96","name":"admin","image":{"@type":"ImageObject","inLanguage":"es","@id":"https:\/\/panoramaciudadano.com\/#\/schema\/person\/image\/","url":"https:\/\/secure.gravatar.com\/avatar\/2d5a12cacce3f18096f25fadea8abb7202fef18ed669595589853e84260ff451?s=96&d=mm&r=g","contentUrl":"https:\/\/secure.gravatar.com\/avatar\/2d5a12cacce3f18096f25fadea8abb7202fef18ed669595589853e84260ff451?s=96&d=mm&r=g","caption":"admin"},"sameAs":["https:\/\/panoramaciudadano.com"],"url":"https:\/\/panoramaciudadano.com\/index.php\/author\/admin_3q6hyqq3\/"}]}},"_links":{"self":[{"href":"https:\/\/panoramaciudadano.com\/index.php\/wp-json\/wp\/v2\/posts\/19294","targetHints":{"allow":["GET"]}}],"collection":[{"href":"https:\/\/panoramaciudadano.com\/index.php\/wp-json\/wp\/v2\/posts"}],"about":[{"href":"https:\/\/panoramaciudadano.com\/index.php\/wp-json\/wp\/v2\/types\/post"}],"author":[{"embeddable":true,"href":"https:\/\/panoramaciudadano.com\/index.php\/wp-json\/wp\/v2\/users\/1"}],"replies":[{"embeddable":true,"href":"https:\/\/panoramaciudadano.com\/index.php\/wp-json\/wp\/v2\/comments?post=19294"}],"version-history":[{"count":1,"href":"https:\/\/panoramaciudadano.com\/index.php\/wp-json\/wp\/v2\/posts\/19294\/revisions"}],"predecessor-version":[{"id":19298,"href":"https:\/\/panoramaciudadano.com\/index.php\/wp-json\/wp\/v2\/posts\/19294\/revisions\/19298"}],"wp:featuredmedia":[{"embeddable":true,"href":"https:\/\/panoramaciudadano.com\/index.php\/wp-json\/wp\/v2\/media\/19297"}],"wp:attachment":[{"href":"https:\/\/panoramaciudadano.com\/index.php\/wp-json\/wp\/v2\/media?parent=19294"}],"wp:term":[{"taxonomy":"category","embeddable":true,"href":"https:\/\/panoramaciudadano.com\/index.php\/wp-json\/wp\/v2\/categories?post=19294"},{"taxonomy":"post_tag","embeddable":true,"href":"https:\/\/panoramaciudadano.com\/index.php\/wp-json\/wp\/v2\/tags?post=19294"}],"curies":[{"name":"wp","href":"https:\/\/api.w.org\/{rel}","templated":true}]}}