{"id":19308,"date":"2025-08-04T10:08:02","date_gmt":"2025-08-04T15:08:02","guid":{"rendered":"https:\/\/panoramaciudadano.com\/?p=19308"},"modified":"2025-08-04T10:08:04","modified_gmt":"2025-08-04T15:08:04","slug":"cancun-fortalece-lazos-internacionales-en-el-camino-hacia-la-copa-mundial-de-socca-2025","status":"publish","type":"post","link":"https:\/\/panoramaciudadano.com\/index.php\/2025\/08\/04\/cancun-fortalece-lazos-internacionales-en-el-camino-hacia-la-copa-mundial-de-socca-2025\/","title":{"rendered":"CANC\u00daN FORTALECE LAZOS INTERNACIONALES EN EL CAMINO HACIA LA COPA MUNDIAL DE SOCCA 2025"},"content":{"rendered":"\n<figure class=\"wp-block-image size-full\"><img decoding=\"async\" width=\"960\" height=\"708\" src=\"https:\/\/panoramaciudadano.com\/wp-content\/uploads\/2025\/08\/WhatsApp-Image-2025-08-04-at-07.42.35-1.jpeg\" alt=\"\" class=\"wp-image-19309\" srcset=\"https:\/\/panoramaciudadano.com\/wp-content\/uploads\/2025\/08\/WhatsApp-Image-2025-08-04-at-07.42.35-1.jpeg 960w, https:\/\/panoramaciudadano.com\/wp-content\/uploads\/2025\/08\/WhatsApp-Image-2025-08-04-at-07.42.35-1-300x221.jpeg 300w, https:\/\/panoramaciudadano.com\/wp-content\/uploads\/2025\/08\/WhatsApp-Image-2025-08-04-at-07.42.35-1-768x566.jpeg 768w\" sizes=\"(max-width: 960px) 100vw, 960px\" \/><\/figure>\n\n\n\n<p>La Presidenta Municipal, Ana Paty Peralta, celebr\u00f3 el esfuerzo realizado a trav\u00e9s del Instituto del Deporte para seguir estrechando lazos con la Federaci\u00f3n Internacional de Futbol Socca, de cara a la Copa del Mundo Socca, que se efectuar\u00e1 del 28 de noviembre al 7 de diciembre en Canc\u00fan.<\/p>\n\n\n\n<p>En el marco de la Asamblea de la Federaci\u00f3n Internacional de Futbol Socca, en medio de la gran fiesta que se vivi\u00f3 en R\u00edo de Janeiro con motivo de la Am\u00e9rica Socca Cup, el director general del Instituto del Deporte Alejandro Luna L\u00f3pez, en representaci\u00f3n de la Gobernadora Mara Lezama y de la Presidenta Municipal, particip\u00f3 del evento, a fin de alistar los \u00faltimos detalles para la justa deportiva.<\/p>\n\n\n\n<p>Durante su intervenci\u00f3n, Alejandro Luna destac\u00f3 la relevancia de fortalecer los lazos deportivos entre pa\u00edses y de coordinar esfuerzos rumbo a la Copa del Mundo de Socca, ya que este evento internacional no solo promueve la hermandad deportiva, sino que tambi\u00e9n proyecta a Canc\u00fan como un referente global en turismo deportivo.<\/p>\n\n\n\n<p>\u201cAgradezco profundamente el respaldo de nuestra Gobernadora, Mara Lezama, y de nuestra Presidenta Municipal, Ana Paty Peralta, as\u00ed como de la Federaci\u00f3n Internacional de Socca y de la Confederaci\u00f3n de Am\u00e9rica Socca. Estamos construyendo una verdadera fiesta del deporte\u201d, expres\u00f3 Luna L\u00f3pez.<\/p>\n\n\n\n<p>Alejandro Luna habl\u00f3 sobre la experiencia de haber albergado la primera Am\u00e9rica Socca en Canc\u00fan, dentro de una confederaci\u00f3n que va creciendo a pasos agigantados. Afirm\u00f3 que Canc\u00fan se encuentra listo para tener un Mundial ejemplar, consolidando al destino como una sede que dejar\u00e1 huella en la historia de este deporte.<\/p>\n\n\n\n<p>Asimismo, aprovech\u00f3 este foro internacional para invitar a los pa\u00edses participantes a postularse como sedes de futuros encuentros de Socca, destacando la importancia de abrir espacios que celebren el trabajo en equipo, la inclusi\u00f3n y la cooperaci\u00f3n entre naciones.<\/p>\n\n\n\n<p>Con estas acciones, Canc\u00fan reafirma su liderazgo como destino estrat\u00e9gico en el desarrollo de eventos deportivos de talla mundial.<\/p>\n","protected":false},"excerpt":{"rendered":"<p>La Presidenta Municipal, Ana Paty Peralta, celebr\u00f3 el esfuerzo realizado a trav\u00e9s del Instituto del Deporte para seguir estrechando lazos con la Federaci\u00f3n Internacional de Futbol Socca, de cara a la Copa del Mundo Socca, que se efectuar\u00e1 del 28 de noviembre al 7 de diciembre en Canc\u00fan.<\/p>\n","protected":false},"author":1,"featured_media":19310,"comment_status":"open","ping_status":"closed","sticky":false,"template":"","format":"standard","meta":{"footnotes":""},"categories":[6],"tags":[145],"class_list":["post-19308","post","type-post","status-publish","format-standard","has-post-thumbnail","hentry","category-cancun","tag-ana-paty-peralta"],"yoast_head":"<!-- This site is optimized with the Yoast SEO plugin v27.1.1 - https:\/\/yoast.com\/product\/yoast-seo-wordpress\/ -->\n<title>CANC\u00daN FORTALECE LAZOS INTERNACIONALES EN EL CAMINO HACIA LA COPA MUNDIAL DE SOCCA 2025 - Panorama Ciudadano<\/title>\n<meta name=\"robots\" content=\"index, follow, max-snippet:-1, max-image-preview:large, max-video-preview:-1\" \/>\n<link rel=\"canonical\" href=\"https:\/\/panoramaciudadano.com\/index.php\/2025\/08\/04\/cancun-fortalece-lazos-internacionales-en-el-camino-hacia-la-copa-mundial-de-socca-2025\/\" \/>\n<meta property=\"og:locale\" content=\"es_ES\" \/>\n<meta property=\"og:type\" content=\"article\" \/>\n<meta property=\"og:title\" content=\"CANC\u00daN FORTALECE LAZOS INTERNACIONALES EN EL CAMINO HACIA LA COPA MUNDIAL DE SOCCA 2025 - Panorama Ciudadano\" \/>\n<meta property=\"og:description\" content=\"La Presidenta Municipal, Ana Paty Peralta, celebr\u00f3 el esfuerzo realizado a trav\u00e9s del Instituto del Deporte para seguir estrechando lazos con la Federaci\u00f3n Internacional de Futbol Socca, de cara a la Copa del Mundo Socca, que se efectuar\u00e1 del 28 de noviembre al 7 de diciembre en Canc\u00fan.\" \/>\n<meta property=\"og:url\" content=\"https:\/\/panoramaciudadano.com\/index.php\/2025\/08\/04\/cancun-fortalece-lazos-internacionales-en-el-camino-hacia-la-copa-mundial-de-socca-2025\/\" \/>\n<meta property=\"og:site_name\" content=\"Panorama Ciudadano\" \/>\n<meta property=\"article:publisher\" content=\"https:\/\/www.facebook.com\/panoramaciudadano\" \/>\n<meta property=\"article:published_time\" content=\"2025-08-04T15:08:02+00:00\" \/>\n<meta property=\"article:modified_time\" content=\"2025-08-04T15:08:04+00:00\" \/>\n<meta property=\"og:image\" content=\"https:\/\/panoramaciudadano.com\/wp-content\/uploads\/2025\/08\/WhatsApp-Image-2025-08-04-at-07.42.35-2.jpeg\" \/>\n\t<meta property=\"og:image:width\" content=\"960\" \/>\n\t<meta property=\"og:image:height\" content=\"720\" \/>\n\t<meta property=\"og:image:type\" content=\"image\/jpeg\" \/>\n<meta name=\"author\" content=\"admin\" \/>\n<meta name=\"twitter:card\" content=\"summary_large_image\" \/>\n<meta name=\"twitter:label1\" content=\"Escrito por\" \/>\n\t<meta name=\"twitter:data1\" content=\"admin\" \/>\n\t<meta name=\"twitter:label2\" content=\"Tiempo de lectura\" \/>\n\t<meta name=\"twitter:data2\" content=\"2 minutos\" \/>\n<script type=\"application\/ld+json\" class=\"yoast-schema-graph\">{\"@context\":\"https:\/\/schema.org\",\"@graph\":[{\"@type\":\"Article\",\"@id\":\"https:\/\/panoramaciudadano.com\/index.php\/2025\/08\/04\/cancun-fortalece-lazos-internacionales-en-el-camino-hacia-la-copa-mundial-de-socca-2025\/#article\",\"isPartOf\":{\"@id\":\"https:\/\/panoramaciudadano.com\/index.php\/2025\/08\/04\/cancun-fortalece-lazos-internacionales-en-el-camino-hacia-la-copa-mundial-de-socca-2025\/\"},\"author\":{\"name\":\"admin\",\"@id\":\"https:\/\/panoramaciudadano.com\/#\/schema\/person\/ffe9fe8ef47d3a93977b5761fd9e0d96\"},\"headline\":\"CANC\u00daN FORTALECE LAZOS INTERNACIONALES EN EL CAMINO HACIA LA COPA MUNDIAL DE SOCCA 2025\",\"datePublished\":\"2025-08-04T15:08:02+00:00\",\"dateModified\":\"2025-08-04T15:08:04+00:00\",\"mainEntityOfPage\":{\"@id\":\"https:\/\/panoramaciudadano.com\/index.php\/2025\/08\/04\/cancun-fortalece-lazos-internacionales-en-el-camino-hacia-la-copa-mundial-de-socca-2025\/\"},\"wordCount\":356,\"commentCount\":0,\"publisher\":{\"@id\":\"https:\/\/panoramaciudadano.com\/#organization\"},\"image\":{\"@id\":\"https:\/\/panoramaciudadano.com\/index.php\/2025\/08\/04\/cancun-fortalece-lazos-internacionales-en-el-camino-hacia-la-copa-mundial-de-socca-2025\/#primaryimage\"},\"thumbnailUrl\":\"https:\/\/panoramaciudadano.com\/wp-content\/uploads\/2025\/08\/WhatsApp-Image-2025-08-04-at-07.42.35-2.jpeg\",\"keywords\":[\"Ana Paty Peralta\"],\"articleSection\":[\"Canc\u00fan\"],\"inLanguage\":\"es\",\"potentialAction\":[{\"@type\":\"CommentAction\",\"name\":\"Comment\",\"target\":[\"https:\/\/panoramaciudadano.com\/index.php\/2025\/08\/04\/cancun-fortalece-lazos-internacionales-en-el-camino-hacia-la-copa-mundial-de-socca-2025\/#respond\"]}]},{\"@type\":\"WebPage\",\"@id\":\"https:\/\/panoramaciudadano.com\/index.php\/2025\/08\/04\/cancun-fortalece-lazos-internacionales-en-el-camino-hacia-la-copa-mundial-de-socca-2025\/\",\"url\":\"https:\/\/panoramaciudadano.com\/index.php\/2025\/08\/04\/cancun-fortalece-lazos-internacionales-en-el-camino-hacia-la-copa-mundial-de-socca-2025\/\",\"name\":\"CANC\u00daN FORTALECE LAZOS INTERNACIONALES EN EL CAMINO HACIA LA COPA MUNDIAL DE SOCCA 2025 - Panorama Ciudadano\",\"isPartOf\":{\"@id\":\"https:\/\/panoramaciudadano.com\/#website\"},\"primaryImageOfPage\":{\"@id\":\"https:\/\/panoramaciudadano.com\/index.php\/2025\/08\/04\/cancun-fortalece-lazos-internacionales-en-el-camino-hacia-la-copa-mundial-de-socca-2025\/#primaryimage\"},\"image\":{\"@id\":\"https:\/\/panoramaciudadano.com\/index.php\/2025\/08\/04\/cancun-fortalece-lazos-internacionales-en-el-camino-hacia-la-copa-mundial-de-socca-2025\/#primaryimage\"},\"thumbnailUrl\":\"https:\/\/panoramaciudadano.com\/wp-content\/uploads\/2025\/08\/WhatsApp-Image-2025-08-04-at-07.42.35-2.jpeg\",\"datePublished\":\"2025-08-04T15:08:02+00:00\",\"dateModified\":\"2025-08-04T15:08:04+00:00\",\"breadcrumb\":{\"@id\":\"https:\/\/panoramaciudadano.com\/index.php\/2025\/08\/04\/cancun-fortalece-lazos-internacionales-en-el-camino-hacia-la-copa-mundial-de-socca-2025\/#breadcrumb\"},\"inLanguage\":\"es\",\"potentialAction\":[{\"@type\":\"ReadAction\",\"target\":[\"https:\/\/panoramaciudadano.com\/index.php\/2025\/08\/04\/cancun-fortalece-lazos-internacionales-en-el-camino-hacia-la-copa-mundial-de-socca-2025\/\"]}]},{\"@type\":\"ImageObject\",\"inLanguage\":\"es\",\"@id\":\"https:\/\/panoramaciudadano.com\/index.php\/2025\/08\/04\/cancun-fortalece-lazos-internacionales-en-el-camino-hacia-la-copa-mundial-de-socca-2025\/#primaryimage\",\"url\":\"https:\/\/panoramaciudadano.com\/wp-content\/uploads\/2025\/08\/WhatsApp-Image-2025-08-04-at-07.42.35-2.jpeg\",\"contentUrl\":\"https:\/\/panoramaciudadano.com\/wp-content\/uploads\/2025\/08\/WhatsApp-Image-2025-08-04-at-07.42.35-2.jpeg\",\"width\":960,\"height\":720},{\"@type\":\"BreadcrumbList\",\"@id\":\"https:\/\/panoramaciudadano.com\/index.php\/2025\/08\/04\/cancun-fortalece-lazos-internacionales-en-el-camino-hacia-la-copa-mundial-de-socca-2025\/#breadcrumb\",\"itemListElement\":[{\"@type\":\"ListItem\",\"position\":1,\"name\":\"Portada\",\"item\":\"https:\/\/panoramaciudadano.com\/\"},{\"@type\":\"ListItem\",\"position\":2,\"name\":\"CANC\u00daN FORTALECE LAZOS INTERNACIONALES EN EL CAMINO HACIA LA COPA MUNDIAL DE SOCCA 2025\"}]},{\"@type\":\"WebSite\",\"@id\":\"https:\/\/panoramaciudadano.com\/#website\",\"url\":\"https:\/\/panoramaciudadano.com\/\",\"name\":\"Panorama Ciudadano\",\"description\":\"\",\"publisher\":{\"@id\":\"https:\/\/panoramaciudadano.com\/#organization\"},\"potentialAction\":[{\"@type\":\"SearchAction\",\"target\":{\"@type\":\"EntryPoint\",\"urlTemplate\":\"https:\/\/panoramaciudadano.com\/?s={search_term_string}\"},\"query-input\":{\"@type\":\"PropertyValueSpecification\",\"valueRequired\":true,\"valueName\":\"search_term_string\"}}],\"inLanguage\":\"es\"},{\"@type\":\"Organization\",\"@id\":\"https:\/\/panoramaciudadano.com\/#organization\",\"name\":\"Panorama Ciudadano\",\"url\":\"https:\/\/panoramaciudadano.com\/\",\"logo\":{\"@type\":\"ImageObject\",\"inLanguage\":\"es\",\"@id\":\"https:\/\/panoramaciudadano.com\/#\/schema\/logo\/image\/\",\"url\":\"https:\/\/panoramaciudadano.com\/wp-content\/uploads\/2024\/05\/401498640_919267042938564_6290593609399108733_n.jpg\",\"contentUrl\":\"https:\/\/panoramaciudadano.com\/wp-content\/uploads\/2024\/05\/401498640_919267042938564_6290593609399108733_n.jpg\",\"width\":960,\"height\":957,\"caption\":\"Panorama Ciudadano\"},\"image\":{\"@id\":\"https:\/\/panoramaciudadano.com\/#\/schema\/logo\/image\/\"},\"sameAs\":[\"https:\/\/www.facebook.com\/panoramaciudadano\"]},{\"@type\":\"Person\",\"@id\":\"https:\/\/panoramaciudadano.com\/#\/schema\/person\/ffe9fe8ef47d3a93977b5761fd9e0d96\",\"name\":\"admin\",\"image\":{\"@type\":\"ImageObject\",\"inLanguage\":\"es\",\"@id\":\"https:\/\/panoramaciudadano.com\/#\/schema\/person\/image\/\",\"url\":\"https:\/\/secure.gravatar.com\/avatar\/2d5a12cacce3f18096f25fadea8abb7202fef18ed669595589853e84260ff451?s=96&d=mm&r=g\",\"contentUrl\":\"https:\/\/secure.gravatar.com\/avatar\/2d5a12cacce3f18096f25fadea8abb7202fef18ed669595589853e84260ff451?s=96&d=mm&r=g\",\"caption\":\"admin\"},\"sameAs\":[\"https:\/\/panoramaciudadano.com\"],\"url\":\"https:\/\/panoramaciudadano.com\/index.php\/author\/admin_3q6hyqq3\/\"}]}<\/script>\n<!-- \/ Yoast SEO plugin. -->","yoast_head_json":{"title":"CANC\u00daN FORTALECE LAZOS INTERNACIONALES EN EL CAMINO HACIA LA COPA MUNDIAL DE SOCCA 2025 - Panorama Ciudadano","robots":{"index":"index","follow":"follow","max-snippet":"max-snippet:-1","max-image-preview":"max-image-preview:large","max-video-preview":"max-video-preview:-1"},"canonical":"https:\/\/panoramaciudadano.com\/index.php\/2025\/08\/04\/cancun-fortalece-lazos-internacionales-en-el-camino-hacia-la-copa-mundial-de-socca-2025\/","og_locale":"es_ES","og_type":"article","og_title":"CANC\u00daN FORTALECE LAZOS INTERNACIONALES EN EL CAMINO HACIA LA COPA MUNDIAL DE SOCCA 2025 - Panorama Ciudadano","og_description":"La Presidenta Municipal, Ana Paty Peralta, celebr\u00f3 el esfuerzo realizado a trav\u00e9s del Instituto del Deporte para seguir estrechando lazos con la Federaci\u00f3n Internacional de Futbol Socca, de cara a la Copa del Mundo Socca, que se efectuar\u00e1 del 28 de noviembre al 7 de diciembre en Canc\u00fan.","og_url":"https:\/\/panoramaciudadano.com\/index.php\/2025\/08\/04\/cancun-fortalece-lazos-internacionales-en-el-camino-hacia-la-copa-mundial-de-socca-2025\/","og_site_name":"Panorama Ciudadano","article_publisher":"https:\/\/www.facebook.com\/panoramaciudadano","article_published_time":"2025-08-04T15:08:02+00:00","article_modified_time":"2025-08-04T15:08:04+00:00","og_image":[{"width":960,"height":720,"url":"https:\/\/panoramaciudadano.com\/wp-content\/uploads\/2025\/08\/WhatsApp-Image-2025-08-04-at-07.42.35-2.jpeg","type":"image\/jpeg"}],"author":"admin","twitter_card":"summary_large_image","twitter_misc":{"Escrito por":"admin","Tiempo de lectura":"2 minutos"},"schema":{"@context":"https:\/\/schema.org","@graph":[{"@type":"Article","@id":"https:\/\/panoramaciudadano.com\/index.php\/2025\/08\/04\/cancun-fortalece-lazos-internacionales-en-el-camino-hacia-la-copa-mundial-de-socca-2025\/#article","isPartOf":{"@id":"https:\/\/panoramaciudadano.com\/index.php\/2025\/08\/04\/cancun-fortalece-lazos-internacionales-en-el-camino-hacia-la-copa-mundial-de-socca-2025\/"},"author":{"name":"admin","@id":"https:\/\/panoramaciudadano.com\/#\/schema\/person\/ffe9fe8ef47d3a93977b5761fd9e0d96"},"headline":"CANC\u00daN FORTALECE LAZOS INTERNACIONALES EN EL CAMINO HACIA LA COPA MUNDIAL DE SOCCA 2025","datePublished":"2025-08-04T15:08:02+00:00","dateModified":"2025-08-04T15:08:04+00:00","mainEntityOfPage":{"@id":"https:\/\/panoramaciudadano.com\/index.php\/2025\/08\/04\/cancun-fortalece-lazos-internacionales-en-el-camino-hacia-la-copa-mundial-de-socca-2025\/"},"wordCount":356,"commentCount":0,"publisher":{"@id":"https:\/\/panoramaciudadano.com\/#organization"},"image":{"@id":"https:\/\/panoramaciudadano.com\/index.php\/2025\/08\/04\/cancun-fortalece-lazos-internacionales-en-el-camino-hacia-la-copa-mundial-de-socca-2025\/#primaryimage"},"thumbnailUrl":"https:\/\/panoramaciudadano.com\/wp-content\/uploads\/2025\/08\/WhatsApp-Image-2025-08-04-at-07.42.35-2.jpeg","keywords":["Ana Paty Peralta"],"articleSection":["Canc\u00fan"],"inLanguage":"es","potentialAction":[{"@type":"CommentAction","name":"Comment","target":["https:\/\/panoramaciudadano.com\/index.php\/2025\/08\/04\/cancun-fortalece-lazos-internacionales-en-el-camino-hacia-la-copa-mundial-de-socca-2025\/#respond"]}]},{"@type":"WebPage","@id":"https:\/\/panoramaciudadano.com\/index.php\/2025\/08\/04\/cancun-fortalece-lazos-internacionales-en-el-camino-hacia-la-copa-mundial-de-socca-2025\/","url":"https:\/\/panoramaciudadano.com\/index.php\/2025\/08\/04\/cancun-fortalece-lazos-internacionales-en-el-camino-hacia-la-copa-mundial-de-socca-2025\/","name":"CANC\u00daN FORTALECE LAZOS INTERNACIONALES EN EL CAMINO HACIA LA COPA MUNDIAL DE SOCCA 2025 - Panorama Ciudadano","isPartOf":{"@id":"https:\/\/panoramaciudadano.com\/#website"},"primaryImageOfPage":{"@id":"https:\/\/panoramaciudadano.com\/index.php\/2025\/08\/04\/cancun-fortalece-lazos-internacionales-en-el-camino-hacia-la-copa-mundial-de-socca-2025\/#primaryimage"},"image":{"@id":"https:\/\/panoramaciudadano.com\/index.php\/2025\/08\/04\/cancun-fortalece-lazos-internacionales-en-el-camino-hacia-la-copa-mundial-de-socca-2025\/#primaryimage"},"thumbnailUrl":"https:\/\/panoramaciudadano.com\/wp-content\/uploads\/2025\/08\/WhatsApp-Image-2025-08-04-at-07.42.35-2.jpeg","datePublished":"2025-08-04T15:08:02+00:00","dateModified":"2025-08-04T15:08:04+00:00","breadcrumb":{"@id":"https:\/\/panoramaciudadano.com\/index.php\/2025\/08\/04\/cancun-fortalece-lazos-internacionales-en-el-camino-hacia-la-copa-mundial-de-socca-2025\/#breadcrumb"},"inLanguage":"es","potentialAction":[{"@type":"ReadAction","target":["https:\/\/panoramaciudadano.com\/index.php\/2025\/08\/04\/cancun-fortalece-lazos-internacionales-en-el-camino-hacia-la-copa-mundial-de-socca-2025\/"]}]},{"@type":"ImageObject","inLanguage":"es","@id":"https:\/\/panoramaciudadano.com\/index.php\/2025\/08\/04\/cancun-fortalece-lazos-internacionales-en-el-camino-hacia-la-copa-mundial-de-socca-2025\/#primaryimage","url":"https:\/\/panoramaciudadano.com\/wp-content\/uploads\/2025\/08\/WhatsApp-Image-2025-08-04-at-07.42.35-2.jpeg","contentUrl":"https:\/\/panoramaciudadano.com\/wp-content\/uploads\/2025\/08\/WhatsApp-Image-2025-08-04-at-07.42.35-2.jpeg","width":960,"height":720},{"@type":"BreadcrumbList","@id":"https:\/\/panoramaciudadano.com\/index.php\/2025\/08\/04\/cancun-fortalece-lazos-internacionales-en-el-camino-hacia-la-copa-mundial-de-socca-2025\/#breadcrumb","itemListElement":[{"@type":"ListItem","position":1,"name":"Portada","item":"https:\/\/panoramaciudadano.com\/"},{"@type":"ListItem","position":2,"name":"CANC\u00daN FORTALECE LAZOS INTERNACIONALES EN EL CAMINO HACIA LA COPA MUNDIAL DE SOCCA 2025"}]},{"@type":"WebSite","@id":"https:\/\/panoramaciudadano.com\/#website","url":"https:\/\/panoramaciudadano.com\/","name":"Panorama Ciudadano","description":"","publisher":{"@id":"https:\/\/panoramaciudadano.com\/#organization"},"potentialAction":[{"@type":"SearchAction","target":{"@type":"EntryPoint","urlTemplate":"https:\/\/panoramaciudadano.com\/?s={search_term_string}"},"query-input":{"@type":"PropertyValueSpecification","valueRequired":true,"valueName":"search_term_string"}}],"inLanguage":"es"},{"@type":"Organization","@id":"https:\/\/panoramaciudadano.com\/#organization","name":"Panorama Ciudadano","url":"https:\/\/panoramaciudadano.com\/","logo":{"@type":"ImageObject","inLanguage":"es","@id":"https:\/\/panoramaciudadano.com\/#\/schema\/logo\/image\/","url":"https:\/\/panoramaciudadano.com\/wp-content\/uploads\/2024\/05\/401498640_919267042938564_6290593609399108733_n.jpg","contentUrl":"https:\/\/panoramaciudadano.com\/wp-content\/uploads\/2024\/05\/401498640_919267042938564_6290593609399108733_n.jpg","width":960,"height":957,"caption":"Panorama Ciudadano"},"image":{"@id":"https:\/\/panoramaciudadano.com\/#\/schema\/logo\/image\/"},"sameAs":["https:\/\/www.facebook.com\/panoramaciudadano"]},{"@type":"Person","@id":"https:\/\/panoramaciudadano.com\/#\/schema\/person\/ffe9fe8ef47d3a93977b5761fd9e0d96","name":"admin","image":{"@type":"ImageObject","inLanguage":"es","@id":"https:\/\/panoramaciudadano.com\/#\/schema\/person\/image\/","url":"https:\/\/secure.gravatar.com\/avatar\/2d5a12cacce3f18096f25fadea8abb7202fef18ed669595589853e84260ff451?s=96&d=mm&r=g","contentUrl":"https:\/\/secure.gravatar.com\/avatar\/2d5a12cacce3f18096f25fadea8abb7202fef18ed669595589853e84260ff451?s=96&d=mm&r=g","caption":"admin"},"sameAs":["https:\/\/panoramaciudadano.com"],"url":"https:\/\/panoramaciudadano.com\/index.php\/author\/admin_3q6hyqq3\/"}]}},"_links":{"self":[{"href":"https:\/\/panoramaciudadano.com\/index.php\/wp-json\/wp\/v2\/posts\/19308","targetHints":{"allow":["GET"]}}],"collection":[{"href":"https:\/\/panoramaciudadano.com\/index.php\/wp-json\/wp\/v2\/posts"}],"about":[{"href":"https:\/\/panoramaciudadano.com\/index.php\/wp-json\/wp\/v2\/types\/post"}],"author":[{"embeddable":true,"href":"https:\/\/panoramaciudadano.com\/index.php\/wp-json\/wp\/v2\/users\/1"}],"replies":[{"embeddable":true,"href":"https:\/\/panoramaciudadano.com\/index.php\/wp-json\/wp\/v2\/comments?post=19308"}],"version-history":[{"count":1,"href":"https:\/\/panoramaciudadano.com\/index.php\/wp-json\/wp\/v2\/posts\/19308\/revisions"}],"predecessor-version":[{"id":19311,"href":"https:\/\/panoramaciudadano.com\/index.php\/wp-json\/wp\/v2\/posts\/19308\/revisions\/19311"}],"wp:featuredmedia":[{"embeddable":true,"href":"https:\/\/panoramaciudadano.com\/index.php\/wp-json\/wp\/v2\/media\/19310"}],"wp:attachment":[{"href":"https:\/\/panoramaciudadano.com\/index.php\/wp-json\/wp\/v2\/media?parent=19308"}],"wp:term":[{"taxonomy":"category","embeddable":true,"href":"https:\/\/panoramaciudadano.com\/index.php\/wp-json\/wp\/v2\/categories?post=19308"},{"taxonomy":"post_tag","embeddable":true,"href":"https:\/\/panoramaciudadano.com\/index.php\/wp-json\/wp\/v2\/tags?post=19308"}],"curies":[{"name":"wp","href":"https:\/\/api.w.org\/{rel}","templated":true}]}}