{"id":19747,"date":"2025-08-11T09:35:07","date_gmt":"2025-08-11T14:35:07","guid":{"rendered":"https:\/\/panoramaciudadano.com\/?p=19747"},"modified":"2025-08-11T09:35:11","modified_gmt":"2025-08-11T14:35:11","slug":"policias-responden-a-reporte-de-robo-con-violencia-en-la-region-219","status":"publish","type":"post","link":"https:\/\/panoramaciudadano.com\/index.php\/2025\/08\/11\/policias-responden-a-reporte-de-robo-con-violencia-en-la-region-219\/","title":{"rendered":"Polic\u00edas responden a reporte de robo con violencia en la regi\u00f3n 219"},"content":{"rendered":"\n<figure class=\"wp-block-image size-large\"><img decoding=\"async\" width=\"1024\" height=\"768\" src=\"https:\/\/panoramaciudadano.com\/wp-content\/uploads\/2025\/08\/WhatsApp-Image-2025-08-11-at-07.36.34-1024x768.jpeg\" alt=\"\" class=\"wp-image-19748\" srcset=\"https:\/\/panoramaciudadano.com\/wp-content\/uploads\/2025\/08\/WhatsApp-Image-2025-08-11-at-07.36.34-1024x768.jpeg 1024w, https:\/\/panoramaciudadano.com\/wp-content\/uploads\/2025\/08\/WhatsApp-Image-2025-08-11-at-07.36.34-300x225.jpeg 300w, https:\/\/panoramaciudadano.com\/wp-content\/uploads\/2025\/08\/WhatsApp-Image-2025-08-11-at-07.36.34-768x576.jpeg 768w, https:\/\/panoramaciudadano.com\/wp-content\/uploads\/2025\/08\/WhatsApp-Image-2025-08-11-at-07.36.34-1536x1152.jpeg 1536w, https:\/\/panoramaciudadano.com\/wp-content\/uploads\/2025\/08\/WhatsApp-Image-2025-08-11-at-07.36.34.jpeg 1600w\" sizes=\"(max-width: 1024px) 100vw, 1024px\" \/><\/figure>\n\n\n\n<p>El reporte de un robo con violencia moviliz\u00f3 a los polic\u00edas municipales y estatales en la regi\u00f3n 219, al arribar ya estaba todo cerrado, pero se presume que fue positivo el il\u00edcito.&nbsp;<\/p>\n\n\n\n<p>El incidente fue reportado inicialmente como detonaciones, lo que activaron los elementos de la Polic\u00eda Municipal. Sin embargo, al llegar al lugar, los oficiales encontraron el local de la empresa \u201cAgua Bonavida\u201d, cerrado, sin posibilidad de acceso inmediato, ni testigos visibles en el momento.<\/p>\n\n\n\n<p>Por varios minutos se registr\u00f3 un fuerte despliegue cerca del tianguis por lo menos para tratar de alg\u00fan agraviado o testigo, pero al parecer fueron las c\u00e1maras de seguridad quienes podr\u00edan confirmar los hechos.&nbsp;<\/p>\n\n\n\n<p>Hasta el momento, no se ha confirmado el monto del bot\u00edn. Las autoridades no han emitido informaci\u00f3n oficial sobre posibles sospechosos o avances en la investigaci\u00f3n, pero s\u00ed no hay denuncia no hay delito.<\/p>\n","protected":false},"excerpt":{"rendered":"<p>El reporte de un robo con violencia moviliz\u00f3 a los polic\u00edas municipales y estatales en la regi\u00f3n 219, al arribar ya estaba todo cerrado, pero se presume que fue positivo el il\u00edcito.\u00a0<\/p>\n","protected":false},"author":1,"featured_media":19748,"comment_status":"open","ping_status":"closed","sticky":false,"template":"","format":"standard","meta":{"footnotes":""},"categories":[6],"tags":[2103],"class_list":["post-19747","post","type-post","status-publish","format-standard","has-post-thumbnail","hentry","category-cancun","tag-region-219"],"yoast_head":"<!-- This site is optimized with the Yoast SEO plugin v27.1.1 - https:\/\/yoast.com\/product\/yoast-seo-wordpress\/ -->\n<title>Polic\u00edas responden a reporte de robo con violencia en la regi\u00f3n 219 - Panorama Ciudadano<\/title>\n<meta name=\"robots\" content=\"index, follow, max-snippet:-1, max-image-preview:large, max-video-preview:-1\" \/>\n<link rel=\"canonical\" href=\"https:\/\/panoramaciudadano.com\/index.php\/2025\/08\/11\/policias-responden-a-reporte-de-robo-con-violencia-en-la-region-219\/\" \/>\n<meta property=\"og:locale\" content=\"es_ES\" \/>\n<meta property=\"og:type\" content=\"article\" \/>\n<meta property=\"og:title\" content=\"Polic\u00edas responden a reporte de robo con violencia en la regi\u00f3n 219 - Panorama Ciudadano\" \/>\n<meta property=\"og:description\" content=\"El reporte de un robo con violencia moviliz\u00f3 a los polic\u00edas municipales y estatales en la regi\u00f3n 219, al arribar ya estaba todo cerrado, pero se presume que fue positivo el il\u00edcito.\u00a0\" \/>\n<meta property=\"og:url\" content=\"https:\/\/panoramaciudadano.com\/index.php\/2025\/08\/11\/policias-responden-a-reporte-de-robo-con-violencia-en-la-region-219\/\" \/>\n<meta property=\"og:site_name\" content=\"Panorama Ciudadano\" \/>\n<meta property=\"article:publisher\" content=\"https:\/\/www.facebook.com\/panoramaciudadano\" \/>\n<meta property=\"article:published_time\" content=\"2025-08-11T14:35:07+00:00\" \/>\n<meta property=\"article:modified_time\" content=\"2025-08-11T14:35:11+00:00\" \/>\n<meta property=\"og:image\" content=\"https:\/\/panoramaciudadano.com\/wp-content\/uploads\/2025\/08\/WhatsApp-Image-2025-08-11-at-07.36.34.jpeg\" \/>\n\t<meta property=\"og:image:width\" content=\"1600\" \/>\n\t<meta property=\"og:image:height\" content=\"1200\" \/>\n\t<meta property=\"og:image:type\" content=\"image\/jpeg\" \/>\n<meta name=\"author\" content=\"admin\" \/>\n<meta name=\"twitter:card\" content=\"summary_large_image\" \/>\n<meta name=\"twitter:label1\" content=\"Escrito por\" \/>\n\t<meta name=\"twitter:data1\" content=\"admin\" \/>\n\t<meta name=\"twitter:label2\" content=\"Tiempo de lectura\" \/>\n\t<meta name=\"twitter:data2\" content=\"2 minutos\" \/>\n<script type=\"application\/ld+json\" class=\"yoast-schema-graph\">{\"@context\":\"https:\/\/schema.org\",\"@graph\":[{\"@type\":\"Article\",\"@id\":\"https:\/\/panoramaciudadano.com\/index.php\/2025\/08\/11\/policias-responden-a-reporte-de-robo-con-violencia-en-la-region-219\/#article\",\"isPartOf\":{\"@id\":\"https:\/\/panoramaciudadano.com\/index.php\/2025\/08\/11\/policias-responden-a-reporte-de-robo-con-violencia-en-la-region-219\/\"},\"author\":{\"name\":\"admin\",\"@id\":\"https:\/\/panoramaciudadano.com\/#\/schema\/person\/ffe9fe8ef47d3a93977b5761fd9e0d96\"},\"headline\":\"Polic\u00edas responden a reporte de robo con violencia en la regi\u00f3n 219\",\"datePublished\":\"2025-08-11T14:35:07+00:00\",\"dateModified\":\"2025-08-11T14:35:11+00:00\",\"mainEntityOfPage\":{\"@id\":\"https:\/\/panoramaciudadano.com\/index.php\/2025\/08\/11\/policias-responden-a-reporte-de-robo-con-violencia-en-la-region-219\/\"},\"wordCount\":168,\"commentCount\":0,\"publisher\":{\"@id\":\"https:\/\/panoramaciudadano.com\/#organization\"},\"image\":{\"@id\":\"https:\/\/panoramaciudadano.com\/index.php\/2025\/08\/11\/policias-responden-a-reporte-de-robo-con-violencia-en-la-region-219\/#primaryimage\"},\"thumbnailUrl\":\"https:\/\/panoramaciudadano.com\/wp-content\/uploads\/2025\/08\/WhatsApp-Image-2025-08-11-at-07.36.34.jpeg\",\"keywords\":[\"regi\u00f3n 219\"],\"articleSection\":[\"Canc\u00fan\"],\"inLanguage\":\"es\",\"potentialAction\":[{\"@type\":\"CommentAction\",\"name\":\"Comment\",\"target\":[\"https:\/\/panoramaciudadano.com\/index.php\/2025\/08\/11\/policias-responden-a-reporte-de-robo-con-violencia-en-la-region-219\/#respond\"]}]},{\"@type\":\"WebPage\",\"@id\":\"https:\/\/panoramaciudadano.com\/index.php\/2025\/08\/11\/policias-responden-a-reporte-de-robo-con-violencia-en-la-region-219\/\",\"url\":\"https:\/\/panoramaciudadano.com\/index.php\/2025\/08\/11\/policias-responden-a-reporte-de-robo-con-violencia-en-la-region-219\/\",\"name\":\"Polic\u00edas responden a reporte de robo con violencia en la regi\u00f3n 219 - Panorama Ciudadano\",\"isPartOf\":{\"@id\":\"https:\/\/panoramaciudadano.com\/#website\"},\"primaryImageOfPage\":{\"@id\":\"https:\/\/panoramaciudadano.com\/index.php\/2025\/08\/11\/policias-responden-a-reporte-de-robo-con-violencia-en-la-region-219\/#primaryimage\"},\"image\":{\"@id\":\"https:\/\/panoramaciudadano.com\/index.php\/2025\/08\/11\/policias-responden-a-reporte-de-robo-con-violencia-en-la-region-219\/#primaryimage\"},\"thumbnailUrl\":\"https:\/\/panoramaciudadano.com\/wp-content\/uploads\/2025\/08\/WhatsApp-Image-2025-08-11-at-07.36.34.jpeg\",\"datePublished\":\"2025-08-11T14:35:07+00:00\",\"dateModified\":\"2025-08-11T14:35:11+00:00\",\"breadcrumb\":{\"@id\":\"https:\/\/panoramaciudadano.com\/index.php\/2025\/08\/11\/policias-responden-a-reporte-de-robo-con-violencia-en-la-region-219\/#breadcrumb\"},\"inLanguage\":\"es\",\"potentialAction\":[{\"@type\":\"ReadAction\",\"target\":[\"https:\/\/panoramaciudadano.com\/index.php\/2025\/08\/11\/policias-responden-a-reporte-de-robo-con-violencia-en-la-region-219\/\"]}]},{\"@type\":\"ImageObject\",\"inLanguage\":\"es\",\"@id\":\"https:\/\/panoramaciudadano.com\/index.php\/2025\/08\/11\/policias-responden-a-reporte-de-robo-con-violencia-en-la-region-219\/#primaryimage\",\"url\":\"https:\/\/panoramaciudadano.com\/wp-content\/uploads\/2025\/08\/WhatsApp-Image-2025-08-11-at-07.36.34.jpeg\",\"contentUrl\":\"https:\/\/panoramaciudadano.com\/wp-content\/uploads\/2025\/08\/WhatsApp-Image-2025-08-11-at-07.36.34.jpeg\",\"width\":1600,\"height\":1200},{\"@type\":\"BreadcrumbList\",\"@id\":\"https:\/\/panoramaciudadano.com\/index.php\/2025\/08\/11\/policias-responden-a-reporte-de-robo-con-violencia-en-la-region-219\/#breadcrumb\",\"itemListElement\":[{\"@type\":\"ListItem\",\"position\":1,\"name\":\"Portada\",\"item\":\"https:\/\/panoramaciudadano.com\/\"},{\"@type\":\"ListItem\",\"position\":2,\"name\":\"Polic\u00edas responden a reporte de robo con violencia en la regi\u00f3n 219\"}]},{\"@type\":\"WebSite\",\"@id\":\"https:\/\/panoramaciudadano.com\/#website\",\"url\":\"https:\/\/panoramaciudadano.com\/\",\"name\":\"Panorama Ciudadano\",\"description\":\"\",\"publisher\":{\"@id\":\"https:\/\/panoramaciudadano.com\/#organization\"},\"potentialAction\":[{\"@type\":\"SearchAction\",\"target\":{\"@type\":\"EntryPoint\",\"urlTemplate\":\"https:\/\/panoramaciudadano.com\/?s={search_term_string}\"},\"query-input\":{\"@type\":\"PropertyValueSpecification\",\"valueRequired\":true,\"valueName\":\"search_term_string\"}}],\"inLanguage\":\"es\"},{\"@type\":\"Organization\",\"@id\":\"https:\/\/panoramaciudadano.com\/#organization\",\"name\":\"Panorama Ciudadano\",\"url\":\"https:\/\/panoramaciudadano.com\/\",\"logo\":{\"@type\":\"ImageObject\",\"inLanguage\":\"es\",\"@id\":\"https:\/\/panoramaciudadano.com\/#\/schema\/logo\/image\/\",\"url\":\"https:\/\/panoramaciudadano.com\/wp-content\/uploads\/2024\/05\/401498640_919267042938564_6290593609399108733_n.jpg\",\"contentUrl\":\"https:\/\/panoramaciudadano.com\/wp-content\/uploads\/2024\/05\/401498640_919267042938564_6290593609399108733_n.jpg\",\"width\":960,\"height\":957,\"caption\":\"Panorama Ciudadano\"},\"image\":{\"@id\":\"https:\/\/panoramaciudadano.com\/#\/schema\/logo\/image\/\"},\"sameAs\":[\"https:\/\/www.facebook.com\/panoramaciudadano\"]},{\"@type\":\"Person\",\"@id\":\"https:\/\/panoramaciudadano.com\/#\/schema\/person\/ffe9fe8ef47d3a93977b5761fd9e0d96\",\"name\":\"admin\",\"image\":{\"@type\":\"ImageObject\",\"inLanguage\":\"es\",\"@id\":\"https:\/\/panoramaciudadano.com\/#\/schema\/person\/image\/\",\"url\":\"https:\/\/secure.gravatar.com\/avatar\/2d5a12cacce3f18096f25fadea8abb7202fef18ed669595589853e84260ff451?s=96&d=mm&r=g\",\"contentUrl\":\"https:\/\/secure.gravatar.com\/avatar\/2d5a12cacce3f18096f25fadea8abb7202fef18ed669595589853e84260ff451?s=96&d=mm&r=g\",\"caption\":\"admin\"},\"sameAs\":[\"https:\/\/panoramaciudadano.com\"],\"url\":\"https:\/\/panoramaciudadano.com\/index.php\/author\/admin_3q6hyqq3\/\"}]}<\/script>\n<!-- \/ Yoast SEO plugin. -->","yoast_head_json":{"title":"Polic\u00edas responden a reporte de robo con violencia en la regi\u00f3n 219 - Panorama Ciudadano","robots":{"index":"index","follow":"follow","max-snippet":"max-snippet:-1","max-image-preview":"max-image-preview:large","max-video-preview":"max-video-preview:-1"},"canonical":"https:\/\/panoramaciudadano.com\/index.php\/2025\/08\/11\/policias-responden-a-reporte-de-robo-con-violencia-en-la-region-219\/","og_locale":"es_ES","og_type":"article","og_title":"Polic\u00edas responden a reporte de robo con violencia en la regi\u00f3n 219 - Panorama Ciudadano","og_description":"El reporte de un robo con violencia moviliz\u00f3 a los polic\u00edas municipales y estatales en la regi\u00f3n 219, al arribar ya estaba todo cerrado, pero se presume que fue positivo el il\u00edcito.\u00a0","og_url":"https:\/\/panoramaciudadano.com\/index.php\/2025\/08\/11\/policias-responden-a-reporte-de-robo-con-violencia-en-la-region-219\/","og_site_name":"Panorama Ciudadano","article_publisher":"https:\/\/www.facebook.com\/panoramaciudadano","article_published_time":"2025-08-11T14:35:07+00:00","article_modified_time":"2025-08-11T14:35:11+00:00","og_image":[{"width":1600,"height":1200,"url":"https:\/\/panoramaciudadano.com\/wp-content\/uploads\/2025\/08\/WhatsApp-Image-2025-08-11-at-07.36.34.jpeg","type":"image\/jpeg"}],"author":"admin","twitter_card":"summary_large_image","twitter_misc":{"Escrito por":"admin","Tiempo de lectura":"2 minutos"},"schema":{"@context":"https:\/\/schema.org","@graph":[{"@type":"Article","@id":"https:\/\/panoramaciudadano.com\/index.php\/2025\/08\/11\/policias-responden-a-reporte-de-robo-con-violencia-en-la-region-219\/#article","isPartOf":{"@id":"https:\/\/panoramaciudadano.com\/index.php\/2025\/08\/11\/policias-responden-a-reporte-de-robo-con-violencia-en-la-region-219\/"},"author":{"name":"admin","@id":"https:\/\/panoramaciudadano.com\/#\/schema\/person\/ffe9fe8ef47d3a93977b5761fd9e0d96"},"headline":"Polic\u00edas responden a reporte de robo con violencia en la regi\u00f3n 219","datePublished":"2025-08-11T14:35:07+00:00","dateModified":"2025-08-11T14:35:11+00:00","mainEntityOfPage":{"@id":"https:\/\/panoramaciudadano.com\/index.php\/2025\/08\/11\/policias-responden-a-reporte-de-robo-con-violencia-en-la-region-219\/"},"wordCount":168,"commentCount":0,"publisher":{"@id":"https:\/\/panoramaciudadano.com\/#organization"},"image":{"@id":"https:\/\/panoramaciudadano.com\/index.php\/2025\/08\/11\/policias-responden-a-reporte-de-robo-con-violencia-en-la-region-219\/#primaryimage"},"thumbnailUrl":"https:\/\/panoramaciudadano.com\/wp-content\/uploads\/2025\/08\/WhatsApp-Image-2025-08-11-at-07.36.34.jpeg","keywords":["regi\u00f3n 219"],"articleSection":["Canc\u00fan"],"inLanguage":"es","potentialAction":[{"@type":"CommentAction","name":"Comment","target":["https:\/\/panoramaciudadano.com\/index.php\/2025\/08\/11\/policias-responden-a-reporte-de-robo-con-violencia-en-la-region-219\/#respond"]}]},{"@type":"WebPage","@id":"https:\/\/panoramaciudadano.com\/index.php\/2025\/08\/11\/policias-responden-a-reporte-de-robo-con-violencia-en-la-region-219\/","url":"https:\/\/panoramaciudadano.com\/index.php\/2025\/08\/11\/policias-responden-a-reporte-de-robo-con-violencia-en-la-region-219\/","name":"Polic\u00edas responden a reporte de robo con violencia en la regi\u00f3n 219 - Panorama Ciudadano","isPartOf":{"@id":"https:\/\/panoramaciudadano.com\/#website"},"primaryImageOfPage":{"@id":"https:\/\/panoramaciudadano.com\/index.php\/2025\/08\/11\/policias-responden-a-reporte-de-robo-con-violencia-en-la-region-219\/#primaryimage"},"image":{"@id":"https:\/\/panoramaciudadano.com\/index.php\/2025\/08\/11\/policias-responden-a-reporte-de-robo-con-violencia-en-la-region-219\/#primaryimage"},"thumbnailUrl":"https:\/\/panoramaciudadano.com\/wp-content\/uploads\/2025\/08\/WhatsApp-Image-2025-08-11-at-07.36.34.jpeg","datePublished":"2025-08-11T14:35:07+00:00","dateModified":"2025-08-11T14:35:11+00:00","breadcrumb":{"@id":"https:\/\/panoramaciudadano.com\/index.php\/2025\/08\/11\/policias-responden-a-reporte-de-robo-con-violencia-en-la-region-219\/#breadcrumb"},"inLanguage":"es","potentialAction":[{"@type":"ReadAction","target":["https:\/\/panoramaciudadano.com\/index.php\/2025\/08\/11\/policias-responden-a-reporte-de-robo-con-violencia-en-la-region-219\/"]}]},{"@type":"ImageObject","inLanguage":"es","@id":"https:\/\/panoramaciudadano.com\/index.php\/2025\/08\/11\/policias-responden-a-reporte-de-robo-con-violencia-en-la-region-219\/#primaryimage","url":"https:\/\/panoramaciudadano.com\/wp-content\/uploads\/2025\/08\/WhatsApp-Image-2025-08-11-at-07.36.34.jpeg","contentUrl":"https:\/\/panoramaciudadano.com\/wp-content\/uploads\/2025\/08\/WhatsApp-Image-2025-08-11-at-07.36.34.jpeg","width":1600,"height":1200},{"@type":"BreadcrumbList","@id":"https:\/\/panoramaciudadano.com\/index.php\/2025\/08\/11\/policias-responden-a-reporte-de-robo-con-violencia-en-la-region-219\/#breadcrumb","itemListElement":[{"@type":"ListItem","position":1,"name":"Portada","item":"https:\/\/panoramaciudadano.com\/"},{"@type":"ListItem","position":2,"name":"Polic\u00edas responden a reporte de robo con violencia en la regi\u00f3n 219"}]},{"@type":"WebSite","@id":"https:\/\/panoramaciudadano.com\/#website","url":"https:\/\/panoramaciudadano.com\/","name":"Panorama Ciudadano","description":"","publisher":{"@id":"https:\/\/panoramaciudadano.com\/#organization"},"potentialAction":[{"@type":"SearchAction","target":{"@type":"EntryPoint","urlTemplate":"https:\/\/panoramaciudadano.com\/?s={search_term_string}"},"query-input":{"@type":"PropertyValueSpecification","valueRequired":true,"valueName":"search_term_string"}}],"inLanguage":"es"},{"@type":"Organization","@id":"https:\/\/panoramaciudadano.com\/#organization","name":"Panorama Ciudadano","url":"https:\/\/panoramaciudadano.com\/","logo":{"@type":"ImageObject","inLanguage":"es","@id":"https:\/\/panoramaciudadano.com\/#\/schema\/logo\/image\/","url":"https:\/\/panoramaciudadano.com\/wp-content\/uploads\/2024\/05\/401498640_919267042938564_6290593609399108733_n.jpg","contentUrl":"https:\/\/panoramaciudadano.com\/wp-content\/uploads\/2024\/05\/401498640_919267042938564_6290593609399108733_n.jpg","width":960,"height":957,"caption":"Panorama Ciudadano"},"image":{"@id":"https:\/\/panoramaciudadano.com\/#\/schema\/logo\/image\/"},"sameAs":["https:\/\/www.facebook.com\/panoramaciudadano"]},{"@type":"Person","@id":"https:\/\/panoramaciudadano.com\/#\/schema\/person\/ffe9fe8ef47d3a93977b5761fd9e0d96","name":"admin","image":{"@type":"ImageObject","inLanguage":"es","@id":"https:\/\/panoramaciudadano.com\/#\/schema\/person\/image\/","url":"https:\/\/secure.gravatar.com\/avatar\/2d5a12cacce3f18096f25fadea8abb7202fef18ed669595589853e84260ff451?s=96&d=mm&r=g","contentUrl":"https:\/\/secure.gravatar.com\/avatar\/2d5a12cacce3f18096f25fadea8abb7202fef18ed669595589853e84260ff451?s=96&d=mm&r=g","caption":"admin"},"sameAs":["https:\/\/panoramaciudadano.com"],"url":"https:\/\/panoramaciudadano.com\/index.php\/author\/admin_3q6hyqq3\/"}]}},"_links":{"self":[{"href":"https:\/\/panoramaciudadano.com\/index.php\/wp-json\/wp\/v2\/posts\/19747","targetHints":{"allow":["GET"]}}],"collection":[{"href":"https:\/\/panoramaciudadano.com\/index.php\/wp-json\/wp\/v2\/posts"}],"about":[{"href":"https:\/\/panoramaciudadano.com\/index.php\/wp-json\/wp\/v2\/types\/post"}],"author":[{"embeddable":true,"href":"https:\/\/panoramaciudadano.com\/index.php\/wp-json\/wp\/v2\/users\/1"}],"replies":[{"embeddable":true,"href":"https:\/\/panoramaciudadano.com\/index.php\/wp-json\/wp\/v2\/comments?post=19747"}],"version-history":[{"count":1,"href":"https:\/\/panoramaciudadano.com\/index.php\/wp-json\/wp\/v2\/posts\/19747\/revisions"}],"predecessor-version":[{"id":19749,"href":"https:\/\/panoramaciudadano.com\/index.php\/wp-json\/wp\/v2\/posts\/19747\/revisions\/19749"}],"wp:featuredmedia":[{"embeddable":true,"href":"https:\/\/panoramaciudadano.com\/index.php\/wp-json\/wp\/v2\/media\/19748"}],"wp:attachment":[{"href":"https:\/\/panoramaciudadano.com\/index.php\/wp-json\/wp\/v2\/media?parent=19747"}],"wp:term":[{"taxonomy":"category","embeddable":true,"href":"https:\/\/panoramaciudadano.com\/index.php\/wp-json\/wp\/v2\/categories?post=19747"},{"taxonomy":"post_tag","embeddable":true,"href":"https:\/\/panoramaciudadano.com\/index.php\/wp-json\/wp\/v2\/tags?post=19747"}],"curies":[{"name":"wp","href":"https:\/\/api.w.org\/{rel}","templated":true}]}}