{"id":21747,"date":"2025-09-17T10:03:44","date_gmt":"2025-09-17T15:03:44","guid":{"rendered":"https:\/\/panoramaciudadano.com\/?p=21747"},"modified":"2025-09-17T10:03:46","modified_gmt":"2025-09-17T15:03:46","slug":"tragedia-vial-en-cancun-choque-entre-camionetas-cobra-cinco-vidas","status":"publish","type":"post","link":"https:\/\/panoramaciudadano.com\/index.php\/2025\/09\/17\/tragedia-vial-en-cancun-choque-entre-camionetas-cobra-cinco-vidas\/","title":{"rendered":"Tragedia vial en Canc\u00fan: choque entre camionetas cobra cinco vidas"},"content":{"rendered":"\n<figure class=\"wp-block-gallery has-nested-images columns-default is-cropped wp-block-gallery-1 is-layout-flex wp-block-gallery-is-layout-flex\">\n<figure class=\"wp-block-image size-large\"><img decoding=\"async\" width=\"1024\" height=\"781\" data-id=\"21752\" src=\"https:\/\/panoramaciudadano.com\/wp-content\/uploads\/2025\/09\/2-57-1024x781.jpeg\" alt=\"\" class=\"wp-image-21752\" srcset=\"https:\/\/panoramaciudadano.com\/wp-content\/uploads\/2025\/09\/2-57-1024x781.jpeg 1024w, https:\/\/panoramaciudadano.com\/wp-content\/uploads\/2025\/09\/2-57-300x229.jpeg 300w, https:\/\/panoramaciudadano.com\/wp-content\/uploads\/2025\/09\/2-57-768x586.jpeg 768w, https:\/\/panoramaciudadano.com\/wp-content\/uploads\/2025\/09\/2-57.jpeg 1178w\" sizes=\"(max-width: 1024px) 100vw, 1024px\" \/><\/figure>\n\n\n\n<figure class=\"wp-block-image size-large\"><img decoding=\"async\" width=\"1024\" height=\"738\" data-id=\"21751\" src=\"https:\/\/panoramaciudadano.com\/wp-content\/uploads\/2025\/09\/3-51-1024x738.jpeg\" alt=\"\" class=\"wp-image-21751\" srcset=\"https:\/\/panoramaciudadano.com\/wp-content\/uploads\/2025\/09\/3-51-1024x738.jpeg 1024w, https:\/\/panoramaciudadano.com\/wp-content\/uploads\/2025\/09\/3-51-300x216.jpeg 300w, https:\/\/panoramaciudadano.com\/wp-content\/uploads\/2025\/09\/3-51-768x553.jpeg 768w, https:\/\/panoramaciudadano.com\/wp-content\/uploads\/2025\/09\/3-51.jpeg 1280w\" sizes=\"(max-width: 1024px) 100vw, 1024px\" \/><\/figure>\n\n\n\n<figure class=\"wp-block-image size-large\"><img decoding=\"async\" width=\"1024\" height=\"768\" data-id=\"21750\" src=\"https:\/\/panoramaciudadano.com\/wp-content\/uploads\/2025\/09\/4-37-1024x768.jpeg\" alt=\"\" class=\"wp-image-21750\" srcset=\"https:\/\/panoramaciudadano.com\/wp-content\/uploads\/2025\/09\/4-37-1024x768.jpeg 1024w, https:\/\/panoramaciudadano.com\/wp-content\/uploads\/2025\/09\/4-37-300x225.jpeg 300w, https:\/\/panoramaciudadano.com\/wp-content\/uploads\/2025\/09\/4-37-768x576.jpeg 768w, https:\/\/panoramaciudadano.com\/wp-content\/uploads\/2025\/09\/4-37.jpeg 1280w\" sizes=\"(max-width: 1024px) 100vw, 1024px\" \/><\/figure>\n\n\n\n<figure class=\"wp-block-image size-large\"><img decoding=\"async\" width=\"768\" height=\"1024\" data-id=\"21749\" src=\"https:\/\/panoramaciudadano.com\/wp-content\/uploads\/2025\/09\/5-27-768x1024.jpeg\" alt=\"\" class=\"wp-image-21749\" srcset=\"https:\/\/panoramaciudadano.com\/wp-content\/uploads\/2025\/09\/5-27-768x1024.jpeg 768w, https:\/\/panoramaciudadano.com\/wp-content\/uploads\/2025\/09\/5-27-225x300.jpeg 225w, https:\/\/panoramaciudadano.com\/wp-content\/uploads\/2025\/09\/5-27.jpeg 960w\" sizes=\"(max-width: 768px) 100vw, 768px\" \/><\/figure>\n\n\n\n<figure class=\"wp-block-image size-large\"><img decoding=\"async\" width=\"1024\" height=\"768\" data-id=\"21748\" src=\"https:\/\/panoramaciudadano.com\/wp-content\/uploads\/2025\/09\/WhatsApp-Image-2025-09-17-at-08.44.48-1024x768.jpeg\" alt=\"\" class=\"wp-image-21748\" srcset=\"https:\/\/panoramaciudadano.com\/wp-content\/uploads\/2025\/09\/WhatsApp-Image-2025-09-17-at-08.44.48-1024x768.jpeg 1024w, https:\/\/panoramaciudadano.com\/wp-content\/uploads\/2025\/09\/WhatsApp-Image-2025-09-17-at-08.44.48-300x225.jpeg 300w, https:\/\/panoramaciudadano.com\/wp-content\/uploads\/2025\/09\/WhatsApp-Image-2025-09-17-at-08.44.48-768x576.jpeg 768w, https:\/\/panoramaciudadano.com\/wp-content\/uploads\/2025\/09\/WhatsApp-Image-2025-09-17-at-08.44.48.jpeg 1280w\" sizes=\"(max-width: 1024px) 100vw, 1024px\" \/><\/figure>\n<\/figure>\n\n\n\n<p>Hab\u00edan llegado el viernes por la madrugada a Canc\u00fan para asistir a la boda de un familiar, pero ya no pudieron regresar a su natal Monterrey, la pareja, sus tres hijos, su yerno y un familiar que los llevaba est\u00e1 ma\u00f1ana al aeropuerto, murieron cuando chocaron contra una camioneta en el bulevar Luis Donaldo Colosio.<\/p>\n\n\n\n<p>Entre los muertos se encuentran pap\u00e1 y mam\u00e1, un beb\u00e9 se seis meses, un peque\u00f1o de dos a\u00f1os, una joven con su pareja y el conductor de la camioneta.<\/p>\n\n\n\n<p>Cinco de las v\u00edctimas perecieron en el lugar del accidente, mientras dos horas m\u00e1s tarde se report\u00f3 el fallecimiento de dos m\u00e1s, uno en el IMSS de especialidades y otro en el hospital general.<\/p>\n\n\n\n<p>Como se informo de manera preliminar, el accidente ocurri\u00f3 alrededor de las 09:35 horas, entre los conductores de una camioneta Toyota Avanza color blanco, y una camioneta Mitsubishi L200 color gris.<\/p>\n\n\n\n<p>Seg\u00fan el reporte preliminar del departamento de tr\u00e1nsito, el chofer de la camioneta Mitsubishi identificado como Jos\u00e9 Antonio Rosales, donde viajaban cuatro trabajadores de la constructora Barja, transitaba en direcci\u00f3n de Norte a Sur.<\/p>\n\n\n\n<p>Por exceso de velocidad y el piso mojado Jos\u00e9 perdi\u00f3 el control y tras volcar invadi\u00f3 el carril de alado ocasionado que fuera impactado brutalmente por la camioneta Avanza donde viajaba la familia.<\/p>\n\n\n\n<p>El fuerte impacto ocasion\u00f3 que las unidades quedaran despedazadas sobre la v\u00eda de rodamiento, inmediatamente al sitio se movilizaron los cuerpos de emergencia, quienes brindaron atenci\u00f3n a los lesionados, todos ocupantes de la camioneta Mitsubishi y confirmaron la muerte de dos peque\u00f1os, una joven y dos adulto que ven\u00edan en la camioneta Avanza, de esta misma unidad dos personas fueron trasladadas a diferentes hospitales pero lamentablemente murieron m\u00e1s tarde.<\/p>\n\n\n\n<p>Los cuerpos de dos integrantes de la familia quedaron prensados en los fierros retorcidos de la unidad, los cuales fueron liberados por personal del departamento de Bomberos utilizando maquinas hidr\u00e1ulicas para poder hacer la extracci\u00f3n.<\/p>\n\n\n\n<p>La circulaci\u00f3n en la zona se vio afectada por un lapso de aproximadamente tres horas y media en lo que peritos criminalistas de la Fiscal\u00eda General del Estado (FGE), se hac\u00edan cargo del peritaje y el levantamiento de los cad\u00e1veres.<\/p>\n","protected":false},"excerpt":{"rendered":"<p>Hab\u00edan llegado el viernes por la madrugada a Canc\u00fan para asistir a la boda de un familiar, pero ya no pudieron regresar a su natal Monterrey, la pareja, sus tres hijos, su yerno y un familiar que los llevaba est\u00e1 ma\u00f1ana al aeropuerto, murieron cuando chocaron contra una camioneta en el bulevar Luis Donaldo Colosio.<\/p>\n","protected":false},"author":1,"featured_media":21748,"comment_status":"open","ping_status":"closed","sticky":false,"template":"","format":"standard","meta":{"footnotes":""},"categories":[6],"tags":[2684],"class_list":["post-21747","post","type-post","status-publish","format-standard","has-post-thumbnail","hentry","category-cancun","tag-boulevard-colosio"],"yoast_head":"<!-- This site is optimized with the Yoast SEO plugin v27.1.1 - https:\/\/yoast.com\/product\/yoast-seo-wordpress\/ -->\n<title>Tragedia vial en Canc\u00fan: choque entre camionetas cobra cinco vidas - Panorama Ciudadano<\/title>\n<meta name=\"robots\" content=\"index, follow, max-snippet:-1, max-image-preview:large, max-video-preview:-1\" \/>\n<link rel=\"canonical\" href=\"https:\/\/panoramaciudadano.com\/index.php\/2025\/09\/17\/tragedia-vial-en-cancun-choque-entre-camionetas-cobra-cinco-vidas\/\" \/>\n<meta property=\"og:locale\" content=\"es_ES\" \/>\n<meta property=\"og:type\" content=\"article\" \/>\n<meta property=\"og:title\" content=\"Tragedia vial en Canc\u00fan: choque entre camionetas cobra cinco vidas - Panorama Ciudadano\" \/>\n<meta property=\"og:description\" content=\"Hab\u00edan llegado el viernes por la madrugada a Canc\u00fan para asistir a la boda de un familiar, pero ya no pudieron regresar a su natal Monterrey, la pareja, sus tres hijos, su yerno y un familiar que los llevaba est\u00e1 ma\u00f1ana al aeropuerto, murieron cuando chocaron contra una camioneta en el bulevar Luis Donaldo Colosio.\" \/>\n<meta property=\"og:url\" content=\"https:\/\/panoramaciudadano.com\/index.php\/2025\/09\/17\/tragedia-vial-en-cancun-choque-entre-camionetas-cobra-cinco-vidas\/\" \/>\n<meta property=\"og:site_name\" content=\"Panorama Ciudadano\" \/>\n<meta property=\"article:publisher\" content=\"https:\/\/www.facebook.com\/panoramaciudadano\" \/>\n<meta property=\"article:published_time\" content=\"2025-09-17T15:03:44+00:00\" \/>\n<meta property=\"article:modified_time\" content=\"2025-09-17T15:03:46+00:00\" \/>\n<meta property=\"og:image\" content=\"https:\/\/panoramaciudadano.com\/wp-content\/uploads\/2025\/09\/WhatsApp-Image-2025-09-17-at-08.44.48.jpeg\" \/>\n\t<meta property=\"og:image:width\" content=\"1280\" \/>\n\t<meta property=\"og:image:height\" content=\"960\" \/>\n\t<meta property=\"og:image:type\" content=\"image\/jpeg\" \/>\n<meta name=\"author\" content=\"admin\" \/>\n<meta name=\"twitter:card\" content=\"summary_large_image\" \/>\n<meta name=\"twitter:label1\" content=\"Escrito por\" \/>\n\t<meta name=\"twitter:data1\" content=\"admin\" \/>\n\t<meta name=\"twitter:label2\" content=\"Tiempo de lectura\" \/>\n\t<meta name=\"twitter:data2\" content=\"3 minutos\" \/>\n<script type=\"application\/ld+json\" class=\"yoast-schema-graph\">{\"@context\":\"https:\/\/schema.org\",\"@graph\":[{\"@type\":\"Article\",\"@id\":\"https:\/\/panoramaciudadano.com\/index.php\/2025\/09\/17\/tragedia-vial-en-cancun-choque-entre-camionetas-cobra-cinco-vidas\/#article\",\"isPartOf\":{\"@id\":\"https:\/\/panoramaciudadano.com\/index.php\/2025\/09\/17\/tragedia-vial-en-cancun-choque-entre-camionetas-cobra-cinco-vidas\/\"},\"author\":{\"name\":\"admin\",\"@id\":\"https:\/\/panoramaciudadano.com\/#\/schema\/person\/ffe9fe8ef47d3a93977b5761fd9e0d96\"},\"headline\":\"Tragedia vial en Canc\u00fan: choque entre camionetas cobra cinco vidas\",\"datePublished\":\"2025-09-17T15:03:44+00:00\",\"dateModified\":\"2025-09-17T15:03:46+00:00\",\"mainEntityOfPage\":{\"@id\":\"https:\/\/panoramaciudadano.com\/index.php\/2025\/09\/17\/tragedia-vial-en-cancun-choque-entre-camionetas-cobra-cinco-vidas\/\"},\"wordCount\":392,\"commentCount\":0,\"publisher\":{\"@id\":\"https:\/\/panoramaciudadano.com\/#organization\"},\"image\":{\"@id\":\"https:\/\/panoramaciudadano.com\/index.php\/2025\/09\/17\/tragedia-vial-en-cancun-choque-entre-camionetas-cobra-cinco-vidas\/#primaryimage\"},\"thumbnailUrl\":\"https:\/\/panoramaciudadano.com\/wp-content\/uploads\/2025\/09\/WhatsApp-Image-2025-09-17-at-08.44.48.jpeg\",\"keywords\":[\"Boulevard Colosio\"],\"articleSection\":[\"Canc\u00fan\"],\"inLanguage\":\"es\",\"potentialAction\":[{\"@type\":\"CommentAction\",\"name\":\"Comment\",\"target\":[\"https:\/\/panoramaciudadano.com\/index.php\/2025\/09\/17\/tragedia-vial-en-cancun-choque-entre-camionetas-cobra-cinco-vidas\/#respond\"]}]},{\"@type\":\"WebPage\",\"@id\":\"https:\/\/panoramaciudadano.com\/index.php\/2025\/09\/17\/tragedia-vial-en-cancun-choque-entre-camionetas-cobra-cinco-vidas\/\",\"url\":\"https:\/\/panoramaciudadano.com\/index.php\/2025\/09\/17\/tragedia-vial-en-cancun-choque-entre-camionetas-cobra-cinco-vidas\/\",\"name\":\"Tragedia vial en Canc\u00fan: choque entre camionetas cobra cinco vidas - Panorama Ciudadano\",\"isPartOf\":{\"@id\":\"https:\/\/panoramaciudadano.com\/#website\"},\"primaryImageOfPage\":{\"@id\":\"https:\/\/panoramaciudadano.com\/index.php\/2025\/09\/17\/tragedia-vial-en-cancun-choque-entre-camionetas-cobra-cinco-vidas\/#primaryimage\"},\"image\":{\"@id\":\"https:\/\/panoramaciudadano.com\/index.php\/2025\/09\/17\/tragedia-vial-en-cancun-choque-entre-camionetas-cobra-cinco-vidas\/#primaryimage\"},\"thumbnailUrl\":\"https:\/\/panoramaciudadano.com\/wp-content\/uploads\/2025\/09\/WhatsApp-Image-2025-09-17-at-08.44.48.jpeg\",\"datePublished\":\"2025-09-17T15:03:44+00:00\",\"dateModified\":\"2025-09-17T15:03:46+00:00\",\"breadcrumb\":{\"@id\":\"https:\/\/panoramaciudadano.com\/index.php\/2025\/09\/17\/tragedia-vial-en-cancun-choque-entre-camionetas-cobra-cinco-vidas\/#breadcrumb\"},\"inLanguage\":\"es\",\"potentialAction\":[{\"@type\":\"ReadAction\",\"target\":[\"https:\/\/panoramaciudadano.com\/index.php\/2025\/09\/17\/tragedia-vial-en-cancun-choque-entre-camionetas-cobra-cinco-vidas\/\"]}]},{\"@type\":\"ImageObject\",\"inLanguage\":\"es\",\"@id\":\"https:\/\/panoramaciudadano.com\/index.php\/2025\/09\/17\/tragedia-vial-en-cancun-choque-entre-camionetas-cobra-cinco-vidas\/#primaryimage\",\"url\":\"https:\/\/panoramaciudadano.com\/wp-content\/uploads\/2025\/09\/WhatsApp-Image-2025-09-17-at-08.44.48.jpeg\",\"contentUrl\":\"https:\/\/panoramaciudadano.com\/wp-content\/uploads\/2025\/09\/WhatsApp-Image-2025-09-17-at-08.44.48.jpeg\",\"width\":1280,\"height\":960},{\"@type\":\"BreadcrumbList\",\"@id\":\"https:\/\/panoramaciudadano.com\/index.php\/2025\/09\/17\/tragedia-vial-en-cancun-choque-entre-camionetas-cobra-cinco-vidas\/#breadcrumb\",\"itemListElement\":[{\"@type\":\"ListItem\",\"position\":1,\"name\":\"Portada\",\"item\":\"https:\/\/panoramaciudadano.com\/\"},{\"@type\":\"ListItem\",\"position\":2,\"name\":\"Tragedia vial en Canc\u00fan: choque entre camionetas cobra cinco vidas\"}]},{\"@type\":\"WebSite\",\"@id\":\"https:\/\/panoramaciudadano.com\/#website\",\"url\":\"https:\/\/panoramaciudadano.com\/\",\"name\":\"Panorama Ciudadano\",\"description\":\"\",\"publisher\":{\"@id\":\"https:\/\/panoramaciudadano.com\/#organization\"},\"potentialAction\":[{\"@type\":\"SearchAction\",\"target\":{\"@type\":\"EntryPoint\",\"urlTemplate\":\"https:\/\/panoramaciudadano.com\/?s={search_term_string}\"},\"query-input\":{\"@type\":\"PropertyValueSpecification\",\"valueRequired\":true,\"valueName\":\"search_term_string\"}}],\"inLanguage\":\"es\"},{\"@type\":\"Organization\",\"@id\":\"https:\/\/panoramaciudadano.com\/#organization\",\"name\":\"Panorama Ciudadano\",\"url\":\"https:\/\/panoramaciudadano.com\/\",\"logo\":{\"@type\":\"ImageObject\",\"inLanguage\":\"es\",\"@id\":\"https:\/\/panoramaciudadano.com\/#\/schema\/logo\/image\/\",\"url\":\"https:\/\/panoramaciudadano.com\/wp-content\/uploads\/2024\/05\/401498640_919267042938564_6290593609399108733_n.jpg\",\"contentUrl\":\"https:\/\/panoramaciudadano.com\/wp-content\/uploads\/2024\/05\/401498640_919267042938564_6290593609399108733_n.jpg\",\"width\":960,\"height\":957,\"caption\":\"Panorama Ciudadano\"},\"image\":{\"@id\":\"https:\/\/panoramaciudadano.com\/#\/schema\/logo\/image\/\"},\"sameAs\":[\"https:\/\/www.facebook.com\/panoramaciudadano\"]},{\"@type\":\"Person\",\"@id\":\"https:\/\/panoramaciudadano.com\/#\/schema\/person\/ffe9fe8ef47d3a93977b5761fd9e0d96\",\"name\":\"admin\",\"image\":{\"@type\":\"ImageObject\",\"inLanguage\":\"es\",\"@id\":\"https:\/\/panoramaciudadano.com\/#\/schema\/person\/image\/\",\"url\":\"https:\/\/secure.gravatar.com\/avatar\/2d5a12cacce3f18096f25fadea8abb7202fef18ed669595589853e84260ff451?s=96&d=mm&r=g\",\"contentUrl\":\"https:\/\/secure.gravatar.com\/avatar\/2d5a12cacce3f18096f25fadea8abb7202fef18ed669595589853e84260ff451?s=96&d=mm&r=g\",\"caption\":\"admin\"},\"sameAs\":[\"https:\/\/panoramaciudadano.com\"],\"url\":\"https:\/\/panoramaciudadano.com\/index.php\/author\/admin_3q6hyqq3\/\"}]}<\/script>\n<!-- \/ Yoast SEO plugin. -->","yoast_head_json":{"title":"Tragedia vial en Canc\u00fan: choque entre camionetas cobra cinco vidas - Panorama Ciudadano","robots":{"index":"index","follow":"follow","max-snippet":"max-snippet:-1","max-image-preview":"max-image-preview:large","max-video-preview":"max-video-preview:-1"},"canonical":"https:\/\/panoramaciudadano.com\/index.php\/2025\/09\/17\/tragedia-vial-en-cancun-choque-entre-camionetas-cobra-cinco-vidas\/","og_locale":"es_ES","og_type":"article","og_title":"Tragedia vial en Canc\u00fan: choque entre camionetas cobra cinco vidas - Panorama Ciudadano","og_description":"Hab\u00edan llegado el viernes por la madrugada a Canc\u00fan para asistir a la boda de un familiar, pero ya no pudieron regresar a su natal Monterrey, la pareja, sus tres hijos, su yerno y un familiar que los llevaba est\u00e1 ma\u00f1ana al aeropuerto, murieron cuando chocaron contra una camioneta en el bulevar Luis Donaldo Colosio.","og_url":"https:\/\/panoramaciudadano.com\/index.php\/2025\/09\/17\/tragedia-vial-en-cancun-choque-entre-camionetas-cobra-cinco-vidas\/","og_site_name":"Panorama Ciudadano","article_publisher":"https:\/\/www.facebook.com\/panoramaciudadano","article_published_time":"2025-09-17T15:03:44+00:00","article_modified_time":"2025-09-17T15:03:46+00:00","og_image":[{"width":1280,"height":960,"url":"https:\/\/panoramaciudadano.com\/wp-content\/uploads\/2025\/09\/WhatsApp-Image-2025-09-17-at-08.44.48.jpeg","type":"image\/jpeg"}],"author":"admin","twitter_card":"summary_large_image","twitter_misc":{"Escrito por":"admin","Tiempo de lectura":"3 minutos"},"schema":{"@context":"https:\/\/schema.org","@graph":[{"@type":"Article","@id":"https:\/\/panoramaciudadano.com\/index.php\/2025\/09\/17\/tragedia-vial-en-cancun-choque-entre-camionetas-cobra-cinco-vidas\/#article","isPartOf":{"@id":"https:\/\/panoramaciudadano.com\/index.php\/2025\/09\/17\/tragedia-vial-en-cancun-choque-entre-camionetas-cobra-cinco-vidas\/"},"author":{"name":"admin","@id":"https:\/\/panoramaciudadano.com\/#\/schema\/person\/ffe9fe8ef47d3a93977b5761fd9e0d96"},"headline":"Tragedia vial en Canc\u00fan: choque entre camionetas cobra cinco vidas","datePublished":"2025-09-17T15:03:44+00:00","dateModified":"2025-09-17T15:03:46+00:00","mainEntityOfPage":{"@id":"https:\/\/panoramaciudadano.com\/index.php\/2025\/09\/17\/tragedia-vial-en-cancun-choque-entre-camionetas-cobra-cinco-vidas\/"},"wordCount":392,"commentCount":0,"publisher":{"@id":"https:\/\/panoramaciudadano.com\/#organization"},"image":{"@id":"https:\/\/panoramaciudadano.com\/index.php\/2025\/09\/17\/tragedia-vial-en-cancun-choque-entre-camionetas-cobra-cinco-vidas\/#primaryimage"},"thumbnailUrl":"https:\/\/panoramaciudadano.com\/wp-content\/uploads\/2025\/09\/WhatsApp-Image-2025-09-17-at-08.44.48.jpeg","keywords":["Boulevard Colosio"],"articleSection":["Canc\u00fan"],"inLanguage":"es","potentialAction":[{"@type":"CommentAction","name":"Comment","target":["https:\/\/panoramaciudadano.com\/index.php\/2025\/09\/17\/tragedia-vial-en-cancun-choque-entre-camionetas-cobra-cinco-vidas\/#respond"]}]},{"@type":"WebPage","@id":"https:\/\/panoramaciudadano.com\/index.php\/2025\/09\/17\/tragedia-vial-en-cancun-choque-entre-camionetas-cobra-cinco-vidas\/","url":"https:\/\/panoramaciudadano.com\/index.php\/2025\/09\/17\/tragedia-vial-en-cancun-choque-entre-camionetas-cobra-cinco-vidas\/","name":"Tragedia vial en Canc\u00fan: choque entre camionetas cobra cinco vidas - Panorama Ciudadano","isPartOf":{"@id":"https:\/\/panoramaciudadano.com\/#website"},"primaryImageOfPage":{"@id":"https:\/\/panoramaciudadano.com\/index.php\/2025\/09\/17\/tragedia-vial-en-cancun-choque-entre-camionetas-cobra-cinco-vidas\/#primaryimage"},"image":{"@id":"https:\/\/panoramaciudadano.com\/index.php\/2025\/09\/17\/tragedia-vial-en-cancun-choque-entre-camionetas-cobra-cinco-vidas\/#primaryimage"},"thumbnailUrl":"https:\/\/panoramaciudadano.com\/wp-content\/uploads\/2025\/09\/WhatsApp-Image-2025-09-17-at-08.44.48.jpeg","datePublished":"2025-09-17T15:03:44+00:00","dateModified":"2025-09-17T15:03:46+00:00","breadcrumb":{"@id":"https:\/\/panoramaciudadano.com\/index.php\/2025\/09\/17\/tragedia-vial-en-cancun-choque-entre-camionetas-cobra-cinco-vidas\/#breadcrumb"},"inLanguage":"es","potentialAction":[{"@type":"ReadAction","target":["https:\/\/panoramaciudadano.com\/index.php\/2025\/09\/17\/tragedia-vial-en-cancun-choque-entre-camionetas-cobra-cinco-vidas\/"]}]},{"@type":"ImageObject","inLanguage":"es","@id":"https:\/\/panoramaciudadano.com\/index.php\/2025\/09\/17\/tragedia-vial-en-cancun-choque-entre-camionetas-cobra-cinco-vidas\/#primaryimage","url":"https:\/\/panoramaciudadano.com\/wp-content\/uploads\/2025\/09\/WhatsApp-Image-2025-09-17-at-08.44.48.jpeg","contentUrl":"https:\/\/panoramaciudadano.com\/wp-content\/uploads\/2025\/09\/WhatsApp-Image-2025-09-17-at-08.44.48.jpeg","width":1280,"height":960},{"@type":"BreadcrumbList","@id":"https:\/\/panoramaciudadano.com\/index.php\/2025\/09\/17\/tragedia-vial-en-cancun-choque-entre-camionetas-cobra-cinco-vidas\/#breadcrumb","itemListElement":[{"@type":"ListItem","position":1,"name":"Portada","item":"https:\/\/panoramaciudadano.com\/"},{"@type":"ListItem","position":2,"name":"Tragedia vial en Canc\u00fan: choque entre camionetas cobra cinco vidas"}]},{"@type":"WebSite","@id":"https:\/\/panoramaciudadano.com\/#website","url":"https:\/\/panoramaciudadano.com\/","name":"Panorama Ciudadano","description":"","publisher":{"@id":"https:\/\/panoramaciudadano.com\/#organization"},"potentialAction":[{"@type":"SearchAction","target":{"@type":"EntryPoint","urlTemplate":"https:\/\/panoramaciudadano.com\/?s={search_term_string}"},"query-input":{"@type":"PropertyValueSpecification","valueRequired":true,"valueName":"search_term_string"}}],"inLanguage":"es"},{"@type":"Organization","@id":"https:\/\/panoramaciudadano.com\/#organization","name":"Panorama Ciudadano","url":"https:\/\/panoramaciudadano.com\/","logo":{"@type":"ImageObject","inLanguage":"es","@id":"https:\/\/panoramaciudadano.com\/#\/schema\/logo\/image\/","url":"https:\/\/panoramaciudadano.com\/wp-content\/uploads\/2024\/05\/401498640_919267042938564_6290593609399108733_n.jpg","contentUrl":"https:\/\/panoramaciudadano.com\/wp-content\/uploads\/2024\/05\/401498640_919267042938564_6290593609399108733_n.jpg","width":960,"height":957,"caption":"Panorama Ciudadano"},"image":{"@id":"https:\/\/panoramaciudadano.com\/#\/schema\/logo\/image\/"},"sameAs":["https:\/\/www.facebook.com\/panoramaciudadano"]},{"@type":"Person","@id":"https:\/\/panoramaciudadano.com\/#\/schema\/person\/ffe9fe8ef47d3a93977b5761fd9e0d96","name":"admin","image":{"@type":"ImageObject","inLanguage":"es","@id":"https:\/\/panoramaciudadano.com\/#\/schema\/person\/image\/","url":"https:\/\/secure.gravatar.com\/avatar\/2d5a12cacce3f18096f25fadea8abb7202fef18ed669595589853e84260ff451?s=96&d=mm&r=g","contentUrl":"https:\/\/secure.gravatar.com\/avatar\/2d5a12cacce3f18096f25fadea8abb7202fef18ed669595589853e84260ff451?s=96&d=mm&r=g","caption":"admin"},"sameAs":["https:\/\/panoramaciudadano.com"],"url":"https:\/\/panoramaciudadano.com\/index.php\/author\/admin_3q6hyqq3\/"}]}},"_links":{"self":[{"href":"https:\/\/panoramaciudadano.com\/index.php\/wp-json\/wp\/v2\/posts\/21747","targetHints":{"allow":["GET"]}}],"collection":[{"href":"https:\/\/panoramaciudadano.com\/index.php\/wp-json\/wp\/v2\/posts"}],"about":[{"href":"https:\/\/panoramaciudadano.com\/index.php\/wp-json\/wp\/v2\/types\/post"}],"author":[{"embeddable":true,"href":"https:\/\/panoramaciudadano.com\/index.php\/wp-json\/wp\/v2\/users\/1"}],"replies":[{"embeddable":true,"href":"https:\/\/panoramaciudadano.com\/index.php\/wp-json\/wp\/v2\/comments?post=21747"}],"version-history":[{"count":1,"href":"https:\/\/panoramaciudadano.com\/index.php\/wp-json\/wp\/v2\/posts\/21747\/revisions"}],"predecessor-version":[{"id":21753,"href":"https:\/\/panoramaciudadano.com\/index.php\/wp-json\/wp\/v2\/posts\/21747\/revisions\/21753"}],"wp:featuredmedia":[{"embeddable":true,"href":"https:\/\/panoramaciudadano.com\/index.php\/wp-json\/wp\/v2\/media\/21748"}],"wp:attachment":[{"href":"https:\/\/panoramaciudadano.com\/index.php\/wp-json\/wp\/v2\/media?parent=21747"}],"wp:term":[{"taxonomy":"category","embeddable":true,"href":"https:\/\/panoramaciudadano.com\/index.php\/wp-json\/wp\/v2\/categories?post=21747"},{"taxonomy":"post_tag","embeddable":true,"href":"https:\/\/panoramaciudadano.com\/index.php\/wp-json\/wp\/v2\/tags?post=21747"}],"curies":[{"name":"wp","href":"https:\/\/api.w.org\/{rel}","templated":true}]}}