{"id":21770,"date":"2025-09-18T09:40:33","date_gmt":"2025-09-18T14:40:33","guid":{"rendered":"https:\/\/panoramaciudadano.com\/?p=21770"},"modified":"2025-09-18T09:40:35","modified_gmt":"2025-09-18T14:40:35","slug":"sigamos-haciendo-historia-en-cancun-con-hechos-que-transforman-ana-paty-peralta","status":"publish","type":"post","link":"https:\/\/panoramaciudadano.com\/index.php\/2025\/09\/18\/sigamos-haciendo-historia-en-cancun-con-hechos-que-transforman-ana-paty-peralta\/","title":{"rendered":"\u00a1SIGAMOS HACIENDO HISTORIA EN CANC\u00daN, CON HECHOS QUE TRANSFORMAN!: ANA PATY PERALTA"},"content":{"rendered":"\n<figure class=\"wp-block-gallery has-nested-images columns-default is-cropped wp-block-gallery-1 is-layout-flex wp-block-gallery-is-layout-flex\">\n<figure class=\"wp-block-image size-large\"><img decoding=\"async\" width=\"1024\" height=\"709\" data-id=\"21773\" src=\"https:\/\/panoramaciudadano.com\/wp-content\/uploads\/2025\/09\/WhatsApp-Image-2025-09-17-at-23.00.49-1-1024x709.jpeg\" alt=\"\" class=\"wp-image-21773\" srcset=\"https:\/\/panoramaciudadano.com\/wp-content\/uploads\/2025\/09\/WhatsApp-Image-2025-09-17-at-23.00.49-1-1024x709.jpeg 1024w, https:\/\/panoramaciudadano.com\/wp-content\/uploads\/2025\/09\/WhatsApp-Image-2025-09-17-at-23.00.49-1-300x208.jpeg 300w, https:\/\/panoramaciudadano.com\/wp-content\/uploads\/2025\/09\/WhatsApp-Image-2025-09-17-at-23.00.49-1-768x532.jpeg 768w, https:\/\/panoramaciudadano.com\/wp-content\/uploads\/2025\/09\/WhatsApp-Image-2025-09-17-at-23.00.49-1-1536x1064.jpeg 1536w, https:\/\/panoramaciudadano.com\/wp-content\/uploads\/2025\/09\/WhatsApp-Image-2025-09-17-at-23.00.49-1-2048x1418.jpeg 2048w\" sizes=\"(max-width: 1024px) 100vw, 1024px\" \/><\/figure>\n\n\n\n<figure class=\"wp-block-image size-large\"><img decoding=\"async\" width=\"1024\" height=\"684\" data-id=\"21775\" src=\"https:\/\/panoramaciudadano.com\/wp-content\/uploads\/2025\/09\/WhatsApp-Image-2025-09-17-at-23.00.49-3-1024x684.jpeg\" alt=\"\" class=\"wp-image-21775\" srcset=\"https:\/\/panoramaciudadano.com\/wp-content\/uploads\/2025\/09\/WhatsApp-Image-2025-09-17-at-23.00.49-3-1024x684.jpeg 1024w, https:\/\/panoramaciudadano.com\/wp-content\/uploads\/2025\/09\/WhatsApp-Image-2025-09-17-at-23.00.49-3-300x201.jpeg 300w, https:\/\/panoramaciudadano.com\/wp-content\/uploads\/2025\/09\/WhatsApp-Image-2025-09-17-at-23.00.49-3-768x513.jpeg 768w, https:\/\/panoramaciudadano.com\/wp-content\/uploads\/2025\/09\/WhatsApp-Image-2025-09-17-at-23.00.49-3-1536x1027.jpeg 1536w, https:\/\/panoramaciudadano.com\/wp-content\/uploads\/2025\/09\/WhatsApp-Image-2025-09-17-at-23.00.49-3-2048x1369.jpeg 2048w\" sizes=\"(max-width: 1024px) 100vw, 1024px\" \/><\/figure>\n\n\n\n<figure class=\"wp-block-image size-large\"><img decoding=\"async\" width=\"1024\" height=\"879\" data-id=\"21774\" src=\"https:\/\/panoramaciudadano.com\/wp-content\/uploads\/2025\/09\/WhatsApp-Image-2025-09-17-at-23.00.49-6-1024x879.jpeg\" alt=\"\" class=\"wp-image-21774\" srcset=\"https:\/\/panoramaciudadano.com\/wp-content\/uploads\/2025\/09\/WhatsApp-Image-2025-09-17-at-23.00.49-6-1024x879.jpeg 1024w, https:\/\/panoramaciudadano.com\/wp-content\/uploads\/2025\/09\/WhatsApp-Image-2025-09-17-at-23.00.49-6-300x258.jpeg 300w, https:\/\/panoramaciudadano.com\/wp-content\/uploads\/2025\/09\/WhatsApp-Image-2025-09-17-at-23.00.49-6-768x659.jpeg 768w, https:\/\/panoramaciudadano.com\/wp-content\/uploads\/2025\/09\/WhatsApp-Image-2025-09-17-at-23.00.49-6-1536x1319.jpeg 1536w, https:\/\/panoramaciudadano.com\/wp-content\/uploads\/2025\/09\/WhatsApp-Image-2025-09-17-at-23.00.49-6-2048x1758.jpeg 2048w\" sizes=\"(max-width: 1024px) 100vw, 1024px\" \/><\/figure>\n\n\n\n<figure class=\"wp-block-image size-large\"><img decoding=\"async\" width=\"1024\" height=\"576\" data-id=\"21776\" src=\"https:\/\/panoramaciudadano.com\/wp-content\/uploads\/2025\/09\/WhatsApp-Image-2025-09-17-at-23.00.50-2-1024x576.jpeg\" alt=\"\" class=\"wp-image-21776\" srcset=\"https:\/\/panoramaciudadano.com\/wp-content\/uploads\/2025\/09\/WhatsApp-Image-2025-09-17-at-23.00.50-2-1024x576.jpeg 1024w, https:\/\/panoramaciudadano.com\/wp-content\/uploads\/2025\/09\/WhatsApp-Image-2025-09-17-at-23.00.50-2-300x169.jpeg 300w, https:\/\/panoramaciudadano.com\/wp-content\/uploads\/2025\/09\/WhatsApp-Image-2025-09-17-at-23.00.50-2-768x432.jpeg 768w, https:\/\/panoramaciudadano.com\/wp-content\/uploads\/2025\/09\/WhatsApp-Image-2025-09-17-at-23.00.50-2-1536x864.jpeg 1536w, https:\/\/panoramaciudadano.com\/wp-content\/uploads\/2025\/09\/WhatsApp-Image-2025-09-17-at-23.00.50-2-2048x1152.jpeg 2048w\" sizes=\"(max-width: 1024px) 100vw, 1024px\" \/><\/figure>\n\n\n\n<figure class=\"wp-block-image size-large\"><img decoding=\"async\" width=\"1024\" height=\"679\" data-id=\"21772\" src=\"https:\/\/panoramaciudadano.com\/wp-content\/uploads\/2025\/09\/WhatsApp-Image-2025-09-17-at-23.00.50-1024x679.jpeg\" alt=\"\" class=\"wp-image-21772\" srcset=\"https:\/\/panoramaciudadano.com\/wp-content\/uploads\/2025\/09\/WhatsApp-Image-2025-09-17-at-23.00.50-1024x679.jpeg 1024w, https:\/\/panoramaciudadano.com\/wp-content\/uploads\/2025\/09\/WhatsApp-Image-2025-09-17-at-23.00.50-300x199.jpeg 300w, https:\/\/panoramaciudadano.com\/wp-content\/uploads\/2025\/09\/WhatsApp-Image-2025-09-17-at-23.00.50-768x509.jpeg 768w, https:\/\/panoramaciudadano.com\/wp-content\/uploads\/2025\/09\/WhatsApp-Image-2025-09-17-at-23.00.50-1536x1018.jpeg 1536w, https:\/\/panoramaciudadano.com\/wp-content\/uploads\/2025\/09\/WhatsApp-Image-2025-09-17-at-23.00.50-2048x1358.jpeg 2048w\" sizes=\"(max-width: 1024px) 100vw, 1024px\" \/><\/figure>\n<\/figure>\n\n\n\n<p>\u201cCanc\u00fan nos une en la certeza de que la transformaci\u00f3n es una realidad y que se construye con hechos, con justicia social, con paz y con humanismo. Sigamos caminando juntas y juntos, con la certeza de que la ciudad que anhelamos y merecemos s\u00ed es posible. \u00a1Sigamos haciendo historia, con hechos que transforman!\u201d, puntualiz\u00f3 la Presidenta municipal, Ana Paty Peralta, al rendir su Primer Informe de Gobierno.<\/p>\n\n\n\n<p>Desde el Poliforum \u201cBenito Ju\u00e1rez\u201d, la Primera Autoridad Municipal subray\u00f3 que esa renovaci\u00f3n, que lleg\u00f3 para quedarse, es una realidad que se vive y se siente en los diferentes momentos del d\u00eda en Canc\u00fan, ya que es una ciudad que crece, camina, enfrenta retos con la fuerza de la resiliencia, la uni\u00f3n de su gente y la esperanza, adem\u00e1s de ser destino joven que tiene la certeza de un horizonte cada vez m\u00e1s justo y pr\u00f3spero.<\/p>\n\n\n\n<p>\u201cNos une el sue\u00f1o de que cada ni\u00f1a y cada ni\u00f1o tengan oportunidades, de que nuestras juventudes encuentren caminos de desarrollo, de que las mujeres vivan libres y seguras, de que los adultos mayores reciban el cuidado y el reconocimiento que merecen, y de que cada familia viva con dignidad\u201d, dijo.<\/p>\n\n\n\n<p>En presencia de los titulares de los poderes Legislativo y Judicial, representantes de las fuerzas armadas, empresarios, diputados federales y locales, y sobre todo la ciudadan\u00eda, que la cobij\u00f3 con calidez en este importante momento, Ana Paty Peralta reiter\u00f3 que desde Canc\u00fan se consolida el segundo piso de la Cuarta Transformaci\u00f3n bajo los lineamientos de la Presidenta, Claudia Sheinbaum Pardo, y con el respaldo total de la gobernadora Mara Lezama, ya que ha sido una gran aliada para Benito Ju\u00e1rez, que suma esfuerzos para seguir mejorando la calidad de vida de la poblaci\u00f3n.<\/p>\n\n\n\n<p>Amanecer: Canc\u00fan despierta con esperanza y justicia<\/p>\n\n\n\n<p>En este concepto, incluy\u00f3 hechos alcanzados como: la entrega de mil 142 escrituras entregadas y 90 colonias inscritas en el Programa de Regularizaci\u00f3n para el Bienestar Patrimonial; la clausura de siete mil 200 lotes de proyectos sin permisos y la inversi\u00f3n hist\u00f3rica de 156 millones de pesos para urbanizar las colonias Riviera 1, Riviera 2, Real del Bosque, Los Pinos y Diamante, que suman en tres a\u00f1os casi 500 millones de pesos en urbanizaci\u00f3n para que cuenten con los servicios b\u00e1sicos.<\/p>\n\n\n\n<p>Tambi\u00e9n resalt\u00f3 que se otorgaron tres mil 834 becas econ\u00f3micas, 119 mil pares de tenis para estudiantes y 17 mil desayunos escolares, m\u00e1s la aportaci\u00f3n de recursos municipales para construir 16 domos en los planteles en beneficio de los alumnos que podr\u00e1n hacer deporte, actividades culturales y actos c\u00edvicos protegidos del sol y la lluvia.<\/p>\n\n\n\n<p>Ma\u00f1ana: Canc\u00fan se mueve con esfuerzo y coraz\u00f3n<\/p>\n\n\n\n<p>Como complemento de bienestar, destac\u00f3 la atenci\u00f3n primaria gratuita en dos nuevas Unidades M\u00e9dicas Municipales; la donaci\u00f3n del Gobierno del Estado de cuatro nuevas ambulancias para respuesta prehospitalaria; la apertura del primer Centro de Autismo DIF-Telet\u00f3n en beneficio de 200 ni\u00f1as y ni\u00f1os con terapias de primer nivel, as\u00ed como la reactivaci\u00f3n del tanque de hidroterapia del Centro de Rehabilitaci\u00f3n Integral Municipal, lo que ha permitido alcanzar m\u00e1s de 125 mil atenciones por parte del DIF Benito Ju\u00e1rez.<\/p>\n\n\n\n<p>Mediod\u00eda: la ciudad crece con orden y equidad<\/p>\n\n\n\n<p>Al tener un presupuesto hist\u00f3rico para inversi\u00f3n de obra p\u00fablica para la ciudad que es de 857 millones de pesos en total, la Primera Autoridad Municipal detall\u00f3 que su correcta aplicaci\u00f3n ha beneficiado a calles y avenidas como: la Avenida Kabah, Paseo El Peral, Calle 82 junto a la Universidad del Caribe, Calle 36 en la Supermanzana 105, Avenida Chetumal, la segunda etapa de Tierra Maya, la entrada a Canc\u00fan por la carretera libre a M\u00e9rida, entre otras, para sumar 228 mil metros cuadrados de pavimentaci\u00f3n, lo que se complementa con m\u00e1s de 104 mil metros cuadrados de bacheo, m\u00e1s de 180 pozos de absorci\u00f3n, dos mil 688 pozos desazolvados y m\u00e1s de 100 mil metros lineales de guarniciones pintadas.<\/p>\n\n\n\n<p>Como complemento del compromiso adquirido, Ana Paty Peralta resalt\u00f3 que se han alcanzado finanzas sanas, una recaudaci\u00f3n eficiente y un incremento del presupuesto caso mil millones de pesos a\u00f1o con a\u00f1o, m\u00e1s el aumento de las calificaciones crediticias para la administraci\u00f3n, ya que Fitch Ratings subi\u00f3 de \u201cA+\u201d a \u201cAA\u201d con perspectiva estable y Moody\u00b4s elev\u00f3 la valoraci\u00f3n de \u201cA+\u201d con perspectiva estable a \u201cA+\u201d con perspectiva positiva, lo que se complementar\u00e1 con las acciones de la campa\u00f1a \u201cCero Corrupci\u00f3n\u201d, por la que se han entregado mil 500 gafetes de identificaci\u00f3n con foto, datos y un c\u00f3digo QR para denuncias.<\/p>\n\n\n\n<p>Tambi\u00e9n, destac\u00f3 la cercan\u00eda con el pueblo a trav\u00e9s de mecanismos como las Jornadas de Atenci\u00f3n Ciudadana \u201c\u00a1Canc\u00fan nos une!\u201d, la conformaci\u00f3n de 316 comit\u00e9s vecinales y la inversi\u00f3n de 33 millones de pesos en proyectos elegidos por los habitantes a trav\u00e9s del Presupuesto Participativo.<\/p>\n\n\n\n<p>Tarde: comunidad, oportunidades y sue\u00f1os compartidos<\/p>\n\n\n\n<p>Para reconstruir el tejido social, la Primera Autoridad Municipal se\u00f1al\u00f3 logros en cultura como la renovaci\u00f3n del Teatro de la Ciudad y la conformaci\u00f3n de las compa\u00f1\u00edas municipales de coro, teatro y ballet folcl\u00f3rico; y la creaci\u00f3n de la primera Escuela de Iniciaci\u00f3n Art\u00edstica, asociada al instituto Nacional de Bellas Artes y Literatura (INBAL).<\/p>\n\n\n\n<p>Indic\u00f3 que se impulsa a las mujeres, por lo que se cre\u00f3 el Comit\u00e9 Mujer Segura, se abrieron las 13 Casas de la Mujer en colonias prioritarias para apoyo m\u00e9dico, psicol\u00f3gico y jur\u00eddico; la Casa de la Mujer Emprendedora; adem\u00e1s de los programas \u201cEllas Facturan\u201d y \u201cMujeres que crean\u201d, que complementa a las acciones preventivas como la Unidad de Atenci\u00f3n del Instituto Municipal contra las Adicciones (IMCA) en la Supermanzana 232.<\/p>\n\n\n\n<p>Noche: fortaleciendo la seguridad y construcci\u00f3n de paz<\/p>\n\n\n\n<p>Antes de finalizar su mensaje, Ana Paty Peralta dio a conocer que con el programa Caminos Seguros, inspirado en una pol\u00edtica p\u00fablica del gobierno federal, se transforman trayectos en vialidades dignas, iluminadas y vigiladas con inversi\u00f3n de m\u00e1s de 105 millones de pesos, en varias zonas y afuera de universidades, a lo que se suma el fortalecimiento de las corporaciones policiacas como la nueva certificaci\u00f3n tipo \u201cA\u201d de la Academia de Polic\u00eda, la inversi\u00f3n de m\u00e1s de mil millones de pesos en seguridad, la adquisici\u00f3n de nuevas patrullas y equipamiento para cada elemento, la creaci\u00f3n del Grupo Especializado en B\u00fasqueda de Personas, \u00fanico en Quintana Roo, el nuevo C2 en la zona hotelera, y el refuerzo a las estrategias coordinadas para la reducci\u00f3n de los principales delitos.<\/p>\n\n\n\n<p>\u201cY as\u00ed transcurre un d\u00eda en Canc\u00fan: entre trabajo, sue\u00f1os, retos y esperanzas. En cada encuentro reafirmamos nuestro orgullo de decir con fuerza: Yo soy Canc\u00fan, soy cancunense\u201d, expres\u00f3 y agreg\u00f3 que se tuvo la asistencia de m\u00e1s de 260 mil cancunenses en eventos exitosos como el Grito de Independencia, el Carnaval, la G\u00fcelaguetza en Canc\u00fan, el Janal Pix\u00e1n, las posadas y la gran fiesta de Fin de A\u00f1o.<br>\u201cSeguiremos cerrando brechas de desigualdad, seguiremos saldando deudas hist\u00f3ricas y construyendo juntos una ciudad donde cada familia cancunense pueda tener una vida digna\u201d, concluy\u00f3.<\/p>\n\n\n\n<hr class=\"wp-block-separator has-alpha-channel-opacity\"\/>\n","protected":false},"excerpt":{"rendered":"<p>Present\u00f3 los principales logros alcanzados en un a\u00f1o de gesti\u00f3n, alineados a las pol\u00edticas p\u00fablicas de los gobiernos de M\u00e9xico, encabezado por la Presidenta Claudia Sheinbaum, y de Quintana Roo, liderado por la gobernadora Mara Lezama.<\/p>\n","protected":false},"author":1,"featured_media":21771,"comment_status":"open","ping_status":"closed","sticky":false,"template":"","format":"standard","meta":{"footnotes":""},"categories":[6],"tags":[145],"class_list":["post-21770","post","type-post","status-publish","format-standard","has-post-thumbnail","hentry","category-cancun","tag-ana-paty-peralta"],"yoast_head":"<!-- This site is optimized with the Yoast SEO plugin v27.1.1 - https:\/\/yoast.com\/product\/yoast-seo-wordpress\/ -->\n<title>\u00a1SIGAMOS HACIENDO HISTORIA EN CANC\u00daN, CON HECHOS QUE TRANSFORMAN!: ANA PATY PERALTA - Panorama Ciudadano<\/title>\n<meta name=\"robots\" content=\"index, follow, max-snippet:-1, max-image-preview:large, max-video-preview:-1\" \/>\n<link rel=\"canonical\" href=\"https:\/\/panoramaciudadano.com\/index.php\/2025\/09\/18\/sigamos-haciendo-historia-en-cancun-con-hechos-que-transforman-ana-paty-peralta\/\" \/>\n<meta property=\"og:locale\" content=\"es_ES\" \/>\n<meta property=\"og:type\" content=\"article\" \/>\n<meta property=\"og:title\" content=\"\u00a1SIGAMOS HACIENDO HISTORIA EN CANC\u00daN, CON HECHOS QUE TRANSFORMAN!: ANA PATY PERALTA - Panorama Ciudadano\" \/>\n<meta property=\"og:description\" content=\"Present\u00f3 los principales logros alcanzados en un a\u00f1o de gesti\u00f3n, alineados a las pol\u00edticas p\u00fablicas de los gobiernos de M\u00e9xico, encabezado por la Presidenta Claudia Sheinbaum, y de Quintana Roo, liderado por la gobernadora Mara Lezama.\" \/>\n<meta property=\"og:url\" content=\"https:\/\/panoramaciudadano.com\/index.php\/2025\/09\/18\/sigamos-haciendo-historia-en-cancun-con-hechos-que-transforman-ana-paty-peralta\/\" \/>\n<meta property=\"og:site_name\" content=\"Panorama Ciudadano\" \/>\n<meta property=\"article:publisher\" content=\"https:\/\/www.facebook.com\/panoramaciudadano\" \/>\n<meta property=\"article:published_time\" content=\"2025-09-18T14:40:33+00:00\" \/>\n<meta property=\"article:modified_time\" content=\"2025-09-18T14:40:35+00:00\" \/>\n<meta property=\"og:image\" content=\"https:\/\/panoramaciudadano.com\/wp-content\/uploads\/2025\/09\/WhatsApp-Image-2025-09-17-at-23.00.49.jpeg\" \/>\n\t<meta property=\"og:image:width\" content=\"2560\" \/>\n\t<meta property=\"og:image:height\" content=\"1678\" \/>\n\t<meta property=\"og:image:type\" content=\"image\/jpeg\" \/>\n<meta name=\"author\" content=\"admin\" \/>\n<meta name=\"twitter:card\" content=\"summary_large_image\" \/>\n<meta name=\"twitter:label1\" content=\"Escrito por\" \/>\n\t<meta name=\"twitter:data1\" content=\"admin\" \/>\n\t<meta name=\"twitter:label2\" content=\"Tiempo de lectura\" \/>\n\t<meta name=\"twitter:data2\" content=\"7 minutos\" \/>\n<script type=\"application\/ld+json\" class=\"yoast-schema-graph\">{\"@context\":\"https:\/\/schema.org\",\"@graph\":[{\"@type\":\"Article\",\"@id\":\"https:\/\/panoramaciudadano.com\/index.php\/2025\/09\/18\/sigamos-haciendo-historia-en-cancun-con-hechos-que-transforman-ana-paty-peralta\/#article\",\"isPartOf\":{\"@id\":\"https:\/\/panoramaciudadano.com\/index.php\/2025\/09\/18\/sigamos-haciendo-historia-en-cancun-con-hechos-que-transforman-ana-paty-peralta\/\"},\"author\":{\"name\":\"admin\",\"@id\":\"https:\/\/panoramaciudadano.com\/#\/schema\/person\/ffe9fe8ef47d3a93977b5761fd9e0d96\"},\"headline\":\"\u00a1SIGAMOS HACIENDO HISTORIA EN CANC\u00daN, CON HECHOS QUE TRANSFORMAN!: ANA PATY PERALTA\",\"datePublished\":\"2025-09-18T14:40:33+00:00\",\"dateModified\":\"2025-09-18T14:40:35+00:00\",\"mainEntityOfPage\":{\"@id\":\"https:\/\/panoramaciudadano.com\/index.php\/2025\/09\/18\/sigamos-haciendo-historia-en-cancun-con-hechos-que-transforman-ana-paty-peralta\/\"},\"wordCount\":1245,\"commentCount\":0,\"publisher\":{\"@id\":\"https:\/\/panoramaciudadano.com\/#organization\"},\"image\":{\"@id\":\"https:\/\/panoramaciudadano.com\/index.php\/2025\/09\/18\/sigamos-haciendo-historia-en-cancun-con-hechos-que-transforman-ana-paty-peralta\/#primaryimage\"},\"thumbnailUrl\":\"https:\/\/panoramaciudadano.com\/wp-content\/uploads\/2025\/09\/WhatsApp-Image-2025-09-17-at-23.00.49.jpeg\",\"keywords\":[\"Ana Paty Peralta\"],\"articleSection\":[\"Canc\u00fan\"],\"inLanguage\":\"es\",\"potentialAction\":[{\"@type\":\"CommentAction\",\"name\":\"Comment\",\"target\":[\"https:\/\/panoramaciudadano.com\/index.php\/2025\/09\/18\/sigamos-haciendo-historia-en-cancun-con-hechos-que-transforman-ana-paty-peralta\/#respond\"]}]},{\"@type\":\"WebPage\",\"@id\":\"https:\/\/panoramaciudadano.com\/index.php\/2025\/09\/18\/sigamos-haciendo-historia-en-cancun-con-hechos-que-transforman-ana-paty-peralta\/\",\"url\":\"https:\/\/panoramaciudadano.com\/index.php\/2025\/09\/18\/sigamos-haciendo-historia-en-cancun-con-hechos-que-transforman-ana-paty-peralta\/\",\"name\":\"\u00a1SIGAMOS HACIENDO HISTORIA EN CANC\u00daN, CON HECHOS QUE TRANSFORMAN!: ANA PATY PERALTA - Panorama Ciudadano\",\"isPartOf\":{\"@id\":\"https:\/\/panoramaciudadano.com\/#website\"},\"primaryImageOfPage\":{\"@id\":\"https:\/\/panoramaciudadano.com\/index.php\/2025\/09\/18\/sigamos-haciendo-historia-en-cancun-con-hechos-que-transforman-ana-paty-peralta\/#primaryimage\"},\"image\":{\"@id\":\"https:\/\/panoramaciudadano.com\/index.php\/2025\/09\/18\/sigamos-haciendo-historia-en-cancun-con-hechos-que-transforman-ana-paty-peralta\/#primaryimage\"},\"thumbnailUrl\":\"https:\/\/panoramaciudadano.com\/wp-content\/uploads\/2025\/09\/WhatsApp-Image-2025-09-17-at-23.00.49.jpeg\",\"datePublished\":\"2025-09-18T14:40:33+00:00\",\"dateModified\":\"2025-09-18T14:40:35+00:00\",\"breadcrumb\":{\"@id\":\"https:\/\/panoramaciudadano.com\/index.php\/2025\/09\/18\/sigamos-haciendo-historia-en-cancun-con-hechos-que-transforman-ana-paty-peralta\/#breadcrumb\"},\"inLanguage\":\"es\",\"potentialAction\":[{\"@type\":\"ReadAction\",\"target\":[\"https:\/\/panoramaciudadano.com\/index.php\/2025\/09\/18\/sigamos-haciendo-historia-en-cancun-con-hechos-que-transforman-ana-paty-peralta\/\"]}]},{\"@type\":\"ImageObject\",\"inLanguage\":\"es\",\"@id\":\"https:\/\/panoramaciudadano.com\/index.php\/2025\/09\/18\/sigamos-haciendo-historia-en-cancun-con-hechos-que-transforman-ana-paty-peralta\/#primaryimage\",\"url\":\"https:\/\/panoramaciudadano.com\/wp-content\/uploads\/2025\/09\/WhatsApp-Image-2025-09-17-at-23.00.49.jpeg\",\"contentUrl\":\"https:\/\/panoramaciudadano.com\/wp-content\/uploads\/2025\/09\/WhatsApp-Image-2025-09-17-at-23.00.49.jpeg\",\"width\":2560,\"height\":1678},{\"@type\":\"BreadcrumbList\",\"@id\":\"https:\/\/panoramaciudadano.com\/index.php\/2025\/09\/18\/sigamos-haciendo-historia-en-cancun-con-hechos-que-transforman-ana-paty-peralta\/#breadcrumb\",\"itemListElement\":[{\"@type\":\"ListItem\",\"position\":1,\"name\":\"Portada\",\"item\":\"https:\/\/panoramaciudadano.com\/\"},{\"@type\":\"ListItem\",\"position\":2,\"name\":\"\u00a1SIGAMOS HACIENDO HISTORIA EN CANC\u00daN, CON HECHOS QUE TRANSFORMAN!: ANA PATY PERALTA\"}]},{\"@type\":\"WebSite\",\"@id\":\"https:\/\/panoramaciudadano.com\/#website\",\"url\":\"https:\/\/panoramaciudadano.com\/\",\"name\":\"Panorama Ciudadano\",\"description\":\"\",\"publisher\":{\"@id\":\"https:\/\/panoramaciudadano.com\/#organization\"},\"potentialAction\":[{\"@type\":\"SearchAction\",\"target\":{\"@type\":\"EntryPoint\",\"urlTemplate\":\"https:\/\/panoramaciudadano.com\/?s={search_term_string}\"},\"query-input\":{\"@type\":\"PropertyValueSpecification\",\"valueRequired\":true,\"valueName\":\"search_term_string\"}}],\"inLanguage\":\"es\"},{\"@type\":\"Organization\",\"@id\":\"https:\/\/panoramaciudadano.com\/#organization\",\"name\":\"Panorama Ciudadano\",\"url\":\"https:\/\/panoramaciudadano.com\/\",\"logo\":{\"@type\":\"ImageObject\",\"inLanguage\":\"es\",\"@id\":\"https:\/\/panoramaciudadano.com\/#\/schema\/logo\/image\/\",\"url\":\"https:\/\/panoramaciudadano.com\/wp-content\/uploads\/2024\/05\/401498640_919267042938564_6290593609399108733_n.jpg\",\"contentUrl\":\"https:\/\/panoramaciudadano.com\/wp-content\/uploads\/2024\/05\/401498640_919267042938564_6290593609399108733_n.jpg\",\"width\":960,\"height\":957,\"caption\":\"Panorama Ciudadano\"},\"image\":{\"@id\":\"https:\/\/panoramaciudadano.com\/#\/schema\/logo\/image\/\"},\"sameAs\":[\"https:\/\/www.facebook.com\/panoramaciudadano\"]},{\"@type\":\"Person\",\"@id\":\"https:\/\/panoramaciudadano.com\/#\/schema\/person\/ffe9fe8ef47d3a93977b5761fd9e0d96\",\"name\":\"admin\",\"image\":{\"@type\":\"ImageObject\",\"inLanguage\":\"es\",\"@id\":\"https:\/\/panoramaciudadano.com\/#\/schema\/person\/image\/\",\"url\":\"https:\/\/secure.gravatar.com\/avatar\/2d5a12cacce3f18096f25fadea8abb7202fef18ed669595589853e84260ff451?s=96&d=mm&r=g\",\"contentUrl\":\"https:\/\/secure.gravatar.com\/avatar\/2d5a12cacce3f18096f25fadea8abb7202fef18ed669595589853e84260ff451?s=96&d=mm&r=g\",\"caption\":\"admin\"},\"sameAs\":[\"https:\/\/panoramaciudadano.com\"],\"url\":\"https:\/\/panoramaciudadano.com\/index.php\/author\/admin_3q6hyqq3\/\"}]}<\/script>\n<!-- \/ Yoast SEO plugin. -->","yoast_head_json":{"title":"\u00a1SIGAMOS HACIENDO HISTORIA EN CANC\u00daN, CON HECHOS QUE TRANSFORMAN!: ANA PATY PERALTA - Panorama Ciudadano","robots":{"index":"index","follow":"follow","max-snippet":"max-snippet:-1","max-image-preview":"max-image-preview:large","max-video-preview":"max-video-preview:-1"},"canonical":"https:\/\/panoramaciudadano.com\/index.php\/2025\/09\/18\/sigamos-haciendo-historia-en-cancun-con-hechos-que-transforman-ana-paty-peralta\/","og_locale":"es_ES","og_type":"article","og_title":"\u00a1SIGAMOS HACIENDO HISTORIA EN CANC\u00daN, CON HECHOS QUE TRANSFORMAN!: ANA PATY PERALTA - Panorama Ciudadano","og_description":"Present\u00f3 los principales logros alcanzados en un a\u00f1o de gesti\u00f3n, alineados a las pol\u00edticas p\u00fablicas de los gobiernos de M\u00e9xico, encabezado por la Presidenta Claudia Sheinbaum, y de Quintana Roo, liderado por la gobernadora Mara Lezama.","og_url":"https:\/\/panoramaciudadano.com\/index.php\/2025\/09\/18\/sigamos-haciendo-historia-en-cancun-con-hechos-que-transforman-ana-paty-peralta\/","og_site_name":"Panorama Ciudadano","article_publisher":"https:\/\/www.facebook.com\/panoramaciudadano","article_published_time":"2025-09-18T14:40:33+00:00","article_modified_time":"2025-09-18T14:40:35+00:00","og_image":[{"width":2560,"height":1678,"url":"https:\/\/panoramaciudadano.com\/wp-content\/uploads\/2025\/09\/WhatsApp-Image-2025-09-17-at-23.00.49.jpeg","type":"image\/jpeg"}],"author":"admin","twitter_card":"summary_large_image","twitter_misc":{"Escrito por":"admin","Tiempo de lectura":"7 minutos"},"schema":{"@context":"https:\/\/schema.org","@graph":[{"@type":"Article","@id":"https:\/\/panoramaciudadano.com\/index.php\/2025\/09\/18\/sigamos-haciendo-historia-en-cancun-con-hechos-que-transforman-ana-paty-peralta\/#article","isPartOf":{"@id":"https:\/\/panoramaciudadano.com\/index.php\/2025\/09\/18\/sigamos-haciendo-historia-en-cancun-con-hechos-que-transforman-ana-paty-peralta\/"},"author":{"name":"admin","@id":"https:\/\/panoramaciudadano.com\/#\/schema\/person\/ffe9fe8ef47d3a93977b5761fd9e0d96"},"headline":"\u00a1SIGAMOS HACIENDO HISTORIA EN CANC\u00daN, CON HECHOS QUE TRANSFORMAN!: ANA PATY PERALTA","datePublished":"2025-09-18T14:40:33+00:00","dateModified":"2025-09-18T14:40:35+00:00","mainEntityOfPage":{"@id":"https:\/\/panoramaciudadano.com\/index.php\/2025\/09\/18\/sigamos-haciendo-historia-en-cancun-con-hechos-que-transforman-ana-paty-peralta\/"},"wordCount":1245,"commentCount":0,"publisher":{"@id":"https:\/\/panoramaciudadano.com\/#organization"},"image":{"@id":"https:\/\/panoramaciudadano.com\/index.php\/2025\/09\/18\/sigamos-haciendo-historia-en-cancun-con-hechos-que-transforman-ana-paty-peralta\/#primaryimage"},"thumbnailUrl":"https:\/\/panoramaciudadano.com\/wp-content\/uploads\/2025\/09\/WhatsApp-Image-2025-09-17-at-23.00.49.jpeg","keywords":["Ana Paty Peralta"],"articleSection":["Canc\u00fan"],"inLanguage":"es","potentialAction":[{"@type":"CommentAction","name":"Comment","target":["https:\/\/panoramaciudadano.com\/index.php\/2025\/09\/18\/sigamos-haciendo-historia-en-cancun-con-hechos-que-transforman-ana-paty-peralta\/#respond"]}]},{"@type":"WebPage","@id":"https:\/\/panoramaciudadano.com\/index.php\/2025\/09\/18\/sigamos-haciendo-historia-en-cancun-con-hechos-que-transforman-ana-paty-peralta\/","url":"https:\/\/panoramaciudadano.com\/index.php\/2025\/09\/18\/sigamos-haciendo-historia-en-cancun-con-hechos-que-transforman-ana-paty-peralta\/","name":"\u00a1SIGAMOS HACIENDO HISTORIA EN CANC\u00daN, CON HECHOS QUE TRANSFORMAN!: ANA PATY PERALTA - Panorama Ciudadano","isPartOf":{"@id":"https:\/\/panoramaciudadano.com\/#website"},"primaryImageOfPage":{"@id":"https:\/\/panoramaciudadano.com\/index.php\/2025\/09\/18\/sigamos-haciendo-historia-en-cancun-con-hechos-que-transforman-ana-paty-peralta\/#primaryimage"},"image":{"@id":"https:\/\/panoramaciudadano.com\/index.php\/2025\/09\/18\/sigamos-haciendo-historia-en-cancun-con-hechos-que-transforman-ana-paty-peralta\/#primaryimage"},"thumbnailUrl":"https:\/\/panoramaciudadano.com\/wp-content\/uploads\/2025\/09\/WhatsApp-Image-2025-09-17-at-23.00.49.jpeg","datePublished":"2025-09-18T14:40:33+00:00","dateModified":"2025-09-18T14:40:35+00:00","breadcrumb":{"@id":"https:\/\/panoramaciudadano.com\/index.php\/2025\/09\/18\/sigamos-haciendo-historia-en-cancun-con-hechos-que-transforman-ana-paty-peralta\/#breadcrumb"},"inLanguage":"es","potentialAction":[{"@type":"ReadAction","target":["https:\/\/panoramaciudadano.com\/index.php\/2025\/09\/18\/sigamos-haciendo-historia-en-cancun-con-hechos-que-transforman-ana-paty-peralta\/"]}]},{"@type":"ImageObject","inLanguage":"es","@id":"https:\/\/panoramaciudadano.com\/index.php\/2025\/09\/18\/sigamos-haciendo-historia-en-cancun-con-hechos-que-transforman-ana-paty-peralta\/#primaryimage","url":"https:\/\/panoramaciudadano.com\/wp-content\/uploads\/2025\/09\/WhatsApp-Image-2025-09-17-at-23.00.49.jpeg","contentUrl":"https:\/\/panoramaciudadano.com\/wp-content\/uploads\/2025\/09\/WhatsApp-Image-2025-09-17-at-23.00.49.jpeg","width":2560,"height":1678},{"@type":"BreadcrumbList","@id":"https:\/\/panoramaciudadano.com\/index.php\/2025\/09\/18\/sigamos-haciendo-historia-en-cancun-con-hechos-que-transforman-ana-paty-peralta\/#breadcrumb","itemListElement":[{"@type":"ListItem","position":1,"name":"Portada","item":"https:\/\/panoramaciudadano.com\/"},{"@type":"ListItem","position":2,"name":"\u00a1SIGAMOS HACIENDO HISTORIA EN CANC\u00daN, CON HECHOS QUE TRANSFORMAN!: ANA PATY PERALTA"}]},{"@type":"WebSite","@id":"https:\/\/panoramaciudadano.com\/#website","url":"https:\/\/panoramaciudadano.com\/","name":"Panorama Ciudadano","description":"","publisher":{"@id":"https:\/\/panoramaciudadano.com\/#organization"},"potentialAction":[{"@type":"SearchAction","target":{"@type":"EntryPoint","urlTemplate":"https:\/\/panoramaciudadano.com\/?s={search_term_string}"},"query-input":{"@type":"PropertyValueSpecification","valueRequired":true,"valueName":"search_term_string"}}],"inLanguage":"es"},{"@type":"Organization","@id":"https:\/\/panoramaciudadano.com\/#organization","name":"Panorama Ciudadano","url":"https:\/\/panoramaciudadano.com\/","logo":{"@type":"ImageObject","inLanguage":"es","@id":"https:\/\/panoramaciudadano.com\/#\/schema\/logo\/image\/","url":"https:\/\/panoramaciudadano.com\/wp-content\/uploads\/2024\/05\/401498640_919267042938564_6290593609399108733_n.jpg","contentUrl":"https:\/\/panoramaciudadano.com\/wp-content\/uploads\/2024\/05\/401498640_919267042938564_6290593609399108733_n.jpg","width":960,"height":957,"caption":"Panorama Ciudadano"},"image":{"@id":"https:\/\/panoramaciudadano.com\/#\/schema\/logo\/image\/"},"sameAs":["https:\/\/www.facebook.com\/panoramaciudadano"]},{"@type":"Person","@id":"https:\/\/panoramaciudadano.com\/#\/schema\/person\/ffe9fe8ef47d3a93977b5761fd9e0d96","name":"admin","image":{"@type":"ImageObject","inLanguage":"es","@id":"https:\/\/panoramaciudadano.com\/#\/schema\/person\/image\/","url":"https:\/\/secure.gravatar.com\/avatar\/2d5a12cacce3f18096f25fadea8abb7202fef18ed669595589853e84260ff451?s=96&d=mm&r=g","contentUrl":"https:\/\/secure.gravatar.com\/avatar\/2d5a12cacce3f18096f25fadea8abb7202fef18ed669595589853e84260ff451?s=96&d=mm&r=g","caption":"admin"},"sameAs":["https:\/\/panoramaciudadano.com"],"url":"https:\/\/panoramaciudadano.com\/index.php\/author\/admin_3q6hyqq3\/"}]}},"_links":{"self":[{"href":"https:\/\/panoramaciudadano.com\/index.php\/wp-json\/wp\/v2\/posts\/21770","targetHints":{"allow":["GET"]}}],"collection":[{"href":"https:\/\/panoramaciudadano.com\/index.php\/wp-json\/wp\/v2\/posts"}],"about":[{"href":"https:\/\/panoramaciudadano.com\/index.php\/wp-json\/wp\/v2\/types\/post"}],"author":[{"embeddable":true,"href":"https:\/\/panoramaciudadano.com\/index.php\/wp-json\/wp\/v2\/users\/1"}],"replies":[{"embeddable":true,"href":"https:\/\/panoramaciudadano.com\/index.php\/wp-json\/wp\/v2\/comments?post=21770"}],"version-history":[{"count":1,"href":"https:\/\/panoramaciudadano.com\/index.php\/wp-json\/wp\/v2\/posts\/21770\/revisions"}],"predecessor-version":[{"id":21777,"href":"https:\/\/panoramaciudadano.com\/index.php\/wp-json\/wp\/v2\/posts\/21770\/revisions\/21777"}],"wp:featuredmedia":[{"embeddable":true,"href":"https:\/\/panoramaciudadano.com\/index.php\/wp-json\/wp\/v2\/media\/21771"}],"wp:attachment":[{"href":"https:\/\/panoramaciudadano.com\/index.php\/wp-json\/wp\/v2\/media?parent=21770"}],"wp:term":[{"taxonomy":"category","embeddable":true,"href":"https:\/\/panoramaciudadano.com\/index.php\/wp-json\/wp\/v2\/categories?post=21770"},{"taxonomy":"post_tag","embeddable":true,"href":"https:\/\/panoramaciudadano.com\/index.php\/wp-json\/wp\/v2\/tags?post=21770"}],"curies":[{"name":"wp","href":"https:\/\/api.w.org\/{rel}","templated":true}]}}