{"id":21778,"date":"2025-09-18T09:43:53","date_gmt":"2025-09-18T14:43:53","guid":{"rendered":"https:\/\/panoramaciudadano.com\/?p=21778"},"modified":"2025-09-18T09:43:55","modified_gmt":"2025-09-18T14:43:55","slug":"ataque-armado-en-taqueria-de-cancun-deja-dos-empleados-heridos","status":"publish","type":"post","link":"https:\/\/panoramaciudadano.com\/index.php\/2025\/09\/18\/ataque-armado-en-taqueria-de-cancun-deja-dos-empleados-heridos\/","title":{"rendered":"Ataque armado en taquer\u00eda de Canc\u00fan deja dos empleados heridos"},"content":{"rendered":"\n<figure class=\"wp-block-gallery has-nested-images columns-default is-cropped wp-block-gallery-1 is-layout-flex wp-block-gallery-is-layout-flex\">\n<figure class=\"wp-block-image size-large\"><img decoding=\"async\" width=\"1024\" height=\"770\" data-id=\"21781\" src=\"https:\/\/panoramaciudadano.com\/wp-content\/uploads\/2025\/09\/2-60-1024x770.jpeg\" alt=\"\" class=\"wp-image-21781\" srcset=\"https:\/\/panoramaciudadano.com\/wp-content\/uploads\/2025\/09\/2-60-1024x770.jpeg 1024w, https:\/\/panoramaciudadano.com\/wp-content\/uploads\/2025\/09\/2-60-300x226.jpeg 300w, https:\/\/panoramaciudadano.com\/wp-content\/uploads\/2025\/09\/2-60-768x578.jpeg 768w, https:\/\/panoramaciudadano.com\/wp-content\/uploads\/2025\/09\/2-60.jpeg 1280w\" sizes=\"(max-width: 1024px) 100vw, 1024px\" \/><\/figure>\n\n\n\n<figure class=\"wp-block-image size-large\"><img decoding=\"async\" width=\"1024\" height=\"835\" data-id=\"21780\" src=\"https:\/\/panoramaciudadano.com\/wp-content\/uploads\/2025\/09\/3-54-1024x835.jpeg\" alt=\"\" class=\"wp-image-21780\" srcset=\"https:\/\/panoramaciudadano.com\/wp-content\/uploads\/2025\/09\/3-54-1024x835.jpeg 1024w, https:\/\/panoramaciudadano.com\/wp-content\/uploads\/2025\/09\/3-54-300x245.jpeg 300w, https:\/\/panoramaciudadano.com\/wp-content\/uploads\/2025\/09\/3-54-768x626.jpeg 768w, https:\/\/panoramaciudadano.com\/wp-content\/uploads\/2025\/09\/3-54.jpeg 1241w\" sizes=\"(max-width: 1024px) 100vw, 1024px\" \/><\/figure>\n<\/figure>\n\n\n\n<p>Dos personas heridas por arma de fuego dej\u00f3 como saldo un ataque armado en una taquer\u00eda ubicada en la Supermanzana 260, fraccionamiento Prado Norte.<\/p>\n\n\n\n<p>De acuerdo con los primeros informes, los hechos ocurrieron alrededor de las 20:40 horas cuando dos sujetos a bordo de una motocicleta abrieron fuego contra el lugar dejando como saldo a dos empleados heridos, lo que desat\u00f3 p\u00e1nico entre los comensales, quienes salieron huyendo.<\/p>\n\n\n\n<p>Al llegar la Polic\u00eda Municipal testigos les se\u00f1alaron haber escuchado al menos cinco detonaciones y que los responsables hab\u00edan escapado en una motocicleta.<\/p>\n\n\n\n<p>Tras el ataque un hombre fue herido de un roz\u00f3n de bala en la mano, retir\u00e1ndose por sus propios medios, mientras que otra persona tambi\u00e9n result\u00f3 herida y fue trasladada a abordo de una camioneta Nissan Frontier al Hospital General.<\/p>\n\n\n\n<p>El lugar qued\u00f3 reguardado por la polic\u00eda local hasta el arribo del personal de la Fiscal\u00eda General del Estado.<\/p>\n\n\n\n<p>Sobre este ataque las autoridades ministeriales ya investigaron el caso y no descartan que se trate de un cobro de \u201cderecho de piso\u201d.<\/p>\n","protected":false},"excerpt":{"rendered":"<p>Dos personas heridas por arma de fuego dej\u00f3 como saldo un ataque armado en una taquer\u00eda ubicada en la Supermanzana 260, fraccionamiento Prado Norte.<\/p>\n","protected":false},"author":1,"featured_media":21779,"comment_status":"open","ping_status":"closed","sticky":false,"template":"","format":"standard","meta":{"footnotes":""},"categories":[6],"tags":[2045],"class_list":["post-21778","post","type-post","status-publish","format-standard","has-post-thumbnail","hentry","category-cancun","tag-fraccionamiento-prado-norte"],"yoast_head":"<!-- This site is optimized with the Yoast SEO plugin v27.1.1 - https:\/\/yoast.com\/product\/yoast-seo-wordpress\/ -->\n<title>Ataque armado en taquer\u00eda de Canc\u00fan deja dos empleados heridos - Panorama Ciudadano<\/title>\n<meta name=\"robots\" content=\"index, follow, max-snippet:-1, max-image-preview:large, max-video-preview:-1\" \/>\n<link rel=\"canonical\" href=\"https:\/\/panoramaciudadano.com\/index.php\/2025\/09\/18\/ataque-armado-en-taqueria-de-cancun-deja-dos-empleados-heridos\/\" \/>\n<meta property=\"og:locale\" content=\"es_ES\" \/>\n<meta property=\"og:type\" content=\"article\" \/>\n<meta property=\"og:title\" content=\"Ataque armado en taquer\u00eda de Canc\u00fan deja dos empleados heridos - Panorama Ciudadano\" \/>\n<meta property=\"og:description\" content=\"Dos personas heridas por arma de fuego dej\u00f3 como saldo un ataque armado en una taquer\u00eda ubicada en la Supermanzana 260, fraccionamiento Prado Norte.\" \/>\n<meta property=\"og:url\" content=\"https:\/\/panoramaciudadano.com\/index.php\/2025\/09\/18\/ataque-armado-en-taqueria-de-cancun-deja-dos-empleados-heridos\/\" \/>\n<meta property=\"og:site_name\" content=\"Panorama Ciudadano\" \/>\n<meta property=\"article:publisher\" content=\"https:\/\/www.facebook.com\/panoramaciudadano\" \/>\n<meta property=\"article:published_time\" content=\"2025-09-18T14:43:53+00:00\" \/>\n<meta property=\"article:modified_time\" content=\"2025-09-18T14:43:55+00:00\" \/>\n<meta property=\"og:image\" content=\"https:\/\/panoramaciudadano.com\/wp-content\/uploads\/2025\/09\/WhatsApp-Image-2025-09-18-at-07.46.44.jpeg\" \/>\n\t<meta property=\"og:image:width\" content=\"1181\" \/>\n\t<meta property=\"og:image:height\" content=\"1280\" \/>\n\t<meta property=\"og:image:type\" content=\"image\/jpeg\" \/>\n<meta name=\"author\" content=\"admin\" \/>\n<meta name=\"twitter:card\" content=\"summary_large_image\" \/>\n<meta name=\"twitter:label1\" content=\"Escrito por\" \/>\n\t<meta name=\"twitter:data1\" content=\"admin\" \/>\n\t<meta name=\"twitter:label2\" content=\"Tiempo de lectura\" \/>\n\t<meta name=\"twitter:data2\" content=\"2 minutos\" \/>\n<script type=\"application\/ld+json\" class=\"yoast-schema-graph\">{\"@context\":\"https:\/\/schema.org\",\"@graph\":[{\"@type\":\"Article\",\"@id\":\"https:\/\/panoramaciudadano.com\/index.php\/2025\/09\/18\/ataque-armado-en-taqueria-de-cancun-deja-dos-empleados-heridos\/#article\",\"isPartOf\":{\"@id\":\"https:\/\/panoramaciudadano.com\/index.php\/2025\/09\/18\/ataque-armado-en-taqueria-de-cancun-deja-dos-empleados-heridos\/\"},\"author\":{\"name\":\"admin\",\"@id\":\"https:\/\/panoramaciudadano.com\/#\/schema\/person\/ffe9fe8ef47d3a93977b5761fd9e0d96\"},\"headline\":\"Ataque armado en taquer\u00eda de Canc\u00fan deja dos empleados heridos\",\"datePublished\":\"2025-09-18T14:43:53+00:00\",\"dateModified\":\"2025-09-18T14:43:55+00:00\",\"mainEntityOfPage\":{\"@id\":\"https:\/\/panoramaciudadano.com\/index.php\/2025\/09\/18\/ataque-armado-en-taqueria-de-cancun-deja-dos-empleados-heridos\/\"},\"wordCount\":193,\"commentCount\":0,\"publisher\":{\"@id\":\"https:\/\/panoramaciudadano.com\/#organization\"},\"image\":{\"@id\":\"https:\/\/panoramaciudadano.com\/index.php\/2025\/09\/18\/ataque-armado-en-taqueria-de-cancun-deja-dos-empleados-heridos\/#primaryimage\"},\"thumbnailUrl\":\"https:\/\/panoramaciudadano.com\/wp-content\/uploads\/2025\/09\/WhatsApp-Image-2025-09-18-at-07.46.44.jpeg\",\"keywords\":[\"fraccionamiento Prado Norte\"],\"articleSection\":[\"Canc\u00fan\"],\"inLanguage\":\"es\",\"potentialAction\":[{\"@type\":\"CommentAction\",\"name\":\"Comment\",\"target\":[\"https:\/\/panoramaciudadano.com\/index.php\/2025\/09\/18\/ataque-armado-en-taqueria-de-cancun-deja-dos-empleados-heridos\/#respond\"]}]},{\"@type\":\"WebPage\",\"@id\":\"https:\/\/panoramaciudadano.com\/index.php\/2025\/09\/18\/ataque-armado-en-taqueria-de-cancun-deja-dos-empleados-heridos\/\",\"url\":\"https:\/\/panoramaciudadano.com\/index.php\/2025\/09\/18\/ataque-armado-en-taqueria-de-cancun-deja-dos-empleados-heridos\/\",\"name\":\"Ataque armado en taquer\u00eda de Canc\u00fan deja dos empleados heridos - Panorama Ciudadano\",\"isPartOf\":{\"@id\":\"https:\/\/panoramaciudadano.com\/#website\"},\"primaryImageOfPage\":{\"@id\":\"https:\/\/panoramaciudadano.com\/index.php\/2025\/09\/18\/ataque-armado-en-taqueria-de-cancun-deja-dos-empleados-heridos\/#primaryimage\"},\"image\":{\"@id\":\"https:\/\/panoramaciudadano.com\/index.php\/2025\/09\/18\/ataque-armado-en-taqueria-de-cancun-deja-dos-empleados-heridos\/#primaryimage\"},\"thumbnailUrl\":\"https:\/\/panoramaciudadano.com\/wp-content\/uploads\/2025\/09\/WhatsApp-Image-2025-09-18-at-07.46.44.jpeg\",\"datePublished\":\"2025-09-18T14:43:53+00:00\",\"dateModified\":\"2025-09-18T14:43:55+00:00\",\"breadcrumb\":{\"@id\":\"https:\/\/panoramaciudadano.com\/index.php\/2025\/09\/18\/ataque-armado-en-taqueria-de-cancun-deja-dos-empleados-heridos\/#breadcrumb\"},\"inLanguage\":\"es\",\"potentialAction\":[{\"@type\":\"ReadAction\",\"target\":[\"https:\/\/panoramaciudadano.com\/index.php\/2025\/09\/18\/ataque-armado-en-taqueria-de-cancun-deja-dos-empleados-heridos\/\"]}]},{\"@type\":\"ImageObject\",\"inLanguage\":\"es\",\"@id\":\"https:\/\/panoramaciudadano.com\/index.php\/2025\/09\/18\/ataque-armado-en-taqueria-de-cancun-deja-dos-empleados-heridos\/#primaryimage\",\"url\":\"https:\/\/panoramaciudadano.com\/wp-content\/uploads\/2025\/09\/WhatsApp-Image-2025-09-18-at-07.46.44.jpeg\",\"contentUrl\":\"https:\/\/panoramaciudadano.com\/wp-content\/uploads\/2025\/09\/WhatsApp-Image-2025-09-18-at-07.46.44.jpeg\",\"width\":1181,\"height\":1280},{\"@type\":\"BreadcrumbList\",\"@id\":\"https:\/\/panoramaciudadano.com\/index.php\/2025\/09\/18\/ataque-armado-en-taqueria-de-cancun-deja-dos-empleados-heridos\/#breadcrumb\",\"itemListElement\":[{\"@type\":\"ListItem\",\"position\":1,\"name\":\"Portada\",\"item\":\"https:\/\/panoramaciudadano.com\/\"},{\"@type\":\"ListItem\",\"position\":2,\"name\":\"Ataque armado en taquer\u00eda de Canc\u00fan deja dos empleados heridos\"}]},{\"@type\":\"WebSite\",\"@id\":\"https:\/\/panoramaciudadano.com\/#website\",\"url\":\"https:\/\/panoramaciudadano.com\/\",\"name\":\"Panorama Ciudadano\",\"description\":\"\",\"publisher\":{\"@id\":\"https:\/\/panoramaciudadano.com\/#organization\"},\"potentialAction\":[{\"@type\":\"SearchAction\",\"target\":{\"@type\":\"EntryPoint\",\"urlTemplate\":\"https:\/\/panoramaciudadano.com\/?s={search_term_string}\"},\"query-input\":{\"@type\":\"PropertyValueSpecification\",\"valueRequired\":true,\"valueName\":\"search_term_string\"}}],\"inLanguage\":\"es\"},{\"@type\":\"Organization\",\"@id\":\"https:\/\/panoramaciudadano.com\/#organization\",\"name\":\"Panorama Ciudadano\",\"url\":\"https:\/\/panoramaciudadano.com\/\",\"logo\":{\"@type\":\"ImageObject\",\"inLanguage\":\"es\",\"@id\":\"https:\/\/panoramaciudadano.com\/#\/schema\/logo\/image\/\",\"url\":\"https:\/\/panoramaciudadano.com\/wp-content\/uploads\/2024\/05\/401498640_919267042938564_6290593609399108733_n.jpg\",\"contentUrl\":\"https:\/\/panoramaciudadano.com\/wp-content\/uploads\/2024\/05\/401498640_919267042938564_6290593609399108733_n.jpg\",\"width\":960,\"height\":957,\"caption\":\"Panorama Ciudadano\"},\"image\":{\"@id\":\"https:\/\/panoramaciudadano.com\/#\/schema\/logo\/image\/\"},\"sameAs\":[\"https:\/\/www.facebook.com\/panoramaciudadano\"]},{\"@type\":\"Person\",\"@id\":\"https:\/\/panoramaciudadano.com\/#\/schema\/person\/ffe9fe8ef47d3a93977b5761fd9e0d96\",\"name\":\"admin\",\"image\":{\"@type\":\"ImageObject\",\"inLanguage\":\"es\",\"@id\":\"https:\/\/panoramaciudadano.com\/#\/schema\/person\/image\/\",\"url\":\"https:\/\/secure.gravatar.com\/avatar\/2d5a12cacce3f18096f25fadea8abb7202fef18ed669595589853e84260ff451?s=96&d=mm&r=g\",\"contentUrl\":\"https:\/\/secure.gravatar.com\/avatar\/2d5a12cacce3f18096f25fadea8abb7202fef18ed669595589853e84260ff451?s=96&d=mm&r=g\",\"caption\":\"admin\"},\"sameAs\":[\"https:\/\/panoramaciudadano.com\"],\"url\":\"https:\/\/panoramaciudadano.com\/index.php\/author\/admin_3q6hyqq3\/\"}]}<\/script>\n<!-- \/ Yoast SEO plugin. -->","yoast_head_json":{"title":"Ataque armado en taquer\u00eda de Canc\u00fan deja dos empleados heridos - Panorama Ciudadano","robots":{"index":"index","follow":"follow","max-snippet":"max-snippet:-1","max-image-preview":"max-image-preview:large","max-video-preview":"max-video-preview:-1"},"canonical":"https:\/\/panoramaciudadano.com\/index.php\/2025\/09\/18\/ataque-armado-en-taqueria-de-cancun-deja-dos-empleados-heridos\/","og_locale":"es_ES","og_type":"article","og_title":"Ataque armado en taquer\u00eda de Canc\u00fan deja dos empleados heridos - Panorama Ciudadano","og_description":"Dos personas heridas por arma de fuego dej\u00f3 como saldo un ataque armado en una taquer\u00eda ubicada en la Supermanzana 260, fraccionamiento Prado Norte.","og_url":"https:\/\/panoramaciudadano.com\/index.php\/2025\/09\/18\/ataque-armado-en-taqueria-de-cancun-deja-dos-empleados-heridos\/","og_site_name":"Panorama Ciudadano","article_publisher":"https:\/\/www.facebook.com\/panoramaciudadano","article_published_time":"2025-09-18T14:43:53+00:00","article_modified_time":"2025-09-18T14:43:55+00:00","og_image":[{"width":1181,"height":1280,"url":"https:\/\/panoramaciudadano.com\/wp-content\/uploads\/2025\/09\/WhatsApp-Image-2025-09-18-at-07.46.44.jpeg","type":"image\/jpeg"}],"author":"admin","twitter_card":"summary_large_image","twitter_misc":{"Escrito por":"admin","Tiempo de lectura":"2 minutos"},"schema":{"@context":"https:\/\/schema.org","@graph":[{"@type":"Article","@id":"https:\/\/panoramaciudadano.com\/index.php\/2025\/09\/18\/ataque-armado-en-taqueria-de-cancun-deja-dos-empleados-heridos\/#article","isPartOf":{"@id":"https:\/\/panoramaciudadano.com\/index.php\/2025\/09\/18\/ataque-armado-en-taqueria-de-cancun-deja-dos-empleados-heridos\/"},"author":{"name":"admin","@id":"https:\/\/panoramaciudadano.com\/#\/schema\/person\/ffe9fe8ef47d3a93977b5761fd9e0d96"},"headline":"Ataque armado en taquer\u00eda de Canc\u00fan deja dos empleados heridos","datePublished":"2025-09-18T14:43:53+00:00","dateModified":"2025-09-18T14:43:55+00:00","mainEntityOfPage":{"@id":"https:\/\/panoramaciudadano.com\/index.php\/2025\/09\/18\/ataque-armado-en-taqueria-de-cancun-deja-dos-empleados-heridos\/"},"wordCount":193,"commentCount":0,"publisher":{"@id":"https:\/\/panoramaciudadano.com\/#organization"},"image":{"@id":"https:\/\/panoramaciudadano.com\/index.php\/2025\/09\/18\/ataque-armado-en-taqueria-de-cancun-deja-dos-empleados-heridos\/#primaryimage"},"thumbnailUrl":"https:\/\/panoramaciudadano.com\/wp-content\/uploads\/2025\/09\/WhatsApp-Image-2025-09-18-at-07.46.44.jpeg","keywords":["fraccionamiento Prado Norte"],"articleSection":["Canc\u00fan"],"inLanguage":"es","potentialAction":[{"@type":"CommentAction","name":"Comment","target":["https:\/\/panoramaciudadano.com\/index.php\/2025\/09\/18\/ataque-armado-en-taqueria-de-cancun-deja-dos-empleados-heridos\/#respond"]}]},{"@type":"WebPage","@id":"https:\/\/panoramaciudadano.com\/index.php\/2025\/09\/18\/ataque-armado-en-taqueria-de-cancun-deja-dos-empleados-heridos\/","url":"https:\/\/panoramaciudadano.com\/index.php\/2025\/09\/18\/ataque-armado-en-taqueria-de-cancun-deja-dos-empleados-heridos\/","name":"Ataque armado en taquer\u00eda de Canc\u00fan deja dos empleados heridos - Panorama Ciudadano","isPartOf":{"@id":"https:\/\/panoramaciudadano.com\/#website"},"primaryImageOfPage":{"@id":"https:\/\/panoramaciudadano.com\/index.php\/2025\/09\/18\/ataque-armado-en-taqueria-de-cancun-deja-dos-empleados-heridos\/#primaryimage"},"image":{"@id":"https:\/\/panoramaciudadano.com\/index.php\/2025\/09\/18\/ataque-armado-en-taqueria-de-cancun-deja-dos-empleados-heridos\/#primaryimage"},"thumbnailUrl":"https:\/\/panoramaciudadano.com\/wp-content\/uploads\/2025\/09\/WhatsApp-Image-2025-09-18-at-07.46.44.jpeg","datePublished":"2025-09-18T14:43:53+00:00","dateModified":"2025-09-18T14:43:55+00:00","breadcrumb":{"@id":"https:\/\/panoramaciudadano.com\/index.php\/2025\/09\/18\/ataque-armado-en-taqueria-de-cancun-deja-dos-empleados-heridos\/#breadcrumb"},"inLanguage":"es","potentialAction":[{"@type":"ReadAction","target":["https:\/\/panoramaciudadano.com\/index.php\/2025\/09\/18\/ataque-armado-en-taqueria-de-cancun-deja-dos-empleados-heridos\/"]}]},{"@type":"ImageObject","inLanguage":"es","@id":"https:\/\/panoramaciudadano.com\/index.php\/2025\/09\/18\/ataque-armado-en-taqueria-de-cancun-deja-dos-empleados-heridos\/#primaryimage","url":"https:\/\/panoramaciudadano.com\/wp-content\/uploads\/2025\/09\/WhatsApp-Image-2025-09-18-at-07.46.44.jpeg","contentUrl":"https:\/\/panoramaciudadano.com\/wp-content\/uploads\/2025\/09\/WhatsApp-Image-2025-09-18-at-07.46.44.jpeg","width":1181,"height":1280},{"@type":"BreadcrumbList","@id":"https:\/\/panoramaciudadano.com\/index.php\/2025\/09\/18\/ataque-armado-en-taqueria-de-cancun-deja-dos-empleados-heridos\/#breadcrumb","itemListElement":[{"@type":"ListItem","position":1,"name":"Portada","item":"https:\/\/panoramaciudadano.com\/"},{"@type":"ListItem","position":2,"name":"Ataque armado en taquer\u00eda de Canc\u00fan deja dos empleados heridos"}]},{"@type":"WebSite","@id":"https:\/\/panoramaciudadano.com\/#website","url":"https:\/\/panoramaciudadano.com\/","name":"Panorama Ciudadano","description":"","publisher":{"@id":"https:\/\/panoramaciudadano.com\/#organization"},"potentialAction":[{"@type":"SearchAction","target":{"@type":"EntryPoint","urlTemplate":"https:\/\/panoramaciudadano.com\/?s={search_term_string}"},"query-input":{"@type":"PropertyValueSpecification","valueRequired":true,"valueName":"search_term_string"}}],"inLanguage":"es"},{"@type":"Organization","@id":"https:\/\/panoramaciudadano.com\/#organization","name":"Panorama Ciudadano","url":"https:\/\/panoramaciudadano.com\/","logo":{"@type":"ImageObject","inLanguage":"es","@id":"https:\/\/panoramaciudadano.com\/#\/schema\/logo\/image\/","url":"https:\/\/panoramaciudadano.com\/wp-content\/uploads\/2024\/05\/401498640_919267042938564_6290593609399108733_n.jpg","contentUrl":"https:\/\/panoramaciudadano.com\/wp-content\/uploads\/2024\/05\/401498640_919267042938564_6290593609399108733_n.jpg","width":960,"height":957,"caption":"Panorama Ciudadano"},"image":{"@id":"https:\/\/panoramaciudadano.com\/#\/schema\/logo\/image\/"},"sameAs":["https:\/\/www.facebook.com\/panoramaciudadano"]},{"@type":"Person","@id":"https:\/\/panoramaciudadano.com\/#\/schema\/person\/ffe9fe8ef47d3a93977b5761fd9e0d96","name":"admin","image":{"@type":"ImageObject","inLanguage":"es","@id":"https:\/\/panoramaciudadano.com\/#\/schema\/person\/image\/","url":"https:\/\/secure.gravatar.com\/avatar\/2d5a12cacce3f18096f25fadea8abb7202fef18ed669595589853e84260ff451?s=96&d=mm&r=g","contentUrl":"https:\/\/secure.gravatar.com\/avatar\/2d5a12cacce3f18096f25fadea8abb7202fef18ed669595589853e84260ff451?s=96&d=mm&r=g","caption":"admin"},"sameAs":["https:\/\/panoramaciudadano.com"],"url":"https:\/\/panoramaciudadano.com\/index.php\/author\/admin_3q6hyqq3\/"}]}},"_links":{"self":[{"href":"https:\/\/panoramaciudadano.com\/index.php\/wp-json\/wp\/v2\/posts\/21778","targetHints":{"allow":["GET"]}}],"collection":[{"href":"https:\/\/panoramaciudadano.com\/index.php\/wp-json\/wp\/v2\/posts"}],"about":[{"href":"https:\/\/panoramaciudadano.com\/index.php\/wp-json\/wp\/v2\/types\/post"}],"author":[{"embeddable":true,"href":"https:\/\/panoramaciudadano.com\/index.php\/wp-json\/wp\/v2\/users\/1"}],"replies":[{"embeddable":true,"href":"https:\/\/panoramaciudadano.com\/index.php\/wp-json\/wp\/v2\/comments?post=21778"}],"version-history":[{"count":1,"href":"https:\/\/panoramaciudadano.com\/index.php\/wp-json\/wp\/v2\/posts\/21778\/revisions"}],"predecessor-version":[{"id":21782,"href":"https:\/\/panoramaciudadano.com\/index.php\/wp-json\/wp\/v2\/posts\/21778\/revisions\/21782"}],"wp:featuredmedia":[{"embeddable":true,"href":"https:\/\/panoramaciudadano.com\/index.php\/wp-json\/wp\/v2\/media\/21779"}],"wp:attachment":[{"href":"https:\/\/panoramaciudadano.com\/index.php\/wp-json\/wp\/v2\/media?parent=21778"}],"wp:term":[{"taxonomy":"category","embeddable":true,"href":"https:\/\/panoramaciudadano.com\/index.php\/wp-json\/wp\/v2\/categories?post=21778"},{"taxonomy":"post_tag","embeddable":true,"href":"https:\/\/panoramaciudadano.com\/index.php\/wp-json\/wp\/v2\/tags?post=21778"}],"curies":[{"name":"wp","href":"https:\/\/api.w.org\/{rel}","templated":true}]}}