{"id":2189,"date":"2024-07-28T14:39:31","date_gmt":"2024-07-28T14:39:31","guid":{"rendered":"https:\/\/panoramaciudadano.com\/?p=2189"},"modified":"2024-07-29T14:45:29","modified_gmt":"2024-07-29T14:45:29","slug":"viene-un-futuro-brillante-prospero-y-de-bienestar-para-solidaridad-estefania-mercado","status":"publish","type":"post","link":"https:\/\/panoramaciudadano.com\/index.php\/2024\/07\/28\/viene-un-futuro-brillante-prospero-y-de-bienestar-para-solidaridad-estefania-mercado\/","title":{"rendered":"Viene un futuro brillante, pr\u00f3spero y de bienestar para Solidaridad: Estefan\u00eda Mercado"},"content":{"rendered":"\n<figure class=\"wp-block-image size-large\"><img decoding=\"async\" width=\"1024\" height=\"703\" src=\"https:\/\/panoramaciudadano.com\/wp-content\/uploads\/2024\/07\/WhatsApp-Image-2024-07-28-at-16.28.48-1024x703.jpeg\" alt=\"\" class=\"wp-image-2190\" srcset=\"https:\/\/panoramaciudadano.com\/wp-content\/uploads\/2024\/07\/WhatsApp-Image-2024-07-28-at-16.28.48-1024x703.jpeg 1024w, https:\/\/panoramaciudadano.com\/wp-content\/uploads\/2024\/07\/WhatsApp-Image-2024-07-28-at-16.28.48-300x206.jpeg 300w, https:\/\/panoramaciudadano.com\/wp-content\/uploads\/2024\/07\/WhatsApp-Image-2024-07-28-at-16.28.48-768x527.jpeg 768w, https:\/\/panoramaciudadano.com\/wp-content\/uploads\/2024\/07\/WhatsApp-Image-2024-07-28-at-16.28.48.jpeg 1080w\" sizes=\"(max-width: 1024px) 100vw, 1024px\" \/><\/figure>\n\n\n\n<p>Playa del Carmen.\u2014 Vienen cosas muy buenas para Solidaridad, asegur\u00f3 la presidenta municipal electa de Solidaridad, Estefan\u00eda Mercado, al asistir a la ceremonia oficial por el aniversario n\u00famero 31 de la creaci\u00f3n del municipio, encabezada por la gobernadora Mara Lezama y representantes de los poderes Legislativo y Judicial.<\/p>\n\n\n\n<p>\u201cHoy es un d\u00eda para reflexionar todas las cosas que nos hacen falta a los solidarenses. Viene la mejor etapa de Playa del Carmen, viene un futuro brillante, pr\u00f3spero y de bienestar para Solidaridad\u201d, asegur\u00f3 la Presidenta Municipal Electa en el marco de la s\u00e9ptima sesi\u00f3n p\u00fablica y solemne de Cabildo en el Teatro de la Ciudad.<\/p>\n\n\n\n<p>En este 31 aniversario de Solidaridad, Estefan\u00eda Mercado destac\u00f3 que el futuro del municipio depende de todos, por eso en su gobierno se van a poner en marcha diversas estrategias para garantizar la seguridad de la poblaci\u00f3n y sus visitantes.<\/p>\n\n\n\n<p>\u201cQueremos construir un Solidaridad de paz, un municipio con paz politica y social; viene una inversi\u00f3n importante en infraestructura de 900 millones de pesos, vienen beneficios sociales para nuestra gente, vamos a digitalizar el municipio; vienen 100 millones de pesos para el deporte, una vacuna poderosa para la inseguridad; \u2018Playa llena coraz\u00f3n contento\u2019, para atender a las familias vulnerables\u201d, detall\u00f3 Estefan\u00eda Mercado<\/p>\n\n\n\n<figure class=\"wp-block-gallery has-nested-images columns-default is-cropped wp-block-gallery-1 is-layout-flex wp-block-gallery-is-layout-flex\">\n<figure class=\"wp-block-image size-large\"><img decoding=\"async\" width=\"1024\" height=\"865\" data-id=\"2191\" src=\"https:\/\/panoramaciudadano.com\/wp-content\/uploads\/2024\/07\/2-97-1024x865.jpeg\" alt=\"\" class=\"wp-image-2191\" srcset=\"https:\/\/panoramaciudadano.com\/wp-content\/uploads\/2024\/07\/2-97-1024x865.jpeg 1024w, https:\/\/panoramaciudadano.com\/wp-content\/uploads\/2024\/07\/2-97-300x253.jpeg 300w, https:\/\/panoramaciudadano.com\/wp-content\/uploads\/2024\/07\/2-97-768x648.jpeg 768w, https:\/\/panoramaciudadano.com\/wp-content\/uploads\/2024\/07\/2-97.jpeg 1034w\" sizes=\"(max-width: 1024px) 100vw, 1024px\" \/><\/figure>\n\n\n\n<figure class=\"wp-block-image size-large\"><img decoding=\"async\" width=\"1024\" height=\"683\" data-id=\"2192\" src=\"https:\/\/panoramaciudadano.com\/wp-content\/uploads\/2024\/07\/3-85-1024x683.jpeg\" alt=\"\" class=\"wp-image-2192\" srcset=\"https:\/\/panoramaciudadano.com\/wp-content\/uploads\/2024\/07\/3-85-1024x683.jpeg 1024w, https:\/\/panoramaciudadano.com\/wp-content\/uploads\/2024\/07\/3-85-300x200.jpeg 300w, https:\/\/panoramaciudadano.com\/wp-content\/uploads\/2024\/07\/3-85-768x512.jpeg 768w, https:\/\/panoramaciudadano.com\/wp-content\/uploads\/2024\/07\/3-85.jpeg 1079w\" sizes=\"(max-width: 1024px) 100vw, 1024px\" \/><\/figure>\n<\/figure>\n\n\n\n<p>La Alcaldesa electa precis\u00f3 que la construcci\u00f3n de Solidaridad se basa en el trabajo de mucha gente, de muchos migrantes; es una ciudad multicultural donde llegan personas que tienen muchas formas de ver la vida, lo que hace que Solidaridad sea importante a nivel nacional e internacional, pues es un destino tur\u00edstico por excelencia que est\u00e1 en el coraz\u00f3n de la Riviera Maya.<\/p>\n\n\n\n<p>En este contexto, Estefan\u00eda Mercado reiter\u00f3 que en su gobierno lo m\u00e1s importante ser\u00e1 la seguridad de las familias de Solidaridad y de los millones de visitantes que arriban a este destino tur\u00edstico.<\/p>\n\n\n\n<p>\u201cAcabamos de anunciar la creaci\u00f3n del S9 que va a ser un Consejo Ciudadano, un Consejo con empresarios, expertos, sociedad civil organizada, donde lo m\u00e1s importante es involucrar la opini\u00f3n de los ciudadanos en cada decisi\u00f3n que se toma y en cada obra que se hace\u201d, reiter\u00f3 la Presidenta Municipal Electa.<\/p>\n\n\n\n<p>Puntualiz\u00f3 que durante su gobierno buscar\u00e1 concretar que Solidaridad sea una ciudad sostenible, una ciudad que vaya de la mano con el medio ambiente. \u201cCreo que tenemos todos los elementos y caracter\u00edsticas para poder lograrlo\u201d, precis\u00f3 Estefan\u00eda Mercado.<\/p>\n\n\n\n<p>En la sesi\u00f3n solemne de aniversario de Solidaridad estuvieron la diputada Jissel Castro Marcial, presidenta de la Junta de Gobierno y Coordinaci\u00f3n Pol\u00edtica de la XVII Legislatura del Congreso del Estado; la magistrada Teresa de Jes\u00fas Villa Velasco, en representaci\u00f3n del Tribunal Superior de Justicia, invitados especiales, diputados locales, empresarios y sociedad en general.<\/p>\n","protected":false},"excerpt":{"rendered":"<p>Queremos construir un Solidaridad de paz; viene una inversi\u00f3n importante en infraestructura, beneficios sociales para nuestra gente, digitalizaci\u00f3n del municipio y combate a la corrupci\u00f3n, asegur\u00f3 Estefan\u00eda Mercado.<\/p>\n","protected":false},"author":1,"featured_media":2190,"comment_status":"open","ping_status":"closed","sticky":false,"template":"","format":"standard","meta":{"footnotes":""},"categories":[7],"tags":[238],"class_list":["post-2189","post","type-post","status-publish","format-standard","has-post-thumbnail","hentry","category-playa-del-carmen","tag-estefania-mercado"],"yoast_head":"<!-- This site is optimized with the Yoast SEO plugin v27.1.1 - https:\/\/yoast.com\/product\/yoast-seo-wordpress\/ -->\n<title>Viene un futuro brillante, pr\u00f3spero y de bienestar para Solidaridad: Estefan\u00eda Mercado - Panorama Ciudadano<\/title>\n<meta name=\"robots\" content=\"index, follow, max-snippet:-1, max-image-preview:large, max-video-preview:-1\" \/>\n<link rel=\"canonical\" href=\"https:\/\/panoramaciudadano.com\/index.php\/2024\/07\/28\/viene-un-futuro-brillante-prospero-y-de-bienestar-para-solidaridad-estefania-mercado\/\" \/>\n<meta property=\"og:locale\" content=\"es_ES\" \/>\n<meta property=\"og:type\" content=\"article\" \/>\n<meta property=\"og:title\" content=\"Viene un futuro brillante, pr\u00f3spero y de bienestar para Solidaridad: Estefan\u00eda Mercado - Panorama Ciudadano\" \/>\n<meta property=\"og:description\" content=\"Queremos construir un Solidaridad de paz; viene una inversi\u00f3n importante en infraestructura, beneficios sociales para nuestra gente, digitalizaci\u00f3n del municipio y combate a la corrupci\u00f3n, asegur\u00f3 Estefan\u00eda Mercado.\" \/>\n<meta property=\"og:url\" content=\"https:\/\/panoramaciudadano.com\/index.php\/2024\/07\/28\/viene-un-futuro-brillante-prospero-y-de-bienestar-para-solidaridad-estefania-mercado\/\" \/>\n<meta property=\"og:site_name\" content=\"Panorama Ciudadano\" \/>\n<meta property=\"article:publisher\" content=\"https:\/\/www.facebook.com\/panoramaciudadano\" \/>\n<meta property=\"article:published_time\" content=\"2024-07-28T14:39:31+00:00\" \/>\n<meta property=\"article:modified_time\" content=\"2024-07-29T14:45:29+00:00\" \/>\n<meta property=\"og:image\" content=\"https:\/\/panoramaciudadano.com\/wp-content\/uploads\/2024\/07\/WhatsApp-Image-2024-07-28-at-16.28.48.jpeg\" \/>\n\t<meta property=\"og:image:width\" content=\"1080\" \/>\n\t<meta property=\"og:image:height\" content=\"741\" \/>\n\t<meta property=\"og:image:type\" content=\"image\/jpeg\" \/>\n<meta name=\"author\" content=\"admin\" \/>\n<meta name=\"twitter:card\" content=\"summary_large_image\" \/>\n<meta name=\"twitter:label1\" content=\"Escrito por\" \/>\n\t<meta name=\"twitter:data1\" content=\"admin\" \/>\n\t<meta name=\"twitter:label2\" content=\"Tiempo de lectura\" \/>\n\t<meta name=\"twitter:data2\" content=\"3 minutos\" \/>\n<script type=\"application\/ld+json\" class=\"yoast-schema-graph\">{\"@context\":\"https:\/\/schema.org\",\"@graph\":[{\"@type\":\"Article\",\"@id\":\"https:\/\/panoramaciudadano.com\/index.php\/2024\/07\/28\/viene-un-futuro-brillante-prospero-y-de-bienestar-para-solidaridad-estefania-mercado\/#article\",\"isPartOf\":{\"@id\":\"https:\/\/panoramaciudadano.com\/index.php\/2024\/07\/28\/viene-un-futuro-brillante-prospero-y-de-bienestar-para-solidaridad-estefania-mercado\/\"},\"author\":{\"name\":\"admin\",\"@id\":\"https:\/\/panoramaciudadano.com\/#\/schema\/person\/ffe9fe8ef47d3a93977b5761fd9e0d96\"},\"headline\":\"Viene un futuro brillante, pr\u00f3spero y de bienestar para Solidaridad: Estefan\u00eda Mercado\",\"datePublished\":\"2024-07-28T14:39:31+00:00\",\"dateModified\":\"2024-07-29T14:45:29+00:00\",\"mainEntityOfPage\":{\"@id\":\"https:\/\/panoramaciudadano.com\/index.php\/2024\/07\/28\/viene-un-futuro-brillante-prospero-y-de-bienestar-para-solidaridad-estefania-mercado\/\"},\"wordCount\":486,\"commentCount\":0,\"publisher\":{\"@id\":\"https:\/\/panoramaciudadano.com\/#organization\"},\"image\":{\"@id\":\"https:\/\/panoramaciudadano.com\/index.php\/2024\/07\/28\/viene-un-futuro-brillante-prospero-y-de-bienestar-para-solidaridad-estefania-mercado\/#primaryimage\"},\"thumbnailUrl\":\"https:\/\/panoramaciudadano.com\/wp-content\/uploads\/2024\/07\/WhatsApp-Image-2024-07-28-at-16.28.48.jpeg\",\"keywords\":[\"Estefan\u00eda Mercado\"],\"articleSection\":[\"Playa del Carmen\"],\"inLanguage\":\"es\",\"potentialAction\":[{\"@type\":\"CommentAction\",\"name\":\"Comment\",\"target\":[\"https:\/\/panoramaciudadano.com\/index.php\/2024\/07\/28\/viene-un-futuro-brillante-prospero-y-de-bienestar-para-solidaridad-estefania-mercado\/#respond\"]}]},{\"@type\":\"WebPage\",\"@id\":\"https:\/\/panoramaciudadano.com\/index.php\/2024\/07\/28\/viene-un-futuro-brillante-prospero-y-de-bienestar-para-solidaridad-estefania-mercado\/\",\"url\":\"https:\/\/panoramaciudadano.com\/index.php\/2024\/07\/28\/viene-un-futuro-brillante-prospero-y-de-bienestar-para-solidaridad-estefania-mercado\/\",\"name\":\"Viene un futuro brillante, pr\u00f3spero y de bienestar para Solidaridad: Estefan\u00eda Mercado - Panorama Ciudadano\",\"isPartOf\":{\"@id\":\"https:\/\/panoramaciudadano.com\/#website\"},\"primaryImageOfPage\":{\"@id\":\"https:\/\/panoramaciudadano.com\/index.php\/2024\/07\/28\/viene-un-futuro-brillante-prospero-y-de-bienestar-para-solidaridad-estefania-mercado\/#primaryimage\"},\"image\":{\"@id\":\"https:\/\/panoramaciudadano.com\/index.php\/2024\/07\/28\/viene-un-futuro-brillante-prospero-y-de-bienestar-para-solidaridad-estefania-mercado\/#primaryimage\"},\"thumbnailUrl\":\"https:\/\/panoramaciudadano.com\/wp-content\/uploads\/2024\/07\/WhatsApp-Image-2024-07-28-at-16.28.48.jpeg\",\"datePublished\":\"2024-07-28T14:39:31+00:00\",\"dateModified\":\"2024-07-29T14:45:29+00:00\",\"breadcrumb\":{\"@id\":\"https:\/\/panoramaciudadano.com\/index.php\/2024\/07\/28\/viene-un-futuro-brillante-prospero-y-de-bienestar-para-solidaridad-estefania-mercado\/#breadcrumb\"},\"inLanguage\":\"es\",\"potentialAction\":[{\"@type\":\"ReadAction\",\"target\":[\"https:\/\/panoramaciudadano.com\/index.php\/2024\/07\/28\/viene-un-futuro-brillante-prospero-y-de-bienestar-para-solidaridad-estefania-mercado\/\"]}]},{\"@type\":\"ImageObject\",\"inLanguage\":\"es\",\"@id\":\"https:\/\/panoramaciudadano.com\/index.php\/2024\/07\/28\/viene-un-futuro-brillante-prospero-y-de-bienestar-para-solidaridad-estefania-mercado\/#primaryimage\",\"url\":\"https:\/\/panoramaciudadano.com\/wp-content\/uploads\/2024\/07\/WhatsApp-Image-2024-07-28-at-16.28.48.jpeg\",\"contentUrl\":\"https:\/\/panoramaciudadano.com\/wp-content\/uploads\/2024\/07\/WhatsApp-Image-2024-07-28-at-16.28.48.jpeg\",\"width\":1080,\"height\":741},{\"@type\":\"BreadcrumbList\",\"@id\":\"https:\/\/panoramaciudadano.com\/index.php\/2024\/07\/28\/viene-un-futuro-brillante-prospero-y-de-bienestar-para-solidaridad-estefania-mercado\/#breadcrumb\",\"itemListElement\":[{\"@type\":\"ListItem\",\"position\":1,\"name\":\"Portada\",\"item\":\"https:\/\/panoramaciudadano.com\/\"},{\"@type\":\"ListItem\",\"position\":2,\"name\":\"Viene un futuro brillante, pr\u00f3spero y de bienestar para Solidaridad: Estefan\u00eda Mercado\"}]},{\"@type\":\"WebSite\",\"@id\":\"https:\/\/panoramaciudadano.com\/#website\",\"url\":\"https:\/\/panoramaciudadano.com\/\",\"name\":\"Panorama Ciudadano\",\"description\":\"\",\"publisher\":{\"@id\":\"https:\/\/panoramaciudadano.com\/#organization\"},\"potentialAction\":[{\"@type\":\"SearchAction\",\"target\":{\"@type\":\"EntryPoint\",\"urlTemplate\":\"https:\/\/panoramaciudadano.com\/?s={search_term_string}\"},\"query-input\":{\"@type\":\"PropertyValueSpecification\",\"valueRequired\":true,\"valueName\":\"search_term_string\"}}],\"inLanguage\":\"es\"},{\"@type\":\"Organization\",\"@id\":\"https:\/\/panoramaciudadano.com\/#organization\",\"name\":\"Panorama Ciudadano\",\"url\":\"https:\/\/panoramaciudadano.com\/\",\"logo\":{\"@type\":\"ImageObject\",\"inLanguage\":\"es\",\"@id\":\"https:\/\/panoramaciudadano.com\/#\/schema\/logo\/image\/\",\"url\":\"https:\/\/panoramaciudadano.com\/wp-content\/uploads\/2024\/05\/401498640_919267042938564_6290593609399108733_n.jpg\",\"contentUrl\":\"https:\/\/panoramaciudadano.com\/wp-content\/uploads\/2024\/05\/401498640_919267042938564_6290593609399108733_n.jpg\",\"width\":960,\"height\":957,\"caption\":\"Panorama Ciudadano\"},\"image\":{\"@id\":\"https:\/\/panoramaciudadano.com\/#\/schema\/logo\/image\/\"},\"sameAs\":[\"https:\/\/www.facebook.com\/panoramaciudadano\"]},{\"@type\":\"Person\",\"@id\":\"https:\/\/panoramaciudadano.com\/#\/schema\/person\/ffe9fe8ef47d3a93977b5761fd9e0d96\",\"name\":\"admin\",\"image\":{\"@type\":\"ImageObject\",\"inLanguage\":\"es\",\"@id\":\"https:\/\/panoramaciudadano.com\/#\/schema\/person\/image\/\",\"url\":\"https:\/\/secure.gravatar.com\/avatar\/2d5a12cacce3f18096f25fadea8abb7202fef18ed669595589853e84260ff451?s=96&d=mm&r=g\",\"contentUrl\":\"https:\/\/secure.gravatar.com\/avatar\/2d5a12cacce3f18096f25fadea8abb7202fef18ed669595589853e84260ff451?s=96&d=mm&r=g\",\"caption\":\"admin\"},\"sameAs\":[\"https:\/\/panoramaciudadano.com\"],\"url\":\"https:\/\/panoramaciudadano.com\/index.php\/author\/admin_3q6hyqq3\/\"}]}<\/script>\n<!-- \/ Yoast SEO plugin. -->","yoast_head_json":{"title":"Viene un futuro brillante, pr\u00f3spero y de bienestar para Solidaridad: Estefan\u00eda Mercado - Panorama Ciudadano","robots":{"index":"index","follow":"follow","max-snippet":"max-snippet:-1","max-image-preview":"max-image-preview:large","max-video-preview":"max-video-preview:-1"},"canonical":"https:\/\/panoramaciudadano.com\/index.php\/2024\/07\/28\/viene-un-futuro-brillante-prospero-y-de-bienestar-para-solidaridad-estefania-mercado\/","og_locale":"es_ES","og_type":"article","og_title":"Viene un futuro brillante, pr\u00f3spero y de bienestar para Solidaridad: Estefan\u00eda Mercado - Panorama Ciudadano","og_description":"Queremos construir un Solidaridad de paz; viene una inversi\u00f3n importante en infraestructura, beneficios sociales para nuestra gente, digitalizaci\u00f3n del municipio y combate a la corrupci\u00f3n, asegur\u00f3 Estefan\u00eda Mercado.","og_url":"https:\/\/panoramaciudadano.com\/index.php\/2024\/07\/28\/viene-un-futuro-brillante-prospero-y-de-bienestar-para-solidaridad-estefania-mercado\/","og_site_name":"Panorama Ciudadano","article_publisher":"https:\/\/www.facebook.com\/panoramaciudadano","article_published_time":"2024-07-28T14:39:31+00:00","article_modified_time":"2024-07-29T14:45:29+00:00","og_image":[{"width":1080,"height":741,"url":"https:\/\/panoramaciudadano.com\/wp-content\/uploads\/2024\/07\/WhatsApp-Image-2024-07-28-at-16.28.48.jpeg","type":"image\/jpeg"}],"author":"admin","twitter_card":"summary_large_image","twitter_misc":{"Escrito por":"admin","Tiempo de lectura":"3 minutos"},"schema":{"@context":"https:\/\/schema.org","@graph":[{"@type":"Article","@id":"https:\/\/panoramaciudadano.com\/index.php\/2024\/07\/28\/viene-un-futuro-brillante-prospero-y-de-bienestar-para-solidaridad-estefania-mercado\/#article","isPartOf":{"@id":"https:\/\/panoramaciudadano.com\/index.php\/2024\/07\/28\/viene-un-futuro-brillante-prospero-y-de-bienestar-para-solidaridad-estefania-mercado\/"},"author":{"name":"admin","@id":"https:\/\/panoramaciudadano.com\/#\/schema\/person\/ffe9fe8ef47d3a93977b5761fd9e0d96"},"headline":"Viene un futuro brillante, pr\u00f3spero y de bienestar para Solidaridad: Estefan\u00eda Mercado","datePublished":"2024-07-28T14:39:31+00:00","dateModified":"2024-07-29T14:45:29+00:00","mainEntityOfPage":{"@id":"https:\/\/panoramaciudadano.com\/index.php\/2024\/07\/28\/viene-un-futuro-brillante-prospero-y-de-bienestar-para-solidaridad-estefania-mercado\/"},"wordCount":486,"commentCount":0,"publisher":{"@id":"https:\/\/panoramaciudadano.com\/#organization"},"image":{"@id":"https:\/\/panoramaciudadano.com\/index.php\/2024\/07\/28\/viene-un-futuro-brillante-prospero-y-de-bienestar-para-solidaridad-estefania-mercado\/#primaryimage"},"thumbnailUrl":"https:\/\/panoramaciudadano.com\/wp-content\/uploads\/2024\/07\/WhatsApp-Image-2024-07-28-at-16.28.48.jpeg","keywords":["Estefan\u00eda Mercado"],"articleSection":["Playa del Carmen"],"inLanguage":"es","potentialAction":[{"@type":"CommentAction","name":"Comment","target":["https:\/\/panoramaciudadano.com\/index.php\/2024\/07\/28\/viene-un-futuro-brillante-prospero-y-de-bienestar-para-solidaridad-estefania-mercado\/#respond"]}]},{"@type":"WebPage","@id":"https:\/\/panoramaciudadano.com\/index.php\/2024\/07\/28\/viene-un-futuro-brillante-prospero-y-de-bienestar-para-solidaridad-estefania-mercado\/","url":"https:\/\/panoramaciudadano.com\/index.php\/2024\/07\/28\/viene-un-futuro-brillante-prospero-y-de-bienestar-para-solidaridad-estefania-mercado\/","name":"Viene un futuro brillante, pr\u00f3spero y de bienestar para Solidaridad: Estefan\u00eda Mercado - Panorama Ciudadano","isPartOf":{"@id":"https:\/\/panoramaciudadano.com\/#website"},"primaryImageOfPage":{"@id":"https:\/\/panoramaciudadano.com\/index.php\/2024\/07\/28\/viene-un-futuro-brillante-prospero-y-de-bienestar-para-solidaridad-estefania-mercado\/#primaryimage"},"image":{"@id":"https:\/\/panoramaciudadano.com\/index.php\/2024\/07\/28\/viene-un-futuro-brillante-prospero-y-de-bienestar-para-solidaridad-estefania-mercado\/#primaryimage"},"thumbnailUrl":"https:\/\/panoramaciudadano.com\/wp-content\/uploads\/2024\/07\/WhatsApp-Image-2024-07-28-at-16.28.48.jpeg","datePublished":"2024-07-28T14:39:31+00:00","dateModified":"2024-07-29T14:45:29+00:00","breadcrumb":{"@id":"https:\/\/panoramaciudadano.com\/index.php\/2024\/07\/28\/viene-un-futuro-brillante-prospero-y-de-bienestar-para-solidaridad-estefania-mercado\/#breadcrumb"},"inLanguage":"es","potentialAction":[{"@type":"ReadAction","target":["https:\/\/panoramaciudadano.com\/index.php\/2024\/07\/28\/viene-un-futuro-brillante-prospero-y-de-bienestar-para-solidaridad-estefania-mercado\/"]}]},{"@type":"ImageObject","inLanguage":"es","@id":"https:\/\/panoramaciudadano.com\/index.php\/2024\/07\/28\/viene-un-futuro-brillante-prospero-y-de-bienestar-para-solidaridad-estefania-mercado\/#primaryimage","url":"https:\/\/panoramaciudadano.com\/wp-content\/uploads\/2024\/07\/WhatsApp-Image-2024-07-28-at-16.28.48.jpeg","contentUrl":"https:\/\/panoramaciudadano.com\/wp-content\/uploads\/2024\/07\/WhatsApp-Image-2024-07-28-at-16.28.48.jpeg","width":1080,"height":741},{"@type":"BreadcrumbList","@id":"https:\/\/panoramaciudadano.com\/index.php\/2024\/07\/28\/viene-un-futuro-brillante-prospero-y-de-bienestar-para-solidaridad-estefania-mercado\/#breadcrumb","itemListElement":[{"@type":"ListItem","position":1,"name":"Portada","item":"https:\/\/panoramaciudadano.com\/"},{"@type":"ListItem","position":2,"name":"Viene un futuro brillante, pr\u00f3spero y de bienestar para Solidaridad: Estefan\u00eda Mercado"}]},{"@type":"WebSite","@id":"https:\/\/panoramaciudadano.com\/#website","url":"https:\/\/panoramaciudadano.com\/","name":"Panorama Ciudadano","description":"","publisher":{"@id":"https:\/\/panoramaciudadano.com\/#organization"},"potentialAction":[{"@type":"SearchAction","target":{"@type":"EntryPoint","urlTemplate":"https:\/\/panoramaciudadano.com\/?s={search_term_string}"},"query-input":{"@type":"PropertyValueSpecification","valueRequired":true,"valueName":"search_term_string"}}],"inLanguage":"es"},{"@type":"Organization","@id":"https:\/\/panoramaciudadano.com\/#organization","name":"Panorama Ciudadano","url":"https:\/\/panoramaciudadano.com\/","logo":{"@type":"ImageObject","inLanguage":"es","@id":"https:\/\/panoramaciudadano.com\/#\/schema\/logo\/image\/","url":"https:\/\/panoramaciudadano.com\/wp-content\/uploads\/2024\/05\/401498640_919267042938564_6290593609399108733_n.jpg","contentUrl":"https:\/\/panoramaciudadano.com\/wp-content\/uploads\/2024\/05\/401498640_919267042938564_6290593609399108733_n.jpg","width":960,"height":957,"caption":"Panorama Ciudadano"},"image":{"@id":"https:\/\/panoramaciudadano.com\/#\/schema\/logo\/image\/"},"sameAs":["https:\/\/www.facebook.com\/panoramaciudadano"]},{"@type":"Person","@id":"https:\/\/panoramaciudadano.com\/#\/schema\/person\/ffe9fe8ef47d3a93977b5761fd9e0d96","name":"admin","image":{"@type":"ImageObject","inLanguage":"es","@id":"https:\/\/panoramaciudadano.com\/#\/schema\/person\/image\/","url":"https:\/\/secure.gravatar.com\/avatar\/2d5a12cacce3f18096f25fadea8abb7202fef18ed669595589853e84260ff451?s=96&d=mm&r=g","contentUrl":"https:\/\/secure.gravatar.com\/avatar\/2d5a12cacce3f18096f25fadea8abb7202fef18ed669595589853e84260ff451?s=96&d=mm&r=g","caption":"admin"},"sameAs":["https:\/\/panoramaciudadano.com"],"url":"https:\/\/panoramaciudadano.com\/index.php\/author\/admin_3q6hyqq3\/"}]}},"_links":{"self":[{"href":"https:\/\/panoramaciudadano.com\/index.php\/wp-json\/wp\/v2\/posts\/2189","targetHints":{"allow":["GET"]}}],"collection":[{"href":"https:\/\/panoramaciudadano.com\/index.php\/wp-json\/wp\/v2\/posts"}],"about":[{"href":"https:\/\/panoramaciudadano.com\/index.php\/wp-json\/wp\/v2\/types\/post"}],"author":[{"embeddable":true,"href":"https:\/\/panoramaciudadano.com\/index.php\/wp-json\/wp\/v2\/users\/1"}],"replies":[{"embeddable":true,"href":"https:\/\/panoramaciudadano.com\/index.php\/wp-json\/wp\/v2\/comments?post=2189"}],"version-history":[{"count":1,"href":"https:\/\/panoramaciudadano.com\/index.php\/wp-json\/wp\/v2\/posts\/2189\/revisions"}],"predecessor-version":[{"id":2193,"href":"https:\/\/panoramaciudadano.com\/index.php\/wp-json\/wp\/v2\/posts\/2189\/revisions\/2193"}],"wp:featuredmedia":[{"embeddable":true,"href":"https:\/\/panoramaciudadano.com\/index.php\/wp-json\/wp\/v2\/media\/2190"}],"wp:attachment":[{"href":"https:\/\/panoramaciudadano.com\/index.php\/wp-json\/wp\/v2\/media?parent=2189"}],"wp:term":[{"taxonomy":"category","embeddable":true,"href":"https:\/\/panoramaciudadano.com\/index.php\/wp-json\/wp\/v2\/categories?post=2189"},{"taxonomy":"post_tag","embeddable":true,"href":"https:\/\/panoramaciudadano.com\/index.php\/wp-json\/wp\/v2\/tags?post=2189"}],"curies":[{"name":"wp","href":"https:\/\/api.w.org\/{rel}","templated":true}]}}