{"id":21958,"date":"2025-09-19T10:53:05","date_gmt":"2025-09-19T15:53:05","guid":{"rendered":"https:\/\/panoramaciudadano.com\/?p=21958"},"modified":"2025-09-19T10:53:07","modified_gmt":"2025-09-19T15:53:07","slug":"fortalece-ana-paty-peralta-acciones-de-prevencion-para-lograr-la-paz","status":"publish","type":"post","link":"https:\/\/panoramaciudadano.com\/index.php\/2025\/09\/19\/fortalece-ana-paty-peralta-acciones-de-prevencion-para-lograr-la-paz\/","title":{"rendered":"FORTALECE ANA PATY PERALTA ACCIONES DE PREVENCI\u00d3N PARA LOGRAR LA PAZ"},"content":{"rendered":"\n<figure class=\"wp-block-gallery has-nested-images columns-default is-cropped wp-block-gallery-1 is-layout-flex wp-block-gallery-is-layout-flex\">\n<figure class=\"wp-block-image size-large\"><img decoding=\"async\" width=\"1024\" height=\"682\" data-id=\"21965\" src=\"https:\/\/panoramaciudadano.com\/wp-content\/uploads\/2025\/09\/2-79-1024x682.jpeg\" alt=\"\" class=\"wp-image-21965\" srcset=\"https:\/\/panoramaciudadano.com\/wp-content\/uploads\/2025\/09\/2-79-1024x682.jpeg 1024w, https:\/\/panoramaciudadano.com\/wp-content\/uploads\/2025\/09\/2-79-300x200.jpeg 300w, https:\/\/panoramaciudadano.com\/wp-content\/uploads\/2025\/09\/2-79-768x512.jpeg 768w, https:\/\/panoramaciudadano.com\/wp-content\/uploads\/2025\/09\/2-79-1536x1024.jpeg 1536w, https:\/\/panoramaciudadano.com\/wp-content\/uploads\/2025\/09\/2-79-2048x1365.jpeg 2048w\" sizes=\"(max-width: 1024px) 100vw, 1024px\" \/><\/figure>\n\n\n\n<figure class=\"wp-block-image size-large\"><img decoding=\"async\" width=\"1024\" height=\"682\" data-id=\"21966\" src=\"https:\/\/panoramaciudadano.com\/wp-content\/uploads\/2025\/09\/3-72-1024x682.jpeg\" alt=\"\" class=\"wp-image-21966\" srcset=\"https:\/\/panoramaciudadano.com\/wp-content\/uploads\/2025\/09\/3-72-1024x682.jpeg 1024w, https:\/\/panoramaciudadano.com\/wp-content\/uploads\/2025\/09\/3-72-300x200.jpeg 300w, https:\/\/panoramaciudadano.com\/wp-content\/uploads\/2025\/09\/3-72-768x512.jpeg 768w, https:\/\/panoramaciudadano.com\/wp-content\/uploads\/2025\/09\/3-72-1536x1024.jpeg 1536w, https:\/\/panoramaciudadano.com\/wp-content\/uploads\/2025\/09\/3-72-2048x1365.jpeg 2048w\" sizes=\"(max-width: 1024px) 100vw, 1024px\" \/><\/figure>\n\n\n\n<figure class=\"wp-block-image size-large\"><img decoding=\"async\" width=\"1024\" height=\"682\" data-id=\"21964\" src=\"https:\/\/panoramaciudadano.com\/wp-content\/uploads\/2025\/09\/4-48-1024x682.jpeg\" alt=\"\" class=\"wp-image-21964\" srcset=\"https:\/\/panoramaciudadano.com\/wp-content\/uploads\/2025\/09\/4-48-1024x682.jpeg 1024w, https:\/\/panoramaciudadano.com\/wp-content\/uploads\/2025\/09\/4-48-300x200.jpeg 300w, https:\/\/panoramaciudadano.com\/wp-content\/uploads\/2025\/09\/4-48-768x512.jpeg 768w, https:\/\/panoramaciudadano.com\/wp-content\/uploads\/2025\/09\/4-48-1536x1024.jpeg 1536w, https:\/\/panoramaciudadano.com\/wp-content\/uploads\/2025\/09\/4-48-2048x1365.jpeg 2048w\" sizes=\"(max-width: 1024px) 100vw, 1024px\" \/><\/figure>\n\n\n\n<figure class=\"wp-block-image size-large\"><img decoding=\"async\" width=\"1024\" height=\"682\" data-id=\"21963\" src=\"https:\/\/panoramaciudadano.com\/wp-content\/uploads\/2025\/09\/5-35-1024x682.jpeg\" alt=\"\" class=\"wp-image-21963\" srcset=\"https:\/\/panoramaciudadano.com\/wp-content\/uploads\/2025\/09\/5-35-1024x682.jpeg 1024w, https:\/\/panoramaciudadano.com\/wp-content\/uploads\/2025\/09\/5-35-300x200.jpeg 300w, https:\/\/panoramaciudadano.com\/wp-content\/uploads\/2025\/09\/5-35-768x512.jpeg 768w, https:\/\/panoramaciudadano.com\/wp-content\/uploads\/2025\/09\/5-35-1536x1024.jpeg 1536w, https:\/\/panoramaciudadano.com\/wp-content\/uploads\/2025\/09\/5-35-2048x1365.jpeg 2048w\" sizes=\"(max-width: 1024px) 100vw, 1024px\" \/><\/figure>\n\n\n\n<figure class=\"wp-block-image size-large\"><img decoding=\"async\" width=\"1024\" height=\"682\" data-id=\"21960\" src=\"https:\/\/panoramaciudadano.com\/wp-content\/uploads\/2025\/09\/6-20-1024x682.jpeg\" alt=\"\" class=\"wp-image-21960\" srcset=\"https:\/\/panoramaciudadano.com\/wp-content\/uploads\/2025\/09\/6-20-1024x682.jpeg 1024w, https:\/\/panoramaciudadano.com\/wp-content\/uploads\/2025\/09\/6-20-300x200.jpeg 300w, https:\/\/panoramaciudadano.com\/wp-content\/uploads\/2025\/09\/6-20-768x512.jpeg 768w, https:\/\/panoramaciudadano.com\/wp-content\/uploads\/2025\/09\/6-20-1536x1024.jpeg 1536w, https:\/\/panoramaciudadano.com\/wp-content\/uploads\/2025\/09\/6-20-2048x1365.jpeg 2048w\" sizes=\"(max-width: 1024px) 100vw, 1024px\" \/><\/figure>\n\n\n\n<figure class=\"wp-block-image size-large\"><img decoding=\"async\" width=\"1024\" height=\"682\" data-id=\"21962\" src=\"https:\/\/panoramaciudadano.com\/wp-content\/uploads\/2025\/09\/7-13-1024x682.jpeg\" alt=\"\" class=\"wp-image-21962\" srcset=\"https:\/\/panoramaciudadano.com\/wp-content\/uploads\/2025\/09\/7-13-1024x682.jpeg 1024w, https:\/\/panoramaciudadano.com\/wp-content\/uploads\/2025\/09\/7-13-300x200.jpeg 300w, https:\/\/panoramaciudadano.com\/wp-content\/uploads\/2025\/09\/7-13-768x512.jpeg 768w, https:\/\/panoramaciudadano.com\/wp-content\/uploads\/2025\/09\/7-13-1536x1024.jpeg 1536w, https:\/\/panoramaciudadano.com\/wp-content\/uploads\/2025\/09\/7-13-2048x1365.jpeg 2048w\" sizes=\"(max-width: 1024px) 100vw, 1024px\" \/><\/figure>\n\n\n\n<figure class=\"wp-block-image size-large\"><img decoding=\"async\" width=\"1024\" height=\"682\" data-id=\"21961\" src=\"https:\/\/panoramaciudadano.com\/wp-content\/uploads\/2025\/09\/8-11-1024x682.jpeg\" alt=\"\" class=\"wp-image-21961\" srcset=\"https:\/\/panoramaciudadano.com\/wp-content\/uploads\/2025\/09\/8-11-1024x682.jpeg 1024w, https:\/\/panoramaciudadano.com\/wp-content\/uploads\/2025\/09\/8-11-300x200.jpeg 300w, https:\/\/panoramaciudadano.com\/wp-content\/uploads\/2025\/09\/8-11-768x512.jpeg 768w, https:\/\/panoramaciudadano.com\/wp-content\/uploads\/2025\/09\/8-11-1536x1024.jpeg 1536w, https:\/\/panoramaciudadano.com\/wp-content\/uploads\/2025\/09\/8-11-2048x1365.jpeg 2048w\" sizes=\"(max-width: 1024px) 100vw, 1024px\" \/><\/figure>\n\n\n\n<figure class=\"wp-block-image size-large\"><img decoding=\"async\" width=\"1024\" height=\"682\" data-id=\"21959\" src=\"https:\/\/panoramaciudadano.com\/wp-content\/uploads\/2025\/09\/WhatsApp-Image-2025-09-19-at-07.53.58-1024x682.jpeg\" alt=\"\" class=\"wp-image-21959\" srcset=\"https:\/\/panoramaciudadano.com\/wp-content\/uploads\/2025\/09\/WhatsApp-Image-2025-09-19-at-07.53.58-1024x682.jpeg 1024w, https:\/\/panoramaciudadano.com\/wp-content\/uploads\/2025\/09\/WhatsApp-Image-2025-09-19-at-07.53.58-300x200.jpeg 300w, https:\/\/panoramaciudadano.com\/wp-content\/uploads\/2025\/09\/WhatsApp-Image-2025-09-19-at-07.53.58-768x512.jpeg 768w, https:\/\/panoramaciudadano.com\/wp-content\/uploads\/2025\/09\/WhatsApp-Image-2025-09-19-at-07.53.58-1536x1024.jpeg 1536w, https:\/\/panoramaciudadano.com\/wp-content\/uploads\/2025\/09\/WhatsApp-Image-2025-09-19-at-07.53.58-2048x1365.jpeg 2048w\" sizes=\"(max-width: 1024px) 100vw, 1024px\" \/><\/figure>\n<\/figure>\n\n\n\n<p>Con la finalidad de proteger y salvaguardar la integridad f\u00edsica de las personas para que no se refugien en las adicciones, la Presidenta Municipal, Ana Paty Peralta, tiene como prioridad implementar acciones de prevenci\u00f3n que garanticen la paz social, bajo los principios clave \u201cTodos por la Paz\u201d, a fin de generar la construcci\u00f3n de paz desde la comunidad y espacios deportivos.<\/p>\n\n\n\n<p>En Canc\u00fan se vela por la paz, y el deporte es una herramienta clave para esto, pues ense\u00f1a valores importantes como el respeto, la disciplina y la solidaridad, que ayudan a construir una comunidad m\u00e1s segura y tranquila.<\/p>\n\n\n\n<p>Motivo por el cual, la Alcaldesa inform\u00f3 que el Instituto Municipal contra las Adicciones (IMCA), trabaja desde ra\u00edz para erradicar los diferentes tipos de violencia y conductas autodestructivas, al abrirse la Unidad de Atenci\u00f3n en la Supermanzana 232, especializada en adicciones y salud mental. Con ello, se recuper\u00f3 un espacio que hoy se llena de vida, para aquella persona que toc\u00f3 fondo, pero que encuentra un acompa\u00f1amiento, un abrazo y un motivo para levantarse otra vez.<\/p>\n\n\n\n<p>PREVENCI\u00d3N DE ADICCIONES<\/p>\n\n\n\n<p>En esta administraci\u00f3n se puso en marcha el proyecto \u201cRed de Apoyo Vecinal IMCA\u201d, que cuenta con 240 enlaces vecinales que participan, para fortalecer la prevenci\u00f3n de adicciones y la salud emocional a trav\u00e9s de redes ciudadanas organizadas. En colonias espec\u00edficas, se capacitan a las y los vecinos para ser un primer contacto de apoyo comunitario, siendo un aliado clave en la atenci\u00f3n preventiva.<\/p>\n\n\n\n<p>ALBERGUE PARA TRANSFORMAR VIDAS<\/p>\n\n\n\n<p>Como resultado de atenciones a las personas vulnerables, la Primera Autoridad Municipal, asegur\u00f3 que \u201cMuy pronto abriremos el primer albergue \u201cTransformando Vidas\u201d en la Supermanzana 228, \u00fanico en todo el estado. Tendr\u00e1 50 camas, ba\u00f1os y consultorios; ser\u00e1 un hogar temporal para quienes hoy viven en situaci\u00f3n de calle, un lugar donde puedan descansar, sanar y empezar de nuevo, porque las soluciones nacen en la comunidad\u201d.<\/p>\n\n\n\n<p>CAMPA\u00d1A #YONOSOYC\u00d3MPLICE<\/p>\n\n\n\n<p>Gracias a la campa\u00f1a #YoNoSoyC\u00f3mplice, que se enfoca a la prevenci\u00f3n de adicciones para construir una sociedad m\u00e1s justa, se beneficiaron a 3 mil 300 estudiantes, docentes y colaboradores, a trav\u00e9s de 11 instituciones educativas y dos empresas que destacaron su compromiso con la sensibilizaci\u00f3n, la detecci\u00f3n oportuna y el fomento de entornos sanos.<\/p>\n\n\n\n<p>ESCUELAS SEGURAS Y CULTURA DE PAZ<\/p>\n\n\n\n<p>La ni\u00f1ez, adolescentes y j\u00f3venes cancunenses, tambi\u00e9n son prioritarios en este gobierno humanista con coraz\u00f3n feminista, al implementarse los programas \u201cEscuela Segura\u201d y \u201cPromoci\u00f3n de la Cultura de la Paz y la Legalidad\u201d, en la que se llevaron a cabo 766 pl\u00e1ticas en 110 escuelas, para beneficiar a 47 mil 351 estudiantes y docentes, con el objetivo de prevenir el delito y conductas violentas mediante la vinculaci\u00f3n interinstitucional y alianzas estrat\u00e9gicas.<\/p>\n\n\n\n<p>Esta iniciativa impulsa la corresponsabilidad como herramienta de transformaci\u00f3n social en la construcci\u00f3n de entornos protectores y saludables que fortalecen el bienestar colectivo.<\/p>\n\n\n\n<p>REHABILITACI\u00d3N DE ESPACIOS DEPORTIVOS<\/p>\n\n\n\n<p>Al respecto, la Alcaldesa, inform\u00f3 que gracias al programa de Rescate y Rehabilitaci\u00f3n de Espacios Deportivos (RRED), y al trabajo en conjunto con comit\u00e9s deportivos, entrenadores, deportistas, usuarios, vecinos y servidores p\u00fablicos, se dignificaron 45 \u00e1reas deportivas en distintas Supermanzanas, beneficiando a m\u00e1s de 152 mil cancunenses, ya que cada cancha recuperada se convierte en un punto de encuentro, donde el esfuerzo colectivo siempre vence.<\/p>\n\n\n\n<p>PIONEROS F\u00daTBOL CANC\u00daN<\/p>\n\n\n\n<p>Asimismo, reconoci\u00f3 que los Pioneros son un semillero de m\u00e1s de mil ni\u00f1as, ni\u00f1os y adolescentes que entrenan con pasi\u00f3n, y aprenden disciplina, respeto y valores, siendo actividades utilizadas como herramientas de paz, para la reconstrucci\u00f3n del tejido social a trav\u00e9s del deporte.<br>Con esta visi\u00f3n el Club Pioneros F\u00fatbol Canc\u00fan, ha consolidado 12 Centros de Formaci\u00f3n Deportiva (CEFOR), que impulsan el desarrollo f\u00edsico, con miras a desarrollar su talento a nivel nacional e internacional en las diferentes disciplinas deportivas, alej\u00e1ndolos de las adicciones y violencias que perjudican su vida.<\/p>\n\n\n\n<p>Por lo anterior, la transformaci\u00f3n se construye con justicia social, paz y humanismo, siendo una realidad que se vive y se siente.<\/p>\n\n\n\n<hr class=\"wp-block-separator has-alpha-channel-opacity\"\/>\n","protected":false},"excerpt":{"rendered":"<p>Prevenci\u00f3n y deporte, son bases para una comunidad de paz.<\/p>\n","protected":false},"author":1,"featured_media":21964,"comment_status":"open","ping_status":"closed","sticky":false,"template":"","format":"standard","meta":{"footnotes":""},"categories":[6],"tags":[145],"class_list":["post-21958","post","type-post","status-publish","format-standard","has-post-thumbnail","hentry","category-cancun","tag-ana-paty-peralta"],"yoast_head":"<!-- This site is optimized with the Yoast SEO plugin v27.1.1 - https:\/\/yoast.com\/product\/yoast-seo-wordpress\/ -->\n<title>FORTALECE ANA PATY PERALTA ACCIONES DE PREVENCI\u00d3N PARA LOGRAR LA PAZ - Panorama Ciudadano<\/title>\n<meta name=\"robots\" content=\"index, follow, max-snippet:-1, max-image-preview:large, max-video-preview:-1\" \/>\n<link rel=\"canonical\" href=\"https:\/\/panoramaciudadano.com\/index.php\/2025\/09\/19\/fortalece-ana-paty-peralta-acciones-de-prevencion-para-lograr-la-paz\/\" \/>\n<meta property=\"og:locale\" content=\"es_ES\" \/>\n<meta property=\"og:type\" content=\"article\" \/>\n<meta property=\"og:title\" content=\"FORTALECE ANA PATY PERALTA ACCIONES DE PREVENCI\u00d3N PARA LOGRAR LA PAZ - Panorama Ciudadano\" \/>\n<meta property=\"og:description\" content=\"Prevenci\u00f3n y deporte, son bases para una comunidad de paz.\" \/>\n<meta property=\"og:url\" content=\"https:\/\/panoramaciudadano.com\/index.php\/2025\/09\/19\/fortalece-ana-paty-peralta-acciones-de-prevencion-para-lograr-la-paz\/\" \/>\n<meta property=\"og:site_name\" content=\"Panorama Ciudadano\" \/>\n<meta property=\"article:publisher\" content=\"https:\/\/www.facebook.com\/panoramaciudadano\" \/>\n<meta property=\"article:published_time\" content=\"2025-09-19T15:53:05+00:00\" \/>\n<meta property=\"article:modified_time\" content=\"2025-09-19T15:53:07+00:00\" \/>\n<meta property=\"og:image\" content=\"https:\/\/panoramaciudadano.com\/wp-content\/uploads\/2025\/09\/4-48.jpeg\" \/>\n\t<meta property=\"og:image:width\" content=\"2560\" \/>\n\t<meta property=\"og:image:height\" content=\"1706\" \/>\n\t<meta property=\"og:image:type\" content=\"image\/jpeg\" \/>\n<meta name=\"author\" content=\"admin\" \/>\n<meta name=\"twitter:card\" content=\"summary_large_image\" \/>\n<meta name=\"twitter:label1\" content=\"Escrito por\" \/>\n\t<meta name=\"twitter:data1\" content=\"admin\" \/>\n\t<meta name=\"twitter:label2\" content=\"Tiempo de lectura\" \/>\n\t<meta name=\"twitter:data2\" content=\"5 minutos\" \/>\n<script type=\"application\/ld+json\" class=\"yoast-schema-graph\">{\"@context\":\"https:\/\/schema.org\",\"@graph\":[{\"@type\":\"Article\",\"@id\":\"https:\/\/panoramaciudadano.com\/index.php\/2025\/09\/19\/fortalece-ana-paty-peralta-acciones-de-prevencion-para-lograr-la-paz\/#article\",\"isPartOf\":{\"@id\":\"https:\/\/panoramaciudadano.com\/index.php\/2025\/09\/19\/fortalece-ana-paty-peralta-acciones-de-prevencion-para-lograr-la-paz\/\"},\"author\":{\"name\":\"admin\",\"@id\":\"https:\/\/panoramaciudadano.com\/#\/schema\/person\/ffe9fe8ef47d3a93977b5761fd9e0d96\"},\"headline\":\"FORTALECE ANA PATY PERALTA ACCIONES DE PREVENCI\u00d3N PARA LOGRAR LA PAZ\",\"datePublished\":\"2025-09-19T15:53:05+00:00\",\"dateModified\":\"2025-09-19T15:53:07+00:00\",\"mainEntityOfPage\":{\"@id\":\"https:\/\/panoramaciudadano.com\/index.php\/2025\/09\/19\/fortalece-ana-paty-peralta-acciones-de-prevencion-para-lograr-la-paz\/\"},\"wordCount\":706,\"commentCount\":0,\"publisher\":{\"@id\":\"https:\/\/panoramaciudadano.com\/#organization\"},\"image\":{\"@id\":\"https:\/\/panoramaciudadano.com\/index.php\/2025\/09\/19\/fortalece-ana-paty-peralta-acciones-de-prevencion-para-lograr-la-paz\/#primaryimage\"},\"thumbnailUrl\":\"https:\/\/panoramaciudadano.com\/wp-content\/uploads\/2025\/09\/4-48.jpeg\",\"keywords\":[\"Ana Paty Peralta\"],\"articleSection\":[\"Canc\u00fan\"],\"inLanguage\":\"es\",\"potentialAction\":[{\"@type\":\"CommentAction\",\"name\":\"Comment\",\"target\":[\"https:\/\/panoramaciudadano.com\/index.php\/2025\/09\/19\/fortalece-ana-paty-peralta-acciones-de-prevencion-para-lograr-la-paz\/#respond\"]}]},{\"@type\":\"WebPage\",\"@id\":\"https:\/\/panoramaciudadano.com\/index.php\/2025\/09\/19\/fortalece-ana-paty-peralta-acciones-de-prevencion-para-lograr-la-paz\/\",\"url\":\"https:\/\/panoramaciudadano.com\/index.php\/2025\/09\/19\/fortalece-ana-paty-peralta-acciones-de-prevencion-para-lograr-la-paz\/\",\"name\":\"FORTALECE ANA PATY PERALTA ACCIONES DE PREVENCI\u00d3N PARA LOGRAR LA PAZ - Panorama Ciudadano\",\"isPartOf\":{\"@id\":\"https:\/\/panoramaciudadano.com\/#website\"},\"primaryImageOfPage\":{\"@id\":\"https:\/\/panoramaciudadano.com\/index.php\/2025\/09\/19\/fortalece-ana-paty-peralta-acciones-de-prevencion-para-lograr-la-paz\/#primaryimage\"},\"image\":{\"@id\":\"https:\/\/panoramaciudadano.com\/index.php\/2025\/09\/19\/fortalece-ana-paty-peralta-acciones-de-prevencion-para-lograr-la-paz\/#primaryimage\"},\"thumbnailUrl\":\"https:\/\/panoramaciudadano.com\/wp-content\/uploads\/2025\/09\/4-48.jpeg\",\"datePublished\":\"2025-09-19T15:53:05+00:00\",\"dateModified\":\"2025-09-19T15:53:07+00:00\",\"breadcrumb\":{\"@id\":\"https:\/\/panoramaciudadano.com\/index.php\/2025\/09\/19\/fortalece-ana-paty-peralta-acciones-de-prevencion-para-lograr-la-paz\/#breadcrumb\"},\"inLanguage\":\"es\",\"potentialAction\":[{\"@type\":\"ReadAction\",\"target\":[\"https:\/\/panoramaciudadano.com\/index.php\/2025\/09\/19\/fortalece-ana-paty-peralta-acciones-de-prevencion-para-lograr-la-paz\/\"]}]},{\"@type\":\"ImageObject\",\"inLanguage\":\"es\",\"@id\":\"https:\/\/panoramaciudadano.com\/index.php\/2025\/09\/19\/fortalece-ana-paty-peralta-acciones-de-prevencion-para-lograr-la-paz\/#primaryimage\",\"url\":\"https:\/\/panoramaciudadano.com\/wp-content\/uploads\/2025\/09\/4-48.jpeg\",\"contentUrl\":\"https:\/\/panoramaciudadano.com\/wp-content\/uploads\/2025\/09\/4-48.jpeg\",\"width\":2560,\"height\":1706},{\"@type\":\"BreadcrumbList\",\"@id\":\"https:\/\/panoramaciudadano.com\/index.php\/2025\/09\/19\/fortalece-ana-paty-peralta-acciones-de-prevencion-para-lograr-la-paz\/#breadcrumb\",\"itemListElement\":[{\"@type\":\"ListItem\",\"position\":1,\"name\":\"Portada\",\"item\":\"https:\/\/panoramaciudadano.com\/\"},{\"@type\":\"ListItem\",\"position\":2,\"name\":\"FORTALECE ANA PATY PERALTA ACCIONES DE PREVENCI\u00d3N PARA LOGRAR LA PAZ\"}]},{\"@type\":\"WebSite\",\"@id\":\"https:\/\/panoramaciudadano.com\/#website\",\"url\":\"https:\/\/panoramaciudadano.com\/\",\"name\":\"Panorama Ciudadano\",\"description\":\"\",\"publisher\":{\"@id\":\"https:\/\/panoramaciudadano.com\/#organization\"},\"potentialAction\":[{\"@type\":\"SearchAction\",\"target\":{\"@type\":\"EntryPoint\",\"urlTemplate\":\"https:\/\/panoramaciudadano.com\/?s={search_term_string}\"},\"query-input\":{\"@type\":\"PropertyValueSpecification\",\"valueRequired\":true,\"valueName\":\"search_term_string\"}}],\"inLanguage\":\"es\"},{\"@type\":\"Organization\",\"@id\":\"https:\/\/panoramaciudadano.com\/#organization\",\"name\":\"Panorama Ciudadano\",\"url\":\"https:\/\/panoramaciudadano.com\/\",\"logo\":{\"@type\":\"ImageObject\",\"inLanguage\":\"es\",\"@id\":\"https:\/\/panoramaciudadano.com\/#\/schema\/logo\/image\/\",\"url\":\"https:\/\/panoramaciudadano.com\/wp-content\/uploads\/2024\/05\/401498640_919267042938564_6290593609399108733_n.jpg\",\"contentUrl\":\"https:\/\/panoramaciudadano.com\/wp-content\/uploads\/2024\/05\/401498640_919267042938564_6290593609399108733_n.jpg\",\"width\":960,\"height\":957,\"caption\":\"Panorama Ciudadano\"},\"image\":{\"@id\":\"https:\/\/panoramaciudadano.com\/#\/schema\/logo\/image\/\"},\"sameAs\":[\"https:\/\/www.facebook.com\/panoramaciudadano\"]},{\"@type\":\"Person\",\"@id\":\"https:\/\/panoramaciudadano.com\/#\/schema\/person\/ffe9fe8ef47d3a93977b5761fd9e0d96\",\"name\":\"admin\",\"image\":{\"@type\":\"ImageObject\",\"inLanguage\":\"es\",\"@id\":\"https:\/\/panoramaciudadano.com\/#\/schema\/person\/image\/\",\"url\":\"https:\/\/secure.gravatar.com\/avatar\/2d5a12cacce3f18096f25fadea8abb7202fef18ed669595589853e84260ff451?s=96&d=mm&r=g\",\"contentUrl\":\"https:\/\/secure.gravatar.com\/avatar\/2d5a12cacce3f18096f25fadea8abb7202fef18ed669595589853e84260ff451?s=96&d=mm&r=g\",\"caption\":\"admin\"},\"sameAs\":[\"https:\/\/panoramaciudadano.com\"],\"url\":\"https:\/\/panoramaciudadano.com\/index.php\/author\/admin_3q6hyqq3\/\"}]}<\/script>\n<!-- \/ Yoast SEO plugin. -->","yoast_head_json":{"title":"FORTALECE ANA PATY PERALTA ACCIONES DE PREVENCI\u00d3N PARA LOGRAR LA PAZ - Panorama Ciudadano","robots":{"index":"index","follow":"follow","max-snippet":"max-snippet:-1","max-image-preview":"max-image-preview:large","max-video-preview":"max-video-preview:-1"},"canonical":"https:\/\/panoramaciudadano.com\/index.php\/2025\/09\/19\/fortalece-ana-paty-peralta-acciones-de-prevencion-para-lograr-la-paz\/","og_locale":"es_ES","og_type":"article","og_title":"FORTALECE ANA PATY PERALTA ACCIONES DE PREVENCI\u00d3N PARA LOGRAR LA PAZ - Panorama Ciudadano","og_description":"Prevenci\u00f3n y deporte, son bases para una comunidad de paz.","og_url":"https:\/\/panoramaciudadano.com\/index.php\/2025\/09\/19\/fortalece-ana-paty-peralta-acciones-de-prevencion-para-lograr-la-paz\/","og_site_name":"Panorama Ciudadano","article_publisher":"https:\/\/www.facebook.com\/panoramaciudadano","article_published_time":"2025-09-19T15:53:05+00:00","article_modified_time":"2025-09-19T15:53:07+00:00","og_image":[{"width":2560,"height":1706,"url":"https:\/\/panoramaciudadano.com\/wp-content\/uploads\/2025\/09\/4-48.jpeg","type":"image\/jpeg"}],"author":"admin","twitter_card":"summary_large_image","twitter_misc":{"Escrito por":"admin","Tiempo de lectura":"5 minutos"},"schema":{"@context":"https:\/\/schema.org","@graph":[{"@type":"Article","@id":"https:\/\/panoramaciudadano.com\/index.php\/2025\/09\/19\/fortalece-ana-paty-peralta-acciones-de-prevencion-para-lograr-la-paz\/#article","isPartOf":{"@id":"https:\/\/panoramaciudadano.com\/index.php\/2025\/09\/19\/fortalece-ana-paty-peralta-acciones-de-prevencion-para-lograr-la-paz\/"},"author":{"name":"admin","@id":"https:\/\/panoramaciudadano.com\/#\/schema\/person\/ffe9fe8ef47d3a93977b5761fd9e0d96"},"headline":"FORTALECE ANA PATY PERALTA ACCIONES DE PREVENCI\u00d3N PARA LOGRAR LA PAZ","datePublished":"2025-09-19T15:53:05+00:00","dateModified":"2025-09-19T15:53:07+00:00","mainEntityOfPage":{"@id":"https:\/\/panoramaciudadano.com\/index.php\/2025\/09\/19\/fortalece-ana-paty-peralta-acciones-de-prevencion-para-lograr-la-paz\/"},"wordCount":706,"commentCount":0,"publisher":{"@id":"https:\/\/panoramaciudadano.com\/#organization"},"image":{"@id":"https:\/\/panoramaciudadano.com\/index.php\/2025\/09\/19\/fortalece-ana-paty-peralta-acciones-de-prevencion-para-lograr-la-paz\/#primaryimage"},"thumbnailUrl":"https:\/\/panoramaciudadano.com\/wp-content\/uploads\/2025\/09\/4-48.jpeg","keywords":["Ana Paty Peralta"],"articleSection":["Canc\u00fan"],"inLanguage":"es","potentialAction":[{"@type":"CommentAction","name":"Comment","target":["https:\/\/panoramaciudadano.com\/index.php\/2025\/09\/19\/fortalece-ana-paty-peralta-acciones-de-prevencion-para-lograr-la-paz\/#respond"]}]},{"@type":"WebPage","@id":"https:\/\/panoramaciudadano.com\/index.php\/2025\/09\/19\/fortalece-ana-paty-peralta-acciones-de-prevencion-para-lograr-la-paz\/","url":"https:\/\/panoramaciudadano.com\/index.php\/2025\/09\/19\/fortalece-ana-paty-peralta-acciones-de-prevencion-para-lograr-la-paz\/","name":"FORTALECE ANA PATY PERALTA ACCIONES DE PREVENCI\u00d3N PARA LOGRAR LA PAZ - Panorama Ciudadano","isPartOf":{"@id":"https:\/\/panoramaciudadano.com\/#website"},"primaryImageOfPage":{"@id":"https:\/\/panoramaciudadano.com\/index.php\/2025\/09\/19\/fortalece-ana-paty-peralta-acciones-de-prevencion-para-lograr-la-paz\/#primaryimage"},"image":{"@id":"https:\/\/panoramaciudadano.com\/index.php\/2025\/09\/19\/fortalece-ana-paty-peralta-acciones-de-prevencion-para-lograr-la-paz\/#primaryimage"},"thumbnailUrl":"https:\/\/panoramaciudadano.com\/wp-content\/uploads\/2025\/09\/4-48.jpeg","datePublished":"2025-09-19T15:53:05+00:00","dateModified":"2025-09-19T15:53:07+00:00","breadcrumb":{"@id":"https:\/\/panoramaciudadano.com\/index.php\/2025\/09\/19\/fortalece-ana-paty-peralta-acciones-de-prevencion-para-lograr-la-paz\/#breadcrumb"},"inLanguage":"es","potentialAction":[{"@type":"ReadAction","target":["https:\/\/panoramaciudadano.com\/index.php\/2025\/09\/19\/fortalece-ana-paty-peralta-acciones-de-prevencion-para-lograr-la-paz\/"]}]},{"@type":"ImageObject","inLanguage":"es","@id":"https:\/\/panoramaciudadano.com\/index.php\/2025\/09\/19\/fortalece-ana-paty-peralta-acciones-de-prevencion-para-lograr-la-paz\/#primaryimage","url":"https:\/\/panoramaciudadano.com\/wp-content\/uploads\/2025\/09\/4-48.jpeg","contentUrl":"https:\/\/panoramaciudadano.com\/wp-content\/uploads\/2025\/09\/4-48.jpeg","width":2560,"height":1706},{"@type":"BreadcrumbList","@id":"https:\/\/panoramaciudadano.com\/index.php\/2025\/09\/19\/fortalece-ana-paty-peralta-acciones-de-prevencion-para-lograr-la-paz\/#breadcrumb","itemListElement":[{"@type":"ListItem","position":1,"name":"Portada","item":"https:\/\/panoramaciudadano.com\/"},{"@type":"ListItem","position":2,"name":"FORTALECE ANA PATY PERALTA ACCIONES DE PREVENCI\u00d3N PARA LOGRAR LA PAZ"}]},{"@type":"WebSite","@id":"https:\/\/panoramaciudadano.com\/#website","url":"https:\/\/panoramaciudadano.com\/","name":"Panorama Ciudadano","description":"","publisher":{"@id":"https:\/\/panoramaciudadano.com\/#organization"},"potentialAction":[{"@type":"SearchAction","target":{"@type":"EntryPoint","urlTemplate":"https:\/\/panoramaciudadano.com\/?s={search_term_string}"},"query-input":{"@type":"PropertyValueSpecification","valueRequired":true,"valueName":"search_term_string"}}],"inLanguage":"es"},{"@type":"Organization","@id":"https:\/\/panoramaciudadano.com\/#organization","name":"Panorama Ciudadano","url":"https:\/\/panoramaciudadano.com\/","logo":{"@type":"ImageObject","inLanguage":"es","@id":"https:\/\/panoramaciudadano.com\/#\/schema\/logo\/image\/","url":"https:\/\/panoramaciudadano.com\/wp-content\/uploads\/2024\/05\/401498640_919267042938564_6290593609399108733_n.jpg","contentUrl":"https:\/\/panoramaciudadano.com\/wp-content\/uploads\/2024\/05\/401498640_919267042938564_6290593609399108733_n.jpg","width":960,"height":957,"caption":"Panorama Ciudadano"},"image":{"@id":"https:\/\/panoramaciudadano.com\/#\/schema\/logo\/image\/"},"sameAs":["https:\/\/www.facebook.com\/panoramaciudadano"]},{"@type":"Person","@id":"https:\/\/panoramaciudadano.com\/#\/schema\/person\/ffe9fe8ef47d3a93977b5761fd9e0d96","name":"admin","image":{"@type":"ImageObject","inLanguage":"es","@id":"https:\/\/panoramaciudadano.com\/#\/schema\/person\/image\/","url":"https:\/\/secure.gravatar.com\/avatar\/2d5a12cacce3f18096f25fadea8abb7202fef18ed669595589853e84260ff451?s=96&d=mm&r=g","contentUrl":"https:\/\/secure.gravatar.com\/avatar\/2d5a12cacce3f18096f25fadea8abb7202fef18ed669595589853e84260ff451?s=96&d=mm&r=g","caption":"admin"},"sameAs":["https:\/\/panoramaciudadano.com"],"url":"https:\/\/panoramaciudadano.com\/index.php\/author\/admin_3q6hyqq3\/"}]}},"_links":{"self":[{"href":"https:\/\/panoramaciudadano.com\/index.php\/wp-json\/wp\/v2\/posts\/21958","targetHints":{"allow":["GET"]}}],"collection":[{"href":"https:\/\/panoramaciudadano.com\/index.php\/wp-json\/wp\/v2\/posts"}],"about":[{"href":"https:\/\/panoramaciudadano.com\/index.php\/wp-json\/wp\/v2\/types\/post"}],"author":[{"embeddable":true,"href":"https:\/\/panoramaciudadano.com\/index.php\/wp-json\/wp\/v2\/users\/1"}],"replies":[{"embeddable":true,"href":"https:\/\/panoramaciudadano.com\/index.php\/wp-json\/wp\/v2\/comments?post=21958"}],"version-history":[{"count":1,"href":"https:\/\/panoramaciudadano.com\/index.php\/wp-json\/wp\/v2\/posts\/21958\/revisions"}],"predecessor-version":[{"id":21967,"href":"https:\/\/panoramaciudadano.com\/index.php\/wp-json\/wp\/v2\/posts\/21958\/revisions\/21967"}],"wp:featuredmedia":[{"embeddable":true,"href":"https:\/\/panoramaciudadano.com\/index.php\/wp-json\/wp\/v2\/media\/21964"}],"wp:attachment":[{"href":"https:\/\/panoramaciudadano.com\/index.php\/wp-json\/wp\/v2\/media?parent=21958"}],"wp:term":[{"taxonomy":"category","embeddable":true,"href":"https:\/\/panoramaciudadano.com\/index.php\/wp-json\/wp\/v2\/categories?post=21958"},{"taxonomy":"post_tag","embeddable":true,"href":"https:\/\/panoramaciudadano.com\/index.php\/wp-json\/wp\/v2\/tags?post=21958"}],"curies":[{"name":"wp","href":"https:\/\/api.w.org\/{rel}","templated":true}]}}