{"id":21988,"date":"2025-09-19T11:02:00","date_gmt":"2025-09-19T16:02:00","guid":{"rendered":"https:\/\/panoramaciudadano.com\/?p=21988"},"modified":"2025-09-19T11:02:02","modified_gmt":"2025-09-19T16:02:02","slug":"apertura-ana-paty-peralta-nueva-celda-2-en-la-parcela-175","status":"publish","type":"post","link":"https:\/\/panoramaciudadano.com\/index.php\/2025\/09\/19\/apertura-ana-paty-peralta-nueva-celda-2-en-la-parcela-175\/","title":{"rendered":"APERTURA ANA PATY PERALTA NUEVA CELDA 2 EN LA PARCELA 175"},"content":{"rendered":"\n<figure class=\"wp-block-gallery has-nested-images columns-default is-cropped wp-block-gallery-1 is-layout-flex wp-block-gallery-is-layout-flex\">\n<figure class=\"wp-block-image size-large\"><img decoding=\"async\" width=\"1024\" height=\"682\" data-id=\"21990\" src=\"https:\/\/panoramaciudadano.com\/wp-content\/uploads\/2025\/09\/WhatsApp-Image-2025-09-19-at-10.36.20-1-1024x682.jpeg\" alt=\"\" class=\"wp-image-21990\" srcset=\"https:\/\/panoramaciudadano.com\/wp-content\/uploads\/2025\/09\/WhatsApp-Image-2025-09-19-at-10.36.20-1-1024x682.jpeg 1024w, https:\/\/panoramaciudadano.com\/wp-content\/uploads\/2025\/09\/WhatsApp-Image-2025-09-19-at-10.36.20-1-300x200.jpeg 300w, https:\/\/panoramaciudadano.com\/wp-content\/uploads\/2025\/09\/WhatsApp-Image-2025-09-19-at-10.36.20-1-768x512.jpeg 768w, https:\/\/panoramaciudadano.com\/wp-content\/uploads\/2025\/09\/WhatsApp-Image-2025-09-19-at-10.36.20-1-1536x1024.jpeg 1536w, https:\/\/panoramaciudadano.com\/wp-content\/uploads\/2025\/09\/WhatsApp-Image-2025-09-19-at-10.36.20-1-2048x1365.jpeg 2048w\" sizes=\"(max-width: 1024px) 100vw, 1024px\" \/><\/figure>\n\n\n\n<figure class=\"wp-block-image size-large\"><img decoding=\"async\" width=\"1024\" height=\"713\" data-id=\"21993\" src=\"https:\/\/panoramaciudadano.com\/wp-content\/uploads\/2025\/09\/WhatsApp-Image-2025-09-19-at-10.36.20-3-1024x713.jpeg\" alt=\"\" class=\"wp-image-21993\" srcset=\"https:\/\/panoramaciudadano.com\/wp-content\/uploads\/2025\/09\/WhatsApp-Image-2025-09-19-at-10.36.20-3-1024x713.jpeg 1024w, https:\/\/panoramaciudadano.com\/wp-content\/uploads\/2025\/09\/WhatsApp-Image-2025-09-19-at-10.36.20-3-300x209.jpeg 300w, https:\/\/panoramaciudadano.com\/wp-content\/uploads\/2025\/09\/WhatsApp-Image-2025-09-19-at-10.36.20-3-768x535.jpeg 768w, https:\/\/panoramaciudadano.com\/wp-content\/uploads\/2025\/09\/WhatsApp-Image-2025-09-19-at-10.36.20-3-1536x1069.jpeg 1536w, https:\/\/panoramaciudadano.com\/wp-content\/uploads\/2025\/09\/WhatsApp-Image-2025-09-19-at-10.36.20-3-2048x1426.jpeg 2048w\" sizes=\"(max-width: 1024px) 100vw, 1024px\" \/><\/figure>\n\n\n\n<figure class=\"wp-block-image size-large\"><img decoding=\"async\" width=\"1024\" height=\"653\" data-id=\"21989\" src=\"https:\/\/panoramaciudadano.com\/wp-content\/uploads\/2025\/09\/WhatsApp-Image-2025-09-19-at-10.36.21-2-1024x653.jpeg\" alt=\"\" class=\"wp-image-21989\" srcset=\"https:\/\/panoramaciudadano.com\/wp-content\/uploads\/2025\/09\/WhatsApp-Image-2025-09-19-at-10.36.21-2-1024x653.jpeg 1024w, https:\/\/panoramaciudadano.com\/wp-content\/uploads\/2025\/09\/WhatsApp-Image-2025-09-19-at-10.36.21-2-300x191.jpeg 300w, https:\/\/panoramaciudadano.com\/wp-content\/uploads\/2025\/09\/WhatsApp-Image-2025-09-19-at-10.36.21-2-768x490.jpeg 768w, https:\/\/panoramaciudadano.com\/wp-content\/uploads\/2025\/09\/WhatsApp-Image-2025-09-19-at-10.36.21-2-1536x980.jpeg 1536w, https:\/\/panoramaciudadano.com\/wp-content\/uploads\/2025\/09\/WhatsApp-Image-2025-09-19-at-10.36.21-2-2048x1306.jpeg 2048w\" sizes=\"(max-width: 1024px) 100vw, 1024px\" \/><\/figure>\n\n\n\n<figure class=\"wp-block-image size-large\"><img decoding=\"async\" width=\"1024\" height=\"682\" data-id=\"21991\" src=\"https:\/\/panoramaciudadano.com\/wp-content\/uploads\/2025\/09\/WhatsApp-Image-2025-09-19-at-10.36.22-1-1024x682.jpeg\" alt=\"\" class=\"wp-image-21991\" srcset=\"https:\/\/panoramaciudadano.com\/wp-content\/uploads\/2025\/09\/WhatsApp-Image-2025-09-19-at-10.36.22-1-1024x682.jpeg 1024w, https:\/\/panoramaciudadano.com\/wp-content\/uploads\/2025\/09\/WhatsApp-Image-2025-09-19-at-10.36.22-1-300x200.jpeg 300w, https:\/\/panoramaciudadano.com\/wp-content\/uploads\/2025\/09\/WhatsApp-Image-2025-09-19-at-10.36.22-1-768x512.jpeg 768w, https:\/\/panoramaciudadano.com\/wp-content\/uploads\/2025\/09\/WhatsApp-Image-2025-09-19-at-10.36.22-1-1536x1024.jpeg 1536w, https:\/\/panoramaciudadano.com\/wp-content\/uploads\/2025\/09\/WhatsApp-Image-2025-09-19-at-10.36.22-1-2048x1365.jpeg 2048w\" sizes=\"(max-width: 1024px) 100vw, 1024px\" \/><\/figure>\n\n\n\n<figure class=\"wp-block-image size-large\"><img decoding=\"async\" width=\"1024\" height=\"682\" data-id=\"21994\" src=\"https:\/\/panoramaciudadano.com\/wp-content\/uploads\/2025\/09\/WhatsApp-Image-2025-09-19-at-10.36.22-2-1024x682.jpeg\" alt=\"\" class=\"wp-image-21994\" srcset=\"https:\/\/panoramaciudadano.com\/wp-content\/uploads\/2025\/09\/WhatsApp-Image-2025-09-19-at-10.36.22-2-1024x682.jpeg 1024w, https:\/\/panoramaciudadano.com\/wp-content\/uploads\/2025\/09\/WhatsApp-Image-2025-09-19-at-10.36.22-2-300x200.jpeg 300w, https:\/\/panoramaciudadano.com\/wp-content\/uploads\/2025\/09\/WhatsApp-Image-2025-09-19-at-10.36.22-2-768x512.jpeg 768w, https:\/\/panoramaciudadano.com\/wp-content\/uploads\/2025\/09\/WhatsApp-Image-2025-09-19-at-10.36.22-2-1536x1024.jpeg 1536w, https:\/\/panoramaciudadano.com\/wp-content\/uploads\/2025\/09\/WhatsApp-Image-2025-09-19-at-10.36.22-2-2048x1365.jpeg 2048w\" sizes=\"(max-width: 1024px) 100vw, 1024px\" \/><\/figure>\n\n\n\n<figure class=\"wp-block-image size-large\"><img decoding=\"async\" width=\"1024\" height=\"645\" data-id=\"21995\" src=\"https:\/\/panoramaciudadano.com\/wp-content\/uploads\/2025\/09\/WhatsApp-Image-2025-09-19-at-10.36.22-1024x645.jpeg\" alt=\"\" class=\"wp-image-21995\" srcset=\"https:\/\/panoramaciudadano.com\/wp-content\/uploads\/2025\/09\/WhatsApp-Image-2025-09-19-at-10.36.22-1024x645.jpeg 1024w, https:\/\/panoramaciudadano.com\/wp-content\/uploads\/2025\/09\/WhatsApp-Image-2025-09-19-at-10.36.22-300x189.jpeg 300w, https:\/\/panoramaciudadano.com\/wp-content\/uploads\/2025\/09\/WhatsApp-Image-2025-09-19-at-10.36.22-768x484.jpeg 768w, https:\/\/panoramaciudadano.com\/wp-content\/uploads\/2025\/09\/WhatsApp-Image-2025-09-19-at-10.36.22-1536x967.jpeg 1536w, https:\/\/panoramaciudadano.com\/wp-content\/uploads\/2025\/09\/WhatsApp-Image-2025-09-19-at-10.36.22-2048x1290.jpeg 2048w\" sizes=\"(max-width: 1024px) 100vw, 1024px\" \/><\/figure>\n\n\n\n<figure class=\"wp-block-image size-large\"><img decoding=\"async\" width=\"1024\" height=\"682\" data-id=\"21992\" src=\"https:\/\/panoramaciudadano.com\/wp-content\/uploads\/2025\/09\/WhatsApp-Image-2025-09-19-at-10.36.23-1024x682.jpeg\" alt=\"\" class=\"wp-image-21992\" srcset=\"https:\/\/panoramaciudadano.com\/wp-content\/uploads\/2025\/09\/WhatsApp-Image-2025-09-19-at-10.36.23-1024x682.jpeg 1024w, https:\/\/panoramaciudadano.com\/wp-content\/uploads\/2025\/09\/WhatsApp-Image-2025-09-19-at-10.36.23-300x200.jpeg 300w, https:\/\/panoramaciudadano.com\/wp-content\/uploads\/2025\/09\/WhatsApp-Image-2025-09-19-at-10.36.23-768x512.jpeg 768w, https:\/\/panoramaciudadano.com\/wp-content\/uploads\/2025\/09\/WhatsApp-Image-2025-09-19-at-10.36.23-1536x1024.jpeg 1536w, https:\/\/panoramaciudadano.com\/wp-content\/uploads\/2025\/09\/WhatsApp-Image-2025-09-19-at-10.36.23-2048x1365.jpeg 2048w\" sizes=\"(max-width: 1024px) 100vw, 1024px\" \/><\/figure>\n<\/figure>\n\n\n\n<p>Como parte del compromiso del Ayuntamiento de Benito Ju\u00e1rez con la protecci\u00f3n del medio ambiente, la salud p\u00fablica y la construcci\u00f3n de una ciudad m\u00e1s ordenada y sustentable, la Presidenta Municipal, Ana Paty Peralta, inaugur\u00f3 la Celda 2 del sitio de disposici\u00f3n final de la Parcela 175, un sistema que representa una soluci\u00f3n inmediata a las necesidades de destino final de la basura.<\/p>\n\n\n\n<p>Con una capacidad de 400 mil toneladas, la Alcaldesa mencion\u00f3 que esta nueva celda garantiza la continuidad del servicio de recolecci\u00f3n y disposici\u00f3n de desechos, protegiendo el entorno natural y la imagen urbana de Canc\u00fan.<\/p>\n\n\n\n<p>Asimismo, destac\u00f3 que este proyecto no solo fortalece la infraestructura ambiental del municipio, sino que tambi\u00e9n impulsa la econom\u00eda local al generar 60 empleos directos y m\u00e1s de 120 empleos indirectos, con el recibimiento de m\u00e1s de 200 camiones diarios, as\u00ed como la operaci\u00f3n de 12 unidades especializadas que trabajan las 24 horas del d\u00eda, los 7 d\u00edas de la semana.<\/p>\n\n\n\n<p>\u201cDesde el Gobierno Municipal reiteramos nuestro compromiso con el medio ambiente, con la salud p\u00fablica y con el bienestar de todas y todos los benitojuarenses. La apertura de esta nueva celda representa un avance hacia un Canc\u00fan m\u00e1s limpio, ordenado y sostenible\u201d, afirm\u00f3 Ana Paty Peralta.<\/p>\n\n\n\n<p>En el marco de la apertura y luego del corte de list\u00f3n, la Presidenta Municipal, junto a las autoridades, atestiguaron la llegada de los primeros camiones recolectores que demostraron el proceso correcto de disposici\u00f3n final de la basura.<\/p>\n\n\n\n<p>Este hecho transformador cont\u00f3 con el respaldo del CEO de Red ambiental, Horacio Guerra Marroqu\u00edn; el titular del organismo descentralizado Soluci\u00f3n Integral de Residuos S\u00f3lidos (SIRESOL), Frantz Ancira Mart\u00ednez; el secretario general del Ayuntamiento, Pablo Guti\u00e9rrez Fern\u00e1ndez; el director de Servicios P\u00fablicos Municipales, Antonio de la Torre Chamb\u00e9, por mencionar algunos.<\/p>\n\n\n\n<hr class=\"wp-block-separator has-alpha-channel-opacity\"\/>\n","protected":false},"excerpt":{"rendered":"<p>Como parte del compromiso del Ayuntamiento de Benito Ju\u00e1rez con la protecci\u00f3n del medio ambiente, la salud p\u00fablica y la construcci\u00f3n de una ciudad m\u00e1s ordenada y sustentable, la Presidenta Municipal, Ana Paty Peralta, inaugur\u00f3 la Celda 2 del sitio de disposici\u00f3n final de la Parcela 175, un sistema que representa una soluci\u00f3n inmediata a las necesidades de destino final de la basura.<\/p>\n","protected":false},"author":1,"featured_media":21993,"comment_status":"open","ping_status":"closed","sticky":false,"template":"","format":"standard","meta":{"footnotes":""},"categories":[6],"tags":[145],"class_list":["post-21988","post","type-post","status-publish","format-standard","has-post-thumbnail","hentry","category-cancun","tag-ana-paty-peralta"],"yoast_head":"<!-- This site is optimized with the Yoast SEO plugin v27.1.1 - https:\/\/yoast.com\/product\/yoast-seo-wordpress\/ -->\n<title>APERTURA ANA PATY PERALTA NUEVA CELDA 2 EN LA PARCELA 175 - Panorama Ciudadano<\/title>\n<meta name=\"robots\" content=\"index, follow, max-snippet:-1, max-image-preview:large, max-video-preview:-1\" \/>\n<link rel=\"canonical\" href=\"https:\/\/panoramaciudadano.com\/index.php\/2025\/09\/19\/apertura-ana-paty-peralta-nueva-celda-2-en-la-parcela-175\/\" \/>\n<meta property=\"og:locale\" content=\"es_ES\" \/>\n<meta property=\"og:type\" content=\"article\" \/>\n<meta property=\"og:title\" content=\"APERTURA ANA PATY PERALTA NUEVA CELDA 2 EN LA PARCELA 175 - Panorama Ciudadano\" \/>\n<meta property=\"og:description\" content=\"Como parte del compromiso del Ayuntamiento de Benito Ju\u00e1rez con la protecci\u00f3n del medio ambiente, la salud p\u00fablica y la construcci\u00f3n de una ciudad m\u00e1s ordenada y sustentable, la Presidenta Municipal, Ana Paty Peralta, inaugur\u00f3 la Celda 2 del sitio de disposici\u00f3n final de la Parcela 175, un sistema que representa una soluci\u00f3n inmediata a las necesidades de destino final de la basura.\" \/>\n<meta property=\"og:url\" content=\"https:\/\/panoramaciudadano.com\/index.php\/2025\/09\/19\/apertura-ana-paty-peralta-nueva-celda-2-en-la-parcela-175\/\" \/>\n<meta property=\"og:site_name\" content=\"Panorama Ciudadano\" \/>\n<meta property=\"article:publisher\" content=\"https:\/\/www.facebook.com\/panoramaciudadano\" \/>\n<meta property=\"article:published_time\" content=\"2025-09-19T16:02:00+00:00\" \/>\n<meta property=\"article:modified_time\" content=\"2025-09-19T16:02:02+00:00\" \/>\n<meta property=\"og:image\" content=\"https:\/\/panoramaciudadano.com\/wp-content\/uploads\/2025\/09\/WhatsApp-Image-2025-09-19-at-10.36.20-3.jpeg\" \/>\n\t<meta property=\"og:image:width\" content=\"2560\" \/>\n\t<meta property=\"og:image:height\" content=\"1782\" \/>\n\t<meta property=\"og:image:type\" content=\"image\/jpeg\" \/>\n<meta name=\"author\" content=\"admin\" \/>\n<meta name=\"twitter:card\" content=\"summary_large_image\" \/>\n<meta name=\"twitter:label1\" content=\"Escrito por\" \/>\n\t<meta name=\"twitter:data1\" content=\"admin\" \/>\n\t<meta name=\"twitter:label2\" content=\"Tiempo de lectura\" \/>\n\t<meta name=\"twitter:data2\" content=\"3 minutos\" \/>\n<script type=\"application\/ld+json\" class=\"yoast-schema-graph\">{\"@context\":\"https:\/\/schema.org\",\"@graph\":[{\"@type\":\"Article\",\"@id\":\"https:\/\/panoramaciudadano.com\/index.php\/2025\/09\/19\/apertura-ana-paty-peralta-nueva-celda-2-en-la-parcela-175\/#article\",\"isPartOf\":{\"@id\":\"https:\/\/panoramaciudadano.com\/index.php\/2025\/09\/19\/apertura-ana-paty-peralta-nueva-celda-2-en-la-parcela-175\/\"},\"author\":{\"name\":\"admin\",\"@id\":\"https:\/\/panoramaciudadano.com\/#\/schema\/person\/ffe9fe8ef47d3a93977b5761fd9e0d96\"},\"headline\":\"APERTURA ANA PATY PERALTA NUEVA CELDA 2 EN LA PARCELA 175\",\"datePublished\":\"2025-09-19T16:02:00+00:00\",\"dateModified\":\"2025-09-19T16:02:02+00:00\",\"mainEntityOfPage\":{\"@id\":\"https:\/\/panoramaciudadano.com\/index.php\/2025\/09\/19\/apertura-ana-paty-peralta-nueva-celda-2-en-la-parcela-175\/\"},\"wordCount\":323,\"commentCount\":0,\"publisher\":{\"@id\":\"https:\/\/panoramaciudadano.com\/#organization\"},\"image\":{\"@id\":\"https:\/\/panoramaciudadano.com\/index.php\/2025\/09\/19\/apertura-ana-paty-peralta-nueva-celda-2-en-la-parcela-175\/#primaryimage\"},\"thumbnailUrl\":\"https:\/\/panoramaciudadano.com\/wp-content\/uploads\/2025\/09\/WhatsApp-Image-2025-09-19-at-10.36.20-3.jpeg\",\"keywords\":[\"Ana Paty Peralta\"],\"articleSection\":[\"Canc\u00fan\"],\"inLanguage\":\"es\",\"potentialAction\":[{\"@type\":\"CommentAction\",\"name\":\"Comment\",\"target\":[\"https:\/\/panoramaciudadano.com\/index.php\/2025\/09\/19\/apertura-ana-paty-peralta-nueva-celda-2-en-la-parcela-175\/#respond\"]}]},{\"@type\":\"WebPage\",\"@id\":\"https:\/\/panoramaciudadano.com\/index.php\/2025\/09\/19\/apertura-ana-paty-peralta-nueva-celda-2-en-la-parcela-175\/\",\"url\":\"https:\/\/panoramaciudadano.com\/index.php\/2025\/09\/19\/apertura-ana-paty-peralta-nueva-celda-2-en-la-parcela-175\/\",\"name\":\"APERTURA ANA PATY PERALTA NUEVA CELDA 2 EN LA PARCELA 175 - Panorama Ciudadano\",\"isPartOf\":{\"@id\":\"https:\/\/panoramaciudadano.com\/#website\"},\"primaryImageOfPage\":{\"@id\":\"https:\/\/panoramaciudadano.com\/index.php\/2025\/09\/19\/apertura-ana-paty-peralta-nueva-celda-2-en-la-parcela-175\/#primaryimage\"},\"image\":{\"@id\":\"https:\/\/panoramaciudadano.com\/index.php\/2025\/09\/19\/apertura-ana-paty-peralta-nueva-celda-2-en-la-parcela-175\/#primaryimage\"},\"thumbnailUrl\":\"https:\/\/panoramaciudadano.com\/wp-content\/uploads\/2025\/09\/WhatsApp-Image-2025-09-19-at-10.36.20-3.jpeg\",\"datePublished\":\"2025-09-19T16:02:00+00:00\",\"dateModified\":\"2025-09-19T16:02:02+00:00\",\"breadcrumb\":{\"@id\":\"https:\/\/panoramaciudadano.com\/index.php\/2025\/09\/19\/apertura-ana-paty-peralta-nueva-celda-2-en-la-parcela-175\/#breadcrumb\"},\"inLanguage\":\"es\",\"potentialAction\":[{\"@type\":\"ReadAction\",\"target\":[\"https:\/\/panoramaciudadano.com\/index.php\/2025\/09\/19\/apertura-ana-paty-peralta-nueva-celda-2-en-la-parcela-175\/\"]}]},{\"@type\":\"ImageObject\",\"inLanguage\":\"es\",\"@id\":\"https:\/\/panoramaciudadano.com\/index.php\/2025\/09\/19\/apertura-ana-paty-peralta-nueva-celda-2-en-la-parcela-175\/#primaryimage\",\"url\":\"https:\/\/panoramaciudadano.com\/wp-content\/uploads\/2025\/09\/WhatsApp-Image-2025-09-19-at-10.36.20-3.jpeg\",\"contentUrl\":\"https:\/\/panoramaciudadano.com\/wp-content\/uploads\/2025\/09\/WhatsApp-Image-2025-09-19-at-10.36.20-3.jpeg\",\"width\":2560,\"height\":1782},{\"@type\":\"BreadcrumbList\",\"@id\":\"https:\/\/panoramaciudadano.com\/index.php\/2025\/09\/19\/apertura-ana-paty-peralta-nueva-celda-2-en-la-parcela-175\/#breadcrumb\",\"itemListElement\":[{\"@type\":\"ListItem\",\"position\":1,\"name\":\"Portada\",\"item\":\"https:\/\/panoramaciudadano.com\/\"},{\"@type\":\"ListItem\",\"position\":2,\"name\":\"APERTURA ANA PATY PERALTA NUEVA CELDA 2 EN LA PARCELA 175\"}]},{\"@type\":\"WebSite\",\"@id\":\"https:\/\/panoramaciudadano.com\/#website\",\"url\":\"https:\/\/panoramaciudadano.com\/\",\"name\":\"Panorama Ciudadano\",\"description\":\"\",\"publisher\":{\"@id\":\"https:\/\/panoramaciudadano.com\/#organization\"},\"potentialAction\":[{\"@type\":\"SearchAction\",\"target\":{\"@type\":\"EntryPoint\",\"urlTemplate\":\"https:\/\/panoramaciudadano.com\/?s={search_term_string}\"},\"query-input\":{\"@type\":\"PropertyValueSpecification\",\"valueRequired\":true,\"valueName\":\"search_term_string\"}}],\"inLanguage\":\"es\"},{\"@type\":\"Organization\",\"@id\":\"https:\/\/panoramaciudadano.com\/#organization\",\"name\":\"Panorama Ciudadano\",\"url\":\"https:\/\/panoramaciudadano.com\/\",\"logo\":{\"@type\":\"ImageObject\",\"inLanguage\":\"es\",\"@id\":\"https:\/\/panoramaciudadano.com\/#\/schema\/logo\/image\/\",\"url\":\"https:\/\/panoramaciudadano.com\/wp-content\/uploads\/2024\/05\/401498640_919267042938564_6290593609399108733_n.jpg\",\"contentUrl\":\"https:\/\/panoramaciudadano.com\/wp-content\/uploads\/2024\/05\/401498640_919267042938564_6290593609399108733_n.jpg\",\"width\":960,\"height\":957,\"caption\":\"Panorama Ciudadano\"},\"image\":{\"@id\":\"https:\/\/panoramaciudadano.com\/#\/schema\/logo\/image\/\"},\"sameAs\":[\"https:\/\/www.facebook.com\/panoramaciudadano\"]},{\"@type\":\"Person\",\"@id\":\"https:\/\/panoramaciudadano.com\/#\/schema\/person\/ffe9fe8ef47d3a93977b5761fd9e0d96\",\"name\":\"admin\",\"image\":{\"@type\":\"ImageObject\",\"inLanguage\":\"es\",\"@id\":\"https:\/\/panoramaciudadano.com\/#\/schema\/person\/image\/\",\"url\":\"https:\/\/secure.gravatar.com\/avatar\/2d5a12cacce3f18096f25fadea8abb7202fef18ed669595589853e84260ff451?s=96&d=mm&r=g\",\"contentUrl\":\"https:\/\/secure.gravatar.com\/avatar\/2d5a12cacce3f18096f25fadea8abb7202fef18ed669595589853e84260ff451?s=96&d=mm&r=g\",\"caption\":\"admin\"},\"sameAs\":[\"https:\/\/panoramaciudadano.com\"],\"url\":\"https:\/\/panoramaciudadano.com\/index.php\/author\/admin_3q6hyqq3\/\"}]}<\/script>\n<!-- \/ Yoast SEO plugin. -->","yoast_head_json":{"title":"APERTURA ANA PATY PERALTA NUEVA CELDA 2 EN LA PARCELA 175 - Panorama Ciudadano","robots":{"index":"index","follow":"follow","max-snippet":"max-snippet:-1","max-image-preview":"max-image-preview:large","max-video-preview":"max-video-preview:-1"},"canonical":"https:\/\/panoramaciudadano.com\/index.php\/2025\/09\/19\/apertura-ana-paty-peralta-nueva-celda-2-en-la-parcela-175\/","og_locale":"es_ES","og_type":"article","og_title":"APERTURA ANA PATY PERALTA NUEVA CELDA 2 EN LA PARCELA 175 - Panorama Ciudadano","og_description":"Como parte del compromiso del Ayuntamiento de Benito Ju\u00e1rez con la protecci\u00f3n del medio ambiente, la salud p\u00fablica y la construcci\u00f3n de una ciudad m\u00e1s ordenada y sustentable, la Presidenta Municipal, Ana Paty Peralta, inaugur\u00f3 la Celda 2 del sitio de disposici\u00f3n final de la Parcela 175, un sistema que representa una soluci\u00f3n inmediata a las necesidades de destino final de la basura.","og_url":"https:\/\/panoramaciudadano.com\/index.php\/2025\/09\/19\/apertura-ana-paty-peralta-nueva-celda-2-en-la-parcela-175\/","og_site_name":"Panorama Ciudadano","article_publisher":"https:\/\/www.facebook.com\/panoramaciudadano","article_published_time":"2025-09-19T16:02:00+00:00","article_modified_time":"2025-09-19T16:02:02+00:00","og_image":[{"width":2560,"height":1782,"url":"https:\/\/panoramaciudadano.com\/wp-content\/uploads\/2025\/09\/WhatsApp-Image-2025-09-19-at-10.36.20-3.jpeg","type":"image\/jpeg"}],"author":"admin","twitter_card":"summary_large_image","twitter_misc":{"Escrito por":"admin","Tiempo de lectura":"3 minutos"},"schema":{"@context":"https:\/\/schema.org","@graph":[{"@type":"Article","@id":"https:\/\/panoramaciudadano.com\/index.php\/2025\/09\/19\/apertura-ana-paty-peralta-nueva-celda-2-en-la-parcela-175\/#article","isPartOf":{"@id":"https:\/\/panoramaciudadano.com\/index.php\/2025\/09\/19\/apertura-ana-paty-peralta-nueva-celda-2-en-la-parcela-175\/"},"author":{"name":"admin","@id":"https:\/\/panoramaciudadano.com\/#\/schema\/person\/ffe9fe8ef47d3a93977b5761fd9e0d96"},"headline":"APERTURA ANA PATY PERALTA NUEVA CELDA 2 EN LA PARCELA 175","datePublished":"2025-09-19T16:02:00+00:00","dateModified":"2025-09-19T16:02:02+00:00","mainEntityOfPage":{"@id":"https:\/\/panoramaciudadano.com\/index.php\/2025\/09\/19\/apertura-ana-paty-peralta-nueva-celda-2-en-la-parcela-175\/"},"wordCount":323,"commentCount":0,"publisher":{"@id":"https:\/\/panoramaciudadano.com\/#organization"},"image":{"@id":"https:\/\/panoramaciudadano.com\/index.php\/2025\/09\/19\/apertura-ana-paty-peralta-nueva-celda-2-en-la-parcela-175\/#primaryimage"},"thumbnailUrl":"https:\/\/panoramaciudadano.com\/wp-content\/uploads\/2025\/09\/WhatsApp-Image-2025-09-19-at-10.36.20-3.jpeg","keywords":["Ana Paty Peralta"],"articleSection":["Canc\u00fan"],"inLanguage":"es","potentialAction":[{"@type":"CommentAction","name":"Comment","target":["https:\/\/panoramaciudadano.com\/index.php\/2025\/09\/19\/apertura-ana-paty-peralta-nueva-celda-2-en-la-parcela-175\/#respond"]}]},{"@type":"WebPage","@id":"https:\/\/panoramaciudadano.com\/index.php\/2025\/09\/19\/apertura-ana-paty-peralta-nueva-celda-2-en-la-parcela-175\/","url":"https:\/\/panoramaciudadano.com\/index.php\/2025\/09\/19\/apertura-ana-paty-peralta-nueva-celda-2-en-la-parcela-175\/","name":"APERTURA ANA PATY PERALTA NUEVA CELDA 2 EN LA PARCELA 175 - Panorama Ciudadano","isPartOf":{"@id":"https:\/\/panoramaciudadano.com\/#website"},"primaryImageOfPage":{"@id":"https:\/\/panoramaciudadano.com\/index.php\/2025\/09\/19\/apertura-ana-paty-peralta-nueva-celda-2-en-la-parcela-175\/#primaryimage"},"image":{"@id":"https:\/\/panoramaciudadano.com\/index.php\/2025\/09\/19\/apertura-ana-paty-peralta-nueva-celda-2-en-la-parcela-175\/#primaryimage"},"thumbnailUrl":"https:\/\/panoramaciudadano.com\/wp-content\/uploads\/2025\/09\/WhatsApp-Image-2025-09-19-at-10.36.20-3.jpeg","datePublished":"2025-09-19T16:02:00+00:00","dateModified":"2025-09-19T16:02:02+00:00","breadcrumb":{"@id":"https:\/\/panoramaciudadano.com\/index.php\/2025\/09\/19\/apertura-ana-paty-peralta-nueva-celda-2-en-la-parcela-175\/#breadcrumb"},"inLanguage":"es","potentialAction":[{"@type":"ReadAction","target":["https:\/\/panoramaciudadano.com\/index.php\/2025\/09\/19\/apertura-ana-paty-peralta-nueva-celda-2-en-la-parcela-175\/"]}]},{"@type":"ImageObject","inLanguage":"es","@id":"https:\/\/panoramaciudadano.com\/index.php\/2025\/09\/19\/apertura-ana-paty-peralta-nueva-celda-2-en-la-parcela-175\/#primaryimage","url":"https:\/\/panoramaciudadano.com\/wp-content\/uploads\/2025\/09\/WhatsApp-Image-2025-09-19-at-10.36.20-3.jpeg","contentUrl":"https:\/\/panoramaciudadano.com\/wp-content\/uploads\/2025\/09\/WhatsApp-Image-2025-09-19-at-10.36.20-3.jpeg","width":2560,"height":1782},{"@type":"BreadcrumbList","@id":"https:\/\/panoramaciudadano.com\/index.php\/2025\/09\/19\/apertura-ana-paty-peralta-nueva-celda-2-en-la-parcela-175\/#breadcrumb","itemListElement":[{"@type":"ListItem","position":1,"name":"Portada","item":"https:\/\/panoramaciudadano.com\/"},{"@type":"ListItem","position":2,"name":"APERTURA ANA PATY PERALTA NUEVA CELDA 2 EN LA PARCELA 175"}]},{"@type":"WebSite","@id":"https:\/\/panoramaciudadano.com\/#website","url":"https:\/\/panoramaciudadano.com\/","name":"Panorama Ciudadano","description":"","publisher":{"@id":"https:\/\/panoramaciudadano.com\/#organization"},"potentialAction":[{"@type":"SearchAction","target":{"@type":"EntryPoint","urlTemplate":"https:\/\/panoramaciudadano.com\/?s={search_term_string}"},"query-input":{"@type":"PropertyValueSpecification","valueRequired":true,"valueName":"search_term_string"}}],"inLanguage":"es"},{"@type":"Organization","@id":"https:\/\/panoramaciudadano.com\/#organization","name":"Panorama Ciudadano","url":"https:\/\/panoramaciudadano.com\/","logo":{"@type":"ImageObject","inLanguage":"es","@id":"https:\/\/panoramaciudadano.com\/#\/schema\/logo\/image\/","url":"https:\/\/panoramaciudadano.com\/wp-content\/uploads\/2024\/05\/401498640_919267042938564_6290593609399108733_n.jpg","contentUrl":"https:\/\/panoramaciudadano.com\/wp-content\/uploads\/2024\/05\/401498640_919267042938564_6290593609399108733_n.jpg","width":960,"height":957,"caption":"Panorama Ciudadano"},"image":{"@id":"https:\/\/panoramaciudadano.com\/#\/schema\/logo\/image\/"},"sameAs":["https:\/\/www.facebook.com\/panoramaciudadano"]},{"@type":"Person","@id":"https:\/\/panoramaciudadano.com\/#\/schema\/person\/ffe9fe8ef47d3a93977b5761fd9e0d96","name":"admin","image":{"@type":"ImageObject","inLanguage":"es","@id":"https:\/\/panoramaciudadano.com\/#\/schema\/person\/image\/","url":"https:\/\/secure.gravatar.com\/avatar\/2d5a12cacce3f18096f25fadea8abb7202fef18ed669595589853e84260ff451?s=96&d=mm&r=g","contentUrl":"https:\/\/secure.gravatar.com\/avatar\/2d5a12cacce3f18096f25fadea8abb7202fef18ed669595589853e84260ff451?s=96&d=mm&r=g","caption":"admin"},"sameAs":["https:\/\/panoramaciudadano.com"],"url":"https:\/\/panoramaciudadano.com\/index.php\/author\/admin_3q6hyqq3\/"}]}},"_links":{"self":[{"href":"https:\/\/panoramaciudadano.com\/index.php\/wp-json\/wp\/v2\/posts\/21988","targetHints":{"allow":["GET"]}}],"collection":[{"href":"https:\/\/panoramaciudadano.com\/index.php\/wp-json\/wp\/v2\/posts"}],"about":[{"href":"https:\/\/panoramaciudadano.com\/index.php\/wp-json\/wp\/v2\/types\/post"}],"author":[{"embeddable":true,"href":"https:\/\/panoramaciudadano.com\/index.php\/wp-json\/wp\/v2\/users\/1"}],"replies":[{"embeddable":true,"href":"https:\/\/panoramaciudadano.com\/index.php\/wp-json\/wp\/v2\/comments?post=21988"}],"version-history":[{"count":1,"href":"https:\/\/panoramaciudadano.com\/index.php\/wp-json\/wp\/v2\/posts\/21988\/revisions"}],"predecessor-version":[{"id":21996,"href":"https:\/\/panoramaciudadano.com\/index.php\/wp-json\/wp\/v2\/posts\/21988\/revisions\/21996"}],"wp:featuredmedia":[{"embeddable":true,"href":"https:\/\/panoramaciudadano.com\/index.php\/wp-json\/wp\/v2\/media\/21993"}],"wp:attachment":[{"href":"https:\/\/panoramaciudadano.com\/index.php\/wp-json\/wp\/v2\/media?parent=21988"}],"wp:term":[{"taxonomy":"category","embeddable":true,"href":"https:\/\/panoramaciudadano.com\/index.php\/wp-json\/wp\/v2\/categories?post=21988"},{"taxonomy":"post_tag","embeddable":true,"href":"https:\/\/panoramaciudadano.com\/index.php\/wp-json\/wp\/v2\/tags?post=21988"}],"curies":[{"name":"wp","href":"https:\/\/api.w.org\/{rel}","templated":true}]}}