{"id":22000,"date":"2025-09-20T09:34:00","date_gmt":"2025-09-20T14:34:00","guid":{"rendered":"https:\/\/panoramaciudadano.com\/?p=22000"},"modified":"2025-09-22T09:37:10","modified_gmt":"2025-09-22T14:37:10","slug":"fortalece-dif-benito-juarez-bienestar-de-las-familias","status":"publish","type":"post","link":"https:\/\/panoramaciudadano.com\/index.php\/2025\/09\/20\/fortalece-dif-benito-juarez-bienestar-de-las-familias\/","title":{"rendered":"FORTALECE DIF BENITO JU\u00c1REZ BIENESTAR DE LAS FAMILIAS"},"content":{"rendered":"\n<figure class=\"wp-block-gallery has-nested-images columns-default is-cropped wp-block-gallery-1 is-layout-flex wp-block-gallery-is-layout-flex\">\n<figure class=\"wp-block-image size-large\"><img decoding=\"async\" width=\"1024\" height=\"682\" data-id=\"22006\" src=\"https:\/\/panoramaciudadano.com\/wp-content\/uploads\/2025\/09\/WhatsApp-Image-2025-09-20-at-12.23.09-1-1024x682.jpeg\" alt=\"\" class=\"wp-image-22006\" srcset=\"https:\/\/panoramaciudadano.com\/wp-content\/uploads\/2025\/09\/WhatsApp-Image-2025-09-20-at-12.23.09-1-1024x682.jpeg 1024w, https:\/\/panoramaciudadano.com\/wp-content\/uploads\/2025\/09\/WhatsApp-Image-2025-09-20-at-12.23.09-1-300x200.jpeg 300w, https:\/\/panoramaciudadano.com\/wp-content\/uploads\/2025\/09\/WhatsApp-Image-2025-09-20-at-12.23.09-1-768x512.jpeg 768w, https:\/\/panoramaciudadano.com\/wp-content\/uploads\/2025\/09\/WhatsApp-Image-2025-09-20-at-12.23.09-1.jpeg 1280w\" sizes=\"(max-width: 1024px) 100vw, 1024px\" \/><\/figure>\n\n\n\n<figure class=\"wp-block-image size-large\"><img decoding=\"async\" width=\"1024\" height=\"682\" data-id=\"22003\" src=\"https:\/\/panoramaciudadano.com\/wp-content\/uploads\/2025\/09\/WhatsApp-Image-2025-09-20-at-12.23.09-1024x682.jpeg\" alt=\"\" class=\"wp-image-22003\" srcset=\"https:\/\/panoramaciudadano.com\/wp-content\/uploads\/2025\/09\/WhatsApp-Image-2025-09-20-at-12.23.09-1024x682.jpeg 1024w, https:\/\/panoramaciudadano.com\/wp-content\/uploads\/2025\/09\/WhatsApp-Image-2025-09-20-at-12.23.09-300x200.jpeg 300w, https:\/\/panoramaciudadano.com\/wp-content\/uploads\/2025\/09\/WhatsApp-Image-2025-09-20-at-12.23.09-768x512.jpeg 768w, https:\/\/panoramaciudadano.com\/wp-content\/uploads\/2025\/09\/WhatsApp-Image-2025-09-20-at-12.23.09.jpeg 1280w\" sizes=\"(max-width: 1024px) 100vw, 1024px\" \/><\/figure>\n\n\n\n<figure class=\"wp-block-image size-large\"><img decoding=\"async\" width=\"1024\" height=\"682\" data-id=\"22004\" src=\"https:\/\/panoramaciudadano.com\/wp-content\/uploads\/2025\/09\/WhatsApp-Image-2025-09-20-at-12.23.10-1-1024x682.jpeg\" alt=\"\" class=\"wp-image-22004\" srcset=\"https:\/\/panoramaciudadano.com\/wp-content\/uploads\/2025\/09\/WhatsApp-Image-2025-09-20-at-12.23.10-1-1024x682.jpeg 1024w, https:\/\/panoramaciudadano.com\/wp-content\/uploads\/2025\/09\/WhatsApp-Image-2025-09-20-at-12.23.10-1-300x200.jpeg 300w, https:\/\/panoramaciudadano.com\/wp-content\/uploads\/2025\/09\/WhatsApp-Image-2025-09-20-at-12.23.10-1-768x512.jpeg 768w, https:\/\/panoramaciudadano.com\/wp-content\/uploads\/2025\/09\/WhatsApp-Image-2025-09-20-at-12.23.10-1.jpeg 1280w\" sizes=\"(max-width: 1024px) 100vw, 1024px\" \/><\/figure>\n\n\n\n<figure class=\"wp-block-image size-large\"><img decoding=\"async\" width=\"1024\" height=\"683\" data-id=\"22001\" src=\"https:\/\/panoramaciudadano.com\/wp-content\/uploads\/2025\/09\/WhatsApp-Image-2025-09-20-at-12.23.10-3-1024x683.jpeg\" alt=\"\" class=\"wp-image-22001\" srcset=\"https:\/\/panoramaciudadano.com\/wp-content\/uploads\/2025\/09\/WhatsApp-Image-2025-09-20-at-12.23.10-3-1024x683.jpeg 1024w, https:\/\/panoramaciudadano.com\/wp-content\/uploads\/2025\/09\/WhatsApp-Image-2025-09-20-at-12.23.10-3-300x200.jpeg 300w, https:\/\/panoramaciudadano.com\/wp-content\/uploads\/2025\/09\/WhatsApp-Image-2025-09-20-at-12.23.10-3-768x512.jpeg 768w, https:\/\/panoramaciudadano.com\/wp-content\/uploads\/2025\/09\/WhatsApp-Image-2025-09-20-at-12.23.10-3.jpeg 1280w\" sizes=\"(max-width: 1024px) 100vw, 1024px\" \/><\/figure>\n\n\n\n<figure class=\"wp-block-image size-large\"><img decoding=\"async\" width=\"1024\" height=\"682\" data-id=\"22005\" src=\"https:\/\/panoramaciudadano.com\/wp-content\/uploads\/2025\/09\/WhatsApp-Image-2025-09-20-at-12.23.10-1024x682.jpeg\" alt=\"\" class=\"wp-image-22005\" srcset=\"https:\/\/panoramaciudadano.com\/wp-content\/uploads\/2025\/09\/WhatsApp-Image-2025-09-20-at-12.23.10-1024x682.jpeg 1024w, https:\/\/panoramaciudadano.com\/wp-content\/uploads\/2025\/09\/WhatsApp-Image-2025-09-20-at-12.23.10-300x200.jpeg 300w, https:\/\/panoramaciudadano.com\/wp-content\/uploads\/2025\/09\/WhatsApp-Image-2025-09-20-at-12.23.10-768x512.jpeg 768w, https:\/\/panoramaciudadano.com\/wp-content\/uploads\/2025\/09\/WhatsApp-Image-2025-09-20-at-12.23.10.jpeg 1280w\" sizes=\"(max-width: 1024px) 100vw, 1024px\" \/><\/figure>\n<\/figure>\n\n\n\n<p>Con el fin de promover y fortalecer el tejido social en el municipio, el Sistema del Desarrollo Integral de la Familia (DIF) Benito Ju\u00e1rez, recibi\u00f3 de la iglesia de Jesucristo de los Santos de los \u00daltimos D\u00edas, un donativo de ropa y 303 \u201cMochilas de Emergencia\u201d con art\u00edculos de primera necesidad, para su uso en caso de desastres naturales o alguna otra emergencia cotidiana.<\/p>\n\n\n\n<p>En representaci\u00f3n de la Presidenta Municipal, Ana Paty Peralta; la directora general del Sistema DIF municipal, Marisol Sendo Rodr\u00edguez, agradeci\u00f3 a l\u00edderes locales e internacionales de la Iglesia de Jesucristo de los Santos de los \u00daltimos D\u00edas, su compromiso con el desarrollo y bienestar de la sociedad a trav\u00e9s de proyectos e iniciativas como educaci\u00f3n, salud y asistencia a comunidades en situaci\u00f3n prioritaria.<\/p>\n\n\n\n<p>\u201cEstamos seguros que con este donativo, ofrecemos a las familias benitojuarenses herramientas b\u00e1sicas que pueden hacer la diferencia en momentos cr\u00edticos\u201d, indic\u00f3.<\/p>\n\n\n\n<p>La funcionaria municipal reconoci\u00f3 que \u201cla participaci\u00f3n social como comunidad religiosa, es algo que impacta a nuestra comunidad, ya que es una tarea que hacen constantemente con el fin de beneficiar siempre a los m\u00e1s vulnerables\u201d.<\/p>\n\n\n\n<p>\u201cLo anterior, se centra en la promoci\u00f3n de la dignidad humana y el amor al pr\u00f3jimo fundament\u00e1ndose en la doctrina social de la Iglesia, lo cual agradecemos, ya que tambi\u00e9n por el apoyo de diferentes asociaciones religiosas se logra trabajar en conjunto para poder llegar a los m\u00e1s necesitados\u201d, afirm\u00f3.<\/p>\n\n\n\n<p>Sendo Rodr\u00edguez coment\u00f3 que la Iglesia de Jesucristo de los Santos de los \u00daltimos D\u00edas quien, en conjunto con la direcci\u00f3n Municipal de Asuntos Religiosos y el Voluntariado, realiza actividades comunitarias con el prop\u00f3sito de coadyuvar en la construcci\u00f3n de la paz y del tejido social de esta demarcaci\u00f3n municipal.<\/p>\n\n\n\n<p>La Directora General de la instituci\u00f3n social expres\u00f3 un sincero reconocimiento a Nelson Samuel Ram\u00edrez Herrera, Setenta autoridad de \u00c1rea del Consejo de Coordinaci\u00f3n Canc\u00fan de la Iglesia de Jesucristo de los Santos de los \u00daltimos D\u00edas, por su liderazgo y apoyo constante.<\/p>\n\n\n\n<p>Al clausurar el evento y entregar un reconocimiento a la Iglesia de los Santos de las \u00daltimos D\u00edas expres\u00f3: \u201cConfirmamos que cuando sociedad, instituciones y comunidad trabajamos juntos, podemos construir un municipio m\u00e1s seguro, m\u00e1s fuerte y m\u00e1s unido\u201d.<\/p>\n\n\n\n<p>Cabe mencionar que las mochilas contienen: Una manta t\u00e9rmica, cepillo dental, pasta dental, jab\u00f3n corporal en barra, toallas sanitarias, papel higi\u00e9nico, shampoo tipo muestra, botiqu\u00edn b\u00e1sico, bolsa de pl\u00e1sticos para documentos, encendedor, silbato, cubrebocas, cinta maskin tape y lapiceros; y cuenta con un plan familiar de emergencia.<\/p>\n\n\n\n<p>Previo al evento la Directora General de la instituci\u00f3n social y los l\u00edderes de la Iglesia de los Santos de los \u00daltimos D\u00edas, realizaron un recorrido por algunas \u00e1reas del Sistema DIF BJ como la nueva recepci\u00f3n y la Casa Transitoria \u201cGrandes Corazones\u201d entre otras.<\/p>\n\n\n\n<p>Al evento acudieron la directora Municipal de Asuntos Religiosos, Yendi Gabriela Martin Canche, la regidora Miriam Morales V\u00e1zquez, presidenta de la Comisi\u00f3n de Desarrollo Familiar, Grupos Vulnerables, Asuntos Ind\u00edgenas y Afromexicano y el regidor Marcos Basilio Sald\u00edvar, Presidente de la Comisi\u00f3n de Bienestar, Participaci\u00f3n Ciudadana y Derechos Humanos entre otras autoridades.<\/p>\n\n\n\n<hr class=\"wp-block-separator has-alpha-channel-opacity\"\/>\n","protected":false},"excerpt":{"rendered":"<p>Con el fin de promover y fortalecer el tejido social en el municipio, el Sistema del Desarrollo Integral de la Familia (DIF) Benito Ju\u00e1rez, recibi\u00f3 de la iglesia de Jesucristo de los Santos de los \u00daltimos D\u00edas, un donativo de ropa y 303 \u201cMochilas de Emergencia\u201d con art\u00edculos de primera necesidad, para su uso en caso de desastres naturales o alguna otra emergencia cotidiana.<\/p>\n","protected":false},"author":1,"featured_media":22002,"comment_status":"open","ping_status":"closed","sticky":false,"template":"","format":"standard","meta":{"footnotes":""},"categories":[6],"tags":[684],"class_list":["post-22000","post","type-post","status-publish","format-standard","has-post-thumbnail","hentry","category-cancun","tag-dif-benito-juarez"],"yoast_head":"<!-- This site is optimized with the Yoast SEO plugin v27.1.1 - https:\/\/yoast.com\/product\/yoast-seo-wordpress\/ -->\n<title>FORTALECE DIF BENITO JU\u00c1REZ BIENESTAR DE LAS FAMILIAS - Panorama Ciudadano<\/title>\n<meta name=\"robots\" content=\"index, follow, max-snippet:-1, max-image-preview:large, max-video-preview:-1\" \/>\n<link rel=\"canonical\" href=\"https:\/\/panoramaciudadano.com\/index.php\/2025\/09\/20\/fortalece-dif-benito-juarez-bienestar-de-las-familias\/\" \/>\n<meta property=\"og:locale\" content=\"es_ES\" \/>\n<meta property=\"og:type\" content=\"article\" \/>\n<meta property=\"og:title\" content=\"FORTALECE DIF BENITO JU\u00c1REZ BIENESTAR DE LAS FAMILIAS - Panorama Ciudadano\" \/>\n<meta property=\"og:description\" content=\"Con el fin de promover y fortalecer el tejido social en el municipio, el Sistema del Desarrollo Integral de la Familia (DIF) Benito Ju\u00e1rez, recibi\u00f3 de la iglesia de Jesucristo de los Santos de los \u00daltimos D\u00edas, un donativo de ropa y 303 \u201cMochilas de Emergencia\u201d con art\u00edculos de primera necesidad, para su uso en caso de desastres naturales o alguna otra emergencia cotidiana.\" \/>\n<meta property=\"og:url\" content=\"https:\/\/panoramaciudadano.com\/index.php\/2025\/09\/20\/fortalece-dif-benito-juarez-bienestar-de-las-familias\/\" \/>\n<meta property=\"og:site_name\" content=\"Panorama Ciudadano\" \/>\n<meta property=\"article:publisher\" content=\"https:\/\/www.facebook.com\/panoramaciudadano\" \/>\n<meta property=\"article:published_time\" content=\"2025-09-20T14:34:00+00:00\" \/>\n<meta property=\"article:modified_time\" content=\"2025-09-22T14:37:10+00:00\" \/>\n<meta property=\"og:image\" content=\"https:\/\/panoramaciudadano.com\/wp-content\/uploads\/2025\/09\/WhatsApp-Image-2025-09-20-at-12.23.10-2.jpeg\" \/>\n\t<meta property=\"og:image:width\" content=\"1280\" \/>\n\t<meta property=\"og:image:height\" content=\"853\" \/>\n\t<meta property=\"og:image:type\" content=\"image\/jpeg\" \/>\n<meta name=\"author\" content=\"admin\" \/>\n<meta name=\"twitter:card\" content=\"summary_large_image\" \/>\n<meta name=\"twitter:label1\" content=\"Escrito por\" \/>\n\t<meta name=\"twitter:data1\" content=\"admin\" \/>\n\t<meta name=\"twitter:label2\" content=\"Tiempo de lectura\" \/>\n\t<meta name=\"twitter:data2\" content=\"4 minutos\" \/>\n<script type=\"application\/ld+json\" class=\"yoast-schema-graph\">{\"@context\":\"https:\/\/schema.org\",\"@graph\":[{\"@type\":\"Article\",\"@id\":\"https:\/\/panoramaciudadano.com\/index.php\/2025\/09\/20\/fortalece-dif-benito-juarez-bienestar-de-las-familias\/#article\",\"isPartOf\":{\"@id\":\"https:\/\/panoramaciudadano.com\/index.php\/2025\/09\/20\/fortalece-dif-benito-juarez-bienestar-de-las-familias\/\"},\"author\":{\"name\":\"admin\",\"@id\":\"https:\/\/panoramaciudadano.com\/#\/schema\/person\/ffe9fe8ef47d3a93977b5761fd9e0d96\"},\"headline\":\"FORTALECE DIF BENITO JU\u00c1REZ BIENESTAR DE LAS FAMILIAS\",\"datePublished\":\"2025-09-20T14:34:00+00:00\",\"dateModified\":\"2025-09-22T14:37:10+00:00\",\"mainEntityOfPage\":{\"@id\":\"https:\/\/panoramaciudadano.com\/index.php\/2025\/09\/20\/fortalece-dif-benito-juarez-bienestar-de-las-familias\/\"},\"wordCount\":568,\"commentCount\":0,\"publisher\":{\"@id\":\"https:\/\/panoramaciudadano.com\/#organization\"},\"image\":{\"@id\":\"https:\/\/panoramaciudadano.com\/index.php\/2025\/09\/20\/fortalece-dif-benito-juarez-bienestar-de-las-familias\/#primaryimage\"},\"thumbnailUrl\":\"https:\/\/panoramaciudadano.com\/wp-content\/uploads\/2025\/09\/WhatsApp-Image-2025-09-20-at-12.23.10-2.jpeg\",\"keywords\":[\"DIF Benito Ju\u00e1rez\"],\"articleSection\":[\"Canc\u00fan\"],\"inLanguage\":\"es\",\"potentialAction\":[{\"@type\":\"CommentAction\",\"name\":\"Comment\",\"target\":[\"https:\/\/panoramaciudadano.com\/index.php\/2025\/09\/20\/fortalece-dif-benito-juarez-bienestar-de-las-familias\/#respond\"]}]},{\"@type\":\"WebPage\",\"@id\":\"https:\/\/panoramaciudadano.com\/index.php\/2025\/09\/20\/fortalece-dif-benito-juarez-bienestar-de-las-familias\/\",\"url\":\"https:\/\/panoramaciudadano.com\/index.php\/2025\/09\/20\/fortalece-dif-benito-juarez-bienestar-de-las-familias\/\",\"name\":\"FORTALECE DIF BENITO JU\u00c1REZ BIENESTAR DE LAS FAMILIAS - Panorama Ciudadano\",\"isPartOf\":{\"@id\":\"https:\/\/panoramaciudadano.com\/#website\"},\"primaryImageOfPage\":{\"@id\":\"https:\/\/panoramaciudadano.com\/index.php\/2025\/09\/20\/fortalece-dif-benito-juarez-bienestar-de-las-familias\/#primaryimage\"},\"image\":{\"@id\":\"https:\/\/panoramaciudadano.com\/index.php\/2025\/09\/20\/fortalece-dif-benito-juarez-bienestar-de-las-familias\/#primaryimage\"},\"thumbnailUrl\":\"https:\/\/panoramaciudadano.com\/wp-content\/uploads\/2025\/09\/WhatsApp-Image-2025-09-20-at-12.23.10-2.jpeg\",\"datePublished\":\"2025-09-20T14:34:00+00:00\",\"dateModified\":\"2025-09-22T14:37:10+00:00\",\"breadcrumb\":{\"@id\":\"https:\/\/panoramaciudadano.com\/index.php\/2025\/09\/20\/fortalece-dif-benito-juarez-bienestar-de-las-familias\/#breadcrumb\"},\"inLanguage\":\"es\",\"potentialAction\":[{\"@type\":\"ReadAction\",\"target\":[\"https:\/\/panoramaciudadano.com\/index.php\/2025\/09\/20\/fortalece-dif-benito-juarez-bienestar-de-las-familias\/\"]}]},{\"@type\":\"ImageObject\",\"inLanguage\":\"es\",\"@id\":\"https:\/\/panoramaciudadano.com\/index.php\/2025\/09\/20\/fortalece-dif-benito-juarez-bienestar-de-las-familias\/#primaryimage\",\"url\":\"https:\/\/panoramaciudadano.com\/wp-content\/uploads\/2025\/09\/WhatsApp-Image-2025-09-20-at-12.23.10-2.jpeg\",\"contentUrl\":\"https:\/\/panoramaciudadano.com\/wp-content\/uploads\/2025\/09\/WhatsApp-Image-2025-09-20-at-12.23.10-2.jpeg\",\"width\":1280,\"height\":853},{\"@type\":\"BreadcrumbList\",\"@id\":\"https:\/\/panoramaciudadano.com\/index.php\/2025\/09\/20\/fortalece-dif-benito-juarez-bienestar-de-las-familias\/#breadcrumb\",\"itemListElement\":[{\"@type\":\"ListItem\",\"position\":1,\"name\":\"Portada\",\"item\":\"https:\/\/panoramaciudadano.com\/\"},{\"@type\":\"ListItem\",\"position\":2,\"name\":\"FORTALECE DIF BENITO JU\u00c1REZ BIENESTAR DE LAS FAMILIAS\"}]},{\"@type\":\"WebSite\",\"@id\":\"https:\/\/panoramaciudadano.com\/#website\",\"url\":\"https:\/\/panoramaciudadano.com\/\",\"name\":\"Panorama Ciudadano\",\"description\":\"\",\"publisher\":{\"@id\":\"https:\/\/panoramaciudadano.com\/#organization\"},\"potentialAction\":[{\"@type\":\"SearchAction\",\"target\":{\"@type\":\"EntryPoint\",\"urlTemplate\":\"https:\/\/panoramaciudadano.com\/?s={search_term_string}\"},\"query-input\":{\"@type\":\"PropertyValueSpecification\",\"valueRequired\":true,\"valueName\":\"search_term_string\"}}],\"inLanguage\":\"es\"},{\"@type\":\"Organization\",\"@id\":\"https:\/\/panoramaciudadano.com\/#organization\",\"name\":\"Panorama Ciudadano\",\"url\":\"https:\/\/panoramaciudadano.com\/\",\"logo\":{\"@type\":\"ImageObject\",\"inLanguage\":\"es\",\"@id\":\"https:\/\/panoramaciudadano.com\/#\/schema\/logo\/image\/\",\"url\":\"https:\/\/panoramaciudadano.com\/wp-content\/uploads\/2024\/05\/401498640_919267042938564_6290593609399108733_n.jpg\",\"contentUrl\":\"https:\/\/panoramaciudadano.com\/wp-content\/uploads\/2024\/05\/401498640_919267042938564_6290593609399108733_n.jpg\",\"width\":960,\"height\":957,\"caption\":\"Panorama Ciudadano\"},\"image\":{\"@id\":\"https:\/\/panoramaciudadano.com\/#\/schema\/logo\/image\/\"},\"sameAs\":[\"https:\/\/www.facebook.com\/panoramaciudadano\"]},{\"@type\":\"Person\",\"@id\":\"https:\/\/panoramaciudadano.com\/#\/schema\/person\/ffe9fe8ef47d3a93977b5761fd9e0d96\",\"name\":\"admin\",\"image\":{\"@type\":\"ImageObject\",\"inLanguage\":\"es\",\"@id\":\"https:\/\/panoramaciudadano.com\/#\/schema\/person\/image\/\",\"url\":\"https:\/\/secure.gravatar.com\/avatar\/2d5a12cacce3f18096f25fadea8abb7202fef18ed669595589853e84260ff451?s=96&d=mm&r=g\",\"contentUrl\":\"https:\/\/secure.gravatar.com\/avatar\/2d5a12cacce3f18096f25fadea8abb7202fef18ed669595589853e84260ff451?s=96&d=mm&r=g\",\"caption\":\"admin\"},\"sameAs\":[\"https:\/\/panoramaciudadano.com\"],\"url\":\"https:\/\/panoramaciudadano.com\/index.php\/author\/admin_3q6hyqq3\/\"}]}<\/script>\n<!-- \/ Yoast SEO plugin. -->","yoast_head_json":{"title":"FORTALECE DIF BENITO JU\u00c1REZ BIENESTAR DE LAS FAMILIAS - Panorama Ciudadano","robots":{"index":"index","follow":"follow","max-snippet":"max-snippet:-1","max-image-preview":"max-image-preview:large","max-video-preview":"max-video-preview:-1"},"canonical":"https:\/\/panoramaciudadano.com\/index.php\/2025\/09\/20\/fortalece-dif-benito-juarez-bienestar-de-las-familias\/","og_locale":"es_ES","og_type":"article","og_title":"FORTALECE DIF BENITO JU\u00c1REZ BIENESTAR DE LAS FAMILIAS - Panorama Ciudadano","og_description":"Con el fin de promover y fortalecer el tejido social en el municipio, el Sistema del Desarrollo Integral de la Familia (DIF) Benito Ju\u00e1rez, recibi\u00f3 de la iglesia de Jesucristo de los Santos de los \u00daltimos D\u00edas, un donativo de ropa y 303 \u201cMochilas de Emergencia\u201d con art\u00edculos de primera necesidad, para su uso en caso de desastres naturales o alguna otra emergencia cotidiana.","og_url":"https:\/\/panoramaciudadano.com\/index.php\/2025\/09\/20\/fortalece-dif-benito-juarez-bienestar-de-las-familias\/","og_site_name":"Panorama Ciudadano","article_publisher":"https:\/\/www.facebook.com\/panoramaciudadano","article_published_time":"2025-09-20T14:34:00+00:00","article_modified_time":"2025-09-22T14:37:10+00:00","og_image":[{"width":1280,"height":853,"url":"https:\/\/panoramaciudadano.com\/wp-content\/uploads\/2025\/09\/WhatsApp-Image-2025-09-20-at-12.23.10-2.jpeg","type":"image\/jpeg"}],"author":"admin","twitter_card":"summary_large_image","twitter_misc":{"Escrito por":"admin","Tiempo de lectura":"4 minutos"},"schema":{"@context":"https:\/\/schema.org","@graph":[{"@type":"Article","@id":"https:\/\/panoramaciudadano.com\/index.php\/2025\/09\/20\/fortalece-dif-benito-juarez-bienestar-de-las-familias\/#article","isPartOf":{"@id":"https:\/\/panoramaciudadano.com\/index.php\/2025\/09\/20\/fortalece-dif-benito-juarez-bienestar-de-las-familias\/"},"author":{"name":"admin","@id":"https:\/\/panoramaciudadano.com\/#\/schema\/person\/ffe9fe8ef47d3a93977b5761fd9e0d96"},"headline":"FORTALECE DIF BENITO JU\u00c1REZ BIENESTAR DE LAS FAMILIAS","datePublished":"2025-09-20T14:34:00+00:00","dateModified":"2025-09-22T14:37:10+00:00","mainEntityOfPage":{"@id":"https:\/\/panoramaciudadano.com\/index.php\/2025\/09\/20\/fortalece-dif-benito-juarez-bienestar-de-las-familias\/"},"wordCount":568,"commentCount":0,"publisher":{"@id":"https:\/\/panoramaciudadano.com\/#organization"},"image":{"@id":"https:\/\/panoramaciudadano.com\/index.php\/2025\/09\/20\/fortalece-dif-benito-juarez-bienestar-de-las-familias\/#primaryimage"},"thumbnailUrl":"https:\/\/panoramaciudadano.com\/wp-content\/uploads\/2025\/09\/WhatsApp-Image-2025-09-20-at-12.23.10-2.jpeg","keywords":["DIF Benito Ju\u00e1rez"],"articleSection":["Canc\u00fan"],"inLanguage":"es","potentialAction":[{"@type":"CommentAction","name":"Comment","target":["https:\/\/panoramaciudadano.com\/index.php\/2025\/09\/20\/fortalece-dif-benito-juarez-bienestar-de-las-familias\/#respond"]}]},{"@type":"WebPage","@id":"https:\/\/panoramaciudadano.com\/index.php\/2025\/09\/20\/fortalece-dif-benito-juarez-bienestar-de-las-familias\/","url":"https:\/\/panoramaciudadano.com\/index.php\/2025\/09\/20\/fortalece-dif-benito-juarez-bienestar-de-las-familias\/","name":"FORTALECE DIF BENITO JU\u00c1REZ BIENESTAR DE LAS FAMILIAS - Panorama Ciudadano","isPartOf":{"@id":"https:\/\/panoramaciudadano.com\/#website"},"primaryImageOfPage":{"@id":"https:\/\/panoramaciudadano.com\/index.php\/2025\/09\/20\/fortalece-dif-benito-juarez-bienestar-de-las-familias\/#primaryimage"},"image":{"@id":"https:\/\/panoramaciudadano.com\/index.php\/2025\/09\/20\/fortalece-dif-benito-juarez-bienestar-de-las-familias\/#primaryimage"},"thumbnailUrl":"https:\/\/panoramaciudadano.com\/wp-content\/uploads\/2025\/09\/WhatsApp-Image-2025-09-20-at-12.23.10-2.jpeg","datePublished":"2025-09-20T14:34:00+00:00","dateModified":"2025-09-22T14:37:10+00:00","breadcrumb":{"@id":"https:\/\/panoramaciudadano.com\/index.php\/2025\/09\/20\/fortalece-dif-benito-juarez-bienestar-de-las-familias\/#breadcrumb"},"inLanguage":"es","potentialAction":[{"@type":"ReadAction","target":["https:\/\/panoramaciudadano.com\/index.php\/2025\/09\/20\/fortalece-dif-benito-juarez-bienestar-de-las-familias\/"]}]},{"@type":"ImageObject","inLanguage":"es","@id":"https:\/\/panoramaciudadano.com\/index.php\/2025\/09\/20\/fortalece-dif-benito-juarez-bienestar-de-las-familias\/#primaryimage","url":"https:\/\/panoramaciudadano.com\/wp-content\/uploads\/2025\/09\/WhatsApp-Image-2025-09-20-at-12.23.10-2.jpeg","contentUrl":"https:\/\/panoramaciudadano.com\/wp-content\/uploads\/2025\/09\/WhatsApp-Image-2025-09-20-at-12.23.10-2.jpeg","width":1280,"height":853},{"@type":"BreadcrumbList","@id":"https:\/\/panoramaciudadano.com\/index.php\/2025\/09\/20\/fortalece-dif-benito-juarez-bienestar-de-las-familias\/#breadcrumb","itemListElement":[{"@type":"ListItem","position":1,"name":"Portada","item":"https:\/\/panoramaciudadano.com\/"},{"@type":"ListItem","position":2,"name":"FORTALECE DIF BENITO JU\u00c1REZ BIENESTAR DE LAS FAMILIAS"}]},{"@type":"WebSite","@id":"https:\/\/panoramaciudadano.com\/#website","url":"https:\/\/panoramaciudadano.com\/","name":"Panorama Ciudadano","description":"","publisher":{"@id":"https:\/\/panoramaciudadano.com\/#organization"},"potentialAction":[{"@type":"SearchAction","target":{"@type":"EntryPoint","urlTemplate":"https:\/\/panoramaciudadano.com\/?s={search_term_string}"},"query-input":{"@type":"PropertyValueSpecification","valueRequired":true,"valueName":"search_term_string"}}],"inLanguage":"es"},{"@type":"Organization","@id":"https:\/\/panoramaciudadano.com\/#organization","name":"Panorama Ciudadano","url":"https:\/\/panoramaciudadano.com\/","logo":{"@type":"ImageObject","inLanguage":"es","@id":"https:\/\/panoramaciudadano.com\/#\/schema\/logo\/image\/","url":"https:\/\/panoramaciudadano.com\/wp-content\/uploads\/2024\/05\/401498640_919267042938564_6290593609399108733_n.jpg","contentUrl":"https:\/\/panoramaciudadano.com\/wp-content\/uploads\/2024\/05\/401498640_919267042938564_6290593609399108733_n.jpg","width":960,"height":957,"caption":"Panorama Ciudadano"},"image":{"@id":"https:\/\/panoramaciudadano.com\/#\/schema\/logo\/image\/"},"sameAs":["https:\/\/www.facebook.com\/panoramaciudadano"]},{"@type":"Person","@id":"https:\/\/panoramaciudadano.com\/#\/schema\/person\/ffe9fe8ef47d3a93977b5761fd9e0d96","name":"admin","image":{"@type":"ImageObject","inLanguage":"es","@id":"https:\/\/panoramaciudadano.com\/#\/schema\/person\/image\/","url":"https:\/\/secure.gravatar.com\/avatar\/2d5a12cacce3f18096f25fadea8abb7202fef18ed669595589853e84260ff451?s=96&d=mm&r=g","contentUrl":"https:\/\/secure.gravatar.com\/avatar\/2d5a12cacce3f18096f25fadea8abb7202fef18ed669595589853e84260ff451?s=96&d=mm&r=g","caption":"admin"},"sameAs":["https:\/\/panoramaciudadano.com"],"url":"https:\/\/panoramaciudadano.com\/index.php\/author\/admin_3q6hyqq3\/"}]}},"_links":{"self":[{"href":"https:\/\/panoramaciudadano.com\/index.php\/wp-json\/wp\/v2\/posts\/22000","targetHints":{"allow":["GET"]}}],"collection":[{"href":"https:\/\/panoramaciudadano.com\/index.php\/wp-json\/wp\/v2\/posts"}],"about":[{"href":"https:\/\/panoramaciudadano.com\/index.php\/wp-json\/wp\/v2\/types\/post"}],"author":[{"embeddable":true,"href":"https:\/\/panoramaciudadano.com\/index.php\/wp-json\/wp\/v2\/users\/1"}],"replies":[{"embeddable":true,"href":"https:\/\/panoramaciudadano.com\/index.php\/wp-json\/wp\/v2\/comments?post=22000"}],"version-history":[{"count":1,"href":"https:\/\/panoramaciudadano.com\/index.php\/wp-json\/wp\/v2\/posts\/22000\/revisions"}],"predecessor-version":[{"id":22007,"href":"https:\/\/panoramaciudadano.com\/index.php\/wp-json\/wp\/v2\/posts\/22000\/revisions\/22007"}],"wp:featuredmedia":[{"embeddable":true,"href":"https:\/\/panoramaciudadano.com\/index.php\/wp-json\/wp\/v2\/media\/22002"}],"wp:attachment":[{"href":"https:\/\/panoramaciudadano.com\/index.php\/wp-json\/wp\/v2\/media?parent=22000"}],"wp:term":[{"taxonomy":"category","embeddable":true,"href":"https:\/\/panoramaciudadano.com\/index.php\/wp-json\/wp\/v2\/categories?post=22000"},{"taxonomy":"post_tag","embeddable":true,"href":"https:\/\/panoramaciudadano.com\/index.php\/wp-json\/wp\/v2\/tags?post=22000"}],"curies":[{"name":"wp","href":"https:\/\/api.w.org\/{rel}","templated":true}]}}