{"id":22024,"date":"2025-09-21T09:43:00","date_gmt":"2025-09-21T14:43:00","guid":{"rendered":"https:\/\/panoramaciudadano.com\/?p=22024"},"modified":"2025-09-22T09:44:56","modified_gmt":"2025-09-22T14:44:56","slug":"detienen-a-hombre-armado-en-paseos-del-mar-tras-operativo-conjunto","status":"publish","type":"post","link":"https:\/\/panoramaciudadano.com\/index.php\/2025\/09\/21\/detienen-a-hombre-armado-en-paseos-del-mar-tras-operativo-conjunto\/","title":{"rendered":"Detienen a hombre armado en Paseos del Mar tras operativo conjunto"},"content":{"rendered":"\n<figure class=\"wp-block-gallery has-nested-images columns-default is-cropped wp-block-gallery-1 is-layout-flex wp-block-gallery-is-layout-flex\">\n<figure class=\"wp-block-image size-large\"><img decoding=\"async\" width=\"1024\" height=\"601\" data-id=\"22026\" src=\"https:\/\/panoramaciudadano.com\/wp-content\/uploads\/2025\/09\/2-82-1024x601.jpeg\" alt=\"\" class=\"wp-image-22026\" srcset=\"https:\/\/panoramaciudadano.com\/wp-content\/uploads\/2025\/09\/2-82-1024x601.jpeg 1024w, https:\/\/panoramaciudadano.com\/wp-content\/uploads\/2025\/09\/2-82-300x176.jpeg 300w, https:\/\/panoramaciudadano.com\/wp-content\/uploads\/2025\/09\/2-82-768x451.jpeg 768w, https:\/\/panoramaciudadano.com\/wp-content\/uploads\/2025\/09\/2-82.jpeg 1280w\" sizes=\"(max-width: 1024px) 100vw, 1024px\" \/><\/figure>\n\n\n\n<figure class=\"wp-block-image size-large\"><img decoding=\"async\" width=\"1024\" height=\"714\" data-id=\"22028\" src=\"https:\/\/panoramaciudadano.com\/wp-content\/uploads\/2025\/09\/3-74-1024x714.jpeg\" alt=\"\" class=\"wp-image-22028\" srcset=\"https:\/\/panoramaciudadano.com\/wp-content\/uploads\/2025\/09\/3-74-1024x714.jpeg 1024w, https:\/\/panoramaciudadano.com\/wp-content\/uploads\/2025\/09\/3-74-300x209.jpeg 300w, https:\/\/panoramaciudadano.com\/wp-content\/uploads\/2025\/09\/3-74-768x535.jpeg 768w, https:\/\/panoramaciudadano.com\/wp-content\/uploads\/2025\/09\/3-74.jpeg 1280w\" sizes=\"(max-width: 1024px) 100vw, 1024px\" \/><\/figure>\n\n\n\n<figure class=\"wp-block-image size-large\"><img decoding=\"async\" width=\"1024\" height=\"576\" data-id=\"22027\" src=\"https:\/\/panoramaciudadano.com\/wp-content\/uploads\/2025\/09\/4-50-1024x576.jpeg\" alt=\"\" class=\"wp-image-22027\" srcset=\"https:\/\/panoramaciudadano.com\/wp-content\/uploads\/2025\/09\/4-50-1024x576.jpeg 1024w, https:\/\/panoramaciudadano.com\/wp-content\/uploads\/2025\/09\/4-50-300x169.jpeg 300w, https:\/\/panoramaciudadano.com\/wp-content\/uploads\/2025\/09\/4-50-768x432.jpeg 768w, https:\/\/panoramaciudadano.com\/wp-content\/uploads\/2025\/09\/4-50.jpeg 1280w\" sizes=\"(max-width: 1024px) 100vw, 1024px\" \/><\/figure>\n\n\n\n<figure class=\"wp-block-image size-large\"><img decoding=\"async\" width=\"1024\" height=\"677\" data-id=\"22025\" src=\"https:\/\/panoramaciudadano.com\/wp-content\/uploads\/2025\/09\/WhatsApp-Image-2025-09-21-at-14.16.01-1024x677.jpeg\" alt=\"\" class=\"wp-image-22025\" srcset=\"https:\/\/panoramaciudadano.com\/wp-content\/uploads\/2025\/09\/WhatsApp-Image-2025-09-21-at-14.16.01-1024x677.jpeg 1024w, https:\/\/panoramaciudadano.com\/wp-content\/uploads\/2025\/09\/WhatsApp-Image-2025-09-21-at-14.16.01-300x198.jpeg 300w, https:\/\/panoramaciudadano.com\/wp-content\/uploads\/2025\/09\/WhatsApp-Image-2025-09-21-at-14.16.01-768x508.jpeg 768w, https:\/\/panoramaciudadano.com\/wp-content\/uploads\/2025\/09\/WhatsApp-Image-2025-09-21-at-14.16.01.jpeg 1280w\" sizes=\"(max-width: 1024px) 100vw, 1024px\" \/><\/figure>\n<\/figure>\n\n\n\n<p>Durante un operativo derivado del reporte de gente armada en el fraccionamiento Paseos del Mar, polic\u00edas municipales lograron detener hoy por la tarde a un hombre al parecer con un arma de fuego.<\/p>\n\n\n\n<p>El operativo se realiz\u00f3 a las 15:45 horas en la regi\u00f3n 251, en el cruce de las calles Isla Tuna con Isla Mujeres, cerca del Arco Vial.<\/p>\n\n\n\n<p>Ah\u00ed las autoridades municipales apoyados por efectivos de la Secretar\u00eda de Marina inspeccionaron los pasillos logrando ubicar al sujeto, el cual fue sometido a una revisi\u00f3n de rutina en la que le encontraron el arma, por tal motivo fue asegurado.<\/p>\n\n\n\n<p>El hombre junto con el arma fueron trasladados a las de la Fiscal\u00eda General del Estado, para ser puesto a disposici\u00f3n del Ministerio P\u00fablico del Fuero Com\u00fan (MPFC).<\/p>\n","protected":false},"excerpt":{"rendered":"<p>Durante un operativo derivado del reporte de gente armada en el fraccionamiento Paseos del Mar, polic\u00edas municipales lograron detener hoy por la tarde a un hombre al parecer con un arma de fuego.<\/p>\n","protected":false},"author":1,"featured_media":22027,"comment_status":"open","ping_status":"closed","sticky":false,"template":"","format":"standard","meta":{"footnotes":""},"categories":[6],"tags":[1810],"class_list":["post-22024","post","type-post","status-publish","format-standard","has-post-thumbnail","hentry","category-cancun","tag-region-251"],"yoast_head":"<!-- This site is optimized with the Yoast SEO plugin v27.1.1 - https:\/\/yoast.com\/product\/yoast-seo-wordpress\/ -->\n<title>Detienen a hombre armado en Paseos del Mar tras operativo conjunto - Panorama Ciudadano<\/title>\n<meta name=\"robots\" content=\"index, follow, max-snippet:-1, max-image-preview:large, max-video-preview:-1\" \/>\n<link rel=\"canonical\" href=\"https:\/\/panoramaciudadano.com\/index.php\/2025\/09\/21\/detienen-a-hombre-armado-en-paseos-del-mar-tras-operativo-conjunto\/\" \/>\n<meta property=\"og:locale\" content=\"es_ES\" \/>\n<meta property=\"og:type\" content=\"article\" \/>\n<meta property=\"og:title\" content=\"Detienen a hombre armado en Paseos del Mar tras operativo conjunto - Panorama Ciudadano\" \/>\n<meta property=\"og:description\" content=\"Durante un operativo derivado del reporte de gente armada en el fraccionamiento Paseos del Mar, polic\u00edas municipales lograron detener hoy por la tarde a un hombre al parecer con un arma de fuego.\" \/>\n<meta property=\"og:url\" content=\"https:\/\/panoramaciudadano.com\/index.php\/2025\/09\/21\/detienen-a-hombre-armado-en-paseos-del-mar-tras-operativo-conjunto\/\" \/>\n<meta property=\"og:site_name\" content=\"Panorama Ciudadano\" \/>\n<meta property=\"article:publisher\" content=\"https:\/\/www.facebook.com\/panoramaciudadano\" \/>\n<meta property=\"article:published_time\" content=\"2025-09-21T14:43:00+00:00\" \/>\n<meta property=\"article:modified_time\" content=\"2025-09-22T14:44:56+00:00\" \/>\n<meta property=\"og:image\" content=\"https:\/\/panoramaciudadano.com\/wp-content\/uploads\/2025\/09\/4-50.jpeg\" \/>\n\t<meta property=\"og:image:width\" content=\"1280\" \/>\n\t<meta property=\"og:image:height\" content=\"720\" \/>\n\t<meta property=\"og:image:type\" content=\"image\/jpeg\" \/>\n<meta name=\"author\" content=\"admin\" \/>\n<meta name=\"twitter:card\" content=\"summary_large_image\" \/>\n<meta name=\"twitter:label1\" content=\"Escrito por\" \/>\n\t<meta name=\"twitter:data1\" content=\"admin\" \/>\n\t<meta name=\"twitter:label2\" content=\"Tiempo de lectura\" \/>\n\t<meta name=\"twitter:data2\" content=\"2 minutos\" \/>\n<script type=\"application\/ld+json\" class=\"yoast-schema-graph\">{\"@context\":\"https:\/\/schema.org\",\"@graph\":[{\"@type\":\"Article\",\"@id\":\"https:\/\/panoramaciudadano.com\/index.php\/2025\/09\/21\/detienen-a-hombre-armado-en-paseos-del-mar-tras-operativo-conjunto\/#article\",\"isPartOf\":{\"@id\":\"https:\/\/panoramaciudadano.com\/index.php\/2025\/09\/21\/detienen-a-hombre-armado-en-paseos-del-mar-tras-operativo-conjunto\/\"},\"author\":{\"name\":\"admin\",\"@id\":\"https:\/\/panoramaciudadano.com\/#\/schema\/person\/ffe9fe8ef47d3a93977b5761fd9e0d96\"},\"headline\":\"Detienen a hombre armado en Paseos del Mar tras operativo conjunto\",\"datePublished\":\"2025-09-21T14:43:00+00:00\",\"dateModified\":\"2025-09-22T14:44:56+00:00\",\"mainEntityOfPage\":{\"@id\":\"https:\/\/panoramaciudadano.com\/index.php\/2025\/09\/21\/detienen-a-hombre-armado-en-paseos-del-mar-tras-operativo-conjunto\/\"},\"wordCount\":145,\"commentCount\":0,\"publisher\":{\"@id\":\"https:\/\/panoramaciudadano.com\/#organization\"},\"image\":{\"@id\":\"https:\/\/panoramaciudadano.com\/index.php\/2025\/09\/21\/detienen-a-hombre-armado-en-paseos-del-mar-tras-operativo-conjunto\/#primaryimage\"},\"thumbnailUrl\":\"https:\/\/panoramaciudadano.com\/wp-content\/uploads\/2025\/09\/4-50.jpeg\",\"keywords\":[\"regi\u00f3n 251\"],\"articleSection\":[\"Canc\u00fan\"],\"inLanguage\":\"es\",\"potentialAction\":[{\"@type\":\"CommentAction\",\"name\":\"Comment\",\"target\":[\"https:\/\/panoramaciudadano.com\/index.php\/2025\/09\/21\/detienen-a-hombre-armado-en-paseos-del-mar-tras-operativo-conjunto\/#respond\"]}]},{\"@type\":\"WebPage\",\"@id\":\"https:\/\/panoramaciudadano.com\/index.php\/2025\/09\/21\/detienen-a-hombre-armado-en-paseos-del-mar-tras-operativo-conjunto\/\",\"url\":\"https:\/\/panoramaciudadano.com\/index.php\/2025\/09\/21\/detienen-a-hombre-armado-en-paseos-del-mar-tras-operativo-conjunto\/\",\"name\":\"Detienen a hombre armado en Paseos del Mar tras operativo conjunto - Panorama Ciudadano\",\"isPartOf\":{\"@id\":\"https:\/\/panoramaciudadano.com\/#website\"},\"primaryImageOfPage\":{\"@id\":\"https:\/\/panoramaciudadano.com\/index.php\/2025\/09\/21\/detienen-a-hombre-armado-en-paseos-del-mar-tras-operativo-conjunto\/#primaryimage\"},\"image\":{\"@id\":\"https:\/\/panoramaciudadano.com\/index.php\/2025\/09\/21\/detienen-a-hombre-armado-en-paseos-del-mar-tras-operativo-conjunto\/#primaryimage\"},\"thumbnailUrl\":\"https:\/\/panoramaciudadano.com\/wp-content\/uploads\/2025\/09\/4-50.jpeg\",\"datePublished\":\"2025-09-21T14:43:00+00:00\",\"dateModified\":\"2025-09-22T14:44:56+00:00\",\"breadcrumb\":{\"@id\":\"https:\/\/panoramaciudadano.com\/index.php\/2025\/09\/21\/detienen-a-hombre-armado-en-paseos-del-mar-tras-operativo-conjunto\/#breadcrumb\"},\"inLanguage\":\"es\",\"potentialAction\":[{\"@type\":\"ReadAction\",\"target\":[\"https:\/\/panoramaciudadano.com\/index.php\/2025\/09\/21\/detienen-a-hombre-armado-en-paseos-del-mar-tras-operativo-conjunto\/\"]}]},{\"@type\":\"ImageObject\",\"inLanguage\":\"es\",\"@id\":\"https:\/\/panoramaciudadano.com\/index.php\/2025\/09\/21\/detienen-a-hombre-armado-en-paseos-del-mar-tras-operativo-conjunto\/#primaryimage\",\"url\":\"https:\/\/panoramaciudadano.com\/wp-content\/uploads\/2025\/09\/4-50.jpeg\",\"contentUrl\":\"https:\/\/panoramaciudadano.com\/wp-content\/uploads\/2025\/09\/4-50.jpeg\",\"width\":1280,\"height\":720},{\"@type\":\"BreadcrumbList\",\"@id\":\"https:\/\/panoramaciudadano.com\/index.php\/2025\/09\/21\/detienen-a-hombre-armado-en-paseos-del-mar-tras-operativo-conjunto\/#breadcrumb\",\"itemListElement\":[{\"@type\":\"ListItem\",\"position\":1,\"name\":\"Portada\",\"item\":\"https:\/\/panoramaciudadano.com\/\"},{\"@type\":\"ListItem\",\"position\":2,\"name\":\"Detienen a hombre armado en Paseos del Mar tras operativo conjunto\"}]},{\"@type\":\"WebSite\",\"@id\":\"https:\/\/panoramaciudadano.com\/#website\",\"url\":\"https:\/\/panoramaciudadano.com\/\",\"name\":\"Panorama Ciudadano\",\"description\":\"\",\"publisher\":{\"@id\":\"https:\/\/panoramaciudadano.com\/#organization\"},\"potentialAction\":[{\"@type\":\"SearchAction\",\"target\":{\"@type\":\"EntryPoint\",\"urlTemplate\":\"https:\/\/panoramaciudadano.com\/?s={search_term_string}\"},\"query-input\":{\"@type\":\"PropertyValueSpecification\",\"valueRequired\":true,\"valueName\":\"search_term_string\"}}],\"inLanguage\":\"es\"},{\"@type\":\"Organization\",\"@id\":\"https:\/\/panoramaciudadano.com\/#organization\",\"name\":\"Panorama Ciudadano\",\"url\":\"https:\/\/panoramaciudadano.com\/\",\"logo\":{\"@type\":\"ImageObject\",\"inLanguage\":\"es\",\"@id\":\"https:\/\/panoramaciudadano.com\/#\/schema\/logo\/image\/\",\"url\":\"https:\/\/panoramaciudadano.com\/wp-content\/uploads\/2024\/05\/401498640_919267042938564_6290593609399108733_n.jpg\",\"contentUrl\":\"https:\/\/panoramaciudadano.com\/wp-content\/uploads\/2024\/05\/401498640_919267042938564_6290593609399108733_n.jpg\",\"width\":960,\"height\":957,\"caption\":\"Panorama Ciudadano\"},\"image\":{\"@id\":\"https:\/\/panoramaciudadano.com\/#\/schema\/logo\/image\/\"},\"sameAs\":[\"https:\/\/www.facebook.com\/panoramaciudadano\"]},{\"@type\":\"Person\",\"@id\":\"https:\/\/panoramaciudadano.com\/#\/schema\/person\/ffe9fe8ef47d3a93977b5761fd9e0d96\",\"name\":\"admin\",\"image\":{\"@type\":\"ImageObject\",\"inLanguage\":\"es\",\"@id\":\"https:\/\/panoramaciudadano.com\/#\/schema\/person\/image\/\",\"url\":\"https:\/\/secure.gravatar.com\/avatar\/2d5a12cacce3f18096f25fadea8abb7202fef18ed669595589853e84260ff451?s=96&d=mm&r=g\",\"contentUrl\":\"https:\/\/secure.gravatar.com\/avatar\/2d5a12cacce3f18096f25fadea8abb7202fef18ed669595589853e84260ff451?s=96&d=mm&r=g\",\"caption\":\"admin\"},\"sameAs\":[\"https:\/\/panoramaciudadano.com\"],\"url\":\"https:\/\/panoramaciudadano.com\/index.php\/author\/admin_3q6hyqq3\/\"}]}<\/script>\n<!-- \/ Yoast SEO plugin. -->","yoast_head_json":{"title":"Detienen a hombre armado en Paseos del Mar tras operativo conjunto - Panorama Ciudadano","robots":{"index":"index","follow":"follow","max-snippet":"max-snippet:-1","max-image-preview":"max-image-preview:large","max-video-preview":"max-video-preview:-1"},"canonical":"https:\/\/panoramaciudadano.com\/index.php\/2025\/09\/21\/detienen-a-hombre-armado-en-paseos-del-mar-tras-operativo-conjunto\/","og_locale":"es_ES","og_type":"article","og_title":"Detienen a hombre armado en Paseos del Mar tras operativo conjunto - Panorama Ciudadano","og_description":"Durante un operativo derivado del reporte de gente armada en el fraccionamiento Paseos del Mar, polic\u00edas municipales lograron detener hoy por la tarde a un hombre al parecer con un arma de fuego.","og_url":"https:\/\/panoramaciudadano.com\/index.php\/2025\/09\/21\/detienen-a-hombre-armado-en-paseos-del-mar-tras-operativo-conjunto\/","og_site_name":"Panorama Ciudadano","article_publisher":"https:\/\/www.facebook.com\/panoramaciudadano","article_published_time":"2025-09-21T14:43:00+00:00","article_modified_time":"2025-09-22T14:44:56+00:00","og_image":[{"width":1280,"height":720,"url":"https:\/\/panoramaciudadano.com\/wp-content\/uploads\/2025\/09\/4-50.jpeg","type":"image\/jpeg"}],"author":"admin","twitter_card":"summary_large_image","twitter_misc":{"Escrito por":"admin","Tiempo de lectura":"2 minutos"},"schema":{"@context":"https:\/\/schema.org","@graph":[{"@type":"Article","@id":"https:\/\/panoramaciudadano.com\/index.php\/2025\/09\/21\/detienen-a-hombre-armado-en-paseos-del-mar-tras-operativo-conjunto\/#article","isPartOf":{"@id":"https:\/\/panoramaciudadano.com\/index.php\/2025\/09\/21\/detienen-a-hombre-armado-en-paseos-del-mar-tras-operativo-conjunto\/"},"author":{"name":"admin","@id":"https:\/\/panoramaciudadano.com\/#\/schema\/person\/ffe9fe8ef47d3a93977b5761fd9e0d96"},"headline":"Detienen a hombre armado en Paseos del Mar tras operativo conjunto","datePublished":"2025-09-21T14:43:00+00:00","dateModified":"2025-09-22T14:44:56+00:00","mainEntityOfPage":{"@id":"https:\/\/panoramaciudadano.com\/index.php\/2025\/09\/21\/detienen-a-hombre-armado-en-paseos-del-mar-tras-operativo-conjunto\/"},"wordCount":145,"commentCount":0,"publisher":{"@id":"https:\/\/panoramaciudadano.com\/#organization"},"image":{"@id":"https:\/\/panoramaciudadano.com\/index.php\/2025\/09\/21\/detienen-a-hombre-armado-en-paseos-del-mar-tras-operativo-conjunto\/#primaryimage"},"thumbnailUrl":"https:\/\/panoramaciudadano.com\/wp-content\/uploads\/2025\/09\/4-50.jpeg","keywords":["regi\u00f3n 251"],"articleSection":["Canc\u00fan"],"inLanguage":"es","potentialAction":[{"@type":"CommentAction","name":"Comment","target":["https:\/\/panoramaciudadano.com\/index.php\/2025\/09\/21\/detienen-a-hombre-armado-en-paseos-del-mar-tras-operativo-conjunto\/#respond"]}]},{"@type":"WebPage","@id":"https:\/\/panoramaciudadano.com\/index.php\/2025\/09\/21\/detienen-a-hombre-armado-en-paseos-del-mar-tras-operativo-conjunto\/","url":"https:\/\/panoramaciudadano.com\/index.php\/2025\/09\/21\/detienen-a-hombre-armado-en-paseos-del-mar-tras-operativo-conjunto\/","name":"Detienen a hombre armado en Paseos del Mar tras operativo conjunto - Panorama Ciudadano","isPartOf":{"@id":"https:\/\/panoramaciudadano.com\/#website"},"primaryImageOfPage":{"@id":"https:\/\/panoramaciudadano.com\/index.php\/2025\/09\/21\/detienen-a-hombre-armado-en-paseos-del-mar-tras-operativo-conjunto\/#primaryimage"},"image":{"@id":"https:\/\/panoramaciudadano.com\/index.php\/2025\/09\/21\/detienen-a-hombre-armado-en-paseos-del-mar-tras-operativo-conjunto\/#primaryimage"},"thumbnailUrl":"https:\/\/panoramaciudadano.com\/wp-content\/uploads\/2025\/09\/4-50.jpeg","datePublished":"2025-09-21T14:43:00+00:00","dateModified":"2025-09-22T14:44:56+00:00","breadcrumb":{"@id":"https:\/\/panoramaciudadano.com\/index.php\/2025\/09\/21\/detienen-a-hombre-armado-en-paseos-del-mar-tras-operativo-conjunto\/#breadcrumb"},"inLanguage":"es","potentialAction":[{"@type":"ReadAction","target":["https:\/\/panoramaciudadano.com\/index.php\/2025\/09\/21\/detienen-a-hombre-armado-en-paseos-del-mar-tras-operativo-conjunto\/"]}]},{"@type":"ImageObject","inLanguage":"es","@id":"https:\/\/panoramaciudadano.com\/index.php\/2025\/09\/21\/detienen-a-hombre-armado-en-paseos-del-mar-tras-operativo-conjunto\/#primaryimage","url":"https:\/\/panoramaciudadano.com\/wp-content\/uploads\/2025\/09\/4-50.jpeg","contentUrl":"https:\/\/panoramaciudadano.com\/wp-content\/uploads\/2025\/09\/4-50.jpeg","width":1280,"height":720},{"@type":"BreadcrumbList","@id":"https:\/\/panoramaciudadano.com\/index.php\/2025\/09\/21\/detienen-a-hombre-armado-en-paseos-del-mar-tras-operativo-conjunto\/#breadcrumb","itemListElement":[{"@type":"ListItem","position":1,"name":"Portada","item":"https:\/\/panoramaciudadano.com\/"},{"@type":"ListItem","position":2,"name":"Detienen a hombre armado en Paseos del Mar tras operativo conjunto"}]},{"@type":"WebSite","@id":"https:\/\/panoramaciudadano.com\/#website","url":"https:\/\/panoramaciudadano.com\/","name":"Panorama Ciudadano","description":"","publisher":{"@id":"https:\/\/panoramaciudadano.com\/#organization"},"potentialAction":[{"@type":"SearchAction","target":{"@type":"EntryPoint","urlTemplate":"https:\/\/panoramaciudadano.com\/?s={search_term_string}"},"query-input":{"@type":"PropertyValueSpecification","valueRequired":true,"valueName":"search_term_string"}}],"inLanguage":"es"},{"@type":"Organization","@id":"https:\/\/panoramaciudadano.com\/#organization","name":"Panorama Ciudadano","url":"https:\/\/panoramaciudadano.com\/","logo":{"@type":"ImageObject","inLanguage":"es","@id":"https:\/\/panoramaciudadano.com\/#\/schema\/logo\/image\/","url":"https:\/\/panoramaciudadano.com\/wp-content\/uploads\/2024\/05\/401498640_919267042938564_6290593609399108733_n.jpg","contentUrl":"https:\/\/panoramaciudadano.com\/wp-content\/uploads\/2024\/05\/401498640_919267042938564_6290593609399108733_n.jpg","width":960,"height":957,"caption":"Panorama Ciudadano"},"image":{"@id":"https:\/\/panoramaciudadano.com\/#\/schema\/logo\/image\/"},"sameAs":["https:\/\/www.facebook.com\/panoramaciudadano"]},{"@type":"Person","@id":"https:\/\/panoramaciudadano.com\/#\/schema\/person\/ffe9fe8ef47d3a93977b5761fd9e0d96","name":"admin","image":{"@type":"ImageObject","inLanguage":"es","@id":"https:\/\/panoramaciudadano.com\/#\/schema\/person\/image\/","url":"https:\/\/secure.gravatar.com\/avatar\/2d5a12cacce3f18096f25fadea8abb7202fef18ed669595589853e84260ff451?s=96&d=mm&r=g","contentUrl":"https:\/\/secure.gravatar.com\/avatar\/2d5a12cacce3f18096f25fadea8abb7202fef18ed669595589853e84260ff451?s=96&d=mm&r=g","caption":"admin"},"sameAs":["https:\/\/panoramaciudadano.com"],"url":"https:\/\/panoramaciudadano.com\/index.php\/author\/admin_3q6hyqq3\/"}]}},"_links":{"self":[{"href":"https:\/\/panoramaciudadano.com\/index.php\/wp-json\/wp\/v2\/posts\/22024","targetHints":{"allow":["GET"]}}],"collection":[{"href":"https:\/\/panoramaciudadano.com\/index.php\/wp-json\/wp\/v2\/posts"}],"about":[{"href":"https:\/\/panoramaciudadano.com\/index.php\/wp-json\/wp\/v2\/types\/post"}],"author":[{"embeddable":true,"href":"https:\/\/panoramaciudadano.com\/index.php\/wp-json\/wp\/v2\/users\/1"}],"replies":[{"embeddable":true,"href":"https:\/\/panoramaciudadano.com\/index.php\/wp-json\/wp\/v2\/comments?post=22024"}],"version-history":[{"count":1,"href":"https:\/\/panoramaciudadano.com\/index.php\/wp-json\/wp\/v2\/posts\/22024\/revisions"}],"predecessor-version":[{"id":22029,"href":"https:\/\/panoramaciudadano.com\/index.php\/wp-json\/wp\/v2\/posts\/22024\/revisions\/22029"}],"wp:featuredmedia":[{"embeddable":true,"href":"https:\/\/panoramaciudadano.com\/index.php\/wp-json\/wp\/v2\/media\/22027"}],"wp:attachment":[{"href":"https:\/\/panoramaciudadano.com\/index.php\/wp-json\/wp\/v2\/media?parent=22024"}],"wp:term":[{"taxonomy":"category","embeddable":true,"href":"https:\/\/panoramaciudadano.com\/index.php\/wp-json\/wp\/v2\/categories?post=22024"},{"taxonomy":"post_tag","embeddable":true,"href":"https:\/\/panoramaciudadano.com\/index.php\/wp-json\/wp\/v2\/tags?post=22024"}],"curies":[{"name":"wp","href":"https:\/\/api.w.org\/{rel}","templated":true}]}}