{"id":22040,"date":"2025-09-21T09:48:00","date_gmt":"2025-09-21T14:48:00","guid":{"rendered":"https:\/\/panoramaciudadano.com\/?p=22040"},"modified":"2025-09-22T09:51:41","modified_gmt":"2025-09-22T14:51:41","slug":"renan-sanchez-tajonar-acompana-a-la-presidenta-claudia-sheinbaum-en-su-informe-al-pueblo-de-quintana-roo","status":"publish","type":"post","link":"https:\/\/panoramaciudadano.com\/index.php\/2025\/09\/21\/renan-sanchez-tajonar-acompana-a-la-presidenta-claudia-sheinbaum-en-su-informe-al-pueblo-de-quintana-roo\/","title":{"rendered":"Ren\u00e1n S\u00e1nchez Tajonar acompa\u00f1a a la presidenta Claudia Sheinbaum en su informe al pueblo de Quintana Roo"},"content":{"rendered":"\n<figure class=\"wp-block-gallery has-nested-images columns-default is-cropped wp-block-gallery-1 is-layout-flex wp-block-gallery-is-layout-flex\">\n<figure class=\"wp-block-image size-large\"><img decoding=\"async\" width=\"1024\" height=\"579\" data-id=\"22042\" src=\"https:\/\/panoramaciudadano.com\/wp-content\/uploads\/2025\/09\/2-83-1024x579.jpeg\" alt=\"\" class=\"wp-image-22042\" srcset=\"https:\/\/panoramaciudadano.com\/wp-content\/uploads\/2025\/09\/2-83-1024x579.jpeg 1024w, https:\/\/panoramaciudadano.com\/wp-content\/uploads\/2025\/09\/2-83-300x170.jpeg 300w, https:\/\/panoramaciudadano.com\/wp-content\/uploads\/2025\/09\/2-83-768x434.jpeg 768w, https:\/\/panoramaciudadano.com\/wp-content\/uploads\/2025\/09\/2-83-1536x868.jpeg 1536w, https:\/\/panoramaciudadano.com\/wp-content\/uploads\/2025\/09\/2-83.jpeg 1600w\" sizes=\"(max-width: 1024px) 100vw, 1024px\" \/><\/figure>\n\n\n\n<figure class=\"wp-block-image size-large\"><img decoding=\"async\" width=\"1024\" height=\"835\" data-id=\"22043\" src=\"https:\/\/panoramaciudadano.com\/wp-content\/uploads\/2025\/09\/3-75-1024x835.jpeg\" alt=\"\" class=\"wp-image-22043\" srcset=\"https:\/\/panoramaciudadano.com\/wp-content\/uploads\/2025\/09\/3-75-1024x835.jpeg 1024w, https:\/\/panoramaciudadano.com\/wp-content\/uploads\/2025\/09\/3-75-300x245.jpeg 300w, https:\/\/panoramaciudadano.com\/wp-content\/uploads\/2025\/09\/3-75-768x626.jpeg 768w, https:\/\/panoramaciudadano.com\/wp-content\/uploads\/2025\/09\/3-75-1536x1252.jpeg 1536w, https:\/\/panoramaciudadano.com\/wp-content\/uploads\/2025\/09\/3-75.jpeg 1600w\" sizes=\"(max-width: 1024px) 100vw, 1024px\" \/><\/figure>\n<\/figure>\n\n\n\n<p>El presidente de la Junta de Gobierno y Coordinaci\u00f3n Pol\u00edtica (JUGOCOPO) del Congreso del Estado,\u00a0Ren\u00e1n S\u00e1nchez Tajonar, acompa\u00f1\u00f3 a la presidenta\u00a0de M\u00e9xico,\u00a0Claudia Sheinbaum\u00a0en su informe de resultados al pueblo de Quintana Roo.<\/p>\n\n\n\n<p>Ren\u00e1n S\u00e1nchez Tajonar expres\u00f3 que es un orgullo formar parte de su equipo y atestiguar un primer a\u00f1o de gobierno en el que se consolida la transformaci\u00f3n del pa\u00eds, con acciones firmes que fortalecen la justicia social y el bienestar de las familias.<\/p>\n\n\n\n<p>El presidente de la JUGOCOPO, destac\u00f3 que Quintana Roo cuenta con ejemplos de mujeres trabajadoras y comprometidas en la presidenta Claudia Sheinbaum y la gobernadora&nbsp;Mara Lezama, quienes d\u00eda a d\u00eda transforman la vida del pueblo con resultados tangibles.<\/p>\n\n\n\n<p>\u201cNuestra presidenta Claudia Sheinbaum quiere mucho a Quintana Roo y el pueblo la quiere a ella. En cada visita sentimos su cari\u00f1o, cercan\u00eda y compromiso para seguir construyendo un estado y un pa\u00eds con m\u00e1s oportunidades, igualdad y desarrollo\u201d, se\u00f1al\u00f3 Ren\u00e1n S\u00e1nchez Tajonar.<\/p>\n\n\n\n<p>Finalmente, refrend\u00f3 su compromiso de seguir trabajando desde el Congreso en coordinaci\u00f3n con los tres \u00f3rdenes de gobierno para que los beneficios de la transformaci\u00f3n lleguen a todos los rincones del estado.<\/p>\n","protected":false},"excerpt":{"rendered":"<p>\u2022 El presidente de la JUGOCOPO del Congreso del Estado destaca el liderazgo de la presidenta Claudia Sheinbaum, y de la gobernadora Mara Lezama, como ejemplos de mujeres comprometidas con la transformaci\u00f3n.<\/p>\n","protected":false},"author":1,"featured_media":22041,"comment_status":"open","ping_status":"closed","sticky":false,"template":"","format":"standard","meta":{"footnotes":""},"categories":[6],"tags":[1103],"class_list":["post-22040","post","type-post","status-publish","format-standard","has-post-thumbnail","hentry","category-cancun","tag-renan-sanchez-tajonar"],"yoast_head":"<!-- This site is optimized with the Yoast SEO plugin v27.1.1 - https:\/\/yoast.com\/product\/yoast-seo-wordpress\/ -->\n<title>Ren\u00e1n S\u00e1nchez Tajonar acompa\u00f1a a la presidenta Claudia Sheinbaum en su informe al pueblo de Quintana Roo - Panorama Ciudadano<\/title>\n<meta name=\"robots\" content=\"index, follow, max-snippet:-1, max-image-preview:large, max-video-preview:-1\" \/>\n<link rel=\"canonical\" href=\"https:\/\/panoramaciudadano.com\/index.php\/2025\/09\/21\/renan-sanchez-tajonar-acompana-a-la-presidenta-claudia-sheinbaum-en-su-informe-al-pueblo-de-quintana-roo\/\" \/>\n<meta property=\"og:locale\" content=\"es_ES\" \/>\n<meta property=\"og:type\" content=\"article\" \/>\n<meta property=\"og:title\" content=\"Ren\u00e1n S\u00e1nchez Tajonar acompa\u00f1a a la presidenta Claudia Sheinbaum en su informe al pueblo de Quintana Roo - Panorama Ciudadano\" \/>\n<meta property=\"og:description\" content=\"\u2022 El presidente de la JUGOCOPO del Congreso del Estado destaca el liderazgo de la presidenta Claudia Sheinbaum, y de la gobernadora Mara Lezama, como ejemplos de mujeres comprometidas con la transformaci\u00f3n.\" \/>\n<meta property=\"og:url\" content=\"https:\/\/panoramaciudadano.com\/index.php\/2025\/09\/21\/renan-sanchez-tajonar-acompana-a-la-presidenta-claudia-sheinbaum-en-su-informe-al-pueblo-de-quintana-roo\/\" \/>\n<meta property=\"og:site_name\" content=\"Panorama Ciudadano\" \/>\n<meta property=\"article:publisher\" content=\"https:\/\/www.facebook.com\/panoramaciudadano\" \/>\n<meta property=\"article:published_time\" content=\"2025-09-21T14:48:00+00:00\" \/>\n<meta property=\"article:modified_time\" content=\"2025-09-22T14:51:41+00:00\" \/>\n<meta property=\"og:image\" content=\"https:\/\/panoramaciudadano.com\/wp-content\/uploads\/2025\/09\/WhatsApp-Image-2025-09-21-at-20.23.39.jpeg\" \/>\n\t<meta property=\"og:image:width\" content=\"1600\" \/>\n\t<meta property=\"og:image:height\" content=\"1066\" \/>\n\t<meta property=\"og:image:type\" content=\"image\/jpeg\" \/>\n<meta name=\"author\" content=\"admin\" \/>\n<meta name=\"twitter:card\" content=\"summary_large_image\" \/>\n<meta name=\"twitter:label1\" content=\"Escrito por\" \/>\n\t<meta name=\"twitter:data1\" content=\"admin\" \/>\n\t<meta name=\"twitter:label2\" content=\"Tiempo de lectura\" \/>\n\t<meta name=\"twitter:data2\" content=\"2 minutos\" \/>\n<script type=\"application\/ld+json\" class=\"yoast-schema-graph\">{\"@context\":\"https:\/\/schema.org\",\"@graph\":[{\"@type\":\"Article\",\"@id\":\"https:\/\/panoramaciudadano.com\/index.php\/2025\/09\/21\/renan-sanchez-tajonar-acompana-a-la-presidenta-claudia-sheinbaum-en-su-informe-al-pueblo-de-quintana-roo\/#article\",\"isPartOf\":{\"@id\":\"https:\/\/panoramaciudadano.com\/index.php\/2025\/09\/21\/renan-sanchez-tajonar-acompana-a-la-presidenta-claudia-sheinbaum-en-su-informe-al-pueblo-de-quintana-roo\/\"},\"author\":{\"name\":\"admin\",\"@id\":\"https:\/\/panoramaciudadano.com\/#\/schema\/person\/ffe9fe8ef47d3a93977b5761fd9e0d96\"},\"headline\":\"Ren\u00e1n S\u00e1nchez Tajonar acompa\u00f1a a la presidenta Claudia Sheinbaum en su informe al pueblo de Quintana Roo\",\"datePublished\":\"2025-09-21T14:48:00+00:00\",\"dateModified\":\"2025-09-22T14:51:41+00:00\",\"mainEntityOfPage\":{\"@id\":\"https:\/\/panoramaciudadano.com\/index.php\/2025\/09\/21\/renan-sanchez-tajonar-acompana-a-la-presidenta-claudia-sheinbaum-en-su-informe-al-pueblo-de-quintana-roo\/\"},\"wordCount\":235,\"commentCount\":0,\"publisher\":{\"@id\":\"https:\/\/panoramaciudadano.com\/#organization\"},\"image\":{\"@id\":\"https:\/\/panoramaciudadano.com\/index.php\/2025\/09\/21\/renan-sanchez-tajonar-acompana-a-la-presidenta-claudia-sheinbaum-en-su-informe-al-pueblo-de-quintana-roo\/#primaryimage\"},\"thumbnailUrl\":\"https:\/\/panoramaciudadano.com\/wp-content\/uploads\/2025\/09\/WhatsApp-Image-2025-09-21-at-20.23.39.jpeg\",\"keywords\":[\"Ren\u00e1n S\u00e1nchez Tajonar\"],\"articleSection\":[\"Canc\u00fan\"],\"inLanguage\":\"es\",\"potentialAction\":[{\"@type\":\"CommentAction\",\"name\":\"Comment\",\"target\":[\"https:\/\/panoramaciudadano.com\/index.php\/2025\/09\/21\/renan-sanchez-tajonar-acompana-a-la-presidenta-claudia-sheinbaum-en-su-informe-al-pueblo-de-quintana-roo\/#respond\"]}]},{\"@type\":\"WebPage\",\"@id\":\"https:\/\/panoramaciudadano.com\/index.php\/2025\/09\/21\/renan-sanchez-tajonar-acompana-a-la-presidenta-claudia-sheinbaum-en-su-informe-al-pueblo-de-quintana-roo\/\",\"url\":\"https:\/\/panoramaciudadano.com\/index.php\/2025\/09\/21\/renan-sanchez-tajonar-acompana-a-la-presidenta-claudia-sheinbaum-en-su-informe-al-pueblo-de-quintana-roo\/\",\"name\":\"Ren\u00e1n S\u00e1nchez Tajonar acompa\u00f1a a la presidenta Claudia Sheinbaum en su informe al pueblo de Quintana Roo - Panorama Ciudadano\",\"isPartOf\":{\"@id\":\"https:\/\/panoramaciudadano.com\/#website\"},\"primaryImageOfPage\":{\"@id\":\"https:\/\/panoramaciudadano.com\/index.php\/2025\/09\/21\/renan-sanchez-tajonar-acompana-a-la-presidenta-claudia-sheinbaum-en-su-informe-al-pueblo-de-quintana-roo\/#primaryimage\"},\"image\":{\"@id\":\"https:\/\/panoramaciudadano.com\/index.php\/2025\/09\/21\/renan-sanchez-tajonar-acompana-a-la-presidenta-claudia-sheinbaum-en-su-informe-al-pueblo-de-quintana-roo\/#primaryimage\"},\"thumbnailUrl\":\"https:\/\/panoramaciudadano.com\/wp-content\/uploads\/2025\/09\/WhatsApp-Image-2025-09-21-at-20.23.39.jpeg\",\"datePublished\":\"2025-09-21T14:48:00+00:00\",\"dateModified\":\"2025-09-22T14:51:41+00:00\",\"breadcrumb\":{\"@id\":\"https:\/\/panoramaciudadano.com\/index.php\/2025\/09\/21\/renan-sanchez-tajonar-acompana-a-la-presidenta-claudia-sheinbaum-en-su-informe-al-pueblo-de-quintana-roo\/#breadcrumb\"},\"inLanguage\":\"es\",\"potentialAction\":[{\"@type\":\"ReadAction\",\"target\":[\"https:\/\/panoramaciudadano.com\/index.php\/2025\/09\/21\/renan-sanchez-tajonar-acompana-a-la-presidenta-claudia-sheinbaum-en-su-informe-al-pueblo-de-quintana-roo\/\"]}]},{\"@type\":\"ImageObject\",\"inLanguage\":\"es\",\"@id\":\"https:\/\/panoramaciudadano.com\/index.php\/2025\/09\/21\/renan-sanchez-tajonar-acompana-a-la-presidenta-claudia-sheinbaum-en-su-informe-al-pueblo-de-quintana-roo\/#primaryimage\",\"url\":\"https:\/\/panoramaciudadano.com\/wp-content\/uploads\/2025\/09\/WhatsApp-Image-2025-09-21-at-20.23.39.jpeg\",\"contentUrl\":\"https:\/\/panoramaciudadano.com\/wp-content\/uploads\/2025\/09\/WhatsApp-Image-2025-09-21-at-20.23.39.jpeg\",\"width\":1600,\"height\":1066},{\"@type\":\"BreadcrumbList\",\"@id\":\"https:\/\/panoramaciudadano.com\/index.php\/2025\/09\/21\/renan-sanchez-tajonar-acompana-a-la-presidenta-claudia-sheinbaum-en-su-informe-al-pueblo-de-quintana-roo\/#breadcrumb\",\"itemListElement\":[{\"@type\":\"ListItem\",\"position\":1,\"name\":\"Portada\",\"item\":\"https:\/\/panoramaciudadano.com\/\"},{\"@type\":\"ListItem\",\"position\":2,\"name\":\"Ren\u00e1n S\u00e1nchez Tajonar acompa\u00f1a a la presidenta Claudia Sheinbaum en su informe al pueblo de Quintana Roo\"}]},{\"@type\":\"WebSite\",\"@id\":\"https:\/\/panoramaciudadano.com\/#website\",\"url\":\"https:\/\/panoramaciudadano.com\/\",\"name\":\"Panorama Ciudadano\",\"description\":\"\",\"publisher\":{\"@id\":\"https:\/\/panoramaciudadano.com\/#organization\"},\"potentialAction\":[{\"@type\":\"SearchAction\",\"target\":{\"@type\":\"EntryPoint\",\"urlTemplate\":\"https:\/\/panoramaciudadano.com\/?s={search_term_string}\"},\"query-input\":{\"@type\":\"PropertyValueSpecification\",\"valueRequired\":true,\"valueName\":\"search_term_string\"}}],\"inLanguage\":\"es\"},{\"@type\":\"Organization\",\"@id\":\"https:\/\/panoramaciudadano.com\/#organization\",\"name\":\"Panorama Ciudadano\",\"url\":\"https:\/\/panoramaciudadano.com\/\",\"logo\":{\"@type\":\"ImageObject\",\"inLanguage\":\"es\",\"@id\":\"https:\/\/panoramaciudadano.com\/#\/schema\/logo\/image\/\",\"url\":\"https:\/\/panoramaciudadano.com\/wp-content\/uploads\/2024\/05\/401498640_919267042938564_6290593609399108733_n.jpg\",\"contentUrl\":\"https:\/\/panoramaciudadano.com\/wp-content\/uploads\/2024\/05\/401498640_919267042938564_6290593609399108733_n.jpg\",\"width\":960,\"height\":957,\"caption\":\"Panorama Ciudadano\"},\"image\":{\"@id\":\"https:\/\/panoramaciudadano.com\/#\/schema\/logo\/image\/\"},\"sameAs\":[\"https:\/\/www.facebook.com\/panoramaciudadano\"]},{\"@type\":\"Person\",\"@id\":\"https:\/\/panoramaciudadano.com\/#\/schema\/person\/ffe9fe8ef47d3a93977b5761fd9e0d96\",\"name\":\"admin\",\"image\":{\"@type\":\"ImageObject\",\"inLanguage\":\"es\",\"@id\":\"https:\/\/panoramaciudadano.com\/#\/schema\/person\/image\/\",\"url\":\"https:\/\/secure.gravatar.com\/avatar\/2d5a12cacce3f18096f25fadea8abb7202fef18ed669595589853e84260ff451?s=96&d=mm&r=g\",\"contentUrl\":\"https:\/\/secure.gravatar.com\/avatar\/2d5a12cacce3f18096f25fadea8abb7202fef18ed669595589853e84260ff451?s=96&d=mm&r=g\",\"caption\":\"admin\"},\"sameAs\":[\"https:\/\/panoramaciudadano.com\"],\"url\":\"https:\/\/panoramaciudadano.com\/index.php\/author\/admin_3q6hyqq3\/\"}]}<\/script>\n<!-- \/ Yoast SEO plugin. -->","yoast_head_json":{"title":"Ren\u00e1n S\u00e1nchez Tajonar acompa\u00f1a a la presidenta Claudia Sheinbaum en su informe al pueblo de Quintana Roo - Panorama Ciudadano","robots":{"index":"index","follow":"follow","max-snippet":"max-snippet:-1","max-image-preview":"max-image-preview:large","max-video-preview":"max-video-preview:-1"},"canonical":"https:\/\/panoramaciudadano.com\/index.php\/2025\/09\/21\/renan-sanchez-tajonar-acompana-a-la-presidenta-claudia-sheinbaum-en-su-informe-al-pueblo-de-quintana-roo\/","og_locale":"es_ES","og_type":"article","og_title":"Ren\u00e1n S\u00e1nchez Tajonar acompa\u00f1a a la presidenta Claudia Sheinbaum en su informe al pueblo de Quintana Roo - Panorama Ciudadano","og_description":"\u2022 El presidente de la JUGOCOPO del Congreso del Estado destaca el liderazgo de la presidenta Claudia Sheinbaum, y de la gobernadora Mara Lezama, como ejemplos de mujeres comprometidas con la transformaci\u00f3n.","og_url":"https:\/\/panoramaciudadano.com\/index.php\/2025\/09\/21\/renan-sanchez-tajonar-acompana-a-la-presidenta-claudia-sheinbaum-en-su-informe-al-pueblo-de-quintana-roo\/","og_site_name":"Panorama Ciudadano","article_publisher":"https:\/\/www.facebook.com\/panoramaciudadano","article_published_time":"2025-09-21T14:48:00+00:00","article_modified_time":"2025-09-22T14:51:41+00:00","og_image":[{"width":1600,"height":1066,"url":"https:\/\/panoramaciudadano.com\/wp-content\/uploads\/2025\/09\/WhatsApp-Image-2025-09-21-at-20.23.39.jpeg","type":"image\/jpeg"}],"author":"admin","twitter_card":"summary_large_image","twitter_misc":{"Escrito por":"admin","Tiempo de lectura":"2 minutos"},"schema":{"@context":"https:\/\/schema.org","@graph":[{"@type":"Article","@id":"https:\/\/panoramaciudadano.com\/index.php\/2025\/09\/21\/renan-sanchez-tajonar-acompana-a-la-presidenta-claudia-sheinbaum-en-su-informe-al-pueblo-de-quintana-roo\/#article","isPartOf":{"@id":"https:\/\/panoramaciudadano.com\/index.php\/2025\/09\/21\/renan-sanchez-tajonar-acompana-a-la-presidenta-claudia-sheinbaum-en-su-informe-al-pueblo-de-quintana-roo\/"},"author":{"name":"admin","@id":"https:\/\/panoramaciudadano.com\/#\/schema\/person\/ffe9fe8ef47d3a93977b5761fd9e0d96"},"headline":"Ren\u00e1n S\u00e1nchez Tajonar acompa\u00f1a a la presidenta Claudia Sheinbaum en su informe al pueblo de Quintana Roo","datePublished":"2025-09-21T14:48:00+00:00","dateModified":"2025-09-22T14:51:41+00:00","mainEntityOfPage":{"@id":"https:\/\/panoramaciudadano.com\/index.php\/2025\/09\/21\/renan-sanchez-tajonar-acompana-a-la-presidenta-claudia-sheinbaum-en-su-informe-al-pueblo-de-quintana-roo\/"},"wordCount":235,"commentCount":0,"publisher":{"@id":"https:\/\/panoramaciudadano.com\/#organization"},"image":{"@id":"https:\/\/panoramaciudadano.com\/index.php\/2025\/09\/21\/renan-sanchez-tajonar-acompana-a-la-presidenta-claudia-sheinbaum-en-su-informe-al-pueblo-de-quintana-roo\/#primaryimage"},"thumbnailUrl":"https:\/\/panoramaciudadano.com\/wp-content\/uploads\/2025\/09\/WhatsApp-Image-2025-09-21-at-20.23.39.jpeg","keywords":["Ren\u00e1n S\u00e1nchez Tajonar"],"articleSection":["Canc\u00fan"],"inLanguage":"es","potentialAction":[{"@type":"CommentAction","name":"Comment","target":["https:\/\/panoramaciudadano.com\/index.php\/2025\/09\/21\/renan-sanchez-tajonar-acompana-a-la-presidenta-claudia-sheinbaum-en-su-informe-al-pueblo-de-quintana-roo\/#respond"]}]},{"@type":"WebPage","@id":"https:\/\/panoramaciudadano.com\/index.php\/2025\/09\/21\/renan-sanchez-tajonar-acompana-a-la-presidenta-claudia-sheinbaum-en-su-informe-al-pueblo-de-quintana-roo\/","url":"https:\/\/panoramaciudadano.com\/index.php\/2025\/09\/21\/renan-sanchez-tajonar-acompana-a-la-presidenta-claudia-sheinbaum-en-su-informe-al-pueblo-de-quintana-roo\/","name":"Ren\u00e1n S\u00e1nchez Tajonar acompa\u00f1a a la presidenta Claudia Sheinbaum en su informe al pueblo de Quintana Roo - Panorama Ciudadano","isPartOf":{"@id":"https:\/\/panoramaciudadano.com\/#website"},"primaryImageOfPage":{"@id":"https:\/\/panoramaciudadano.com\/index.php\/2025\/09\/21\/renan-sanchez-tajonar-acompana-a-la-presidenta-claudia-sheinbaum-en-su-informe-al-pueblo-de-quintana-roo\/#primaryimage"},"image":{"@id":"https:\/\/panoramaciudadano.com\/index.php\/2025\/09\/21\/renan-sanchez-tajonar-acompana-a-la-presidenta-claudia-sheinbaum-en-su-informe-al-pueblo-de-quintana-roo\/#primaryimage"},"thumbnailUrl":"https:\/\/panoramaciudadano.com\/wp-content\/uploads\/2025\/09\/WhatsApp-Image-2025-09-21-at-20.23.39.jpeg","datePublished":"2025-09-21T14:48:00+00:00","dateModified":"2025-09-22T14:51:41+00:00","breadcrumb":{"@id":"https:\/\/panoramaciudadano.com\/index.php\/2025\/09\/21\/renan-sanchez-tajonar-acompana-a-la-presidenta-claudia-sheinbaum-en-su-informe-al-pueblo-de-quintana-roo\/#breadcrumb"},"inLanguage":"es","potentialAction":[{"@type":"ReadAction","target":["https:\/\/panoramaciudadano.com\/index.php\/2025\/09\/21\/renan-sanchez-tajonar-acompana-a-la-presidenta-claudia-sheinbaum-en-su-informe-al-pueblo-de-quintana-roo\/"]}]},{"@type":"ImageObject","inLanguage":"es","@id":"https:\/\/panoramaciudadano.com\/index.php\/2025\/09\/21\/renan-sanchez-tajonar-acompana-a-la-presidenta-claudia-sheinbaum-en-su-informe-al-pueblo-de-quintana-roo\/#primaryimage","url":"https:\/\/panoramaciudadano.com\/wp-content\/uploads\/2025\/09\/WhatsApp-Image-2025-09-21-at-20.23.39.jpeg","contentUrl":"https:\/\/panoramaciudadano.com\/wp-content\/uploads\/2025\/09\/WhatsApp-Image-2025-09-21-at-20.23.39.jpeg","width":1600,"height":1066},{"@type":"BreadcrumbList","@id":"https:\/\/panoramaciudadano.com\/index.php\/2025\/09\/21\/renan-sanchez-tajonar-acompana-a-la-presidenta-claudia-sheinbaum-en-su-informe-al-pueblo-de-quintana-roo\/#breadcrumb","itemListElement":[{"@type":"ListItem","position":1,"name":"Portada","item":"https:\/\/panoramaciudadano.com\/"},{"@type":"ListItem","position":2,"name":"Ren\u00e1n S\u00e1nchez Tajonar acompa\u00f1a a la presidenta Claudia Sheinbaum en su informe al pueblo de Quintana Roo"}]},{"@type":"WebSite","@id":"https:\/\/panoramaciudadano.com\/#website","url":"https:\/\/panoramaciudadano.com\/","name":"Panorama Ciudadano","description":"","publisher":{"@id":"https:\/\/panoramaciudadano.com\/#organization"},"potentialAction":[{"@type":"SearchAction","target":{"@type":"EntryPoint","urlTemplate":"https:\/\/panoramaciudadano.com\/?s={search_term_string}"},"query-input":{"@type":"PropertyValueSpecification","valueRequired":true,"valueName":"search_term_string"}}],"inLanguage":"es"},{"@type":"Organization","@id":"https:\/\/panoramaciudadano.com\/#organization","name":"Panorama Ciudadano","url":"https:\/\/panoramaciudadano.com\/","logo":{"@type":"ImageObject","inLanguage":"es","@id":"https:\/\/panoramaciudadano.com\/#\/schema\/logo\/image\/","url":"https:\/\/panoramaciudadano.com\/wp-content\/uploads\/2024\/05\/401498640_919267042938564_6290593609399108733_n.jpg","contentUrl":"https:\/\/panoramaciudadano.com\/wp-content\/uploads\/2024\/05\/401498640_919267042938564_6290593609399108733_n.jpg","width":960,"height":957,"caption":"Panorama Ciudadano"},"image":{"@id":"https:\/\/panoramaciudadano.com\/#\/schema\/logo\/image\/"},"sameAs":["https:\/\/www.facebook.com\/panoramaciudadano"]},{"@type":"Person","@id":"https:\/\/panoramaciudadano.com\/#\/schema\/person\/ffe9fe8ef47d3a93977b5761fd9e0d96","name":"admin","image":{"@type":"ImageObject","inLanguage":"es","@id":"https:\/\/panoramaciudadano.com\/#\/schema\/person\/image\/","url":"https:\/\/secure.gravatar.com\/avatar\/2d5a12cacce3f18096f25fadea8abb7202fef18ed669595589853e84260ff451?s=96&d=mm&r=g","contentUrl":"https:\/\/secure.gravatar.com\/avatar\/2d5a12cacce3f18096f25fadea8abb7202fef18ed669595589853e84260ff451?s=96&d=mm&r=g","caption":"admin"},"sameAs":["https:\/\/panoramaciudadano.com"],"url":"https:\/\/panoramaciudadano.com\/index.php\/author\/admin_3q6hyqq3\/"}]}},"_links":{"self":[{"href":"https:\/\/panoramaciudadano.com\/index.php\/wp-json\/wp\/v2\/posts\/22040","targetHints":{"allow":["GET"]}}],"collection":[{"href":"https:\/\/panoramaciudadano.com\/index.php\/wp-json\/wp\/v2\/posts"}],"about":[{"href":"https:\/\/panoramaciudadano.com\/index.php\/wp-json\/wp\/v2\/types\/post"}],"author":[{"embeddable":true,"href":"https:\/\/panoramaciudadano.com\/index.php\/wp-json\/wp\/v2\/users\/1"}],"replies":[{"embeddable":true,"href":"https:\/\/panoramaciudadano.com\/index.php\/wp-json\/wp\/v2\/comments?post=22040"}],"version-history":[{"count":1,"href":"https:\/\/panoramaciudadano.com\/index.php\/wp-json\/wp\/v2\/posts\/22040\/revisions"}],"predecessor-version":[{"id":22044,"href":"https:\/\/panoramaciudadano.com\/index.php\/wp-json\/wp\/v2\/posts\/22040\/revisions\/22044"}],"wp:featuredmedia":[{"embeddable":true,"href":"https:\/\/panoramaciudadano.com\/index.php\/wp-json\/wp\/v2\/media\/22041"}],"wp:attachment":[{"href":"https:\/\/panoramaciudadano.com\/index.php\/wp-json\/wp\/v2\/media?parent=22040"}],"wp:term":[{"taxonomy":"category","embeddable":true,"href":"https:\/\/panoramaciudadano.com\/index.php\/wp-json\/wp\/v2\/categories?post=22040"},{"taxonomy":"post_tag","embeddable":true,"href":"https:\/\/panoramaciudadano.com\/index.php\/wp-json\/wp\/v2\/tags?post=22040"}],"curies":[{"name":"wp","href":"https:\/\/api.w.org\/{rel}","templated":true}]}}