{"id":2322,"date":"2024-07-31T16:04:57","date_gmt":"2024-07-31T16:04:57","guid":{"rendered":"https:\/\/panoramaciudadano.com\/?p=2322"},"modified":"2024-07-31T16:04:58","modified_gmt":"2024-07-31T16:04:58","slug":"estefania-mercado-realiza-una-provechosa-visita-a-queretaro","status":"publish","type":"post","link":"https:\/\/panoramaciudadano.com\/index.php\/2024\/07\/31\/estefania-mercado-realiza-una-provechosa-visita-a-queretaro\/","title":{"rendered":"ESTEFANIA MERCADO REALIZA UNA PROVECHOSA VISITA A QUER\u00c9TARO"},"content":{"rendered":"\n<figure class=\"wp-block-image size-full\"><img decoding=\"async\" width=\"960\" height=\"960\" src=\"https:\/\/panoramaciudadano.com\/wp-content\/uploads\/2024\/07\/WhatsApp-Image-2024-07-31-at-07.39.08.jpeg\" alt=\"\" class=\"wp-image-2323\" srcset=\"https:\/\/panoramaciudadano.com\/wp-content\/uploads\/2024\/07\/WhatsApp-Image-2024-07-31-at-07.39.08.jpeg 960w, https:\/\/panoramaciudadano.com\/wp-content\/uploads\/2024\/07\/WhatsApp-Image-2024-07-31-at-07.39.08-300x300.jpeg 300w, https:\/\/panoramaciudadano.com\/wp-content\/uploads\/2024\/07\/WhatsApp-Image-2024-07-31-at-07.39.08-150x150.jpeg 150w, https:\/\/panoramaciudadano.com\/wp-content\/uploads\/2024\/07\/WhatsApp-Image-2024-07-31-at-07.39.08-768x768.jpeg 768w\" sizes=\"(max-width: 960px) 100vw, 960px\" \/><\/figure>\n\n\n\n<p>La presidenta municipal electa de Solidaridad, Estefan\u00eda Mercado, realiz\u00f3 una provechosa visita a la entidad, a fin de conocer los casos de \u00e9xito en las gestiones a favor de quienes m\u00e1s lo necesitan.<\/p>\n\n\n\n<blockquote class=\"wp-block-quote is-layout-flow wp-block-quote-is-layout-flow\">\n<p>\u00abComo parte del Solidaridad que vamos a construir, estamos recorriendo el pa\u00eds para tomar nota de buenas experiencias de gesti\u00f3n. Estamos en Quer\u00e9taro, una ciudad que tiene el C4 m\u00e1s grande de Latinoam\u00e9rica y que ha logrado el equilibrio entre el desarrollo y su identidad cultural\u00bb, destac\u00f3 la futura Edil solidarense.&nbsp;<\/p>\n<\/blockquote>\n\n\n\n<p>En este sentido, la ya mencionada indic\u00f3 que al igual que en Playa del Carmen, el mayor valor de Quer\u00e9taro es su gente, por eso agradeci\u00f3 la invitaci\u00f3n del alcalde, Luis Bernardo Nava, quien le hizo entrega de un hermoso detalle elaborado por manos queretanas.<\/p>\n","protected":false},"excerpt":{"rendered":"<p>La presidenta municipal electa de Solidaridad, Estefan\u00eda Mercado, realiz\u00f3 una provechosa visita a la entidad, a fin de conocer los casos de \u00e9xito en las gestiones a favor de quienes m\u00e1s lo necesitan.<\/p>\n","protected":false},"author":1,"featured_media":2323,"comment_status":"open","ping_status":"closed","sticky":false,"template":"","format":"standard","meta":{"footnotes":""},"categories":[7],"tags":[595,238],"class_list":["post-2322","post","type-post","status-publish","format-standard","has-post-thumbnail","hentry","category-playa-del-carmen","tag-ayuntamiento-de-solidaridad","tag-estefania-mercado"],"yoast_head":"<!-- This site is optimized with the Yoast SEO plugin v27.1.1 - https:\/\/yoast.com\/product\/yoast-seo-wordpress\/ -->\n<title>ESTEFANIA MERCADO REALIZA UNA PROVECHOSA VISITA A QUER\u00c9TARO - Panorama Ciudadano<\/title>\n<meta name=\"robots\" content=\"index, follow, max-snippet:-1, max-image-preview:large, max-video-preview:-1\" \/>\n<link rel=\"canonical\" href=\"https:\/\/panoramaciudadano.com\/index.php\/2024\/07\/31\/estefania-mercado-realiza-una-provechosa-visita-a-queretaro\/\" \/>\n<meta property=\"og:locale\" content=\"es_ES\" \/>\n<meta property=\"og:type\" content=\"article\" \/>\n<meta property=\"og:title\" content=\"ESTEFANIA MERCADO REALIZA UNA PROVECHOSA VISITA A QUER\u00c9TARO - Panorama Ciudadano\" \/>\n<meta property=\"og:description\" content=\"La presidenta municipal electa de Solidaridad, Estefan\u00eda Mercado, realiz\u00f3 una provechosa visita a la entidad, a fin de conocer los casos de \u00e9xito en las gestiones a favor de quienes m\u00e1s lo necesitan.\" \/>\n<meta property=\"og:url\" content=\"https:\/\/panoramaciudadano.com\/index.php\/2024\/07\/31\/estefania-mercado-realiza-una-provechosa-visita-a-queretaro\/\" \/>\n<meta property=\"og:site_name\" content=\"Panorama Ciudadano\" \/>\n<meta property=\"article:publisher\" content=\"https:\/\/www.facebook.com\/panoramaciudadano\" \/>\n<meta property=\"article:published_time\" content=\"2024-07-31T16:04:57+00:00\" \/>\n<meta property=\"article:modified_time\" content=\"2024-07-31T16:04:58+00:00\" \/>\n<meta property=\"og:image\" content=\"https:\/\/panoramaciudadano.com\/wp-content\/uploads\/2024\/07\/WhatsApp-Image-2024-07-31-at-07.39.08.jpeg\" \/>\n\t<meta property=\"og:image:width\" content=\"960\" \/>\n\t<meta property=\"og:image:height\" content=\"960\" \/>\n\t<meta property=\"og:image:type\" content=\"image\/jpeg\" \/>\n<meta name=\"author\" content=\"admin\" \/>\n<meta name=\"twitter:card\" content=\"summary_large_image\" \/>\n<meta name=\"twitter:label1\" content=\"Escrito por\" \/>\n\t<meta name=\"twitter:data1\" content=\"admin\" \/>\n\t<meta name=\"twitter:label2\" content=\"Tiempo de lectura\" \/>\n\t<meta name=\"twitter:data2\" content=\"1 minuto\" \/>\n<script type=\"application\/ld+json\" class=\"yoast-schema-graph\">{\"@context\":\"https:\/\/schema.org\",\"@graph\":[{\"@type\":\"Article\",\"@id\":\"https:\/\/panoramaciudadano.com\/index.php\/2024\/07\/31\/estefania-mercado-realiza-una-provechosa-visita-a-queretaro\/#article\",\"isPartOf\":{\"@id\":\"https:\/\/panoramaciudadano.com\/index.php\/2024\/07\/31\/estefania-mercado-realiza-una-provechosa-visita-a-queretaro\/\"},\"author\":{\"name\":\"admin\",\"@id\":\"https:\/\/panoramaciudadano.com\/#\/schema\/person\/ffe9fe8ef47d3a93977b5761fd9e0d96\"},\"headline\":\"ESTEFANIA MERCADO REALIZA UNA PROVECHOSA VISITA A QUER\u00c9TARO\",\"datePublished\":\"2024-07-31T16:04:57+00:00\",\"dateModified\":\"2024-07-31T16:04:58+00:00\",\"mainEntityOfPage\":{\"@id\":\"https:\/\/panoramaciudadano.com\/index.php\/2024\/07\/31\/estefania-mercado-realiza-una-provechosa-visita-a-queretaro\/\"},\"wordCount\":148,\"commentCount\":0,\"publisher\":{\"@id\":\"https:\/\/panoramaciudadano.com\/#organization\"},\"image\":{\"@id\":\"https:\/\/panoramaciudadano.com\/index.php\/2024\/07\/31\/estefania-mercado-realiza-una-provechosa-visita-a-queretaro\/#primaryimage\"},\"thumbnailUrl\":\"https:\/\/panoramaciudadano.com\/wp-content\/uploads\/2024\/07\/WhatsApp-Image-2024-07-31-at-07.39.08.jpeg\",\"keywords\":[\"Ayuntamiento de Solidaridad\",\"Estefan\u00eda Mercado\"],\"articleSection\":[\"Playa del Carmen\"],\"inLanguage\":\"es\",\"potentialAction\":[{\"@type\":\"CommentAction\",\"name\":\"Comment\",\"target\":[\"https:\/\/panoramaciudadano.com\/index.php\/2024\/07\/31\/estefania-mercado-realiza-una-provechosa-visita-a-queretaro\/#respond\"]}]},{\"@type\":\"WebPage\",\"@id\":\"https:\/\/panoramaciudadano.com\/index.php\/2024\/07\/31\/estefania-mercado-realiza-una-provechosa-visita-a-queretaro\/\",\"url\":\"https:\/\/panoramaciudadano.com\/index.php\/2024\/07\/31\/estefania-mercado-realiza-una-provechosa-visita-a-queretaro\/\",\"name\":\"ESTEFANIA MERCADO REALIZA UNA PROVECHOSA VISITA A QUER\u00c9TARO - Panorama Ciudadano\",\"isPartOf\":{\"@id\":\"https:\/\/panoramaciudadano.com\/#website\"},\"primaryImageOfPage\":{\"@id\":\"https:\/\/panoramaciudadano.com\/index.php\/2024\/07\/31\/estefania-mercado-realiza-una-provechosa-visita-a-queretaro\/#primaryimage\"},\"image\":{\"@id\":\"https:\/\/panoramaciudadano.com\/index.php\/2024\/07\/31\/estefania-mercado-realiza-una-provechosa-visita-a-queretaro\/#primaryimage\"},\"thumbnailUrl\":\"https:\/\/panoramaciudadano.com\/wp-content\/uploads\/2024\/07\/WhatsApp-Image-2024-07-31-at-07.39.08.jpeg\",\"datePublished\":\"2024-07-31T16:04:57+00:00\",\"dateModified\":\"2024-07-31T16:04:58+00:00\",\"breadcrumb\":{\"@id\":\"https:\/\/panoramaciudadano.com\/index.php\/2024\/07\/31\/estefania-mercado-realiza-una-provechosa-visita-a-queretaro\/#breadcrumb\"},\"inLanguage\":\"es\",\"potentialAction\":[{\"@type\":\"ReadAction\",\"target\":[\"https:\/\/panoramaciudadano.com\/index.php\/2024\/07\/31\/estefania-mercado-realiza-una-provechosa-visita-a-queretaro\/\"]}]},{\"@type\":\"ImageObject\",\"inLanguage\":\"es\",\"@id\":\"https:\/\/panoramaciudadano.com\/index.php\/2024\/07\/31\/estefania-mercado-realiza-una-provechosa-visita-a-queretaro\/#primaryimage\",\"url\":\"https:\/\/panoramaciudadano.com\/wp-content\/uploads\/2024\/07\/WhatsApp-Image-2024-07-31-at-07.39.08.jpeg\",\"contentUrl\":\"https:\/\/panoramaciudadano.com\/wp-content\/uploads\/2024\/07\/WhatsApp-Image-2024-07-31-at-07.39.08.jpeg\",\"width\":960,\"height\":960},{\"@type\":\"BreadcrumbList\",\"@id\":\"https:\/\/panoramaciudadano.com\/index.php\/2024\/07\/31\/estefania-mercado-realiza-una-provechosa-visita-a-queretaro\/#breadcrumb\",\"itemListElement\":[{\"@type\":\"ListItem\",\"position\":1,\"name\":\"Portada\",\"item\":\"https:\/\/panoramaciudadano.com\/\"},{\"@type\":\"ListItem\",\"position\":2,\"name\":\"ESTEFANIA MERCADO REALIZA UNA PROVECHOSA VISITA A QUER\u00c9TARO\"}]},{\"@type\":\"WebSite\",\"@id\":\"https:\/\/panoramaciudadano.com\/#website\",\"url\":\"https:\/\/panoramaciudadano.com\/\",\"name\":\"Panorama Ciudadano\",\"description\":\"\",\"publisher\":{\"@id\":\"https:\/\/panoramaciudadano.com\/#organization\"},\"potentialAction\":[{\"@type\":\"SearchAction\",\"target\":{\"@type\":\"EntryPoint\",\"urlTemplate\":\"https:\/\/panoramaciudadano.com\/?s={search_term_string}\"},\"query-input\":{\"@type\":\"PropertyValueSpecification\",\"valueRequired\":true,\"valueName\":\"search_term_string\"}}],\"inLanguage\":\"es\"},{\"@type\":\"Organization\",\"@id\":\"https:\/\/panoramaciudadano.com\/#organization\",\"name\":\"Panorama Ciudadano\",\"url\":\"https:\/\/panoramaciudadano.com\/\",\"logo\":{\"@type\":\"ImageObject\",\"inLanguage\":\"es\",\"@id\":\"https:\/\/panoramaciudadano.com\/#\/schema\/logo\/image\/\",\"url\":\"https:\/\/panoramaciudadano.com\/wp-content\/uploads\/2024\/05\/401498640_919267042938564_6290593609399108733_n.jpg\",\"contentUrl\":\"https:\/\/panoramaciudadano.com\/wp-content\/uploads\/2024\/05\/401498640_919267042938564_6290593609399108733_n.jpg\",\"width\":960,\"height\":957,\"caption\":\"Panorama Ciudadano\"},\"image\":{\"@id\":\"https:\/\/panoramaciudadano.com\/#\/schema\/logo\/image\/\"},\"sameAs\":[\"https:\/\/www.facebook.com\/panoramaciudadano\"]},{\"@type\":\"Person\",\"@id\":\"https:\/\/panoramaciudadano.com\/#\/schema\/person\/ffe9fe8ef47d3a93977b5761fd9e0d96\",\"name\":\"admin\",\"image\":{\"@type\":\"ImageObject\",\"inLanguage\":\"es\",\"@id\":\"https:\/\/panoramaciudadano.com\/#\/schema\/person\/image\/\",\"url\":\"https:\/\/secure.gravatar.com\/avatar\/2d5a12cacce3f18096f25fadea8abb7202fef18ed669595589853e84260ff451?s=96&d=mm&r=g\",\"contentUrl\":\"https:\/\/secure.gravatar.com\/avatar\/2d5a12cacce3f18096f25fadea8abb7202fef18ed669595589853e84260ff451?s=96&d=mm&r=g\",\"caption\":\"admin\"},\"sameAs\":[\"https:\/\/panoramaciudadano.com\"],\"url\":\"https:\/\/panoramaciudadano.com\/index.php\/author\/admin_3q6hyqq3\/\"}]}<\/script>\n<!-- \/ Yoast SEO plugin. -->","yoast_head_json":{"title":"ESTEFANIA MERCADO REALIZA UNA PROVECHOSA VISITA A QUER\u00c9TARO - Panorama Ciudadano","robots":{"index":"index","follow":"follow","max-snippet":"max-snippet:-1","max-image-preview":"max-image-preview:large","max-video-preview":"max-video-preview:-1"},"canonical":"https:\/\/panoramaciudadano.com\/index.php\/2024\/07\/31\/estefania-mercado-realiza-una-provechosa-visita-a-queretaro\/","og_locale":"es_ES","og_type":"article","og_title":"ESTEFANIA MERCADO REALIZA UNA PROVECHOSA VISITA A QUER\u00c9TARO - Panorama Ciudadano","og_description":"La presidenta municipal electa de Solidaridad, Estefan\u00eda Mercado, realiz\u00f3 una provechosa visita a la entidad, a fin de conocer los casos de \u00e9xito en las gestiones a favor de quienes m\u00e1s lo necesitan.","og_url":"https:\/\/panoramaciudadano.com\/index.php\/2024\/07\/31\/estefania-mercado-realiza-una-provechosa-visita-a-queretaro\/","og_site_name":"Panorama Ciudadano","article_publisher":"https:\/\/www.facebook.com\/panoramaciudadano","article_published_time":"2024-07-31T16:04:57+00:00","article_modified_time":"2024-07-31T16:04:58+00:00","og_image":[{"width":960,"height":960,"url":"https:\/\/panoramaciudadano.com\/wp-content\/uploads\/2024\/07\/WhatsApp-Image-2024-07-31-at-07.39.08.jpeg","type":"image\/jpeg"}],"author":"admin","twitter_card":"summary_large_image","twitter_misc":{"Escrito por":"admin","Tiempo de lectura":"1 minuto"},"schema":{"@context":"https:\/\/schema.org","@graph":[{"@type":"Article","@id":"https:\/\/panoramaciudadano.com\/index.php\/2024\/07\/31\/estefania-mercado-realiza-una-provechosa-visita-a-queretaro\/#article","isPartOf":{"@id":"https:\/\/panoramaciudadano.com\/index.php\/2024\/07\/31\/estefania-mercado-realiza-una-provechosa-visita-a-queretaro\/"},"author":{"name":"admin","@id":"https:\/\/panoramaciudadano.com\/#\/schema\/person\/ffe9fe8ef47d3a93977b5761fd9e0d96"},"headline":"ESTEFANIA MERCADO REALIZA UNA PROVECHOSA VISITA A QUER\u00c9TARO","datePublished":"2024-07-31T16:04:57+00:00","dateModified":"2024-07-31T16:04:58+00:00","mainEntityOfPage":{"@id":"https:\/\/panoramaciudadano.com\/index.php\/2024\/07\/31\/estefania-mercado-realiza-una-provechosa-visita-a-queretaro\/"},"wordCount":148,"commentCount":0,"publisher":{"@id":"https:\/\/panoramaciudadano.com\/#organization"},"image":{"@id":"https:\/\/panoramaciudadano.com\/index.php\/2024\/07\/31\/estefania-mercado-realiza-una-provechosa-visita-a-queretaro\/#primaryimage"},"thumbnailUrl":"https:\/\/panoramaciudadano.com\/wp-content\/uploads\/2024\/07\/WhatsApp-Image-2024-07-31-at-07.39.08.jpeg","keywords":["Ayuntamiento de Solidaridad","Estefan\u00eda Mercado"],"articleSection":["Playa del Carmen"],"inLanguage":"es","potentialAction":[{"@type":"CommentAction","name":"Comment","target":["https:\/\/panoramaciudadano.com\/index.php\/2024\/07\/31\/estefania-mercado-realiza-una-provechosa-visita-a-queretaro\/#respond"]}]},{"@type":"WebPage","@id":"https:\/\/panoramaciudadano.com\/index.php\/2024\/07\/31\/estefania-mercado-realiza-una-provechosa-visita-a-queretaro\/","url":"https:\/\/panoramaciudadano.com\/index.php\/2024\/07\/31\/estefania-mercado-realiza-una-provechosa-visita-a-queretaro\/","name":"ESTEFANIA MERCADO REALIZA UNA PROVECHOSA VISITA A QUER\u00c9TARO - Panorama Ciudadano","isPartOf":{"@id":"https:\/\/panoramaciudadano.com\/#website"},"primaryImageOfPage":{"@id":"https:\/\/panoramaciudadano.com\/index.php\/2024\/07\/31\/estefania-mercado-realiza-una-provechosa-visita-a-queretaro\/#primaryimage"},"image":{"@id":"https:\/\/panoramaciudadano.com\/index.php\/2024\/07\/31\/estefania-mercado-realiza-una-provechosa-visita-a-queretaro\/#primaryimage"},"thumbnailUrl":"https:\/\/panoramaciudadano.com\/wp-content\/uploads\/2024\/07\/WhatsApp-Image-2024-07-31-at-07.39.08.jpeg","datePublished":"2024-07-31T16:04:57+00:00","dateModified":"2024-07-31T16:04:58+00:00","breadcrumb":{"@id":"https:\/\/panoramaciudadano.com\/index.php\/2024\/07\/31\/estefania-mercado-realiza-una-provechosa-visita-a-queretaro\/#breadcrumb"},"inLanguage":"es","potentialAction":[{"@type":"ReadAction","target":["https:\/\/panoramaciudadano.com\/index.php\/2024\/07\/31\/estefania-mercado-realiza-una-provechosa-visita-a-queretaro\/"]}]},{"@type":"ImageObject","inLanguage":"es","@id":"https:\/\/panoramaciudadano.com\/index.php\/2024\/07\/31\/estefania-mercado-realiza-una-provechosa-visita-a-queretaro\/#primaryimage","url":"https:\/\/panoramaciudadano.com\/wp-content\/uploads\/2024\/07\/WhatsApp-Image-2024-07-31-at-07.39.08.jpeg","contentUrl":"https:\/\/panoramaciudadano.com\/wp-content\/uploads\/2024\/07\/WhatsApp-Image-2024-07-31-at-07.39.08.jpeg","width":960,"height":960},{"@type":"BreadcrumbList","@id":"https:\/\/panoramaciudadano.com\/index.php\/2024\/07\/31\/estefania-mercado-realiza-una-provechosa-visita-a-queretaro\/#breadcrumb","itemListElement":[{"@type":"ListItem","position":1,"name":"Portada","item":"https:\/\/panoramaciudadano.com\/"},{"@type":"ListItem","position":2,"name":"ESTEFANIA MERCADO REALIZA UNA PROVECHOSA VISITA A QUER\u00c9TARO"}]},{"@type":"WebSite","@id":"https:\/\/panoramaciudadano.com\/#website","url":"https:\/\/panoramaciudadano.com\/","name":"Panorama Ciudadano","description":"","publisher":{"@id":"https:\/\/panoramaciudadano.com\/#organization"},"potentialAction":[{"@type":"SearchAction","target":{"@type":"EntryPoint","urlTemplate":"https:\/\/panoramaciudadano.com\/?s={search_term_string}"},"query-input":{"@type":"PropertyValueSpecification","valueRequired":true,"valueName":"search_term_string"}}],"inLanguage":"es"},{"@type":"Organization","@id":"https:\/\/panoramaciudadano.com\/#organization","name":"Panorama Ciudadano","url":"https:\/\/panoramaciudadano.com\/","logo":{"@type":"ImageObject","inLanguage":"es","@id":"https:\/\/panoramaciudadano.com\/#\/schema\/logo\/image\/","url":"https:\/\/panoramaciudadano.com\/wp-content\/uploads\/2024\/05\/401498640_919267042938564_6290593609399108733_n.jpg","contentUrl":"https:\/\/panoramaciudadano.com\/wp-content\/uploads\/2024\/05\/401498640_919267042938564_6290593609399108733_n.jpg","width":960,"height":957,"caption":"Panorama Ciudadano"},"image":{"@id":"https:\/\/panoramaciudadano.com\/#\/schema\/logo\/image\/"},"sameAs":["https:\/\/www.facebook.com\/panoramaciudadano"]},{"@type":"Person","@id":"https:\/\/panoramaciudadano.com\/#\/schema\/person\/ffe9fe8ef47d3a93977b5761fd9e0d96","name":"admin","image":{"@type":"ImageObject","inLanguage":"es","@id":"https:\/\/panoramaciudadano.com\/#\/schema\/person\/image\/","url":"https:\/\/secure.gravatar.com\/avatar\/2d5a12cacce3f18096f25fadea8abb7202fef18ed669595589853e84260ff451?s=96&d=mm&r=g","contentUrl":"https:\/\/secure.gravatar.com\/avatar\/2d5a12cacce3f18096f25fadea8abb7202fef18ed669595589853e84260ff451?s=96&d=mm&r=g","caption":"admin"},"sameAs":["https:\/\/panoramaciudadano.com"],"url":"https:\/\/panoramaciudadano.com\/index.php\/author\/admin_3q6hyqq3\/"}]}},"_links":{"self":[{"href":"https:\/\/panoramaciudadano.com\/index.php\/wp-json\/wp\/v2\/posts\/2322","targetHints":{"allow":["GET"]}}],"collection":[{"href":"https:\/\/panoramaciudadano.com\/index.php\/wp-json\/wp\/v2\/posts"}],"about":[{"href":"https:\/\/panoramaciudadano.com\/index.php\/wp-json\/wp\/v2\/types\/post"}],"author":[{"embeddable":true,"href":"https:\/\/panoramaciudadano.com\/index.php\/wp-json\/wp\/v2\/users\/1"}],"replies":[{"embeddable":true,"href":"https:\/\/panoramaciudadano.com\/index.php\/wp-json\/wp\/v2\/comments?post=2322"}],"version-history":[{"count":1,"href":"https:\/\/panoramaciudadano.com\/index.php\/wp-json\/wp\/v2\/posts\/2322\/revisions"}],"predecessor-version":[{"id":2324,"href":"https:\/\/panoramaciudadano.com\/index.php\/wp-json\/wp\/v2\/posts\/2322\/revisions\/2324"}],"wp:featuredmedia":[{"embeddable":true,"href":"https:\/\/panoramaciudadano.com\/index.php\/wp-json\/wp\/v2\/media\/2323"}],"wp:attachment":[{"href":"https:\/\/panoramaciudadano.com\/index.php\/wp-json\/wp\/v2\/media?parent=2322"}],"wp:term":[{"taxonomy":"category","embeddable":true,"href":"https:\/\/panoramaciudadano.com\/index.php\/wp-json\/wp\/v2\/categories?post=2322"},{"taxonomy":"post_tag","embeddable":true,"href":"https:\/\/panoramaciudadano.com\/index.php\/wp-json\/wp\/v2\/tags?post=2322"}],"curies":[{"name":"wp","href":"https:\/\/api.w.org\/{rel}","templated":true}]}}