{"id":2342,"date":"2024-07-31T19:57:28","date_gmt":"2024-07-31T19:57:28","guid":{"rendered":"https:\/\/panoramaciudadano.com\/?p=2342"},"modified":"2024-07-31T19:57:30","modified_gmt":"2024-07-31T19:57:30","slug":"gobierno-de-atenea-gomez-ricalde-trabaja-para-promover-el-desarrollo-de-infancias-sanas-en-isla-mujeres","status":"publish","type":"post","link":"https:\/\/panoramaciudadano.com\/index.php\/2024\/07\/31\/gobierno-de-atenea-gomez-ricalde-trabaja-para-promover-el-desarrollo-de-infancias-sanas-en-isla-mujeres\/","title":{"rendered":"Gobierno de Atenea G\u00f3mez Ricalde trabaja para promover el desarrollo de infancias sanas en Isla Mujeres"},"content":{"rendered":"\n<figure class=\"wp-block-image size-large\"><img decoding=\"async\" width=\"1024\" height=\"682\" src=\"https:\/\/panoramaciudadano.com\/wp-content\/uploads\/2024\/07\/WhatsApp-Image-2024-07-31-at-07.47.27-1024x682.jpeg\" alt=\"\" class=\"wp-image-2343\" srcset=\"https:\/\/panoramaciudadano.com\/wp-content\/uploads\/2024\/07\/WhatsApp-Image-2024-07-31-at-07.47.27-1024x682.jpeg 1024w, https:\/\/panoramaciudadano.com\/wp-content\/uploads\/2024\/07\/WhatsApp-Image-2024-07-31-at-07.47.27-300x200.jpeg 300w, https:\/\/panoramaciudadano.com\/wp-content\/uploads\/2024\/07\/WhatsApp-Image-2024-07-31-at-07.47.27-768x512.jpeg 768w, https:\/\/panoramaciudadano.com\/wp-content\/uploads\/2024\/07\/WhatsApp-Image-2024-07-31-at-07.47.27.jpeg 1081w\" sizes=\"(max-width: 1024px) 100vw, 1024px\" \/><\/figure>\n\n\n\n<p>La Presidenta Municipal de Isla Mujeres, Atenea G\u00f3mez Ricalde, visit\u00f3 a las ni\u00f1as y ni\u00f1os que participan en el curso de Verano \u201cBaaxlo\u00b4op Paalalo\u00b4op\u201d, en la Zona Continental, refrendando su compromiso de promover el desarrollo de infancias sanas.<\/p>\n\n\n\n<p>Durante su visita, Atenea G\u00f3mez supervis\u00f3 las distintas actividades recreativas que se realizan como danza, box, taekwondo, b\u00e1squetbol, futbol, talleres relacionados con el cuidado del medio ambiente, arte y manualidades, entre otras.<\/p>\n\n\n\n<p>El curso de verano se lleva a cabo en las instalaciones del Centro Comunitario de la Zona Continental, con la participaci\u00f3n de 77 ni\u00f1as y ni\u00f1os de 6 a 12 a\u00f1os, quienes adem\u00e1s de jugar divertirse, aprenden sobre valores de respeto, toleracia y la no discriminaci\u00f3n.<\/p>\n\n\n\n<figure class=\"wp-block-gallery has-nested-images columns-default is-cropped wp-block-gallery-1 is-layout-flex wp-block-gallery-is-layout-flex\">\n<figure class=\"wp-block-image size-large\"><img decoding=\"async\" width=\"1024\" height=\"682\" data-id=\"2344\" src=\"https:\/\/panoramaciudadano.com\/wp-content\/uploads\/2024\/07\/2-117-1024x682.jpeg\" alt=\"\" class=\"wp-image-2344\" srcset=\"https:\/\/panoramaciudadano.com\/wp-content\/uploads\/2024\/07\/2-117-1024x682.jpeg 1024w, https:\/\/panoramaciudadano.com\/wp-content\/uploads\/2024\/07\/2-117-300x200.jpeg 300w, https:\/\/panoramaciudadano.com\/wp-content\/uploads\/2024\/07\/2-117-768x512.jpeg 768w, https:\/\/panoramaciudadano.com\/wp-content\/uploads\/2024\/07\/2-117.jpeg 1081w\" sizes=\"(max-width: 1024px) 100vw, 1024px\" \/><\/figure>\n\n\n\n<figure class=\"wp-block-image size-large\"><img decoding=\"async\" width=\"1024\" height=\"682\" data-id=\"2345\" src=\"https:\/\/panoramaciudadano.com\/wp-content\/uploads\/2024\/07\/3-104-1024x682.jpeg\" alt=\"\" class=\"wp-image-2345\" srcset=\"https:\/\/panoramaciudadano.com\/wp-content\/uploads\/2024\/07\/3-104-1024x682.jpeg 1024w, https:\/\/panoramaciudadano.com\/wp-content\/uploads\/2024\/07\/3-104-300x200.jpeg 300w, https:\/\/panoramaciudadano.com\/wp-content\/uploads\/2024\/07\/3-104-768x512.jpeg 768w, https:\/\/panoramaciudadano.com\/wp-content\/uploads\/2024\/07\/3-104.jpeg 1081w\" sizes=\"(max-width: 1024px) 100vw, 1024px\" \/><\/figure>\n<\/figure>\n\n\n\n<p>La alcaldesa isle\u00f1a jug\u00f3 con los peque\u00f1ines, destacando que es muy importante fomentar infancias felices, por ello en su Gobierno se trabaja con el coraz\u00f3n por el bienestar de las ni\u00f1as y ni\u00f1os.<\/p>\n\n\n\n<p>El curso de verano Baaxlo\u00b4op Paalalo\u00b4op 2024, m\u00e1s que un espacio de libre esparcimiento es tambi\u00e9n un espacio donde se les brinda a las y los peque\u00f1itos, la oportunidad de desarrollar destrezas y habilidades para socializar e interactuar con ni\u00f1os de su misma edad, en un ambiente protegido y seguro.<\/p>\n\n\n\n<p>El Gobierno Municipal ha abanderado esta causa, construyendo y rehabilitando parques infantiles dignos y de calidad, para que los infantes disfruten en estos espacios, los momentos m\u00e1s memorables de su ni\u00f1ez.<\/p>\n","protected":false},"excerpt":{"rendered":"<p>El curso de verano se lleva a cabo en las instalaciones del Centro Comunitario de la Zona Continental, con la participaci\u00f3n de 77 ni\u00f1as y ni\u00f1os de 6 a 12 a\u00f1os, quienes adem\u00e1s de jugar divertirse, aprenden sobre valores de respeto, toleracia y la no discriminaci\u00f3n.<\/p>\n","protected":false},"author":1,"featured_media":2344,"comment_status":"open","ping_status":"closed","sticky":false,"template":"","format":"standard","meta":{"footnotes":""},"categories":[12],"tags":[336],"class_list":["post-2342","post","type-post","status-publish","format-standard","has-post-thumbnail","hentry","category-isla-mujeres","tag-atenea-gomez-ricalde"],"yoast_head":"<!-- This site is optimized with the Yoast SEO plugin v27.1.1 - https:\/\/yoast.com\/product\/yoast-seo-wordpress\/ -->\n<title>Gobierno de Atenea G\u00f3mez Ricalde trabaja para promover el desarrollo de infancias sanas en Isla Mujeres - Panorama Ciudadano<\/title>\n<meta name=\"robots\" content=\"index, follow, max-snippet:-1, max-image-preview:large, max-video-preview:-1\" \/>\n<link rel=\"canonical\" href=\"https:\/\/panoramaciudadano.com\/index.php\/2024\/07\/31\/gobierno-de-atenea-gomez-ricalde-trabaja-para-promover-el-desarrollo-de-infancias-sanas-en-isla-mujeres\/\" \/>\n<meta property=\"og:locale\" content=\"es_ES\" \/>\n<meta property=\"og:type\" content=\"article\" \/>\n<meta property=\"og:title\" content=\"Gobierno de Atenea G\u00f3mez Ricalde trabaja para promover el desarrollo de infancias sanas en Isla Mujeres - Panorama Ciudadano\" \/>\n<meta property=\"og:description\" content=\"El curso de verano se lleva a cabo en las instalaciones del Centro Comunitario de la Zona Continental, con la participaci\u00f3n de 77 ni\u00f1as y ni\u00f1os de 6 a 12 a\u00f1os, quienes adem\u00e1s de jugar divertirse, aprenden sobre valores de respeto, toleracia y la no discriminaci\u00f3n.\" \/>\n<meta property=\"og:url\" content=\"https:\/\/panoramaciudadano.com\/index.php\/2024\/07\/31\/gobierno-de-atenea-gomez-ricalde-trabaja-para-promover-el-desarrollo-de-infancias-sanas-en-isla-mujeres\/\" \/>\n<meta property=\"og:site_name\" content=\"Panorama Ciudadano\" \/>\n<meta property=\"article:publisher\" content=\"https:\/\/www.facebook.com\/panoramaciudadano\" \/>\n<meta property=\"article:published_time\" content=\"2024-07-31T19:57:28+00:00\" \/>\n<meta property=\"article:modified_time\" content=\"2024-07-31T19:57:30+00:00\" \/>\n<meta property=\"og:image\" content=\"https:\/\/panoramaciudadano.com\/wp-content\/uploads\/2024\/07\/2-117.jpeg\" \/>\n\t<meta property=\"og:image:width\" content=\"1081\" \/>\n\t<meta property=\"og:image:height\" content=\"720\" \/>\n\t<meta property=\"og:image:type\" content=\"image\/jpeg\" \/>\n<meta name=\"author\" content=\"admin\" \/>\n<meta name=\"twitter:card\" content=\"summary_large_image\" \/>\n<meta name=\"twitter:label1\" content=\"Escrito por\" \/>\n\t<meta name=\"twitter:data1\" content=\"admin\" \/>\n\t<meta name=\"twitter:label2\" content=\"Tiempo de lectura\" \/>\n\t<meta name=\"twitter:data2\" content=\"2 minutos\" \/>\n<script type=\"application\/ld+json\" class=\"yoast-schema-graph\">{\"@context\":\"https:\/\/schema.org\",\"@graph\":[{\"@type\":\"Article\",\"@id\":\"https:\/\/panoramaciudadano.com\/index.php\/2024\/07\/31\/gobierno-de-atenea-gomez-ricalde-trabaja-para-promover-el-desarrollo-de-infancias-sanas-en-isla-mujeres\/#article\",\"isPartOf\":{\"@id\":\"https:\/\/panoramaciudadano.com\/index.php\/2024\/07\/31\/gobierno-de-atenea-gomez-ricalde-trabaja-para-promover-el-desarrollo-de-infancias-sanas-en-isla-mujeres\/\"},\"author\":{\"name\":\"admin\",\"@id\":\"https:\/\/panoramaciudadano.com\/#\/schema\/person\/ffe9fe8ef47d3a93977b5761fd9e0d96\"},\"headline\":\"Gobierno de Atenea G\u00f3mez Ricalde trabaja para promover el desarrollo de infancias sanas en Isla Mujeres\",\"datePublished\":\"2024-07-31T19:57:28+00:00\",\"dateModified\":\"2024-07-31T19:57:30+00:00\",\"mainEntityOfPage\":{\"@id\":\"https:\/\/panoramaciudadano.com\/index.php\/2024\/07\/31\/gobierno-de-atenea-gomez-ricalde-trabaja-para-promover-el-desarrollo-de-infancias-sanas-en-isla-mujeres\/\"},\"wordCount\":269,\"commentCount\":0,\"publisher\":{\"@id\":\"https:\/\/panoramaciudadano.com\/#organization\"},\"image\":{\"@id\":\"https:\/\/panoramaciudadano.com\/index.php\/2024\/07\/31\/gobierno-de-atenea-gomez-ricalde-trabaja-para-promover-el-desarrollo-de-infancias-sanas-en-isla-mujeres\/#primaryimage\"},\"thumbnailUrl\":\"https:\/\/panoramaciudadano.com\/wp-content\/uploads\/2024\/07\/2-117.jpeg\",\"keywords\":[\"Atenea G\u00f3mez Ricalde\"],\"articleSection\":[\"Isla Mujeres\"],\"inLanguage\":\"es\",\"potentialAction\":[{\"@type\":\"CommentAction\",\"name\":\"Comment\",\"target\":[\"https:\/\/panoramaciudadano.com\/index.php\/2024\/07\/31\/gobierno-de-atenea-gomez-ricalde-trabaja-para-promover-el-desarrollo-de-infancias-sanas-en-isla-mujeres\/#respond\"]}]},{\"@type\":\"WebPage\",\"@id\":\"https:\/\/panoramaciudadano.com\/index.php\/2024\/07\/31\/gobierno-de-atenea-gomez-ricalde-trabaja-para-promover-el-desarrollo-de-infancias-sanas-en-isla-mujeres\/\",\"url\":\"https:\/\/panoramaciudadano.com\/index.php\/2024\/07\/31\/gobierno-de-atenea-gomez-ricalde-trabaja-para-promover-el-desarrollo-de-infancias-sanas-en-isla-mujeres\/\",\"name\":\"Gobierno de Atenea G\u00f3mez Ricalde trabaja para promover el desarrollo de infancias sanas en Isla Mujeres - Panorama Ciudadano\",\"isPartOf\":{\"@id\":\"https:\/\/panoramaciudadano.com\/#website\"},\"primaryImageOfPage\":{\"@id\":\"https:\/\/panoramaciudadano.com\/index.php\/2024\/07\/31\/gobierno-de-atenea-gomez-ricalde-trabaja-para-promover-el-desarrollo-de-infancias-sanas-en-isla-mujeres\/#primaryimage\"},\"image\":{\"@id\":\"https:\/\/panoramaciudadano.com\/index.php\/2024\/07\/31\/gobierno-de-atenea-gomez-ricalde-trabaja-para-promover-el-desarrollo-de-infancias-sanas-en-isla-mujeres\/#primaryimage\"},\"thumbnailUrl\":\"https:\/\/panoramaciudadano.com\/wp-content\/uploads\/2024\/07\/2-117.jpeg\",\"datePublished\":\"2024-07-31T19:57:28+00:00\",\"dateModified\":\"2024-07-31T19:57:30+00:00\",\"breadcrumb\":{\"@id\":\"https:\/\/panoramaciudadano.com\/index.php\/2024\/07\/31\/gobierno-de-atenea-gomez-ricalde-trabaja-para-promover-el-desarrollo-de-infancias-sanas-en-isla-mujeres\/#breadcrumb\"},\"inLanguage\":\"es\",\"potentialAction\":[{\"@type\":\"ReadAction\",\"target\":[\"https:\/\/panoramaciudadano.com\/index.php\/2024\/07\/31\/gobierno-de-atenea-gomez-ricalde-trabaja-para-promover-el-desarrollo-de-infancias-sanas-en-isla-mujeres\/\"]}]},{\"@type\":\"ImageObject\",\"inLanguage\":\"es\",\"@id\":\"https:\/\/panoramaciudadano.com\/index.php\/2024\/07\/31\/gobierno-de-atenea-gomez-ricalde-trabaja-para-promover-el-desarrollo-de-infancias-sanas-en-isla-mujeres\/#primaryimage\",\"url\":\"https:\/\/panoramaciudadano.com\/wp-content\/uploads\/2024\/07\/2-117.jpeg\",\"contentUrl\":\"https:\/\/panoramaciudadano.com\/wp-content\/uploads\/2024\/07\/2-117.jpeg\",\"width\":1081,\"height\":720},{\"@type\":\"BreadcrumbList\",\"@id\":\"https:\/\/panoramaciudadano.com\/index.php\/2024\/07\/31\/gobierno-de-atenea-gomez-ricalde-trabaja-para-promover-el-desarrollo-de-infancias-sanas-en-isla-mujeres\/#breadcrumb\",\"itemListElement\":[{\"@type\":\"ListItem\",\"position\":1,\"name\":\"Portada\",\"item\":\"https:\/\/panoramaciudadano.com\/\"},{\"@type\":\"ListItem\",\"position\":2,\"name\":\"Gobierno de Atenea G\u00f3mez Ricalde trabaja para promover el desarrollo de infancias sanas en Isla Mujeres\"}]},{\"@type\":\"WebSite\",\"@id\":\"https:\/\/panoramaciudadano.com\/#website\",\"url\":\"https:\/\/panoramaciudadano.com\/\",\"name\":\"Panorama Ciudadano\",\"description\":\"\",\"publisher\":{\"@id\":\"https:\/\/panoramaciudadano.com\/#organization\"},\"potentialAction\":[{\"@type\":\"SearchAction\",\"target\":{\"@type\":\"EntryPoint\",\"urlTemplate\":\"https:\/\/panoramaciudadano.com\/?s={search_term_string}\"},\"query-input\":{\"@type\":\"PropertyValueSpecification\",\"valueRequired\":true,\"valueName\":\"search_term_string\"}}],\"inLanguage\":\"es\"},{\"@type\":\"Organization\",\"@id\":\"https:\/\/panoramaciudadano.com\/#organization\",\"name\":\"Panorama Ciudadano\",\"url\":\"https:\/\/panoramaciudadano.com\/\",\"logo\":{\"@type\":\"ImageObject\",\"inLanguage\":\"es\",\"@id\":\"https:\/\/panoramaciudadano.com\/#\/schema\/logo\/image\/\",\"url\":\"https:\/\/panoramaciudadano.com\/wp-content\/uploads\/2024\/05\/401498640_919267042938564_6290593609399108733_n.jpg\",\"contentUrl\":\"https:\/\/panoramaciudadano.com\/wp-content\/uploads\/2024\/05\/401498640_919267042938564_6290593609399108733_n.jpg\",\"width\":960,\"height\":957,\"caption\":\"Panorama Ciudadano\"},\"image\":{\"@id\":\"https:\/\/panoramaciudadano.com\/#\/schema\/logo\/image\/\"},\"sameAs\":[\"https:\/\/www.facebook.com\/panoramaciudadano\"]},{\"@type\":\"Person\",\"@id\":\"https:\/\/panoramaciudadano.com\/#\/schema\/person\/ffe9fe8ef47d3a93977b5761fd9e0d96\",\"name\":\"admin\",\"image\":{\"@type\":\"ImageObject\",\"inLanguage\":\"es\",\"@id\":\"https:\/\/panoramaciudadano.com\/#\/schema\/person\/image\/\",\"url\":\"https:\/\/secure.gravatar.com\/avatar\/2d5a12cacce3f18096f25fadea8abb7202fef18ed669595589853e84260ff451?s=96&d=mm&r=g\",\"contentUrl\":\"https:\/\/secure.gravatar.com\/avatar\/2d5a12cacce3f18096f25fadea8abb7202fef18ed669595589853e84260ff451?s=96&d=mm&r=g\",\"caption\":\"admin\"},\"sameAs\":[\"https:\/\/panoramaciudadano.com\"],\"url\":\"https:\/\/panoramaciudadano.com\/index.php\/author\/admin_3q6hyqq3\/\"}]}<\/script>\n<!-- \/ Yoast SEO plugin. -->","yoast_head_json":{"title":"Gobierno de Atenea G\u00f3mez Ricalde trabaja para promover el desarrollo de infancias sanas en Isla Mujeres - Panorama Ciudadano","robots":{"index":"index","follow":"follow","max-snippet":"max-snippet:-1","max-image-preview":"max-image-preview:large","max-video-preview":"max-video-preview:-1"},"canonical":"https:\/\/panoramaciudadano.com\/index.php\/2024\/07\/31\/gobierno-de-atenea-gomez-ricalde-trabaja-para-promover-el-desarrollo-de-infancias-sanas-en-isla-mujeres\/","og_locale":"es_ES","og_type":"article","og_title":"Gobierno de Atenea G\u00f3mez Ricalde trabaja para promover el desarrollo de infancias sanas en Isla Mujeres - Panorama Ciudadano","og_description":"El curso de verano se lleva a cabo en las instalaciones del Centro Comunitario de la Zona Continental, con la participaci\u00f3n de 77 ni\u00f1as y ni\u00f1os de 6 a 12 a\u00f1os, quienes adem\u00e1s de jugar divertirse, aprenden sobre valores de respeto, toleracia y la no discriminaci\u00f3n.","og_url":"https:\/\/panoramaciudadano.com\/index.php\/2024\/07\/31\/gobierno-de-atenea-gomez-ricalde-trabaja-para-promover-el-desarrollo-de-infancias-sanas-en-isla-mujeres\/","og_site_name":"Panorama Ciudadano","article_publisher":"https:\/\/www.facebook.com\/panoramaciudadano","article_published_time":"2024-07-31T19:57:28+00:00","article_modified_time":"2024-07-31T19:57:30+00:00","og_image":[{"width":1081,"height":720,"url":"https:\/\/panoramaciudadano.com\/wp-content\/uploads\/2024\/07\/2-117.jpeg","type":"image\/jpeg"}],"author":"admin","twitter_card":"summary_large_image","twitter_misc":{"Escrito por":"admin","Tiempo de lectura":"2 minutos"},"schema":{"@context":"https:\/\/schema.org","@graph":[{"@type":"Article","@id":"https:\/\/panoramaciudadano.com\/index.php\/2024\/07\/31\/gobierno-de-atenea-gomez-ricalde-trabaja-para-promover-el-desarrollo-de-infancias-sanas-en-isla-mujeres\/#article","isPartOf":{"@id":"https:\/\/panoramaciudadano.com\/index.php\/2024\/07\/31\/gobierno-de-atenea-gomez-ricalde-trabaja-para-promover-el-desarrollo-de-infancias-sanas-en-isla-mujeres\/"},"author":{"name":"admin","@id":"https:\/\/panoramaciudadano.com\/#\/schema\/person\/ffe9fe8ef47d3a93977b5761fd9e0d96"},"headline":"Gobierno de Atenea G\u00f3mez Ricalde trabaja para promover el desarrollo de infancias sanas en Isla Mujeres","datePublished":"2024-07-31T19:57:28+00:00","dateModified":"2024-07-31T19:57:30+00:00","mainEntityOfPage":{"@id":"https:\/\/panoramaciudadano.com\/index.php\/2024\/07\/31\/gobierno-de-atenea-gomez-ricalde-trabaja-para-promover-el-desarrollo-de-infancias-sanas-en-isla-mujeres\/"},"wordCount":269,"commentCount":0,"publisher":{"@id":"https:\/\/panoramaciudadano.com\/#organization"},"image":{"@id":"https:\/\/panoramaciudadano.com\/index.php\/2024\/07\/31\/gobierno-de-atenea-gomez-ricalde-trabaja-para-promover-el-desarrollo-de-infancias-sanas-en-isla-mujeres\/#primaryimage"},"thumbnailUrl":"https:\/\/panoramaciudadano.com\/wp-content\/uploads\/2024\/07\/2-117.jpeg","keywords":["Atenea G\u00f3mez Ricalde"],"articleSection":["Isla Mujeres"],"inLanguage":"es","potentialAction":[{"@type":"CommentAction","name":"Comment","target":["https:\/\/panoramaciudadano.com\/index.php\/2024\/07\/31\/gobierno-de-atenea-gomez-ricalde-trabaja-para-promover-el-desarrollo-de-infancias-sanas-en-isla-mujeres\/#respond"]}]},{"@type":"WebPage","@id":"https:\/\/panoramaciudadano.com\/index.php\/2024\/07\/31\/gobierno-de-atenea-gomez-ricalde-trabaja-para-promover-el-desarrollo-de-infancias-sanas-en-isla-mujeres\/","url":"https:\/\/panoramaciudadano.com\/index.php\/2024\/07\/31\/gobierno-de-atenea-gomez-ricalde-trabaja-para-promover-el-desarrollo-de-infancias-sanas-en-isla-mujeres\/","name":"Gobierno de Atenea G\u00f3mez Ricalde trabaja para promover el desarrollo de infancias sanas en Isla Mujeres - Panorama Ciudadano","isPartOf":{"@id":"https:\/\/panoramaciudadano.com\/#website"},"primaryImageOfPage":{"@id":"https:\/\/panoramaciudadano.com\/index.php\/2024\/07\/31\/gobierno-de-atenea-gomez-ricalde-trabaja-para-promover-el-desarrollo-de-infancias-sanas-en-isla-mujeres\/#primaryimage"},"image":{"@id":"https:\/\/panoramaciudadano.com\/index.php\/2024\/07\/31\/gobierno-de-atenea-gomez-ricalde-trabaja-para-promover-el-desarrollo-de-infancias-sanas-en-isla-mujeres\/#primaryimage"},"thumbnailUrl":"https:\/\/panoramaciudadano.com\/wp-content\/uploads\/2024\/07\/2-117.jpeg","datePublished":"2024-07-31T19:57:28+00:00","dateModified":"2024-07-31T19:57:30+00:00","breadcrumb":{"@id":"https:\/\/panoramaciudadano.com\/index.php\/2024\/07\/31\/gobierno-de-atenea-gomez-ricalde-trabaja-para-promover-el-desarrollo-de-infancias-sanas-en-isla-mujeres\/#breadcrumb"},"inLanguage":"es","potentialAction":[{"@type":"ReadAction","target":["https:\/\/panoramaciudadano.com\/index.php\/2024\/07\/31\/gobierno-de-atenea-gomez-ricalde-trabaja-para-promover-el-desarrollo-de-infancias-sanas-en-isla-mujeres\/"]}]},{"@type":"ImageObject","inLanguage":"es","@id":"https:\/\/panoramaciudadano.com\/index.php\/2024\/07\/31\/gobierno-de-atenea-gomez-ricalde-trabaja-para-promover-el-desarrollo-de-infancias-sanas-en-isla-mujeres\/#primaryimage","url":"https:\/\/panoramaciudadano.com\/wp-content\/uploads\/2024\/07\/2-117.jpeg","contentUrl":"https:\/\/panoramaciudadano.com\/wp-content\/uploads\/2024\/07\/2-117.jpeg","width":1081,"height":720},{"@type":"BreadcrumbList","@id":"https:\/\/panoramaciudadano.com\/index.php\/2024\/07\/31\/gobierno-de-atenea-gomez-ricalde-trabaja-para-promover-el-desarrollo-de-infancias-sanas-en-isla-mujeres\/#breadcrumb","itemListElement":[{"@type":"ListItem","position":1,"name":"Portada","item":"https:\/\/panoramaciudadano.com\/"},{"@type":"ListItem","position":2,"name":"Gobierno de Atenea G\u00f3mez Ricalde trabaja para promover el desarrollo de infancias sanas en Isla Mujeres"}]},{"@type":"WebSite","@id":"https:\/\/panoramaciudadano.com\/#website","url":"https:\/\/panoramaciudadano.com\/","name":"Panorama Ciudadano","description":"","publisher":{"@id":"https:\/\/panoramaciudadano.com\/#organization"},"potentialAction":[{"@type":"SearchAction","target":{"@type":"EntryPoint","urlTemplate":"https:\/\/panoramaciudadano.com\/?s={search_term_string}"},"query-input":{"@type":"PropertyValueSpecification","valueRequired":true,"valueName":"search_term_string"}}],"inLanguage":"es"},{"@type":"Organization","@id":"https:\/\/panoramaciudadano.com\/#organization","name":"Panorama Ciudadano","url":"https:\/\/panoramaciudadano.com\/","logo":{"@type":"ImageObject","inLanguage":"es","@id":"https:\/\/panoramaciudadano.com\/#\/schema\/logo\/image\/","url":"https:\/\/panoramaciudadano.com\/wp-content\/uploads\/2024\/05\/401498640_919267042938564_6290593609399108733_n.jpg","contentUrl":"https:\/\/panoramaciudadano.com\/wp-content\/uploads\/2024\/05\/401498640_919267042938564_6290593609399108733_n.jpg","width":960,"height":957,"caption":"Panorama Ciudadano"},"image":{"@id":"https:\/\/panoramaciudadano.com\/#\/schema\/logo\/image\/"},"sameAs":["https:\/\/www.facebook.com\/panoramaciudadano"]},{"@type":"Person","@id":"https:\/\/panoramaciudadano.com\/#\/schema\/person\/ffe9fe8ef47d3a93977b5761fd9e0d96","name":"admin","image":{"@type":"ImageObject","inLanguage":"es","@id":"https:\/\/panoramaciudadano.com\/#\/schema\/person\/image\/","url":"https:\/\/secure.gravatar.com\/avatar\/2d5a12cacce3f18096f25fadea8abb7202fef18ed669595589853e84260ff451?s=96&d=mm&r=g","contentUrl":"https:\/\/secure.gravatar.com\/avatar\/2d5a12cacce3f18096f25fadea8abb7202fef18ed669595589853e84260ff451?s=96&d=mm&r=g","caption":"admin"},"sameAs":["https:\/\/panoramaciudadano.com"],"url":"https:\/\/panoramaciudadano.com\/index.php\/author\/admin_3q6hyqq3\/"}]}},"_links":{"self":[{"href":"https:\/\/panoramaciudadano.com\/index.php\/wp-json\/wp\/v2\/posts\/2342","targetHints":{"allow":["GET"]}}],"collection":[{"href":"https:\/\/panoramaciudadano.com\/index.php\/wp-json\/wp\/v2\/posts"}],"about":[{"href":"https:\/\/panoramaciudadano.com\/index.php\/wp-json\/wp\/v2\/types\/post"}],"author":[{"embeddable":true,"href":"https:\/\/panoramaciudadano.com\/index.php\/wp-json\/wp\/v2\/users\/1"}],"replies":[{"embeddable":true,"href":"https:\/\/panoramaciudadano.com\/index.php\/wp-json\/wp\/v2\/comments?post=2342"}],"version-history":[{"count":1,"href":"https:\/\/panoramaciudadano.com\/index.php\/wp-json\/wp\/v2\/posts\/2342\/revisions"}],"predecessor-version":[{"id":2346,"href":"https:\/\/panoramaciudadano.com\/index.php\/wp-json\/wp\/v2\/posts\/2342\/revisions\/2346"}],"wp:featuredmedia":[{"embeddable":true,"href":"https:\/\/panoramaciudadano.com\/index.php\/wp-json\/wp\/v2\/media\/2344"}],"wp:attachment":[{"href":"https:\/\/panoramaciudadano.com\/index.php\/wp-json\/wp\/v2\/media?parent=2342"}],"wp:term":[{"taxonomy":"category","embeddable":true,"href":"https:\/\/panoramaciudadano.com\/index.php\/wp-json\/wp\/v2\/categories?post=2342"},{"taxonomy":"post_tag","embeddable":true,"href":"https:\/\/panoramaciudadano.com\/index.php\/wp-json\/wp\/v2\/tags?post=2342"}],"curies":[{"name":"wp","href":"https:\/\/api.w.org\/{rel}","templated":true}]}}