{"id":2474,"date":"2024-08-02T14:04:14","date_gmt":"2024-08-02T14:04:14","guid":{"rendered":"https:\/\/panoramaciudadano.com\/?p=2474"},"modified":"2024-08-02T14:04:15","modified_gmt":"2024-08-02T14:04:15","slug":"gobierno-de-isla-mujeres-a-la-vanguardia-en-politica-de-servicios-publicos","status":"publish","type":"post","link":"https:\/\/panoramaciudadano.com\/index.php\/2024\/08\/02\/gobierno-de-isla-mujeres-a-la-vanguardia-en-politica-de-servicios-publicos\/","title":{"rendered":"Gobierno de Isla Mujeres, a la vanguardia en pol\u00edtica de servicios p\u00fablicos"},"content":{"rendered":"\n<figure class=\"wp-block-image size-large\"><img decoding=\"async\" width=\"1024\" height=\"682\" src=\"https:\/\/panoramaciudadano.com\/wp-content\/uploads\/2024\/08\/WhatsApp-Image-2024-08-02-at-07.25.52-1024x682.jpeg\" alt=\"\" class=\"wp-image-2475\" srcset=\"https:\/\/panoramaciudadano.com\/wp-content\/uploads\/2024\/08\/WhatsApp-Image-2024-08-02-at-07.25.52-1024x682.jpeg 1024w, https:\/\/panoramaciudadano.com\/wp-content\/uploads\/2024\/08\/WhatsApp-Image-2024-08-02-at-07.25.52-300x200.jpeg 300w, https:\/\/panoramaciudadano.com\/wp-content\/uploads\/2024\/08\/WhatsApp-Image-2024-08-02-at-07.25.52-768x512.jpeg 768w, https:\/\/panoramaciudadano.com\/wp-content\/uploads\/2024\/08\/WhatsApp-Image-2024-08-02-at-07.25.52.jpeg 1081w\" sizes=\"(max-width: 1024px) 100vw, 1024px\" \/><\/figure>\n\n\n\n<p>El Gobierno Municipal, que encabeza la alcaldesa Atenea G\u00f3mez Ricalde, est\u00e1 transformando y modernizando los servicios p\u00fablicos, con la adquisici\u00f3n de una nueva tolva con prensa hidr\u00e1ulica para compactar los residuos s\u00f3lidos, que forma parte del nuevo equipamiento de la Estaci\u00f3n de Transferencia.<\/p>\n\n\n\n<p>Atenea G\u00f3mez, explic\u00f3 que a trav\u00e9s de la tolva se podr\u00e1 optimizar el proceso de carga, descarga y traslado final de los residuos s\u00f3lidos, lo que generar\u00e1 entornos saludables y el cuidado del medio ambiente, en beneficio de la comunidad isle\u00f1a.<\/p>\n\n\n\n<p>La alcaldesa, record\u00f3 que al inicio de su Gobierno se recolectaron m\u00e1s de 30 mil toneladas de basura durante los primeros 100 d\u00edas, saneando en tiempo r\u00e9cord la Estaci\u00f3n de Transferencia, la cual estaba en completo abandono y sin condiciones dignas para el personal.<\/p>\n\n\n\n<figure class=\"wp-block-gallery has-nested-images columns-default is-cropped wp-block-gallery-1 is-layout-flex wp-block-gallery-is-layout-flex\">\n<figure class=\"wp-block-image size-large\"><img decoding=\"async\" width=\"1024\" height=\"716\" data-id=\"2477\" src=\"https:\/\/panoramaciudadano.com\/wp-content\/uploads\/2024\/08\/2-16-1024x716.jpeg\" alt=\"\" class=\"wp-image-2477\" srcset=\"https:\/\/panoramaciudadano.com\/wp-content\/uploads\/2024\/08\/2-16-1024x716.jpeg 1024w, https:\/\/panoramaciudadano.com\/wp-content\/uploads\/2024\/08\/2-16-300x210.jpeg 300w, https:\/\/panoramaciudadano.com\/wp-content\/uploads\/2024\/08\/2-16-768x537.jpeg 768w, https:\/\/panoramaciudadano.com\/wp-content\/uploads\/2024\/08\/2-16.jpeg 1080w\" sizes=\"(max-width: 1024px) 100vw, 1024px\" \/><\/figure>\n\n\n\n<figure class=\"wp-block-image size-large\"><img decoding=\"async\" width=\"1024\" height=\"682\" data-id=\"2476\" src=\"https:\/\/panoramaciudadano.com\/wp-content\/uploads\/2024\/08\/3-9-1024x682.jpeg\" alt=\"\" class=\"wp-image-2476\" srcset=\"https:\/\/panoramaciudadano.com\/wp-content\/uploads\/2024\/08\/3-9-1024x682.jpeg 1024w, https:\/\/panoramaciudadano.com\/wp-content\/uploads\/2024\/08\/3-9-300x200.jpeg 300w, https:\/\/panoramaciudadano.com\/wp-content\/uploads\/2024\/08\/3-9-768x512.jpeg 768w, https:\/\/panoramaciudadano.com\/wp-content\/uploads\/2024\/08\/3-9.jpeg 1081w\" sizes=\"(max-width: 1024px) 100vw, 1024px\" \/><\/figure>\n<\/figure>\n\n\n\n<blockquote class=\"wp-block-quote is-layout-flow wp-block-quote-is-layout-flow\">\n<p>\u201cEstamos sentando las bases para una pol\u00edtica de servicios p\u00fablicos a largo plazo. Gracias a esta nueva tolva, evitaremos que se vuelva acumular la basura en la Unidad de Transferencia\u201d, reiter\u00f3 la Presidenta Municipal.<\/p>\n<\/blockquote>\n\n\n\n<p>Atenea G\u00f3mez detall\u00f3 que la eficiencia de los servicios p\u00fablicos y en particular la recolecci\u00f3n de basura, son clave en su Gobierno para mantener limpia, ordenada y bonita Isla Mujeres.<\/p>\n\n\n\n<p>La Estaci\u00f3n de Transferencia tambi\u00e9n cuenta con nuevas oficinas administrativas, comedor, lavander\u00eda y ba\u00f1os con regaderas para que su personal tenga un espacio digno en el que pueda realizar sus labores.<\/p>\n","protected":false},"excerpt":{"rendered":"<p>El Gobierno Municipal, que encabeza la alcaldesa Atenea G\u00f3mez Ricalde, est\u00e1 transformando y modernizando los servicios p\u00fablicos, con la adquisici\u00f3n de una nueva tolva con prensa hidr\u00e1ulica para compactar los residuos s\u00f3lidos, que forma parte del nuevo equipamiento de la Estaci\u00f3n de Transferencia.<\/p>\n","protected":false},"author":1,"featured_media":2475,"comment_status":"open","ping_status":"closed","sticky":false,"template":"","format":"standard","meta":{"footnotes":""},"categories":[12],"tags":[336],"class_list":["post-2474","post","type-post","status-publish","format-standard","has-post-thumbnail","hentry","category-isla-mujeres","tag-atenea-gomez-ricalde"],"yoast_head":"<!-- This site is optimized with the Yoast SEO plugin v27.1.1 - https:\/\/yoast.com\/product\/yoast-seo-wordpress\/ -->\n<title>Gobierno de Isla Mujeres, a la vanguardia en pol\u00edtica de servicios p\u00fablicos - Panorama Ciudadano<\/title>\n<meta name=\"robots\" content=\"index, follow, max-snippet:-1, max-image-preview:large, max-video-preview:-1\" \/>\n<link rel=\"canonical\" href=\"https:\/\/panoramaciudadano.com\/index.php\/2024\/08\/02\/gobierno-de-isla-mujeres-a-la-vanguardia-en-politica-de-servicios-publicos\/\" \/>\n<meta property=\"og:locale\" content=\"es_ES\" \/>\n<meta property=\"og:type\" content=\"article\" \/>\n<meta property=\"og:title\" content=\"Gobierno de Isla Mujeres, a la vanguardia en pol\u00edtica de servicios p\u00fablicos - Panorama Ciudadano\" \/>\n<meta property=\"og:description\" content=\"El Gobierno Municipal, que encabeza la alcaldesa Atenea G\u00f3mez Ricalde, est\u00e1 transformando y modernizando los servicios p\u00fablicos, con la adquisici\u00f3n de una nueva tolva con prensa hidr\u00e1ulica para compactar los residuos s\u00f3lidos, que forma parte del nuevo equipamiento de la Estaci\u00f3n de Transferencia.\" \/>\n<meta property=\"og:url\" content=\"https:\/\/panoramaciudadano.com\/index.php\/2024\/08\/02\/gobierno-de-isla-mujeres-a-la-vanguardia-en-politica-de-servicios-publicos\/\" \/>\n<meta property=\"og:site_name\" content=\"Panorama Ciudadano\" \/>\n<meta property=\"article:publisher\" content=\"https:\/\/www.facebook.com\/panoramaciudadano\" \/>\n<meta property=\"article:published_time\" content=\"2024-08-02T14:04:14+00:00\" \/>\n<meta property=\"article:modified_time\" content=\"2024-08-02T14:04:15+00:00\" \/>\n<meta property=\"og:image\" content=\"https:\/\/panoramaciudadano.com\/wp-content\/uploads\/2024\/08\/WhatsApp-Image-2024-08-02-at-07.25.52.jpeg\" \/>\n\t<meta property=\"og:image:width\" content=\"1081\" \/>\n\t<meta property=\"og:image:height\" content=\"720\" \/>\n\t<meta property=\"og:image:type\" content=\"image\/jpeg\" \/>\n<meta name=\"author\" content=\"admin\" \/>\n<meta name=\"twitter:card\" content=\"summary_large_image\" \/>\n<meta name=\"twitter:label1\" content=\"Escrito por\" \/>\n\t<meta name=\"twitter:data1\" content=\"admin\" \/>\n\t<meta name=\"twitter:label2\" content=\"Tiempo de lectura\" \/>\n\t<meta name=\"twitter:data2\" content=\"2 minutos\" \/>\n<script type=\"application\/ld+json\" class=\"yoast-schema-graph\">{\"@context\":\"https:\/\/schema.org\",\"@graph\":[{\"@type\":\"Article\",\"@id\":\"https:\/\/panoramaciudadano.com\/index.php\/2024\/08\/02\/gobierno-de-isla-mujeres-a-la-vanguardia-en-politica-de-servicios-publicos\/#article\",\"isPartOf\":{\"@id\":\"https:\/\/panoramaciudadano.com\/index.php\/2024\/08\/02\/gobierno-de-isla-mujeres-a-la-vanguardia-en-politica-de-servicios-publicos\/\"},\"author\":{\"name\":\"admin\",\"@id\":\"https:\/\/panoramaciudadano.com\/#\/schema\/person\/ffe9fe8ef47d3a93977b5761fd9e0d96\"},\"headline\":\"Gobierno de Isla Mujeres, a la vanguardia en pol\u00edtica de servicios p\u00fablicos\",\"datePublished\":\"2024-08-02T14:04:14+00:00\",\"dateModified\":\"2024-08-02T14:04:15+00:00\",\"mainEntityOfPage\":{\"@id\":\"https:\/\/panoramaciudadano.com\/index.php\/2024\/08\/02\/gobierno-de-isla-mujeres-a-la-vanguardia-en-politica-de-servicios-publicos\/\"},\"wordCount\":258,\"commentCount\":0,\"publisher\":{\"@id\":\"https:\/\/panoramaciudadano.com\/#organization\"},\"image\":{\"@id\":\"https:\/\/panoramaciudadano.com\/index.php\/2024\/08\/02\/gobierno-de-isla-mujeres-a-la-vanguardia-en-politica-de-servicios-publicos\/#primaryimage\"},\"thumbnailUrl\":\"https:\/\/panoramaciudadano.com\/wp-content\/uploads\/2024\/08\/WhatsApp-Image-2024-08-02-at-07.25.52.jpeg\",\"keywords\":[\"Atenea G\u00f3mez Ricalde\"],\"articleSection\":[\"Isla Mujeres\"],\"inLanguage\":\"es\",\"potentialAction\":[{\"@type\":\"CommentAction\",\"name\":\"Comment\",\"target\":[\"https:\/\/panoramaciudadano.com\/index.php\/2024\/08\/02\/gobierno-de-isla-mujeres-a-la-vanguardia-en-politica-de-servicios-publicos\/#respond\"]}]},{\"@type\":\"WebPage\",\"@id\":\"https:\/\/panoramaciudadano.com\/index.php\/2024\/08\/02\/gobierno-de-isla-mujeres-a-la-vanguardia-en-politica-de-servicios-publicos\/\",\"url\":\"https:\/\/panoramaciudadano.com\/index.php\/2024\/08\/02\/gobierno-de-isla-mujeres-a-la-vanguardia-en-politica-de-servicios-publicos\/\",\"name\":\"Gobierno de Isla Mujeres, a la vanguardia en pol\u00edtica de servicios p\u00fablicos - Panorama Ciudadano\",\"isPartOf\":{\"@id\":\"https:\/\/panoramaciudadano.com\/#website\"},\"primaryImageOfPage\":{\"@id\":\"https:\/\/panoramaciudadano.com\/index.php\/2024\/08\/02\/gobierno-de-isla-mujeres-a-la-vanguardia-en-politica-de-servicios-publicos\/#primaryimage\"},\"image\":{\"@id\":\"https:\/\/panoramaciudadano.com\/index.php\/2024\/08\/02\/gobierno-de-isla-mujeres-a-la-vanguardia-en-politica-de-servicios-publicos\/#primaryimage\"},\"thumbnailUrl\":\"https:\/\/panoramaciudadano.com\/wp-content\/uploads\/2024\/08\/WhatsApp-Image-2024-08-02-at-07.25.52.jpeg\",\"datePublished\":\"2024-08-02T14:04:14+00:00\",\"dateModified\":\"2024-08-02T14:04:15+00:00\",\"breadcrumb\":{\"@id\":\"https:\/\/panoramaciudadano.com\/index.php\/2024\/08\/02\/gobierno-de-isla-mujeres-a-la-vanguardia-en-politica-de-servicios-publicos\/#breadcrumb\"},\"inLanguage\":\"es\",\"potentialAction\":[{\"@type\":\"ReadAction\",\"target\":[\"https:\/\/panoramaciudadano.com\/index.php\/2024\/08\/02\/gobierno-de-isla-mujeres-a-la-vanguardia-en-politica-de-servicios-publicos\/\"]}]},{\"@type\":\"ImageObject\",\"inLanguage\":\"es\",\"@id\":\"https:\/\/panoramaciudadano.com\/index.php\/2024\/08\/02\/gobierno-de-isla-mujeres-a-la-vanguardia-en-politica-de-servicios-publicos\/#primaryimage\",\"url\":\"https:\/\/panoramaciudadano.com\/wp-content\/uploads\/2024\/08\/WhatsApp-Image-2024-08-02-at-07.25.52.jpeg\",\"contentUrl\":\"https:\/\/panoramaciudadano.com\/wp-content\/uploads\/2024\/08\/WhatsApp-Image-2024-08-02-at-07.25.52.jpeg\",\"width\":1081,\"height\":720},{\"@type\":\"BreadcrumbList\",\"@id\":\"https:\/\/panoramaciudadano.com\/index.php\/2024\/08\/02\/gobierno-de-isla-mujeres-a-la-vanguardia-en-politica-de-servicios-publicos\/#breadcrumb\",\"itemListElement\":[{\"@type\":\"ListItem\",\"position\":1,\"name\":\"Portada\",\"item\":\"https:\/\/panoramaciudadano.com\/\"},{\"@type\":\"ListItem\",\"position\":2,\"name\":\"Gobierno de Isla Mujeres, a la vanguardia en pol\u00edtica de servicios p\u00fablicos\"}]},{\"@type\":\"WebSite\",\"@id\":\"https:\/\/panoramaciudadano.com\/#website\",\"url\":\"https:\/\/panoramaciudadano.com\/\",\"name\":\"Panorama Ciudadano\",\"description\":\"\",\"publisher\":{\"@id\":\"https:\/\/panoramaciudadano.com\/#organization\"},\"potentialAction\":[{\"@type\":\"SearchAction\",\"target\":{\"@type\":\"EntryPoint\",\"urlTemplate\":\"https:\/\/panoramaciudadano.com\/?s={search_term_string}\"},\"query-input\":{\"@type\":\"PropertyValueSpecification\",\"valueRequired\":true,\"valueName\":\"search_term_string\"}}],\"inLanguage\":\"es\"},{\"@type\":\"Organization\",\"@id\":\"https:\/\/panoramaciudadano.com\/#organization\",\"name\":\"Panorama Ciudadano\",\"url\":\"https:\/\/panoramaciudadano.com\/\",\"logo\":{\"@type\":\"ImageObject\",\"inLanguage\":\"es\",\"@id\":\"https:\/\/panoramaciudadano.com\/#\/schema\/logo\/image\/\",\"url\":\"https:\/\/panoramaciudadano.com\/wp-content\/uploads\/2024\/05\/401498640_919267042938564_6290593609399108733_n.jpg\",\"contentUrl\":\"https:\/\/panoramaciudadano.com\/wp-content\/uploads\/2024\/05\/401498640_919267042938564_6290593609399108733_n.jpg\",\"width\":960,\"height\":957,\"caption\":\"Panorama Ciudadano\"},\"image\":{\"@id\":\"https:\/\/panoramaciudadano.com\/#\/schema\/logo\/image\/\"},\"sameAs\":[\"https:\/\/www.facebook.com\/panoramaciudadano\"]},{\"@type\":\"Person\",\"@id\":\"https:\/\/panoramaciudadano.com\/#\/schema\/person\/ffe9fe8ef47d3a93977b5761fd9e0d96\",\"name\":\"admin\",\"image\":{\"@type\":\"ImageObject\",\"inLanguage\":\"es\",\"@id\":\"https:\/\/panoramaciudadano.com\/#\/schema\/person\/image\/\",\"url\":\"https:\/\/secure.gravatar.com\/avatar\/2d5a12cacce3f18096f25fadea8abb7202fef18ed669595589853e84260ff451?s=96&d=mm&r=g\",\"contentUrl\":\"https:\/\/secure.gravatar.com\/avatar\/2d5a12cacce3f18096f25fadea8abb7202fef18ed669595589853e84260ff451?s=96&d=mm&r=g\",\"caption\":\"admin\"},\"sameAs\":[\"https:\/\/panoramaciudadano.com\"],\"url\":\"https:\/\/panoramaciudadano.com\/index.php\/author\/admin_3q6hyqq3\/\"}]}<\/script>\n<!-- \/ Yoast SEO plugin. -->","yoast_head_json":{"title":"Gobierno de Isla Mujeres, a la vanguardia en pol\u00edtica de servicios p\u00fablicos - Panorama Ciudadano","robots":{"index":"index","follow":"follow","max-snippet":"max-snippet:-1","max-image-preview":"max-image-preview:large","max-video-preview":"max-video-preview:-1"},"canonical":"https:\/\/panoramaciudadano.com\/index.php\/2024\/08\/02\/gobierno-de-isla-mujeres-a-la-vanguardia-en-politica-de-servicios-publicos\/","og_locale":"es_ES","og_type":"article","og_title":"Gobierno de Isla Mujeres, a la vanguardia en pol\u00edtica de servicios p\u00fablicos - Panorama Ciudadano","og_description":"El Gobierno Municipal, que encabeza la alcaldesa Atenea G\u00f3mez Ricalde, est\u00e1 transformando y modernizando los servicios p\u00fablicos, con la adquisici\u00f3n de una nueva tolva con prensa hidr\u00e1ulica para compactar los residuos s\u00f3lidos, que forma parte del nuevo equipamiento de la Estaci\u00f3n de Transferencia.","og_url":"https:\/\/panoramaciudadano.com\/index.php\/2024\/08\/02\/gobierno-de-isla-mujeres-a-la-vanguardia-en-politica-de-servicios-publicos\/","og_site_name":"Panorama Ciudadano","article_publisher":"https:\/\/www.facebook.com\/panoramaciudadano","article_published_time":"2024-08-02T14:04:14+00:00","article_modified_time":"2024-08-02T14:04:15+00:00","og_image":[{"width":1081,"height":720,"url":"https:\/\/panoramaciudadano.com\/wp-content\/uploads\/2024\/08\/WhatsApp-Image-2024-08-02-at-07.25.52.jpeg","type":"image\/jpeg"}],"author":"admin","twitter_card":"summary_large_image","twitter_misc":{"Escrito por":"admin","Tiempo de lectura":"2 minutos"},"schema":{"@context":"https:\/\/schema.org","@graph":[{"@type":"Article","@id":"https:\/\/panoramaciudadano.com\/index.php\/2024\/08\/02\/gobierno-de-isla-mujeres-a-la-vanguardia-en-politica-de-servicios-publicos\/#article","isPartOf":{"@id":"https:\/\/panoramaciudadano.com\/index.php\/2024\/08\/02\/gobierno-de-isla-mujeres-a-la-vanguardia-en-politica-de-servicios-publicos\/"},"author":{"name":"admin","@id":"https:\/\/panoramaciudadano.com\/#\/schema\/person\/ffe9fe8ef47d3a93977b5761fd9e0d96"},"headline":"Gobierno de Isla Mujeres, a la vanguardia en pol\u00edtica de servicios p\u00fablicos","datePublished":"2024-08-02T14:04:14+00:00","dateModified":"2024-08-02T14:04:15+00:00","mainEntityOfPage":{"@id":"https:\/\/panoramaciudadano.com\/index.php\/2024\/08\/02\/gobierno-de-isla-mujeres-a-la-vanguardia-en-politica-de-servicios-publicos\/"},"wordCount":258,"commentCount":0,"publisher":{"@id":"https:\/\/panoramaciudadano.com\/#organization"},"image":{"@id":"https:\/\/panoramaciudadano.com\/index.php\/2024\/08\/02\/gobierno-de-isla-mujeres-a-la-vanguardia-en-politica-de-servicios-publicos\/#primaryimage"},"thumbnailUrl":"https:\/\/panoramaciudadano.com\/wp-content\/uploads\/2024\/08\/WhatsApp-Image-2024-08-02-at-07.25.52.jpeg","keywords":["Atenea G\u00f3mez Ricalde"],"articleSection":["Isla Mujeres"],"inLanguage":"es","potentialAction":[{"@type":"CommentAction","name":"Comment","target":["https:\/\/panoramaciudadano.com\/index.php\/2024\/08\/02\/gobierno-de-isla-mujeres-a-la-vanguardia-en-politica-de-servicios-publicos\/#respond"]}]},{"@type":"WebPage","@id":"https:\/\/panoramaciudadano.com\/index.php\/2024\/08\/02\/gobierno-de-isla-mujeres-a-la-vanguardia-en-politica-de-servicios-publicos\/","url":"https:\/\/panoramaciudadano.com\/index.php\/2024\/08\/02\/gobierno-de-isla-mujeres-a-la-vanguardia-en-politica-de-servicios-publicos\/","name":"Gobierno de Isla Mujeres, a la vanguardia en pol\u00edtica de servicios p\u00fablicos - Panorama Ciudadano","isPartOf":{"@id":"https:\/\/panoramaciudadano.com\/#website"},"primaryImageOfPage":{"@id":"https:\/\/panoramaciudadano.com\/index.php\/2024\/08\/02\/gobierno-de-isla-mujeres-a-la-vanguardia-en-politica-de-servicios-publicos\/#primaryimage"},"image":{"@id":"https:\/\/panoramaciudadano.com\/index.php\/2024\/08\/02\/gobierno-de-isla-mujeres-a-la-vanguardia-en-politica-de-servicios-publicos\/#primaryimage"},"thumbnailUrl":"https:\/\/panoramaciudadano.com\/wp-content\/uploads\/2024\/08\/WhatsApp-Image-2024-08-02-at-07.25.52.jpeg","datePublished":"2024-08-02T14:04:14+00:00","dateModified":"2024-08-02T14:04:15+00:00","breadcrumb":{"@id":"https:\/\/panoramaciudadano.com\/index.php\/2024\/08\/02\/gobierno-de-isla-mujeres-a-la-vanguardia-en-politica-de-servicios-publicos\/#breadcrumb"},"inLanguage":"es","potentialAction":[{"@type":"ReadAction","target":["https:\/\/panoramaciudadano.com\/index.php\/2024\/08\/02\/gobierno-de-isla-mujeres-a-la-vanguardia-en-politica-de-servicios-publicos\/"]}]},{"@type":"ImageObject","inLanguage":"es","@id":"https:\/\/panoramaciudadano.com\/index.php\/2024\/08\/02\/gobierno-de-isla-mujeres-a-la-vanguardia-en-politica-de-servicios-publicos\/#primaryimage","url":"https:\/\/panoramaciudadano.com\/wp-content\/uploads\/2024\/08\/WhatsApp-Image-2024-08-02-at-07.25.52.jpeg","contentUrl":"https:\/\/panoramaciudadano.com\/wp-content\/uploads\/2024\/08\/WhatsApp-Image-2024-08-02-at-07.25.52.jpeg","width":1081,"height":720},{"@type":"BreadcrumbList","@id":"https:\/\/panoramaciudadano.com\/index.php\/2024\/08\/02\/gobierno-de-isla-mujeres-a-la-vanguardia-en-politica-de-servicios-publicos\/#breadcrumb","itemListElement":[{"@type":"ListItem","position":1,"name":"Portada","item":"https:\/\/panoramaciudadano.com\/"},{"@type":"ListItem","position":2,"name":"Gobierno de Isla Mujeres, a la vanguardia en pol\u00edtica de servicios p\u00fablicos"}]},{"@type":"WebSite","@id":"https:\/\/panoramaciudadano.com\/#website","url":"https:\/\/panoramaciudadano.com\/","name":"Panorama Ciudadano","description":"","publisher":{"@id":"https:\/\/panoramaciudadano.com\/#organization"},"potentialAction":[{"@type":"SearchAction","target":{"@type":"EntryPoint","urlTemplate":"https:\/\/panoramaciudadano.com\/?s={search_term_string}"},"query-input":{"@type":"PropertyValueSpecification","valueRequired":true,"valueName":"search_term_string"}}],"inLanguage":"es"},{"@type":"Organization","@id":"https:\/\/panoramaciudadano.com\/#organization","name":"Panorama Ciudadano","url":"https:\/\/panoramaciudadano.com\/","logo":{"@type":"ImageObject","inLanguage":"es","@id":"https:\/\/panoramaciudadano.com\/#\/schema\/logo\/image\/","url":"https:\/\/panoramaciudadano.com\/wp-content\/uploads\/2024\/05\/401498640_919267042938564_6290593609399108733_n.jpg","contentUrl":"https:\/\/panoramaciudadano.com\/wp-content\/uploads\/2024\/05\/401498640_919267042938564_6290593609399108733_n.jpg","width":960,"height":957,"caption":"Panorama Ciudadano"},"image":{"@id":"https:\/\/panoramaciudadano.com\/#\/schema\/logo\/image\/"},"sameAs":["https:\/\/www.facebook.com\/panoramaciudadano"]},{"@type":"Person","@id":"https:\/\/panoramaciudadano.com\/#\/schema\/person\/ffe9fe8ef47d3a93977b5761fd9e0d96","name":"admin","image":{"@type":"ImageObject","inLanguage":"es","@id":"https:\/\/panoramaciudadano.com\/#\/schema\/person\/image\/","url":"https:\/\/secure.gravatar.com\/avatar\/2d5a12cacce3f18096f25fadea8abb7202fef18ed669595589853e84260ff451?s=96&d=mm&r=g","contentUrl":"https:\/\/secure.gravatar.com\/avatar\/2d5a12cacce3f18096f25fadea8abb7202fef18ed669595589853e84260ff451?s=96&d=mm&r=g","caption":"admin"},"sameAs":["https:\/\/panoramaciudadano.com"],"url":"https:\/\/panoramaciudadano.com\/index.php\/author\/admin_3q6hyqq3\/"}]}},"_links":{"self":[{"href":"https:\/\/panoramaciudadano.com\/index.php\/wp-json\/wp\/v2\/posts\/2474","targetHints":{"allow":["GET"]}}],"collection":[{"href":"https:\/\/panoramaciudadano.com\/index.php\/wp-json\/wp\/v2\/posts"}],"about":[{"href":"https:\/\/panoramaciudadano.com\/index.php\/wp-json\/wp\/v2\/types\/post"}],"author":[{"embeddable":true,"href":"https:\/\/panoramaciudadano.com\/index.php\/wp-json\/wp\/v2\/users\/1"}],"replies":[{"embeddable":true,"href":"https:\/\/panoramaciudadano.com\/index.php\/wp-json\/wp\/v2\/comments?post=2474"}],"version-history":[{"count":1,"href":"https:\/\/panoramaciudadano.com\/index.php\/wp-json\/wp\/v2\/posts\/2474\/revisions"}],"predecessor-version":[{"id":2478,"href":"https:\/\/panoramaciudadano.com\/index.php\/wp-json\/wp\/v2\/posts\/2474\/revisions\/2478"}],"wp:featuredmedia":[{"embeddable":true,"href":"https:\/\/panoramaciudadano.com\/index.php\/wp-json\/wp\/v2\/media\/2475"}],"wp:attachment":[{"href":"https:\/\/panoramaciudadano.com\/index.php\/wp-json\/wp\/v2\/media?parent=2474"}],"wp:term":[{"taxonomy":"category","embeddable":true,"href":"https:\/\/panoramaciudadano.com\/index.php\/wp-json\/wp\/v2\/categories?post=2474"},{"taxonomy":"post_tag","embeddable":true,"href":"https:\/\/panoramaciudadano.com\/index.php\/wp-json\/wp\/v2\/tags?post=2474"}],"curies":[{"name":"wp","href":"https:\/\/api.w.org\/{rel}","templated":true}]}}