{"id":25113,"date":"2025-11-07T10:18:01","date_gmt":"2025-11-07T15:18:01","guid":{"rendered":"https:\/\/panoramaciudadano.com\/?p=25113"},"modified":"2025-11-07T10:18:04","modified_gmt":"2025-11-07T15:18:04","slug":"un-fuerte-accidente-en-el-kilometro-2-provoco-un-caos-vial-en-la-zona-hotelera","status":"publish","type":"post","link":"https:\/\/panoramaciudadano.com\/index.php\/2025\/11\/07\/un-fuerte-accidente-en-el-kilometro-2-provoco-un-caos-vial-en-la-zona-hotelera\/","title":{"rendered":"Un fuerte accidente en el kil\u00f3metro 2 provoc\u00f3 un caos vial en la zona hotelera"},"content":{"rendered":"\n<figure class=\"wp-block-gallery has-nested-images columns-default is-cropped wp-block-gallery-1 is-layout-flex wp-block-gallery-is-layout-flex\">\n<figure class=\"wp-block-image size-large\"><img decoding=\"async\" width=\"1024\" height=\"705\" data-id=\"25116\" src=\"https:\/\/panoramaciudadano.com\/wp-content\/uploads\/2025\/11\/2-31-1024x705.jpeg\" alt=\"\" class=\"wp-image-25116\" srcset=\"https:\/\/panoramaciudadano.com\/wp-content\/uploads\/2025\/11\/2-31-1024x705.jpeg 1024w, https:\/\/panoramaciudadano.com\/wp-content\/uploads\/2025\/11\/2-31-300x206.jpeg 300w, https:\/\/panoramaciudadano.com\/wp-content\/uploads\/2025\/11\/2-31-768x528.jpeg 768w, https:\/\/panoramaciudadano.com\/wp-content\/uploads\/2025\/11\/2-31-1536x1057.jpeg 1536w, https:\/\/panoramaciudadano.com\/wp-content\/uploads\/2025\/11\/2-31.jpeg 1600w\" sizes=\"(max-width: 1024px) 100vw, 1024px\" \/><\/figure>\n\n\n\n<figure class=\"wp-block-image size-large\"><img decoding=\"async\" width=\"1024\" height=\"698\" data-id=\"25115\" src=\"https:\/\/panoramaciudadano.com\/wp-content\/uploads\/2025\/11\/3-31-1024x698.jpeg\" alt=\"\" class=\"wp-image-25115\" srcset=\"https:\/\/panoramaciudadano.com\/wp-content\/uploads\/2025\/11\/3-31-1024x698.jpeg 1024w, https:\/\/panoramaciudadano.com\/wp-content\/uploads\/2025\/11\/3-31-300x205.jpeg 300w, https:\/\/panoramaciudadano.com\/wp-content\/uploads\/2025\/11\/3-31-768x524.jpeg 768w, https:\/\/panoramaciudadano.com\/wp-content\/uploads\/2025\/11\/3-31-1536x1047.jpeg 1536w, https:\/\/panoramaciudadano.com\/wp-content\/uploads\/2025\/11\/3-31.jpeg 1600w\" sizes=\"(max-width: 1024px) 100vw, 1024px\" \/><\/figure>\n<\/figure>\n\n\n\n<p>Fue una urvan de TTE, con n\u00famero econ\u00f3mico 593, la que protagoniz\u00f3 el incidente y dej\u00f3 a su conductor lesionado. Aunque se mencion\u00f3 que un cami\u00f3n del Valle estuvo involucrado, esto no se confirm\u00f3, ya que no se encontraba en el sitio.<\/p>\n\n\n\n<p>Ante lo ocurrido, se gener\u00f3 un intenso tr\u00e1fico que se extendi\u00f3 desde el kil\u00f3metro 9, en la zona de antros, hasta el kil\u00f3metro 3, donde los automovilistas avanzaban a vuelta de rueda.<\/p>\n\n\n\n<p>Se sabe que el lesionado fue trasladado a bordo de una ambulancia privada hasta un hospital para recibir atenci\u00f3n m\u00e9dica. En tanto, los agentes realizaron las diligencias correspondientes para confirmar si el cami\u00f3n del Valle realmente estuvo implicado, ya que presuntamente se dio a la fuga.<\/p>\n","protected":false},"excerpt":{"rendered":"<p>Fue una urvan de TTE, con n\u00famero econ\u00f3mico 593, la que protagoniz\u00f3 el incidente y dej\u00f3 a su conductor lesionado. Aunque se mencion\u00f3 que un cami\u00f3n del Valle estuvo involucrado, esto no se confirm\u00f3, ya que no se encontraba en el sitio.<\/p>\n","protected":false},"author":1,"featured_media":25114,"comment_status":"open","ping_status":"closed","sticky":false,"template":"","format":"standard","meta":{"footnotes":""},"categories":[6],"tags":[177],"class_list":["post-25113","post","type-post","status-publish","format-standard","has-post-thumbnail","hentry","category-cancun","tag-zona-hotelera-de-cancun"],"yoast_head":"<!-- This site is optimized with the Yoast SEO plugin v27.1.1 - https:\/\/yoast.com\/product\/yoast-seo-wordpress\/ -->\n<title>Un fuerte accidente en el kil\u00f3metro 2 provoc\u00f3 un caos vial en la zona hotelera - Panorama Ciudadano<\/title>\n<meta name=\"robots\" content=\"index, follow, max-snippet:-1, max-image-preview:large, max-video-preview:-1\" \/>\n<link rel=\"canonical\" href=\"https:\/\/panoramaciudadano.com\/index.php\/2025\/11\/07\/un-fuerte-accidente-en-el-kilometro-2-provoco-un-caos-vial-en-la-zona-hotelera\/\" \/>\n<meta property=\"og:locale\" content=\"es_ES\" \/>\n<meta property=\"og:type\" content=\"article\" \/>\n<meta property=\"og:title\" content=\"Un fuerte accidente en el kil\u00f3metro 2 provoc\u00f3 un caos vial en la zona hotelera - Panorama Ciudadano\" \/>\n<meta property=\"og:description\" content=\"Fue una urvan de TTE, con n\u00famero econ\u00f3mico 593, la que protagoniz\u00f3 el incidente y dej\u00f3 a su conductor lesionado. Aunque se mencion\u00f3 que un cami\u00f3n del Valle estuvo involucrado, esto no se confirm\u00f3, ya que no se encontraba en el sitio.\" \/>\n<meta property=\"og:url\" content=\"https:\/\/panoramaciudadano.com\/index.php\/2025\/11\/07\/un-fuerte-accidente-en-el-kilometro-2-provoco-un-caos-vial-en-la-zona-hotelera\/\" \/>\n<meta property=\"og:site_name\" content=\"Panorama Ciudadano\" \/>\n<meta property=\"article:publisher\" content=\"https:\/\/www.facebook.com\/panoramaciudadano\" \/>\n<meta property=\"article:published_time\" content=\"2025-11-07T15:18:01+00:00\" \/>\n<meta property=\"article:modified_time\" content=\"2025-11-07T15:18:04+00:00\" \/>\n<meta property=\"og:image\" content=\"https:\/\/panoramaciudadano.com\/wp-content\/uploads\/2025\/11\/WhatsApp-Image-2025-11-07-at-07.48.31.jpeg\" \/>\n\t<meta property=\"og:image:width\" content=\"1280\" \/>\n\t<meta property=\"og:image:height\" content=\"881\" \/>\n\t<meta property=\"og:image:type\" content=\"image\/jpeg\" \/>\n<meta name=\"author\" content=\"admin\" \/>\n<meta name=\"twitter:card\" content=\"summary_large_image\" \/>\n<meta name=\"twitter:label1\" content=\"Escrito por\" \/>\n\t<meta name=\"twitter:data1\" content=\"admin\" \/>\n\t<meta name=\"twitter:label2\" content=\"Tiempo de lectura\" \/>\n\t<meta name=\"twitter:data2\" content=\"2 minutos\" \/>\n<script type=\"application\/ld+json\" class=\"yoast-schema-graph\">{\"@context\":\"https:\/\/schema.org\",\"@graph\":[{\"@type\":\"Article\",\"@id\":\"https:\/\/panoramaciudadano.com\/index.php\/2025\/11\/07\/un-fuerte-accidente-en-el-kilometro-2-provoco-un-caos-vial-en-la-zona-hotelera\/#article\",\"isPartOf\":{\"@id\":\"https:\/\/panoramaciudadano.com\/index.php\/2025\/11\/07\/un-fuerte-accidente-en-el-kilometro-2-provoco-un-caos-vial-en-la-zona-hotelera\/\"},\"author\":{\"name\":\"admin\",\"@id\":\"https:\/\/panoramaciudadano.com\/#\/schema\/person\/ffe9fe8ef47d3a93977b5761fd9e0d96\"},\"headline\":\"Un fuerte accidente en el kil\u00f3metro 2 provoc\u00f3 un caos vial en la zona hotelera\",\"datePublished\":\"2025-11-07T15:18:01+00:00\",\"dateModified\":\"2025-11-07T15:18:04+00:00\",\"mainEntityOfPage\":{\"@id\":\"https:\/\/panoramaciudadano.com\/index.php\/2025\/11\/07\/un-fuerte-accidente-en-el-kilometro-2-provoco-un-caos-vial-en-la-zona-hotelera\/\"},\"wordCount\":141,\"commentCount\":0,\"publisher\":{\"@id\":\"https:\/\/panoramaciudadano.com\/#organization\"},\"image\":{\"@id\":\"https:\/\/panoramaciudadano.com\/index.php\/2025\/11\/07\/un-fuerte-accidente-en-el-kilometro-2-provoco-un-caos-vial-en-la-zona-hotelera\/#primaryimage\"},\"thumbnailUrl\":\"https:\/\/panoramaciudadano.com\/wp-content\/uploads\/2025\/11\/WhatsApp-Image-2025-11-07-at-07.48.31.jpeg\",\"keywords\":[\"Zona Hotelera de Canc\u00fan\"],\"articleSection\":[\"Canc\u00fan\"],\"inLanguage\":\"es\",\"potentialAction\":[{\"@type\":\"CommentAction\",\"name\":\"Comment\",\"target\":[\"https:\/\/panoramaciudadano.com\/index.php\/2025\/11\/07\/un-fuerte-accidente-en-el-kilometro-2-provoco-un-caos-vial-en-la-zona-hotelera\/#respond\"]}]},{\"@type\":\"WebPage\",\"@id\":\"https:\/\/panoramaciudadano.com\/index.php\/2025\/11\/07\/un-fuerte-accidente-en-el-kilometro-2-provoco-un-caos-vial-en-la-zona-hotelera\/\",\"url\":\"https:\/\/panoramaciudadano.com\/index.php\/2025\/11\/07\/un-fuerte-accidente-en-el-kilometro-2-provoco-un-caos-vial-en-la-zona-hotelera\/\",\"name\":\"Un fuerte accidente en el kil\u00f3metro 2 provoc\u00f3 un caos vial en la zona hotelera - Panorama Ciudadano\",\"isPartOf\":{\"@id\":\"https:\/\/panoramaciudadano.com\/#website\"},\"primaryImageOfPage\":{\"@id\":\"https:\/\/panoramaciudadano.com\/index.php\/2025\/11\/07\/un-fuerte-accidente-en-el-kilometro-2-provoco-un-caos-vial-en-la-zona-hotelera\/#primaryimage\"},\"image\":{\"@id\":\"https:\/\/panoramaciudadano.com\/index.php\/2025\/11\/07\/un-fuerte-accidente-en-el-kilometro-2-provoco-un-caos-vial-en-la-zona-hotelera\/#primaryimage\"},\"thumbnailUrl\":\"https:\/\/panoramaciudadano.com\/wp-content\/uploads\/2025\/11\/WhatsApp-Image-2025-11-07-at-07.48.31.jpeg\",\"datePublished\":\"2025-11-07T15:18:01+00:00\",\"dateModified\":\"2025-11-07T15:18:04+00:00\",\"breadcrumb\":{\"@id\":\"https:\/\/panoramaciudadano.com\/index.php\/2025\/11\/07\/un-fuerte-accidente-en-el-kilometro-2-provoco-un-caos-vial-en-la-zona-hotelera\/#breadcrumb\"},\"inLanguage\":\"es\",\"potentialAction\":[{\"@type\":\"ReadAction\",\"target\":[\"https:\/\/panoramaciudadano.com\/index.php\/2025\/11\/07\/un-fuerte-accidente-en-el-kilometro-2-provoco-un-caos-vial-en-la-zona-hotelera\/\"]}]},{\"@type\":\"ImageObject\",\"inLanguage\":\"es\",\"@id\":\"https:\/\/panoramaciudadano.com\/index.php\/2025\/11\/07\/un-fuerte-accidente-en-el-kilometro-2-provoco-un-caos-vial-en-la-zona-hotelera\/#primaryimage\",\"url\":\"https:\/\/panoramaciudadano.com\/wp-content\/uploads\/2025\/11\/WhatsApp-Image-2025-11-07-at-07.48.31.jpeg\",\"contentUrl\":\"https:\/\/panoramaciudadano.com\/wp-content\/uploads\/2025\/11\/WhatsApp-Image-2025-11-07-at-07.48.31.jpeg\",\"width\":1280,\"height\":881},{\"@type\":\"BreadcrumbList\",\"@id\":\"https:\/\/panoramaciudadano.com\/index.php\/2025\/11\/07\/un-fuerte-accidente-en-el-kilometro-2-provoco-un-caos-vial-en-la-zona-hotelera\/#breadcrumb\",\"itemListElement\":[{\"@type\":\"ListItem\",\"position\":1,\"name\":\"Portada\",\"item\":\"https:\/\/panoramaciudadano.com\/\"},{\"@type\":\"ListItem\",\"position\":2,\"name\":\"Un fuerte accidente en el kil\u00f3metro 2 provoc\u00f3 un caos vial en la zona hotelera\"}]},{\"@type\":\"WebSite\",\"@id\":\"https:\/\/panoramaciudadano.com\/#website\",\"url\":\"https:\/\/panoramaciudadano.com\/\",\"name\":\"Panorama Ciudadano\",\"description\":\"\",\"publisher\":{\"@id\":\"https:\/\/panoramaciudadano.com\/#organization\"},\"potentialAction\":[{\"@type\":\"SearchAction\",\"target\":{\"@type\":\"EntryPoint\",\"urlTemplate\":\"https:\/\/panoramaciudadano.com\/?s={search_term_string}\"},\"query-input\":{\"@type\":\"PropertyValueSpecification\",\"valueRequired\":true,\"valueName\":\"search_term_string\"}}],\"inLanguage\":\"es\"},{\"@type\":\"Organization\",\"@id\":\"https:\/\/panoramaciudadano.com\/#organization\",\"name\":\"Panorama Ciudadano\",\"url\":\"https:\/\/panoramaciudadano.com\/\",\"logo\":{\"@type\":\"ImageObject\",\"inLanguage\":\"es\",\"@id\":\"https:\/\/panoramaciudadano.com\/#\/schema\/logo\/image\/\",\"url\":\"https:\/\/panoramaciudadano.com\/wp-content\/uploads\/2024\/05\/401498640_919267042938564_6290593609399108733_n.jpg\",\"contentUrl\":\"https:\/\/panoramaciudadano.com\/wp-content\/uploads\/2024\/05\/401498640_919267042938564_6290593609399108733_n.jpg\",\"width\":960,\"height\":957,\"caption\":\"Panorama Ciudadano\"},\"image\":{\"@id\":\"https:\/\/panoramaciudadano.com\/#\/schema\/logo\/image\/\"},\"sameAs\":[\"https:\/\/www.facebook.com\/panoramaciudadano\"]},{\"@type\":\"Person\",\"@id\":\"https:\/\/panoramaciudadano.com\/#\/schema\/person\/ffe9fe8ef47d3a93977b5761fd9e0d96\",\"name\":\"admin\",\"image\":{\"@type\":\"ImageObject\",\"inLanguage\":\"es\",\"@id\":\"https:\/\/panoramaciudadano.com\/#\/schema\/person\/image\/\",\"url\":\"https:\/\/secure.gravatar.com\/avatar\/2d5a12cacce3f18096f25fadea8abb7202fef18ed669595589853e84260ff451?s=96&d=mm&r=g\",\"contentUrl\":\"https:\/\/secure.gravatar.com\/avatar\/2d5a12cacce3f18096f25fadea8abb7202fef18ed669595589853e84260ff451?s=96&d=mm&r=g\",\"caption\":\"admin\"},\"sameAs\":[\"https:\/\/panoramaciudadano.com\"],\"url\":\"https:\/\/panoramaciudadano.com\/index.php\/author\/admin_3q6hyqq3\/\"}]}<\/script>\n<!-- \/ Yoast SEO plugin. -->","yoast_head_json":{"title":"Un fuerte accidente en el kil\u00f3metro 2 provoc\u00f3 un caos vial en la zona hotelera - Panorama Ciudadano","robots":{"index":"index","follow":"follow","max-snippet":"max-snippet:-1","max-image-preview":"max-image-preview:large","max-video-preview":"max-video-preview:-1"},"canonical":"https:\/\/panoramaciudadano.com\/index.php\/2025\/11\/07\/un-fuerte-accidente-en-el-kilometro-2-provoco-un-caos-vial-en-la-zona-hotelera\/","og_locale":"es_ES","og_type":"article","og_title":"Un fuerte accidente en el kil\u00f3metro 2 provoc\u00f3 un caos vial en la zona hotelera - Panorama Ciudadano","og_description":"Fue una urvan de TTE, con n\u00famero econ\u00f3mico 593, la que protagoniz\u00f3 el incidente y dej\u00f3 a su conductor lesionado. Aunque se mencion\u00f3 que un cami\u00f3n del Valle estuvo involucrado, esto no se confirm\u00f3, ya que no se encontraba en el sitio.","og_url":"https:\/\/panoramaciudadano.com\/index.php\/2025\/11\/07\/un-fuerte-accidente-en-el-kilometro-2-provoco-un-caos-vial-en-la-zona-hotelera\/","og_site_name":"Panorama Ciudadano","article_publisher":"https:\/\/www.facebook.com\/panoramaciudadano","article_published_time":"2025-11-07T15:18:01+00:00","article_modified_time":"2025-11-07T15:18:04+00:00","og_image":[{"width":1280,"height":881,"url":"https:\/\/panoramaciudadano.com\/wp-content\/uploads\/2025\/11\/WhatsApp-Image-2025-11-07-at-07.48.31.jpeg","type":"image\/jpeg"}],"author":"admin","twitter_card":"summary_large_image","twitter_misc":{"Escrito por":"admin","Tiempo de lectura":"2 minutos"},"schema":{"@context":"https:\/\/schema.org","@graph":[{"@type":"Article","@id":"https:\/\/panoramaciudadano.com\/index.php\/2025\/11\/07\/un-fuerte-accidente-en-el-kilometro-2-provoco-un-caos-vial-en-la-zona-hotelera\/#article","isPartOf":{"@id":"https:\/\/panoramaciudadano.com\/index.php\/2025\/11\/07\/un-fuerte-accidente-en-el-kilometro-2-provoco-un-caos-vial-en-la-zona-hotelera\/"},"author":{"name":"admin","@id":"https:\/\/panoramaciudadano.com\/#\/schema\/person\/ffe9fe8ef47d3a93977b5761fd9e0d96"},"headline":"Un fuerte accidente en el kil\u00f3metro 2 provoc\u00f3 un caos vial en la zona hotelera","datePublished":"2025-11-07T15:18:01+00:00","dateModified":"2025-11-07T15:18:04+00:00","mainEntityOfPage":{"@id":"https:\/\/panoramaciudadano.com\/index.php\/2025\/11\/07\/un-fuerte-accidente-en-el-kilometro-2-provoco-un-caos-vial-en-la-zona-hotelera\/"},"wordCount":141,"commentCount":0,"publisher":{"@id":"https:\/\/panoramaciudadano.com\/#organization"},"image":{"@id":"https:\/\/panoramaciudadano.com\/index.php\/2025\/11\/07\/un-fuerte-accidente-en-el-kilometro-2-provoco-un-caos-vial-en-la-zona-hotelera\/#primaryimage"},"thumbnailUrl":"https:\/\/panoramaciudadano.com\/wp-content\/uploads\/2025\/11\/WhatsApp-Image-2025-11-07-at-07.48.31.jpeg","keywords":["Zona Hotelera de Canc\u00fan"],"articleSection":["Canc\u00fan"],"inLanguage":"es","potentialAction":[{"@type":"CommentAction","name":"Comment","target":["https:\/\/panoramaciudadano.com\/index.php\/2025\/11\/07\/un-fuerte-accidente-en-el-kilometro-2-provoco-un-caos-vial-en-la-zona-hotelera\/#respond"]}]},{"@type":"WebPage","@id":"https:\/\/panoramaciudadano.com\/index.php\/2025\/11\/07\/un-fuerte-accidente-en-el-kilometro-2-provoco-un-caos-vial-en-la-zona-hotelera\/","url":"https:\/\/panoramaciudadano.com\/index.php\/2025\/11\/07\/un-fuerte-accidente-en-el-kilometro-2-provoco-un-caos-vial-en-la-zona-hotelera\/","name":"Un fuerte accidente en el kil\u00f3metro 2 provoc\u00f3 un caos vial en la zona hotelera - Panorama Ciudadano","isPartOf":{"@id":"https:\/\/panoramaciudadano.com\/#website"},"primaryImageOfPage":{"@id":"https:\/\/panoramaciudadano.com\/index.php\/2025\/11\/07\/un-fuerte-accidente-en-el-kilometro-2-provoco-un-caos-vial-en-la-zona-hotelera\/#primaryimage"},"image":{"@id":"https:\/\/panoramaciudadano.com\/index.php\/2025\/11\/07\/un-fuerte-accidente-en-el-kilometro-2-provoco-un-caos-vial-en-la-zona-hotelera\/#primaryimage"},"thumbnailUrl":"https:\/\/panoramaciudadano.com\/wp-content\/uploads\/2025\/11\/WhatsApp-Image-2025-11-07-at-07.48.31.jpeg","datePublished":"2025-11-07T15:18:01+00:00","dateModified":"2025-11-07T15:18:04+00:00","breadcrumb":{"@id":"https:\/\/panoramaciudadano.com\/index.php\/2025\/11\/07\/un-fuerte-accidente-en-el-kilometro-2-provoco-un-caos-vial-en-la-zona-hotelera\/#breadcrumb"},"inLanguage":"es","potentialAction":[{"@type":"ReadAction","target":["https:\/\/panoramaciudadano.com\/index.php\/2025\/11\/07\/un-fuerte-accidente-en-el-kilometro-2-provoco-un-caos-vial-en-la-zona-hotelera\/"]}]},{"@type":"ImageObject","inLanguage":"es","@id":"https:\/\/panoramaciudadano.com\/index.php\/2025\/11\/07\/un-fuerte-accidente-en-el-kilometro-2-provoco-un-caos-vial-en-la-zona-hotelera\/#primaryimage","url":"https:\/\/panoramaciudadano.com\/wp-content\/uploads\/2025\/11\/WhatsApp-Image-2025-11-07-at-07.48.31.jpeg","contentUrl":"https:\/\/panoramaciudadano.com\/wp-content\/uploads\/2025\/11\/WhatsApp-Image-2025-11-07-at-07.48.31.jpeg","width":1280,"height":881},{"@type":"BreadcrumbList","@id":"https:\/\/panoramaciudadano.com\/index.php\/2025\/11\/07\/un-fuerte-accidente-en-el-kilometro-2-provoco-un-caos-vial-en-la-zona-hotelera\/#breadcrumb","itemListElement":[{"@type":"ListItem","position":1,"name":"Portada","item":"https:\/\/panoramaciudadano.com\/"},{"@type":"ListItem","position":2,"name":"Un fuerte accidente en el kil\u00f3metro 2 provoc\u00f3 un caos vial en la zona hotelera"}]},{"@type":"WebSite","@id":"https:\/\/panoramaciudadano.com\/#website","url":"https:\/\/panoramaciudadano.com\/","name":"Panorama Ciudadano","description":"","publisher":{"@id":"https:\/\/panoramaciudadano.com\/#organization"},"potentialAction":[{"@type":"SearchAction","target":{"@type":"EntryPoint","urlTemplate":"https:\/\/panoramaciudadano.com\/?s={search_term_string}"},"query-input":{"@type":"PropertyValueSpecification","valueRequired":true,"valueName":"search_term_string"}}],"inLanguage":"es"},{"@type":"Organization","@id":"https:\/\/panoramaciudadano.com\/#organization","name":"Panorama Ciudadano","url":"https:\/\/panoramaciudadano.com\/","logo":{"@type":"ImageObject","inLanguage":"es","@id":"https:\/\/panoramaciudadano.com\/#\/schema\/logo\/image\/","url":"https:\/\/panoramaciudadano.com\/wp-content\/uploads\/2024\/05\/401498640_919267042938564_6290593609399108733_n.jpg","contentUrl":"https:\/\/panoramaciudadano.com\/wp-content\/uploads\/2024\/05\/401498640_919267042938564_6290593609399108733_n.jpg","width":960,"height":957,"caption":"Panorama Ciudadano"},"image":{"@id":"https:\/\/panoramaciudadano.com\/#\/schema\/logo\/image\/"},"sameAs":["https:\/\/www.facebook.com\/panoramaciudadano"]},{"@type":"Person","@id":"https:\/\/panoramaciudadano.com\/#\/schema\/person\/ffe9fe8ef47d3a93977b5761fd9e0d96","name":"admin","image":{"@type":"ImageObject","inLanguage":"es","@id":"https:\/\/panoramaciudadano.com\/#\/schema\/person\/image\/","url":"https:\/\/secure.gravatar.com\/avatar\/2d5a12cacce3f18096f25fadea8abb7202fef18ed669595589853e84260ff451?s=96&d=mm&r=g","contentUrl":"https:\/\/secure.gravatar.com\/avatar\/2d5a12cacce3f18096f25fadea8abb7202fef18ed669595589853e84260ff451?s=96&d=mm&r=g","caption":"admin"},"sameAs":["https:\/\/panoramaciudadano.com"],"url":"https:\/\/panoramaciudadano.com\/index.php\/author\/admin_3q6hyqq3\/"}]}},"_links":{"self":[{"href":"https:\/\/panoramaciudadano.com\/index.php\/wp-json\/wp\/v2\/posts\/25113","targetHints":{"allow":["GET"]}}],"collection":[{"href":"https:\/\/panoramaciudadano.com\/index.php\/wp-json\/wp\/v2\/posts"}],"about":[{"href":"https:\/\/panoramaciudadano.com\/index.php\/wp-json\/wp\/v2\/types\/post"}],"author":[{"embeddable":true,"href":"https:\/\/panoramaciudadano.com\/index.php\/wp-json\/wp\/v2\/users\/1"}],"replies":[{"embeddable":true,"href":"https:\/\/panoramaciudadano.com\/index.php\/wp-json\/wp\/v2\/comments?post=25113"}],"version-history":[{"count":1,"href":"https:\/\/panoramaciudadano.com\/index.php\/wp-json\/wp\/v2\/posts\/25113\/revisions"}],"predecessor-version":[{"id":25117,"href":"https:\/\/panoramaciudadano.com\/index.php\/wp-json\/wp\/v2\/posts\/25113\/revisions\/25117"}],"wp:featuredmedia":[{"embeddable":true,"href":"https:\/\/panoramaciudadano.com\/index.php\/wp-json\/wp\/v2\/media\/25114"}],"wp:attachment":[{"href":"https:\/\/panoramaciudadano.com\/index.php\/wp-json\/wp\/v2\/media?parent=25113"}],"wp:term":[{"taxonomy":"category","embeddable":true,"href":"https:\/\/panoramaciudadano.com\/index.php\/wp-json\/wp\/v2\/categories?post=25113"},{"taxonomy":"post_tag","embeddable":true,"href":"https:\/\/panoramaciudadano.com\/index.php\/wp-json\/wp\/v2\/tags?post=25113"}],"curies":[{"name":"wp","href":"https:\/\/api.w.org\/{rel}","templated":true}]}}