{"id":26262,"date":"2025-11-24T09:35:31","date_gmt":"2025-11-24T14:35:31","guid":{"rendered":"https:\/\/panoramaciudadano.com\/?p=26262"},"modified":"2025-11-24T09:35:33","modified_gmt":"2025-11-24T14:35:33","slug":"bomberos-de-cancun-sofocan-incendio-en-casa-habitacion-en-la-colonia-el-milagro-no-se-reportan-personas-lesionadas","status":"publish","type":"post","link":"https:\/\/panoramaciudadano.com\/index.php\/2025\/11\/24\/bomberos-de-cancun-sofocan-incendio-en-casa-habitacion-en-la-colonia-el-milagro-no-se-reportan-personas-lesionadas\/","title":{"rendered":"BOMBEROS DE CANC\u00daN SOFOCAN INCENDIO EN CASA HABITACI\u00d3N EN LA COLONIA EL MILAGRO; NO SE REPORTAN PERSONAS LESIONADAS"},"content":{"rendered":"\n<figure class=\"wp-block-gallery has-nested-images columns-default is-cropped wp-block-gallery-1 is-layout-flex wp-block-gallery-is-layout-flex\">\n<figure class=\"wp-block-image size-large\"><img decoding=\"async\" width=\"1024\" height=\"576\" data-id=\"26263\" src=\"https:\/\/panoramaciudadano.com\/wp-content\/uploads\/2025\/11\/WhatsApp-Image-2025-11-22-at-15.34.54-3-1024x576.jpeg\" alt=\"\" class=\"wp-image-26263\" srcset=\"https:\/\/panoramaciudadano.com\/wp-content\/uploads\/2025\/11\/WhatsApp-Image-2025-11-22-at-15.34.54-3-1024x576.jpeg 1024w, https:\/\/panoramaciudadano.com\/wp-content\/uploads\/2025\/11\/WhatsApp-Image-2025-11-22-at-15.34.54-3-300x169.jpeg 300w, https:\/\/panoramaciudadano.com\/wp-content\/uploads\/2025\/11\/WhatsApp-Image-2025-11-22-at-15.34.54-3-768x432.jpeg 768w, https:\/\/panoramaciudadano.com\/wp-content\/uploads\/2025\/11\/WhatsApp-Image-2025-11-22-at-15.34.54-3-1536x864.jpeg 1536w, https:\/\/panoramaciudadano.com\/wp-content\/uploads\/2025\/11\/WhatsApp-Image-2025-11-22-at-15.34.54-3.jpeg 1599w\" sizes=\"(max-width: 1024px) 100vw, 1024px\" \/><\/figure>\n\n\n\n<figure class=\"wp-block-image size-large\"><img decoding=\"async\" width=\"1024\" height=\"768\" data-id=\"26265\" src=\"https:\/\/panoramaciudadano.com\/wp-content\/uploads\/2025\/11\/WhatsApp-Image-2025-11-22-at-15.34.54-1024x768.jpeg\" alt=\"\" class=\"wp-image-26265\" srcset=\"https:\/\/panoramaciudadano.com\/wp-content\/uploads\/2025\/11\/WhatsApp-Image-2025-11-22-at-15.34.54-1024x768.jpeg 1024w, https:\/\/panoramaciudadano.com\/wp-content\/uploads\/2025\/11\/WhatsApp-Image-2025-11-22-at-15.34.54-300x225.jpeg 300w, https:\/\/panoramaciudadano.com\/wp-content\/uploads\/2025\/11\/WhatsApp-Image-2025-11-22-at-15.34.54-768x576.jpeg 768w, https:\/\/panoramaciudadano.com\/wp-content\/uploads\/2025\/11\/WhatsApp-Image-2025-11-22-at-15.34.54-1536x1152.jpeg 1536w, https:\/\/panoramaciudadano.com\/wp-content\/uploads\/2025\/11\/WhatsApp-Image-2025-11-22-at-15.34.54.jpeg 1600w\" sizes=\"(max-width: 1024px) 100vw, 1024px\" \/><\/figure>\n\n\n\n<figure class=\"wp-block-image size-large\"><img decoding=\"async\" width=\"1024\" height=\"768\" data-id=\"26267\" src=\"https:\/\/panoramaciudadano.com\/wp-content\/uploads\/2025\/11\/WhatsApp-Image-2025-11-22-at-15.34.55-1-1024x768.jpeg\" alt=\"\" class=\"wp-image-26267\" srcset=\"https:\/\/panoramaciudadano.com\/wp-content\/uploads\/2025\/11\/WhatsApp-Image-2025-11-22-at-15.34.55-1-1024x768.jpeg 1024w, https:\/\/panoramaciudadano.com\/wp-content\/uploads\/2025\/11\/WhatsApp-Image-2025-11-22-at-15.34.55-1-300x225.jpeg 300w, https:\/\/panoramaciudadano.com\/wp-content\/uploads\/2025\/11\/WhatsApp-Image-2025-11-22-at-15.34.55-1-768x576.jpeg 768w, https:\/\/panoramaciudadano.com\/wp-content\/uploads\/2025\/11\/WhatsApp-Image-2025-11-22-at-15.34.55-1-1536x1152.jpeg 1536w, https:\/\/panoramaciudadano.com\/wp-content\/uploads\/2025\/11\/WhatsApp-Image-2025-11-22-at-15.34.55-1.jpeg 1600w\" sizes=\"(max-width: 1024px) 100vw, 1024px\" \/><\/figure>\n\n\n\n<figure class=\"wp-block-image size-large\"><img decoding=\"async\" width=\"1024\" height=\"576\" data-id=\"26264\" src=\"https:\/\/panoramaciudadano.com\/wp-content\/uploads\/2025\/11\/WhatsApp-Image-2025-11-22-at-15.34.55-1024x576.jpeg\" alt=\"\" class=\"wp-image-26264\" srcset=\"https:\/\/panoramaciudadano.com\/wp-content\/uploads\/2025\/11\/WhatsApp-Image-2025-11-22-at-15.34.55-1024x576.jpeg 1024w, https:\/\/panoramaciudadano.com\/wp-content\/uploads\/2025\/11\/WhatsApp-Image-2025-11-22-at-15.34.55-300x169.jpeg 300w, https:\/\/panoramaciudadano.com\/wp-content\/uploads\/2025\/11\/WhatsApp-Image-2025-11-22-at-15.34.55-768x432.jpeg 768w, https:\/\/panoramaciudadano.com\/wp-content\/uploads\/2025\/11\/WhatsApp-Image-2025-11-22-at-15.34.55-1536x864.jpeg 1536w, https:\/\/panoramaciudadano.com\/wp-content\/uploads\/2025\/11\/WhatsApp-Image-2025-11-22-at-15.34.55.jpeg 1600w\" sizes=\"(max-width: 1024px) 100vw, 1024px\" \/><\/figure>\n<\/figure>\n\n\n\n<p>La Direcci\u00f3n General del H. Cuerpo de Bomberos inform\u00f3 que a las 08:20 horas de este s\u00e1bado 22 de noviembre se recibi\u00f3 un reporte de incendio en una vivienda ubicada en la calle Grecia, Manzana 38, en la colonia El Milagro, a trav\u00e9s del despachador y del servicio de emergencias C5.<\/p>\n\n\n\n<p>De inmediato se movilizaron las unidades, con un total de 10 elementos.<\/p>\n\n\n\n<p>Al llegar, el personal encontr\u00f3 un inmueble de dos niveles en libre combusti\u00f3n, tanto en planta baja como en planta alta. De forma inmediata se procedi\u00f3 a las labores de contenci\u00f3n del incendio y b\u00fasqueda de posibles v\u00edctimas.<\/p>\n\n\n\n<p>Durante la intervenci\u00f3n se confirm\u00f3 que todos los habitantes lograron evacuar a tiempo, sin registrarse personas lesionadas. Como medida preventiva, se solicit\u00f3 el apoyo de una unidad m\u00e9dica.<\/p>\n\n\n\n<p>En el lugar tambi\u00e9n se cont\u00f3 con la presencia de personal de la Secretar\u00eda de Seguridad Ciudadana (SSC) y Protecci\u00f3n Civil, quienes apoyaron en el resguardo de la zona.<\/p>\n\n\n\n<p>El H. Cuerpo de Bomberos logr\u00f3 sofocar completamente el incendio, realizando posteriormente las tareas de ventilaci\u00f3n, remoci\u00f3n de escombros y toma de datos correspondientes.<\/p>\n\n\n\n<p>Por ello, autoridades municipales recuerdan a la ciudadan\u00eda que ante cualquier emergencia deben comunicarse al 911, donde personal capacitado canalizar\u00e1 de inmediato los apoyos necesarios.<\/p>\n\n\n\n<p>El Ayuntamiento de Benito Ju\u00e1rez reitera su compromiso con la seguridad y protecci\u00f3n de las familias cancunenses.<\/p>\n\n\n\n<hr class=\"wp-block-separator has-alpha-channel-opacity\"\/>\n","protected":false},"excerpt":{"rendered":"<p>La Direcci\u00f3n General del H. Cuerpo de Bomberos inform\u00f3 que a las 08:20 horas de este s\u00e1bado 22 de noviembre se recibi\u00f3 un reporte de incendio en una vivienda ubicada en la calle Grecia, Manzana 38, en la colonia El Milagro, a trav\u00e9s del despachador y del servicio de emergencias C5.<\/p>\n","protected":false},"author":1,"featured_media":26266,"comment_status":"open","ping_status":"closed","sticky":false,"template":"","format":"standard","meta":{"footnotes":""},"categories":[6],"tags":[556],"class_list":["post-26262","post","type-post","status-publish","format-standard","has-post-thumbnail","hentry","category-cancun","tag-h-cuerpo-de-bomberos"],"yoast_head":"<!-- This site is optimized with the Yoast SEO plugin v27.1.1 - https:\/\/yoast.com\/product\/yoast-seo-wordpress\/ -->\n<title>BOMBEROS DE CANC\u00daN SOFOCAN INCENDIO EN CASA HABITACI\u00d3N EN LA COLONIA EL MILAGRO; NO SE REPORTAN PERSONAS LESIONADAS - Panorama Ciudadano<\/title>\n<meta name=\"robots\" content=\"index, follow, max-snippet:-1, max-image-preview:large, max-video-preview:-1\" \/>\n<link rel=\"canonical\" href=\"https:\/\/panoramaciudadano.com\/index.php\/2025\/11\/24\/bomberos-de-cancun-sofocan-incendio-en-casa-habitacion-en-la-colonia-el-milagro-no-se-reportan-personas-lesionadas\/\" \/>\n<meta property=\"og:locale\" content=\"es_ES\" \/>\n<meta property=\"og:type\" content=\"article\" \/>\n<meta property=\"og:title\" content=\"BOMBEROS DE CANC\u00daN SOFOCAN INCENDIO EN CASA HABITACI\u00d3N EN LA COLONIA EL MILAGRO; NO SE REPORTAN PERSONAS LESIONADAS - Panorama Ciudadano\" \/>\n<meta property=\"og:description\" content=\"La Direcci\u00f3n General del H. Cuerpo de Bomberos inform\u00f3 que a las 08:20 horas de este s\u00e1bado 22 de noviembre se recibi\u00f3 un reporte de incendio en una vivienda ubicada en la calle Grecia, Manzana 38, en la colonia El Milagro, a trav\u00e9s del despachador y del servicio de emergencias C5.\" \/>\n<meta property=\"og:url\" content=\"https:\/\/panoramaciudadano.com\/index.php\/2025\/11\/24\/bomberos-de-cancun-sofocan-incendio-en-casa-habitacion-en-la-colonia-el-milagro-no-se-reportan-personas-lesionadas\/\" \/>\n<meta property=\"og:site_name\" content=\"Panorama Ciudadano\" \/>\n<meta property=\"article:publisher\" content=\"https:\/\/www.facebook.com\/panoramaciudadano\" \/>\n<meta property=\"article:published_time\" content=\"2025-11-24T14:35:31+00:00\" \/>\n<meta property=\"article:modified_time\" content=\"2025-11-24T14:35:33+00:00\" \/>\n<meta property=\"og:image\" content=\"https:\/\/panoramaciudadano.com\/wp-content\/uploads\/2025\/11\/WhatsApp-Image-2025-11-22-at-15.34.54-2.jpeg\" \/>\n\t<meta property=\"og:image:width\" content=\"1600\" \/>\n\t<meta property=\"og:image:height\" content=\"1200\" \/>\n\t<meta property=\"og:image:type\" content=\"image\/jpeg\" \/>\n<meta name=\"author\" content=\"admin\" \/>\n<meta name=\"twitter:card\" content=\"summary_large_image\" \/>\n<meta name=\"twitter:label1\" content=\"Escrito por\" \/>\n\t<meta name=\"twitter:data1\" content=\"admin\" \/>\n\t<meta name=\"twitter:label2\" content=\"Tiempo de lectura\" \/>\n\t<meta name=\"twitter:data2\" content=\"3 minutos\" \/>\n<script type=\"application\/ld+json\" class=\"yoast-schema-graph\">{\"@context\":\"https:\/\/schema.org\",\"@graph\":[{\"@type\":\"Article\",\"@id\":\"https:\/\/panoramaciudadano.com\/index.php\/2025\/11\/24\/bomberos-de-cancun-sofocan-incendio-en-casa-habitacion-en-la-colonia-el-milagro-no-se-reportan-personas-lesionadas\/#article\",\"isPartOf\":{\"@id\":\"https:\/\/panoramaciudadano.com\/index.php\/2025\/11\/24\/bomberos-de-cancun-sofocan-incendio-en-casa-habitacion-en-la-colonia-el-milagro-no-se-reportan-personas-lesionadas\/\"},\"author\":{\"name\":\"admin\",\"@id\":\"https:\/\/panoramaciudadano.com\/#\/schema\/person\/ffe9fe8ef47d3a93977b5761fd9e0d96\"},\"headline\":\"BOMBEROS DE CANC\u00daN SOFOCAN INCENDIO EN CASA HABITACI\u00d3N EN LA COLONIA EL MILAGRO; NO SE REPORTAN PERSONAS LESIONADAS\",\"datePublished\":\"2025-11-24T14:35:31+00:00\",\"dateModified\":\"2025-11-24T14:35:33+00:00\",\"mainEntityOfPage\":{\"@id\":\"https:\/\/panoramaciudadano.com\/index.php\/2025\/11\/24\/bomberos-de-cancun-sofocan-incendio-en-casa-habitacion-en-la-colonia-el-milagro-no-se-reportan-personas-lesionadas\/\"},\"wordCount\":256,\"commentCount\":0,\"publisher\":{\"@id\":\"https:\/\/panoramaciudadano.com\/#organization\"},\"image\":{\"@id\":\"https:\/\/panoramaciudadano.com\/index.php\/2025\/11\/24\/bomberos-de-cancun-sofocan-incendio-en-casa-habitacion-en-la-colonia-el-milagro-no-se-reportan-personas-lesionadas\/#primaryimage\"},\"thumbnailUrl\":\"https:\/\/panoramaciudadano.com\/wp-content\/uploads\/2025\/11\/WhatsApp-Image-2025-11-22-at-15.34.54-2.jpeg\",\"keywords\":[\"H. Cuerpo de Bomberos\"],\"articleSection\":[\"Canc\u00fan\"],\"inLanguage\":\"es\",\"potentialAction\":[{\"@type\":\"CommentAction\",\"name\":\"Comment\",\"target\":[\"https:\/\/panoramaciudadano.com\/index.php\/2025\/11\/24\/bomberos-de-cancun-sofocan-incendio-en-casa-habitacion-en-la-colonia-el-milagro-no-se-reportan-personas-lesionadas\/#respond\"]}]},{\"@type\":\"WebPage\",\"@id\":\"https:\/\/panoramaciudadano.com\/index.php\/2025\/11\/24\/bomberos-de-cancun-sofocan-incendio-en-casa-habitacion-en-la-colonia-el-milagro-no-se-reportan-personas-lesionadas\/\",\"url\":\"https:\/\/panoramaciudadano.com\/index.php\/2025\/11\/24\/bomberos-de-cancun-sofocan-incendio-en-casa-habitacion-en-la-colonia-el-milagro-no-se-reportan-personas-lesionadas\/\",\"name\":\"BOMBEROS DE CANC\u00daN SOFOCAN INCENDIO EN CASA HABITACI\u00d3N EN LA COLONIA EL MILAGRO; NO SE REPORTAN PERSONAS LESIONADAS - Panorama Ciudadano\",\"isPartOf\":{\"@id\":\"https:\/\/panoramaciudadano.com\/#website\"},\"primaryImageOfPage\":{\"@id\":\"https:\/\/panoramaciudadano.com\/index.php\/2025\/11\/24\/bomberos-de-cancun-sofocan-incendio-en-casa-habitacion-en-la-colonia-el-milagro-no-se-reportan-personas-lesionadas\/#primaryimage\"},\"image\":{\"@id\":\"https:\/\/panoramaciudadano.com\/index.php\/2025\/11\/24\/bomberos-de-cancun-sofocan-incendio-en-casa-habitacion-en-la-colonia-el-milagro-no-se-reportan-personas-lesionadas\/#primaryimage\"},\"thumbnailUrl\":\"https:\/\/panoramaciudadano.com\/wp-content\/uploads\/2025\/11\/WhatsApp-Image-2025-11-22-at-15.34.54-2.jpeg\",\"datePublished\":\"2025-11-24T14:35:31+00:00\",\"dateModified\":\"2025-11-24T14:35:33+00:00\",\"breadcrumb\":{\"@id\":\"https:\/\/panoramaciudadano.com\/index.php\/2025\/11\/24\/bomberos-de-cancun-sofocan-incendio-en-casa-habitacion-en-la-colonia-el-milagro-no-se-reportan-personas-lesionadas\/#breadcrumb\"},\"inLanguage\":\"es\",\"potentialAction\":[{\"@type\":\"ReadAction\",\"target\":[\"https:\/\/panoramaciudadano.com\/index.php\/2025\/11\/24\/bomberos-de-cancun-sofocan-incendio-en-casa-habitacion-en-la-colonia-el-milagro-no-se-reportan-personas-lesionadas\/\"]}]},{\"@type\":\"ImageObject\",\"inLanguage\":\"es\",\"@id\":\"https:\/\/panoramaciudadano.com\/index.php\/2025\/11\/24\/bomberos-de-cancun-sofocan-incendio-en-casa-habitacion-en-la-colonia-el-milagro-no-se-reportan-personas-lesionadas\/#primaryimage\",\"url\":\"https:\/\/panoramaciudadano.com\/wp-content\/uploads\/2025\/11\/WhatsApp-Image-2025-11-22-at-15.34.54-2.jpeg\",\"contentUrl\":\"https:\/\/panoramaciudadano.com\/wp-content\/uploads\/2025\/11\/WhatsApp-Image-2025-11-22-at-15.34.54-2.jpeg\",\"width\":1600,\"height\":1200},{\"@type\":\"BreadcrumbList\",\"@id\":\"https:\/\/panoramaciudadano.com\/index.php\/2025\/11\/24\/bomberos-de-cancun-sofocan-incendio-en-casa-habitacion-en-la-colonia-el-milagro-no-se-reportan-personas-lesionadas\/#breadcrumb\",\"itemListElement\":[{\"@type\":\"ListItem\",\"position\":1,\"name\":\"Portada\",\"item\":\"https:\/\/panoramaciudadano.com\/\"},{\"@type\":\"ListItem\",\"position\":2,\"name\":\"BOMBEROS DE CANC\u00daN SOFOCAN INCENDIO EN CASA HABITACI\u00d3N EN LA COLONIA EL MILAGRO; NO SE REPORTAN PERSONAS LESIONADAS\"}]},{\"@type\":\"WebSite\",\"@id\":\"https:\/\/panoramaciudadano.com\/#website\",\"url\":\"https:\/\/panoramaciudadano.com\/\",\"name\":\"Panorama Ciudadano\",\"description\":\"\",\"publisher\":{\"@id\":\"https:\/\/panoramaciudadano.com\/#organization\"},\"potentialAction\":[{\"@type\":\"SearchAction\",\"target\":{\"@type\":\"EntryPoint\",\"urlTemplate\":\"https:\/\/panoramaciudadano.com\/?s={search_term_string}\"},\"query-input\":{\"@type\":\"PropertyValueSpecification\",\"valueRequired\":true,\"valueName\":\"search_term_string\"}}],\"inLanguage\":\"es\"},{\"@type\":\"Organization\",\"@id\":\"https:\/\/panoramaciudadano.com\/#organization\",\"name\":\"Panorama Ciudadano\",\"url\":\"https:\/\/panoramaciudadano.com\/\",\"logo\":{\"@type\":\"ImageObject\",\"inLanguage\":\"es\",\"@id\":\"https:\/\/panoramaciudadano.com\/#\/schema\/logo\/image\/\",\"url\":\"https:\/\/panoramaciudadano.com\/wp-content\/uploads\/2024\/05\/401498640_919267042938564_6290593609399108733_n.jpg\",\"contentUrl\":\"https:\/\/panoramaciudadano.com\/wp-content\/uploads\/2024\/05\/401498640_919267042938564_6290593609399108733_n.jpg\",\"width\":960,\"height\":957,\"caption\":\"Panorama Ciudadano\"},\"image\":{\"@id\":\"https:\/\/panoramaciudadano.com\/#\/schema\/logo\/image\/\"},\"sameAs\":[\"https:\/\/www.facebook.com\/panoramaciudadano\"]},{\"@type\":\"Person\",\"@id\":\"https:\/\/panoramaciudadano.com\/#\/schema\/person\/ffe9fe8ef47d3a93977b5761fd9e0d96\",\"name\":\"admin\",\"image\":{\"@type\":\"ImageObject\",\"inLanguage\":\"es\",\"@id\":\"https:\/\/panoramaciudadano.com\/#\/schema\/person\/image\/\",\"url\":\"https:\/\/secure.gravatar.com\/avatar\/2d5a12cacce3f18096f25fadea8abb7202fef18ed669595589853e84260ff451?s=96&d=mm&r=g\",\"contentUrl\":\"https:\/\/secure.gravatar.com\/avatar\/2d5a12cacce3f18096f25fadea8abb7202fef18ed669595589853e84260ff451?s=96&d=mm&r=g\",\"caption\":\"admin\"},\"sameAs\":[\"https:\/\/panoramaciudadano.com\"],\"url\":\"https:\/\/panoramaciudadano.com\/index.php\/author\/admin_3q6hyqq3\/\"}]}<\/script>\n<!-- \/ Yoast SEO plugin. -->","yoast_head_json":{"title":"BOMBEROS DE CANC\u00daN SOFOCAN INCENDIO EN CASA HABITACI\u00d3N EN LA COLONIA EL MILAGRO; NO SE REPORTAN PERSONAS LESIONADAS - Panorama Ciudadano","robots":{"index":"index","follow":"follow","max-snippet":"max-snippet:-1","max-image-preview":"max-image-preview:large","max-video-preview":"max-video-preview:-1"},"canonical":"https:\/\/panoramaciudadano.com\/index.php\/2025\/11\/24\/bomberos-de-cancun-sofocan-incendio-en-casa-habitacion-en-la-colonia-el-milagro-no-se-reportan-personas-lesionadas\/","og_locale":"es_ES","og_type":"article","og_title":"BOMBEROS DE CANC\u00daN SOFOCAN INCENDIO EN CASA HABITACI\u00d3N EN LA COLONIA EL MILAGRO; NO SE REPORTAN PERSONAS LESIONADAS - Panorama Ciudadano","og_description":"La Direcci\u00f3n General del H. Cuerpo de Bomberos inform\u00f3 que a las 08:20 horas de este s\u00e1bado 22 de noviembre se recibi\u00f3 un reporte de incendio en una vivienda ubicada en la calle Grecia, Manzana 38, en la colonia El Milagro, a trav\u00e9s del despachador y del servicio de emergencias C5.","og_url":"https:\/\/panoramaciudadano.com\/index.php\/2025\/11\/24\/bomberos-de-cancun-sofocan-incendio-en-casa-habitacion-en-la-colonia-el-milagro-no-se-reportan-personas-lesionadas\/","og_site_name":"Panorama Ciudadano","article_publisher":"https:\/\/www.facebook.com\/panoramaciudadano","article_published_time":"2025-11-24T14:35:31+00:00","article_modified_time":"2025-11-24T14:35:33+00:00","og_image":[{"width":1600,"height":1200,"url":"https:\/\/panoramaciudadano.com\/wp-content\/uploads\/2025\/11\/WhatsApp-Image-2025-11-22-at-15.34.54-2.jpeg","type":"image\/jpeg"}],"author":"admin","twitter_card":"summary_large_image","twitter_misc":{"Escrito por":"admin","Tiempo de lectura":"3 minutos"},"schema":{"@context":"https:\/\/schema.org","@graph":[{"@type":"Article","@id":"https:\/\/panoramaciudadano.com\/index.php\/2025\/11\/24\/bomberos-de-cancun-sofocan-incendio-en-casa-habitacion-en-la-colonia-el-milagro-no-se-reportan-personas-lesionadas\/#article","isPartOf":{"@id":"https:\/\/panoramaciudadano.com\/index.php\/2025\/11\/24\/bomberos-de-cancun-sofocan-incendio-en-casa-habitacion-en-la-colonia-el-milagro-no-se-reportan-personas-lesionadas\/"},"author":{"name":"admin","@id":"https:\/\/panoramaciudadano.com\/#\/schema\/person\/ffe9fe8ef47d3a93977b5761fd9e0d96"},"headline":"BOMBEROS DE CANC\u00daN SOFOCAN INCENDIO EN CASA HABITACI\u00d3N EN LA COLONIA EL MILAGRO; NO SE REPORTAN PERSONAS LESIONADAS","datePublished":"2025-11-24T14:35:31+00:00","dateModified":"2025-11-24T14:35:33+00:00","mainEntityOfPage":{"@id":"https:\/\/panoramaciudadano.com\/index.php\/2025\/11\/24\/bomberos-de-cancun-sofocan-incendio-en-casa-habitacion-en-la-colonia-el-milagro-no-se-reportan-personas-lesionadas\/"},"wordCount":256,"commentCount":0,"publisher":{"@id":"https:\/\/panoramaciudadano.com\/#organization"},"image":{"@id":"https:\/\/panoramaciudadano.com\/index.php\/2025\/11\/24\/bomberos-de-cancun-sofocan-incendio-en-casa-habitacion-en-la-colonia-el-milagro-no-se-reportan-personas-lesionadas\/#primaryimage"},"thumbnailUrl":"https:\/\/panoramaciudadano.com\/wp-content\/uploads\/2025\/11\/WhatsApp-Image-2025-11-22-at-15.34.54-2.jpeg","keywords":["H. Cuerpo de Bomberos"],"articleSection":["Canc\u00fan"],"inLanguage":"es","potentialAction":[{"@type":"CommentAction","name":"Comment","target":["https:\/\/panoramaciudadano.com\/index.php\/2025\/11\/24\/bomberos-de-cancun-sofocan-incendio-en-casa-habitacion-en-la-colonia-el-milagro-no-se-reportan-personas-lesionadas\/#respond"]}]},{"@type":"WebPage","@id":"https:\/\/panoramaciudadano.com\/index.php\/2025\/11\/24\/bomberos-de-cancun-sofocan-incendio-en-casa-habitacion-en-la-colonia-el-milagro-no-se-reportan-personas-lesionadas\/","url":"https:\/\/panoramaciudadano.com\/index.php\/2025\/11\/24\/bomberos-de-cancun-sofocan-incendio-en-casa-habitacion-en-la-colonia-el-milagro-no-se-reportan-personas-lesionadas\/","name":"BOMBEROS DE CANC\u00daN SOFOCAN INCENDIO EN CASA HABITACI\u00d3N EN LA COLONIA EL MILAGRO; NO SE REPORTAN PERSONAS LESIONADAS - Panorama Ciudadano","isPartOf":{"@id":"https:\/\/panoramaciudadano.com\/#website"},"primaryImageOfPage":{"@id":"https:\/\/panoramaciudadano.com\/index.php\/2025\/11\/24\/bomberos-de-cancun-sofocan-incendio-en-casa-habitacion-en-la-colonia-el-milagro-no-se-reportan-personas-lesionadas\/#primaryimage"},"image":{"@id":"https:\/\/panoramaciudadano.com\/index.php\/2025\/11\/24\/bomberos-de-cancun-sofocan-incendio-en-casa-habitacion-en-la-colonia-el-milagro-no-se-reportan-personas-lesionadas\/#primaryimage"},"thumbnailUrl":"https:\/\/panoramaciudadano.com\/wp-content\/uploads\/2025\/11\/WhatsApp-Image-2025-11-22-at-15.34.54-2.jpeg","datePublished":"2025-11-24T14:35:31+00:00","dateModified":"2025-11-24T14:35:33+00:00","breadcrumb":{"@id":"https:\/\/panoramaciudadano.com\/index.php\/2025\/11\/24\/bomberos-de-cancun-sofocan-incendio-en-casa-habitacion-en-la-colonia-el-milagro-no-se-reportan-personas-lesionadas\/#breadcrumb"},"inLanguage":"es","potentialAction":[{"@type":"ReadAction","target":["https:\/\/panoramaciudadano.com\/index.php\/2025\/11\/24\/bomberos-de-cancun-sofocan-incendio-en-casa-habitacion-en-la-colonia-el-milagro-no-se-reportan-personas-lesionadas\/"]}]},{"@type":"ImageObject","inLanguage":"es","@id":"https:\/\/panoramaciudadano.com\/index.php\/2025\/11\/24\/bomberos-de-cancun-sofocan-incendio-en-casa-habitacion-en-la-colonia-el-milagro-no-se-reportan-personas-lesionadas\/#primaryimage","url":"https:\/\/panoramaciudadano.com\/wp-content\/uploads\/2025\/11\/WhatsApp-Image-2025-11-22-at-15.34.54-2.jpeg","contentUrl":"https:\/\/panoramaciudadano.com\/wp-content\/uploads\/2025\/11\/WhatsApp-Image-2025-11-22-at-15.34.54-2.jpeg","width":1600,"height":1200},{"@type":"BreadcrumbList","@id":"https:\/\/panoramaciudadano.com\/index.php\/2025\/11\/24\/bomberos-de-cancun-sofocan-incendio-en-casa-habitacion-en-la-colonia-el-milagro-no-se-reportan-personas-lesionadas\/#breadcrumb","itemListElement":[{"@type":"ListItem","position":1,"name":"Portada","item":"https:\/\/panoramaciudadano.com\/"},{"@type":"ListItem","position":2,"name":"BOMBEROS DE CANC\u00daN SOFOCAN INCENDIO EN CASA HABITACI\u00d3N EN LA COLONIA EL MILAGRO; NO SE REPORTAN PERSONAS LESIONADAS"}]},{"@type":"WebSite","@id":"https:\/\/panoramaciudadano.com\/#website","url":"https:\/\/panoramaciudadano.com\/","name":"Panorama Ciudadano","description":"","publisher":{"@id":"https:\/\/panoramaciudadano.com\/#organization"},"potentialAction":[{"@type":"SearchAction","target":{"@type":"EntryPoint","urlTemplate":"https:\/\/panoramaciudadano.com\/?s={search_term_string}"},"query-input":{"@type":"PropertyValueSpecification","valueRequired":true,"valueName":"search_term_string"}}],"inLanguage":"es"},{"@type":"Organization","@id":"https:\/\/panoramaciudadano.com\/#organization","name":"Panorama Ciudadano","url":"https:\/\/panoramaciudadano.com\/","logo":{"@type":"ImageObject","inLanguage":"es","@id":"https:\/\/panoramaciudadano.com\/#\/schema\/logo\/image\/","url":"https:\/\/panoramaciudadano.com\/wp-content\/uploads\/2024\/05\/401498640_919267042938564_6290593609399108733_n.jpg","contentUrl":"https:\/\/panoramaciudadano.com\/wp-content\/uploads\/2024\/05\/401498640_919267042938564_6290593609399108733_n.jpg","width":960,"height":957,"caption":"Panorama Ciudadano"},"image":{"@id":"https:\/\/panoramaciudadano.com\/#\/schema\/logo\/image\/"},"sameAs":["https:\/\/www.facebook.com\/panoramaciudadano"]},{"@type":"Person","@id":"https:\/\/panoramaciudadano.com\/#\/schema\/person\/ffe9fe8ef47d3a93977b5761fd9e0d96","name":"admin","image":{"@type":"ImageObject","inLanguage":"es","@id":"https:\/\/panoramaciudadano.com\/#\/schema\/person\/image\/","url":"https:\/\/secure.gravatar.com\/avatar\/2d5a12cacce3f18096f25fadea8abb7202fef18ed669595589853e84260ff451?s=96&d=mm&r=g","contentUrl":"https:\/\/secure.gravatar.com\/avatar\/2d5a12cacce3f18096f25fadea8abb7202fef18ed669595589853e84260ff451?s=96&d=mm&r=g","caption":"admin"},"sameAs":["https:\/\/panoramaciudadano.com"],"url":"https:\/\/panoramaciudadano.com\/index.php\/author\/admin_3q6hyqq3\/"}]}},"_links":{"self":[{"href":"https:\/\/panoramaciudadano.com\/index.php\/wp-json\/wp\/v2\/posts\/26262","targetHints":{"allow":["GET"]}}],"collection":[{"href":"https:\/\/panoramaciudadano.com\/index.php\/wp-json\/wp\/v2\/posts"}],"about":[{"href":"https:\/\/panoramaciudadano.com\/index.php\/wp-json\/wp\/v2\/types\/post"}],"author":[{"embeddable":true,"href":"https:\/\/panoramaciudadano.com\/index.php\/wp-json\/wp\/v2\/users\/1"}],"replies":[{"embeddable":true,"href":"https:\/\/panoramaciudadano.com\/index.php\/wp-json\/wp\/v2\/comments?post=26262"}],"version-history":[{"count":1,"href":"https:\/\/panoramaciudadano.com\/index.php\/wp-json\/wp\/v2\/posts\/26262\/revisions"}],"predecessor-version":[{"id":26268,"href":"https:\/\/panoramaciudadano.com\/index.php\/wp-json\/wp\/v2\/posts\/26262\/revisions\/26268"}],"wp:featuredmedia":[{"embeddable":true,"href":"https:\/\/panoramaciudadano.com\/index.php\/wp-json\/wp\/v2\/media\/26266"}],"wp:attachment":[{"href":"https:\/\/panoramaciudadano.com\/index.php\/wp-json\/wp\/v2\/media?parent=26262"}],"wp:term":[{"taxonomy":"category","embeddable":true,"href":"https:\/\/panoramaciudadano.com\/index.php\/wp-json\/wp\/v2\/categories?post=26262"},{"taxonomy":"post_tag","embeddable":true,"href":"https:\/\/panoramaciudadano.com\/index.php\/wp-json\/wp\/v2\/tags?post=26262"}],"curies":[{"name":"wp","href":"https:\/\/api.w.org\/{rel}","templated":true}]}}