{"id":26269,"date":"2025-11-24T09:38:28","date_gmt":"2025-11-24T14:38:28","guid":{"rendered":"https:\/\/panoramaciudadano.com\/?p=26269"},"modified":"2025-11-24T09:38:31","modified_gmt":"2025-11-24T14:38:31","slug":"reforesta-ana-paty-peralta-duna-costera-de-playa-delfines","status":"publish","type":"post","link":"https:\/\/panoramaciudadano.com\/index.php\/2025\/11\/24\/reforesta-ana-paty-peralta-duna-costera-de-playa-delfines\/","title":{"rendered":"REFORESTA ANA PATY PERALTA DUNA COSTERA DE PLAYA DELFINES"},"content":{"rendered":"\n<figure class=\"wp-block-gallery has-nested-images columns-default is-cropped wp-block-gallery-1 is-layout-flex wp-block-gallery-is-layout-flex\">\n<figure class=\"wp-block-image size-large\"><img decoding=\"async\" width=\"1024\" height=\"741\" data-id=\"26275\" src=\"https:\/\/panoramaciudadano.com\/wp-content\/uploads\/2025\/11\/2-117-1024x741.jpeg\" alt=\"\" class=\"wp-image-26275\" srcset=\"https:\/\/panoramaciudadano.com\/wp-content\/uploads\/2025\/11\/2-117-1024x741.jpeg 1024w, https:\/\/panoramaciudadano.com\/wp-content\/uploads\/2025\/11\/2-117-300x217.jpeg 300w, https:\/\/panoramaciudadano.com\/wp-content\/uploads\/2025\/11\/2-117-768x556.jpeg 768w, https:\/\/panoramaciudadano.com\/wp-content\/uploads\/2025\/11\/2-117.jpeg 1280w\" sizes=\"(max-width: 1024px) 100vw, 1024px\" \/><\/figure>\n\n\n\n<figure class=\"wp-block-image size-large\"><img decoding=\"async\" width=\"1024\" height=\"757\" data-id=\"26274\" src=\"https:\/\/panoramaciudadano.com\/wp-content\/uploads\/2025\/11\/6-36-1024x757.jpeg\" alt=\"\" class=\"wp-image-26274\" srcset=\"https:\/\/panoramaciudadano.com\/wp-content\/uploads\/2025\/11\/6-36-1024x757.jpeg 1024w, https:\/\/panoramaciudadano.com\/wp-content\/uploads\/2025\/11\/6-36-300x222.jpeg 300w, https:\/\/panoramaciudadano.com\/wp-content\/uploads\/2025\/11\/6-36-768x568.jpeg 768w, https:\/\/panoramaciudadano.com\/wp-content\/uploads\/2025\/11\/6-36.jpeg 1280w\" sizes=\"(max-width: 1024px) 100vw, 1024px\" \/><\/figure>\n\n\n\n<figure class=\"wp-block-image size-large\"><img decoding=\"async\" width=\"1024\" height=\"666\" data-id=\"26273\" src=\"https:\/\/panoramaciudadano.com\/wp-content\/uploads\/2025\/11\/7-22-1024x666.jpeg\" alt=\"\" class=\"wp-image-26273\" srcset=\"https:\/\/panoramaciudadano.com\/wp-content\/uploads\/2025\/11\/7-22-1024x666.jpeg 1024w, https:\/\/panoramaciudadano.com\/wp-content\/uploads\/2025\/11\/7-22-300x195.jpeg 300w, https:\/\/panoramaciudadano.com\/wp-content\/uploads\/2025\/11\/7-22-768x499.jpeg 768w, https:\/\/panoramaciudadano.com\/wp-content\/uploads\/2025\/11\/7-22.jpeg 1280w\" sizes=\"(max-width: 1024px) 100vw, 1024px\" \/><\/figure>\n\n\n\n<figure class=\"wp-block-image size-large\"><img decoding=\"async\" width=\"1024\" height=\"738\" data-id=\"26271\" src=\"https:\/\/panoramaciudadano.com\/wp-content\/uploads\/2025\/11\/8-16-1024x738.jpeg\" alt=\"\" class=\"wp-image-26271\" srcset=\"https:\/\/panoramaciudadano.com\/wp-content\/uploads\/2025\/11\/8-16-1024x738.jpeg 1024w, https:\/\/panoramaciudadano.com\/wp-content\/uploads\/2025\/11\/8-16-300x216.jpeg 300w, https:\/\/panoramaciudadano.com\/wp-content\/uploads\/2025\/11\/8-16-768x553.jpeg 768w, https:\/\/panoramaciudadano.com\/wp-content\/uploads\/2025\/11\/8-16.jpeg 1280w\" sizes=\"(max-width: 1024px) 100vw, 1024px\" \/><\/figure>\n\n\n\n<figure class=\"wp-block-image size-large\"><img decoding=\"async\" width=\"1024\" height=\"630\" data-id=\"26276\" src=\"https:\/\/panoramaciudadano.com\/wp-content\/uploads\/2025\/11\/9-9-1024x630.jpeg\" alt=\"\" class=\"wp-image-26276\" srcset=\"https:\/\/panoramaciudadano.com\/wp-content\/uploads\/2025\/11\/9-9-1024x630.jpeg 1024w, https:\/\/panoramaciudadano.com\/wp-content\/uploads\/2025\/11\/9-9-300x185.jpeg 300w, https:\/\/panoramaciudadano.com\/wp-content\/uploads\/2025\/11\/9-9-768x473.jpeg 768w, https:\/\/panoramaciudadano.com\/wp-content\/uploads\/2025\/11\/9-9.jpeg 1280w\" sizes=\"(max-width: 1024px) 100vw, 1024px\" \/><\/figure>\n\n\n\n<figure class=\"wp-block-image size-large\"><img decoding=\"async\" width=\"1024\" height=\"576\" data-id=\"26272\" src=\"https:\/\/panoramaciudadano.com\/wp-content\/uploads\/2025\/11\/10-5-1024x576.jpeg\" alt=\"\" class=\"wp-image-26272\" srcset=\"https:\/\/panoramaciudadano.com\/wp-content\/uploads\/2025\/11\/10-5-1024x576.jpeg 1024w, https:\/\/panoramaciudadano.com\/wp-content\/uploads\/2025\/11\/10-5-300x169.jpeg 300w, https:\/\/panoramaciudadano.com\/wp-content\/uploads\/2025\/11\/10-5-768x432.jpeg 768w, https:\/\/panoramaciudadano.com\/wp-content\/uploads\/2025\/11\/10-5.jpeg 1280w\" sizes=\"(max-width: 1024px) 100vw, 1024px\" \/><\/figure>\n\n\n\n<figure class=\"wp-block-image size-large\"><img decoding=\"async\" width=\"1024\" height=\"576\" data-id=\"26270\" src=\"https:\/\/panoramaciudadano.com\/wp-content\/uploads\/2025\/11\/11-5-1024x576.jpeg\" alt=\"\" class=\"wp-image-26270\" srcset=\"https:\/\/panoramaciudadano.com\/wp-content\/uploads\/2025\/11\/11-5-1024x576.jpeg 1024w, https:\/\/panoramaciudadano.com\/wp-content\/uploads\/2025\/11\/11-5-300x169.jpeg 300w, https:\/\/panoramaciudadano.com\/wp-content\/uploads\/2025\/11\/11-5-768x432.jpeg 768w, https:\/\/panoramaciudadano.com\/wp-content\/uploads\/2025\/11\/11-5.jpeg 1280w\" sizes=\"(max-width: 1024px) 100vw, 1024px\" \/><\/figure>\n<\/figure>\n\n\n\n<p>En una colaboraci\u00f3n con la autoridad federal, iniciativa privada y sociedad civil organizada, la Presidenta Municipal, Ana Paty Peralta, encabez\u00f3 la reforestaci\u00f3n de 500 ri\u00f1oninas en la duna costera del \u00c1rea Natural Protegida de Playa Delfines, como primera etapa de la restauraci\u00f3n ecol\u00f3gica del sitio con el fin de ayudar a mitigar la erosi\u00f3n en los arenales.<\/p>\n\n\n\n<p>\u00abNuestras dunas son fundamentales para conservar nuestras playas. El compromiso es que siempre sumemos y hagamos las cosas mejor. Son acciones que tienen que ver con el cuidado del medio ambiente que es emblem\u00e1tico de nuestra ciudad\u00bb, dijo.<\/p>\n\n\n\n<p>La Primera Autoridad Municipal agradeci\u00f3 la suma de esfuerzos de m\u00e1s de 80 voluntarios de las direcciones de Ecolog\u00eda y Zona Federal Mar\u00edtimo Terrestre (Zofemat), Comisi\u00f3n Nacional de \u00c1reas Naturales Protegidas (CONANP), Servicios P\u00fablicos, Fundaci\u00f3n Palace, vigilantes de PROREST y CAFU Gym.<\/p>\n\n\n\n<p>Adem\u00e1s record\u00f3 que se mantiene en la ciudad el programa \u201cArboriza Canc\u00fan\u201d que tiene la meta de sembrar m\u00e1s de 11 mil ejemplares a lo largo de la administraci\u00f3n para contribuir entre todos los ciudadanos al cuidado de la naturaleza.<\/p>\n\n\n\n<figure class=\"wp-block-gallery has-nested-images columns-default is-cropped wp-block-gallery-2 is-layout-flex wp-block-gallery-is-layout-flex\">\n<figure class=\"wp-block-image size-large\"><img decoding=\"async\" width=\"683\" height=\"1024\" data-id=\"26278\" src=\"https:\/\/panoramaciudadano.com\/wp-content\/uploads\/2025\/11\/4-59-683x1024.jpeg\" alt=\"\" class=\"wp-image-26278\" srcset=\"https:\/\/panoramaciudadano.com\/wp-content\/uploads\/2025\/11\/4-59-683x1024.jpeg 683w, https:\/\/panoramaciudadano.com\/wp-content\/uploads\/2025\/11\/4-59-200x300.jpeg 200w, https:\/\/panoramaciudadano.com\/wp-content\/uploads\/2025\/11\/4-59-768x1151.jpeg 768w, https:\/\/panoramaciudadano.com\/wp-content\/uploads\/2025\/11\/4-59.jpeg 854w\" sizes=\"(max-width: 683px) 100vw, 683px\" \/><\/figure>\n\n\n\n<figure class=\"wp-block-image size-large\"><img decoding=\"async\" width=\"768\" height=\"1024\" data-id=\"26277\" src=\"https:\/\/panoramaciudadano.com\/wp-content\/uploads\/2025\/11\/5-44-768x1024.jpeg\" alt=\"\" class=\"wp-image-26277\" srcset=\"https:\/\/panoramaciudadano.com\/wp-content\/uploads\/2025\/11\/5-44-768x1024.jpeg 768w, https:\/\/panoramaciudadano.com\/wp-content\/uploads\/2025\/11\/5-44-225x300.jpeg 225w, https:\/\/panoramaciudadano.com\/wp-content\/uploads\/2025\/11\/5-44-1152x1536.jpeg 1152w, https:\/\/panoramaciudadano.com\/wp-content\/uploads\/2025\/11\/5-44.jpeg 1200w\" sizes=\"(max-width: 768px) 100vw, 768px\" \/><\/figure>\n<\/figure>\n\n\n\n<p>Por su parte, el director de Ecolog\u00eda Municipal, Fernando Haro Salinas, destac\u00f3 que en 2023, el Gobierno de M\u00e9xico declar\u00f3 como \u00c1rea Natural Protegida esta playa que consiste en tres pol\u00edgonos, por lo que dicha autoridad dio inicio al Programa para la Protecci\u00f3n y Restauraci\u00f3n de Ecosistemas y Especies Prioritarias (PROREST), para realizar estas actividades de conservaci\u00f3n de forma continua.<\/p>\n\n\n\n<p>El encargado del \u00c1rea de Protecci\u00f3n de Flora y Fauna de Manglares de Nichupt\u00e9 de la CONANP, Jos\u00e9 Arturo Gonz\u00e1lez Gonz\u00e1lez, enfatiz\u00f3 tambi\u00e9n que esta playa es importante para las y los cancunenses, pero tambi\u00e9n para los turistas nacionales e internacionales, por eso las estrategias est\u00e1n enfocadas en generar su resiliencia.<\/p>\n\n\n\n<figure class=\"wp-block-image size-large\"><img decoding=\"async\" width=\"1024\" height=\"432\" src=\"https:\/\/panoramaciudadano.com\/wp-content\/uploads\/2025\/11\/3-101-1024x432.jpeg\" alt=\"\" class=\"wp-image-26279\" srcset=\"https:\/\/panoramaciudadano.com\/wp-content\/uploads\/2025\/11\/3-101-1024x432.jpeg 1024w, https:\/\/panoramaciudadano.com\/wp-content\/uploads\/2025\/11\/3-101-300x127.jpeg 300w, https:\/\/panoramaciudadano.com\/wp-content\/uploads\/2025\/11\/3-101-768x324.jpeg 768w, https:\/\/panoramaciudadano.com\/wp-content\/uploads\/2025\/11\/3-101.jpeg 1280w\" sizes=\"(max-width: 1024px) 100vw, 1024px\" \/><\/figure>\n\n\n\n<p>El gerente ambiental de Fundaci\u00f3n Palace y bi\u00f3logo, Antonio Ortiz Hern\u00e1ndez, explic\u00f3 que esta planta es rastrera y se extiende como enredadera, por lo que servir\u00e1 como base para cuando se haga la reforestaci\u00f3n de las dunas, ya que tomar\u00e1 el sustrato para evitar la erosi\u00f3n y tanta irradiaci\u00f3n solar, al crearse un tapete de todo lo sembrado con flores moradas en el que despu\u00e9s de colocar\u00e1n tambi\u00e9n arbustos.<\/p>\n\n\n\n<p>Despu\u00e9s de ello, la Presidenta Municipal ayud\u00f3 junto con los voluntarios al sembrado de los ejemplares que estar\u00e1n colocados con 20 cent\u00edmetros de distancia y posici\u00f3n de cara al mar, con una debida delimitaci\u00f3n y se\u00f1alizaci\u00f3n para que no haya paso de personas durante su crecimiento.<\/p>\n\n\n\n<hr class=\"wp-block-separator has-alpha-channel-opacity\"\/>\n","protected":false},"excerpt":{"rendered":"<p>En una colaboraci\u00f3n con la autoridad federal, iniciativa privada y sociedad civil organizada, la Presidenta Municipal, Ana Paty Peralta, encabez\u00f3 la reforestaci\u00f3n de 500 ri\u00f1oninas en la duna costera del \u00c1rea Natural Protegida de Playa Delfines, como primera etapa de la restauraci\u00f3n ecol\u00f3gica del sitio con el fin de ayudar a mitigar la erosi\u00f3n en los arenales.<\/p>\n","protected":false},"author":1,"featured_media":26275,"comment_status":"open","ping_status":"closed","sticky":false,"template":"","format":"standard","meta":{"footnotes":""},"categories":[6],"tags":[145],"class_list":["post-26269","post","type-post","status-publish","format-standard","has-post-thumbnail","hentry","category-cancun","tag-ana-paty-peralta"],"yoast_head":"<!-- This site is optimized with the Yoast SEO plugin v27.1.1 - https:\/\/yoast.com\/product\/yoast-seo-wordpress\/ -->\n<title>REFORESTA ANA PATY PERALTA DUNA COSTERA DE PLAYA DELFINES - Panorama Ciudadano<\/title>\n<meta name=\"robots\" content=\"index, follow, max-snippet:-1, max-image-preview:large, max-video-preview:-1\" \/>\n<link rel=\"canonical\" href=\"https:\/\/panoramaciudadano.com\/index.php\/2025\/11\/24\/reforesta-ana-paty-peralta-duna-costera-de-playa-delfines\/\" \/>\n<meta property=\"og:locale\" content=\"es_ES\" \/>\n<meta property=\"og:type\" content=\"article\" \/>\n<meta property=\"og:title\" content=\"REFORESTA ANA PATY PERALTA DUNA COSTERA DE PLAYA DELFINES - Panorama Ciudadano\" \/>\n<meta property=\"og:description\" content=\"En una colaboraci\u00f3n con la autoridad federal, iniciativa privada y sociedad civil organizada, la Presidenta Municipal, Ana Paty Peralta, encabez\u00f3 la reforestaci\u00f3n de 500 ri\u00f1oninas en la duna costera del \u00c1rea Natural Protegida de Playa Delfines, como primera etapa de la restauraci\u00f3n ecol\u00f3gica del sitio con el fin de ayudar a mitigar la erosi\u00f3n en los arenales.\" \/>\n<meta property=\"og:url\" content=\"https:\/\/panoramaciudadano.com\/index.php\/2025\/11\/24\/reforesta-ana-paty-peralta-duna-costera-de-playa-delfines\/\" \/>\n<meta property=\"og:site_name\" content=\"Panorama Ciudadano\" \/>\n<meta property=\"article:publisher\" content=\"https:\/\/www.facebook.com\/panoramaciudadano\" \/>\n<meta property=\"article:published_time\" content=\"2025-11-24T14:38:28+00:00\" \/>\n<meta property=\"article:modified_time\" content=\"2025-11-24T14:38:31+00:00\" \/>\n<meta property=\"og:image\" content=\"https:\/\/panoramaciudadano.com\/wp-content\/uploads\/2025\/11\/2-117.jpeg\" \/>\n\t<meta property=\"og:image:width\" content=\"1280\" \/>\n\t<meta property=\"og:image:height\" content=\"926\" \/>\n\t<meta property=\"og:image:type\" content=\"image\/jpeg\" \/>\n<meta name=\"author\" content=\"admin\" \/>\n<meta name=\"twitter:card\" content=\"summary_large_image\" \/>\n<meta name=\"twitter:label1\" content=\"Escrito por\" \/>\n\t<meta name=\"twitter:data1\" content=\"admin\" \/>\n\t<meta name=\"twitter:label2\" content=\"Tiempo de lectura\" \/>\n\t<meta name=\"twitter:data2\" content=\"5 minutos\" \/>\n<script type=\"application\/ld+json\" class=\"yoast-schema-graph\">{\"@context\":\"https:\/\/schema.org\",\"@graph\":[{\"@type\":\"Article\",\"@id\":\"https:\/\/panoramaciudadano.com\/index.php\/2025\/11\/24\/reforesta-ana-paty-peralta-duna-costera-de-playa-delfines\/#article\",\"isPartOf\":{\"@id\":\"https:\/\/panoramaciudadano.com\/index.php\/2025\/11\/24\/reforesta-ana-paty-peralta-duna-costera-de-playa-delfines\/\"},\"author\":{\"name\":\"admin\",\"@id\":\"https:\/\/panoramaciudadano.com\/#\/schema\/person\/ffe9fe8ef47d3a93977b5761fd9e0d96\"},\"headline\":\"REFORESTA ANA PATY PERALTA DUNA COSTERA DE PLAYA DELFINES\",\"datePublished\":\"2025-11-24T14:38:28+00:00\",\"dateModified\":\"2025-11-24T14:38:31+00:00\",\"mainEntityOfPage\":{\"@id\":\"https:\/\/panoramaciudadano.com\/index.php\/2025\/11\/24\/reforesta-ana-paty-peralta-duna-costera-de-playa-delfines\/\"},\"wordCount\":452,\"commentCount\":0,\"publisher\":{\"@id\":\"https:\/\/panoramaciudadano.com\/#organization\"},\"image\":{\"@id\":\"https:\/\/panoramaciudadano.com\/index.php\/2025\/11\/24\/reforesta-ana-paty-peralta-duna-costera-de-playa-delfines\/#primaryimage\"},\"thumbnailUrl\":\"https:\/\/panoramaciudadano.com\/wp-content\/uploads\/2025\/11\/2-117.jpeg\",\"keywords\":[\"Ana Paty Peralta\"],\"articleSection\":[\"Canc\u00fan\"],\"inLanguage\":\"es\",\"potentialAction\":[{\"@type\":\"CommentAction\",\"name\":\"Comment\",\"target\":[\"https:\/\/panoramaciudadano.com\/index.php\/2025\/11\/24\/reforesta-ana-paty-peralta-duna-costera-de-playa-delfines\/#respond\"]}]},{\"@type\":\"WebPage\",\"@id\":\"https:\/\/panoramaciudadano.com\/index.php\/2025\/11\/24\/reforesta-ana-paty-peralta-duna-costera-de-playa-delfines\/\",\"url\":\"https:\/\/panoramaciudadano.com\/index.php\/2025\/11\/24\/reforesta-ana-paty-peralta-duna-costera-de-playa-delfines\/\",\"name\":\"REFORESTA ANA PATY PERALTA DUNA COSTERA DE PLAYA DELFINES - Panorama Ciudadano\",\"isPartOf\":{\"@id\":\"https:\/\/panoramaciudadano.com\/#website\"},\"primaryImageOfPage\":{\"@id\":\"https:\/\/panoramaciudadano.com\/index.php\/2025\/11\/24\/reforesta-ana-paty-peralta-duna-costera-de-playa-delfines\/#primaryimage\"},\"image\":{\"@id\":\"https:\/\/panoramaciudadano.com\/index.php\/2025\/11\/24\/reforesta-ana-paty-peralta-duna-costera-de-playa-delfines\/#primaryimage\"},\"thumbnailUrl\":\"https:\/\/panoramaciudadano.com\/wp-content\/uploads\/2025\/11\/2-117.jpeg\",\"datePublished\":\"2025-11-24T14:38:28+00:00\",\"dateModified\":\"2025-11-24T14:38:31+00:00\",\"breadcrumb\":{\"@id\":\"https:\/\/panoramaciudadano.com\/index.php\/2025\/11\/24\/reforesta-ana-paty-peralta-duna-costera-de-playa-delfines\/#breadcrumb\"},\"inLanguage\":\"es\",\"potentialAction\":[{\"@type\":\"ReadAction\",\"target\":[\"https:\/\/panoramaciudadano.com\/index.php\/2025\/11\/24\/reforesta-ana-paty-peralta-duna-costera-de-playa-delfines\/\"]}]},{\"@type\":\"ImageObject\",\"inLanguage\":\"es\",\"@id\":\"https:\/\/panoramaciudadano.com\/index.php\/2025\/11\/24\/reforesta-ana-paty-peralta-duna-costera-de-playa-delfines\/#primaryimage\",\"url\":\"https:\/\/panoramaciudadano.com\/wp-content\/uploads\/2025\/11\/2-117.jpeg\",\"contentUrl\":\"https:\/\/panoramaciudadano.com\/wp-content\/uploads\/2025\/11\/2-117.jpeg\",\"width\":1280,\"height\":926},{\"@type\":\"BreadcrumbList\",\"@id\":\"https:\/\/panoramaciudadano.com\/index.php\/2025\/11\/24\/reforesta-ana-paty-peralta-duna-costera-de-playa-delfines\/#breadcrumb\",\"itemListElement\":[{\"@type\":\"ListItem\",\"position\":1,\"name\":\"Portada\",\"item\":\"https:\/\/panoramaciudadano.com\/\"},{\"@type\":\"ListItem\",\"position\":2,\"name\":\"REFORESTA ANA PATY PERALTA DUNA COSTERA DE PLAYA DELFINES\"}]},{\"@type\":\"WebSite\",\"@id\":\"https:\/\/panoramaciudadano.com\/#website\",\"url\":\"https:\/\/panoramaciudadano.com\/\",\"name\":\"Panorama Ciudadano\",\"description\":\"\",\"publisher\":{\"@id\":\"https:\/\/panoramaciudadano.com\/#organization\"},\"potentialAction\":[{\"@type\":\"SearchAction\",\"target\":{\"@type\":\"EntryPoint\",\"urlTemplate\":\"https:\/\/panoramaciudadano.com\/?s={search_term_string}\"},\"query-input\":{\"@type\":\"PropertyValueSpecification\",\"valueRequired\":true,\"valueName\":\"search_term_string\"}}],\"inLanguage\":\"es\"},{\"@type\":\"Organization\",\"@id\":\"https:\/\/panoramaciudadano.com\/#organization\",\"name\":\"Panorama Ciudadano\",\"url\":\"https:\/\/panoramaciudadano.com\/\",\"logo\":{\"@type\":\"ImageObject\",\"inLanguage\":\"es\",\"@id\":\"https:\/\/panoramaciudadano.com\/#\/schema\/logo\/image\/\",\"url\":\"https:\/\/panoramaciudadano.com\/wp-content\/uploads\/2024\/05\/401498640_919267042938564_6290593609399108733_n.jpg\",\"contentUrl\":\"https:\/\/panoramaciudadano.com\/wp-content\/uploads\/2024\/05\/401498640_919267042938564_6290593609399108733_n.jpg\",\"width\":960,\"height\":957,\"caption\":\"Panorama Ciudadano\"},\"image\":{\"@id\":\"https:\/\/panoramaciudadano.com\/#\/schema\/logo\/image\/\"},\"sameAs\":[\"https:\/\/www.facebook.com\/panoramaciudadano\"]},{\"@type\":\"Person\",\"@id\":\"https:\/\/panoramaciudadano.com\/#\/schema\/person\/ffe9fe8ef47d3a93977b5761fd9e0d96\",\"name\":\"admin\",\"image\":{\"@type\":\"ImageObject\",\"inLanguage\":\"es\",\"@id\":\"https:\/\/panoramaciudadano.com\/#\/schema\/person\/image\/\",\"url\":\"https:\/\/secure.gravatar.com\/avatar\/2d5a12cacce3f18096f25fadea8abb7202fef18ed669595589853e84260ff451?s=96&d=mm&r=g\",\"contentUrl\":\"https:\/\/secure.gravatar.com\/avatar\/2d5a12cacce3f18096f25fadea8abb7202fef18ed669595589853e84260ff451?s=96&d=mm&r=g\",\"caption\":\"admin\"},\"sameAs\":[\"https:\/\/panoramaciudadano.com\"],\"url\":\"https:\/\/panoramaciudadano.com\/index.php\/author\/admin_3q6hyqq3\/\"}]}<\/script>\n<!-- \/ Yoast SEO plugin. -->","yoast_head_json":{"title":"REFORESTA ANA PATY PERALTA DUNA COSTERA DE PLAYA DELFINES - Panorama Ciudadano","robots":{"index":"index","follow":"follow","max-snippet":"max-snippet:-1","max-image-preview":"max-image-preview:large","max-video-preview":"max-video-preview:-1"},"canonical":"https:\/\/panoramaciudadano.com\/index.php\/2025\/11\/24\/reforesta-ana-paty-peralta-duna-costera-de-playa-delfines\/","og_locale":"es_ES","og_type":"article","og_title":"REFORESTA ANA PATY PERALTA DUNA COSTERA DE PLAYA DELFINES - Panorama Ciudadano","og_description":"En una colaboraci\u00f3n con la autoridad federal, iniciativa privada y sociedad civil organizada, la Presidenta Municipal, Ana Paty Peralta, encabez\u00f3 la reforestaci\u00f3n de 500 ri\u00f1oninas en la duna costera del \u00c1rea Natural Protegida de Playa Delfines, como primera etapa de la restauraci\u00f3n ecol\u00f3gica del sitio con el fin de ayudar a mitigar la erosi\u00f3n en los arenales.","og_url":"https:\/\/panoramaciudadano.com\/index.php\/2025\/11\/24\/reforesta-ana-paty-peralta-duna-costera-de-playa-delfines\/","og_site_name":"Panorama Ciudadano","article_publisher":"https:\/\/www.facebook.com\/panoramaciudadano","article_published_time":"2025-11-24T14:38:28+00:00","article_modified_time":"2025-11-24T14:38:31+00:00","og_image":[{"width":1280,"height":926,"url":"https:\/\/panoramaciudadano.com\/wp-content\/uploads\/2025\/11\/2-117.jpeg","type":"image\/jpeg"}],"author":"admin","twitter_card":"summary_large_image","twitter_misc":{"Escrito por":"admin","Tiempo de lectura":"5 minutos"},"schema":{"@context":"https:\/\/schema.org","@graph":[{"@type":"Article","@id":"https:\/\/panoramaciudadano.com\/index.php\/2025\/11\/24\/reforesta-ana-paty-peralta-duna-costera-de-playa-delfines\/#article","isPartOf":{"@id":"https:\/\/panoramaciudadano.com\/index.php\/2025\/11\/24\/reforesta-ana-paty-peralta-duna-costera-de-playa-delfines\/"},"author":{"name":"admin","@id":"https:\/\/panoramaciudadano.com\/#\/schema\/person\/ffe9fe8ef47d3a93977b5761fd9e0d96"},"headline":"REFORESTA ANA PATY PERALTA DUNA COSTERA DE PLAYA DELFINES","datePublished":"2025-11-24T14:38:28+00:00","dateModified":"2025-11-24T14:38:31+00:00","mainEntityOfPage":{"@id":"https:\/\/panoramaciudadano.com\/index.php\/2025\/11\/24\/reforesta-ana-paty-peralta-duna-costera-de-playa-delfines\/"},"wordCount":452,"commentCount":0,"publisher":{"@id":"https:\/\/panoramaciudadano.com\/#organization"},"image":{"@id":"https:\/\/panoramaciudadano.com\/index.php\/2025\/11\/24\/reforesta-ana-paty-peralta-duna-costera-de-playa-delfines\/#primaryimage"},"thumbnailUrl":"https:\/\/panoramaciudadano.com\/wp-content\/uploads\/2025\/11\/2-117.jpeg","keywords":["Ana Paty Peralta"],"articleSection":["Canc\u00fan"],"inLanguage":"es","potentialAction":[{"@type":"CommentAction","name":"Comment","target":["https:\/\/panoramaciudadano.com\/index.php\/2025\/11\/24\/reforesta-ana-paty-peralta-duna-costera-de-playa-delfines\/#respond"]}]},{"@type":"WebPage","@id":"https:\/\/panoramaciudadano.com\/index.php\/2025\/11\/24\/reforesta-ana-paty-peralta-duna-costera-de-playa-delfines\/","url":"https:\/\/panoramaciudadano.com\/index.php\/2025\/11\/24\/reforesta-ana-paty-peralta-duna-costera-de-playa-delfines\/","name":"REFORESTA ANA PATY PERALTA DUNA COSTERA DE PLAYA DELFINES - Panorama Ciudadano","isPartOf":{"@id":"https:\/\/panoramaciudadano.com\/#website"},"primaryImageOfPage":{"@id":"https:\/\/panoramaciudadano.com\/index.php\/2025\/11\/24\/reforesta-ana-paty-peralta-duna-costera-de-playa-delfines\/#primaryimage"},"image":{"@id":"https:\/\/panoramaciudadano.com\/index.php\/2025\/11\/24\/reforesta-ana-paty-peralta-duna-costera-de-playa-delfines\/#primaryimage"},"thumbnailUrl":"https:\/\/panoramaciudadano.com\/wp-content\/uploads\/2025\/11\/2-117.jpeg","datePublished":"2025-11-24T14:38:28+00:00","dateModified":"2025-11-24T14:38:31+00:00","breadcrumb":{"@id":"https:\/\/panoramaciudadano.com\/index.php\/2025\/11\/24\/reforesta-ana-paty-peralta-duna-costera-de-playa-delfines\/#breadcrumb"},"inLanguage":"es","potentialAction":[{"@type":"ReadAction","target":["https:\/\/panoramaciudadano.com\/index.php\/2025\/11\/24\/reforesta-ana-paty-peralta-duna-costera-de-playa-delfines\/"]}]},{"@type":"ImageObject","inLanguage":"es","@id":"https:\/\/panoramaciudadano.com\/index.php\/2025\/11\/24\/reforesta-ana-paty-peralta-duna-costera-de-playa-delfines\/#primaryimage","url":"https:\/\/panoramaciudadano.com\/wp-content\/uploads\/2025\/11\/2-117.jpeg","contentUrl":"https:\/\/panoramaciudadano.com\/wp-content\/uploads\/2025\/11\/2-117.jpeg","width":1280,"height":926},{"@type":"BreadcrumbList","@id":"https:\/\/panoramaciudadano.com\/index.php\/2025\/11\/24\/reforesta-ana-paty-peralta-duna-costera-de-playa-delfines\/#breadcrumb","itemListElement":[{"@type":"ListItem","position":1,"name":"Portada","item":"https:\/\/panoramaciudadano.com\/"},{"@type":"ListItem","position":2,"name":"REFORESTA ANA PATY PERALTA DUNA COSTERA DE PLAYA DELFINES"}]},{"@type":"WebSite","@id":"https:\/\/panoramaciudadano.com\/#website","url":"https:\/\/panoramaciudadano.com\/","name":"Panorama Ciudadano","description":"","publisher":{"@id":"https:\/\/panoramaciudadano.com\/#organization"},"potentialAction":[{"@type":"SearchAction","target":{"@type":"EntryPoint","urlTemplate":"https:\/\/panoramaciudadano.com\/?s={search_term_string}"},"query-input":{"@type":"PropertyValueSpecification","valueRequired":true,"valueName":"search_term_string"}}],"inLanguage":"es"},{"@type":"Organization","@id":"https:\/\/panoramaciudadano.com\/#organization","name":"Panorama Ciudadano","url":"https:\/\/panoramaciudadano.com\/","logo":{"@type":"ImageObject","inLanguage":"es","@id":"https:\/\/panoramaciudadano.com\/#\/schema\/logo\/image\/","url":"https:\/\/panoramaciudadano.com\/wp-content\/uploads\/2024\/05\/401498640_919267042938564_6290593609399108733_n.jpg","contentUrl":"https:\/\/panoramaciudadano.com\/wp-content\/uploads\/2024\/05\/401498640_919267042938564_6290593609399108733_n.jpg","width":960,"height":957,"caption":"Panorama Ciudadano"},"image":{"@id":"https:\/\/panoramaciudadano.com\/#\/schema\/logo\/image\/"},"sameAs":["https:\/\/www.facebook.com\/panoramaciudadano"]},{"@type":"Person","@id":"https:\/\/panoramaciudadano.com\/#\/schema\/person\/ffe9fe8ef47d3a93977b5761fd9e0d96","name":"admin","image":{"@type":"ImageObject","inLanguage":"es","@id":"https:\/\/panoramaciudadano.com\/#\/schema\/person\/image\/","url":"https:\/\/secure.gravatar.com\/avatar\/2d5a12cacce3f18096f25fadea8abb7202fef18ed669595589853e84260ff451?s=96&d=mm&r=g","contentUrl":"https:\/\/secure.gravatar.com\/avatar\/2d5a12cacce3f18096f25fadea8abb7202fef18ed669595589853e84260ff451?s=96&d=mm&r=g","caption":"admin"},"sameAs":["https:\/\/panoramaciudadano.com"],"url":"https:\/\/panoramaciudadano.com\/index.php\/author\/admin_3q6hyqq3\/"}]}},"_links":{"self":[{"href":"https:\/\/panoramaciudadano.com\/index.php\/wp-json\/wp\/v2\/posts\/26269","targetHints":{"allow":["GET"]}}],"collection":[{"href":"https:\/\/panoramaciudadano.com\/index.php\/wp-json\/wp\/v2\/posts"}],"about":[{"href":"https:\/\/panoramaciudadano.com\/index.php\/wp-json\/wp\/v2\/types\/post"}],"author":[{"embeddable":true,"href":"https:\/\/panoramaciudadano.com\/index.php\/wp-json\/wp\/v2\/users\/1"}],"replies":[{"embeddable":true,"href":"https:\/\/panoramaciudadano.com\/index.php\/wp-json\/wp\/v2\/comments?post=26269"}],"version-history":[{"count":1,"href":"https:\/\/panoramaciudadano.com\/index.php\/wp-json\/wp\/v2\/posts\/26269\/revisions"}],"predecessor-version":[{"id":26280,"href":"https:\/\/panoramaciudadano.com\/index.php\/wp-json\/wp\/v2\/posts\/26269\/revisions\/26280"}],"wp:featuredmedia":[{"embeddable":true,"href":"https:\/\/panoramaciudadano.com\/index.php\/wp-json\/wp\/v2\/media\/26275"}],"wp:attachment":[{"href":"https:\/\/panoramaciudadano.com\/index.php\/wp-json\/wp\/v2\/media?parent=26269"}],"wp:term":[{"taxonomy":"category","embeddable":true,"href":"https:\/\/panoramaciudadano.com\/index.php\/wp-json\/wp\/v2\/categories?post=26269"},{"taxonomy":"post_tag","embeddable":true,"href":"https:\/\/panoramaciudadano.com\/index.php\/wp-json\/wp\/v2\/tags?post=26269"}],"curies":[{"name":"wp","href":"https:\/\/api.w.org\/{rel}","templated":true}]}}