{"id":26286,"date":"2025-11-24T09:42:10","date_gmt":"2025-11-24T14:42:10","guid":{"rendered":"https:\/\/panoramaciudadano.com\/?p=26286"},"modified":"2025-11-24T09:42:12","modified_gmt":"2025-11-24T14:42:12","slug":"tragedia-en-cancun-taxista-pierde-la-vida-al-volante-tras-sufrir-infarto-en-la-region-227","status":"publish","type":"post","link":"https:\/\/panoramaciudadano.com\/index.php\/2025\/11\/24\/tragedia-en-cancun-taxista-pierde-la-vida-al-volante-tras-sufrir-infarto-en-la-region-227\/","title":{"rendered":"Tragedia en Canc\u00fan: taxista pierde la vida al volante tras sufrir infarto en la Regi\u00f3n 227"},"content":{"rendered":"\n<figure class=\"wp-block-gallery has-nested-images columns-default is-cropped wp-block-gallery-1 is-layout-flex wp-block-gallery-is-layout-flex\">\n<figure class=\"wp-block-image size-large\"><img decoding=\"async\" width=\"1024\" height=\"768\" data-id=\"26288\" src=\"https:\/\/panoramaciudadano.com\/wp-content\/uploads\/2025\/11\/2-119-1024x768.jpeg\" alt=\"\" class=\"wp-image-26288\" srcset=\"https:\/\/panoramaciudadano.com\/wp-content\/uploads\/2025\/11\/2-119-1024x768.jpeg 1024w, https:\/\/panoramaciudadano.com\/wp-content\/uploads\/2025\/11\/2-119-300x225.jpeg 300w, https:\/\/panoramaciudadano.com\/wp-content\/uploads\/2025\/11\/2-119-768x576.jpeg 768w, https:\/\/panoramaciudadano.com\/wp-content\/uploads\/2025\/11\/2-119-1536x1152.jpeg 1536w, https:\/\/panoramaciudadano.com\/wp-content\/uploads\/2025\/11\/2-119.jpeg 1600w\" sizes=\"(max-width: 1024px) 100vw, 1024px\" \/><\/figure>\n\n\n\n<figure class=\"wp-block-image size-large\"><img decoding=\"async\" width=\"1024\" height=\"768\" data-id=\"26289\" src=\"https:\/\/panoramaciudadano.com\/wp-content\/uploads\/2025\/11\/3-103-1024x768.jpeg\" alt=\"\" class=\"wp-image-26289\" srcset=\"https:\/\/panoramaciudadano.com\/wp-content\/uploads\/2025\/11\/3-103-1024x768.jpeg 1024w, https:\/\/panoramaciudadano.com\/wp-content\/uploads\/2025\/11\/3-103-300x225.jpeg 300w, https:\/\/panoramaciudadano.com\/wp-content\/uploads\/2025\/11\/3-103-768x576.jpeg 768w, https:\/\/panoramaciudadano.com\/wp-content\/uploads\/2025\/11\/3-103-1536x1152.jpeg 1536w, https:\/\/panoramaciudadano.com\/wp-content\/uploads\/2025\/11\/3-103.jpeg 1600w\" sizes=\"(max-width: 1024px) 100vw, 1024px\" \/><\/figure>\n<\/figure>\n\n\n\n<p>Un taxista de aproximadamente 70 a\u00f1os perdi\u00f3 la vida la ma\u00f1ana de este domingo, luego de sufrir un infarto mientras circulaba sobre la avenida Costa Maya, a la altura de la Regi\u00f3n 227.<\/p>\n\n\n\n<p>El hecho ocurri\u00f3 alrededor de las 10:20 horas, cuando trabajadores de una vulcanizadora notaron que el conductor se detuvo de forma repentina y pidi\u00f3 ayuda, manifestando un fuerte dolor en el pecho.<\/p>\n\n\n\n<p>De inmediato, los empleados llamaron al n\u00famero de emergencias 911 para solicitar una ambulancia.<\/p>\n\n\n\n<p>Al sitio acudieron elementos de la Polic\u00eda Municipal y param\u00e9dicos de la Cruz Roja, quienes revisaron al hombre dentro de su unidad de trabajo, sin embargo, tras valorarlo, confirmaron que ya no contaba con signos vitales.<\/p>\n\n\n\n<p>La zona fue acordonada por los oficiales preventivos, quienes notificaron a personal de la Fiscal\u00eda General del Estado para realizar las diligencias correspondientes y el levantamiento del cuerpo.<\/p>\n","protected":false},"excerpt":{"rendered":"<p>Un taxista de aproximadamente 70 a\u00f1os perdi\u00f3 la vida la ma\u00f1ana de este domingo, luego de sufrir un infarto mientras circulaba sobre la avenida Costa Maya, a la altura de la Regi\u00f3n 227.<\/p>\n","protected":false},"author":1,"featured_media":26287,"comment_status":"open","ping_status":"closed","sticky":false,"template":"","format":"standard","meta":{"footnotes":""},"categories":[6],"tags":[1521],"class_list":["post-26286","post","type-post","status-publish","format-standard","has-post-thumbnail","hentry","category-cancun","tag-region-227"],"yoast_head":"<!-- This site is optimized with the Yoast SEO plugin v27.1.1 - https:\/\/yoast.com\/product\/yoast-seo-wordpress\/ -->\n<title>Tragedia en Canc\u00fan: taxista pierde la vida al volante tras sufrir infarto en la Regi\u00f3n 227 - Panorama Ciudadano<\/title>\n<meta name=\"robots\" content=\"index, follow, max-snippet:-1, max-image-preview:large, max-video-preview:-1\" \/>\n<link rel=\"canonical\" href=\"https:\/\/panoramaciudadano.com\/index.php\/2025\/11\/24\/tragedia-en-cancun-taxista-pierde-la-vida-al-volante-tras-sufrir-infarto-en-la-region-227\/\" \/>\n<meta property=\"og:locale\" content=\"es_ES\" \/>\n<meta property=\"og:type\" content=\"article\" \/>\n<meta property=\"og:title\" content=\"Tragedia en Canc\u00fan: taxista pierde la vida al volante tras sufrir infarto en la Regi\u00f3n 227 - Panorama Ciudadano\" \/>\n<meta property=\"og:description\" content=\"Un taxista de aproximadamente 70 a\u00f1os perdi\u00f3 la vida la ma\u00f1ana de este domingo, luego de sufrir un infarto mientras circulaba sobre la avenida Costa Maya, a la altura de la Regi\u00f3n 227.\" \/>\n<meta property=\"og:url\" content=\"https:\/\/panoramaciudadano.com\/index.php\/2025\/11\/24\/tragedia-en-cancun-taxista-pierde-la-vida-al-volante-tras-sufrir-infarto-en-la-region-227\/\" \/>\n<meta property=\"og:site_name\" content=\"Panorama Ciudadano\" \/>\n<meta property=\"article:publisher\" content=\"https:\/\/www.facebook.com\/panoramaciudadano\" \/>\n<meta property=\"article:published_time\" content=\"2025-11-24T14:42:10+00:00\" \/>\n<meta property=\"article:modified_time\" content=\"2025-11-24T14:42:12+00:00\" \/>\n<meta property=\"og:image\" content=\"https:\/\/panoramaciudadano.com\/wp-content\/uploads\/2025\/11\/WhatsApp-Image-2025-11-23-at-13.46.44.jpeg\" \/>\n\t<meta property=\"og:image:width\" content=\"1600\" \/>\n\t<meta property=\"og:image:height\" content=\"1200\" \/>\n\t<meta property=\"og:image:type\" content=\"image\/jpeg\" \/>\n<meta name=\"author\" content=\"admin\" \/>\n<meta name=\"twitter:card\" content=\"summary_large_image\" \/>\n<meta name=\"twitter:label1\" content=\"Escrito por\" \/>\n\t<meta name=\"twitter:data1\" content=\"admin\" \/>\n\t<meta name=\"twitter:label2\" content=\"Tiempo de lectura\" \/>\n\t<meta name=\"twitter:data2\" content=\"2 minutos\" \/>\n<script type=\"application\/ld+json\" class=\"yoast-schema-graph\">{\"@context\":\"https:\/\/schema.org\",\"@graph\":[{\"@type\":\"Article\",\"@id\":\"https:\/\/panoramaciudadano.com\/index.php\/2025\/11\/24\/tragedia-en-cancun-taxista-pierde-la-vida-al-volante-tras-sufrir-infarto-en-la-region-227\/#article\",\"isPartOf\":{\"@id\":\"https:\/\/panoramaciudadano.com\/index.php\/2025\/11\/24\/tragedia-en-cancun-taxista-pierde-la-vida-al-volante-tras-sufrir-infarto-en-la-region-227\/\"},\"author\":{\"name\":\"admin\",\"@id\":\"https:\/\/panoramaciudadano.com\/#\/schema\/person\/ffe9fe8ef47d3a93977b5761fd9e0d96\"},\"headline\":\"Tragedia en Canc\u00fan: taxista pierde la vida al volante tras sufrir infarto en la Regi\u00f3n 227\",\"datePublished\":\"2025-11-24T14:42:10+00:00\",\"dateModified\":\"2025-11-24T14:42:12+00:00\",\"mainEntityOfPage\":{\"@id\":\"https:\/\/panoramaciudadano.com\/index.php\/2025\/11\/24\/tragedia-en-cancun-taxista-pierde-la-vida-al-volante-tras-sufrir-infarto-en-la-region-227\/\"},\"wordCount\":163,\"commentCount\":0,\"publisher\":{\"@id\":\"https:\/\/panoramaciudadano.com\/#organization\"},\"image\":{\"@id\":\"https:\/\/panoramaciudadano.com\/index.php\/2025\/11\/24\/tragedia-en-cancun-taxista-pierde-la-vida-al-volante-tras-sufrir-infarto-en-la-region-227\/#primaryimage\"},\"thumbnailUrl\":\"https:\/\/panoramaciudadano.com\/wp-content\/uploads\/2025\/11\/WhatsApp-Image-2025-11-23-at-13.46.44.jpeg\",\"keywords\":[\"Regi\u00f3n 227\"],\"articleSection\":[\"Canc\u00fan\"],\"inLanguage\":\"es\",\"potentialAction\":[{\"@type\":\"CommentAction\",\"name\":\"Comment\",\"target\":[\"https:\/\/panoramaciudadano.com\/index.php\/2025\/11\/24\/tragedia-en-cancun-taxista-pierde-la-vida-al-volante-tras-sufrir-infarto-en-la-region-227\/#respond\"]}]},{\"@type\":\"WebPage\",\"@id\":\"https:\/\/panoramaciudadano.com\/index.php\/2025\/11\/24\/tragedia-en-cancun-taxista-pierde-la-vida-al-volante-tras-sufrir-infarto-en-la-region-227\/\",\"url\":\"https:\/\/panoramaciudadano.com\/index.php\/2025\/11\/24\/tragedia-en-cancun-taxista-pierde-la-vida-al-volante-tras-sufrir-infarto-en-la-region-227\/\",\"name\":\"Tragedia en Canc\u00fan: taxista pierde la vida al volante tras sufrir infarto en la Regi\u00f3n 227 - Panorama Ciudadano\",\"isPartOf\":{\"@id\":\"https:\/\/panoramaciudadano.com\/#website\"},\"primaryImageOfPage\":{\"@id\":\"https:\/\/panoramaciudadano.com\/index.php\/2025\/11\/24\/tragedia-en-cancun-taxista-pierde-la-vida-al-volante-tras-sufrir-infarto-en-la-region-227\/#primaryimage\"},\"image\":{\"@id\":\"https:\/\/panoramaciudadano.com\/index.php\/2025\/11\/24\/tragedia-en-cancun-taxista-pierde-la-vida-al-volante-tras-sufrir-infarto-en-la-region-227\/#primaryimage\"},\"thumbnailUrl\":\"https:\/\/panoramaciudadano.com\/wp-content\/uploads\/2025\/11\/WhatsApp-Image-2025-11-23-at-13.46.44.jpeg\",\"datePublished\":\"2025-11-24T14:42:10+00:00\",\"dateModified\":\"2025-11-24T14:42:12+00:00\",\"breadcrumb\":{\"@id\":\"https:\/\/panoramaciudadano.com\/index.php\/2025\/11\/24\/tragedia-en-cancun-taxista-pierde-la-vida-al-volante-tras-sufrir-infarto-en-la-region-227\/#breadcrumb\"},\"inLanguage\":\"es\",\"potentialAction\":[{\"@type\":\"ReadAction\",\"target\":[\"https:\/\/panoramaciudadano.com\/index.php\/2025\/11\/24\/tragedia-en-cancun-taxista-pierde-la-vida-al-volante-tras-sufrir-infarto-en-la-region-227\/\"]}]},{\"@type\":\"ImageObject\",\"inLanguage\":\"es\",\"@id\":\"https:\/\/panoramaciudadano.com\/index.php\/2025\/11\/24\/tragedia-en-cancun-taxista-pierde-la-vida-al-volante-tras-sufrir-infarto-en-la-region-227\/#primaryimage\",\"url\":\"https:\/\/panoramaciudadano.com\/wp-content\/uploads\/2025\/11\/WhatsApp-Image-2025-11-23-at-13.46.44.jpeg\",\"contentUrl\":\"https:\/\/panoramaciudadano.com\/wp-content\/uploads\/2025\/11\/WhatsApp-Image-2025-11-23-at-13.46.44.jpeg\",\"width\":1600,\"height\":1200},{\"@type\":\"BreadcrumbList\",\"@id\":\"https:\/\/panoramaciudadano.com\/index.php\/2025\/11\/24\/tragedia-en-cancun-taxista-pierde-la-vida-al-volante-tras-sufrir-infarto-en-la-region-227\/#breadcrumb\",\"itemListElement\":[{\"@type\":\"ListItem\",\"position\":1,\"name\":\"Portada\",\"item\":\"https:\/\/panoramaciudadano.com\/\"},{\"@type\":\"ListItem\",\"position\":2,\"name\":\"Tragedia en Canc\u00fan: taxista pierde la vida al volante tras sufrir infarto en la Regi\u00f3n 227\"}]},{\"@type\":\"WebSite\",\"@id\":\"https:\/\/panoramaciudadano.com\/#website\",\"url\":\"https:\/\/panoramaciudadano.com\/\",\"name\":\"Panorama Ciudadano\",\"description\":\"\",\"publisher\":{\"@id\":\"https:\/\/panoramaciudadano.com\/#organization\"},\"potentialAction\":[{\"@type\":\"SearchAction\",\"target\":{\"@type\":\"EntryPoint\",\"urlTemplate\":\"https:\/\/panoramaciudadano.com\/?s={search_term_string}\"},\"query-input\":{\"@type\":\"PropertyValueSpecification\",\"valueRequired\":true,\"valueName\":\"search_term_string\"}}],\"inLanguage\":\"es\"},{\"@type\":\"Organization\",\"@id\":\"https:\/\/panoramaciudadano.com\/#organization\",\"name\":\"Panorama Ciudadano\",\"url\":\"https:\/\/panoramaciudadano.com\/\",\"logo\":{\"@type\":\"ImageObject\",\"inLanguage\":\"es\",\"@id\":\"https:\/\/panoramaciudadano.com\/#\/schema\/logo\/image\/\",\"url\":\"https:\/\/panoramaciudadano.com\/wp-content\/uploads\/2024\/05\/401498640_919267042938564_6290593609399108733_n.jpg\",\"contentUrl\":\"https:\/\/panoramaciudadano.com\/wp-content\/uploads\/2024\/05\/401498640_919267042938564_6290593609399108733_n.jpg\",\"width\":960,\"height\":957,\"caption\":\"Panorama Ciudadano\"},\"image\":{\"@id\":\"https:\/\/panoramaciudadano.com\/#\/schema\/logo\/image\/\"},\"sameAs\":[\"https:\/\/www.facebook.com\/panoramaciudadano\"]},{\"@type\":\"Person\",\"@id\":\"https:\/\/panoramaciudadano.com\/#\/schema\/person\/ffe9fe8ef47d3a93977b5761fd9e0d96\",\"name\":\"admin\",\"image\":{\"@type\":\"ImageObject\",\"inLanguage\":\"es\",\"@id\":\"https:\/\/panoramaciudadano.com\/#\/schema\/person\/image\/\",\"url\":\"https:\/\/secure.gravatar.com\/avatar\/2d5a12cacce3f18096f25fadea8abb7202fef18ed669595589853e84260ff451?s=96&d=mm&r=g\",\"contentUrl\":\"https:\/\/secure.gravatar.com\/avatar\/2d5a12cacce3f18096f25fadea8abb7202fef18ed669595589853e84260ff451?s=96&d=mm&r=g\",\"caption\":\"admin\"},\"sameAs\":[\"https:\/\/panoramaciudadano.com\"],\"url\":\"https:\/\/panoramaciudadano.com\/index.php\/author\/admin_3q6hyqq3\/\"}]}<\/script>\n<!-- \/ Yoast SEO plugin. -->","yoast_head_json":{"title":"Tragedia en Canc\u00fan: taxista pierde la vida al volante tras sufrir infarto en la Regi\u00f3n 227 - Panorama Ciudadano","robots":{"index":"index","follow":"follow","max-snippet":"max-snippet:-1","max-image-preview":"max-image-preview:large","max-video-preview":"max-video-preview:-1"},"canonical":"https:\/\/panoramaciudadano.com\/index.php\/2025\/11\/24\/tragedia-en-cancun-taxista-pierde-la-vida-al-volante-tras-sufrir-infarto-en-la-region-227\/","og_locale":"es_ES","og_type":"article","og_title":"Tragedia en Canc\u00fan: taxista pierde la vida al volante tras sufrir infarto en la Regi\u00f3n 227 - Panorama Ciudadano","og_description":"Un taxista de aproximadamente 70 a\u00f1os perdi\u00f3 la vida la ma\u00f1ana de este domingo, luego de sufrir un infarto mientras circulaba sobre la avenida Costa Maya, a la altura de la Regi\u00f3n 227.","og_url":"https:\/\/panoramaciudadano.com\/index.php\/2025\/11\/24\/tragedia-en-cancun-taxista-pierde-la-vida-al-volante-tras-sufrir-infarto-en-la-region-227\/","og_site_name":"Panorama Ciudadano","article_publisher":"https:\/\/www.facebook.com\/panoramaciudadano","article_published_time":"2025-11-24T14:42:10+00:00","article_modified_time":"2025-11-24T14:42:12+00:00","og_image":[{"width":1600,"height":1200,"url":"https:\/\/panoramaciudadano.com\/wp-content\/uploads\/2025\/11\/WhatsApp-Image-2025-11-23-at-13.46.44.jpeg","type":"image\/jpeg"}],"author":"admin","twitter_card":"summary_large_image","twitter_misc":{"Escrito por":"admin","Tiempo de lectura":"2 minutos"},"schema":{"@context":"https:\/\/schema.org","@graph":[{"@type":"Article","@id":"https:\/\/panoramaciudadano.com\/index.php\/2025\/11\/24\/tragedia-en-cancun-taxista-pierde-la-vida-al-volante-tras-sufrir-infarto-en-la-region-227\/#article","isPartOf":{"@id":"https:\/\/panoramaciudadano.com\/index.php\/2025\/11\/24\/tragedia-en-cancun-taxista-pierde-la-vida-al-volante-tras-sufrir-infarto-en-la-region-227\/"},"author":{"name":"admin","@id":"https:\/\/panoramaciudadano.com\/#\/schema\/person\/ffe9fe8ef47d3a93977b5761fd9e0d96"},"headline":"Tragedia en Canc\u00fan: taxista pierde la vida al volante tras sufrir infarto en la Regi\u00f3n 227","datePublished":"2025-11-24T14:42:10+00:00","dateModified":"2025-11-24T14:42:12+00:00","mainEntityOfPage":{"@id":"https:\/\/panoramaciudadano.com\/index.php\/2025\/11\/24\/tragedia-en-cancun-taxista-pierde-la-vida-al-volante-tras-sufrir-infarto-en-la-region-227\/"},"wordCount":163,"commentCount":0,"publisher":{"@id":"https:\/\/panoramaciudadano.com\/#organization"},"image":{"@id":"https:\/\/panoramaciudadano.com\/index.php\/2025\/11\/24\/tragedia-en-cancun-taxista-pierde-la-vida-al-volante-tras-sufrir-infarto-en-la-region-227\/#primaryimage"},"thumbnailUrl":"https:\/\/panoramaciudadano.com\/wp-content\/uploads\/2025\/11\/WhatsApp-Image-2025-11-23-at-13.46.44.jpeg","keywords":["Regi\u00f3n 227"],"articleSection":["Canc\u00fan"],"inLanguage":"es","potentialAction":[{"@type":"CommentAction","name":"Comment","target":["https:\/\/panoramaciudadano.com\/index.php\/2025\/11\/24\/tragedia-en-cancun-taxista-pierde-la-vida-al-volante-tras-sufrir-infarto-en-la-region-227\/#respond"]}]},{"@type":"WebPage","@id":"https:\/\/panoramaciudadano.com\/index.php\/2025\/11\/24\/tragedia-en-cancun-taxista-pierde-la-vida-al-volante-tras-sufrir-infarto-en-la-region-227\/","url":"https:\/\/panoramaciudadano.com\/index.php\/2025\/11\/24\/tragedia-en-cancun-taxista-pierde-la-vida-al-volante-tras-sufrir-infarto-en-la-region-227\/","name":"Tragedia en Canc\u00fan: taxista pierde la vida al volante tras sufrir infarto en la Regi\u00f3n 227 - Panorama Ciudadano","isPartOf":{"@id":"https:\/\/panoramaciudadano.com\/#website"},"primaryImageOfPage":{"@id":"https:\/\/panoramaciudadano.com\/index.php\/2025\/11\/24\/tragedia-en-cancun-taxista-pierde-la-vida-al-volante-tras-sufrir-infarto-en-la-region-227\/#primaryimage"},"image":{"@id":"https:\/\/panoramaciudadano.com\/index.php\/2025\/11\/24\/tragedia-en-cancun-taxista-pierde-la-vida-al-volante-tras-sufrir-infarto-en-la-region-227\/#primaryimage"},"thumbnailUrl":"https:\/\/panoramaciudadano.com\/wp-content\/uploads\/2025\/11\/WhatsApp-Image-2025-11-23-at-13.46.44.jpeg","datePublished":"2025-11-24T14:42:10+00:00","dateModified":"2025-11-24T14:42:12+00:00","breadcrumb":{"@id":"https:\/\/panoramaciudadano.com\/index.php\/2025\/11\/24\/tragedia-en-cancun-taxista-pierde-la-vida-al-volante-tras-sufrir-infarto-en-la-region-227\/#breadcrumb"},"inLanguage":"es","potentialAction":[{"@type":"ReadAction","target":["https:\/\/panoramaciudadano.com\/index.php\/2025\/11\/24\/tragedia-en-cancun-taxista-pierde-la-vida-al-volante-tras-sufrir-infarto-en-la-region-227\/"]}]},{"@type":"ImageObject","inLanguage":"es","@id":"https:\/\/panoramaciudadano.com\/index.php\/2025\/11\/24\/tragedia-en-cancun-taxista-pierde-la-vida-al-volante-tras-sufrir-infarto-en-la-region-227\/#primaryimage","url":"https:\/\/panoramaciudadano.com\/wp-content\/uploads\/2025\/11\/WhatsApp-Image-2025-11-23-at-13.46.44.jpeg","contentUrl":"https:\/\/panoramaciudadano.com\/wp-content\/uploads\/2025\/11\/WhatsApp-Image-2025-11-23-at-13.46.44.jpeg","width":1600,"height":1200},{"@type":"BreadcrumbList","@id":"https:\/\/panoramaciudadano.com\/index.php\/2025\/11\/24\/tragedia-en-cancun-taxista-pierde-la-vida-al-volante-tras-sufrir-infarto-en-la-region-227\/#breadcrumb","itemListElement":[{"@type":"ListItem","position":1,"name":"Portada","item":"https:\/\/panoramaciudadano.com\/"},{"@type":"ListItem","position":2,"name":"Tragedia en Canc\u00fan: taxista pierde la vida al volante tras sufrir infarto en la Regi\u00f3n 227"}]},{"@type":"WebSite","@id":"https:\/\/panoramaciudadano.com\/#website","url":"https:\/\/panoramaciudadano.com\/","name":"Panorama Ciudadano","description":"","publisher":{"@id":"https:\/\/panoramaciudadano.com\/#organization"},"potentialAction":[{"@type":"SearchAction","target":{"@type":"EntryPoint","urlTemplate":"https:\/\/panoramaciudadano.com\/?s={search_term_string}"},"query-input":{"@type":"PropertyValueSpecification","valueRequired":true,"valueName":"search_term_string"}}],"inLanguage":"es"},{"@type":"Organization","@id":"https:\/\/panoramaciudadano.com\/#organization","name":"Panorama Ciudadano","url":"https:\/\/panoramaciudadano.com\/","logo":{"@type":"ImageObject","inLanguage":"es","@id":"https:\/\/panoramaciudadano.com\/#\/schema\/logo\/image\/","url":"https:\/\/panoramaciudadano.com\/wp-content\/uploads\/2024\/05\/401498640_919267042938564_6290593609399108733_n.jpg","contentUrl":"https:\/\/panoramaciudadano.com\/wp-content\/uploads\/2024\/05\/401498640_919267042938564_6290593609399108733_n.jpg","width":960,"height":957,"caption":"Panorama Ciudadano"},"image":{"@id":"https:\/\/panoramaciudadano.com\/#\/schema\/logo\/image\/"},"sameAs":["https:\/\/www.facebook.com\/panoramaciudadano"]},{"@type":"Person","@id":"https:\/\/panoramaciudadano.com\/#\/schema\/person\/ffe9fe8ef47d3a93977b5761fd9e0d96","name":"admin","image":{"@type":"ImageObject","inLanguage":"es","@id":"https:\/\/panoramaciudadano.com\/#\/schema\/person\/image\/","url":"https:\/\/secure.gravatar.com\/avatar\/2d5a12cacce3f18096f25fadea8abb7202fef18ed669595589853e84260ff451?s=96&d=mm&r=g","contentUrl":"https:\/\/secure.gravatar.com\/avatar\/2d5a12cacce3f18096f25fadea8abb7202fef18ed669595589853e84260ff451?s=96&d=mm&r=g","caption":"admin"},"sameAs":["https:\/\/panoramaciudadano.com"],"url":"https:\/\/panoramaciudadano.com\/index.php\/author\/admin_3q6hyqq3\/"}]}},"_links":{"self":[{"href":"https:\/\/panoramaciudadano.com\/index.php\/wp-json\/wp\/v2\/posts\/26286","targetHints":{"allow":["GET"]}}],"collection":[{"href":"https:\/\/panoramaciudadano.com\/index.php\/wp-json\/wp\/v2\/posts"}],"about":[{"href":"https:\/\/panoramaciudadano.com\/index.php\/wp-json\/wp\/v2\/types\/post"}],"author":[{"embeddable":true,"href":"https:\/\/panoramaciudadano.com\/index.php\/wp-json\/wp\/v2\/users\/1"}],"replies":[{"embeddable":true,"href":"https:\/\/panoramaciudadano.com\/index.php\/wp-json\/wp\/v2\/comments?post=26286"}],"version-history":[{"count":1,"href":"https:\/\/panoramaciudadano.com\/index.php\/wp-json\/wp\/v2\/posts\/26286\/revisions"}],"predecessor-version":[{"id":26290,"href":"https:\/\/panoramaciudadano.com\/index.php\/wp-json\/wp\/v2\/posts\/26286\/revisions\/26290"}],"wp:featuredmedia":[{"embeddable":true,"href":"https:\/\/panoramaciudadano.com\/index.php\/wp-json\/wp\/v2\/media\/26287"}],"wp:attachment":[{"href":"https:\/\/panoramaciudadano.com\/index.php\/wp-json\/wp\/v2\/media?parent=26286"}],"wp:term":[{"taxonomy":"category","embeddable":true,"href":"https:\/\/panoramaciudadano.com\/index.php\/wp-json\/wp\/v2\/categories?post=26286"},{"taxonomy":"post_tag","embeddable":true,"href":"https:\/\/panoramaciudadano.com\/index.php\/wp-json\/wp\/v2\/tags?post=26286"}],"curies":[{"name":"wp","href":"https:\/\/api.w.org\/{rel}","templated":true}]}}