{"id":26291,"date":"2025-11-24T09:46:36","date_gmt":"2025-11-24T14:46:36","guid":{"rendered":"https:\/\/panoramaciudadano.com\/?p=26291"},"modified":"2025-11-24T09:46:38","modified_gmt":"2025-11-24T14:46:38","slug":"macabro-hallazgo-en-la-sm-245-hombre-aparece-embolsado-y-abandonado-en-la-via-publica","status":"publish","type":"post","link":"https:\/\/panoramaciudadano.com\/index.php\/2025\/11\/24\/macabro-hallazgo-en-la-sm-245-hombre-aparece-embolsado-y-abandonado-en-la-via-publica\/","title":{"rendered":"Macabro hallazgo en la SM 245: hombre aparece embolsado y abandonado en la v\u00eda p\u00fablica"},"content":{"rendered":"\n<figure class=\"wp-block-gallery has-nested-images columns-default is-cropped wp-block-gallery-1 is-layout-flex wp-block-gallery-is-layout-flex\">\n<figure class=\"wp-block-image size-large\"><img decoding=\"async\" width=\"1024\" height=\"576\" data-id=\"26295\" src=\"https:\/\/panoramaciudadano.com\/wp-content\/uploads\/2025\/11\/2-120-1024x576.jpeg\" alt=\"\" class=\"wp-image-26295\" srcset=\"https:\/\/panoramaciudadano.com\/wp-content\/uploads\/2025\/11\/2-120-1024x576.jpeg 1024w, https:\/\/panoramaciudadano.com\/wp-content\/uploads\/2025\/11\/2-120-300x169.jpeg 300w, https:\/\/panoramaciudadano.com\/wp-content\/uploads\/2025\/11\/2-120-768x432.jpeg 768w, https:\/\/panoramaciudadano.com\/wp-content\/uploads\/2025\/11\/2-120-1536x864.jpeg 1536w, https:\/\/panoramaciudadano.com\/wp-content\/uploads\/2025\/11\/2-120.jpeg 1600w\" sizes=\"(max-width: 1024px) 100vw, 1024px\" \/><\/figure>\n\n\n\n<figure class=\"wp-block-image size-large\"><img decoding=\"async\" width=\"1024\" height=\"576\" data-id=\"26294\" src=\"https:\/\/panoramaciudadano.com\/wp-content\/uploads\/2025\/11\/3-104-1024x576.jpeg\" alt=\"\" class=\"wp-image-26294\" srcset=\"https:\/\/panoramaciudadano.com\/wp-content\/uploads\/2025\/11\/3-104-1024x576.jpeg 1024w, https:\/\/panoramaciudadano.com\/wp-content\/uploads\/2025\/11\/3-104-300x169.jpeg 300w, https:\/\/panoramaciudadano.com\/wp-content\/uploads\/2025\/11\/3-104-768x432.jpeg 768w, https:\/\/panoramaciudadano.com\/wp-content\/uploads\/2025\/11\/3-104-1536x864.jpeg 1536w, https:\/\/panoramaciudadano.com\/wp-content\/uploads\/2025\/11\/3-104.jpeg 1600w\" sizes=\"(max-width: 1024px) 100vw, 1024px\" \/><\/figure>\n\n\n\n<figure class=\"wp-block-image size-large\"><img decoding=\"async\" width=\"1024\" height=\"576\" data-id=\"26293\" src=\"https:\/\/panoramaciudadano.com\/wp-content\/uploads\/2025\/11\/4-60-1024x576.jpeg\" alt=\"\" class=\"wp-image-26293\" srcset=\"https:\/\/panoramaciudadano.com\/wp-content\/uploads\/2025\/11\/4-60-1024x576.jpeg 1024w, https:\/\/panoramaciudadano.com\/wp-content\/uploads\/2025\/11\/4-60-300x169.jpeg 300w, https:\/\/panoramaciudadano.com\/wp-content\/uploads\/2025\/11\/4-60-768x432.jpeg 768w, https:\/\/panoramaciudadano.com\/wp-content\/uploads\/2025\/11\/4-60-1536x864.jpeg 1536w, https:\/\/panoramaciudadano.com\/wp-content\/uploads\/2025\/11\/4-60.jpeg 1600w\" sizes=\"(max-width: 1024px) 100vw, 1024px\" \/><\/figure>\n\n\n\n<figure class=\"wp-block-image size-large\"><img decoding=\"async\" width=\"1024\" height=\"576\" data-id=\"26292\" src=\"https:\/\/panoramaciudadano.com\/wp-content\/uploads\/2025\/11\/WhatsApp-Image-2025-11-23-at-13.46.53-1024x576.jpeg\" alt=\"\" class=\"wp-image-26292\" srcset=\"https:\/\/panoramaciudadano.com\/wp-content\/uploads\/2025\/11\/WhatsApp-Image-2025-11-23-at-13.46.53-1024x576.jpeg 1024w, https:\/\/panoramaciudadano.com\/wp-content\/uploads\/2025\/11\/WhatsApp-Image-2025-11-23-at-13.46.53-300x169.jpeg 300w, https:\/\/panoramaciudadano.com\/wp-content\/uploads\/2025\/11\/WhatsApp-Image-2025-11-23-at-13.46.53-768x432.jpeg 768w, https:\/\/panoramaciudadano.com\/wp-content\/uploads\/2025\/11\/WhatsApp-Image-2025-11-23-at-13.46.53-1536x864.jpeg 1536w, https:\/\/panoramaciudadano.com\/wp-content\/uploads\/2025\/11\/WhatsApp-Image-2025-11-23-at-13.46.53.jpeg 1600w\" sizes=\"(max-width: 1024px) 100vw, 1024px\" \/><\/figure>\n<\/figure>\n\n\n\n<p>La ma\u00f1ana de este domingo fue localizado el cuerpo de una persona sin vida, envuelto con una lona y dentro de una bolsa de basura, en la colonia Sacb\u00e9, ubicada en la regi\u00f3n 245.<\/p>\n\n\n\n<p>De acuerdo con informaci\u00f3n preliminar, el hallazgo ocurri\u00f3 alrededor de las 10:00 horas, cuando vecinos que caminaban por la avenida Chetumal notaron un bulto sospechoso sobre la banqueta, frente a un lote bald\u00edo.<\/p>\n\n\n\n<p>Al aproximarse, se percataron de que se trataba de una persona aparentemente sin vida, por lo que de inmediato llamaron al n\u00famero de emergencias 911.<\/p>\n\n\n\n<p>Elementos de la Polic\u00eda Municipal acudieron al sitio para atender la emergencia y confirmaron que se trataba de un hombre, envuelto en una lona y embolsado.<\/p>\n\n\n\n<p>El \u00e1rea fue acordonada para preservar la escena, luego arribaron Agentes Ministeriales, quienes comenzaron con las primeras investigaciones para esclarecer el caso y determinar la posible identidad de la v\u00edctima.<\/p>\n\n\n\n<p>Finalmente, personal de Servicios Periciales de la Fiscal\u00eda General del Estado realiz\u00f3 el levantamiento de indicios y traslad\u00f3 el cuerpo al Servicio M\u00e9dico Forense (Semefo), donde le ser\u00e1 practicada la necropsia de rigor, para saber la forma exacta de la muerte.<\/p>\n","protected":false},"excerpt":{"rendered":"<p>La ma\u00f1ana de este domingo fue localizado el cuerpo de una persona sin vida, envuelto con una lona y dentro de una bolsa de basura, en la colonia Sacb\u00e9, ubicada en la regi\u00f3n 245.<\/p>\n","protected":false},"author":1,"featured_media":26293,"comment_status":"open","ping_status":"closed","sticky":false,"template":"","format":"standard","meta":{"footnotes":""},"categories":[6],"tags":[2434],"class_list":["post-26291","post","type-post","status-publish","format-standard","has-post-thumbnail","hentry","category-cancun","tag-region-245"],"yoast_head":"<!-- This site is optimized with the Yoast SEO plugin v27.1.1 - https:\/\/yoast.com\/product\/yoast-seo-wordpress\/ -->\n<title>Macabro hallazgo en la SM 245: hombre aparece embolsado y abandonado en la v\u00eda p\u00fablica - Panorama Ciudadano<\/title>\n<meta name=\"robots\" content=\"index, follow, max-snippet:-1, max-image-preview:large, max-video-preview:-1\" \/>\n<link rel=\"canonical\" href=\"https:\/\/panoramaciudadano.com\/index.php\/2025\/11\/24\/macabro-hallazgo-en-la-sm-245-hombre-aparece-embolsado-y-abandonado-en-la-via-publica\/\" \/>\n<meta property=\"og:locale\" content=\"es_ES\" \/>\n<meta property=\"og:type\" content=\"article\" \/>\n<meta property=\"og:title\" content=\"Macabro hallazgo en la SM 245: hombre aparece embolsado y abandonado en la v\u00eda p\u00fablica - Panorama Ciudadano\" \/>\n<meta property=\"og:description\" content=\"La ma\u00f1ana de este domingo fue localizado el cuerpo de una persona sin vida, envuelto con una lona y dentro de una bolsa de basura, en la colonia Sacb\u00e9, ubicada en la regi\u00f3n 245.\" \/>\n<meta property=\"og:url\" content=\"https:\/\/panoramaciudadano.com\/index.php\/2025\/11\/24\/macabro-hallazgo-en-la-sm-245-hombre-aparece-embolsado-y-abandonado-en-la-via-publica\/\" \/>\n<meta property=\"og:site_name\" content=\"Panorama Ciudadano\" \/>\n<meta property=\"article:publisher\" content=\"https:\/\/www.facebook.com\/panoramaciudadano\" \/>\n<meta property=\"article:published_time\" content=\"2025-11-24T14:46:36+00:00\" \/>\n<meta property=\"article:modified_time\" content=\"2025-11-24T14:46:38+00:00\" \/>\n<meta property=\"og:image\" content=\"https:\/\/panoramaciudadano.com\/wp-content\/uploads\/2025\/11\/4-60.jpeg\" \/>\n\t<meta property=\"og:image:width\" content=\"1600\" \/>\n\t<meta property=\"og:image:height\" content=\"900\" \/>\n\t<meta property=\"og:image:type\" content=\"image\/jpeg\" \/>\n<meta name=\"author\" content=\"admin\" \/>\n<meta name=\"twitter:card\" content=\"summary_large_image\" \/>\n<meta name=\"twitter:label1\" content=\"Escrito por\" \/>\n\t<meta name=\"twitter:data1\" content=\"admin\" \/>\n\t<meta name=\"twitter:label2\" content=\"Tiempo de lectura\" \/>\n\t<meta name=\"twitter:data2\" content=\"2 minutos\" \/>\n<script type=\"application\/ld+json\" class=\"yoast-schema-graph\">{\"@context\":\"https:\/\/schema.org\",\"@graph\":[{\"@type\":\"Article\",\"@id\":\"https:\/\/panoramaciudadano.com\/index.php\/2025\/11\/24\/macabro-hallazgo-en-la-sm-245-hombre-aparece-embolsado-y-abandonado-en-la-via-publica\/#article\",\"isPartOf\":{\"@id\":\"https:\/\/panoramaciudadano.com\/index.php\/2025\/11\/24\/macabro-hallazgo-en-la-sm-245-hombre-aparece-embolsado-y-abandonado-en-la-via-publica\/\"},\"author\":{\"name\":\"admin\",\"@id\":\"https:\/\/panoramaciudadano.com\/#\/schema\/person\/ffe9fe8ef47d3a93977b5761fd9e0d96\"},\"headline\":\"Macabro hallazgo en la SM 245: hombre aparece embolsado y abandonado en la v\u00eda p\u00fablica\",\"datePublished\":\"2025-11-24T14:46:36+00:00\",\"dateModified\":\"2025-11-24T14:46:38+00:00\",\"mainEntityOfPage\":{\"@id\":\"https:\/\/panoramaciudadano.com\/index.php\/2025\/11\/24\/macabro-hallazgo-en-la-sm-245-hombre-aparece-embolsado-y-abandonado-en-la-via-publica\/\"},\"wordCount\":211,\"commentCount\":0,\"publisher\":{\"@id\":\"https:\/\/panoramaciudadano.com\/#organization\"},\"image\":{\"@id\":\"https:\/\/panoramaciudadano.com\/index.php\/2025\/11\/24\/macabro-hallazgo-en-la-sm-245-hombre-aparece-embolsado-y-abandonado-en-la-via-publica\/#primaryimage\"},\"thumbnailUrl\":\"https:\/\/panoramaciudadano.com\/wp-content\/uploads\/2025\/11\/4-60.jpeg\",\"keywords\":[\"regi\u00f3n 245\"],\"articleSection\":[\"Canc\u00fan\"],\"inLanguage\":\"es\",\"potentialAction\":[{\"@type\":\"CommentAction\",\"name\":\"Comment\",\"target\":[\"https:\/\/panoramaciudadano.com\/index.php\/2025\/11\/24\/macabro-hallazgo-en-la-sm-245-hombre-aparece-embolsado-y-abandonado-en-la-via-publica\/#respond\"]}]},{\"@type\":\"WebPage\",\"@id\":\"https:\/\/panoramaciudadano.com\/index.php\/2025\/11\/24\/macabro-hallazgo-en-la-sm-245-hombre-aparece-embolsado-y-abandonado-en-la-via-publica\/\",\"url\":\"https:\/\/panoramaciudadano.com\/index.php\/2025\/11\/24\/macabro-hallazgo-en-la-sm-245-hombre-aparece-embolsado-y-abandonado-en-la-via-publica\/\",\"name\":\"Macabro hallazgo en la SM 245: hombre aparece embolsado y abandonado en la v\u00eda p\u00fablica - Panorama Ciudadano\",\"isPartOf\":{\"@id\":\"https:\/\/panoramaciudadano.com\/#website\"},\"primaryImageOfPage\":{\"@id\":\"https:\/\/panoramaciudadano.com\/index.php\/2025\/11\/24\/macabro-hallazgo-en-la-sm-245-hombre-aparece-embolsado-y-abandonado-en-la-via-publica\/#primaryimage\"},\"image\":{\"@id\":\"https:\/\/panoramaciudadano.com\/index.php\/2025\/11\/24\/macabro-hallazgo-en-la-sm-245-hombre-aparece-embolsado-y-abandonado-en-la-via-publica\/#primaryimage\"},\"thumbnailUrl\":\"https:\/\/panoramaciudadano.com\/wp-content\/uploads\/2025\/11\/4-60.jpeg\",\"datePublished\":\"2025-11-24T14:46:36+00:00\",\"dateModified\":\"2025-11-24T14:46:38+00:00\",\"breadcrumb\":{\"@id\":\"https:\/\/panoramaciudadano.com\/index.php\/2025\/11\/24\/macabro-hallazgo-en-la-sm-245-hombre-aparece-embolsado-y-abandonado-en-la-via-publica\/#breadcrumb\"},\"inLanguage\":\"es\",\"potentialAction\":[{\"@type\":\"ReadAction\",\"target\":[\"https:\/\/panoramaciudadano.com\/index.php\/2025\/11\/24\/macabro-hallazgo-en-la-sm-245-hombre-aparece-embolsado-y-abandonado-en-la-via-publica\/\"]}]},{\"@type\":\"ImageObject\",\"inLanguage\":\"es\",\"@id\":\"https:\/\/panoramaciudadano.com\/index.php\/2025\/11\/24\/macabro-hallazgo-en-la-sm-245-hombre-aparece-embolsado-y-abandonado-en-la-via-publica\/#primaryimage\",\"url\":\"https:\/\/panoramaciudadano.com\/wp-content\/uploads\/2025\/11\/4-60.jpeg\",\"contentUrl\":\"https:\/\/panoramaciudadano.com\/wp-content\/uploads\/2025\/11\/4-60.jpeg\",\"width\":1600,\"height\":900},{\"@type\":\"BreadcrumbList\",\"@id\":\"https:\/\/panoramaciudadano.com\/index.php\/2025\/11\/24\/macabro-hallazgo-en-la-sm-245-hombre-aparece-embolsado-y-abandonado-en-la-via-publica\/#breadcrumb\",\"itemListElement\":[{\"@type\":\"ListItem\",\"position\":1,\"name\":\"Portada\",\"item\":\"https:\/\/panoramaciudadano.com\/\"},{\"@type\":\"ListItem\",\"position\":2,\"name\":\"Macabro hallazgo en la SM 245: hombre aparece embolsado y abandonado en la v\u00eda p\u00fablica\"}]},{\"@type\":\"WebSite\",\"@id\":\"https:\/\/panoramaciudadano.com\/#website\",\"url\":\"https:\/\/panoramaciudadano.com\/\",\"name\":\"Panorama Ciudadano\",\"description\":\"\",\"publisher\":{\"@id\":\"https:\/\/panoramaciudadano.com\/#organization\"},\"potentialAction\":[{\"@type\":\"SearchAction\",\"target\":{\"@type\":\"EntryPoint\",\"urlTemplate\":\"https:\/\/panoramaciudadano.com\/?s={search_term_string}\"},\"query-input\":{\"@type\":\"PropertyValueSpecification\",\"valueRequired\":true,\"valueName\":\"search_term_string\"}}],\"inLanguage\":\"es\"},{\"@type\":\"Organization\",\"@id\":\"https:\/\/panoramaciudadano.com\/#organization\",\"name\":\"Panorama Ciudadano\",\"url\":\"https:\/\/panoramaciudadano.com\/\",\"logo\":{\"@type\":\"ImageObject\",\"inLanguage\":\"es\",\"@id\":\"https:\/\/panoramaciudadano.com\/#\/schema\/logo\/image\/\",\"url\":\"https:\/\/panoramaciudadano.com\/wp-content\/uploads\/2024\/05\/401498640_919267042938564_6290593609399108733_n.jpg\",\"contentUrl\":\"https:\/\/panoramaciudadano.com\/wp-content\/uploads\/2024\/05\/401498640_919267042938564_6290593609399108733_n.jpg\",\"width\":960,\"height\":957,\"caption\":\"Panorama Ciudadano\"},\"image\":{\"@id\":\"https:\/\/panoramaciudadano.com\/#\/schema\/logo\/image\/\"},\"sameAs\":[\"https:\/\/www.facebook.com\/panoramaciudadano\"]},{\"@type\":\"Person\",\"@id\":\"https:\/\/panoramaciudadano.com\/#\/schema\/person\/ffe9fe8ef47d3a93977b5761fd9e0d96\",\"name\":\"admin\",\"image\":{\"@type\":\"ImageObject\",\"inLanguage\":\"es\",\"@id\":\"https:\/\/panoramaciudadano.com\/#\/schema\/person\/image\/\",\"url\":\"https:\/\/secure.gravatar.com\/avatar\/2d5a12cacce3f18096f25fadea8abb7202fef18ed669595589853e84260ff451?s=96&d=mm&r=g\",\"contentUrl\":\"https:\/\/secure.gravatar.com\/avatar\/2d5a12cacce3f18096f25fadea8abb7202fef18ed669595589853e84260ff451?s=96&d=mm&r=g\",\"caption\":\"admin\"},\"sameAs\":[\"https:\/\/panoramaciudadano.com\"],\"url\":\"https:\/\/panoramaciudadano.com\/index.php\/author\/admin_3q6hyqq3\/\"}]}<\/script>\n<!-- \/ Yoast SEO plugin. -->","yoast_head_json":{"title":"Macabro hallazgo en la SM 245: hombre aparece embolsado y abandonado en la v\u00eda p\u00fablica - Panorama Ciudadano","robots":{"index":"index","follow":"follow","max-snippet":"max-snippet:-1","max-image-preview":"max-image-preview:large","max-video-preview":"max-video-preview:-1"},"canonical":"https:\/\/panoramaciudadano.com\/index.php\/2025\/11\/24\/macabro-hallazgo-en-la-sm-245-hombre-aparece-embolsado-y-abandonado-en-la-via-publica\/","og_locale":"es_ES","og_type":"article","og_title":"Macabro hallazgo en la SM 245: hombre aparece embolsado y abandonado en la v\u00eda p\u00fablica - Panorama Ciudadano","og_description":"La ma\u00f1ana de este domingo fue localizado el cuerpo de una persona sin vida, envuelto con una lona y dentro de una bolsa de basura, en la colonia Sacb\u00e9, ubicada en la regi\u00f3n 245.","og_url":"https:\/\/panoramaciudadano.com\/index.php\/2025\/11\/24\/macabro-hallazgo-en-la-sm-245-hombre-aparece-embolsado-y-abandonado-en-la-via-publica\/","og_site_name":"Panorama Ciudadano","article_publisher":"https:\/\/www.facebook.com\/panoramaciudadano","article_published_time":"2025-11-24T14:46:36+00:00","article_modified_time":"2025-11-24T14:46:38+00:00","og_image":[{"width":1600,"height":900,"url":"https:\/\/panoramaciudadano.com\/wp-content\/uploads\/2025\/11\/4-60.jpeg","type":"image\/jpeg"}],"author":"admin","twitter_card":"summary_large_image","twitter_misc":{"Escrito por":"admin","Tiempo de lectura":"2 minutos"},"schema":{"@context":"https:\/\/schema.org","@graph":[{"@type":"Article","@id":"https:\/\/panoramaciudadano.com\/index.php\/2025\/11\/24\/macabro-hallazgo-en-la-sm-245-hombre-aparece-embolsado-y-abandonado-en-la-via-publica\/#article","isPartOf":{"@id":"https:\/\/panoramaciudadano.com\/index.php\/2025\/11\/24\/macabro-hallazgo-en-la-sm-245-hombre-aparece-embolsado-y-abandonado-en-la-via-publica\/"},"author":{"name":"admin","@id":"https:\/\/panoramaciudadano.com\/#\/schema\/person\/ffe9fe8ef47d3a93977b5761fd9e0d96"},"headline":"Macabro hallazgo en la SM 245: hombre aparece embolsado y abandonado en la v\u00eda p\u00fablica","datePublished":"2025-11-24T14:46:36+00:00","dateModified":"2025-11-24T14:46:38+00:00","mainEntityOfPage":{"@id":"https:\/\/panoramaciudadano.com\/index.php\/2025\/11\/24\/macabro-hallazgo-en-la-sm-245-hombre-aparece-embolsado-y-abandonado-en-la-via-publica\/"},"wordCount":211,"commentCount":0,"publisher":{"@id":"https:\/\/panoramaciudadano.com\/#organization"},"image":{"@id":"https:\/\/panoramaciudadano.com\/index.php\/2025\/11\/24\/macabro-hallazgo-en-la-sm-245-hombre-aparece-embolsado-y-abandonado-en-la-via-publica\/#primaryimage"},"thumbnailUrl":"https:\/\/panoramaciudadano.com\/wp-content\/uploads\/2025\/11\/4-60.jpeg","keywords":["regi\u00f3n 245"],"articleSection":["Canc\u00fan"],"inLanguage":"es","potentialAction":[{"@type":"CommentAction","name":"Comment","target":["https:\/\/panoramaciudadano.com\/index.php\/2025\/11\/24\/macabro-hallazgo-en-la-sm-245-hombre-aparece-embolsado-y-abandonado-en-la-via-publica\/#respond"]}]},{"@type":"WebPage","@id":"https:\/\/panoramaciudadano.com\/index.php\/2025\/11\/24\/macabro-hallazgo-en-la-sm-245-hombre-aparece-embolsado-y-abandonado-en-la-via-publica\/","url":"https:\/\/panoramaciudadano.com\/index.php\/2025\/11\/24\/macabro-hallazgo-en-la-sm-245-hombre-aparece-embolsado-y-abandonado-en-la-via-publica\/","name":"Macabro hallazgo en la SM 245: hombre aparece embolsado y abandonado en la v\u00eda p\u00fablica - Panorama Ciudadano","isPartOf":{"@id":"https:\/\/panoramaciudadano.com\/#website"},"primaryImageOfPage":{"@id":"https:\/\/panoramaciudadano.com\/index.php\/2025\/11\/24\/macabro-hallazgo-en-la-sm-245-hombre-aparece-embolsado-y-abandonado-en-la-via-publica\/#primaryimage"},"image":{"@id":"https:\/\/panoramaciudadano.com\/index.php\/2025\/11\/24\/macabro-hallazgo-en-la-sm-245-hombre-aparece-embolsado-y-abandonado-en-la-via-publica\/#primaryimage"},"thumbnailUrl":"https:\/\/panoramaciudadano.com\/wp-content\/uploads\/2025\/11\/4-60.jpeg","datePublished":"2025-11-24T14:46:36+00:00","dateModified":"2025-11-24T14:46:38+00:00","breadcrumb":{"@id":"https:\/\/panoramaciudadano.com\/index.php\/2025\/11\/24\/macabro-hallazgo-en-la-sm-245-hombre-aparece-embolsado-y-abandonado-en-la-via-publica\/#breadcrumb"},"inLanguage":"es","potentialAction":[{"@type":"ReadAction","target":["https:\/\/panoramaciudadano.com\/index.php\/2025\/11\/24\/macabro-hallazgo-en-la-sm-245-hombre-aparece-embolsado-y-abandonado-en-la-via-publica\/"]}]},{"@type":"ImageObject","inLanguage":"es","@id":"https:\/\/panoramaciudadano.com\/index.php\/2025\/11\/24\/macabro-hallazgo-en-la-sm-245-hombre-aparece-embolsado-y-abandonado-en-la-via-publica\/#primaryimage","url":"https:\/\/panoramaciudadano.com\/wp-content\/uploads\/2025\/11\/4-60.jpeg","contentUrl":"https:\/\/panoramaciudadano.com\/wp-content\/uploads\/2025\/11\/4-60.jpeg","width":1600,"height":900},{"@type":"BreadcrumbList","@id":"https:\/\/panoramaciudadano.com\/index.php\/2025\/11\/24\/macabro-hallazgo-en-la-sm-245-hombre-aparece-embolsado-y-abandonado-en-la-via-publica\/#breadcrumb","itemListElement":[{"@type":"ListItem","position":1,"name":"Portada","item":"https:\/\/panoramaciudadano.com\/"},{"@type":"ListItem","position":2,"name":"Macabro hallazgo en la SM 245: hombre aparece embolsado y abandonado en la v\u00eda p\u00fablica"}]},{"@type":"WebSite","@id":"https:\/\/panoramaciudadano.com\/#website","url":"https:\/\/panoramaciudadano.com\/","name":"Panorama Ciudadano","description":"","publisher":{"@id":"https:\/\/panoramaciudadano.com\/#organization"},"potentialAction":[{"@type":"SearchAction","target":{"@type":"EntryPoint","urlTemplate":"https:\/\/panoramaciudadano.com\/?s={search_term_string}"},"query-input":{"@type":"PropertyValueSpecification","valueRequired":true,"valueName":"search_term_string"}}],"inLanguage":"es"},{"@type":"Organization","@id":"https:\/\/panoramaciudadano.com\/#organization","name":"Panorama Ciudadano","url":"https:\/\/panoramaciudadano.com\/","logo":{"@type":"ImageObject","inLanguage":"es","@id":"https:\/\/panoramaciudadano.com\/#\/schema\/logo\/image\/","url":"https:\/\/panoramaciudadano.com\/wp-content\/uploads\/2024\/05\/401498640_919267042938564_6290593609399108733_n.jpg","contentUrl":"https:\/\/panoramaciudadano.com\/wp-content\/uploads\/2024\/05\/401498640_919267042938564_6290593609399108733_n.jpg","width":960,"height":957,"caption":"Panorama Ciudadano"},"image":{"@id":"https:\/\/panoramaciudadano.com\/#\/schema\/logo\/image\/"},"sameAs":["https:\/\/www.facebook.com\/panoramaciudadano"]},{"@type":"Person","@id":"https:\/\/panoramaciudadano.com\/#\/schema\/person\/ffe9fe8ef47d3a93977b5761fd9e0d96","name":"admin","image":{"@type":"ImageObject","inLanguage":"es","@id":"https:\/\/panoramaciudadano.com\/#\/schema\/person\/image\/","url":"https:\/\/secure.gravatar.com\/avatar\/2d5a12cacce3f18096f25fadea8abb7202fef18ed669595589853e84260ff451?s=96&d=mm&r=g","contentUrl":"https:\/\/secure.gravatar.com\/avatar\/2d5a12cacce3f18096f25fadea8abb7202fef18ed669595589853e84260ff451?s=96&d=mm&r=g","caption":"admin"},"sameAs":["https:\/\/panoramaciudadano.com"],"url":"https:\/\/panoramaciudadano.com\/index.php\/author\/admin_3q6hyqq3\/"}]}},"_links":{"self":[{"href":"https:\/\/panoramaciudadano.com\/index.php\/wp-json\/wp\/v2\/posts\/26291","targetHints":{"allow":["GET"]}}],"collection":[{"href":"https:\/\/panoramaciudadano.com\/index.php\/wp-json\/wp\/v2\/posts"}],"about":[{"href":"https:\/\/panoramaciudadano.com\/index.php\/wp-json\/wp\/v2\/types\/post"}],"author":[{"embeddable":true,"href":"https:\/\/panoramaciudadano.com\/index.php\/wp-json\/wp\/v2\/users\/1"}],"replies":[{"embeddable":true,"href":"https:\/\/panoramaciudadano.com\/index.php\/wp-json\/wp\/v2\/comments?post=26291"}],"version-history":[{"count":1,"href":"https:\/\/panoramaciudadano.com\/index.php\/wp-json\/wp\/v2\/posts\/26291\/revisions"}],"predecessor-version":[{"id":26296,"href":"https:\/\/panoramaciudadano.com\/index.php\/wp-json\/wp\/v2\/posts\/26291\/revisions\/26296"}],"wp:featuredmedia":[{"embeddable":true,"href":"https:\/\/panoramaciudadano.com\/index.php\/wp-json\/wp\/v2\/media\/26293"}],"wp:attachment":[{"href":"https:\/\/panoramaciudadano.com\/index.php\/wp-json\/wp\/v2\/media?parent=26291"}],"wp:term":[{"taxonomy":"category","embeddable":true,"href":"https:\/\/panoramaciudadano.com\/index.php\/wp-json\/wp\/v2\/categories?post=26291"},{"taxonomy":"post_tag","embeddable":true,"href":"https:\/\/panoramaciudadano.com\/index.php\/wp-json\/wp\/v2\/tags?post=26291"}],"curies":[{"name":"wp","href":"https:\/\/api.w.org\/{rel}","templated":true}]}}