{"id":26297,"date":"2025-11-24T09:48:45","date_gmt":"2025-11-24T14:48:45","guid":{"rendered":"https:\/\/panoramaciudadano.com\/?p=26297"},"modified":"2025-11-24T09:48:47","modified_gmt":"2025-11-24T14:48:47","slug":"motociclista-lesionado-tras-choque-con-versa-en-paraiso-maya","status":"publish","type":"post","link":"https:\/\/panoramaciudadano.com\/index.php\/2025\/11\/24\/motociclista-lesionado-tras-choque-con-versa-en-paraiso-maya\/","title":{"rendered":"Motociclista lesionado tras choque con Versa en Para\u00edso Maya"},"content":{"rendered":"\n<figure class=\"wp-block-gallery has-nested-images columns-default is-cropped wp-block-gallery-1 is-layout-flex wp-block-gallery-is-layout-flex\">\n<figure class=\"wp-block-image size-large\"><img decoding=\"async\" width=\"1024\" height=\"576\" data-id=\"26300\" src=\"https:\/\/panoramaciudadano.com\/wp-content\/uploads\/2025\/11\/2-121-1024x576.jpeg\" alt=\"\" class=\"wp-image-26300\" srcset=\"https:\/\/panoramaciudadano.com\/wp-content\/uploads\/2025\/11\/2-121-1024x576.jpeg 1024w, https:\/\/panoramaciudadano.com\/wp-content\/uploads\/2025\/11\/2-121-300x169.jpeg 300w, https:\/\/panoramaciudadano.com\/wp-content\/uploads\/2025\/11\/2-121-768x432.jpeg 768w, https:\/\/panoramaciudadano.com\/wp-content\/uploads\/2025\/11\/2-121-1536x864.jpeg 1536w, https:\/\/panoramaciudadano.com\/wp-content\/uploads\/2025\/11\/2-121.jpeg 1599w\" sizes=\"(max-width: 1024px) 100vw, 1024px\" \/><\/figure>\n\n\n\n<figure class=\"wp-block-image size-large\"><img decoding=\"async\" width=\"1024\" height=\"768\" data-id=\"26299\" src=\"https:\/\/panoramaciudadano.com\/wp-content\/uploads\/2025\/11\/3-105-1024x768.jpeg\" alt=\"\" class=\"wp-image-26299\" srcset=\"https:\/\/panoramaciudadano.com\/wp-content\/uploads\/2025\/11\/3-105-1024x768.jpeg 1024w, https:\/\/panoramaciudadano.com\/wp-content\/uploads\/2025\/11\/3-105-300x225.jpeg 300w, https:\/\/panoramaciudadano.com\/wp-content\/uploads\/2025\/11\/3-105-768x576.jpeg 768w, https:\/\/panoramaciudadano.com\/wp-content\/uploads\/2025\/11\/3-105-1536x1152.jpeg 1536w, https:\/\/panoramaciudadano.com\/wp-content\/uploads\/2025\/11\/3-105.jpeg 1600w\" sizes=\"(max-width: 1024px) 100vw, 1024px\" \/><\/figure>\n<\/figure>\n\n\n\n<p>Un conductor intent\u00f3 ganarle el paso a un motociclista y provoc\u00f3 un aparatoso choque la noche de este s\u00e1bado en el fraccionamiento Para\u00edso Maya.<\/p>\n\n\n\n<p>El percance ocurri\u00f3 en la cuarta etapa del mencionado fraccionamiento, en la Regi\u00f3n 107.<\/p>\n\n\n\n<p>El conductor de un Versa rojo realiz\u00f3 un corte de circulaci\u00f3n al intentar ganarle el paso al motociclista, quien termin\u00f3 impact\u00e1ndose contra uno de los costados del veh\u00edculo.<\/p>\n\n\n\n<p>El motociclista result\u00f3 con lesiones y fue atendido por param\u00e9dicos que llegaron al sitio.<\/p>\n\n\n\n<p>Peritos de la Direcci\u00f3n de Tr\u00e1nsito se hicieron cargo de deslindar responsabilidades.<\/p>\n","protected":false},"excerpt":{"rendered":"<p>Un conductor intent\u00f3 ganarle el paso a un motociclista y provoc\u00f3 un aparatoso choque la noche de este s\u00e1bado en el fraccionamiento Para\u00edso Maya. El percance ocurri\u00f3 en la cuarta etapa del mencionado fraccionamiento, en la Regi\u00f3n 107. El conductor de un Versa rojo realiz\u00f3 un corte de circulaci\u00f3n al intentar ganarle el paso al [&hellip;]<\/p>\n","protected":false},"author":1,"featured_media":26298,"comment_status":"open","ping_status":"closed","sticky":false,"template":"","format":"standard","meta":{"footnotes":""},"categories":[6],"tags":[2159],"class_list":["post-26297","post","type-post","status-publish","format-standard","has-post-thumbnail","hentry","category-cancun","tag-fraccionamiento-paraiso-maya"],"yoast_head":"<!-- This site is optimized with the Yoast SEO plugin v27.1.1 - https:\/\/yoast.com\/product\/yoast-seo-wordpress\/ -->\n<title>Motociclista lesionado tras choque con Versa en Para\u00edso Maya - Panorama Ciudadano<\/title>\n<meta name=\"robots\" content=\"index, follow, max-snippet:-1, max-image-preview:large, max-video-preview:-1\" \/>\n<link rel=\"canonical\" href=\"https:\/\/panoramaciudadano.com\/index.php\/2025\/11\/24\/motociclista-lesionado-tras-choque-con-versa-en-paraiso-maya\/\" \/>\n<meta property=\"og:locale\" content=\"es_ES\" \/>\n<meta property=\"og:type\" content=\"article\" \/>\n<meta property=\"og:title\" content=\"Motociclista lesionado tras choque con Versa en Para\u00edso Maya - Panorama Ciudadano\" \/>\n<meta property=\"og:description\" content=\"Un conductor intent\u00f3 ganarle el paso a un motociclista y provoc\u00f3 un aparatoso choque la noche de este s\u00e1bado en el fraccionamiento Para\u00edso Maya. El percance ocurri\u00f3 en la cuarta etapa del mencionado fraccionamiento, en la Regi\u00f3n 107. El conductor de un Versa rojo realiz\u00f3 un corte de circulaci\u00f3n al intentar ganarle el paso al [&hellip;]\" \/>\n<meta property=\"og:url\" content=\"https:\/\/panoramaciudadano.com\/index.php\/2025\/11\/24\/motociclista-lesionado-tras-choque-con-versa-en-paraiso-maya\/\" \/>\n<meta property=\"og:site_name\" content=\"Panorama Ciudadano\" \/>\n<meta property=\"article:publisher\" content=\"https:\/\/www.facebook.com\/panoramaciudadano\" \/>\n<meta property=\"article:published_time\" content=\"2025-11-24T14:48:45+00:00\" \/>\n<meta property=\"article:modified_time\" content=\"2025-11-24T14:48:47+00:00\" \/>\n<meta property=\"og:image\" content=\"https:\/\/panoramaciudadano.com\/wp-content\/uploads\/2025\/11\/WhatsApp-Image-2025-11-23-at-13.49.03.jpeg\" \/>\n\t<meta property=\"og:image:width\" content=\"1600\" \/>\n\t<meta property=\"og:image:height\" content=\"1200\" \/>\n\t<meta property=\"og:image:type\" content=\"image\/jpeg\" \/>\n<meta name=\"author\" content=\"admin\" \/>\n<meta name=\"twitter:card\" content=\"summary_large_image\" \/>\n<meta name=\"twitter:label1\" content=\"Escrito por\" \/>\n\t<meta name=\"twitter:data1\" content=\"admin\" \/>\n\t<meta name=\"twitter:label2\" content=\"Tiempo de lectura\" \/>\n\t<meta name=\"twitter:data2\" content=\"2 minutos\" \/>\n<script type=\"application\/ld+json\" class=\"yoast-schema-graph\">{\"@context\":\"https:\/\/schema.org\",\"@graph\":[{\"@type\":\"Article\",\"@id\":\"https:\/\/panoramaciudadano.com\/index.php\/2025\/11\/24\/motociclista-lesionado-tras-choque-con-versa-en-paraiso-maya\/#article\",\"isPartOf\":{\"@id\":\"https:\/\/panoramaciudadano.com\/index.php\/2025\/11\/24\/motociclista-lesionado-tras-choque-con-versa-en-paraiso-maya\/\"},\"author\":{\"name\":\"admin\",\"@id\":\"https:\/\/panoramaciudadano.com\/#\/schema\/person\/ffe9fe8ef47d3a93977b5761fd9e0d96\"},\"headline\":\"Motociclista lesionado tras choque con Versa en Para\u00edso Maya\",\"datePublished\":\"2025-11-24T14:48:45+00:00\",\"dateModified\":\"2025-11-24T14:48:47+00:00\",\"mainEntityOfPage\":{\"@id\":\"https:\/\/panoramaciudadano.com\/index.php\/2025\/11\/24\/motociclista-lesionado-tras-choque-con-versa-en-paraiso-maya\/\"},\"wordCount\":110,\"commentCount\":0,\"publisher\":{\"@id\":\"https:\/\/panoramaciudadano.com\/#organization\"},\"image\":{\"@id\":\"https:\/\/panoramaciudadano.com\/index.php\/2025\/11\/24\/motociclista-lesionado-tras-choque-con-versa-en-paraiso-maya\/#primaryimage\"},\"thumbnailUrl\":\"https:\/\/panoramaciudadano.com\/wp-content\/uploads\/2025\/11\/WhatsApp-Image-2025-11-23-at-13.49.03.jpeg\",\"keywords\":[\"fraccionamiento Para\u00edso Maya\"],\"articleSection\":[\"Canc\u00fan\"],\"inLanguage\":\"es\",\"potentialAction\":[{\"@type\":\"CommentAction\",\"name\":\"Comment\",\"target\":[\"https:\/\/panoramaciudadano.com\/index.php\/2025\/11\/24\/motociclista-lesionado-tras-choque-con-versa-en-paraiso-maya\/#respond\"]}]},{\"@type\":\"WebPage\",\"@id\":\"https:\/\/panoramaciudadano.com\/index.php\/2025\/11\/24\/motociclista-lesionado-tras-choque-con-versa-en-paraiso-maya\/\",\"url\":\"https:\/\/panoramaciudadano.com\/index.php\/2025\/11\/24\/motociclista-lesionado-tras-choque-con-versa-en-paraiso-maya\/\",\"name\":\"Motociclista lesionado tras choque con Versa en Para\u00edso Maya - Panorama Ciudadano\",\"isPartOf\":{\"@id\":\"https:\/\/panoramaciudadano.com\/#website\"},\"primaryImageOfPage\":{\"@id\":\"https:\/\/panoramaciudadano.com\/index.php\/2025\/11\/24\/motociclista-lesionado-tras-choque-con-versa-en-paraiso-maya\/#primaryimage\"},\"image\":{\"@id\":\"https:\/\/panoramaciudadano.com\/index.php\/2025\/11\/24\/motociclista-lesionado-tras-choque-con-versa-en-paraiso-maya\/#primaryimage\"},\"thumbnailUrl\":\"https:\/\/panoramaciudadano.com\/wp-content\/uploads\/2025\/11\/WhatsApp-Image-2025-11-23-at-13.49.03.jpeg\",\"datePublished\":\"2025-11-24T14:48:45+00:00\",\"dateModified\":\"2025-11-24T14:48:47+00:00\",\"breadcrumb\":{\"@id\":\"https:\/\/panoramaciudadano.com\/index.php\/2025\/11\/24\/motociclista-lesionado-tras-choque-con-versa-en-paraiso-maya\/#breadcrumb\"},\"inLanguage\":\"es\",\"potentialAction\":[{\"@type\":\"ReadAction\",\"target\":[\"https:\/\/panoramaciudadano.com\/index.php\/2025\/11\/24\/motociclista-lesionado-tras-choque-con-versa-en-paraiso-maya\/\"]}]},{\"@type\":\"ImageObject\",\"inLanguage\":\"es\",\"@id\":\"https:\/\/panoramaciudadano.com\/index.php\/2025\/11\/24\/motociclista-lesionado-tras-choque-con-versa-en-paraiso-maya\/#primaryimage\",\"url\":\"https:\/\/panoramaciudadano.com\/wp-content\/uploads\/2025\/11\/WhatsApp-Image-2025-11-23-at-13.49.03.jpeg\",\"contentUrl\":\"https:\/\/panoramaciudadano.com\/wp-content\/uploads\/2025\/11\/WhatsApp-Image-2025-11-23-at-13.49.03.jpeg\",\"width\":1600,\"height\":1200},{\"@type\":\"BreadcrumbList\",\"@id\":\"https:\/\/panoramaciudadano.com\/index.php\/2025\/11\/24\/motociclista-lesionado-tras-choque-con-versa-en-paraiso-maya\/#breadcrumb\",\"itemListElement\":[{\"@type\":\"ListItem\",\"position\":1,\"name\":\"Portada\",\"item\":\"https:\/\/panoramaciudadano.com\/\"},{\"@type\":\"ListItem\",\"position\":2,\"name\":\"Motociclista lesionado tras choque con Versa en Para\u00edso Maya\"}]},{\"@type\":\"WebSite\",\"@id\":\"https:\/\/panoramaciudadano.com\/#website\",\"url\":\"https:\/\/panoramaciudadano.com\/\",\"name\":\"Panorama Ciudadano\",\"description\":\"\",\"publisher\":{\"@id\":\"https:\/\/panoramaciudadano.com\/#organization\"},\"potentialAction\":[{\"@type\":\"SearchAction\",\"target\":{\"@type\":\"EntryPoint\",\"urlTemplate\":\"https:\/\/panoramaciudadano.com\/?s={search_term_string}\"},\"query-input\":{\"@type\":\"PropertyValueSpecification\",\"valueRequired\":true,\"valueName\":\"search_term_string\"}}],\"inLanguage\":\"es\"},{\"@type\":\"Organization\",\"@id\":\"https:\/\/panoramaciudadano.com\/#organization\",\"name\":\"Panorama Ciudadano\",\"url\":\"https:\/\/panoramaciudadano.com\/\",\"logo\":{\"@type\":\"ImageObject\",\"inLanguage\":\"es\",\"@id\":\"https:\/\/panoramaciudadano.com\/#\/schema\/logo\/image\/\",\"url\":\"https:\/\/panoramaciudadano.com\/wp-content\/uploads\/2024\/05\/401498640_919267042938564_6290593609399108733_n.jpg\",\"contentUrl\":\"https:\/\/panoramaciudadano.com\/wp-content\/uploads\/2024\/05\/401498640_919267042938564_6290593609399108733_n.jpg\",\"width\":960,\"height\":957,\"caption\":\"Panorama Ciudadano\"},\"image\":{\"@id\":\"https:\/\/panoramaciudadano.com\/#\/schema\/logo\/image\/\"},\"sameAs\":[\"https:\/\/www.facebook.com\/panoramaciudadano\"]},{\"@type\":\"Person\",\"@id\":\"https:\/\/panoramaciudadano.com\/#\/schema\/person\/ffe9fe8ef47d3a93977b5761fd9e0d96\",\"name\":\"admin\",\"image\":{\"@type\":\"ImageObject\",\"inLanguage\":\"es\",\"@id\":\"https:\/\/panoramaciudadano.com\/#\/schema\/person\/image\/\",\"url\":\"https:\/\/secure.gravatar.com\/avatar\/2d5a12cacce3f18096f25fadea8abb7202fef18ed669595589853e84260ff451?s=96&d=mm&r=g\",\"contentUrl\":\"https:\/\/secure.gravatar.com\/avatar\/2d5a12cacce3f18096f25fadea8abb7202fef18ed669595589853e84260ff451?s=96&d=mm&r=g\",\"caption\":\"admin\"},\"sameAs\":[\"https:\/\/panoramaciudadano.com\"],\"url\":\"https:\/\/panoramaciudadano.com\/index.php\/author\/admin_3q6hyqq3\/\"}]}<\/script>\n<!-- \/ Yoast SEO plugin. -->","yoast_head_json":{"title":"Motociclista lesionado tras choque con Versa en Para\u00edso Maya - Panorama Ciudadano","robots":{"index":"index","follow":"follow","max-snippet":"max-snippet:-1","max-image-preview":"max-image-preview:large","max-video-preview":"max-video-preview:-1"},"canonical":"https:\/\/panoramaciudadano.com\/index.php\/2025\/11\/24\/motociclista-lesionado-tras-choque-con-versa-en-paraiso-maya\/","og_locale":"es_ES","og_type":"article","og_title":"Motociclista lesionado tras choque con Versa en Para\u00edso Maya - Panorama Ciudadano","og_description":"Un conductor intent\u00f3 ganarle el paso a un motociclista y provoc\u00f3 un aparatoso choque la noche de este s\u00e1bado en el fraccionamiento Para\u00edso Maya. El percance ocurri\u00f3 en la cuarta etapa del mencionado fraccionamiento, en la Regi\u00f3n 107. El conductor de un Versa rojo realiz\u00f3 un corte de circulaci\u00f3n al intentar ganarle el paso al [&hellip;]","og_url":"https:\/\/panoramaciudadano.com\/index.php\/2025\/11\/24\/motociclista-lesionado-tras-choque-con-versa-en-paraiso-maya\/","og_site_name":"Panorama Ciudadano","article_publisher":"https:\/\/www.facebook.com\/panoramaciudadano","article_published_time":"2025-11-24T14:48:45+00:00","article_modified_time":"2025-11-24T14:48:47+00:00","og_image":[{"width":1600,"height":1200,"url":"https:\/\/panoramaciudadano.com\/wp-content\/uploads\/2025\/11\/WhatsApp-Image-2025-11-23-at-13.49.03.jpeg","type":"image\/jpeg"}],"author":"admin","twitter_card":"summary_large_image","twitter_misc":{"Escrito por":"admin","Tiempo de lectura":"2 minutos"},"schema":{"@context":"https:\/\/schema.org","@graph":[{"@type":"Article","@id":"https:\/\/panoramaciudadano.com\/index.php\/2025\/11\/24\/motociclista-lesionado-tras-choque-con-versa-en-paraiso-maya\/#article","isPartOf":{"@id":"https:\/\/panoramaciudadano.com\/index.php\/2025\/11\/24\/motociclista-lesionado-tras-choque-con-versa-en-paraiso-maya\/"},"author":{"name":"admin","@id":"https:\/\/panoramaciudadano.com\/#\/schema\/person\/ffe9fe8ef47d3a93977b5761fd9e0d96"},"headline":"Motociclista lesionado tras choque con Versa en Para\u00edso Maya","datePublished":"2025-11-24T14:48:45+00:00","dateModified":"2025-11-24T14:48:47+00:00","mainEntityOfPage":{"@id":"https:\/\/panoramaciudadano.com\/index.php\/2025\/11\/24\/motociclista-lesionado-tras-choque-con-versa-en-paraiso-maya\/"},"wordCount":110,"commentCount":0,"publisher":{"@id":"https:\/\/panoramaciudadano.com\/#organization"},"image":{"@id":"https:\/\/panoramaciudadano.com\/index.php\/2025\/11\/24\/motociclista-lesionado-tras-choque-con-versa-en-paraiso-maya\/#primaryimage"},"thumbnailUrl":"https:\/\/panoramaciudadano.com\/wp-content\/uploads\/2025\/11\/WhatsApp-Image-2025-11-23-at-13.49.03.jpeg","keywords":["fraccionamiento Para\u00edso Maya"],"articleSection":["Canc\u00fan"],"inLanguage":"es","potentialAction":[{"@type":"CommentAction","name":"Comment","target":["https:\/\/panoramaciudadano.com\/index.php\/2025\/11\/24\/motociclista-lesionado-tras-choque-con-versa-en-paraiso-maya\/#respond"]}]},{"@type":"WebPage","@id":"https:\/\/panoramaciudadano.com\/index.php\/2025\/11\/24\/motociclista-lesionado-tras-choque-con-versa-en-paraiso-maya\/","url":"https:\/\/panoramaciudadano.com\/index.php\/2025\/11\/24\/motociclista-lesionado-tras-choque-con-versa-en-paraiso-maya\/","name":"Motociclista lesionado tras choque con Versa en Para\u00edso Maya - Panorama Ciudadano","isPartOf":{"@id":"https:\/\/panoramaciudadano.com\/#website"},"primaryImageOfPage":{"@id":"https:\/\/panoramaciudadano.com\/index.php\/2025\/11\/24\/motociclista-lesionado-tras-choque-con-versa-en-paraiso-maya\/#primaryimage"},"image":{"@id":"https:\/\/panoramaciudadano.com\/index.php\/2025\/11\/24\/motociclista-lesionado-tras-choque-con-versa-en-paraiso-maya\/#primaryimage"},"thumbnailUrl":"https:\/\/panoramaciudadano.com\/wp-content\/uploads\/2025\/11\/WhatsApp-Image-2025-11-23-at-13.49.03.jpeg","datePublished":"2025-11-24T14:48:45+00:00","dateModified":"2025-11-24T14:48:47+00:00","breadcrumb":{"@id":"https:\/\/panoramaciudadano.com\/index.php\/2025\/11\/24\/motociclista-lesionado-tras-choque-con-versa-en-paraiso-maya\/#breadcrumb"},"inLanguage":"es","potentialAction":[{"@type":"ReadAction","target":["https:\/\/panoramaciudadano.com\/index.php\/2025\/11\/24\/motociclista-lesionado-tras-choque-con-versa-en-paraiso-maya\/"]}]},{"@type":"ImageObject","inLanguage":"es","@id":"https:\/\/panoramaciudadano.com\/index.php\/2025\/11\/24\/motociclista-lesionado-tras-choque-con-versa-en-paraiso-maya\/#primaryimage","url":"https:\/\/panoramaciudadano.com\/wp-content\/uploads\/2025\/11\/WhatsApp-Image-2025-11-23-at-13.49.03.jpeg","contentUrl":"https:\/\/panoramaciudadano.com\/wp-content\/uploads\/2025\/11\/WhatsApp-Image-2025-11-23-at-13.49.03.jpeg","width":1600,"height":1200},{"@type":"BreadcrumbList","@id":"https:\/\/panoramaciudadano.com\/index.php\/2025\/11\/24\/motociclista-lesionado-tras-choque-con-versa-en-paraiso-maya\/#breadcrumb","itemListElement":[{"@type":"ListItem","position":1,"name":"Portada","item":"https:\/\/panoramaciudadano.com\/"},{"@type":"ListItem","position":2,"name":"Motociclista lesionado tras choque con Versa en Para\u00edso Maya"}]},{"@type":"WebSite","@id":"https:\/\/panoramaciudadano.com\/#website","url":"https:\/\/panoramaciudadano.com\/","name":"Panorama Ciudadano","description":"","publisher":{"@id":"https:\/\/panoramaciudadano.com\/#organization"},"potentialAction":[{"@type":"SearchAction","target":{"@type":"EntryPoint","urlTemplate":"https:\/\/panoramaciudadano.com\/?s={search_term_string}"},"query-input":{"@type":"PropertyValueSpecification","valueRequired":true,"valueName":"search_term_string"}}],"inLanguage":"es"},{"@type":"Organization","@id":"https:\/\/panoramaciudadano.com\/#organization","name":"Panorama Ciudadano","url":"https:\/\/panoramaciudadano.com\/","logo":{"@type":"ImageObject","inLanguage":"es","@id":"https:\/\/panoramaciudadano.com\/#\/schema\/logo\/image\/","url":"https:\/\/panoramaciudadano.com\/wp-content\/uploads\/2024\/05\/401498640_919267042938564_6290593609399108733_n.jpg","contentUrl":"https:\/\/panoramaciudadano.com\/wp-content\/uploads\/2024\/05\/401498640_919267042938564_6290593609399108733_n.jpg","width":960,"height":957,"caption":"Panorama Ciudadano"},"image":{"@id":"https:\/\/panoramaciudadano.com\/#\/schema\/logo\/image\/"},"sameAs":["https:\/\/www.facebook.com\/panoramaciudadano"]},{"@type":"Person","@id":"https:\/\/panoramaciudadano.com\/#\/schema\/person\/ffe9fe8ef47d3a93977b5761fd9e0d96","name":"admin","image":{"@type":"ImageObject","inLanguage":"es","@id":"https:\/\/panoramaciudadano.com\/#\/schema\/person\/image\/","url":"https:\/\/secure.gravatar.com\/avatar\/2d5a12cacce3f18096f25fadea8abb7202fef18ed669595589853e84260ff451?s=96&d=mm&r=g","contentUrl":"https:\/\/secure.gravatar.com\/avatar\/2d5a12cacce3f18096f25fadea8abb7202fef18ed669595589853e84260ff451?s=96&d=mm&r=g","caption":"admin"},"sameAs":["https:\/\/panoramaciudadano.com"],"url":"https:\/\/panoramaciudadano.com\/index.php\/author\/admin_3q6hyqq3\/"}]}},"_links":{"self":[{"href":"https:\/\/panoramaciudadano.com\/index.php\/wp-json\/wp\/v2\/posts\/26297","targetHints":{"allow":["GET"]}}],"collection":[{"href":"https:\/\/panoramaciudadano.com\/index.php\/wp-json\/wp\/v2\/posts"}],"about":[{"href":"https:\/\/panoramaciudadano.com\/index.php\/wp-json\/wp\/v2\/types\/post"}],"author":[{"embeddable":true,"href":"https:\/\/panoramaciudadano.com\/index.php\/wp-json\/wp\/v2\/users\/1"}],"replies":[{"embeddable":true,"href":"https:\/\/panoramaciudadano.com\/index.php\/wp-json\/wp\/v2\/comments?post=26297"}],"version-history":[{"count":1,"href":"https:\/\/panoramaciudadano.com\/index.php\/wp-json\/wp\/v2\/posts\/26297\/revisions"}],"predecessor-version":[{"id":26301,"href":"https:\/\/panoramaciudadano.com\/index.php\/wp-json\/wp\/v2\/posts\/26297\/revisions\/26301"}],"wp:featuredmedia":[{"embeddable":true,"href":"https:\/\/panoramaciudadano.com\/index.php\/wp-json\/wp\/v2\/media\/26298"}],"wp:attachment":[{"href":"https:\/\/panoramaciudadano.com\/index.php\/wp-json\/wp\/v2\/media?parent=26297"}],"wp:term":[{"taxonomy":"category","embeddable":true,"href":"https:\/\/panoramaciudadano.com\/index.php\/wp-json\/wp\/v2\/categories?post=26297"},{"taxonomy":"post_tag","embeddable":true,"href":"https:\/\/panoramaciudadano.com\/index.php\/wp-json\/wp\/v2\/tags?post=26297"}],"curies":[{"name":"wp","href":"https:\/\/api.w.org\/{rel}","templated":true}]}}