{"id":26584,"date":"2025-11-28T09:56:27","date_gmt":"2025-11-28T14:56:27","guid":{"rendered":"https:\/\/panoramaciudadano.com\/?p=26584"},"modified":"2025-11-28T09:56:30","modified_gmt":"2025-11-28T14:56:30","slug":"ataque-armado-en-cancun-sicarios-asesinan-a-hombre-frente-a-abarrotes-en-la-sm-248","status":"publish","type":"post","link":"https:\/\/panoramaciudadano.com\/index.php\/2025\/11\/28\/ataque-armado-en-cancun-sicarios-asesinan-a-hombre-frente-a-abarrotes-en-la-sm-248\/","title":{"rendered":"Ataque armado en Canc\u00fan: sicarios asesinan a hombre frente a abarrotes en la SM 248"},"content":{"rendered":"\n<figure class=\"wp-block-image size-large\"><img decoding=\"async\" width=\"1024\" height=\"803\" src=\"https:\/\/panoramaciudadano.com\/wp-content\/uploads\/2025\/11\/WhatsApp-Image-2025-11-28-at-08.39.00-1024x803.jpeg\" alt=\"\" class=\"wp-image-26585\" srcset=\"https:\/\/panoramaciudadano.com\/wp-content\/uploads\/2025\/11\/WhatsApp-Image-2025-11-28-at-08.39.00-1024x803.jpeg 1024w, https:\/\/panoramaciudadano.com\/wp-content\/uploads\/2025\/11\/WhatsApp-Image-2025-11-28-at-08.39.00-300x235.jpeg 300w, https:\/\/panoramaciudadano.com\/wp-content\/uploads\/2025\/11\/WhatsApp-Image-2025-11-28-at-08.39.00-768x603.jpeg 768w, https:\/\/panoramaciudadano.com\/wp-content\/uploads\/2025\/11\/WhatsApp-Image-2025-11-28-at-08.39.00.jpeg 1114w\" sizes=\"(max-width: 1024px) 100vw, 1024px\" \/><\/figure>\n\n\n\n<p>Un hombre fue ejecutado esta noche afuera de una tienda de abarrotes, testigos se\u00f1alaron que dos sujetos en una motocicleta lo sorprendieron y le dispararon varias veces, uno de los disparos fue directo a la cabeza.<\/p>\n\n\n\n<p>Tras el ataque varias llamadas de vecinos del fraccionamiento Casas del Mar, ubicado en la regi\u00f3n 248, ingresaron al n\u00famero de emergencias 911 alrededor de las 20:10 horas, quienes mencionaron haber escuchado al menos cinco disparos en la calle Mar de Noruega con calle Mar B\u00e1ltico.<\/p>\n\n\n\n<p>Al sitio acudieron Polic\u00edas Municipales para verificar la emergencia.<\/p>\n\n\n\n<p>Ya en el sitio confirmaron que hab\u00eda un hombre de aproximadamente 40 a\u00f1os, tirado boca abajo afuera de la tienda de conveniencia, el cual vest\u00eda short negro y sport blanco.<\/p>\n\n\n\n<p>Minutos despu\u00e9s llegaron param\u00e9dicos de la empresa ERUM, quienes al revisar a la v\u00edctima confirmaron que ya no contaba con signos vitales, por lo que los socorristas se retiraron del lugar, mientras que los oficiales acordonaron con cinta amarilla la zona, para evitar el paso de veh\u00edculo y personas.<\/p>\n\n\n\n<p>Al llegar los Agentes de Investigaci\u00f3n, adscritos a la Unidad Especializada en Homicidios, de la Fiscal\u00eda General del Estado (FGE), comenzaron con las primeras indagatorias entrevistando a vecinos y tambi\u00e9n recorrieron la zona en busca de alguna c\u00e1mara de seguridad que les sea de utilidad en las averiguaciones.<\/p>\n\n\n\n<p>Finalmente el personal de Servicios Periciales se hizo cargo del levantamiento de los casquillos y el del cuerpo del infortunado, quien hasta el momento se encuentra en calidad de desconocido.<\/p>\n","protected":false},"excerpt":{"rendered":"<p>Un hombre fue ejecutado esta noche afuera de una tienda de abarrotes, testigos se\u00f1alaron que dos sujetos en una motocicleta lo sorprendieron y le dispararon varias veces, uno de los disparos fue directo a la cabeza.<\/p>\n","protected":false},"author":1,"featured_media":26586,"comment_status":"open","ping_status":"closed","sticky":false,"template":"","format":"standard","meta":{"footnotes":""},"categories":[6],"tags":[1152],"class_list":["post-26584","post","type-post","status-publish","format-standard","has-post-thumbnail","hentry","category-cancun","tag-region-248"],"yoast_head":"<!-- This site is optimized with the Yoast SEO plugin v27.1.1 - https:\/\/yoast.com\/product\/yoast-seo-wordpress\/ -->\n<title>Ataque armado en Canc\u00fan: sicarios asesinan a hombre frente a abarrotes en la SM 248 - Panorama Ciudadano<\/title>\n<meta name=\"robots\" content=\"index, follow, max-snippet:-1, max-image-preview:large, max-video-preview:-1\" \/>\n<link rel=\"canonical\" href=\"https:\/\/panoramaciudadano.com\/index.php\/2025\/11\/28\/ataque-armado-en-cancun-sicarios-asesinan-a-hombre-frente-a-abarrotes-en-la-sm-248\/\" \/>\n<meta property=\"og:locale\" content=\"es_ES\" \/>\n<meta property=\"og:type\" content=\"article\" \/>\n<meta property=\"og:title\" content=\"Ataque armado en Canc\u00fan: sicarios asesinan a hombre frente a abarrotes en la SM 248 - Panorama Ciudadano\" \/>\n<meta property=\"og:description\" content=\"Un hombre fue ejecutado esta noche afuera de una tienda de abarrotes, testigos se\u00f1alaron que dos sujetos en una motocicleta lo sorprendieron y le dispararon varias veces, uno de los disparos fue directo a la cabeza.\" \/>\n<meta property=\"og:url\" content=\"https:\/\/panoramaciudadano.com\/index.php\/2025\/11\/28\/ataque-armado-en-cancun-sicarios-asesinan-a-hombre-frente-a-abarrotes-en-la-sm-248\/\" \/>\n<meta property=\"og:site_name\" content=\"Panorama Ciudadano\" \/>\n<meta property=\"article:publisher\" content=\"https:\/\/www.facebook.com\/panoramaciudadano\" \/>\n<meta property=\"article:published_time\" content=\"2025-11-28T14:56:27+00:00\" \/>\n<meta property=\"article:modified_time\" content=\"2025-11-28T14:56:30+00:00\" \/>\n<meta property=\"og:image\" content=\"https:\/\/panoramaciudadano.com\/wp-content\/uploads\/2025\/11\/3-124.jpeg\" \/>\n\t<meta property=\"og:image:width\" content=\"1060\" \/>\n\t<meta property=\"og:image:height\" content=\"970\" \/>\n\t<meta property=\"og:image:type\" content=\"image\/jpeg\" \/>\n<meta name=\"author\" content=\"admin\" \/>\n<meta name=\"twitter:card\" content=\"summary_large_image\" \/>\n<meta name=\"twitter:label1\" content=\"Escrito por\" \/>\n\t<meta name=\"twitter:data1\" content=\"admin\" \/>\n\t<meta name=\"twitter:label2\" content=\"Tiempo de lectura\" \/>\n\t<meta name=\"twitter:data2\" content=\"2 minutos\" \/>\n<script type=\"application\/ld+json\" class=\"yoast-schema-graph\">{\"@context\":\"https:\/\/schema.org\",\"@graph\":[{\"@type\":\"Article\",\"@id\":\"https:\/\/panoramaciudadano.com\/index.php\/2025\/11\/28\/ataque-armado-en-cancun-sicarios-asesinan-a-hombre-frente-a-abarrotes-en-la-sm-248\/#article\",\"isPartOf\":{\"@id\":\"https:\/\/panoramaciudadano.com\/index.php\/2025\/11\/28\/ataque-armado-en-cancun-sicarios-asesinan-a-hombre-frente-a-abarrotes-en-la-sm-248\/\"},\"author\":{\"name\":\"admin\",\"@id\":\"https:\/\/panoramaciudadano.com\/#\/schema\/person\/ffe9fe8ef47d3a93977b5761fd9e0d96\"},\"headline\":\"Ataque armado en Canc\u00fan: sicarios asesinan a hombre frente a abarrotes en la SM 248\",\"datePublished\":\"2025-11-28T14:56:27+00:00\",\"dateModified\":\"2025-11-28T14:56:30+00:00\",\"mainEntityOfPage\":{\"@id\":\"https:\/\/panoramaciudadano.com\/index.php\/2025\/11\/28\/ataque-armado-en-cancun-sicarios-asesinan-a-hombre-frente-a-abarrotes-en-la-sm-248\/\"},\"wordCount\":275,\"commentCount\":0,\"publisher\":{\"@id\":\"https:\/\/panoramaciudadano.com\/#organization\"},\"image\":{\"@id\":\"https:\/\/panoramaciudadano.com\/index.php\/2025\/11\/28\/ataque-armado-en-cancun-sicarios-asesinan-a-hombre-frente-a-abarrotes-en-la-sm-248\/#primaryimage\"},\"thumbnailUrl\":\"https:\/\/panoramaciudadano.com\/wp-content\/uploads\/2025\/11\/3-124.jpeg\",\"keywords\":[\"Regi\u00f3n 248\"],\"articleSection\":[\"Canc\u00fan\"],\"inLanguage\":\"es\",\"potentialAction\":[{\"@type\":\"CommentAction\",\"name\":\"Comment\",\"target\":[\"https:\/\/panoramaciudadano.com\/index.php\/2025\/11\/28\/ataque-armado-en-cancun-sicarios-asesinan-a-hombre-frente-a-abarrotes-en-la-sm-248\/#respond\"]}]},{\"@type\":\"WebPage\",\"@id\":\"https:\/\/panoramaciudadano.com\/index.php\/2025\/11\/28\/ataque-armado-en-cancun-sicarios-asesinan-a-hombre-frente-a-abarrotes-en-la-sm-248\/\",\"url\":\"https:\/\/panoramaciudadano.com\/index.php\/2025\/11\/28\/ataque-armado-en-cancun-sicarios-asesinan-a-hombre-frente-a-abarrotes-en-la-sm-248\/\",\"name\":\"Ataque armado en Canc\u00fan: sicarios asesinan a hombre frente a abarrotes en la SM 248 - Panorama Ciudadano\",\"isPartOf\":{\"@id\":\"https:\/\/panoramaciudadano.com\/#website\"},\"primaryImageOfPage\":{\"@id\":\"https:\/\/panoramaciudadano.com\/index.php\/2025\/11\/28\/ataque-armado-en-cancun-sicarios-asesinan-a-hombre-frente-a-abarrotes-en-la-sm-248\/#primaryimage\"},\"image\":{\"@id\":\"https:\/\/panoramaciudadano.com\/index.php\/2025\/11\/28\/ataque-armado-en-cancun-sicarios-asesinan-a-hombre-frente-a-abarrotes-en-la-sm-248\/#primaryimage\"},\"thumbnailUrl\":\"https:\/\/panoramaciudadano.com\/wp-content\/uploads\/2025\/11\/3-124.jpeg\",\"datePublished\":\"2025-11-28T14:56:27+00:00\",\"dateModified\":\"2025-11-28T14:56:30+00:00\",\"breadcrumb\":{\"@id\":\"https:\/\/panoramaciudadano.com\/index.php\/2025\/11\/28\/ataque-armado-en-cancun-sicarios-asesinan-a-hombre-frente-a-abarrotes-en-la-sm-248\/#breadcrumb\"},\"inLanguage\":\"es\",\"potentialAction\":[{\"@type\":\"ReadAction\",\"target\":[\"https:\/\/panoramaciudadano.com\/index.php\/2025\/11\/28\/ataque-armado-en-cancun-sicarios-asesinan-a-hombre-frente-a-abarrotes-en-la-sm-248\/\"]}]},{\"@type\":\"ImageObject\",\"inLanguage\":\"es\",\"@id\":\"https:\/\/panoramaciudadano.com\/index.php\/2025\/11\/28\/ataque-armado-en-cancun-sicarios-asesinan-a-hombre-frente-a-abarrotes-en-la-sm-248\/#primaryimage\",\"url\":\"https:\/\/panoramaciudadano.com\/wp-content\/uploads\/2025\/11\/3-124.jpeg\",\"contentUrl\":\"https:\/\/panoramaciudadano.com\/wp-content\/uploads\/2025\/11\/3-124.jpeg\",\"width\":1060,\"height\":970},{\"@type\":\"BreadcrumbList\",\"@id\":\"https:\/\/panoramaciudadano.com\/index.php\/2025\/11\/28\/ataque-armado-en-cancun-sicarios-asesinan-a-hombre-frente-a-abarrotes-en-la-sm-248\/#breadcrumb\",\"itemListElement\":[{\"@type\":\"ListItem\",\"position\":1,\"name\":\"Portada\",\"item\":\"https:\/\/panoramaciudadano.com\/\"},{\"@type\":\"ListItem\",\"position\":2,\"name\":\"Ataque armado en Canc\u00fan: sicarios asesinan a hombre frente a abarrotes en la SM 248\"}]},{\"@type\":\"WebSite\",\"@id\":\"https:\/\/panoramaciudadano.com\/#website\",\"url\":\"https:\/\/panoramaciudadano.com\/\",\"name\":\"Panorama Ciudadano\",\"description\":\"\",\"publisher\":{\"@id\":\"https:\/\/panoramaciudadano.com\/#organization\"},\"potentialAction\":[{\"@type\":\"SearchAction\",\"target\":{\"@type\":\"EntryPoint\",\"urlTemplate\":\"https:\/\/panoramaciudadano.com\/?s={search_term_string}\"},\"query-input\":{\"@type\":\"PropertyValueSpecification\",\"valueRequired\":true,\"valueName\":\"search_term_string\"}}],\"inLanguage\":\"es\"},{\"@type\":\"Organization\",\"@id\":\"https:\/\/panoramaciudadano.com\/#organization\",\"name\":\"Panorama Ciudadano\",\"url\":\"https:\/\/panoramaciudadano.com\/\",\"logo\":{\"@type\":\"ImageObject\",\"inLanguage\":\"es\",\"@id\":\"https:\/\/panoramaciudadano.com\/#\/schema\/logo\/image\/\",\"url\":\"https:\/\/panoramaciudadano.com\/wp-content\/uploads\/2024\/05\/401498640_919267042938564_6290593609399108733_n.jpg\",\"contentUrl\":\"https:\/\/panoramaciudadano.com\/wp-content\/uploads\/2024\/05\/401498640_919267042938564_6290593609399108733_n.jpg\",\"width\":960,\"height\":957,\"caption\":\"Panorama Ciudadano\"},\"image\":{\"@id\":\"https:\/\/panoramaciudadano.com\/#\/schema\/logo\/image\/\"},\"sameAs\":[\"https:\/\/www.facebook.com\/panoramaciudadano\"]},{\"@type\":\"Person\",\"@id\":\"https:\/\/panoramaciudadano.com\/#\/schema\/person\/ffe9fe8ef47d3a93977b5761fd9e0d96\",\"name\":\"admin\",\"image\":{\"@type\":\"ImageObject\",\"inLanguage\":\"es\",\"@id\":\"https:\/\/panoramaciudadano.com\/#\/schema\/person\/image\/\",\"url\":\"https:\/\/secure.gravatar.com\/avatar\/2d5a12cacce3f18096f25fadea8abb7202fef18ed669595589853e84260ff451?s=96&d=mm&r=g\",\"contentUrl\":\"https:\/\/secure.gravatar.com\/avatar\/2d5a12cacce3f18096f25fadea8abb7202fef18ed669595589853e84260ff451?s=96&d=mm&r=g\",\"caption\":\"admin\"},\"sameAs\":[\"https:\/\/panoramaciudadano.com\"],\"url\":\"https:\/\/panoramaciudadano.com\/index.php\/author\/admin_3q6hyqq3\/\"}]}<\/script>\n<!-- \/ Yoast SEO plugin. -->","yoast_head_json":{"title":"Ataque armado en Canc\u00fan: sicarios asesinan a hombre frente a abarrotes en la SM 248 - Panorama Ciudadano","robots":{"index":"index","follow":"follow","max-snippet":"max-snippet:-1","max-image-preview":"max-image-preview:large","max-video-preview":"max-video-preview:-1"},"canonical":"https:\/\/panoramaciudadano.com\/index.php\/2025\/11\/28\/ataque-armado-en-cancun-sicarios-asesinan-a-hombre-frente-a-abarrotes-en-la-sm-248\/","og_locale":"es_ES","og_type":"article","og_title":"Ataque armado en Canc\u00fan: sicarios asesinan a hombre frente a abarrotes en la SM 248 - Panorama Ciudadano","og_description":"Un hombre fue ejecutado esta noche afuera de una tienda de abarrotes, testigos se\u00f1alaron que dos sujetos en una motocicleta lo sorprendieron y le dispararon varias veces, uno de los disparos fue directo a la cabeza.","og_url":"https:\/\/panoramaciudadano.com\/index.php\/2025\/11\/28\/ataque-armado-en-cancun-sicarios-asesinan-a-hombre-frente-a-abarrotes-en-la-sm-248\/","og_site_name":"Panorama Ciudadano","article_publisher":"https:\/\/www.facebook.com\/panoramaciudadano","article_published_time":"2025-11-28T14:56:27+00:00","article_modified_time":"2025-11-28T14:56:30+00:00","og_image":[{"width":1060,"height":970,"url":"https:\/\/panoramaciudadano.com\/wp-content\/uploads\/2025\/11\/3-124.jpeg","type":"image\/jpeg"}],"author":"admin","twitter_card":"summary_large_image","twitter_misc":{"Escrito por":"admin","Tiempo de lectura":"2 minutos"},"schema":{"@context":"https:\/\/schema.org","@graph":[{"@type":"Article","@id":"https:\/\/panoramaciudadano.com\/index.php\/2025\/11\/28\/ataque-armado-en-cancun-sicarios-asesinan-a-hombre-frente-a-abarrotes-en-la-sm-248\/#article","isPartOf":{"@id":"https:\/\/panoramaciudadano.com\/index.php\/2025\/11\/28\/ataque-armado-en-cancun-sicarios-asesinan-a-hombre-frente-a-abarrotes-en-la-sm-248\/"},"author":{"name":"admin","@id":"https:\/\/panoramaciudadano.com\/#\/schema\/person\/ffe9fe8ef47d3a93977b5761fd9e0d96"},"headline":"Ataque armado en Canc\u00fan: sicarios asesinan a hombre frente a abarrotes en la SM 248","datePublished":"2025-11-28T14:56:27+00:00","dateModified":"2025-11-28T14:56:30+00:00","mainEntityOfPage":{"@id":"https:\/\/panoramaciudadano.com\/index.php\/2025\/11\/28\/ataque-armado-en-cancun-sicarios-asesinan-a-hombre-frente-a-abarrotes-en-la-sm-248\/"},"wordCount":275,"commentCount":0,"publisher":{"@id":"https:\/\/panoramaciudadano.com\/#organization"},"image":{"@id":"https:\/\/panoramaciudadano.com\/index.php\/2025\/11\/28\/ataque-armado-en-cancun-sicarios-asesinan-a-hombre-frente-a-abarrotes-en-la-sm-248\/#primaryimage"},"thumbnailUrl":"https:\/\/panoramaciudadano.com\/wp-content\/uploads\/2025\/11\/3-124.jpeg","keywords":["Regi\u00f3n 248"],"articleSection":["Canc\u00fan"],"inLanguage":"es","potentialAction":[{"@type":"CommentAction","name":"Comment","target":["https:\/\/panoramaciudadano.com\/index.php\/2025\/11\/28\/ataque-armado-en-cancun-sicarios-asesinan-a-hombre-frente-a-abarrotes-en-la-sm-248\/#respond"]}]},{"@type":"WebPage","@id":"https:\/\/panoramaciudadano.com\/index.php\/2025\/11\/28\/ataque-armado-en-cancun-sicarios-asesinan-a-hombre-frente-a-abarrotes-en-la-sm-248\/","url":"https:\/\/panoramaciudadano.com\/index.php\/2025\/11\/28\/ataque-armado-en-cancun-sicarios-asesinan-a-hombre-frente-a-abarrotes-en-la-sm-248\/","name":"Ataque armado en Canc\u00fan: sicarios asesinan a hombre frente a abarrotes en la SM 248 - Panorama Ciudadano","isPartOf":{"@id":"https:\/\/panoramaciudadano.com\/#website"},"primaryImageOfPage":{"@id":"https:\/\/panoramaciudadano.com\/index.php\/2025\/11\/28\/ataque-armado-en-cancun-sicarios-asesinan-a-hombre-frente-a-abarrotes-en-la-sm-248\/#primaryimage"},"image":{"@id":"https:\/\/panoramaciudadano.com\/index.php\/2025\/11\/28\/ataque-armado-en-cancun-sicarios-asesinan-a-hombre-frente-a-abarrotes-en-la-sm-248\/#primaryimage"},"thumbnailUrl":"https:\/\/panoramaciudadano.com\/wp-content\/uploads\/2025\/11\/3-124.jpeg","datePublished":"2025-11-28T14:56:27+00:00","dateModified":"2025-11-28T14:56:30+00:00","breadcrumb":{"@id":"https:\/\/panoramaciudadano.com\/index.php\/2025\/11\/28\/ataque-armado-en-cancun-sicarios-asesinan-a-hombre-frente-a-abarrotes-en-la-sm-248\/#breadcrumb"},"inLanguage":"es","potentialAction":[{"@type":"ReadAction","target":["https:\/\/panoramaciudadano.com\/index.php\/2025\/11\/28\/ataque-armado-en-cancun-sicarios-asesinan-a-hombre-frente-a-abarrotes-en-la-sm-248\/"]}]},{"@type":"ImageObject","inLanguage":"es","@id":"https:\/\/panoramaciudadano.com\/index.php\/2025\/11\/28\/ataque-armado-en-cancun-sicarios-asesinan-a-hombre-frente-a-abarrotes-en-la-sm-248\/#primaryimage","url":"https:\/\/panoramaciudadano.com\/wp-content\/uploads\/2025\/11\/3-124.jpeg","contentUrl":"https:\/\/panoramaciudadano.com\/wp-content\/uploads\/2025\/11\/3-124.jpeg","width":1060,"height":970},{"@type":"BreadcrumbList","@id":"https:\/\/panoramaciudadano.com\/index.php\/2025\/11\/28\/ataque-armado-en-cancun-sicarios-asesinan-a-hombre-frente-a-abarrotes-en-la-sm-248\/#breadcrumb","itemListElement":[{"@type":"ListItem","position":1,"name":"Portada","item":"https:\/\/panoramaciudadano.com\/"},{"@type":"ListItem","position":2,"name":"Ataque armado en Canc\u00fan: sicarios asesinan a hombre frente a abarrotes en la SM 248"}]},{"@type":"WebSite","@id":"https:\/\/panoramaciudadano.com\/#website","url":"https:\/\/panoramaciudadano.com\/","name":"Panorama Ciudadano","description":"","publisher":{"@id":"https:\/\/panoramaciudadano.com\/#organization"},"potentialAction":[{"@type":"SearchAction","target":{"@type":"EntryPoint","urlTemplate":"https:\/\/panoramaciudadano.com\/?s={search_term_string}"},"query-input":{"@type":"PropertyValueSpecification","valueRequired":true,"valueName":"search_term_string"}}],"inLanguage":"es"},{"@type":"Organization","@id":"https:\/\/panoramaciudadano.com\/#organization","name":"Panorama Ciudadano","url":"https:\/\/panoramaciudadano.com\/","logo":{"@type":"ImageObject","inLanguage":"es","@id":"https:\/\/panoramaciudadano.com\/#\/schema\/logo\/image\/","url":"https:\/\/panoramaciudadano.com\/wp-content\/uploads\/2024\/05\/401498640_919267042938564_6290593609399108733_n.jpg","contentUrl":"https:\/\/panoramaciudadano.com\/wp-content\/uploads\/2024\/05\/401498640_919267042938564_6290593609399108733_n.jpg","width":960,"height":957,"caption":"Panorama Ciudadano"},"image":{"@id":"https:\/\/panoramaciudadano.com\/#\/schema\/logo\/image\/"},"sameAs":["https:\/\/www.facebook.com\/panoramaciudadano"]},{"@type":"Person","@id":"https:\/\/panoramaciudadano.com\/#\/schema\/person\/ffe9fe8ef47d3a93977b5761fd9e0d96","name":"admin","image":{"@type":"ImageObject","inLanguage":"es","@id":"https:\/\/panoramaciudadano.com\/#\/schema\/person\/image\/","url":"https:\/\/secure.gravatar.com\/avatar\/2d5a12cacce3f18096f25fadea8abb7202fef18ed669595589853e84260ff451?s=96&d=mm&r=g","contentUrl":"https:\/\/secure.gravatar.com\/avatar\/2d5a12cacce3f18096f25fadea8abb7202fef18ed669595589853e84260ff451?s=96&d=mm&r=g","caption":"admin"},"sameAs":["https:\/\/panoramaciudadano.com"],"url":"https:\/\/panoramaciudadano.com\/index.php\/author\/admin_3q6hyqq3\/"}]}},"_links":{"self":[{"href":"https:\/\/panoramaciudadano.com\/index.php\/wp-json\/wp\/v2\/posts\/26584","targetHints":{"allow":["GET"]}}],"collection":[{"href":"https:\/\/panoramaciudadano.com\/index.php\/wp-json\/wp\/v2\/posts"}],"about":[{"href":"https:\/\/panoramaciudadano.com\/index.php\/wp-json\/wp\/v2\/types\/post"}],"author":[{"embeddable":true,"href":"https:\/\/panoramaciudadano.com\/index.php\/wp-json\/wp\/v2\/users\/1"}],"replies":[{"embeddable":true,"href":"https:\/\/panoramaciudadano.com\/index.php\/wp-json\/wp\/v2\/comments?post=26584"}],"version-history":[{"count":1,"href":"https:\/\/panoramaciudadano.com\/index.php\/wp-json\/wp\/v2\/posts\/26584\/revisions"}],"predecessor-version":[{"id":26587,"href":"https:\/\/panoramaciudadano.com\/index.php\/wp-json\/wp\/v2\/posts\/26584\/revisions\/26587"}],"wp:featuredmedia":[{"embeddable":true,"href":"https:\/\/panoramaciudadano.com\/index.php\/wp-json\/wp\/v2\/media\/26586"}],"wp:attachment":[{"href":"https:\/\/panoramaciudadano.com\/index.php\/wp-json\/wp\/v2\/media?parent=26584"}],"wp:term":[{"taxonomy":"category","embeddable":true,"href":"https:\/\/panoramaciudadano.com\/index.php\/wp-json\/wp\/v2\/categories?post=26584"},{"taxonomy":"post_tag","embeddable":true,"href":"https:\/\/panoramaciudadano.com\/index.php\/wp-json\/wp\/v2\/tags?post=26584"}],"curies":[{"name":"wp","href":"https:\/\/api.w.org\/{rel}","templated":true}]}}