{"id":26588,"date":"2025-11-28T09:59:13","date_gmt":"2025-11-28T14:59:13","guid":{"rendered":"https:\/\/panoramaciudadano.com\/?p=26588"},"modified":"2025-11-28T09:59:16","modified_gmt":"2025-11-28T14:59:16","slug":"policia-de-cancun-fortalece-la-prevencion-con-jornadas-de-proximidad-social","status":"publish","type":"post","link":"https:\/\/panoramaciudadano.com\/index.php\/2025\/11\/28\/policia-de-cancun-fortalece-la-prevencion-con-jornadas-de-proximidad-social\/","title":{"rendered":"POLIC\u00cdA DE CANC\u00daN FORTALECE LA PREVENCI\u00d3N CON JORNADAS DE PROXIMIDAD SOCIAL"},"content":{"rendered":"\n<figure class=\"wp-block-gallery has-nested-images columns-default is-cropped wp-block-gallery-1 is-layout-flex wp-block-gallery-is-layout-flex\">\n<figure class=\"wp-block-image size-large\"><img decoding=\"async\" width=\"944\" height=\"1024\" data-id=\"26594\" src=\"https:\/\/panoramaciudadano.com\/wp-content\/uploads\/2025\/11\/2-143-944x1024.jpeg\" alt=\"\" class=\"wp-image-26594\" srcset=\"https:\/\/panoramaciudadano.com\/wp-content\/uploads\/2025\/11\/2-143-944x1024.jpeg 944w, https:\/\/panoramaciudadano.com\/wp-content\/uploads\/2025\/11\/2-143-277x300.jpeg 277w, https:\/\/panoramaciudadano.com\/wp-content\/uploads\/2025\/11\/2-143-768x833.jpeg 768w, https:\/\/panoramaciudadano.com\/wp-content\/uploads\/2025\/11\/2-143.jpeg 1180w\" sizes=\"(max-width: 944px) 100vw, 944px\" \/><\/figure>\n\n\n\n<figure class=\"wp-block-image size-large\"><img decoding=\"async\" width=\"1024\" height=\"679\" data-id=\"26593\" src=\"https:\/\/panoramaciudadano.com\/wp-content\/uploads\/2025\/11\/3-125-1024x679.jpeg\" alt=\"\" class=\"wp-image-26593\" srcset=\"https:\/\/panoramaciudadano.com\/wp-content\/uploads\/2025\/11\/3-125-1024x679.jpeg 1024w, https:\/\/panoramaciudadano.com\/wp-content\/uploads\/2025\/11\/3-125-300x199.jpeg 300w, https:\/\/panoramaciudadano.com\/wp-content\/uploads\/2025\/11\/3-125-768x510.jpeg 768w, https:\/\/panoramaciudadano.com\/wp-content\/uploads\/2025\/11\/3-125.jpeg 1040w\" sizes=\"(max-width: 1024px) 100vw, 1024px\" \/><\/figure>\n\n\n\n<figure class=\"wp-block-image size-large\"><img decoding=\"async\" width=\"1024\" height=\"705\" data-id=\"26592\" src=\"https:\/\/panoramaciudadano.com\/wp-content\/uploads\/2025\/11\/4-74-1024x705.jpeg\" alt=\"\" class=\"wp-image-26592\" srcset=\"https:\/\/panoramaciudadano.com\/wp-content\/uploads\/2025\/11\/4-74-1024x705.jpeg 1024w, https:\/\/panoramaciudadano.com\/wp-content\/uploads\/2025\/11\/4-74-300x207.jpeg 300w, https:\/\/panoramaciudadano.com\/wp-content\/uploads\/2025\/11\/4-74-768x529.jpeg 768w, https:\/\/panoramaciudadano.com\/wp-content\/uploads\/2025\/11\/4-74.jpeg 1040w\" sizes=\"(max-width: 1024px) 100vw, 1024px\" \/><\/figure>\n\n\n\n<figure class=\"wp-block-image size-large\"><img decoding=\"async\" width=\"1024\" height=\"679\" data-id=\"26591\" src=\"https:\/\/panoramaciudadano.com\/wp-content\/uploads\/2025\/11\/5-55-1024x679.jpeg\" alt=\"\" class=\"wp-image-26591\" srcset=\"https:\/\/panoramaciudadano.com\/wp-content\/uploads\/2025\/11\/5-55-1024x679.jpeg 1024w, https:\/\/panoramaciudadano.com\/wp-content\/uploads\/2025\/11\/5-55-300x199.jpeg 300w, https:\/\/panoramaciudadano.com\/wp-content\/uploads\/2025\/11\/5-55-768x510.jpeg 768w, https:\/\/panoramaciudadano.com\/wp-content\/uploads\/2025\/11\/5-55.jpeg 1040w\" sizes=\"(max-width: 1024px) 100vw, 1024px\" \/><\/figure>\n\n\n\n<figure class=\"wp-block-image size-large\"><img decoding=\"async\" width=\"1024\" height=\"737\" data-id=\"26590\" src=\"https:\/\/panoramaciudadano.com\/wp-content\/uploads\/2025\/11\/6-42-1024x737.jpeg\" alt=\"\" class=\"wp-image-26590\" srcset=\"https:\/\/panoramaciudadano.com\/wp-content\/uploads\/2025\/11\/6-42-1024x737.jpeg 1024w, https:\/\/panoramaciudadano.com\/wp-content\/uploads\/2025\/11\/6-42-300x216.jpeg 300w, https:\/\/panoramaciudadano.com\/wp-content\/uploads\/2025\/11\/6-42-768x553.jpeg 768w, https:\/\/panoramaciudadano.com\/wp-content\/uploads\/2025\/11\/6-42.jpeg 1040w\" sizes=\"(max-width: 1024px) 100vw, 1024px\" \/><\/figure>\n\n\n\n<figure class=\"wp-block-image size-large\"><img decoding=\"async\" width=\"1024\" height=\"648\" data-id=\"26595\" src=\"https:\/\/panoramaciudadano.com\/wp-content\/uploads\/2025\/11\/7-25-1024x648.jpeg\" alt=\"\" class=\"wp-image-26595\" srcset=\"https:\/\/panoramaciudadano.com\/wp-content\/uploads\/2025\/11\/7-25-1024x648.jpeg 1024w, https:\/\/panoramaciudadano.com\/wp-content\/uploads\/2025\/11\/7-25-300x190.jpeg 300w, https:\/\/panoramaciudadano.com\/wp-content\/uploads\/2025\/11\/7-25-768x486.jpeg 768w, https:\/\/panoramaciudadano.com\/wp-content\/uploads\/2025\/11\/7-25.jpeg 1040w\" sizes=\"(max-width: 1024px) 100vw, 1024px\" \/><\/figure>\n\n\n\n<figure class=\"wp-block-image size-large\"><img decoding=\"async\" width=\"1024\" height=\"644\" data-id=\"26589\" src=\"https:\/\/panoramaciudadano.com\/wp-content\/uploads\/2025\/11\/WhatsApp-Image-2025-11-28-at-08.44.12-1024x644.jpeg\" alt=\"\" class=\"wp-image-26589\" srcset=\"https:\/\/panoramaciudadano.com\/wp-content\/uploads\/2025\/11\/WhatsApp-Image-2025-11-28-at-08.44.12-1024x644.jpeg 1024w, https:\/\/panoramaciudadano.com\/wp-content\/uploads\/2025\/11\/WhatsApp-Image-2025-11-28-at-08.44.12-300x189.jpeg 300w, https:\/\/panoramaciudadano.com\/wp-content\/uploads\/2025\/11\/WhatsApp-Image-2025-11-28-at-08.44.12-768x483.jpeg 768w, https:\/\/panoramaciudadano.com\/wp-content\/uploads\/2025\/11\/WhatsApp-Image-2025-11-28-at-08.44.12.jpeg 1040w\" sizes=\"(max-width: 1024px) 100vw, 1024px\" \/><\/figure>\n<\/figure>\n\n\n\n<p>La Secretar\u00eda Municipal de Seguridad Ciudadana y Tr\u00e1nsito (SMSCyT) de Benito Ju\u00e1rez impulsa las jornadas \u201cProximidad por tu Seguridad\u201d, una iniciativa orientada a consolidar entornos seguros mediante la cercan\u00eda con la ciudadan\u00eda y la colaboraci\u00f3n interinstitucional en puntos estrat\u00e9gicos de la ciudad.<\/p>\n\n\n\n<p>Las actividades son coordinadas por la Direcci\u00f3n de Prevenci\u00f3n del Delito con Participaci\u00f3n Ciudadana, como parte de los esfuerzos permanentes para fortalecer la seguridad comunitaria.<\/p>\n\n\n\n<p>En estas acciones participan de manera activa diversas instancias municipales, estatales y federales, como el Instituto Municipal de la Cultura (IMC), Direcci\u00f3n General de Protecci\u00f3n Civil, Instituto Municipal del Deporte, Direcci\u00f3n de Asuntos Religiosos y Secretar\u00eda de Marina (SEMAR), entre otros.<\/p>\n\n\n\n<p>De enero a noviembre de 2025 se llevaron a cabo ocho jornadas en parques y espacios comunitarios como El Limonero, Ibiza, Iris Mora y Tula, as\u00ed como en el Campo de F\u00fatbol \u201cEl Pantano\u201d, ubicados en las supermanzanas 77, 93, 200, 248 y 249.<\/p>\n\n\n\n<p>En total, 1,824 personas resultaron beneficiadas, reflejando el creciente inter\u00e9s ciudadano por participar en estas actividades y la recuperaci\u00f3n activa de los espacios p\u00fablicos.<\/p>\n\n\n\n<p>Durante las jornadas se brindan servicios de orientaci\u00f3n jur\u00eddica y psicol\u00f3gica, adem\u00e1s de actividades l\u00fadicas y formativas para ni\u00f1as y ni\u00f1os, con capacitaci\u00f3n pr\u00e1ctica en el uso del n\u00famero de emergencias 9-1-1, se\u00f1ales de tr\u00e1nsito y primeros auxilios.<\/p>\n\n\n\n<p>El secretario de Seguridad Ciudadana y Tr\u00e1nsito, Jaime Padilla Barrientos, destac\u00f3 que estas acciones son esenciales para fortalecer la comunicaci\u00f3n con la ciudadan\u00eda, mejorar la percepci\u00f3n de seguridad y promover una cultura de prevenci\u00f3n. A\u00f1adi\u00f3 que la presencia operativa en territorio permite identificar oportunamente problem\u00e1ticas comunitarias y construir soluciones conjuntas.<\/p>\n\n\n\n<p>La SMSCyT reafirma su compromiso de dar continuidad y ampliar este programa, consolidando la proximidad social como eje central de las pol\u00edticas de seguridad p\u00fablica en Benito Ju\u00e1rez.<\/p>\n","protected":false},"excerpt":{"rendered":"<p>Participan instancias de los tres niveles de gobierno, como el Sistema DIF Benito Ju\u00e1rez y la Secretar\u00eda de Marina.<\/p>\n","protected":false},"author":1,"featured_media":26590,"comment_status":"open","ping_status":"closed","sticky":false,"template":"","format":"standard","meta":{"footnotes":""},"categories":[6],"tags":[1966],"class_list":["post-26588","post","type-post","status-publish","format-standard","has-post-thumbnail","hentry","category-cancun","tag-smscyt"],"yoast_head":"<!-- This site is optimized with the Yoast SEO plugin v27.1.1 - https:\/\/yoast.com\/product\/yoast-seo-wordpress\/ -->\n<title>POLIC\u00cdA DE CANC\u00daN FORTALECE LA PREVENCI\u00d3N CON JORNADAS DE PROXIMIDAD SOCIAL - Panorama Ciudadano<\/title>\n<meta name=\"robots\" content=\"index, follow, max-snippet:-1, max-image-preview:large, max-video-preview:-1\" \/>\n<link rel=\"canonical\" href=\"https:\/\/panoramaciudadano.com\/index.php\/2025\/11\/28\/policia-de-cancun-fortalece-la-prevencion-con-jornadas-de-proximidad-social\/\" \/>\n<meta property=\"og:locale\" content=\"es_ES\" \/>\n<meta property=\"og:type\" content=\"article\" \/>\n<meta property=\"og:title\" content=\"POLIC\u00cdA DE CANC\u00daN FORTALECE LA PREVENCI\u00d3N CON JORNADAS DE PROXIMIDAD SOCIAL - Panorama Ciudadano\" \/>\n<meta property=\"og:description\" content=\"Participan instancias de los tres niveles de gobierno, como el Sistema DIF Benito Ju\u00e1rez y la Secretar\u00eda de Marina.\" \/>\n<meta property=\"og:url\" content=\"https:\/\/panoramaciudadano.com\/index.php\/2025\/11\/28\/policia-de-cancun-fortalece-la-prevencion-con-jornadas-de-proximidad-social\/\" \/>\n<meta property=\"og:site_name\" content=\"Panorama Ciudadano\" \/>\n<meta property=\"article:publisher\" content=\"https:\/\/www.facebook.com\/panoramaciudadano\" \/>\n<meta property=\"article:published_time\" content=\"2025-11-28T14:59:13+00:00\" \/>\n<meta property=\"article:modified_time\" content=\"2025-11-28T14:59:16+00:00\" \/>\n<meta property=\"og:image\" content=\"https:\/\/panoramaciudadano.com\/wp-content\/uploads\/2025\/11\/6-42.jpeg\" \/>\n\t<meta property=\"og:image:width\" content=\"1040\" \/>\n\t<meta property=\"og:image:height\" content=\"749\" \/>\n\t<meta property=\"og:image:type\" content=\"image\/jpeg\" \/>\n<meta name=\"author\" content=\"admin\" \/>\n<meta name=\"twitter:card\" content=\"summary_large_image\" \/>\n<meta name=\"twitter:label1\" content=\"Escrito por\" \/>\n\t<meta name=\"twitter:data1\" content=\"admin\" \/>\n\t<meta name=\"twitter:label2\" content=\"Tiempo de lectura\" \/>\n\t<meta name=\"twitter:data2\" content=\"3 minutos\" \/>\n<script type=\"application\/ld+json\" class=\"yoast-schema-graph\">{\"@context\":\"https:\/\/schema.org\",\"@graph\":[{\"@type\":\"Article\",\"@id\":\"https:\/\/panoramaciudadano.com\/index.php\/2025\/11\/28\/policia-de-cancun-fortalece-la-prevencion-con-jornadas-de-proximidad-social\/#article\",\"isPartOf\":{\"@id\":\"https:\/\/panoramaciudadano.com\/index.php\/2025\/11\/28\/policia-de-cancun-fortalece-la-prevencion-con-jornadas-de-proximidad-social\/\"},\"author\":{\"name\":\"admin\",\"@id\":\"https:\/\/panoramaciudadano.com\/#\/schema\/person\/ffe9fe8ef47d3a93977b5761fd9e0d96\"},\"headline\":\"POLIC\u00cdA DE CANC\u00daN FORTALECE LA PREVENCI\u00d3N CON JORNADAS DE PROXIMIDAD SOCIAL\",\"datePublished\":\"2025-11-28T14:59:13+00:00\",\"dateModified\":\"2025-11-28T14:59:16+00:00\",\"mainEntityOfPage\":{\"@id\":\"https:\/\/panoramaciudadano.com\/index.php\/2025\/11\/28\/policia-de-cancun-fortalece-la-prevencion-con-jornadas-de-proximidad-social\/\"},\"wordCount\":340,\"commentCount\":0,\"publisher\":{\"@id\":\"https:\/\/panoramaciudadano.com\/#organization\"},\"image\":{\"@id\":\"https:\/\/panoramaciudadano.com\/index.php\/2025\/11\/28\/policia-de-cancun-fortalece-la-prevencion-con-jornadas-de-proximidad-social\/#primaryimage\"},\"thumbnailUrl\":\"https:\/\/panoramaciudadano.com\/wp-content\/uploads\/2025\/11\/6-42.jpeg\",\"keywords\":[\"SMSCyT\"],\"articleSection\":[\"Canc\u00fan\"],\"inLanguage\":\"es\",\"potentialAction\":[{\"@type\":\"CommentAction\",\"name\":\"Comment\",\"target\":[\"https:\/\/panoramaciudadano.com\/index.php\/2025\/11\/28\/policia-de-cancun-fortalece-la-prevencion-con-jornadas-de-proximidad-social\/#respond\"]}]},{\"@type\":\"WebPage\",\"@id\":\"https:\/\/panoramaciudadano.com\/index.php\/2025\/11\/28\/policia-de-cancun-fortalece-la-prevencion-con-jornadas-de-proximidad-social\/\",\"url\":\"https:\/\/panoramaciudadano.com\/index.php\/2025\/11\/28\/policia-de-cancun-fortalece-la-prevencion-con-jornadas-de-proximidad-social\/\",\"name\":\"POLIC\u00cdA DE CANC\u00daN FORTALECE LA PREVENCI\u00d3N CON JORNADAS DE PROXIMIDAD SOCIAL - Panorama Ciudadano\",\"isPartOf\":{\"@id\":\"https:\/\/panoramaciudadano.com\/#website\"},\"primaryImageOfPage\":{\"@id\":\"https:\/\/panoramaciudadano.com\/index.php\/2025\/11\/28\/policia-de-cancun-fortalece-la-prevencion-con-jornadas-de-proximidad-social\/#primaryimage\"},\"image\":{\"@id\":\"https:\/\/panoramaciudadano.com\/index.php\/2025\/11\/28\/policia-de-cancun-fortalece-la-prevencion-con-jornadas-de-proximidad-social\/#primaryimage\"},\"thumbnailUrl\":\"https:\/\/panoramaciudadano.com\/wp-content\/uploads\/2025\/11\/6-42.jpeg\",\"datePublished\":\"2025-11-28T14:59:13+00:00\",\"dateModified\":\"2025-11-28T14:59:16+00:00\",\"breadcrumb\":{\"@id\":\"https:\/\/panoramaciudadano.com\/index.php\/2025\/11\/28\/policia-de-cancun-fortalece-la-prevencion-con-jornadas-de-proximidad-social\/#breadcrumb\"},\"inLanguage\":\"es\",\"potentialAction\":[{\"@type\":\"ReadAction\",\"target\":[\"https:\/\/panoramaciudadano.com\/index.php\/2025\/11\/28\/policia-de-cancun-fortalece-la-prevencion-con-jornadas-de-proximidad-social\/\"]}]},{\"@type\":\"ImageObject\",\"inLanguage\":\"es\",\"@id\":\"https:\/\/panoramaciudadano.com\/index.php\/2025\/11\/28\/policia-de-cancun-fortalece-la-prevencion-con-jornadas-de-proximidad-social\/#primaryimage\",\"url\":\"https:\/\/panoramaciudadano.com\/wp-content\/uploads\/2025\/11\/6-42.jpeg\",\"contentUrl\":\"https:\/\/panoramaciudadano.com\/wp-content\/uploads\/2025\/11\/6-42.jpeg\",\"width\":1040,\"height\":749},{\"@type\":\"BreadcrumbList\",\"@id\":\"https:\/\/panoramaciudadano.com\/index.php\/2025\/11\/28\/policia-de-cancun-fortalece-la-prevencion-con-jornadas-de-proximidad-social\/#breadcrumb\",\"itemListElement\":[{\"@type\":\"ListItem\",\"position\":1,\"name\":\"Portada\",\"item\":\"https:\/\/panoramaciudadano.com\/\"},{\"@type\":\"ListItem\",\"position\":2,\"name\":\"POLIC\u00cdA DE CANC\u00daN FORTALECE LA PREVENCI\u00d3N CON JORNADAS DE PROXIMIDAD SOCIAL\"}]},{\"@type\":\"WebSite\",\"@id\":\"https:\/\/panoramaciudadano.com\/#website\",\"url\":\"https:\/\/panoramaciudadano.com\/\",\"name\":\"Panorama Ciudadano\",\"description\":\"\",\"publisher\":{\"@id\":\"https:\/\/panoramaciudadano.com\/#organization\"},\"potentialAction\":[{\"@type\":\"SearchAction\",\"target\":{\"@type\":\"EntryPoint\",\"urlTemplate\":\"https:\/\/panoramaciudadano.com\/?s={search_term_string}\"},\"query-input\":{\"@type\":\"PropertyValueSpecification\",\"valueRequired\":true,\"valueName\":\"search_term_string\"}}],\"inLanguage\":\"es\"},{\"@type\":\"Organization\",\"@id\":\"https:\/\/panoramaciudadano.com\/#organization\",\"name\":\"Panorama Ciudadano\",\"url\":\"https:\/\/panoramaciudadano.com\/\",\"logo\":{\"@type\":\"ImageObject\",\"inLanguage\":\"es\",\"@id\":\"https:\/\/panoramaciudadano.com\/#\/schema\/logo\/image\/\",\"url\":\"https:\/\/panoramaciudadano.com\/wp-content\/uploads\/2024\/05\/401498640_919267042938564_6290593609399108733_n.jpg\",\"contentUrl\":\"https:\/\/panoramaciudadano.com\/wp-content\/uploads\/2024\/05\/401498640_919267042938564_6290593609399108733_n.jpg\",\"width\":960,\"height\":957,\"caption\":\"Panorama Ciudadano\"},\"image\":{\"@id\":\"https:\/\/panoramaciudadano.com\/#\/schema\/logo\/image\/\"},\"sameAs\":[\"https:\/\/www.facebook.com\/panoramaciudadano\"]},{\"@type\":\"Person\",\"@id\":\"https:\/\/panoramaciudadano.com\/#\/schema\/person\/ffe9fe8ef47d3a93977b5761fd9e0d96\",\"name\":\"admin\",\"image\":{\"@type\":\"ImageObject\",\"inLanguage\":\"es\",\"@id\":\"https:\/\/panoramaciudadano.com\/#\/schema\/person\/image\/\",\"url\":\"https:\/\/secure.gravatar.com\/avatar\/2d5a12cacce3f18096f25fadea8abb7202fef18ed669595589853e84260ff451?s=96&d=mm&r=g\",\"contentUrl\":\"https:\/\/secure.gravatar.com\/avatar\/2d5a12cacce3f18096f25fadea8abb7202fef18ed669595589853e84260ff451?s=96&d=mm&r=g\",\"caption\":\"admin\"},\"sameAs\":[\"https:\/\/panoramaciudadano.com\"],\"url\":\"https:\/\/panoramaciudadano.com\/index.php\/author\/admin_3q6hyqq3\/\"}]}<\/script>\n<!-- \/ Yoast SEO plugin. -->","yoast_head_json":{"title":"POLIC\u00cdA DE CANC\u00daN FORTALECE LA PREVENCI\u00d3N CON JORNADAS DE PROXIMIDAD SOCIAL - Panorama Ciudadano","robots":{"index":"index","follow":"follow","max-snippet":"max-snippet:-1","max-image-preview":"max-image-preview:large","max-video-preview":"max-video-preview:-1"},"canonical":"https:\/\/panoramaciudadano.com\/index.php\/2025\/11\/28\/policia-de-cancun-fortalece-la-prevencion-con-jornadas-de-proximidad-social\/","og_locale":"es_ES","og_type":"article","og_title":"POLIC\u00cdA DE CANC\u00daN FORTALECE LA PREVENCI\u00d3N CON JORNADAS DE PROXIMIDAD SOCIAL - Panorama Ciudadano","og_description":"Participan instancias de los tres niveles de gobierno, como el Sistema DIF Benito Ju\u00e1rez y la Secretar\u00eda de Marina.","og_url":"https:\/\/panoramaciudadano.com\/index.php\/2025\/11\/28\/policia-de-cancun-fortalece-la-prevencion-con-jornadas-de-proximidad-social\/","og_site_name":"Panorama Ciudadano","article_publisher":"https:\/\/www.facebook.com\/panoramaciudadano","article_published_time":"2025-11-28T14:59:13+00:00","article_modified_time":"2025-11-28T14:59:16+00:00","og_image":[{"width":1040,"height":749,"url":"https:\/\/panoramaciudadano.com\/wp-content\/uploads\/2025\/11\/6-42.jpeg","type":"image\/jpeg"}],"author":"admin","twitter_card":"summary_large_image","twitter_misc":{"Escrito por":"admin","Tiempo de lectura":"3 minutos"},"schema":{"@context":"https:\/\/schema.org","@graph":[{"@type":"Article","@id":"https:\/\/panoramaciudadano.com\/index.php\/2025\/11\/28\/policia-de-cancun-fortalece-la-prevencion-con-jornadas-de-proximidad-social\/#article","isPartOf":{"@id":"https:\/\/panoramaciudadano.com\/index.php\/2025\/11\/28\/policia-de-cancun-fortalece-la-prevencion-con-jornadas-de-proximidad-social\/"},"author":{"name":"admin","@id":"https:\/\/panoramaciudadano.com\/#\/schema\/person\/ffe9fe8ef47d3a93977b5761fd9e0d96"},"headline":"POLIC\u00cdA DE CANC\u00daN FORTALECE LA PREVENCI\u00d3N CON JORNADAS DE PROXIMIDAD SOCIAL","datePublished":"2025-11-28T14:59:13+00:00","dateModified":"2025-11-28T14:59:16+00:00","mainEntityOfPage":{"@id":"https:\/\/panoramaciudadano.com\/index.php\/2025\/11\/28\/policia-de-cancun-fortalece-la-prevencion-con-jornadas-de-proximidad-social\/"},"wordCount":340,"commentCount":0,"publisher":{"@id":"https:\/\/panoramaciudadano.com\/#organization"},"image":{"@id":"https:\/\/panoramaciudadano.com\/index.php\/2025\/11\/28\/policia-de-cancun-fortalece-la-prevencion-con-jornadas-de-proximidad-social\/#primaryimage"},"thumbnailUrl":"https:\/\/panoramaciudadano.com\/wp-content\/uploads\/2025\/11\/6-42.jpeg","keywords":["SMSCyT"],"articleSection":["Canc\u00fan"],"inLanguage":"es","potentialAction":[{"@type":"CommentAction","name":"Comment","target":["https:\/\/panoramaciudadano.com\/index.php\/2025\/11\/28\/policia-de-cancun-fortalece-la-prevencion-con-jornadas-de-proximidad-social\/#respond"]}]},{"@type":"WebPage","@id":"https:\/\/panoramaciudadano.com\/index.php\/2025\/11\/28\/policia-de-cancun-fortalece-la-prevencion-con-jornadas-de-proximidad-social\/","url":"https:\/\/panoramaciudadano.com\/index.php\/2025\/11\/28\/policia-de-cancun-fortalece-la-prevencion-con-jornadas-de-proximidad-social\/","name":"POLIC\u00cdA DE CANC\u00daN FORTALECE LA PREVENCI\u00d3N CON JORNADAS DE PROXIMIDAD SOCIAL - Panorama Ciudadano","isPartOf":{"@id":"https:\/\/panoramaciudadano.com\/#website"},"primaryImageOfPage":{"@id":"https:\/\/panoramaciudadano.com\/index.php\/2025\/11\/28\/policia-de-cancun-fortalece-la-prevencion-con-jornadas-de-proximidad-social\/#primaryimage"},"image":{"@id":"https:\/\/panoramaciudadano.com\/index.php\/2025\/11\/28\/policia-de-cancun-fortalece-la-prevencion-con-jornadas-de-proximidad-social\/#primaryimage"},"thumbnailUrl":"https:\/\/panoramaciudadano.com\/wp-content\/uploads\/2025\/11\/6-42.jpeg","datePublished":"2025-11-28T14:59:13+00:00","dateModified":"2025-11-28T14:59:16+00:00","breadcrumb":{"@id":"https:\/\/panoramaciudadano.com\/index.php\/2025\/11\/28\/policia-de-cancun-fortalece-la-prevencion-con-jornadas-de-proximidad-social\/#breadcrumb"},"inLanguage":"es","potentialAction":[{"@type":"ReadAction","target":["https:\/\/panoramaciudadano.com\/index.php\/2025\/11\/28\/policia-de-cancun-fortalece-la-prevencion-con-jornadas-de-proximidad-social\/"]}]},{"@type":"ImageObject","inLanguage":"es","@id":"https:\/\/panoramaciudadano.com\/index.php\/2025\/11\/28\/policia-de-cancun-fortalece-la-prevencion-con-jornadas-de-proximidad-social\/#primaryimage","url":"https:\/\/panoramaciudadano.com\/wp-content\/uploads\/2025\/11\/6-42.jpeg","contentUrl":"https:\/\/panoramaciudadano.com\/wp-content\/uploads\/2025\/11\/6-42.jpeg","width":1040,"height":749},{"@type":"BreadcrumbList","@id":"https:\/\/panoramaciudadano.com\/index.php\/2025\/11\/28\/policia-de-cancun-fortalece-la-prevencion-con-jornadas-de-proximidad-social\/#breadcrumb","itemListElement":[{"@type":"ListItem","position":1,"name":"Portada","item":"https:\/\/panoramaciudadano.com\/"},{"@type":"ListItem","position":2,"name":"POLIC\u00cdA DE CANC\u00daN FORTALECE LA PREVENCI\u00d3N CON JORNADAS DE PROXIMIDAD SOCIAL"}]},{"@type":"WebSite","@id":"https:\/\/panoramaciudadano.com\/#website","url":"https:\/\/panoramaciudadano.com\/","name":"Panorama Ciudadano","description":"","publisher":{"@id":"https:\/\/panoramaciudadano.com\/#organization"},"potentialAction":[{"@type":"SearchAction","target":{"@type":"EntryPoint","urlTemplate":"https:\/\/panoramaciudadano.com\/?s={search_term_string}"},"query-input":{"@type":"PropertyValueSpecification","valueRequired":true,"valueName":"search_term_string"}}],"inLanguage":"es"},{"@type":"Organization","@id":"https:\/\/panoramaciudadano.com\/#organization","name":"Panorama Ciudadano","url":"https:\/\/panoramaciudadano.com\/","logo":{"@type":"ImageObject","inLanguage":"es","@id":"https:\/\/panoramaciudadano.com\/#\/schema\/logo\/image\/","url":"https:\/\/panoramaciudadano.com\/wp-content\/uploads\/2024\/05\/401498640_919267042938564_6290593609399108733_n.jpg","contentUrl":"https:\/\/panoramaciudadano.com\/wp-content\/uploads\/2024\/05\/401498640_919267042938564_6290593609399108733_n.jpg","width":960,"height":957,"caption":"Panorama Ciudadano"},"image":{"@id":"https:\/\/panoramaciudadano.com\/#\/schema\/logo\/image\/"},"sameAs":["https:\/\/www.facebook.com\/panoramaciudadano"]},{"@type":"Person","@id":"https:\/\/panoramaciudadano.com\/#\/schema\/person\/ffe9fe8ef47d3a93977b5761fd9e0d96","name":"admin","image":{"@type":"ImageObject","inLanguage":"es","@id":"https:\/\/panoramaciudadano.com\/#\/schema\/person\/image\/","url":"https:\/\/secure.gravatar.com\/avatar\/2d5a12cacce3f18096f25fadea8abb7202fef18ed669595589853e84260ff451?s=96&d=mm&r=g","contentUrl":"https:\/\/secure.gravatar.com\/avatar\/2d5a12cacce3f18096f25fadea8abb7202fef18ed669595589853e84260ff451?s=96&d=mm&r=g","caption":"admin"},"sameAs":["https:\/\/panoramaciudadano.com"],"url":"https:\/\/panoramaciudadano.com\/index.php\/author\/admin_3q6hyqq3\/"}]}},"_links":{"self":[{"href":"https:\/\/panoramaciudadano.com\/index.php\/wp-json\/wp\/v2\/posts\/26588","targetHints":{"allow":["GET"]}}],"collection":[{"href":"https:\/\/panoramaciudadano.com\/index.php\/wp-json\/wp\/v2\/posts"}],"about":[{"href":"https:\/\/panoramaciudadano.com\/index.php\/wp-json\/wp\/v2\/types\/post"}],"author":[{"embeddable":true,"href":"https:\/\/panoramaciudadano.com\/index.php\/wp-json\/wp\/v2\/users\/1"}],"replies":[{"embeddable":true,"href":"https:\/\/panoramaciudadano.com\/index.php\/wp-json\/wp\/v2\/comments?post=26588"}],"version-history":[{"count":1,"href":"https:\/\/panoramaciudadano.com\/index.php\/wp-json\/wp\/v2\/posts\/26588\/revisions"}],"predecessor-version":[{"id":26596,"href":"https:\/\/panoramaciudadano.com\/index.php\/wp-json\/wp\/v2\/posts\/26588\/revisions\/26596"}],"wp:featuredmedia":[{"embeddable":true,"href":"https:\/\/panoramaciudadano.com\/index.php\/wp-json\/wp\/v2\/media\/26590"}],"wp:attachment":[{"href":"https:\/\/panoramaciudadano.com\/index.php\/wp-json\/wp\/v2\/media?parent=26588"}],"wp:term":[{"taxonomy":"category","embeddable":true,"href":"https:\/\/panoramaciudadano.com\/index.php\/wp-json\/wp\/v2\/categories?post=26588"},{"taxonomy":"post_tag","embeddable":true,"href":"https:\/\/panoramaciudadano.com\/index.php\/wp-json\/wp\/v2\/tags?post=26588"}],"curies":[{"name":"wp","href":"https:\/\/api.w.org\/{rel}","templated":true}]}}