{"id":26597,"date":"2025-11-28T10:01:43","date_gmt":"2025-11-28T15:01:43","guid":{"rendered":"https:\/\/panoramaciudadano.com\/?p=26597"},"modified":"2025-11-28T10:01:46","modified_gmt":"2025-11-28T15:01:46","slug":"impulsa-ana-paty-peralta-buzon-morado-contra-la-violencia-en-la-ut","status":"publish","type":"post","link":"https:\/\/panoramaciudadano.com\/index.php\/2025\/11\/28\/impulsa-ana-paty-peralta-buzon-morado-contra-la-violencia-en-la-ut\/","title":{"rendered":"IMPULSA ANA PATY PERALTA BUZ\u00d3N MORADO CONTRA LA VIOLENCIA EN LA UT"},"content":{"rendered":"\n<figure class=\"wp-block-gallery has-nested-images columns-default is-cropped wp-block-gallery-1 is-layout-flex wp-block-gallery-is-layout-flex\">\n<figure class=\"wp-block-image size-large\"><img decoding=\"async\" width=\"1024\" height=\"682\" data-id=\"26602\" src=\"https:\/\/panoramaciudadano.com\/wp-content\/uploads\/2025\/11\/2-144-1024x682.jpeg\" alt=\"\" class=\"wp-image-26602\" srcset=\"https:\/\/panoramaciudadano.com\/wp-content\/uploads\/2025\/11\/2-144-1024x682.jpeg 1024w, https:\/\/panoramaciudadano.com\/wp-content\/uploads\/2025\/11\/2-144-300x200.jpeg 300w, https:\/\/panoramaciudadano.com\/wp-content\/uploads\/2025\/11\/2-144-768x512.jpeg 768w, https:\/\/panoramaciudadano.com\/wp-content\/uploads\/2025\/11\/2-144.jpeg 1280w\" sizes=\"(max-width: 1024px) 100vw, 1024px\" \/><\/figure>\n\n\n\n<figure class=\"wp-block-image size-large\"><img decoding=\"async\" width=\"1024\" height=\"675\" data-id=\"26601\" src=\"https:\/\/panoramaciudadano.com\/wp-content\/uploads\/2025\/11\/3-126-1024x675.jpeg\" alt=\"\" class=\"wp-image-26601\" srcset=\"https:\/\/panoramaciudadano.com\/wp-content\/uploads\/2025\/11\/3-126-1024x675.jpeg 1024w, https:\/\/panoramaciudadano.com\/wp-content\/uploads\/2025\/11\/3-126-300x198.jpeg 300w, https:\/\/panoramaciudadano.com\/wp-content\/uploads\/2025\/11\/3-126-768x506.jpeg 768w, https:\/\/panoramaciudadano.com\/wp-content\/uploads\/2025\/11\/3-126.jpeg 1280w\" sizes=\"(max-width: 1024px) 100vw, 1024px\" \/><\/figure>\n\n\n\n<figure class=\"wp-block-image size-large\"><img decoding=\"async\" width=\"1024\" height=\"682\" data-id=\"26600\" src=\"https:\/\/panoramaciudadano.com\/wp-content\/uploads\/2025\/11\/4-75-1024x682.jpeg\" alt=\"\" class=\"wp-image-26600\" srcset=\"https:\/\/panoramaciudadano.com\/wp-content\/uploads\/2025\/11\/4-75-1024x682.jpeg 1024w, https:\/\/panoramaciudadano.com\/wp-content\/uploads\/2025\/11\/4-75-300x200.jpeg 300w, https:\/\/panoramaciudadano.com\/wp-content\/uploads\/2025\/11\/4-75-768x512.jpeg 768w, https:\/\/panoramaciudadano.com\/wp-content\/uploads\/2025\/11\/4-75.jpeg 1280w\" sizes=\"(max-width: 1024px) 100vw, 1024px\" \/><\/figure>\n\n\n\n<figure class=\"wp-block-image size-large\"><img decoding=\"async\" width=\"1024\" height=\"474\" data-id=\"26599\" src=\"https:\/\/panoramaciudadano.com\/wp-content\/uploads\/2025\/11\/5-56-1024x474.jpeg\" alt=\"\" class=\"wp-image-26599\" srcset=\"https:\/\/panoramaciudadano.com\/wp-content\/uploads\/2025\/11\/5-56-1024x474.jpeg 1024w, https:\/\/panoramaciudadano.com\/wp-content\/uploads\/2025\/11\/5-56-300x139.jpeg 300w, https:\/\/panoramaciudadano.com\/wp-content\/uploads\/2025\/11\/5-56-768x355.jpeg 768w, https:\/\/panoramaciudadano.com\/wp-content\/uploads\/2025\/11\/5-56.jpeg 1280w\" sizes=\"(max-width: 1024px) 100vw, 1024px\" \/><\/figure>\n\n\n\n<figure class=\"wp-block-image size-large\"><img decoding=\"async\" width=\"1024\" height=\"622\" data-id=\"26598\" src=\"https:\/\/panoramaciudadano.com\/wp-content\/uploads\/2025\/11\/WhatsApp-Image-2025-11-28-at-08.46.23-1024x622.jpeg\" alt=\"\" class=\"wp-image-26598\" srcset=\"https:\/\/panoramaciudadano.com\/wp-content\/uploads\/2025\/11\/WhatsApp-Image-2025-11-28-at-08.46.23-1024x622.jpeg 1024w, https:\/\/panoramaciudadano.com\/wp-content\/uploads\/2025\/11\/WhatsApp-Image-2025-11-28-at-08.46.23-300x182.jpeg 300w, https:\/\/panoramaciudadano.com\/wp-content\/uploads\/2025\/11\/WhatsApp-Image-2025-11-28-at-08.46.23-768x467.jpeg 768w, https:\/\/panoramaciudadano.com\/wp-content\/uploads\/2025\/11\/WhatsApp-Image-2025-11-28-at-08.46.23.jpeg 1280w\" sizes=\"(max-width: 1024px) 100vw, 1024px\" \/><\/figure>\n<\/figure>\n\n\n\n<p>En el marco de la campa\u00f1a \u201c16 D\u00edas de Activismo: Unidos contra la Violencia hacia las Mujeres y las Ni\u00f1as\u201d, la Presidenta Municipal, Ana Paty Peralta, instal\u00f3 un Buz\u00f3n Morado en la Universidad Tecnol\u00f3gica de Canc\u00fan (UT), como una acci\u00f3n que busca promover un ambiente de respeto dentro de la comunidad estudiantil y brindar apoyo a quienes lo necesiten, para que puedan vivir de manera plena y libre de violencia.<\/p>\n\n\n\n<p>Durante su encuentro con estudiantes de diversas carreras, la Alcaldesa destac\u00f3 la importancia de reconocer las se\u00f1ales de alerta en las relaciones interpersonales. \u201cHoy no trabajamos aislados, todos somos un equipo. Muchas historias empiezan con frases lindas: \u2018me preocupo por ti\u2019, \u2018te amo\u2019, \u2018quiero lo mejor para ti\u2019. Pero un d\u00eda pueden transformarse en: \u2018no te pongas eso\u2019, \u2018no hables con esa persona\u2019. Poco a poco, algo que parec\u00eda amor o amistad se convierte en control y miedo\u201d, se\u00f1al\u00f3.<\/p>\n\n\n\n<p>En su mensaje, explic\u00f3 a las y los j\u00f3venes que no es normal denigrar a alguien \u201cjugando\u201d, excluirlo o humillarlo para encajar en un grupo. Tampoco lo es revisar la privacidad del celular en el noviazgo u otras conductas que constituyen violencia. \u201cQuiero pedirles que siempre pongan l\u00edmites. Ustedes son valiosos\u201d, enfatiz\u00f3.<\/p>\n\n\n\n<p>Por su parte, el rector de la UT, Enrique Ba\u00f1os Abedum de Lima, inform\u00f3 que 2 mil 50 estudiantes de ambos turnos han participado en pl\u00e1ticas de prevenci\u00f3n de la violencia gracias a la coordinaci\u00f3n con el GEAVIG, por lo que este trabajo conjunto impuls\u00f3 la instalaci\u00f3n del Buz\u00f3n Morado en distintos puntos del campus: Servicios Escolares, edificio D, biblioteca y acceso principal, fortaleciendo as\u00ed la cultura de paz, el respeto, la dignidad y los derechos humanos.<\/p>\n\n\n\n<p>Asimismo, la directora del Grupo Especializado de Atenci\u00f3n a la Violencia Familiar y de G\u00e9nero (GEAVIG), Gabriela Monserrat Balboa Victorio, se\u00f1al\u00f3 que los Buzones Morados son espacios seguros para recibir denuncias o quejas an\u00f3nimas sobre situaciones de violencia familiar o sexual que cualquier integrante de la comunidad desee reportar. La dependencia se encarga de intervenir, atender y canalizar cada caso.<\/p>\n\n\n\n<p>Posteriormente, autoridades municipales, acad\u00e9micas y estudiantes realizaron el corte de list\u00f3n inaugural del nuevo Buz\u00f3n Morado, el cual incluye un c\u00f3digo QR que permite establecer comunicaci\u00f3n directa e inmediata con el GEAVIG para presentar denuncias y dar seguimiento oportuno.<\/p>\n\n\n\n<hr class=\"wp-block-separator has-alpha-channel-opacity\"\/>\n","protected":false},"excerpt":{"rendered":"<p>En el marco de la campa\u00f1a \u201c16 D\u00edas de Activismo: Unidos contra la Violencia hacia las Mujeres y las Ni\u00f1as\u201d, la Presidenta Municipal, Ana Paty Peralta, instal\u00f3 un Buz\u00f3n Morado en la Universidad Tecnol\u00f3gica de Canc\u00fan (UT), como una acci\u00f3n que busca promover un ambiente de respeto dentro de la comunidad estudiantil y brindar apoyo a quienes lo necesiten, para que puedan vivir de manera plena y libre de violencia.<\/p>\n","protected":false},"author":1,"featured_media":26600,"comment_status":"open","ping_status":"closed","sticky":false,"template":"","format":"standard","meta":{"footnotes":""},"categories":[6],"tags":[145],"class_list":["post-26597","post","type-post","status-publish","format-standard","has-post-thumbnail","hentry","category-cancun","tag-ana-paty-peralta"],"yoast_head":"<!-- This site is optimized with the Yoast SEO plugin v27.1.1 - https:\/\/yoast.com\/product\/yoast-seo-wordpress\/ -->\n<title>IMPULSA ANA PATY PERALTA BUZ\u00d3N MORADO CONTRA LA VIOLENCIA EN LA UT - Panorama Ciudadano<\/title>\n<meta name=\"robots\" content=\"index, follow, max-snippet:-1, max-image-preview:large, max-video-preview:-1\" \/>\n<link rel=\"canonical\" href=\"https:\/\/panoramaciudadano.com\/index.php\/2025\/11\/28\/impulsa-ana-paty-peralta-buzon-morado-contra-la-violencia-en-la-ut\/\" \/>\n<meta property=\"og:locale\" content=\"es_ES\" \/>\n<meta property=\"og:type\" content=\"article\" \/>\n<meta property=\"og:title\" content=\"IMPULSA ANA PATY PERALTA BUZ\u00d3N MORADO CONTRA LA VIOLENCIA EN LA UT - Panorama Ciudadano\" \/>\n<meta property=\"og:description\" content=\"En el marco de la campa\u00f1a \u201c16 D\u00edas de Activismo: Unidos contra la Violencia hacia las Mujeres y las Ni\u00f1as\u201d, la Presidenta Municipal, Ana Paty Peralta, instal\u00f3 un Buz\u00f3n Morado en la Universidad Tecnol\u00f3gica de Canc\u00fan (UT), como una acci\u00f3n que busca promover un ambiente de respeto dentro de la comunidad estudiantil y brindar apoyo a quienes lo necesiten, para que puedan vivir de manera plena y libre de violencia.\" \/>\n<meta property=\"og:url\" content=\"https:\/\/panoramaciudadano.com\/index.php\/2025\/11\/28\/impulsa-ana-paty-peralta-buzon-morado-contra-la-violencia-en-la-ut\/\" \/>\n<meta property=\"og:site_name\" content=\"Panorama Ciudadano\" \/>\n<meta property=\"article:publisher\" content=\"https:\/\/www.facebook.com\/panoramaciudadano\" \/>\n<meta property=\"article:published_time\" content=\"2025-11-28T15:01:43+00:00\" \/>\n<meta property=\"article:modified_time\" content=\"2025-11-28T15:01:46+00:00\" \/>\n<meta property=\"og:image\" content=\"https:\/\/panoramaciudadano.com\/wp-content\/uploads\/2025\/11\/4-75.jpeg\" \/>\n\t<meta property=\"og:image:width\" content=\"1280\" \/>\n\t<meta property=\"og:image:height\" content=\"853\" \/>\n\t<meta property=\"og:image:type\" content=\"image\/jpeg\" \/>\n<meta name=\"author\" content=\"admin\" \/>\n<meta name=\"twitter:card\" content=\"summary_large_image\" \/>\n<meta name=\"twitter:label1\" content=\"Escrito por\" \/>\n\t<meta name=\"twitter:data1\" content=\"admin\" \/>\n\t<meta name=\"twitter:label2\" content=\"Tiempo de lectura\" \/>\n\t<meta name=\"twitter:data2\" content=\"3 minutos\" \/>\n<script type=\"application\/ld+json\" class=\"yoast-schema-graph\">{\"@context\":\"https:\/\/schema.org\",\"@graph\":[{\"@type\":\"Article\",\"@id\":\"https:\/\/panoramaciudadano.com\/index.php\/2025\/11\/28\/impulsa-ana-paty-peralta-buzon-morado-contra-la-violencia-en-la-ut\/#article\",\"isPartOf\":{\"@id\":\"https:\/\/panoramaciudadano.com\/index.php\/2025\/11\/28\/impulsa-ana-paty-peralta-buzon-morado-contra-la-violencia-en-la-ut\/\"},\"author\":{\"name\":\"admin\",\"@id\":\"https:\/\/panoramaciudadano.com\/#\/schema\/person\/ffe9fe8ef47d3a93977b5761fd9e0d96\"},\"headline\":\"IMPULSA ANA PATY PERALTA BUZ\u00d3N MORADO CONTRA LA VIOLENCIA EN LA UT\",\"datePublished\":\"2025-11-28T15:01:43+00:00\",\"dateModified\":\"2025-11-28T15:01:46+00:00\",\"mainEntityOfPage\":{\"@id\":\"https:\/\/panoramaciudadano.com\/index.php\/2025\/11\/28\/impulsa-ana-paty-peralta-buzon-morado-contra-la-violencia-en-la-ut\/\"},\"wordCount\":415,\"commentCount\":0,\"publisher\":{\"@id\":\"https:\/\/panoramaciudadano.com\/#organization\"},\"image\":{\"@id\":\"https:\/\/panoramaciudadano.com\/index.php\/2025\/11\/28\/impulsa-ana-paty-peralta-buzon-morado-contra-la-violencia-en-la-ut\/#primaryimage\"},\"thumbnailUrl\":\"https:\/\/panoramaciudadano.com\/wp-content\/uploads\/2025\/11\/4-75.jpeg\",\"keywords\":[\"Ana Paty Peralta\"],\"articleSection\":[\"Canc\u00fan\"],\"inLanguage\":\"es\",\"potentialAction\":[{\"@type\":\"CommentAction\",\"name\":\"Comment\",\"target\":[\"https:\/\/panoramaciudadano.com\/index.php\/2025\/11\/28\/impulsa-ana-paty-peralta-buzon-morado-contra-la-violencia-en-la-ut\/#respond\"]}]},{\"@type\":\"WebPage\",\"@id\":\"https:\/\/panoramaciudadano.com\/index.php\/2025\/11\/28\/impulsa-ana-paty-peralta-buzon-morado-contra-la-violencia-en-la-ut\/\",\"url\":\"https:\/\/panoramaciudadano.com\/index.php\/2025\/11\/28\/impulsa-ana-paty-peralta-buzon-morado-contra-la-violencia-en-la-ut\/\",\"name\":\"IMPULSA ANA PATY PERALTA BUZ\u00d3N MORADO CONTRA LA VIOLENCIA EN LA UT - Panorama Ciudadano\",\"isPartOf\":{\"@id\":\"https:\/\/panoramaciudadano.com\/#website\"},\"primaryImageOfPage\":{\"@id\":\"https:\/\/panoramaciudadano.com\/index.php\/2025\/11\/28\/impulsa-ana-paty-peralta-buzon-morado-contra-la-violencia-en-la-ut\/#primaryimage\"},\"image\":{\"@id\":\"https:\/\/panoramaciudadano.com\/index.php\/2025\/11\/28\/impulsa-ana-paty-peralta-buzon-morado-contra-la-violencia-en-la-ut\/#primaryimage\"},\"thumbnailUrl\":\"https:\/\/panoramaciudadano.com\/wp-content\/uploads\/2025\/11\/4-75.jpeg\",\"datePublished\":\"2025-11-28T15:01:43+00:00\",\"dateModified\":\"2025-11-28T15:01:46+00:00\",\"breadcrumb\":{\"@id\":\"https:\/\/panoramaciudadano.com\/index.php\/2025\/11\/28\/impulsa-ana-paty-peralta-buzon-morado-contra-la-violencia-en-la-ut\/#breadcrumb\"},\"inLanguage\":\"es\",\"potentialAction\":[{\"@type\":\"ReadAction\",\"target\":[\"https:\/\/panoramaciudadano.com\/index.php\/2025\/11\/28\/impulsa-ana-paty-peralta-buzon-morado-contra-la-violencia-en-la-ut\/\"]}]},{\"@type\":\"ImageObject\",\"inLanguage\":\"es\",\"@id\":\"https:\/\/panoramaciudadano.com\/index.php\/2025\/11\/28\/impulsa-ana-paty-peralta-buzon-morado-contra-la-violencia-en-la-ut\/#primaryimage\",\"url\":\"https:\/\/panoramaciudadano.com\/wp-content\/uploads\/2025\/11\/4-75.jpeg\",\"contentUrl\":\"https:\/\/panoramaciudadano.com\/wp-content\/uploads\/2025\/11\/4-75.jpeg\",\"width\":1280,\"height\":853},{\"@type\":\"BreadcrumbList\",\"@id\":\"https:\/\/panoramaciudadano.com\/index.php\/2025\/11\/28\/impulsa-ana-paty-peralta-buzon-morado-contra-la-violencia-en-la-ut\/#breadcrumb\",\"itemListElement\":[{\"@type\":\"ListItem\",\"position\":1,\"name\":\"Portada\",\"item\":\"https:\/\/panoramaciudadano.com\/\"},{\"@type\":\"ListItem\",\"position\":2,\"name\":\"IMPULSA ANA PATY PERALTA BUZ\u00d3N MORADO CONTRA LA VIOLENCIA EN LA UT\"}]},{\"@type\":\"WebSite\",\"@id\":\"https:\/\/panoramaciudadano.com\/#website\",\"url\":\"https:\/\/panoramaciudadano.com\/\",\"name\":\"Panorama Ciudadano\",\"description\":\"\",\"publisher\":{\"@id\":\"https:\/\/panoramaciudadano.com\/#organization\"},\"potentialAction\":[{\"@type\":\"SearchAction\",\"target\":{\"@type\":\"EntryPoint\",\"urlTemplate\":\"https:\/\/panoramaciudadano.com\/?s={search_term_string}\"},\"query-input\":{\"@type\":\"PropertyValueSpecification\",\"valueRequired\":true,\"valueName\":\"search_term_string\"}}],\"inLanguage\":\"es\"},{\"@type\":\"Organization\",\"@id\":\"https:\/\/panoramaciudadano.com\/#organization\",\"name\":\"Panorama Ciudadano\",\"url\":\"https:\/\/panoramaciudadano.com\/\",\"logo\":{\"@type\":\"ImageObject\",\"inLanguage\":\"es\",\"@id\":\"https:\/\/panoramaciudadano.com\/#\/schema\/logo\/image\/\",\"url\":\"https:\/\/panoramaciudadano.com\/wp-content\/uploads\/2024\/05\/401498640_919267042938564_6290593609399108733_n.jpg\",\"contentUrl\":\"https:\/\/panoramaciudadano.com\/wp-content\/uploads\/2024\/05\/401498640_919267042938564_6290593609399108733_n.jpg\",\"width\":960,\"height\":957,\"caption\":\"Panorama Ciudadano\"},\"image\":{\"@id\":\"https:\/\/panoramaciudadano.com\/#\/schema\/logo\/image\/\"},\"sameAs\":[\"https:\/\/www.facebook.com\/panoramaciudadano\"]},{\"@type\":\"Person\",\"@id\":\"https:\/\/panoramaciudadano.com\/#\/schema\/person\/ffe9fe8ef47d3a93977b5761fd9e0d96\",\"name\":\"admin\",\"image\":{\"@type\":\"ImageObject\",\"inLanguage\":\"es\",\"@id\":\"https:\/\/panoramaciudadano.com\/#\/schema\/person\/image\/\",\"url\":\"https:\/\/secure.gravatar.com\/avatar\/2d5a12cacce3f18096f25fadea8abb7202fef18ed669595589853e84260ff451?s=96&d=mm&r=g\",\"contentUrl\":\"https:\/\/secure.gravatar.com\/avatar\/2d5a12cacce3f18096f25fadea8abb7202fef18ed669595589853e84260ff451?s=96&d=mm&r=g\",\"caption\":\"admin\"},\"sameAs\":[\"https:\/\/panoramaciudadano.com\"],\"url\":\"https:\/\/panoramaciudadano.com\/index.php\/author\/admin_3q6hyqq3\/\"}]}<\/script>\n<!-- \/ Yoast SEO plugin. -->","yoast_head_json":{"title":"IMPULSA ANA PATY PERALTA BUZ\u00d3N MORADO CONTRA LA VIOLENCIA EN LA UT - Panorama Ciudadano","robots":{"index":"index","follow":"follow","max-snippet":"max-snippet:-1","max-image-preview":"max-image-preview:large","max-video-preview":"max-video-preview:-1"},"canonical":"https:\/\/panoramaciudadano.com\/index.php\/2025\/11\/28\/impulsa-ana-paty-peralta-buzon-morado-contra-la-violencia-en-la-ut\/","og_locale":"es_ES","og_type":"article","og_title":"IMPULSA ANA PATY PERALTA BUZ\u00d3N MORADO CONTRA LA VIOLENCIA EN LA UT - Panorama Ciudadano","og_description":"En el marco de la campa\u00f1a \u201c16 D\u00edas de Activismo: Unidos contra la Violencia hacia las Mujeres y las Ni\u00f1as\u201d, la Presidenta Municipal, Ana Paty Peralta, instal\u00f3 un Buz\u00f3n Morado en la Universidad Tecnol\u00f3gica de Canc\u00fan (UT), como una acci\u00f3n que busca promover un ambiente de respeto dentro de la comunidad estudiantil y brindar apoyo a quienes lo necesiten, para que puedan vivir de manera plena y libre de violencia.","og_url":"https:\/\/panoramaciudadano.com\/index.php\/2025\/11\/28\/impulsa-ana-paty-peralta-buzon-morado-contra-la-violencia-en-la-ut\/","og_site_name":"Panorama Ciudadano","article_publisher":"https:\/\/www.facebook.com\/panoramaciudadano","article_published_time":"2025-11-28T15:01:43+00:00","article_modified_time":"2025-11-28T15:01:46+00:00","og_image":[{"width":1280,"height":853,"url":"https:\/\/panoramaciudadano.com\/wp-content\/uploads\/2025\/11\/4-75.jpeg","type":"image\/jpeg"}],"author":"admin","twitter_card":"summary_large_image","twitter_misc":{"Escrito por":"admin","Tiempo de lectura":"3 minutos"},"schema":{"@context":"https:\/\/schema.org","@graph":[{"@type":"Article","@id":"https:\/\/panoramaciudadano.com\/index.php\/2025\/11\/28\/impulsa-ana-paty-peralta-buzon-morado-contra-la-violencia-en-la-ut\/#article","isPartOf":{"@id":"https:\/\/panoramaciudadano.com\/index.php\/2025\/11\/28\/impulsa-ana-paty-peralta-buzon-morado-contra-la-violencia-en-la-ut\/"},"author":{"name":"admin","@id":"https:\/\/panoramaciudadano.com\/#\/schema\/person\/ffe9fe8ef47d3a93977b5761fd9e0d96"},"headline":"IMPULSA ANA PATY PERALTA BUZ\u00d3N MORADO CONTRA LA VIOLENCIA EN LA UT","datePublished":"2025-11-28T15:01:43+00:00","dateModified":"2025-11-28T15:01:46+00:00","mainEntityOfPage":{"@id":"https:\/\/panoramaciudadano.com\/index.php\/2025\/11\/28\/impulsa-ana-paty-peralta-buzon-morado-contra-la-violencia-en-la-ut\/"},"wordCount":415,"commentCount":0,"publisher":{"@id":"https:\/\/panoramaciudadano.com\/#organization"},"image":{"@id":"https:\/\/panoramaciudadano.com\/index.php\/2025\/11\/28\/impulsa-ana-paty-peralta-buzon-morado-contra-la-violencia-en-la-ut\/#primaryimage"},"thumbnailUrl":"https:\/\/panoramaciudadano.com\/wp-content\/uploads\/2025\/11\/4-75.jpeg","keywords":["Ana Paty Peralta"],"articleSection":["Canc\u00fan"],"inLanguage":"es","potentialAction":[{"@type":"CommentAction","name":"Comment","target":["https:\/\/panoramaciudadano.com\/index.php\/2025\/11\/28\/impulsa-ana-paty-peralta-buzon-morado-contra-la-violencia-en-la-ut\/#respond"]}]},{"@type":"WebPage","@id":"https:\/\/panoramaciudadano.com\/index.php\/2025\/11\/28\/impulsa-ana-paty-peralta-buzon-morado-contra-la-violencia-en-la-ut\/","url":"https:\/\/panoramaciudadano.com\/index.php\/2025\/11\/28\/impulsa-ana-paty-peralta-buzon-morado-contra-la-violencia-en-la-ut\/","name":"IMPULSA ANA PATY PERALTA BUZ\u00d3N MORADO CONTRA LA VIOLENCIA EN LA UT - Panorama Ciudadano","isPartOf":{"@id":"https:\/\/panoramaciudadano.com\/#website"},"primaryImageOfPage":{"@id":"https:\/\/panoramaciudadano.com\/index.php\/2025\/11\/28\/impulsa-ana-paty-peralta-buzon-morado-contra-la-violencia-en-la-ut\/#primaryimage"},"image":{"@id":"https:\/\/panoramaciudadano.com\/index.php\/2025\/11\/28\/impulsa-ana-paty-peralta-buzon-morado-contra-la-violencia-en-la-ut\/#primaryimage"},"thumbnailUrl":"https:\/\/panoramaciudadano.com\/wp-content\/uploads\/2025\/11\/4-75.jpeg","datePublished":"2025-11-28T15:01:43+00:00","dateModified":"2025-11-28T15:01:46+00:00","breadcrumb":{"@id":"https:\/\/panoramaciudadano.com\/index.php\/2025\/11\/28\/impulsa-ana-paty-peralta-buzon-morado-contra-la-violencia-en-la-ut\/#breadcrumb"},"inLanguage":"es","potentialAction":[{"@type":"ReadAction","target":["https:\/\/panoramaciudadano.com\/index.php\/2025\/11\/28\/impulsa-ana-paty-peralta-buzon-morado-contra-la-violencia-en-la-ut\/"]}]},{"@type":"ImageObject","inLanguage":"es","@id":"https:\/\/panoramaciudadano.com\/index.php\/2025\/11\/28\/impulsa-ana-paty-peralta-buzon-morado-contra-la-violencia-en-la-ut\/#primaryimage","url":"https:\/\/panoramaciudadano.com\/wp-content\/uploads\/2025\/11\/4-75.jpeg","contentUrl":"https:\/\/panoramaciudadano.com\/wp-content\/uploads\/2025\/11\/4-75.jpeg","width":1280,"height":853},{"@type":"BreadcrumbList","@id":"https:\/\/panoramaciudadano.com\/index.php\/2025\/11\/28\/impulsa-ana-paty-peralta-buzon-morado-contra-la-violencia-en-la-ut\/#breadcrumb","itemListElement":[{"@type":"ListItem","position":1,"name":"Portada","item":"https:\/\/panoramaciudadano.com\/"},{"@type":"ListItem","position":2,"name":"IMPULSA ANA PATY PERALTA BUZ\u00d3N MORADO CONTRA LA VIOLENCIA EN LA UT"}]},{"@type":"WebSite","@id":"https:\/\/panoramaciudadano.com\/#website","url":"https:\/\/panoramaciudadano.com\/","name":"Panorama Ciudadano","description":"","publisher":{"@id":"https:\/\/panoramaciudadano.com\/#organization"},"potentialAction":[{"@type":"SearchAction","target":{"@type":"EntryPoint","urlTemplate":"https:\/\/panoramaciudadano.com\/?s={search_term_string}"},"query-input":{"@type":"PropertyValueSpecification","valueRequired":true,"valueName":"search_term_string"}}],"inLanguage":"es"},{"@type":"Organization","@id":"https:\/\/panoramaciudadano.com\/#organization","name":"Panorama Ciudadano","url":"https:\/\/panoramaciudadano.com\/","logo":{"@type":"ImageObject","inLanguage":"es","@id":"https:\/\/panoramaciudadano.com\/#\/schema\/logo\/image\/","url":"https:\/\/panoramaciudadano.com\/wp-content\/uploads\/2024\/05\/401498640_919267042938564_6290593609399108733_n.jpg","contentUrl":"https:\/\/panoramaciudadano.com\/wp-content\/uploads\/2024\/05\/401498640_919267042938564_6290593609399108733_n.jpg","width":960,"height":957,"caption":"Panorama Ciudadano"},"image":{"@id":"https:\/\/panoramaciudadano.com\/#\/schema\/logo\/image\/"},"sameAs":["https:\/\/www.facebook.com\/panoramaciudadano"]},{"@type":"Person","@id":"https:\/\/panoramaciudadano.com\/#\/schema\/person\/ffe9fe8ef47d3a93977b5761fd9e0d96","name":"admin","image":{"@type":"ImageObject","inLanguage":"es","@id":"https:\/\/panoramaciudadano.com\/#\/schema\/person\/image\/","url":"https:\/\/secure.gravatar.com\/avatar\/2d5a12cacce3f18096f25fadea8abb7202fef18ed669595589853e84260ff451?s=96&d=mm&r=g","contentUrl":"https:\/\/secure.gravatar.com\/avatar\/2d5a12cacce3f18096f25fadea8abb7202fef18ed669595589853e84260ff451?s=96&d=mm&r=g","caption":"admin"},"sameAs":["https:\/\/panoramaciudadano.com"],"url":"https:\/\/panoramaciudadano.com\/index.php\/author\/admin_3q6hyqq3\/"}]}},"_links":{"self":[{"href":"https:\/\/panoramaciudadano.com\/index.php\/wp-json\/wp\/v2\/posts\/26597","targetHints":{"allow":["GET"]}}],"collection":[{"href":"https:\/\/panoramaciudadano.com\/index.php\/wp-json\/wp\/v2\/posts"}],"about":[{"href":"https:\/\/panoramaciudadano.com\/index.php\/wp-json\/wp\/v2\/types\/post"}],"author":[{"embeddable":true,"href":"https:\/\/panoramaciudadano.com\/index.php\/wp-json\/wp\/v2\/users\/1"}],"replies":[{"embeddable":true,"href":"https:\/\/panoramaciudadano.com\/index.php\/wp-json\/wp\/v2\/comments?post=26597"}],"version-history":[{"count":1,"href":"https:\/\/panoramaciudadano.com\/index.php\/wp-json\/wp\/v2\/posts\/26597\/revisions"}],"predecessor-version":[{"id":26603,"href":"https:\/\/panoramaciudadano.com\/index.php\/wp-json\/wp\/v2\/posts\/26597\/revisions\/26603"}],"wp:featuredmedia":[{"embeddable":true,"href":"https:\/\/panoramaciudadano.com\/index.php\/wp-json\/wp\/v2\/media\/26600"}],"wp:attachment":[{"href":"https:\/\/panoramaciudadano.com\/index.php\/wp-json\/wp\/v2\/media?parent=26597"}],"wp:term":[{"taxonomy":"category","embeddable":true,"href":"https:\/\/panoramaciudadano.com\/index.php\/wp-json\/wp\/v2\/categories?post=26597"},{"taxonomy":"post_tag","embeddable":true,"href":"https:\/\/panoramaciudadano.com\/index.php\/wp-json\/wp\/v2\/tags?post=26597"}],"curies":[{"name":"wp","href":"https:\/\/api.w.org\/{rel}","templated":true}]}}