{"id":26604,"date":"2025-11-28T10:02:49","date_gmt":"2025-11-28T15:02:49","guid":{"rendered":"https:\/\/panoramaciudadano.com\/?p=26604"},"modified":"2025-11-28T10:02:52","modified_gmt":"2025-11-28T15:02:52","slug":"aprueba-cabildo-de-benito-juarez-subsidios-para-impuesto-predial-2026","status":"publish","type":"post","link":"https:\/\/panoramaciudadano.com\/index.php\/2025\/11\/28\/aprueba-cabildo-de-benito-juarez-subsidios-para-impuesto-predial-2026\/","title":{"rendered":"APRUEBA CABILDO DE BENITO JU\u00c1REZ SUBSIDIOS PARA IMPUESTO PREDIAL 2026"},"content":{"rendered":"\n<figure class=\"wp-block-image size-large\"><img decoding=\"async\" width=\"1024\" height=\"678\" src=\"https:\/\/panoramaciudadano.com\/wp-content\/uploads\/2025\/11\/WhatsApp-Image-2025-11-28-at-08.50.57-1024x678.jpeg\" alt=\"\" class=\"wp-image-26605\" srcset=\"https:\/\/panoramaciudadano.com\/wp-content\/uploads\/2025\/11\/WhatsApp-Image-2025-11-28-at-08.50.57-1024x678.jpeg 1024w, https:\/\/panoramaciudadano.com\/wp-content\/uploads\/2025\/11\/WhatsApp-Image-2025-11-28-at-08.50.57-300x199.jpeg 300w, https:\/\/panoramaciudadano.com\/wp-content\/uploads\/2025\/11\/WhatsApp-Image-2025-11-28-at-08.50.57-768x509.jpeg 768w, https:\/\/panoramaciudadano.com\/wp-content\/uploads\/2025\/11\/WhatsApp-Image-2025-11-28-at-08.50.57.jpeg 1280w\" sizes=\"(max-width: 1024px) 100vw, 1024px\" \/><\/figure>\n\n\n\n<p>En el marco de la Vig\u00e9simo Novena Sesi\u00f3n Ordinaria, encabezada por la Presidenta Municipal, Ana Paty Peralta, el Cabildo de Benito Ju\u00e1rez aprob\u00f3 por unanimidad el porcentaje de descuento que como subsidio fiscal ser\u00e1 aplicado para el pago del impuesto predial correspondiente al ejercicio fiscal 2026.<\/p>\n\n\n\n<p>Se destac\u00f3 que para apoyar la econom\u00eda familiar, los incentivos quedar\u00e1n de la siguiente manera: del 7 al 21 de enero, los contribuyentes tendr\u00e1n 15 por ciento de descuento; del 22 de enero al 15 de febrero, 10 por ciento y del 16 de febrero al 15 de marzo, un cinco por ciento en ese concepto.<\/p>\n\n\n\n<p>Tambi\u00e9n, para personas con discapacidad, pensionadas, jubiladas y adultos mayores con credencial del Instituto Nacional de las Personas Adultas Mayores (INAPAM), antes Instituto Nacional de la Senectud (INSEN), se indic\u00f3 que el apoyo ser\u00e1 de 50 por ciento.<\/p>\n\n\n\n<p>En otros temas, los regidores avalaron por unanimidad celebrar un convenio de colaboraci\u00f3n con servicios de salud del Instituto Mexicano del Seguro Social para el Bienestar (IMSS-Bienestar), para la instalaci\u00f3n de un m\u00f3dulo con el objeto de incorporar y registrar a la poblaci\u00f3n sin seguridad social<\/p>\n\n\n\n<p>Tambi\u00e9n aceptaron celebrar otros dos convenios de colaboraci\u00f3n con la Comisi\u00f3n de Derechos Humanos del Estado de Quintana Roo, uno general y otro espec\u00edfico, para el dise\u00f1o e implementaci\u00f3n de un programa de capacitaci\u00f3n sobre ese rubro dirigido a servidores p\u00fablicos y ciudadan\u00eda en general.<\/p>\n\n\n\n<p>De igual forma, dicho cuerpo cabildar aval\u00f3 por unanimidad de votos turnar a comisiones unidas la iniciativa que contempla modificaciones relativas al Reglamento Interior de la Oficial\u00eda Mayor.<\/p>\n\n\n\n<hr class=\"wp-block-separator has-alpha-channel-opacity\"\/>\n","protected":false},"excerpt":{"rendered":"<p>En el marco de la Vig\u00e9simo Novena Sesi\u00f3n Ordinaria, encabezada por la Presidenta Municipal, Ana Paty Peralta, el Cabildo de Benito Ju\u00e1rez aprob\u00f3 por unanimidad el porcentaje de descuento que como subsidio fiscal ser\u00e1 aplicado para el pago del impuesto predial correspondiente al ejercicio fiscal 2026.<\/p>\n","protected":false},"author":1,"featured_media":26605,"comment_status":"open","ping_status":"closed","sticky":false,"template":"","format":"standard","meta":{"footnotes":""},"categories":[6],"tags":[145],"class_list":["post-26604","post","type-post","status-publish","format-standard","has-post-thumbnail","hentry","category-cancun","tag-ana-paty-peralta"],"yoast_head":"<!-- This site is optimized with the Yoast SEO plugin v27.1.1 - https:\/\/yoast.com\/product\/yoast-seo-wordpress\/ -->\n<title>APRUEBA CABILDO DE BENITO JU\u00c1REZ SUBSIDIOS PARA IMPUESTO PREDIAL 2026 - Panorama Ciudadano<\/title>\n<meta name=\"robots\" content=\"index, follow, max-snippet:-1, max-image-preview:large, max-video-preview:-1\" \/>\n<link rel=\"canonical\" href=\"https:\/\/panoramaciudadano.com\/index.php\/2025\/11\/28\/aprueba-cabildo-de-benito-juarez-subsidios-para-impuesto-predial-2026\/\" \/>\n<meta property=\"og:locale\" content=\"es_ES\" \/>\n<meta property=\"og:type\" content=\"article\" \/>\n<meta property=\"og:title\" content=\"APRUEBA CABILDO DE BENITO JU\u00c1REZ SUBSIDIOS PARA IMPUESTO PREDIAL 2026 - Panorama Ciudadano\" \/>\n<meta property=\"og:description\" content=\"En el marco de la Vig\u00e9simo Novena Sesi\u00f3n Ordinaria, encabezada por la Presidenta Municipal, Ana Paty Peralta, el Cabildo de Benito Ju\u00e1rez aprob\u00f3 por unanimidad el porcentaje de descuento que como subsidio fiscal ser\u00e1 aplicado para el pago del impuesto predial correspondiente al ejercicio fiscal 2026.\" \/>\n<meta property=\"og:url\" content=\"https:\/\/panoramaciudadano.com\/index.php\/2025\/11\/28\/aprueba-cabildo-de-benito-juarez-subsidios-para-impuesto-predial-2026\/\" \/>\n<meta property=\"og:site_name\" content=\"Panorama Ciudadano\" \/>\n<meta property=\"article:publisher\" content=\"https:\/\/www.facebook.com\/panoramaciudadano\" \/>\n<meta property=\"article:published_time\" content=\"2025-11-28T15:02:49+00:00\" \/>\n<meta property=\"article:modified_time\" content=\"2025-11-28T15:02:52+00:00\" \/>\n<meta property=\"og:image\" content=\"https:\/\/panoramaciudadano.com\/wp-content\/uploads\/2025\/11\/WhatsApp-Image-2025-11-28-at-08.50.57.jpeg\" \/>\n\t<meta property=\"og:image:width\" content=\"1280\" \/>\n\t<meta property=\"og:image:height\" content=\"848\" \/>\n\t<meta property=\"og:image:type\" content=\"image\/jpeg\" \/>\n<meta name=\"author\" content=\"admin\" \/>\n<meta name=\"twitter:card\" content=\"summary_large_image\" \/>\n<meta name=\"twitter:label1\" content=\"Escrito por\" \/>\n\t<meta name=\"twitter:data1\" content=\"admin\" \/>\n\t<meta name=\"twitter:label2\" content=\"Tiempo de lectura\" \/>\n\t<meta name=\"twitter:data2\" content=\"2 minutos\" \/>\n<script type=\"application\/ld+json\" class=\"yoast-schema-graph\">{\"@context\":\"https:\/\/schema.org\",\"@graph\":[{\"@type\":\"Article\",\"@id\":\"https:\/\/panoramaciudadano.com\/index.php\/2025\/11\/28\/aprueba-cabildo-de-benito-juarez-subsidios-para-impuesto-predial-2026\/#article\",\"isPartOf\":{\"@id\":\"https:\/\/panoramaciudadano.com\/index.php\/2025\/11\/28\/aprueba-cabildo-de-benito-juarez-subsidios-para-impuesto-predial-2026\/\"},\"author\":{\"name\":\"admin\",\"@id\":\"https:\/\/panoramaciudadano.com\/#\/schema\/person\/ffe9fe8ef47d3a93977b5761fd9e0d96\"},\"headline\":\"APRUEBA CABILDO DE BENITO JU\u00c1REZ SUBSIDIOS PARA IMPUESTO PREDIAL 2026\",\"datePublished\":\"2025-11-28T15:02:49+00:00\",\"dateModified\":\"2025-11-28T15:02:52+00:00\",\"mainEntityOfPage\":{\"@id\":\"https:\/\/panoramaciudadano.com\/index.php\/2025\/11\/28\/aprueba-cabildo-de-benito-juarez-subsidios-para-impuesto-predial-2026\/\"},\"wordCount\":280,\"commentCount\":0,\"publisher\":{\"@id\":\"https:\/\/panoramaciudadano.com\/#organization\"},\"image\":{\"@id\":\"https:\/\/panoramaciudadano.com\/index.php\/2025\/11\/28\/aprueba-cabildo-de-benito-juarez-subsidios-para-impuesto-predial-2026\/#primaryimage\"},\"thumbnailUrl\":\"https:\/\/panoramaciudadano.com\/wp-content\/uploads\/2025\/11\/WhatsApp-Image-2025-11-28-at-08.50.57.jpeg\",\"keywords\":[\"Ana Paty Peralta\"],\"articleSection\":[\"Canc\u00fan\"],\"inLanguage\":\"es\",\"potentialAction\":[{\"@type\":\"CommentAction\",\"name\":\"Comment\",\"target\":[\"https:\/\/panoramaciudadano.com\/index.php\/2025\/11\/28\/aprueba-cabildo-de-benito-juarez-subsidios-para-impuesto-predial-2026\/#respond\"]}]},{\"@type\":\"WebPage\",\"@id\":\"https:\/\/panoramaciudadano.com\/index.php\/2025\/11\/28\/aprueba-cabildo-de-benito-juarez-subsidios-para-impuesto-predial-2026\/\",\"url\":\"https:\/\/panoramaciudadano.com\/index.php\/2025\/11\/28\/aprueba-cabildo-de-benito-juarez-subsidios-para-impuesto-predial-2026\/\",\"name\":\"APRUEBA CABILDO DE BENITO JU\u00c1REZ SUBSIDIOS PARA IMPUESTO PREDIAL 2026 - Panorama Ciudadano\",\"isPartOf\":{\"@id\":\"https:\/\/panoramaciudadano.com\/#website\"},\"primaryImageOfPage\":{\"@id\":\"https:\/\/panoramaciudadano.com\/index.php\/2025\/11\/28\/aprueba-cabildo-de-benito-juarez-subsidios-para-impuesto-predial-2026\/#primaryimage\"},\"image\":{\"@id\":\"https:\/\/panoramaciudadano.com\/index.php\/2025\/11\/28\/aprueba-cabildo-de-benito-juarez-subsidios-para-impuesto-predial-2026\/#primaryimage\"},\"thumbnailUrl\":\"https:\/\/panoramaciudadano.com\/wp-content\/uploads\/2025\/11\/WhatsApp-Image-2025-11-28-at-08.50.57.jpeg\",\"datePublished\":\"2025-11-28T15:02:49+00:00\",\"dateModified\":\"2025-11-28T15:02:52+00:00\",\"breadcrumb\":{\"@id\":\"https:\/\/panoramaciudadano.com\/index.php\/2025\/11\/28\/aprueba-cabildo-de-benito-juarez-subsidios-para-impuesto-predial-2026\/#breadcrumb\"},\"inLanguage\":\"es\",\"potentialAction\":[{\"@type\":\"ReadAction\",\"target\":[\"https:\/\/panoramaciudadano.com\/index.php\/2025\/11\/28\/aprueba-cabildo-de-benito-juarez-subsidios-para-impuesto-predial-2026\/\"]}]},{\"@type\":\"ImageObject\",\"inLanguage\":\"es\",\"@id\":\"https:\/\/panoramaciudadano.com\/index.php\/2025\/11\/28\/aprueba-cabildo-de-benito-juarez-subsidios-para-impuesto-predial-2026\/#primaryimage\",\"url\":\"https:\/\/panoramaciudadano.com\/wp-content\/uploads\/2025\/11\/WhatsApp-Image-2025-11-28-at-08.50.57.jpeg\",\"contentUrl\":\"https:\/\/panoramaciudadano.com\/wp-content\/uploads\/2025\/11\/WhatsApp-Image-2025-11-28-at-08.50.57.jpeg\",\"width\":1280,\"height\":848},{\"@type\":\"BreadcrumbList\",\"@id\":\"https:\/\/panoramaciudadano.com\/index.php\/2025\/11\/28\/aprueba-cabildo-de-benito-juarez-subsidios-para-impuesto-predial-2026\/#breadcrumb\",\"itemListElement\":[{\"@type\":\"ListItem\",\"position\":1,\"name\":\"Portada\",\"item\":\"https:\/\/panoramaciudadano.com\/\"},{\"@type\":\"ListItem\",\"position\":2,\"name\":\"APRUEBA CABILDO DE BENITO JU\u00c1REZ SUBSIDIOS PARA IMPUESTO PREDIAL 2026\"}]},{\"@type\":\"WebSite\",\"@id\":\"https:\/\/panoramaciudadano.com\/#website\",\"url\":\"https:\/\/panoramaciudadano.com\/\",\"name\":\"Panorama Ciudadano\",\"description\":\"\",\"publisher\":{\"@id\":\"https:\/\/panoramaciudadano.com\/#organization\"},\"potentialAction\":[{\"@type\":\"SearchAction\",\"target\":{\"@type\":\"EntryPoint\",\"urlTemplate\":\"https:\/\/panoramaciudadano.com\/?s={search_term_string}\"},\"query-input\":{\"@type\":\"PropertyValueSpecification\",\"valueRequired\":true,\"valueName\":\"search_term_string\"}}],\"inLanguage\":\"es\"},{\"@type\":\"Organization\",\"@id\":\"https:\/\/panoramaciudadano.com\/#organization\",\"name\":\"Panorama Ciudadano\",\"url\":\"https:\/\/panoramaciudadano.com\/\",\"logo\":{\"@type\":\"ImageObject\",\"inLanguage\":\"es\",\"@id\":\"https:\/\/panoramaciudadano.com\/#\/schema\/logo\/image\/\",\"url\":\"https:\/\/panoramaciudadano.com\/wp-content\/uploads\/2024\/05\/401498640_919267042938564_6290593609399108733_n.jpg\",\"contentUrl\":\"https:\/\/panoramaciudadano.com\/wp-content\/uploads\/2024\/05\/401498640_919267042938564_6290593609399108733_n.jpg\",\"width\":960,\"height\":957,\"caption\":\"Panorama Ciudadano\"},\"image\":{\"@id\":\"https:\/\/panoramaciudadano.com\/#\/schema\/logo\/image\/\"},\"sameAs\":[\"https:\/\/www.facebook.com\/panoramaciudadano\"]},{\"@type\":\"Person\",\"@id\":\"https:\/\/panoramaciudadano.com\/#\/schema\/person\/ffe9fe8ef47d3a93977b5761fd9e0d96\",\"name\":\"admin\",\"image\":{\"@type\":\"ImageObject\",\"inLanguage\":\"es\",\"@id\":\"https:\/\/panoramaciudadano.com\/#\/schema\/person\/image\/\",\"url\":\"https:\/\/secure.gravatar.com\/avatar\/2d5a12cacce3f18096f25fadea8abb7202fef18ed669595589853e84260ff451?s=96&d=mm&r=g\",\"contentUrl\":\"https:\/\/secure.gravatar.com\/avatar\/2d5a12cacce3f18096f25fadea8abb7202fef18ed669595589853e84260ff451?s=96&d=mm&r=g\",\"caption\":\"admin\"},\"sameAs\":[\"https:\/\/panoramaciudadano.com\"],\"url\":\"https:\/\/panoramaciudadano.com\/index.php\/author\/admin_3q6hyqq3\/\"}]}<\/script>\n<!-- \/ Yoast SEO plugin. -->","yoast_head_json":{"title":"APRUEBA CABILDO DE BENITO JU\u00c1REZ SUBSIDIOS PARA IMPUESTO PREDIAL 2026 - Panorama Ciudadano","robots":{"index":"index","follow":"follow","max-snippet":"max-snippet:-1","max-image-preview":"max-image-preview:large","max-video-preview":"max-video-preview:-1"},"canonical":"https:\/\/panoramaciudadano.com\/index.php\/2025\/11\/28\/aprueba-cabildo-de-benito-juarez-subsidios-para-impuesto-predial-2026\/","og_locale":"es_ES","og_type":"article","og_title":"APRUEBA CABILDO DE BENITO JU\u00c1REZ SUBSIDIOS PARA IMPUESTO PREDIAL 2026 - Panorama Ciudadano","og_description":"En el marco de la Vig\u00e9simo Novena Sesi\u00f3n Ordinaria, encabezada por la Presidenta Municipal, Ana Paty Peralta, el Cabildo de Benito Ju\u00e1rez aprob\u00f3 por unanimidad el porcentaje de descuento que como subsidio fiscal ser\u00e1 aplicado para el pago del impuesto predial correspondiente al ejercicio fiscal 2026.","og_url":"https:\/\/panoramaciudadano.com\/index.php\/2025\/11\/28\/aprueba-cabildo-de-benito-juarez-subsidios-para-impuesto-predial-2026\/","og_site_name":"Panorama Ciudadano","article_publisher":"https:\/\/www.facebook.com\/panoramaciudadano","article_published_time":"2025-11-28T15:02:49+00:00","article_modified_time":"2025-11-28T15:02:52+00:00","og_image":[{"width":1280,"height":848,"url":"https:\/\/panoramaciudadano.com\/wp-content\/uploads\/2025\/11\/WhatsApp-Image-2025-11-28-at-08.50.57.jpeg","type":"image\/jpeg"}],"author":"admin","twitter_card":"summary_large_image","twitter_misc":{"Escrito por":"admin","Tiempo de lectura":"2 minutos"},"schema":{"@context":"https:\/\/schema.org","@graph":[{"@type":"Article","@id":"https:\/\/panoramaciudadano.com\/index.php\/2025\/11\/28\/aprueba-cabildo-de-benito-juarez-subsidios-para-impuesto-predial-2026\/#article","isPartOf":{"@id":"https:\/\/panoramaciudadano.com\/index.php\/2025\/11\/28\/aprueba-cabildo-de-benito-juarez-subsidios-para-impuesto-predial-2026\/"},"author":{"name":"admin","@id":"https:\/\/panoramaciudadano.com\/#\/schema\/person\/ffe9fe8ef47d3a93977b5761fd9e0d96"},"headline":"APRUEBA CABILDO DE BENITO JU\u00c1REZ SUBSIDIOS PARA IMPUESTO PREDIAL 2026","datePublished":"2025-11-28T15:02:49+00:00","dateModified":"2025-11-28T15:02:52+00:00","mainEntityOfPage":{"@id":"https:\/\/panoramaciudadano.com\/index.php\/2025\/11\/28\/aprueba-cabildo-de-benito-juarez-subsidios-para-impuesto-predial-2026\/"},"wordCount":280,"commentCount":0,"publisher":{"@id":"https:\/\/panoramaciudadano.com\/#organization"},"image":{"@id":"https:\/\/panoramaciudadano.com\/index.php\/2025\/11\/28\/aprueba-cabildo-de-benito-juarez-subsidios-para-impuesto-predial-2026\/#primaryimage"},"thumbnailUrl":"https:\/\/panoramaciudadano.com\/wp-content\/uploads\/2025\/11\/WhatsApp-Image-2025-11-28-at-08.50.57.jpeg","keywords":["Ana Paty Peralta"],"articleSection":["Canc\u00fan"],"inLanguage":"es","potentialAction":[{"@type":"CommentAction","name":"Comment","target":["https:\/\/panoramaciudadano.com\/index.php\/2025\/11\/28\/aprueba-cabildo-de-benito-juarez-subsidios-para-impuesto-predial-2026\/#respond"]}]},{"@type":"WebPage","@id":"https:\/\/panoramaciudadano.com\/index.php\/2025\/11\/28\/aprueba-cabildo-de-benito-juarez-subsidios-para-impuesto-predial-2026\/","url":"https:\/\/panoramaciudadano.com\/index.php\/2025\/11\/28\/aprueba-cabildo-de-benito-juarez-subsidios-para-impuesto-predial-2026\/","name":"APRUEBA CABILDO DE BENITO JU\u00c1REZ SUBSIDIOS PARA IMPUESTO PREDIAL 2026 - Panorama Ciudadano","isPartOf":{"@id":"https:\/\/panoramaciudadano.com\/#website"},"primaryImageOfPage":{"@id":"https:\/\/panoramaciudadano.com\/index.php\/2025\/11\/28\/aprueba-cabildo-de-benito-juarez-subsidios-para-impuesto-predial-2026\/#primaryimage"},"image":{"@id":"https:\/\/panoramaciudadano.com\/index.php\/2025\/11\/28\/aprueba-cabildo-de-benito-juarez-subsidios-para-impuesto-predial-2026\/#primaryimage"},"thumbnailUrl":"https:\/\/panoramaciudadano.com\/wp-content\/uploads\/2025\/11\/WhatsApp-Image-2025-11-28-at-08.50.57.jpeg","datePublished":"2025-11-28T15:02:49+00:00","dateModified":"2025-11-28T15:02:52+00:00","breadcrumb":{"@id":"https:\/\/panoramaciudadano.com\/index.php\/2025\/11\/28\/aprueba-cabildo-de-benito-juarez-subsidios-para-impuesto-predial-2026\/#breadcrumb"},"inLanguage":"es","potentialAction":[{"@type":"ReadAction","target":["https:\/\/panoramaciudadano.com\/index.php\/2025\/11\/28\/aprueba-cabildo-de-benito-juarez-subsidios-para-impuesto-predial-2026\/"]}]},{"@type":"ImageObject","inLanguage":"es","@id":"https:\/\/panoramaciudadano.com\/index.php\/2025\/11\/28\/aprueba-cabildo-de-benito-juarez-subsidios-para-impuesto-predial-2026\/#primaryimage","url":"https:\/\/panoramaciudadano.com\/wp-content\/uploads\/2025\/11\/WhatsApp-Image-2025-11-28-at-08.50.57.jpeg","contentUrl":"https:\/\/panoramaciudadano.com\/wp-content\/uploads\/2025\/11\/WhatsApp-Image-2025-11-28-at-08.50.57.jpeg","width":1280,"height":848},{"@type":"BreadcrumbList","@id":"https:\/\/panoramaciudadano.com\/index.php\/2025\/11\/28\/aprueba-cabildo-de-benito-juarez-subsidios-para-impuesto-predial-2026\/#breadcrumb","itemListElement":[{"@type":"ListItem","position":1,"name":"Portada","item":"https:\/\/panoramaciudadano.com\/"},{"@type":"ListItem","position":2,"name":"APRUEBA CABILDO DE BENITO JU\u00c1REZ SUBSIDIOS PARA IMPUESTO PREDIAL 2026"}]},{"@type":"WebSite","@id":"https:\/\/panoramaciudadano.com\/#website","url":"https:\/\/panoramaciudadano.com\/","name":"Panorama Ciudadano","description":"","publisher":{"@id":"https:\/\/panoramaciudadano.com\/#organization"},"potentialAction":[{"@type":"SearchAction","target":{"@type":"EntryPoint","urlTemplate":"https:\/\/panoramaciudadano.com\/?s={search_term_string}"},"query-input":{"@type":"PropertyValueSpecification","valueRequired":true,"valueName":"search_term_string"}}],"inLanguage":"es"},{"@type":"Organization","@id":"https:\/\/panoramaciudadano.com\/#organization","name":"Panorama Ciudadano","url":"https:\/\/panoramaciudadano.com\/","logo":{"@type":"ImageObject","inLanguage":"es","@id":"https:\/\/panoramaciudadano.com\/#\/schema\/logo\/image\/","url":"https:\/\/panoramaciudadano.com\/wp-content\/uploads\/2024\/05\/401498640_919267042938564_6290593609399108733_n.jpg","contentUrl":"https:\/\/panoramaciudadano.com\/wp-content\/uploads\/2024\/05\/401498640_919267042938564_6290593609399108733_n.jpg","width":960,"height":957,"caption":"Panorama Ciudadano"},"image":{"@id":"https:\/\/panoramaciudadano.com\/#\/schema\/logo\/image\/"},"sameAs":["https:\/\/www.facebook.com\/panoramaciudadano"]},{"@type":"Person","@id":"https:\/\/panoramaciudadano.com\/#\/schema\/person\/ffe9fe8ef47d3a93977b5761fd9e0d96","name":"admin","image":{"@type":"ImageObject","inLanguage":"es","@id":"https:\/\/panoramaciudadano.com\/#\/schema\/person\/image\/","url":"https:\/\/secure.gravatar.com\/avatar\/2d5a12cacce3f18096f25fadea8abb7202fef18ed669595589853e84260ff451?s=96&d=mm&r=g","contentUrl":"https:\/\/secure.gravatar.com\/avatar\/2d5a12cacce3f18096f25fadea8abb7202fef18ed669595589853e84260ff451?s=96&d=mm&r=g","caption":"admin"},"sameAs":["https:\/\/panoramaciudadano.com"],"url":"https:\/\/panoramaciudadano.com\/index.php\/author\/admin_3q6hyqq3\/"}]}},"_links":{"self":[{"href":"https:\/\/panoramaciudadano.com\/index.php\/wp-json\/wp\/v2\/posts\/26604","targetHints":{"allow":["GET"]}}],"collection":[{"href":"https:\/\/panoramaciudadano.com\/index.php\/wp-json\/wp\/v2\/posts"}],"about":[{"href":"https:\/\/panoramaciudadano.com\/index.php\/wp-json\/wp\/v2\/types\/post"}],"author":[{"embeddable":true,"href":"https:\/\/panoramaciudadano.com\/index.php\/wp-json\/wp\/v2\/users\/1"}],"replies":[{"embeddable":true,"href":"https:\/\/panoramaciudadano.com\/index.php\/wp-json\/wp\/v2\/comments?post=26604"}],"version-history":[{"count":1,"href":"https:\/\/panoramaciudadano.com\/index.php\/wp-json\/wp\/v2\/posts\/26604\/revisions"}],"predecessor-version":[{"id":26606,"href":"https:\/\/panoramaciudadano.com\/index.php\/wp-json\/wp\/v2\/posts\/26604\/revisions\/26606"}],"wp:featuredmedia":[{"embeddable":true,"href":"https:\/\/panoramaciudadano.com\/index.php\/wp-json\/wp\/v2\/media\/26605"}],"wp:attachment":[{"href":"https:\/\/panoramaciudadano.com\/index.php\/wp-json\/wp\/v2\/media?parent=26604"}],"wp:term":[{"taxonomy":"category","embeddable":true,"href":"https:\/\/panoramaciudadano.com\/index.php\/wp-json\/wp\/v2\/categories?post=26604"},{"taxonomy":"post_tag","embeddable":true,"href":"https:\/\/panoramaciudadano.com\/index.php\/wp-json\/wp\/v2\/tags?post=26604"}],"curies":[{"name":"wp","href":"https:\/\/api.w.org\/{rel}","templated":true}]}}