{"id":27075,"date":"2025-12-08T09:54:54","date_gmt":"2025-12-08T14:54:54","guid":{"rendered":"https:\/\/panoramaciudadano.com\/?p=27075"},"modified":"2025-12-08T09:54:56","modified_gmt":"2025-12-08T14:54:56","slug":"renan-sanchez-tajonar-reconoce-el-liderazgo-de-la-presidenta-y-destaca-el-papel-del-partido-verde-en-la-transformacion","status":"publish","type":"post","link":"https:\/\/panoramaciudadano.com\/index.php\/2025\/12\/08\/renan-sanchez-tajonar-reconoce-el-liderazgo-de-la-presidenta-y-destaca-el-papel-del-partido-verde-en-la-transformacion\/","title":{"rendered":"Ren\u00e1n S\u00e1nchez Tajonar reconoce el liderazgo de la Presidenta y destaca el papel del Partido Verde en la transformaci\u00f3n"},"content":{"rendered":"\n<figure class=\"wp-block-image size-full\"><img decoding=\"async\" width=\"590\" height=\"393\" src=\"https:\/\/panoramaciudadano.com\/wp-content\/uploads\/2025\/12\/5-16.jpeg\" alt=\"\" class=\"wp-image-27076\" srcset=\"https:\/\/panoramaciudadano.com\/wp-content\/uploads\/2025\/12\/5-16.jpeg 590w, https:\/\/panoramaciudadano.com\/wp-content\/uploads\/2025\/12\/5-16-300x200.jpeg 300w\" sizes=\"(max-width: 590px) 100vw, 590px\" \/><\/figure>\n\n\n\n<p>En un encuentro con la estructura del Partido Verde en Canc\u00fan, el dirigente Ren\u00e1n S\u00e1nchez Tajonar encabez\u00f3 la entrega de kits institucionales y dirigi\u00f3 un mensaje de unidad y compromiso, destacando el papel fundamental que el Verde ha tenido en la construcci\u00f3n del proyecto de la Cuarta Transformaci\u00f3n.<\/p>\n\n\n\n<p>Ren\u00e1n S\u00e1nchez Tajonar reconoci\u00f3 el gran informe presentado recientemente por la presidenta Claudia Sheinbaum, un evento que celebr\u00f3 los siete a\u00f1os de la transformaci\u00f3n y reafirm\u00f3 que M\u00e9xico avanza con pasos firmes hacia un pa\u00eds m\u00e1s justo, solidario y pr\u00f3spero.<\/p>\n\n\n\n<p>\u201cEs un orgullo que el Verde sea parte de esta gran transformaci\u00f3n. La presidenta Claudia Sheinbaum nos ha marcado el camino con trabajo, resultados y cercan\u00eda con la gente. Y desde Quintana Roo, al lado de nuestra gobernadora Mara Lezama, vamos a seguir colaborando con todo nuestro esfuerzo\u201d, expres\u00f3.<\/p>\n\n\n\n<p>Durante su intervenci\u00f3n, subray\u00f3 que el Partido Verde es un movimiento de trabajo en tierra, que escucha, atiende y da resultados, tal como lo ha pedido la presidenta. A\u00f1adi\u00f3 que esta cercan\u00eda con la ciudadan\u00eda ha permitido fortalecer la confianza y consolidar avances importantes.<\/p>\n\n\n\n<p>Ren\u00e1n S\u00e1nchez Tajonar destac\u00f3 que gracias a las pol\u00edticas impulsadas desde el Gobierno de M\u00e9xico y respaldadas por los gobiernos estatales, la pobreza ha disminuido, los programas sociales contin\u00faan creciendo y m\u00e1s familias reciben apoyos que transforman su vida cotidiana.<\/p>\n\n\n\n<p>\u201cEn Quintana Roo, la presidenta Claudia Sheinbaum y la gobernadora Mara Lezama cuentan con todo el respaldo del Verde. Somos un equipo que trabaja unido para que la Transformaci\u00f3n siga avanzando y llegue a cada rinc\u00f3n del estado\u201d, afirm\u00f3.<\/p>\n\n\n\n<p>Finalmente, reiter\u00f3 su compromiso para seguir impulsando iniciativas que mejoren la calidad de vida de las familias y fortalezcan el bienestar de la ciudadan\u00eda.<\/p>\n\n\n\n<p>\u201cLa transformaci\u00f3n sigue, y el Verde seguir\u00e1 apoyando con hechos, cercan\u00eda y trabajo permanente en las colonias\u201d, concluy\u00f3 Ren\u00e1n S\u00e1nchez Tajonar.<\/p>\n","protected":false},"excerpt":{"rendered":"<p>-El dirigente encabez\u00f3 la entrega de kits institucionales en Canc\u00fan y llam\u00f3 a fortalecer la unidad del Verde para seguir respaldando el proyecto de naci\u00f3n que impulsa la Presidenta Claudia Sheinbaum y la Gobernadora Mara Lezama.<\/p>\n","protected":false},"author":1,"featured_media":27076,"comment_status":"open","ping_status":"closed","sticky":false,"template":"","format":"standard","meta":{"footnotes":""},"categories":[6],"tags":[1103],"class_list":["post-27075","post","type-post","status-publish","format-standard","has-post-thumbnail","hentry","category-cancun","tag-renan-sanchez-tajonar"],"yoast_head":"<!-- This site is optimized with the Yoast SEO plugin v27.1.1 - https:\/\/yoast.com\/product\/yoast-seo-wordpress\/ -->\n<title>Ren\u00e1n S\u00e1nchez Tajonar reconoce el liderazgo de la Presidenta y destaca el papel del Partido Verde en la transformaci\u00f3n - Panorama Ciudadano<\/title>\n<meta name=\"robots\" content=\"index, follow, max-snippet:-1, max-image-preview:large, max-video-preview:-1\" \/>\n<link rel=\"canonical\" href=\"https:\/\/panoramaciudadano.com\/index.php\/2025\/12\/08\/renan-sanchez-tajonar-reconoce-el-liderazgo-de-la-presidenta-y-destaca-el-papel-del-partido-verde-en-la-transformacion\/\" \/>\n<meta property=\"og:locale\" content=\"es_ES\" \/>\n<meta property=\"og:type\" content=\"article\" \/>\n<meta property=\"og:title\" content=\"Ren\u00e1n S\u00e1nchez Tajonar reconoce el liderazgo de la Presidenta y destaca el papel del Partido Verde en la transformaci\u00f3n - Panorama Ciudadano\" \/>\n<meta property=\"og:description\" content=\"-El dirigente encabez\u00f3 la entrega de kits institucionales en Canc\u00fan y llam\u00f3 a fortalecer la unidad del Verde para seguir respaldando el proyecto de naci\u00f3n que impulsa la Presidenta Claudia Sheinbaum y la Gobernadora Mara Lezama.\" \/>\n<meta property=\"og:url\" content=\"https:\/\/panoramaciudadano.com\/index.php\/2025\/12\/08\/renan-sanchez-tajonar-reconoce-el-liderazgo-de-la-presidenta-y-destaca-el-papel-del-partido-verde-en-la-transformacion\/\" \/>\n<meta property=\"og:site_name\" content=\"Panorama Ciudadano\" \/>\n<meta property=\"article:publisher\" content=\"https:\/\/www.facebook.com\/panoramaciudadano\" \/>\n<meta property=\"article:published_time\" content=\"2025-12-08T14:54:54+00:00\" \/>\n<meta property=\"article:modified_time\" content=\"2025-12-08T14:54:56+00:00\" \/>\n<meta property=\"og:image\" content=\"https:\/\/panoramaciudadano.com\/wp-content\/uploads\/2025\/12\/5-16.jpeg\" \/>\n\t<meta property=\"og:image:width\" content=\"590\" \/>\n\t<meta property=\"og:image:height\" content=\"393\" \/>\n\t<meta property=\"og:image:type\" content=\"image\/jpeg\" \/>\n<meta name=\"author\" content=\"admin\" \/>\n<meta name=\"twitter:card\" content=\"summary_large_image\" \/>\n<meta name=\"twitter:label1\" content=\"Escrito por\" \/>\n\t<meta name=\"twitter:data1\" content=\"admin\" \/>\n\t<meta name=\"twitter:label2\" content=\"Tiempo de lectura\" \/>\n\t<meta name=\"twitter:data2\" content=\"2 minutos\" \/>\n<script type=\"application\/ld+json\" class=\"yoast-schema-graph\">{\"@context\":\"https:\/\/schema.org\",\"@graph\":[{\"@type\":\"Article\",\"@id\":\"https:\/\/panoramaciudadano.com\/index.php\/2025\/12\/08\/renan-sanchez-tajonar-reconoce-el-liderazgo-de-la-presidenta-y-destaca-el-papel-del-partido-verde-en-la-transformacion\/#article\",\"isPartOf\":{\"@id\":\"https:\/\/panoramaciudadano.com\/index.php\/2025\/12\/08\/renan-sanchez-tajonar-reconoce-el-liderazgo-de-la-presidenta-y-destaca-el-papel-del-partido-verde-en-la-transformacion\/\"},\"author\":{\"name\":\"admin\",\"@id\":\"https:\/\/panoramaciudadano.com\/#\/schema\/person\/ffe9fe8ef47d3a93977b5761fd9e0d96\"},\"headline\":\"Ren\u00e1n S\u00e1nchez Tajonar reconoce el liderazgo de la Presidenta y destaca el papel del Partido Verde en la transformaci\u00f3n\",\"datePublished\":\"2025-12-08T14:54:54+00:00\",\"dateModified\":\"2025-12-08T14:54:56+00:00\",\"mainEntityOfPage\":{\"@id\":\"https:\/\/panoramaciudadano.com\/index.php\/2025\/12\/08\/renan-sanchez-tajonar-reconoce-el-liderazgo-de-la-presidenta-y-destaca-el-papel-del-partido-verde-en-la-transformacion\/\"},\"wordCount\":359,\"commentCount\":0,\"publisher\":{\"@id\":\"https:\/\/panoramaciudadano.com\/#organization\"},\"image\":{\"@id\":\"https:\/\/panoramaciudadano.com\/index.php\/2025\/12\/08\/renan-sanchez-tajonar-reconoce-el-liderazgo-de-la-presidenta-y-destaca-el-papel-del-partido-verde-en-la-transformacion\/#primaryimage\"},\"thumbnailUrl\":\"https:\/\/panoramaciudadano.com\/wp-content\/uploads\/2025\/12\/5-16.jpeg\",\"keywords\":[\"Ren\u00e1n S\u00e1nchez Tajonar\"],\"articleSection\":[\"Canc\u00fan\"],\"inLanguage\":\"es\",\"potentialAction\":[{\"@type\":\"CommentAction\",\"name\":\"Comment\",\"target\":[\"https:\/\/panoramaciudadano.com\/index.php\/2025\/12\/08\/renan-sanchez-tajonar-reconoce-el-liderazgo-de-la-presidenta-y-destaca-el-papel-del-partido-verde-en-la-transformacion\/#respond\"]}]},{\"@type\":\"WebPage\",\"@id\":\"https:\/\/panoramaciudadano.com\/index.php\/2025\/12\/08\/renan-sanchez-tajonar-reconoce-el-liderazgo-de-la-presidenta-y-destaca-el-papel-del-partido-verde-en-la-transformacion\/\",\"url\":\"https:\/\/panoramaciudadano.com\/index.php\/2025\/12\/08\/renan-sanchez-tajonar-reconoce-el-liderazgo-de-la-presidenta-y-destaca-el-papel-del-partido-verde-en-la-transformacion\/\",\"name\":\"Ren\u00e1n S\u00e1nchez Tajonar reconoce el liderazgo de la Presidenta y destaca el papel del Partido Verde en la transformaci\u00f3n - Panorama Ciudadano\",\"isPartOf\":{\"@id\":\"https:\/\/panoramaciudadano.com\/#website\"},\"primaryImageOfPage\":{\"@id\":\"https:\/\/panoramaciudadano.com\/index.php\/2025\/12\/08\/renan-sanchez-tajonar-reconoce-el-liderazgo-de-la-presidenta-y-destaca-el-papel-del-partido-verde-en-la-transformacion\/#primaryimage\"},\"image\":{\"@id\":\"https:\/\/panoramaciudadano.com\/index.php\/2025\/12\/08\/renan-sanchez-tajonar-reconoce-el-liderazgo-de-la-presidenta-y-destaca-el-papel-del-partido-verde-en-la-transformacion\/#primaryimage\"},\"thumbnailUrl\":\"https:\/\/panoramaciudadano.com\/wp-content\/uploads\/2025\/12\/5-16.jpeg\",\"datePublished\":\"2025-12-08T14:54:54+00:00\",\"dateModified\":\"2025-12-08T14:54:56+00:00\",\"breadcrumb\":{\"@id\":\"https:\/\/panoramaciudadano.com\/index.php\/2025\/12\/08\/renan-sanchez-tajonar-reconoce-el-liderazgo-de-la-presidenta-y-destaca-el-papel-del-partido-verde-en-la-transformacion\/#breadcrumb\"},\"inLanguage\":\"es\",\"potentialAction\":[{\"@type\":\"ReadAction\",\"target\":[\"https:\/\/panoramaciudadano.com\/index.php\/2025\/12\/08\/renan-sanchez-tajonar-reconoce-el-liderazgo-de-la-presidenta-y-destaca-el-papel-del-partido-verde-en-la-transformacion\/\"]}]},{\"@type\":\"ImageObject\",\"inLanguage\":\"es\",\"@id\":\"https:\/\/panoramaciudadano.com\/index.php\/2025\/12\/08\/renan-sanchez-tajonar-reconoce-el-liderazgo-de-la-presidenta-y-destaca-el-papel-del-partido-verde-en-la-transformacion\/#primaryimage\",\"url\":\"https:\/\/panoramaciudadano.com\/wp-content\/uploads\/2025\/12\/5-16.jpeg\",\"contentUrl\":\"https:\/\/panoramaciudadano.com\/wp-content\/uploads\/2025\/12\/5-16.jpeg\",\"width\":590,\"height\":393},{\"@type\":\"BreadcrumbList\",\"@id\":\"https:\/\/panoramaciudadano.com\/index.php\/2025\/12\/08\/renan-sanchez-tajonar-reconoce-el-liderazgo-de-la-presidenta-y-destaca-el-papel-del-partido-verde-en-la-transformacion\/#breadcrumb\",\"itemListElement\":[{\"@type\":\"ListItem\",\"position\":1,\"name\":\"Portada\",\"item\":\"https:\/\/panoramaciudadano.com\/\"},{\"@type\":\"ListItem\",\"position\":2,\"name\":\"Ren\u00e1n S\u00e1nchez Tajonar reconoce el liderazgo de la Presidenta y destaca el papel del Partido Verde en la transformaci\u00f3n\"}]},{\"@type\":\"WebSite\",\"@id\":\"https:\/\/panoramaciudadano.com\/#website\",\"url\":\"https:\/\/panoramaciudadano.com\/\",\"name\":\"Panorama Ciudadano\",\"description\":\"\",\"publisher\":{\"@id\":\"https:\/\/panoramaciudadano.com\/#organization\"},\"potentialAction\":[{\"@type\":\"SearchAction\",\"target\":{\"@type\":\"EntryPoint\",\"urlTemplate\":\"https:\/\/panoramaciudadano.com\/?s={search_term_string}\"},\"query-input\":{\"@type\":\"PropertyValueSpecification\",\"valueRequired\":true,\"valueName\":\"search_term_string\"}}],\"inLanguage\":\"es\"},{\"@type\":\"Organization\",\"@id\":\"https:\/\/panoramaciudadano.com\/#organization\",\"name\":\"Panorama Ciudadano\",\"url\":\"https:\/\/panoramaciudadano.com\/\",\"logo\":{\"@type\":\"ImageObject\",\"inLanguage\":\"es\",\"@id\":\"https:\/\/panoramaciudadano.com\/#\/schema\/logo\/image\/\",\"url\":\"https:\/\/panoramaciudadano.com\/wp-content\/uploads\/2024\/05\/401498640_919267042938564_6290593609399108733_n.jpg\",\"contentUrl\":\"https:\/\/panoramaciudadano.com\/wp-content\/uploads\/2024\/05\/401498640_919267042938564_6290593609399108733_n.jpg\",\"width\":960,\"height\":957,\"caption\":\"Panorama Ciudadano\"},\"image\":{\"@id\":\"https:\/\/panoramaciudadano.com\/#\/schema\/logo\/image\/\"},\"sameAs\":[\"https:\/\/www.facebook.com\/panoramaciudadano\"]},{\"@type\":\"Person\",\"@id\":\"https:\/\/panoramaciudadano.com\/#\/schema\/person\/ffe9fe8ef47d3a93977b5761fd9e0d96\",\"name\":\"admin\",\"image\":{\"@type\":\"ImageObject\",\"inLanguage\":\"es\",\"@id\":\"https:\/\/panoramaciudadano.com\/#\/schema\/person\/image\/\",\"url\":\"https:\/\/secure.gravatar.com\/avatar\/2d5a12cacce3f18096f25fadea8abb7202fef18ed669595589853e84260ff451?s=96&d=mm&r=g\",\"contentUrl\":\"https:\/\/secure.gravatar.com\/avatar\/2d5a12cacce3f18096f25fadea8abb7202fef18ed669595589853e84260ff451?s=96&d=mm&r=g\",\"caption\":\"admin\"},\"sameAs\":[\"https:\/\/panoramaciudadano.com\"],\"url\":\"https:\/\/panoramaciudadano.com\/index.php\/author\/admin_3q6hyqq3\/\"}]}<\/script>\n<!-- \/ Yoast SEO plugin. -->","yoast_head_json":{"title":"Ren\u00e1n S\u00e1nchez Tajonar reconoce el liderazgo de la Presidenta y destaca el papel del Partido Verde en la transformaci\u00f3n - Panorama Ciudadano","robots":{"index":"index","follow":"follow","max-snippet":"max-snippet:-1","max-image-preview":"max-image-preview:large","max-video-preview":"max-video-preview:-1"},"canonical":"https:\/\/panoramaciudadano.com\/index.php\/2025\/12\/08\/renan-sanchez-tajonar-reconoce-el-liderazgo-de-la-presidenta-y-destaca-el-papel-del-partido-verde-en-la-transformacion\/","og_locale":"es_ES","og_type":"article","og_title":"Ren\u00e1n S\u00e1nchez Tajonar reconoce el liderazgo de la Presidenta y destaca el papel del Partido Verde en la transformaci\u00f3n - Panorama Ciudadano","og_description":"-El dirigente encabez\u00f3 la entrega de kits institucionales en Canc\u00fan y llam\u00f3 a fortalecer la unidad del Verde para seguir respaldando el proyecto de naci\u00f3n que impulsa la Presidenta Claudia Sheinbaum y la Gobernadora Mara Lezama.","og_url":"https:\/\/panoramaciudadano.com\/index.php\/2025\/12\/08\/renan-sanchez-tajonar-reconoce-el-liderazgo-de-la-presidenta-y-destaca-el-papel-del-partido-verde-en-la-transformacion\/","og_site_name":"Panorama Ciudadano","article_publisher":"https:\/\/www.facebook.com\/panoramaciudadano","article_published_time":"2025-12-08T14:54:54+00:00","article_modified_time":"2025-12-08T14:54:56+00:00","og_image":[{"width":590,"height":393,"url":"https:\/\/panoramaciudadano.com\/wp-content\/uploads\/2025\/12\/5-16.jpeg","type":"image\/jpeg"}],"author":"admin","twitter_card":"summary_large_image","twitter_misc":{"Escrito por":"admin","Tiempo de lectura":"2 minutos"},"schema":{"@context":"https:\/\/schema.org","@graph":[{"@type":"Article","@id":"https:\/\/panoramaciudadano.com\/index.php\/2025\/12\/08\/renan-sanchez-tajonar-reconoce-el-liderazgo-de-la-presidenta-y-destaca-el-papel-del-partido-verde-en-la-transformacion\/#article","isPartOf":{"@id":"https:\/\/panoramaciudadano.com\/index.php\/2025\/12\/08\/renan-sanchez-tajonar-reconoce-el-liderazgo-de-la-presidenta-y-destaca-el-papel-del-partido-verde-en-la-transformacion\/"},"author":{"name":"admin","@id":"https:\/\/panoramaciudadano.com\/#\/schema\/person\/ffe9fe8ef47d3a93977b5761fd9e0d96"},"headline":"Ren\u00e1n S\u00e1nchez Tajonar reconoce el liderazgo de la Presidenta y destaca el papel del Partido Verde en la transformaci\u00f3n","datePublished":"2025-12-08T14:54:54+00:00","dateModified":"2025-12-08T14:54:56+00:00","mainEntityOfPage":{"@id":"https:\/\/panoramaciudadano.com\/index.php\/2025\/12\/08\/renan-sanchez-tajonar-reconoce-el-liderazgo-de-la-presidenta-y-destaca-el-papel-del-partido-verde-en-la-transformacion\/"},"wordCount":359,"commentCount":0,"publisher":{"@id":"https:\/\/panoramaciudadano.com\/#organization"},"image":{"@id":"https:\/\/panoramaciudadano.com\/index.php\/2025\/12\/08\/renan-sanchez-tajonar-reconoce-el-liderazgo-de-la-presidenta-y-destaca-el-papel-del-partido-verde-en-la-transformacion\/#primaryimage"},"thumbnailUrl":"https:\/\/panoramaciudadano.com\/wp-content\/uploads\/2025\/12\/5-16.jpeg","keywords":["Ren\u00e1n S\u00e1nchez Tajonar"],"articleSection":["Canc\u00fan"],"inLanguage":"es","potentialAction":[{"@type":"CommentAction","name":"Comment","target":["https:\/\/panoramaciudadano.com\/index.php\/2025\/12\/08\/renan-sanchez-tajonar-reconoce-el-liderazgo-de-la-presidenta-y-destaca-el-papel-del-partido-verde-en-la-transformacion\/#respond"]}]},{"@type":"WebPage","@id":"https:\/\/panoramaciudadano.com\/index.php\/2025\/12\/08\/renan-sanchez-tajonar-reconoce-el-liderazgo-de-la-presidenta-y-destaca-el-papel-del-partido-verde-en-la-transformacion\/","url":"https:\/\/panoramaciudadano.com\/index.php\/2025\/12\/08\/renan-sanchez-tajonar-reconoce-el-liderazgo-de-la-presidenta-y-destaca-el-papel-del-partido-verde-en-la-transformacion\/","name":"Ren\u00e1n S\u00e1nchez Tajonar reconoce el liderazgo de la Presidenta y destaca el papel del Partido Verde en la transformaci\u00f3n - Panorama Ciudadano","isPartOf":{"@id":"https:\/\/panoramaciudadano.com\/#website"},"primaryImageOfPage":{"@id":"https:\/\/panoramaciudadano.com\/index.php\/2025\/12\/08\/renan-sanchez-tajonar-reconoce-el-liderazgo-de-la-presidenta-y-destaca-el-papel-del-partido-verde-en-la-transformacion\/#primaryimage"},"image":{"@id":"https:\/\/panoramaciudadano.com\/index.php\/2025\/12\/08\/renan-sanchez-tajonar-reconoce-el-liderazgo-de-la-presidenta-y-destaca-el-papel-del-partido-verde-en-la-transformacion\/#primaryimage"},"thumbnailUrl":"https:\/\/panoramaciudadano.com\/wp-content\/uploads\/2025\/12\/5-16.jpeg","datePublished":"2025-12-08T14:54:54+00:00","dateModified":"2025-12-08T14:54:56+00:00","breadcrumb":{"@id":"https:\/\/panoramaciudadano.com\/index.php\/2025\/12\/08\/renan-sanchez-tajonar-reconoce-el-liderazgo-de-la-presidenta-y-destaca-el-papel-del-partido-verde-en-la-transformacion\/#breadcrumb"},"inLanguage":"es","potentialAction":[{"@type":"ReadAction","target":["https:\/\/panoramaciudadano.com\/index.php\/2025\/12\/08\/renan-sanchez-tajonar-reconoce-el-liderazgo-de-la-presidenta-y-destaca-el-papel-del-partido-verde-en-la-transformacion\/"]}]},{"@type":"ImageObject","inLanguage":"es","@id":"https:\/\/panoramaciudadano.com\/index.php\/2025\/12\/08\/renan-sanchez-tajonar-reconoce-el-liderazgo-de-la-presidenta-y-destaca-el-papel-del-partido-verde-en-la-transformacion\/#primaryimage","url":"https:\/\/panoramaciudadano.com\/wp-content\/uploads\/2025\/12\/5-16.jpeg","contentUrl":"https:\/\/panoramaciudadano.com\/wp-content\/uploads\/2025\/12\/5-16.jpeg","width":590,"height":393},{"@type":"BreadcrumbList","@id":"https:\/\/panoramaciudadano.com\/index.php\/2025\/12\/08\/renan-sanchez-tajonar-reconoce-el-liderazgo-de-la-presidenta-y-destaca-el-papel-del-partido-verde-en-la-transformacion\/#breadcrumb","itemListElement":[{"@type":"ListItem","position":1,"name":"Portada","item":"https:\/\/panoramaciudadano.com\/"},{"@type":"ListItem","position":2,"name":"Ren\u00e1n S\u00e1nchez Tajonar reconoce el liderazgo de la Presidenta y destaca el papel del Partido Verde en la transformaci\u00f3n"}]},{"@type":"WebSite","@id":"https:\/\/panoramaciudadano.com\/#website","url":"https:\/\/panoramaciudadano.com\/","name":"Panorama Ciudadano","description":"","publisher":{"@id":"https:\/\/panoramaciudadano.com\/#organization"},"potentialAction":[{"@type":"SearchAction","target":{"@type":"EntryPoint","urlTemplate":"https:\/\/panoramaciudadano.com\/?s={search_term_string}"},"query-input":{"@type":"PropertyValueSpecification","valueRequired":true,"valueName":"search_term_string"}}],"inLanguage":"es"},{"@type":"Organization","@id":"https:\/\/panoramaciudadano.com\/#organization","name":"Panorama Ciudadano","url":"https:\/\/panoramaciudadano.com\/","logo":{"@type":"ImageObject","inLanguage":"es","@id":"https:\/\/panoramaciudadano.com\/#\/schema\/logo\/image\/","url":"https:\/\/panoramaciudadano.com\/wp-content\/uploads\/2024\/05\/401498640_919267042938564_6290593609399108733_n.jpg","contentUrl":"https:\/\/panoramaciudadano.com\/wp-content\/uploads\/2024\/05\/401498640_919267042938564_6290593609399108733_n.jpg","width":960,"height":957,"caption":"Panorama Ciudadano"},"image":{"@id":"https:\/\/panoramaciudadano.com\/#\/schema\/logo\/image\/"},"sameAs":["https:\/\/www.facebook.com\/panoramaciudadano"]},{"@type":"Person","@id":"https:\/\/panoramaciudadano.com\/#\/schema\/person\/ffe9fe8ef47d3a93977b5761fd9e0d96","name":"admin","image":{"@type":"ImageObject","inLanguage":"es","@id":"https:\/\/panoramaciudadano.com\/#\/schema\/person\/image\/","url":"https:\/\/secure.gravatar.com\/avatar\/2d5a12cacce3f18096f25fadea8abb7202fef18ed669595589853e84260ff451?s=96&d=mm&r=g","contentUrl":"https:\/\/secure.gravatar.com\/avatar\/2d5a12cacce3f18096f25fadea8abb7202fef18ed669595589853e84260ff451?s=96&d=mm&r=g","caption":"admin"},"sameAs":["https:\/\/panoramaciudadano.com"],"url":"https:\/\/panoramaciudadano.com\/index.php\/author\/admin_3q6hyqq3\/"}]}},"_links":{"self":[{"href":"https:\/\/panoramaciudadano.com\/index.php\/wp-json\/wp\/v2\/posts\/27075","targetHints":{"allow":["GET"]}}],"collection":[{"href":"https:\/\/panoramaciudadano.com\/index.php\/wp-json\/wp\/v2\/posts"}],"about":[{"href":"https:\/\/panoramaciudadano.com\/index.php\/wp-json\/wp\/v2\/types\/post"}],"author":[{"embeddable":true,"href":"https:\/\/panoramaciudadano.com\/index.php\/wp-json\/wp\/v2\/users\/1"}],"replies":[{"embeddable":true,"href":"https:\/\/panoramaciudadano.com\/index.php\/wp-json\/wp\/v2\/comments?post=27075"}],"version-history":[{"count":1,"href":"https:\/\/panoramaciudadano.com\/index.php\/wp-json\/wp\/v2\/posts\/27075\/revisions"}],"predecessor-version":[{"id":27077,"href":"https:\/\/panoramaciudadano.com\/index.php\/wp-json\/wp\/v2\/posts\/27075\/revisions\/27077"}],"wp:featuredmedia":[{"embeddable":true,"href":"https:\/\/panoramaciudadano.com\/index.php\/wp-json\/wp\/v2\/media\/27076"}],"wp:attachment":[{"href":"https:\/\/panoramaciudadano.com\/index.php\/wp-json\/wp\/v2\/media?parent=27075"}],"wp:term":[{"taxonomy":"category","embeddable":true,"href":"https:\/\/panoramaciudadano.com\/index.php\/wp-json\/wp\/v2\/categories?post=27075"},{"taxonomy":"post_tag","embeddable":true,"href":"https:\/\/panoramaciudadano.com\/index.php\/wp-json\/wp\/v2\/tags?post=27075"}],"curies":[{"name":"wp","href":"https:\/\/api.w.org\/{rel}","templated":true}]}}