{"id":27099,"date":"2025-12-08T10:36:17","date_gmt":"2025-12-08T15:36:17","guid":{"rendered":"https:\/\/panoramaciudadano.com\/?p=27099"},"modified":"2025-12-08T10:36:19","modified_gmt":"2025-12-08T15:36:19","slug":"inician-posadas-cancunenses-en-bonfil","status":"publish","type":"post","link":"https:\/\/panoramaciudadano.com\/index.php\/2025\/12\/08\/inician-posadas-cancunenses-en-bonfil\/","title":{"rendered":"INICIAN POSADAS CANCUNENSES EN BONFIL"},"content":{"rendered":"\n<figure class=\"wp-block-gallery has-nested-images columns-default is-cropped wp-block-gallery-1 is-layout-flex wp-block-gallery-is-layout-flex\">\n<figure class=\"wp-block-image size-large\"><img decoding=\"async\" width=\"1024\" height=\"764\" data-id=\"27105\" src=\"https:\/\/panoramaciudadano.com\/wp-content\/uploads\/2025\/12\/2-39-1024x764.jpeg\" alt=\"\" class=\"wp-image-27105\" srcset=\"https:\/\/panoramaciudadano.com\/wp-content\/uploads\/2025\/12\/2-39-1024x764.jpeg 1024w, https:\/\/panoramaciudadano.com\/wp-content\/uploads\/2025\/12\/2-39-300x224.jpeg 300w, https:\/\/panoramaciudadano.com\/wp-content\/uploads\/2025\/12\/2-39-768x573.jpeg 768w, https:\/\/panoramaciudadano.com\/wp-content\/uploads\/2025\/12\/2-39.jpeg 1040w\" sizes=\"(max-width: 1024px) 100vw, 1024px\" \/><\/figure>\n\n\n\n<figure class=\"wp-block-image size-large\"><img decoding=\"async\" width=\"1024\" height=\"682\" data-id=\"27104\" src=\"https:\/\/panoramaciudadano.com\/wp-content\/uploads\/2025\/12\/3-38-1024x682.jpeg\" alt=\"\" class=\"wp-image-27104\" srcset=\"https:\/\/panoramaciudadano.com\/wp-content\/uploads\/2025\/12\/3-38-1024x682.jpeg 1024w, https:\/\/panoramaciudadano.com\/wp-content\/uploads\/2025\/12\/3-38-300x200.jpeg 300w, https:\/\/panoramaciudadano.com\/wp-content\/uploads\/2025\/12\/3-38-768x512.jpeg 768w, https:\/\/panoramaciudadano.com\/wp-content\/uploads\/2025\/12\/3-38.jpeg 1280w\" sizes=\"(max-width: 1024px) 100vw, 1024px\" \/><\/figure>\n\n\n\n<figure class=\"wp-block-image size-large\"><img decoding=\"async\" width=\"1024\" height=\"576\" data-id=\"27103\" src=\"https:\/\/panoramaciudadano.com\/wp-content\/uploads\/2025\/12\/4-24-1024x576.jpeg\" alt=\"\" class=\"wp-image-27103\" srcset=\"https:\/\/panoramaciudadano.com\/wp-content\/uploads\/2025\/12\/4-24-1024x576.jpeg 1024w, https:\/\/panoramaciudadano.com\/wp-content\/uploads\/2025\/12\/4-24-300x169.jpeg 300w, https:\/\/panoramaciudadano.com\/wp-content\/uploads\/2025\/12\/4-24-768x432.jpeg 768w, https:\/\/panoramaciudadano.com\/wp-content\/uploads\/2025\/12\/4-24.jpeg 1040w\" sizes=\"(max-width: 1024px) 100vw, 1024px\" \/><\/figure>\n\n\n\n<figure class=\"wp-block-image size-large\"><img decoding=\"async\" width=\"1024\" height=\"712\" data-id=\"27102\" src=\"https:\/\/panoramaciudadano.com\/wp-content\/uploads\/2025\/12\/5-17-1024x712.jpeg\" alt=\"\" class=\"wp-image-27102\" srcset=\"https:\/\/panoramaciudadano.com\/wp-content\/uploads\/2025\/12\/5-17-1024x712.jpeg 1024w, https:\/\/panoramaciudadano.com\/wp-content\/uploads\/2025\/12\/5-17-300x209.jpeg 300w, https:\/\/panoramaciudadano.com\/wp-content\/uploads\/2025\/12\/5-17-768x534.jpeg 768w, https:\/\/panoramaciudadano.com\/wp-content\/uploads\/2025\/12\/5-17.jpeg 1040w\" sizes=\"(max-width: 1024px) 100vw, 1024px\" \/><\/figure>\n\n\n\n<figure class=\"wp-block-image size-large\"><img decoding=\"async\" width=\"1024\" height=\"682\" data-id=\"27100\" src=\"https:\/\/panoramaciudadano.com\/wp-content\/uploads\/2025\/12\/6-12-1024x682.jpeg\" alt=\"\" class=\"wp-image-27100\" srcset=\"https:\/\/panoramaciudadano.com\/wp-content\/uploads\/2025\/12\/6-12-1024x682.jpeg 1024w, https:\/\/panoramaciudadano.com\/wp-content\/uploads\/2025\/12\/6-12-300x200.jpeg 300w, https:\/\/panoramaciudadano.com\/wp-content\/uploads\/2025\/12\/6-12-768x512.jpeg 768w, https:\/\/panoramaciudadano.com\/wp-content\/uploads\/2025\/12\/6-12.jpeg 1280w\" sizes=\"(max-width: 1024px) 100vw, 1024px\" \/><\/figure>\n\n\n\n<figure class=\"wp-block-image size-large\"><img decoding=\"async\" width=\"1024\" height=\"682\" data-id=\"27101\" src=\"https:\/\/panoramaciudadano.com\/wp-content\/uploads\/2025\/12\/7-7-1024x682.jpeg\" alt=\"\" class=\"wp-image-27101\" srcset=\"https:\/\/panoramaciudadano.com\/wp-content\/uploads\/2025\/12\/7-7-1024x682.jpeg 1024w, https:\/\/panoramaciudadano.com\/wp-content\/uploads\/2025\/12\/7-7-300x200.jpeg 300w, https:\/\/panoramaciudadano.com\/wp-content\/uploads\/2025\/12\/7-7-768x512.jpeg 768w, https:\/\/panoramaciudadano.com\/wp-content\/uploads\/2025\/12\/7-7.jpeg 1280w\" sizes=\"(max-width: 1024px) 100vw, 1024px\" \/><\/figure>\n\n\n\n<figure class=\"wp-block-image size-large\"><img decoding=\"async\" width=\"1024\" height=\"678\" data-id=\"27106\" src=\"https:\/\/panoramaciudadano.com\/wp-content\/uploads\/2025\/12\/8-5-1024x678.jpeg\" alt=\"\" class=\"wp-image-27106\" srcset=\"https:\/\/panoramaciudadano.com\/wp-content\/uploads\/2025\/12\/8-5-1024x678.jpeg 1024w, https:\/\/panoramaciudadano.com\/wp-content\/uploads\/2025\/12\/8-5-300x199.jpeg 300w, https:\/\/panoramaciudadano.com\/wp-content\/uploads\/2025\/12\/8-5-768x509.jpeg 768w, https:\/\/panoramaciudadano.com\/wp-content\/uploads\/2025\/12\/8-5.jpeg 1040w\" sizes=\"(max-width: 1024px) 100vw, 1024px\" \/><\/figure>\n\n\n\n<figure class=\"wp-block-image size-large\"><img decoding=\"async\" width=\"1024\" height=\"683\" data-id=\"27107\" src=\"https:\/\/panoramaciudadano.com\/wp-content\/uploads\/2025\/12\/WhatsApp-Image-2025-12-08-at-10.08.32-1024x683.jpeg\" alt=\"\" class=\"wp-image-27107\" srcset=\"https:\/\/panoramaciudadano.com\/wp-content\/uploads\/2025\/12\/WhatsApp-Image-2025-12-08-at-10.08.32-1024x683.jpeg 1024w, https:\/\/panoramaciudadano.com\/wp-content\/uploads\/2025\/12\/WhatsApp-Image-2025-12-08-at-10.08.32-300x200.jpeg 300w, https:\/\/panoramaciudadano.com\/wp-content\/uploads\/2025\/12\/WhatsApp-Image-2025-12-08-at-10.08.32-768x512.jpeg 768w, https:\/\/panoramaciudadano.com\/wp-content\/uploads\/2025\/12\/WhatsApp-Image-2025-12-08-at-10.08.32.jpeg 1040w\" sizes=\"(max-width: 1024px) 100vw, 1024px\" \/><\/figure>\n<\/figure>\n\n\n\n<p>En un ambiente lleno de luces, m\u00fasica y armon\u00eda, arrancaron las tradicionales posadas \u201cCanc\u00fan Nos Une Esta Navidad\u201d, en la delegaci\u00f3n Alfredo V. Bonfil, donde autoridades municipales con m\u00faltiples actividades promovieron la tradici\u00f3n, uni\u00f3n familiar y sana convivencia.<\/p>\n\n\n\n<p>Ante ni\u00f1as, ni\u00f1os, j\u00f3venes, mam\u00e1s, pap\u00e1s y abuelitos, la secretaria de Bienestar, Berenice Sosa Osorio, en representaci\u00f3n de la Presidenta Municipal, Ana Paty Peralta, expres\u00f3 su alegr\u00eda por iniciar esta celebraci\u00f3n en una comunidad que, dijo, \u201ces ra\u00edz, origen y coraz\u00f3n de Canc\u00fan\u201d, al reconocer que la fuerza de sus familias trabajadoras impuls\u00f3 el nacimiento y desarrollo de la ciudad.<\/p>\n\n\n\n<p>Adem\u00e1s, durante su mensaje invit\u00f3 a los asistentes a disfrutar de todas las actividades navide\u00f1as que ya est\u00e1n iluminando el municipio, como el encendido de glorietas, el \u00e1rbol navide\u00f1o y el ic\u00f3nico \u201cBurrito Sabanero\u201d en la Plaza de la Reforma, as\u00ed como a las villas navide\u00f1as y la pista ecol\u00f3gica de patinaje en el Malec\u00f3n Tajamar que en los pr\u00f3ximos d\u00edas estar\u00e1n habilitadas.<\/p>\n\n\n\n<p>\u201cTodo esto lo hacemos pensando en ustedes, para que la magia de la Navidad ilumine sus corazones, sus hogares y a toda esta gran familia que es Canc\u00fan\u201d, resalt\u00f3.<\/p>\n\n\n\n<p>En esta verbena popular, los asistentes pudieron disfrutar de forma gratuita de shows de payasos, espect\u00e1culos navide\u00f1os, pinta caritas, snacks y una feria con juegos de aros, loter\u00eda, ruleta, levanta la botella, canicas, ponle la cola al burro, entre otros.<\/p>\n\n\n\n<p>Sin embargo, los gritos de emoci\u00f3n se hicieron presentes al momento de la rifa de regalos, donde los m\u00e1s peque\u00f1os del hogar vivieron momentos de regocijo al recibir los maravillosos obsequios de manos de Santa Claus con el apoyo de la titular de Bienestar y regidores.<\/p>\n\n\n\n<p>Luego de haber compartido sonrisas, abrazos, momentos inolvidables, las y los servidores p\u00fablicos desearon a toda la comunidad banfile\u00f1a una feliz Navidad y un pr\u00f3spero a\u00f1o nuevo.<\/p>\n\n\n\n<hr class=\"wp-block-separator has-alpha-channel-opacity\"\/>\n\n\n\n<p>En el marco de esta festividad familiar, tambi\u00e9n se ilumin\u00f3 el \u00c1rbol de Navidad de esta delegaci\u00f3n.<\/p>\n\n\n\n<p>Posadas Navide\u00f1as 2025:<br>13 de diciembre: Valle Verde<br>14 de diciembre: Supermanzana 260<br>17 de diciembre: Supermanzana 96<br>20 de diciembre: Supermanzana 247<br>21 de diciembre: Supermanzana 227<br>22 de diciembre: Sacb\u00e9<\/p>\n","protected":false},"excerpt":{"rendered":"<p>El Ayuntamiento promueve la uni\u00f3n familiar y sana convivencia conforme directrices de la Presidenta Municipal, Ana Paty Peralta.<\/p>\n","protected":false},"author":1,"featured_media":27107,"comment_status":"open","ping_status":"closed","sticky":false,"template":"","format":"standard","meta":{"footnotes":""},"categories":[6],"tags":[2094],"class_list":["post-27099","post","type-post","status-publish","format-standard","has-post-thumbnail","hentry","category-cancun","tag-bonfil"],"yoast_head":"<!-- This site is optimized with the Yoast SEO plugin v27.1.1 - https:\/\/yoast.com\/product\/yoast-seo-wordpress\/ -->\n<title>INICIAN POSADAS CANCUNENSES EN BONFIL - Panorama Ciudadano<\/title>\n<meta name=\"robots\" content=\"index, follow, max-snippet:-1, max-image-preview:large, max-video-preview:-1\" \/>\n<link rel=\"canonical\" href=\"https:\/\/panoramaciudadano.com\/index.php\/2025\/12\/08\/inician-posadas-cancunenses-en-bonfil\/\" \/>\n<meta property=\"og:locale\" content=\"es_ES\" \/>\n<meta property=\"og:type\" content=\"article\" \/>\n<meta property=\"og:title\" content=\"INICIAN POSADAS CANCUNENSES EN BONFIL - Panorama Ciudadano\" \/>\n<meta property=\"og:description\" content=\"El Ayuntamiento promueve la uni\u00f3n familiar y sana convivencia conforme directrices de la Presidenta Municipal, Ana Paty Peralta.\" \/>\n<meta property=\"og:url\" content=\"https:\/\/panoramaciudadano.com\/index.php\/2025\/12\/08\/inician-posadas-cancunenses-en-bonfil\/\" \/>\n<meta property=\"og:site_name\" content=\"Panorama Ciudadano\" \/>\n<meta property=\"article:publisher\" content=\"https:\/\/www.facebook.com\/panoramaciudadano\" \/>\n<meta property=\"article:published_time\" content=\"2025-12-08T15:36:17+00:00\" \/>\n<meta property=\"article:modified_time\" content=\"2025-12-08T15:36:19+00:00\" \/>\n<meta property=\"og:image\" content=\"https:\/\/panoramaciudadano.com\/wp-content\/uploads\/2025\/12\/WhatsApp-Image-2025-12-08-at-10.08.32.jpeg\" \/>\n\t<meta property=\"og:image:width\" content=\"1040\" \/>\n\t<meta property=\"og:image:height\" content=\"694\" \/>\n\t<meta property=\"og:image:type\" content=\"image\/jpeg\" \/>\n<meta name=\"author\" content=\"admin\" \/>\n<meta name=\"twitter:card\" content=\"summary_large_image\" \/>\n<meta name=\"twitter:label1\" content=\"Escrito por\" \/>\n\t<meta name=\"twitter:data1\" content=\"admin\" \/>\n\t<meta name=\"twitter:label2\" content=\"Tiempo de lectura\" \/>\n\t<meta name=\"twitter:data2\" content=\"4 minutos\" \/>\n<script type=\"application\/ld+json\" class=\"yoast-schema-graph\">{\"@context\":\"https:\/\/schema.org\",\"@graph\":[{\"@type\":\"Article\",\"@id\":\"https:\/\/panoramaciudadano.com\/index.php\/2025\/12\/08\/inician-posadas-cancunenses-en-bonfil\/#article\",\"isPartOf\":{\"@id\":\"https:\/\/panoramaciudadano.com\/index.php\/2025\/12\/08\/inician-posadas-cancunenses-en-bonfil\/\"},\"author\":{\"name\":\"admin\",\"@id\":\"https:\/\/panoramaciudadano.com\/#\/schema\/person\/ffe9fe8ef47d3a93977b5761fd9e0d96\"},\"headline\":\"INICIAN POSADAS CANCUNENSES EN BONFIL\",\"datePublished\":\"2025-12-08T15:36:17+00:00\",\"dateModified\":\"2025-12-08T15:36:19+00:00\",\"mainEntityOfPage\":{\"@id\":\"https:\/\/panoramaciudadano.com\/index.php\/2025\/12\/08\/inician-posadas-cancunenses-en-bonfil\/\"},\"wordCount\":389,\"commentCount\":0,\"publisher\":{\"@id\":\"https:\/\/panoramaciudadano.com\/#organization\"},\"image\":{\"@id\":\"https:\/\/panoramaciudadano.com\/index.php\/2025\/12\/08\/inician-posadas-cancunenses-en-bonfil\/#primaryimage\"},\"thumbnailUrl\":\"https:\/\/panoramaciudadano.com\/wp-content\/uploads\/2025\/12\/WhatsApp-Image-2025-12-08-at-10.08.32.jpeg\",\"keywords\":[\"Bonfil\"],\"articleSection\":[\"Canc\u00fan\"],\"inLanguage\":\"es\",\"potentialAction\":[{\"@type\":\"CommentAction\",\"name\":\"Comment\",\"target\":[\"https:\/\/panoramaciudadano.com\/index.php\/2025\/12\/08\/inician-posadas-cancunenses-en-bonfil\/#respond\"]}]},{\"@type\":\"WebPage\",\"@id\":\"https:\/\/panoramaciudadano.com\/index.php\/2025\/12\/08\/inician-posadas-cancunenses-en-bonfil\/\",\"url\":\"https:\/\/panoramaciudadano.com\/index.php\/2025\/12\/08\/inician-posadas-cancunenses-en-bonfil\/\",\"name\":\"INICIAN POSADAS CANCUNENSES EN BONFIL - Panorama Ciudadano\",\"isPartOf\":{\"@id\":\"https:\/\/panoramaciudadano.com\/#website\"},\"primaryImageOfPage\":{\"@id\":\"https:\/\/panoramaciudadano.com\/index.php\/2025\/12\/08\/inician-posadas-cancunenses-en-bonfil\/#primaryimage\"},\"image\":{\"@id\":\"https:\/\/panoramaciudadano.com\/index.php\/2025\/12\/08\/inician-posadas-cancunenses-en-bonfil\/#primaryimage\"},\"thumbnailUrl\":\"https:\/\/panoramaciudadano.com\/wp-content\/uploads\/2025\/12\/WhatsApp-Image-2025-12-08-at-10.08.32.jpeg\",\"datePublished\":\"2025-12-08T15:36:17+00:00\",\"dateModified\":\"2025-12-08T15:36:19+00:00\",\"breadcrumb\":{\"@id\":\"https:\/\/panoramaciudadano.com\/index.php\/2025\/12\/08\/inician-posadas-cancunenses-en-bonfil\/#breadcrumb\"},\"inLanguage\":\"es\",\"potentialAction\":[{\"@type\":\"ReadAction\",\"target\":[\"https:\/\/panoramaciudadano.com\/index.php\/2025\/12\/08\/inician-posadas-cancunenses-en-bonfil\/\"]}]},{\"@type\":\"ImageObject\",\"inLanguage\":\"es\",\"@id\":\"https:\/\/panoramaciudadano.com\/index.php\/2025\/12\/08\/inician-posadas-cancunenses-en-bonfil\/#primaryimage\",\"url\":\"https:\/\/panoramaciudadano.com\/wp-content\/uploads\/2025\/12\/WhatsApp-Image-2025-12-08-at-10.08.32.jpeg\",\"contentUrl\":\"https:\/\/panoramaciudadano.com\/wp-content\/uploads\/2025\/12\/WhatsApp-Image-2025-12-08-at-10.08.32.jpeg\",\"width\":1040,\"height\":694},{\"@type\":\"BreadcrumbList\",\"@id\":\"https:\/\/panoramaciudadano.com\/index.php\/2025\/12\/08\/inician-posadas-cancunenses-en-bonfil\/#breadcrumb\",\"itemListElement\":[{\"@type\":\"ListItem\",\"position\":1,\"name\":\"Portada\",\"item\":\"https:\/\/panoramaciudadano.com\/\"},{\"@type\":\"ListItem\",\"position\":2,\"name\":\"INICIAN POSADAS CANCUNENSES EN BONFIL\"}]},{\"@type\":\"WebSite\",\"@id\":\"https:\/\/panoramaciudadano.com\/#website\",\"url\":\"https:\/\/panoramaciudadano.com\/\",\"name\":\"Panorama Ciudadano\",\"description\":\"\",\"publisher\":{\"@id\":\"https:\/\/panoramaciudadano.com\/#organization\"},\"potentialAction\":[{\"@type\":\"SearchAction\",\"target\":{\"@type\":\"EntryPoint\",\"urlTemplate\":\"https:\/\/panoramaciudadano.com\/?s={search_term_string}\"},\"query-input\":{\"@type\":\"PropertyValueSpecification\",\"valueRequired\":true,\"valueName\":\"search_term_string\"}}],\"inLanguage\":\"es\"},{\"@type\":\"Organization\",\"@id\":\"https:\/\/panoramaciudadano.com\/#organization\",\"name\":\"Panorama Ciudadano\",\"url\":\"https:\/\/panoramaciudadano.com\/\",\"logo\":{\"@type\":\"ImageObject\",\"inLanguage\":\"es\",\"@id\":\"https:\/\/panoramaciudadano.com\/#\/schema\/logo\/image\/\",\"url\":\"https:\/\/panoramaciudadano.com\/wp-content\/uploads\/2024\/05\/401498640_919267042938564_6290593609399108733_n.jpg\",\"contentUrl\":\"https:\/\/panoramaciudadano.com\/wp-content\/uploads\/2024\/05\/401498640_919267042938564_6290593609399108733_n.jpg\",\"width\":960,\"height\":957,\"caption\":\"Panorama Ciudadano\"},\"image\":{\"@id\":\"https:\/\/panoramaciudadano.com\/#\/schema\/logo\/image\/\"},\"sameAs\":[\"https:\/\/www.facebook.com\/panoramaciudadano\"]},{\"@type\":\"Person\",\"@id\":\"https:\/\/panoramaciudadano.com\/#\/schema\/person\/ffe9fe8ef47d3a93977b5761fd9e0d96\",\"name\":\"admin\",\"image\":{\"@type\":\"ImageObject\",\"inLanguage\":\"es\",\"@id\":\"https:\/\/panoramaciudadano.com\/#\/schema\/person\/image\/\",\"url\":\"https:\/\/secure.gravatar.com\/avatar\/2d5a12cacce3f18096f25fadea8abb7202fef18ed669595589853e84260ff451?s=96&d=mm&r=g\",\"contentUrl\":\"https:\/\/secure.gravatar.com\/avatar\/2d5a12cacce3f18096f25fadea8abb7202fef18ed669595589853e84260ff451?s=96&d=mm&r=g\",\"caption\":\"admin\"},\"sameAs\":[\"https:\/\/panoramaciudadano.com\"],\"url\":\"https:\/\/panoramaciudadano.com\/index.php\/author\/admin_3q6hyqq3\/\"}]}<\/script>\n<!-- \/ Yoast SEO plugin. -->","yoast_head_json":{"title":"INICIAN POSADAS CANCUNENSES EN BONFIL - Panorama Ciudadano","robots":{"index":"index","follow":"follow","max-snippet":"max-snippet:-1","max-image-preview":"max-image-preview:large","max-video-preview":"max-video-preview:-1"},"canonical":"https:\/\/panoramaciudadano.com\/index.php\/2025\/12\/08\/inician-posadas-cancunenses-en-bonfil\/","og_locale":"es_ES","og_type":"article","og_title":"INICIAN POSADAS CANCUNENSES EN BONFIL - Panorama Ciudadano","og_description":"El Ayuntamiento promueve la uni\u00f3n familiar y sana convivencia conforme directrices de la Presidenta Municipal, Ana Paty Peralta.","og_url":"https:\/\/panoramaciudadano.com\/index.php\/2025\/12\/08\/inician-posadas-cancunenses-en-bonfil\/","og_site_name":"Panorama Ciudadano","article_publisher":"https:\/\/www.facebook.com\/panoramaciudadano","article_published_time":"2025-12-08T15:36:17+00:00","article_modified_time":"2025-12-08T15:36:19+00:00","og_image":[{"width":1040,"height":694,"url":"https:\/\/panoramaciudadano.com\/wp-content\/uploads\/2025\/12\/WhatsApp-Image-2025-12-08-at-10.08.32.jpeg","type":"image\/jpeg"}],"author":"admin","twitter_card":"summary_large_image","twitter_misc":{"Escrito por":"admin","Tiempo de lectura":"4 minutos"},"schema":{"@context":"https:\/\/schema.org","@graph":[{"@type":"Article","@id":"https:\/\/panoramaciudadano.com\/index.php\/2025\/12\/08\/inician-posadas-cancunenses-en-bonfil\/#article","isPartOf":{"@id":"https:\/\/panoramaciudadano.com\/index.php\/2025\/12\/08\/inician-posadas-cancunenses-en-bonfil\/"},"author":{"name":"admin","@id":"https:\/\/panoramaciudadano.com\/#\/schema\/person\/ffe9fe8ef47d3a93977b5761fd9e0d96"},"headline":"INICIAN POSADAS CANCUNENSES EN BONFIL","datePublished":"2025-12-08T15:36:17+00:00","dateModified":"2025-12-08T15:36:19+00:00","mainEntityOfPage":{"@id":"https:\/\/panoramaciudadano.com\/index.php\/2025\/12\/08\/inician-posadas-cancunenses-en-bonfil\/"},"wordCount":389,"commentCount":0,"publisher":{"@id":"https:\/\/panoramaciudadano.com\/#organization"},"image":{"@id":"https:\/\/panoramaciudadano.com\/index.php\/2025\/12\/08\/inician-posadas-cancunenses-en-bonfil\/#primaryimage"},"thumbnailUrl":"https:\/\/panoramaciudadano.com\/wp-content\/uploads\/2025\/12\/WhatsApp-Image-2025-12-08-at-10.08.32.jpeg","keywords":["Bonfil"],"articleSection":["Canc\u00fan"],"inLanguage":"es","potentialAction":[{"@type":"CommentAction","name":"Comment","target":["https:\/\/panoramaciudadano.com\/index.php\/2025\/12\/08\/inician-posadas-cancunenses-en-bonfil\/#respond"]}]},{"@type":"WebPage","@id":"https:\/\/panoramaciudadano.com\/index.php\/2025\/12\/08\/inician-posadas-cancunenses-en-bonfil\/","url":"https:\/\/panoramaciudadano.com\/index.php\/2025\/12\/08\/inician-posadas-cancunenses-en-bonfil\/","name":"INICIAN POSADAS CANCUNENSES EN BONFIL - Panorama Ciudadano","isPartOf":{"@id":"https:\/\/panoramaciudadano.com\/#website"},"primaryImageOfPage":{"@id":"https:\/\/panoramaciudadano.com\/index.php\/2025\/12\/08\/inician-posadas-cancunenses-en-bonfil\/#primaryimage"},"image":{"@id":"https:\/\/panoramaciudadano.com\/index.php\/2025\/12\/08\/inician-posadas-cancunenses-en-bonfil\/#primaryimage"},"thumbnailUrl":"https:\/\/panoramaciudadano.com\/wp-content\/uploads\/2025\/12\/WhatsApp-Image-2025-12-08-at-10.08.32.jpeg","datePublished":"2025-12-08T15:36:17+00:00","dateModified":"2025-12-08T15:36:19+00:00","breadcrumb":{"@id":"https:\/\/panoramaciudadano.com\/index.php\/2025\/12\/08\/inician-posadas-cancunenses-en-bonfil\/#breadcrumb"},"inLanguage":"es","potentialAction":[{"@type":"ReadAction","target":["https:\/\/panoramaciudadano.com\/index.php\/2025\/12\/08\/inician-posadas-cancunenses-en-bonfil\/"]}]},{"@type":"ImageObject","inLanguage":"es","@id":"https:\/\/panoramaciudadano.com\/index.php\/2025\/12\/08\/inician-posadas-cancunenses-en-bonfil\/#primaryimage","url":"https:\/\/panoramaciudadano.com\/wp-content\/uploads\/2025\/12\/WhatsApp-Image-2025-12-08-at-10.08.32.jpeg","contentUrl":"https:\/\/panoramaciudadano.com\/wp-content\/uploads\/2025\/12\/WhatsApp-Image-2025-12-08-at-10.08.32.jpeg","width":1040,"height":694},{"@type":"BreadcrumbList","@id":"https:\/\/panoramaciudadano.com\/index.php\/2025\/12\/08\/inician-posadas-cancunenses-en-bonfil\/#breadcrumb","itemListElement":[{"@type":"ListItem","position":1,"name":"Portada","item":"https:\/\/panoramaciudadano.com\/"},{"@type":"ListItem","position":2,"name":"INICIAN POSADAS CANCUNENSES EN BONFIL"}]},{"@type":"WebSite","@id":"https:\/\/panoramaciudadano.com\/#website","url":"https:\/\/panoramaciudadano.com\/","name":"Panorama Ciudadano","description":"","publisher":{"@id":"https:\/\/panoramaciudadano.com\/#organization"},"potentialAction":[{"@type":"SearchAction","target":{"@type":"EntryPoint","urlTemplate":"https:\/\/panoramaciudadano.com\/?s={search_term_string}"},"query-input":{"@type":"PropertyValueSpecification","valueRequired":true,"valueName":"search_term_string"}}],"inLanguage":"es"},{"@type":"Organization","@id":"https:\/\/panoramaciudadano.com\/#organization","name":"Panorama Ciudadano","url":"https:\/\/panoramaciudadano.com\/","logo":{"@type":"ImageObject","inLanguage":"es","@id":"https:\/\/panoramaciudadano.com\/#\/schema\/logo\/image\/","url":"https:\/\/panoramaciudadano.com\/wp-content\/uploads\/2024\/05\/401498640_919267042938564_6290593609399108733_n.jpg","contentUrl":"https:\/\/panoramaciudadano.com\/wp-content\/uploads\/2024\/05\/401498640_919267042938564_6290593609399108733_n.jpg","width":960,"height":957,"caption":"Panorama Ciudadano"},"image":{"@id":"https:\/\/panoramaciudadano.com\/#\/schema\/logo\/image\/"},"sameAs":["https:\/\/www.facebook.com\/panoramaciudadano"]},{"@type":"Person","@id":"https:\/\/panoramaciudadano.com\/#\/schema\/person\/ffe9fe8ef47d3a93977b5761fd9e0d96","name":"admin","image":{"@type":"ImageObject","inLanguage":"es","@id":"https:\/\/panoramaciudadano.com\/#\/schema\/person\/image\/","url":"https:\/\/secure.gravatar.com\/avatar\/2d5a12cacce3f18096f25fadea8abb7202fef18ed669595589853e84260ff451?s=96&d=mm&r=g","contentUrl":"https:\/\/secure.gravatar.com\/avatar\/2d5a12cacce3f18096f25fadea8abb7202fef18ed669595589853e84260ff451?s=96&d=mm&r=g","caption":"admin"},"sameAs":["https:\/\/panoramaciudadano.com"],"url":"https:\/\/panoramaciudadano.com\/index.php\/author\/admin_3q6hyqq3\/"}]}},"_links":{"self":[{"href":"https:\/\/panoramaciudadano.com\/index.php\/wp-json\/wp\/v2\/posts\/27099","targetHints":{"allow":["GET"]}}],"collection":[{"href":"https:\/\/panoramaciudadano.com\/index.php\/wp-json\/wp\/v2\/posts"}],"about":[{"href":"https:\/\/panoramaciudadano.com\/index.php\/wp-json\/wp\/v2\/types\/post"}],"author":[{"embeddable":true,"href":"https:\/\/panoramaciudadano.com\/index.php\/wp-json\/wp\/v2\/users\/1"}],"replies":[{"embeddable":true,"href":"https:\/\/panoramaciudadano.com\/index.php\/wp-json\/wp\/v2\/comments?post=27099"}],"version-history":[{"count":1,"href":"https:\/\/panoramaciudadano.com\/index.php\/wp-json\/wp\/v2\/posts\/27099\/revisions"}],"predecessor-version":[{"id":27108,"href":"https:\/\/panoramaciudadano.com\/index.php\/wp-json\/wp\/v2\/posts\/27099\/revisions\/27108"}],"wp:featuredmedia":[{"embeddable":true,"href":"https:\/\/panoramaciudadano.com\/index.php\/wp-json\/wp\/v2\/media\/27107"}],"wp:attachment":[{"href":"https:\/\/panoramaciudadano.com\/index.php\/wp-json\/wp\/v2\/media?parent=27099"}],"wp:term":[{"taxonomy":"category","embeddable":true,"href":"https:\/\/panoramaciudadano.com\/index.php\/wp-json\/wp\/v2\/categories?post=27099"},{"taxonomy":"post_tag","embeddable":true,"href":"https:\/\/panoramaciudadano.com\/index.php\/wp-json\/wp\/v2\/tags?post=27099"}],"curies":[{"name":"wp","href":"https:\/\/api.w.org\/{rel}","templated":true}]}}