{"id":27118,"date":"2025-12-09T09:31:17","date_gmt":"2025-12-09T14:31:17","guid":{"rendered":"https:\/\/panoramaciudadano.com\/?p=27118"},"modified":"2025-12-09T09:31:20","modified_gmt":"2025-12-09T14:31:20","slug":"ayuntamiento-sostiene-reunion-de-seguimiento-con-vecinas-y-vecinos-de-diversas-colonias","status":"publish","type":"post","link":"https:\/\/panoramaciudadano.com\/index.php\/2025\/12\/09\/ayuntamiento-sostiene-reunion-de-seguimiento-con-vecinas-y-vecinos-de-diversas-colonias\/","title":{"rendered":"AYUNTAMIENTO SOSTIENE REUNI\u00d3N DE SEGUIMIENTO CON VECINAS Y VECINOS DE DIVERSAS COLONIAS"},"content":{"rendered":"\n<figure class=\"wp-block-gallery has-nested-images columns-default is-cropped wp-block-gallery-1 is-layout-flex wp-block-gallery-is-layout-flex\">\n<figure class=\"wp-block-image size-large\"><img decoding=\"async\" width=\"1024\" height=\"683\" data-id=\"27139\" src=\"https:\/\/panoramaciudadano.com\/wp-content\/uploads\/2025\/12\/2-43-1024x683.jpeg\" alt=\"\" class=\"wp-image-27139\" srcset=\"https:\/\/panoramaciudadano.com\/wp-content\/uploads\/2025\/12\/2-43-1024x683.jpeg 1024w, https:\/\/panoramaciudadano.com\/wp-content\/uploads\/2025\/12\/2-43-300x200.jpeg 300w, https:\/\/panoramaciudadano.com\/wp-content\/uploads\/2025\/12\/2-43-768x512.jpeg 768w, https:\/\/panoramaciudadano.com\/wp-content\/uploads\/2025\/12\/2-43.jpeg 1040w\" sizes=\"(max-width: 1024px) 100vw, 1024px\" \/><\/figure>\n\n\n\n<figure class=\"wp-block-image size-large\"><img decoding=\"async\" width=\"1024\" height=\"683\" data-id=\"27138\" src=\"https:\/\/panoramaciudadano.com\/wp-content\/uploads\/2025\/12\/3-41-1024x683.jpeg\" alt=\"\" class=\"wp-image-27138\" srcset=\"https:\/\/panoramaciudadano.com\/wp-content\/uploads\/2025\/12\/3-41-1024x683.jpeg 1024w, https:\/\/panoramaciudadano.com\/wp-content\/uploads\/2025\/12\/3-41-300x200.jpeg 300w, https:\/\/panoramaciudadano.com\/wp-content\/uploads\/2025\/12\/3-41-768x512.jpeg 768w, https:\/\/panoramaciudadano.com\/wp-content\/uploads\/2025\/12\/3-41.jpeg 1040w\" sizes=\"(max-width: 1024px) 100vw, 1024px\" \/><\/figure>\n\n\n\n<figure class=\"wp-block-image size-large\"><img decoding=\"async\" width=\"1024\" height=\"683\" data-id=\"27137\" src=\"https:\/\/panoramaciudadano.com\/wp-content\/uploads\/2025\/12\/4-26-1024x683.jpeg\" alt=\"\" class=\"wp-image-27137\" srcset=\"https:\/\/panoramaciudadano.com\/wp-content\/uploads\/2025\/12\/4-26-1024x683.jpeg 1024w, https:\/\/panoramaciudadano.com\/wp-content\/uploads\/2025\/12\/4-26-300x200.jpeg 300w, https:\/\/panoramaciudadano.com\/wp-content\/uploads\/2025\/12\/4-26-768x512.jpeg 768w, https:\/\/panoramaciudadano.com\/wp-content\/uploads\/2025\/12\/4-26.jpeg 1040w\" sizes=\"(max-width: 1024px) 100vw, 1024px\" \/><\/figure>\n\n\n\n<figure class=\"wp-block-image size-large\"><img decoding=\"async\" width=\"1024\" height=\"683\" data-id=\"27136\" src=\"https:\/\/panoramaciudadano.com\/wp-content\/uploads\/2025\/12\/WhatsApp-Image-2025-12-08-at-21.38.21-1024x683.jpeg\" alt=\"\" class=\"wp-image-27136\" srcset=\"https:\/\/panoramaciudadano.com\/wp-content\/uploads\/2025\/12\/WhatsApp-Image-2025-12-08-at-21.38.21-1024x683.jpeg 1024w, https:\/\/panoramaciudadano.com\/wp-content\/uploads\/2025\/12\/WhatsApp-Image-2025-12-08-at-21.38.21-300x200.jpeg 300w, https:\/\/panoramaciudadano.com\/wp-content\/uploads\/2025\/12\/WhatsApp-Image-2025-12-08-at-21.38.21-768x512.jpeg 768w, https:\/\/panoramaciudadano.com\/wp-content\/uploads\/2025\/12\/WhatsApp-Image-2025-12-08-at-21.38.21.jpeg 1040w\" sizes=\"(max-width: 1024px) 100vw, 1024px\" \/><\/figure>\n<\/figure>\n\n\n\n<p>El Gobierno de Benito Ju\u00e1rez sostuvo una reuni\u00f3n con vecinas y vecinos de diversas colonias para atender directamente sus inquietudes, necesidades y propuestas.<\/p>\n\n\n\n<p>Por instrucciones de la Presidenta Municipal, Ana Paty Peralta, el encuentro fue encabezado por el Secretario General del Ayuntamiento, Pablo Guti\u00e9rrez Fern\u00e1ndez, quien reiter\u00f3 el compromiso de mantener una comunicaci\u00f3n cercana y resolver de manera oportuna las solicitudes de la ciudadan\u00eda.<\/p>\n\n\n\n<p>Tambi\u00e9n participaron el director de Servicios P\u00fablicos, Antonio de la Torre Chamb\u00e9; la directora general de Asuntos Jur\u00eddicos, Adriana Canch\u00e9 Sol\u00eds; y la directora del Instituto de Regularizaci\u00f3n para el Bienestar Patrimonial, Noraa Garza Ram\u00edrez, quienes dieron atenci\u00f3n puntual a cada planteamiento.<\/p>\n\n\n\n<p>Durante la reuni\u00f3n se consolidaron acuerdos para seguir avanzando con la comunidad: mantener una comunicaci\u00f3n constante, realizar encuentros peri\u00f3dicos para dar seguimiento a los proyectos, reforzar el mantenimiento de vialidades y revisar los avances de las acciones coordinadas con la Comisi\u00f3n Federal de Electricidad (CFE).<\/p>\n\n\n\n<p>El Ayuntamiento de Benito Ju\u00e1rez reafirma su compromiso de trabajar de manera cercana y colaborativa, construyendo soluciones junto a la ciudadan\u00eda para fortalecer el bienestar y la calidad de vida en cada colonia del municipio.<\/p>\n\n\n\n<hr class=\"wp-block-separator has-alpha-channel-opacity\"\/>\n","protected":false},"excerpt":{"rendered":"<p>El Gobierno de Benito Ju\u00e1rez sostuvo una reuni\u00f3n con vecinas y vecinos de diversas colonias para atender directamente sus inquietudes, necesidades y propuestas.<\/p>\n","protected":false},"author":1,"featured_media":27137,"comment_status":"open","ping_status":"closed","sticky":false,"template":"","format":"standard","meta":{"footnotes":""},"categories":[6],"tags":[272],"class_list":["post-27118","post","type-post","status-publish","format-standard","has-post-thumbnail","hentry","category-cancun","tag-pablo-gutierrez-fernandez"],"yoast_head":"<!-- This site is optimized with the Yoast SEO plugin v27.1.1 - https:\/\/yoast.com\/product\/yoast-seo-wordpress\/ -->\n<title>AYUNTAMIENTO SOSTIENE REUNI\u00d3N DE SEGUIMIENTO CON VECINAS Y VECINOS DE DIVERSAS COLONIAS - Panorama Ciudadano<\/title>\n<meta name=\"robots\" content=\"index, follow, max-snippet:-1, max-image-preview:large, max-video-preview:-1\" \/>\n<link rel=\"canonical\" href=\"https:\/\/panoramaciudadano.com\/index.php\/2025\/12\/09\/ayuntamiento-sostiene-reunion-de-seguimiento-con-vecinas-y-vecinos-de-diversas-colonias\/\" \/>\n<meta property=\"og:locale\" content=\"es_ES\" \/>\n<meta property=\"og:type\" content=\"article\" \/>\n<meta property=\"og:title\" content=\"AYUNTAMIENTO SOSTIENE REUNI\u00d3N DE SEGUIMIENTO CON VECINAS Y VECINOS DE DIVERSAS COLONIAS - Panorama Ciudadano\" \/>\n<meta property=\"og:description\" content=\"El Gobierno de Benito Ju\u00e1rez sostuvo una reuni\u00f3n con vecinas y vecinos de diversas colonias para atender directamente sus inquietudes, necesidades y propuestas.\" \/>\n<meta property=\"og:url\" content=\"https:\/\/panoramaciudadano.com\/index.php\/2025\/12\/09\/ayuntamiento-sostiene-reunion-de-seguimiento-con-vecinas-y-vecinos-de-diversas-colonias\/\" \/>\n<meta property=\"og:site_name\" content=\"Panorama Ciudadano\" \/>\n<meta property=\"article:publisher\" content=\"https:\/\/www.facebook.com\/panoramaciudadano\" \/>\n<meta property=\"article:published_time\" content=\"2025-12-09T14:31:17+00:00\" \/>\n<meta property=\"article:modified_time\" content=\"2025-12-09T14:31:20+00:00\" \/>\n<meta property=\"og:image\" content=\"https:\/\/panoramaciudadano.com\/wp-content\/uploads\/2025\/12\/4-26.jpeg\" \/>\n\t<meta property=\"og:image:width\" content=\"1040\" \/>\n\t<meta property=\"og:image:height\" content=\"694\" \/>\n\t<meta property=\"og:image:type\" content=\"image\/jpeg\" \/>\n<meta name=\"author\" content=\"admin\" \/>\n<meta name=\"twitter:card\" content=\"summary_large_image\" \/>\n<meta name=\"twitter:label1\" content=\"Escrito por\" \/>\n\t<meta name=\"twitter:data1\" content=\"admin\" \/>\n\t<meta name=\"twitter:label2\" content=\"Tiempo de lectura\" \/>\n\t<meta name=\"twitter:data2\" content=\"2 minutos\" \/>\n<script type=\"application\/ld+json\" class=\"yoast-schema-graph\">{\"@context\":\"https:\/\/schema.org\",\"@graph\":[{\"@type\":\"Article\",\"@id\":\"https:\/\/panoramaciudadano.com\/index.php\/2025\/12\/09\/ayuntamiento-sostiene-reunion-de-seguimiento-con-vecinas-y-vecinos-de-diversas-colonias\/#article\",\"isPartOf\":{\"@id\":\"https:\/\/panoramaciudadano.com\/index.php\/2025\/12\/09\/ayuntamiento-sostiene-reunion-de-seguimiento-con-vecinas-y-vecinos-de-diversas-colonias\/\"},\"author\":{\"name\":\"admin\",\"@id\":\"https:\/\/panoramaciudadano.com\/#\/schema\/person\/ffe9fe8ef47d3a93977b5761fd9e0d96\"},\"headline\":\"AYUNTAMIENTO SOSTIENE REUNI\u00d3N DE SEGUIMIENTO CON VECINAS Y VECINOS DE DIVERSAS COLONIAS\",\"datePublished\":\"2025-12-09T14:31:17+00:00\",\"dateModified\":\"2025-12-09T14:31:20+00:00\",\"mainEntityOfPage\":{\"@id\":\"https:\/\/panoramaciudadano.com\/index.php\/2025\/12\/09\/ayuntamiento-sostiene-reunion-de-seguimiento-con-vecinas-y-vecinos-de-diversas-colonias\/\"},\"wordCount\":218,\"commentCount\":0,\"publisher\":{\"@id\":\"https:\/\/panoramaciudadano.com\/#organization\"},\"image\":{\"@id\":\"https:\/\/panoramaciudadano.com\/index.php\/2025\/12\/09\/ayuntamiento-sostiene-reunion-de-seguimiento-con-vecinas-y-vecinos-de-diversas-colonias\/#primaryimage\"},\"thumbnailUrl\":\"https:\/\/panoramaciudadano.com\/wp-content\/uploads\/2025\/12\/4-26.jpeg\",\"keywords\":[\"Pablo Guti\u00e9rrez Fern\u00e1ndez\"],\"articleSection\":[\"Canc\u00fan\"],\"inLanguage\":\"es\",\"potentialAction\":[{\"@type\":\"CommentAction\",\"name\":\"Comment\",\"target\":[\"https:\/\/panoramaciudadano.com\/index.php\/2025\/12\/09\/ayuntamiento-sostiene-reunion-de-seguimiento-con-vecinas-y-vecinos-de-diversas-colonias\/#respond\"]}]},{\"@type\":\"WebPage\",\"@id\":\"https:\/\/panoramaciudadano.com\/index.php\/2025\/12\/09\/ayuntamiento-sostiene-reunion-de-seguimiento-con-vecinas-y-vecinos-de-diversas-colonias\/\",\"url\":\"https:\/\/panoramaciudadano.com\/index.php\/2025\/12\/09\/ayuntamiento-sostiene-reunion-de-seguimiento-con-vecinas-y-vecinos-de-diversas-colonias\/\",\"name\":\"AYUNTAMIENTO SOSTIENE REUNI\u00d3N DE SEGUIMIENTO CON VECINAS Y VECINOS DE DIVERSAS COLONIAS - Panorama Ciudadano\",\"isPartOf\":{\"@id\":\"https:\/\/panoramaciudadano.com\/#website\"},\"primaryImageOfPage\":{\"@id\":\"https:\/\/panoramaciudadano.com\/index.php\/2025\/12\/09\/ayuntamiento-sostiene-reunion-de-seguimiento-con-vecinas-y-vecinos-de-diversas-colonias\/#primaryimage\"},\"image\":{\"@id\":\"https:\/\/panoramaciudadano.com\/index.php\/2025\/12\/09\/ayuntamiento-sostiene-reunion-de-seguimiento-con-vecinas-y-vecinos-de-diversas-colonias\/#primaryimage\"},\"thumbnailUrl\":\"https:\/\/panoramaciudadano.com\/wp-content\/uploads\/2025\/12\/4-26.jpeg\",\"datePublished\":\"2025-12-09T14:31:17+00:00\",\"dateModified\":\"2025-12-09T14:31:20+00:00\",\"breadcrumb\":{\"@id\":\"https:\/\/panoramaciudadano.com\/index.php\/2025\/12\/09\/ayuntamiento-sostiene-reunion-de-seguimiento-con-vecinas-y-vecinos-de-diversas-colonias\/#breadcrumb\"},\"inLanguage\":\"es\",\"potentialAction\":[{\"@type\":\"ReadAction\",\"target\":[\"https:\/\/panoramaciudadano.com\/index.php\/2025\/12\/09\/ayuntamiento-sostiene-reunion-de-seguimiento-con-vecinas-y-vecinos-de-diversas-colonias\/\"]}]},{\"@type\":\"ImageObject\",\"inLanguage\":\"es\",\"@id\":\"https:\/\/panoramaciudadano.com\/index.php\/2025\/12\/09\/ayuntamiento-sostiene-reunion-de-seguimiento-con-vecinas-y-vecinos-de-diversas-colonias\/#primaryimage\",\"url\":\"https:\/\/panoramaciudadano.com\/wp-content\/uploads\/2025\/12\/4-26.jpeg\",\"contentUrl\":\"https:\/\/panoramaciudadano.com\/wp-content\/uploads\/2025\/12\/4-26.jpeg\",\"width\":1040,\"height\":694},{\"@type\":\"BreadcrumbList\",\"@id\":\"https:\/\/panoramaciudadano.com\/index.php\/2025\/12\/09\/ayuntamiento-sostiene-reunion-de-seguimiento-con-vecinas-y-vecinos-de-diversas-colonias\/#breadcrumb\",\"itemListElement\":[{\"@type\":\"ListItem\",\"position\":1,\"name\":\"Portada\",\"item\":\"https:\/\/panoramaciudadano.com\/\"},{\"@type\":\"ListItem\",\"position\":2,\"name\":\"AYUNTAMIENTO SOSTIENE REUNI\u00d3N DE SEGUIMIENTO CON VECINAS Y VECINOS DE DIVERSAS COLONIAS\"}]},{\"@type\":\"WebSite\",\"@id\":\"https:\/\/panoramaciudadano.com\/#website\",\"url\":\"https:\/\/panoramaciudadano.com\/\",\"name\":\"Panorama Ciudadano\",\"description\":\"\",\"publisher\":{\"@id\":\"https:\/\/panoramaciudadano.com\/#organization\"},\"potentialAction\":[{\"@type\":\"SearchAction\",\"target\":{\"@type\":\"EntryPoint\",\"urlTemplate\":\"https:\/\/panoramaciudadano.com\/?s={search_term_string}\"},\"query-input\":{\"@type\":\"PropertyValueSpecification\",\"valueRequired\":true,\"valueName\":\"search_term_string\"}}],\"inLanguage\":\"es\"},{\"@type\":\"Organization\",\"@id\":\"https:\/\/panoramaciudadano.com\/#organization\",\"name\":\"Panorama Ciudadano\",\"url\":\"https:\/\/panoramaciudadano.com\/\",\"logo\":{\"@type\":\"ImageObject\",\"inLanguage\":\"es\",\"@id\":\"https:\/\/panoramaciudadano.com\/#\/schema\/logo\/image\/\",\"url\":\"https:\/\/panoramaciudadano.com\/wp-content\/uploads\/2024\/05\/401498640_919267042938564_6290593609399108733_n.jpg\",\"contentUrl\":\"https:\/\/panoramaciudadano.com\/wp-content\/uploads\/2024\/05\/401498640_919267042938564_6290593609399108733_n.jpg\",\"width\":960,\"height\":957,\"caption\":\"Panorama Ciudadano\"},\"image\":{\"@id\":\"https:\/\/panoramaciudadano.com\/#\/schema\/logo\/image\/\"},\"sameAs\":[\"https:\/\/www.facebook.com\/panoramaciudadano\"]},{\"@type\":\"Person\",\"@id\":\"https:\/\/panoramaciudadano.com\/#\/schema\/person\/ffe9fe8ef47d3a93977b5761fd9e0d96\",\"name\":\"admin\",\"image\":{\"@type\":\"ImageObject\",\"inLanguage\":\"es\",\"@id\":\"https:\/\/panoramaciudadano.com\/#\/schema\/person\/image\/\",\"url\":\"https:\/\/secure.gravatar.com\/avatar\/2d5a12cacce3f18096f25fadea8abb7202fef18ed669595589853e84260ff451?s=96&d=mm&r=g\",\"contentUrl\":\"https:\/\/secure.gravatar.com\/avatar\/2d5a12cacce3f18096f25fadea8abb7202fef18ed669595589853e84260ff451?s=96&d=mm&r=g\",\"caption\":\"admin\"},\"sameAs\":[\"https:\/\/panoramaciudadano.com\"],\"url\":\"https:\/\/panoramaciudadano.com\/index.php\/author\/admin_3q6hyqq3\/\"}]}<\/script>\n<!-- \/ Yoast SEO plugin. -->","yoast_head_json":{"title":"AYUNTAMIENTO SOSTIENE REUNI\u00d3N DE SEGUIMIENTO CON VECINAS Y VECINOS DE DIVERSAS COLONIAS - Panorama Ciudadano","robots":{"index":"index","follow":"follow","max-snippet":"max-snippet:-1","max-image-preview":"max-image-preview:large","max-video-preview":"max-video-preview:-1"},"canonical":"https:\/\/panoramaciudadano.com\/index.php\/2025\/12\/09\/ayuntamiento-sostiene-reunion-de-seguimiento-con-vecinas-y-vecinos-de-diversas-colonias\/","og_locale":"es_ES","og_type":"article","og_title":"AYUNTAMIENTO SOSTIENE REUNI\u00d3N DE SEGUIMIENTO CON VECINAS Y VECINOS DE DIVERSAS COLONIAS - Panorama Ciudadano","og_description":"El Gobierno de Benito Ju\u00e1rez sostuvo una reuni\u00f3n con vecinas y vecinos de diversas colonias para atender directamente sus inquietudes, necesidades y propuestas.","og_url":"https:\/\/panoramaciudadano.com\/index.php\/2025\/12\/09\/ayuntamiento-sostiene-reunion-de-seguimiento-con-vecinas-y-vecinos-de-diversas-colonias\/","og_site_name":"Panorama Ciudadano","article_publisher":"https:\/\/www.facebook.com\/panoramaciudadano","article_published_time":"2025-12-09T14:31:17+00:00","article_modified_time":"2025-12-09T14:31:20+00:00","og_image":[{"width":1040,"height":694,"url":"https:\/\/panoramaciudadano.com\/wp-content\/uploads\/2025\/12\/4-26.jpeg","type":"image\/jpeg"}],"author":"admin","twitter_card":"summary_large_image","twitter_misc":{"Escrito por":"admin","Tiempo de lectura":"2 minutos"},"schema":{"@context":"https:\/\/schema.org","@graph":[{"@type":"Article","@id":"https:\/\/panoramaciudadano.com\/index.php\/2025\/12\/09\/ayuntamiento-sostiene-reunion-de-seguimiento-con-vecinas-y-vecinos-de-diversas-colonias\/#article","isPartOf":{"@id":"https:\/\/panoramaciudadano.com\/index.php\/2025\/12\/09\/ayuntamiento-sostiene-reunion-de-seguimiento-con-vecinas-y-vecinos-de-diversas-colonias\/"},"author":{"name":"admin","@id":"https:\/\/panoramaciudadano.com\/#\/schema\/person\/ffe9fe8ef47d3a93977b5761fd9e0d96"},"headline":"AYUNTAMIENTO SOSTIENE REUNI\u00d3N DE SEGUIMIENTO CON VECINAS Y VECINOS DE DIVERSAS COLONIAS","datePublished":"2025-12-09T14:31:17+00:00","dateModified":"2025-12-09T14:31:20+00:00","mainEntityOfPage":{"@id":"https:\/\/panoramaciudadano.com\/index.php\/2025\/12\/09\/ayuntamiento-sostiene-reunion-de-seguimiento-con-vecinas-y-vecinos-de-diversas-colonias\/"},"wordCount":218,"commentCount":0,"publisher":{"@id":"https:\/\/panoramaciudadano.com\/#organization"},"image":{"@id":"https:\/\/panoramaciudadano.com\/index.php\/2025\/12\/09\/ayuntamiento-sostiene-reunion-de-seguimiento-con-vecinas-y-vecinos-de-diversas-colonias\/#primaryimage"},"thumbnailUrl":"https:\/\/panoramaciudadano.com\/wp-content\/uploads\/2025\/12\/4-26.jpeg","keywords":["Pablo Guti\u00e9rrez Fern\u00e1ndez"],"articleSection":["Canc\u00fan"],"inLanguage":"es","potentialAction":[{"@type":"CommentAction","name":"Comment","target":["https:\/\/panoramaciudadano.com\/index.php\/2025\/12\/09\/ayuntamiento-sostiene-reunion-de-seguimiento-con-vecinas-y-vecinos-de-diversas-colonias\/#respond"]}]},{"@type":"WebPage","@id":"https:\/\/panoramaciudadano.com\/index.php\/2025\/12\/09\/ayuntamiento-sostiene-reunion-de-seguimiento-con-vecinas-y-vecinos-de-diversas-colonias\/","url":"https:\/\/panoramaciudadano.com\/index.php\/2025\/12\/09\/ayuntamiento-sostiene-reunion-de-seguimiento-con-vecinas-y-vecinos-de-diversas-colonias\/","name":"AYUNTAMIENTO SOSTIENE REUNI\u00d3N DE SEGUIMIENTO CON VECINAS Y VECINOS DE DIVERSAS COLONIAS - Panorama Ciudadano","isPartOf":{"@id":"https:\/\/panoramaciudadano.com\/#website"},"primaryImageOfPage":{"@id":"https:\/\/panoramaciudadano.com\/index.php\/2025\/12\/09\/ayuntamiento-sostiene-reunion-de-seguimiento-con-vecinas-y-vecinos-de-diversas-colonias\/#primaryimage"},"image":{"@id":"https:\/\/panoramaciudadano.com\/index.php\/2025\/12\/09\/ayuntamiento-sostiene-reunion-de-seguimiento-con-vecinas-y-vecinos-de-diversas-colonias\/#primaryimage"},"thumbnailUrl":"https:\/\/panoramaciudadano.com\/wp-content\/uploads\/2025\/12\/4-26.jpeg","datePublished":"2025-12-09T14:31:17+00:00","dateModified":"2025-12-09T14:31:20+00:00","breadcrumb":{"@id":"https:\/\/panoramaciudadano.com\/index.php\/2025\/12\/09\/ayuntamiento-sostiene-reunion-de-seguimiento-con-vecinas-y-vecinos-de-diversas-colonias\/#breadcrumb"},"inLanguage":"es","potentialAction":[{"@type":"ReadAction","target":["https:\/\/panoramaciudadano.com\/index.php\/2025\/12\/09\/ayuntamiento-sostiene-reunion-de-seguimiento-con-vecinas-y-vecinos-de-diversas-colonias\/"]}]},{"@type":"ImageObject","inLanguage":"es","@id":"https:\/\/panoramaciudadano.com\/index.php\/2025\/12\/09\/ayuntamiento-sostiene-reunion-de-seguimiento-con-vecinas-y-vecinos-de-diversas-colonias\/#primaryimage","url":"https:\/\/panoramaciudadano.com\/wp-content\/uploads\/2025\/12\/4-26.jpeg","contentUrl":"https:\/\/panoramaciudadano.com\/wp-content\/uploads\/2025\/12\/4-26.jpeg","width":1040,"height":694},{"@type":"BreadcrumbList","@id":"https:\/\/panoramaciudadano.com\/index.php\/2025\/12\/09\/ayuntamiento-sostiene-reunion-de-seguimiento-con-vecinas-y-vecinos-de-diversas-colonias\/#breadcrumb","itemListElement":[{"@type":"ListItem","position":1,"name":"Portada","item":"https:\/\/panoramaciudadano.com\/"},{"@type":"ListItem","position":2,"name":"AYUNTAMIENTO SOSTIENE REUNI\u00d3N DE SEGUIMIENTO CON VECINAS Y VECINOS DE DIVERSAS COLONIAS"}]},{"@type":"WebSite","@id":"https:\/\/panoramaciudadano.com\/#website","url":"https:\/\/panoramaciudadano.com\/","name":"Panorama Ciudadano","description":"","publisher":{"@id":"https:\/\/panoramaciudadano.com\/#organization"},"potentialAction":[{"@type":"SearchAction","target":{"@type":"EntryPoint","urlTemplate":"https:\/\/panoramaciudadano.com\/?s={search_term_string}"},"query-input":{"@type":"PropertyValueSpecification","valueRequired":true,"valueName":"search_term_string"}}],"inLanguage":"es"},{"@type":"Organization","@id":"https:\/\/panoramaciudadano.com\/#organization","name":"Panorama Ciudadano","url":"https:\/\/panoramaciudadano.com\/","logo":{"@type":"ImageObject","inLanguage":"es","@id":"https:\/\/panoramaciudadano.com\/#\/schema\/logo\/image\/","url":"https:\/\/panoramaciudadano.com\/wp-content\/uploads\/2024\/05\/401498640_919267042938564_6290593609399108733_n.jpg","contentUrl":"https:\/\/panoramaciudadano.com\/wp-content\/uploads\/2024\/05\/401498640_919267042938564_6290593609399108733_n.jpg","width":960,"height":957,"caption":"Panorama Ciudadano"},"image":{"@id":"https:\/\/panoramaciudadano.com\/#\/schema\/logo\/image\/"},"sameAs":["https:\/\/www.facebook.com\/panoramaciudadano"]},{"@type":"Person","@id":"https:\/\/panoramaciudadano.com\/#\/schema\/person\/ffe9fe8ef47d3a93977b5761fd9e0d96","name":"admin","image":{"@type":"ImageObject","inLanguage":"es","@id":"https:\/\/panoramaciudadano.com\/#\/schema\/person\/image\/","url":"https:\/\/secure.gravatar.com\/avatar\/2d5a12cacce3f18096f25fadea8abb7202fef18ed669595589853e84260ff451?s=96&d=mm&r=g","contentUrl":"https:\/\/secure.gravatar.com\/avatar\/2d5a12cacce3f18096f25fadea8abb7202fef18ed669595589853e84260ff451?s=96&d=mm&r=g","caption":"admin"},"sameAs":["https:\/\/panoramaciudadano.com"],"url":"https:\/\/panoramaciudadano.com\/index.php\/author\/admin_3q6hyqq3\/"}]}},"_links":{"self":[{"href":"https:\/\/panoramaciudadano.com\/index.php\/wp-json\/wp\/v2\/posts\/27118","targetHints":{"allow":["GET"]}}],"collection":[{"href":"https:\/\/panoramaciudadano.com\/index.php\/wp-json\/wp\/v2\/posts"}],"about":[{"href":"https:\/\/panoramaciudadano.com\/index.php\/wp-json\/wp\/v2\/types\/post"}],"author":[{"embeddable":true,"href":"https:\/\/panoramaciudadano.com\/index.php\/wp-json\/wp\/v2\/users\/1"}],"replies":[{"embeddable":true,"href":"https:\/\/panoramaciudadano.com\/index.php\/wp-json\/wp\/v2\/comments?post=27118"}],"version-history":[{"count":1,"href":"https:\/\/panoramaciudadano.com\/index.php\/wp-json\/wp\/v2\/posts\/27118\/revisions"}],"predecessor-version":[{"id":27140,"href":"https:\/\/panoramaciudadano.com\/index.php\/wp-json\/wp\/v2\/posts\/27118\/revisions\/27140"}],"wp:featuredmedia":[{"embeddable":true,"href":"https:\/\/panoramaciudadano.com\/index.php\/wp-json\/wp\/v2\/media\/27137"}],"wp:attachment":[{"href":"https:\/\/panoramaciudadano.com\/index.php\/wp-json\/wp\/v2\/media?parent=27118"}],"wp:term":[{"taxonomy":"category","embeddable":true,"href":"https:\/\/panoramaciudadano.com\/index.php\/wp-json\/wp\/v2\/categories?post=27118"},{"taxonomy":"post_tag","embeddable":true,"href":"https:\/\/panoramaciudadano.com\/index.php\/wp-json\/wp\/v2\/tags?post=27118"}],"curies":[{"name":"wp","href":"https:\/\/api.w.org\/{rel}","templated":true}]}}