{"id":28374,"date":"2026-01-05T09:52:51","date_gmt":"2026-01-05T14:52:51","guid":{"rendered":"https:\/\/panoramaciudadano.com\/?p=28374"},"modified":"2026-01-05T09:53:32","modified_gmt":"2026-01-05T14:53:32","slug":"invita-gobierno-municipal-a-votar-en-el-presupuesto-participativo","status":"publish","type":"post","link":"https:\/\/panoramaciudadano.com\/index.php\/2026\/01\/05\/invita-gobierno-municipal-a-votar-en-el-presupuesto-participativo\/","title":{"rendered":"INVITA GOBIERNO MUNICIPAL A VOTAR EN EL PRESUPUESTO PARTICIPATIVO"},"content":{"rendered":"\n<figure class=\"wp-block-gallery has-nested-images columns-default is-cropped wp-block-gallery-1 is-layout-flex wp-block-gallery-is-layout-flex\">\n<figure class=\"wp-block-image size-large\"><img decoding=\"async\" width=\"1024\" height=\"683\" data-id=\"28378\" src=\"https:\/\/panoramaciudadano.com\/wp-content\/uploads\/2026\/01\/WhatsApp-Image-2026-01-05-at-08.33.53-1-1024x683.jpeg\" alt=\"\" class=\"wp-image-28378\" srcset=\"https:\/\/panoramaciudadano.com\/wp-content\/uploads\/2026\/01\/WhatsApp-Image-2026-01-05-at-08.33.53-1-1024x683.jpeg 1024w, https:\/\/panoramaciudadano.com\/wp-content\/uploads\/2026\/01\/WhatsApp-Image-2026-01-05-at-08.33.53-1-300x200.jpeg 300w, https:\/\/panoramaciudadano.com\/wp-content\/uploads\/2026\/01\/WhatsApp-Image-2026-01-05-at-08.33.53-1-768x512.jpeg 768w, https:\/\/panoramaciudadano.com\/wp-content\/uploads\/2026\/01\/WhatsApp-Image-2026-01-05-at-08.33.53-1.jpeg 1280w\" sizes=\"(max-width: 1024px) 100vw, 1024px\" \/><\/figure>\n\n\n\n<figure class=\"wp-block-image size-large\"><img decoding=\"async\" width=\"1024\" height=\"682\" data-id=\"28376\" src=\"https:\/\/panoramaciudadano.com\/wp-content\/uploads\/2026\/01\/WhatsApp-Image-2026-01-05-at-08.33.53-2-1024x682.jpeg\" alt=\"\" class=\"wp-image-28376\" srcset=\"https:\/\/panoramaciudadano.com\/wp-content\/uploads\/2026\/01\/WhatsApp-Image-2026-01-05-at-08.33.53-2-1024x682.jpeg 1024w, https:\/\/panoramaciudadano.com\/wp-content\/uploads\/2026\/01\/WhatsApp-Image-2026-01-05-at-08.33.53-2-300x200.jpeg 300w, https:\/\/panoramaciudadano.com\/wp-content\/uploads\/2026\/01\/WhatsApp-Image-2026-01-05-at-08.33.53-2-768x512.jpeg 768w, https:\/\/panoramaciudadano.com\/wp-content\/uploads\/2026\/01\/WhatsApp-Image-2026-01-05-at-08.33.53-2.jpeg 1280w\" sizes=\"(max-width: 1024px) 100vw, 1024px\" \/><\/figure>\n\n\n\n<figure class=\"wp-block-image size-large\"><img decoding=\"async\" width=\"1024\" height=\"683\" data-id=\"28375\" src=\"https:\/\/panoramaciudadano.com\/wp-content\/uploads\/2026\/01\/WhatsApp-Image-2026-01-05-at-08.33.53-3-1024x683.jpeg\" alt=\"\" class=\"wp-image-28375\" srcset=\"https:\/\/panoramaciudadano.com\/wp-content\/uploads\/2026\/01\/WhatsApp-Image-2026-01-05-at-08.33.53-3-1024x683.jpeg 1024w, https:\/\/panoramaciudadano.com\/wp-content\/uploads\/2026\/01\/WhatsApp-Image-2026-01-05-at-08.33.53-3-300x200.jpeg 300w, https:\/\/panoramaciudadano.com\/wp-content\/uploads\/2026\/01\/WhatsApp-Image-2026-01-05-at-08.33.53-3-768x512.jpeg 768w, https:\/\/panoramaciudadano.com\/wp-content\/uploads\/2026\/01\/WhatsApp-Image-2026-01-05-at-08.33.53-3.jpeg 1280w\" sizes=\"(max-width: 1024px) 100vw, 1024px\" \/><\/figure>\n\n\n\n<figure class=\"wp-block-image size-large\"><img decoding=\"async\" width=\"1024\" height=\"682\" data-id=\"28377\" src=\"https:\/\/panoramaciudadano.com\/wp-content\/uploads\/2026\/01\/WhatsApp-Image-2026-01-05-at-08.33.53-1024x682.jpeg\" alt=\"\" class=\"wp-image-28377\" srcset=\"https:\/\/panoramaciudadano.com\/wp-content\/uploads\/2026\/01\/WhatsApp-Image-2026-01-05-at-08.33.53-1024x682.jpeg 1024w, https:\/\/panoramaciudadano.com\/wp-content\/uploads\/2026\/01\/WhatsApp-Image-2026-01-05-at-08.33.53-300x200.jpeg 300w, https:\/\/panoramaciudadano.com\/wp-content\/uploads\/2026\/01\/WhatsApp-Image-2026-01-05-at-08.33.53-768x512.jpeg 768w, https:\/\/panoramaciudadano.com\/wp-content\/uploads\/2026\/01\/WhatsApp-Image-2026-01-05-at-08.33.53.jpeg 1280w\" sizes=\"(max-width: 1024px) 100vw, 1024px\" \/><\/figure>\n<\/figure>\n\n\n\n<p>Las autoridades de este gobierno que encabeza la Presidenta Municipal, Ana Paty Peralta, invitan a las y los ciudadanos a la votaci\u00f3n presencial del Presupuesto Participativo que tendr\u00e1 lugar en la explanada del Ayuntamiento de Benito Ju\u00e1rez, los d\u00edas 7, 8, 9, 12, 13, 14 y 15 de enero en un horario de 09:00 a 16:00 horas, adem\u00e1s de contar con votaci\u00f3n en l\u00ednea abierta desde el pasado 01 de noviembre.<\/p>\n\n\n\n<p>El objetivo de este programa es que las y los ciudadanos participen en elegir las obras que necesiten en sus colonias, para ello, hay 127 proyectos, los cuales cuentan con recursos de 60 millones de pesos a ejercerse en este a\u00f1o y se pueden consultar por tres v\u00edas: en la p\u00e1gina oficial del Ayuntamiento www.cancun.gob.mx; en el portal oficial: https:\/\/presupuestoparticipativo.cancun.gob.mx\/smdsye\/convocatoria\/propuestas; o en el domo del Palacio Municipal donde estar\u00e1n expuestos.<\/p>\n\n\n\n<p>Los proyectos aprobados son 127 de los cuales 38 corresponden a la Zona 1; 1 a la Zona 2; 8 a la Zona 3; 11 a la Zona 4; 18 a la Zona 5; 29 a la Zona 6 y 22 a la Zona 7, entre ellos, hay propuestas de diferentes obras como pueden ser: rehabilitaci\u00f3n de espacios deportivos, pasos peatonales, alumbrado p\u00fablico, drenaje, entre otras.<\/p>\n\n\n\n<p>Se invita a las y los benitojuarenses a participar en este programa de presupuesto participativo, el cual es un espacio para que las y los ciudadanos opinen, con el fin de que puedan formar parte de la toma de decisiones de este gobierno y saber a d\u00f3nde se van a ejercer los recursos del siguiente a\u00f1o.<\/p>\n\n\n\n<p>El Presupuesto Participativo tiene como objetivo distribuir equitativamente los recursos p\u00fablicos y priorizar obras y proyectos en todas las \u00e1reas que integran este gobierno.<\/p>\n","protected":false},"excerpt":{"rendered":"<p>Las autoridades de este gobierno que encabeza la Presidenta Municipal, Ana Paty Peralta, invitan a las y los ciudadanos a la votaci\u00f3n presencial del Presupuesto Participativo que tendr\u00e1 lugar en la explanada del Ayuntamiento de Benito Ju\u00e1rez, los d\u00edas 7, 8, 9, 12, 13, 14 y 15 de enero en un horario de 09:00 a 16:00 horas, adem\u00e1s de contar con votaci\u00f3n en l\u00ednea abierta desde el pasado 01 de noviembre.<\/p>\n","protected":false},"author":1,"featured_media":28378,"comment_status":"open","ping_status":"closed","sticky":false,"template":"","format":"standard","meta":{"footnotes":""},"categories":[6],"tags":[145],"class_list":["post-28374","post","type-post","status-publish","format-standard","has-post-thumbnail","hentry","category-cancun","tag-ana-paty-peralta"],"yoast_head":"<!-- This site is optimized with the Yoast SEO plugin v27.1.1 - https:\/\/yoast.com\/product\/yoast-seo-wordpress\/ -->\n<title>INVITA GOBIERNO MUNICIPAL A VOTAR EN EL PRESUPUESTO PARTICIPATIVO - Panorama Ciudadano<\/title>\n<meta name=\"robots\" content=\"index, follow, max-snippet:-1, max-image-preview:large, max-video-preview:-1\" \/>\n<link rel=\"canonical\" href=\"https:\/\/panoramaciudadano.com\/index.php\/2026\/01\/05\/invita-gobierno-municipal-a-votar-en-el-presupuesto-participativo\/\" \/>\n<meta property=\"og:locale\" content=\"es_ES\" \/>\n<meta property=\"og:type\" content=\"article\" \/>\n<meta property=\"og:title\" content=\"INVITA GOBIERNO MUNICIPAL A VOTAR EN EL PRESUPUESTO PARTICIPATIVO - Panorama Ciudadano\" \/>\n<meta property=\"og:description\" content=\"Las autoridades de este gobierno que encabeza la Presidenta Municipal, Ana Paty Peralta, invitan a las y los ciudadanos a la votaci\u00f3n presencial del Presupuesto Participativo que tendr\u00e1 lugar en la explanada del Ayuntamiento de Benito Ju\u00e1rez, los d\u00edas 7, 8, 9, 12, 13, 14 y 15 de enero en un horario de 09:00 a 16:00 horas, adem\u00e1s de contar con votaci\u00f3n en l\u00ednea abierta desde el pasado 01 de noviembre.\" \/>\n<meta property=\"og:url\" content=\"https:\/\/panoramaciudadano.com\/index.php\/2026\/01\/05\/invita-gobierno-municipal-a-votar-en-el-presupuesto-participativo\/\" \/>\n<meta property=\"og:site_name\" content=\"Panorama Ciudadano\" \/>\n<meta property=\"article:publisher\" content=\"https:\/\/www.facebook.com\/panoramaciudadano\" \/>\n<meta property=\"article:published_time\" content=\"2026-01-05T14:52:51+00:00\" \/>\n<meta property=\"article:modified_time\" content=\"2026-01-05T14:53:32+00:00\" \/>\n<meta property=\"og:image\" content=\"https:\/\/panoramaciudadano.com\/wp-content\/uploads\/2026\/01\/WhatsApp-Image-2026-01-05-at-08.33.53-1.jpeg\" \/>\n\t<meta property=\"og:image:width\" content=\"1280\" \/>\n\t<meta property=\"og:image:height\" content=\"854\" \/>\n\t<meta property=\"og:image:type\" content=\"image\/jpeg\" \/>\n<meta name=\"author\" content=\"admin\" \/>\n<meta name=\"twitter:card\" content=\"summary_large_image\" \/>\n<meta name=\"twitter:label1\" content=\"Escrito por\" \/>\n\t<meta name=\"twitter:data1\" content=\"admin\" \/>\n\t<meta name=\"twitter:label2\" content=\"Tiempo de lectura\" \/>\n\t<meta name=\"twitter:data2\" content=\"3 minutos\" \/>\n<script type=\"application\/ld+json\" class=\"yoast-schema-graph\">{\"@context\":\"https:\/\/schema.org\",\"@graph\":[{\"@type\":\"Article\",\"@id\":\"https:\/\/panoramaciudadano.com\/index.php\/2026\/01\/05\/invita-gobierno-municipal-a-votar-en-el-presupuesto-participativo\/#article\",\"isPartOf\":{\"@id\":\"https:\/\/panoramaciudadano.com\/index.php\/2026\/01\/05\/invita-gobierno-municipal-a-votar-en-el-presupuesto-participativo\/\"},\"author\":{\"name\":\"admin\",\"@id\":\"https:\/\/panoramaciudadano.com\/#\/schema\/person\/ffe9fe8ef47d3a93977b5761fd9e0d96\"},\"headline\":\"INVITA GOBIERNO MUNICIPAL A VOTAR EN EL PRESUPUESTO PARTICIPATIVO\",\"datePublished\":\"2026-01-05T14:52:51+00:00\",\"dateModified\":\"2026-01-05T14:53:32+00:00\",\"mainEntityOfPage\":{\"@id\":\"https:\/\/panoramaciudadano.com\/index.php\/2026\/01\/05\/invita-gobierno-municipal-a-votar-en-el-presupuesto-participativo\/\"},\"wordCount\":294,\"commentCount\":0,\"publisher\":{\"@id\":\"https:\/\/panoramaciudadano.com\/#organization\"},\"image\":{\"@id\":\"https:\/\/panoramaciudadano.com\/index.php\/2026\/01\/05\/invita-gobierno-municipal-a-votar-en-el-presupuesto-participativo\/#primaryimage\"},\"thumbnailUrl\":\"https:\/\/panoramaciudadano.com\/wp-content\/uploads\/2026\/01\/WhatsApp-Image-2026-01-05-at-08.33.53-1.jpeg\",\"keywords\":[\"Ana Paty Peralta\"],\"articleSection\":[\"Canc\u00fan\"],\"inLanguage\":\"es\",\"potentialAction\":[{\"@type\":\"CommentAction\",\"name\":\"Comment\",\"target\":[\"https:\/\/panoramaciudadano.com\/index.php\/2026\/01\/05\/invita-gobierno-municipal-a-votar-en-el-presupuesto-participativo\/#respond\"]}]},{\"@type\":\"WebPage\",\"@id\":\"https:\/\/panoramaciudadano.com\/index.php\/2026\/01\/05\/invita-gobierno-municipal-a-votar-en-el-presupuesto-participativo\/\",\"url\":\"https:\/\/panoramaciudadano.com\/index.php\/2026\/01\/05\/invita-gobierno-municipal-a-votar-en-el-presupuesto-participativo\/\",\"name\":\"INVITA GOBIERNO MUNICIPAL A VOTAR EN EL PRESUPUESTO PARTICIPATIVO - Panorama Ciudadano\",\"isPartOf\":{\"@id\":\"https:\/\/panoramaciudadano.com\/#website\"},\"primaryImageOfPage\":{\"@id\":\"https:\/\/panoramaciudadano.com\/index.php\/2026\/01\/05\/invita-gobierno-municipal-a-votar-en-el-presupuesto-participativo\/#primaryimage\"},\"image\":{\"@id\":\"https:\/\/panoramaciudadano.com\/index.php\/2026\/01\/05\/invita-gobierno-municipal-a-votar-en-el-presupuesto-participativo\/#primaryimage\"},\"thumbnailUrl\":\"https:\/\/panoramaciudadano.com\/wp-content\/uploads\/2026\/01\/WhatsApp-Image-2026-01-05-at-08.33.53-1.jpeg\",\"datePublished\":\"2026-01-05T14:52:51+00:00\",\"dateModified\":\"2026-01-05T14:53:32+00:00\",\"breadcrumb\":{\"@id\":\"https:\/\/panoramaciudadano.com\/index.php\/2026\/01\/05\/invita-gobierno-municipal-a-votar-en-el-presupuesto-participativo\/#breadcrumb\"},\"inLanguage\":\"es\",\"potentialAction\":[{\"@type\":\"ReadAction\",\"target\":[\"https:\/\/panoramaciudadano.com\/index.php\/2026\/01\/05\/invita-gobierno-municipal-a-votar-en-el-presupuesto-participativo\/\"]}]},{\"@type\":\"ImageObject\",\"inLanguage\":\"es\",\"@id\":\"https:\/\/panoramaciudadano.com\/index.php\/2026\/01\/05\/invita-gobierno-municipal-a-votar-en-el-presupuesto-participativo\/#primaryimage\",\"url\":\"https:\/\/panoramaciudadano.com\/wp-content\/uploads\/2026\/01\/WhatsApp-Image-2026-01-05-at-08.33.53-1.jpeg\",\"contentUrl\":\"https:\/\/panoramaciudadano.com\/wp-content\/uploads\/2026\/01\/WhatsApp-Image-2026-01-05-at-08.33.53-1.jpeg\",\"width\":1280,\"height\":854},{\"@type\":\"BreadcrumbList\",\"@id\":\"https:\/\/panoramaciudadano.com\/index.php\/2026\/01\/05\/invita-gobierno-municipal-a-votar-en-el-presupuesto-participativo\/#breadcrumb\",\"itemListElement\":[{\"@type\":\"ListItem\",\"position\":1,\"name\":\"Portada\",\"item\":\"https:\/\/panoramaciudadano.com\/\"},{\"@type\":\"ListItem\",\"position\":2,\"name\":\"INVITA GOBIERNO MUNICIPAL A VOTAR EN EL PRESUPUESTO PARTICIPATIVO\"}]},{\"@type\":\"WebSite\",\"@id\":\"https:\/\/panoramaciudadano.com\/#website\",\"url\":\"https:\/\/panoramaciudadano.com\/\",\"name\":\"Panorama Ciudadano\",\"description\":\"\",\"publisher\":{\"@id\":\"https:\/\/panoramaciudadano.com\/#organization\"},\"potentialAction\":[{\"@type\":\"SearchAction\",\"target\":{\"@type\":\"EntryPoint\",\"urlTemplate\":\"https:\/\/panoramaciudadano.com\/?s={search_term_string}\"},\"query-input\":{\"@type\":\"PropertyValueSpecification\",\"valueRequired\":true,\"valueName\":\"search_term_string\"}}],\"inLanguage\":\"es\"},{\"@type\":\"Organization\",\"@id\":\"https:\/\/panoramaciudadano.com\/#organization\",\"name\":\"Panorama Ciudadano\",\"url\":\"https:\/\/panoramaciudadano.com\/\",\"logo\":{\"@type\":\"ImageObject\",\"inLanguage\":\"es\",\"@id\":\"https:\/\/panoramaciudadano.com\/#\/schema\/logo\/image\/\",\"url\":\"https:\/\/panoramaciudadano.com\/wp-content\/uploads\/2024\/05\/401498640_919267042938564_6290593609399108733_n.jpg\",\"contentUrl\":\"https:\/\/panoramaciudadano.com\/wp-content\/uploads\/2024\/05\/401498640_919267042938564_6290593609399108733_n.jpg\",\"width\":960,\"height\":957,\"caption\":\"Panorama Ciudadano\"},\"image\":{\"@id\":\"https:\/\/panoramaciudadano.com\/#\/schema\/logo\/image\/\"},\"sameAs\":[\"https:\/\/www.facebook.com\/panoramaciudadano\"]},{\"@type\":\"Person\",\"@id\":\"https:\/\/panoramaciudadano.com\/#\/schema\/person\/ffe9fe8ef47d3a93977b5761fd9e0d96\",\"name\":\"admin\",\"image\":{\"@type\":\"ImageObject\",\"inLanguage\":\"es\",\"@id\":\"https:\/\/panoramaciudadano.com\/#\/schema\/person\/image\/\",\"url\":\"https:\/\/secure.gravatar.com\/avatar\/2d5a12cacce3f18096f25fadea8abb7202fef18ed669595589853e84260ff451?s=96&d=mm&r=g\",\"contentUrl\":\"https:\/\/secure.gravatar.com\/avatar\/2d5a12cacce3f18096f25fadea8abb7202fef18ed669595589853e84260ff451?s=96&d=mm&r=g\",\"caption\":\"admin\"},\"sameAs\":[\"https:\/\/panoramaciudadano.com\"],\"url\":\"https:\/\/panoramaciudadano.com\/index.php\/author\/admin_3q6hyqq3\/\"}]}<\/script>\n<!-- \/ Yoast SEO plugin. -->","yoast_head_json":{"title":"INVITA GOBIERNO MUNICIPAL A VOTAR EN EL PRESUPUESTO PARTICIPATIVO - Panorama Ciudadano","robots":{"index":"index","follow":"follow","max-snippet":"max-snippet:-1","max-image-preview":"max-image-preview:large","max-video-preview":"max-video-preview:-1"},"canonical":"https:\/\/panoramaciudadano.com\/index.php\/2026\/01\/05\/invita-gobierno-municipal-a-votar-en-el-presupuesto-participativo\/","og_locale":"es_ES","og_type":"article","og_title":"INVITA GOBIERNO MUNICIPAL A VOTAR EN EL PRESUPUESTO PARTICIPATIVO - Panorama Ciudadano","og_description":"Las autoridades de este gobierno que encabeza la Presidenta Municipal, Ana Paty Peralta, invitan a las y los ciudadanos a la votaci\u00f3n presencial del Presupuesto Participativo que tendr\u00e1 lugar en la explanada del Ayuntamiento de Benito Ju\u00e1rez, los d\u00edas 7, 8, 9, 12, 13, 14 y 15 de enero en un horario de 09:00 a 16:00 horas, adem\u00e1s de contar con votaci\u00f3n en l\u00ednea abierta desde el pasado 01 de noviembre.","og_url":"https:\/\/panoramaciudadano.com\/index.php\/2026\/01\/05\/invita-gobierno-municipal-a-votar-en-el-presupuesto-participativo\/","og_site_name":"Panorama Ciudadano","article_publisher":"https:\/\/www.facebook.com\/panoramaciudadano","article_published_time":"2026-01-05T14:52:51+00:00","article_modified_time":"2026-01-05T14:53:32+00:00","og_image":[{"width":1280,"height":854,"url":"https:\/\/panoramaciudadano.com\/wp-content\/uploads\/2026\/01\/WhatsApp-Image-2026-01-05-at-08.33.53-1.jpeg","type":"image\/jpeg"}],"author":"admin","twitter_card":"summary_large_image","twitter_misc":{"Escrito por":"admin","Tiempo de lectura":"3 minutos"},"schema":{"@context":"https:\/\/schema.org","@graph":[{"@type":"Article","@id":"https:\/\/panoramaciudadano.com\/index.php\/2026\/01\/05\/invita-gobierno-municipal-a-votar-en-el-presupuesto-participativo\/#article","isPartOf":{"@id":"https:\/\/panoramaciudadano.com\/index.php\/2026\/01\/05\/invita-gobierno-municipal-a-votar-en-el-presupuesto-participativo\/"},"author":{"name":"admin","@id":"https:\/\/panoramaciudadano.com\/#\/schema\/person\/ffe9fe8ef47d3a93977b5761fd9e0d96"},"headline":"INVITA GOBIERNO MUNICIPAL A VOTAR EN EL PRESUPUESTO PARTICIPATIVO","datePublished":"2026-01-05T14:52:51+00:00","dateModified":"2026-01-05T14:53:32+00:00","mainEntityOfPage":{"@id":"https:\/\/panoramaciudadano.com\/index.php\/2026\/01\/05\/invita-gobierno-municipal-a-votar-en-el-presupuesto-participativo\/"},"wordCount":294,"commentCount":0,"publisher":{"@id":"https:\/\/panoramaciudadano.com\/#organization"},"image":{"@id":"https:\/\/panoramaciudadano.com\/index.php\/2026\/01\/05\/invita-gobierno-municipal-a-votar-en-el-presupuesto-participativo\/#primaryimage"},"thumbnailUrl":"https:\/\/panoramaciudadano.com\/wp-content\/uploads\/2026\/01\/WhatsApp-Image-2026-01-05-at-08.33.53-1.jpeg","keywords":["Ana Paty Peralta"],"articleSection":["Canc\u00fan"],"inLanguage":"es","potentialAction":[{"@type":"CommentAction","name":"Comment","target":["https:\/\/panoramaciudadano.com\/index.php\/2026\/01\/05\/invita-gobierno-municipal-a-votar-en-el-presupuesto-participativo\/#respond"]}]},{"@type":"WebPage","@id":"https:\/\/panoramaciudadano.com\/index.php\/2026\/01\/05\/invita-gobierno-municipal-a-votar-en-el-presupuesto-participativo\/","url":"https:\/\/panoramaciudadano.com\/index.php\/2026\/01\/05\/invita-gobierno-municipal-a-votar-en-el-presupuesto-participativo\/","name":"INVITA GOBIERNO MUNICIPAL A VOTAR EN EL PRESUPUESTO PARTICIPATIVO - Panorama Ciudadano","isPartOf":{"@id":"https:\/\/panoramaciudadano.com\/#website"},"primaryImageOfPage":{"@id":"https:\/\/panoramaciudadano.com\/index.php\/2026\/01\/05\/invita-gobierno-municipal-a-votar-en-el-presupuesto-participativo\/#primaryimage"},"image":{"@id":"https:\/\/panoramaciudadano.com\/index.php\/2026\/01\/05\/invita-gobierno-municipal-a-votar-en-el-presupuesto-participativo\/#primaryimage"},"thumbnailUrl":"https:\/\/panoramaciudadano.com\/wp-content\/uploads\/2026\/01\/WhatsApp-Image-2026-01-05-at-08.33.53-1.jpeg","datePublished":"2026-01-05T14:52:51+00:00","dateModified":"2026-01-05T14:53:32+00:00","breadcrumb":{"@id":"https:\/\/panoramaciudadano.com\/index.php\/2026\/01\/05\/invita-gobierno-municipal-a-votar-en-el-presupuesto-participativo\/#breadcrumb"},"inLanguage":"es","potentialAction":[{"@type":"ReadAction","target":["https:\/\/panoramaciudadano.com\/index.php\/2026\/01\/05\/invita-gobierno-municipal-a-votar-en-el-presupuesto-participativo\/"]}]},{"@type":"ImageObject","inLanguage":"es","@id":"https:\/\/panoramaciudadano.com\/index.php\/2026\/01\/05\/invita-gobierno-municipal-a-votar-en-el-presupuesto-participativo\/#primaryimage","url":"https:\/\/panoramaciudadano.com\/wp-content\/uploads\/2026\/01\/WhatsApp-Image-2026-01-05-at-08.33.53-1.jpeg","contentUrl":"https:\/\/panoramaciudadano.com\/wp-content\/uploads\/2026\/01\/WhatsApp-Image-2026-01-05-at-08.33.53-1.jpeg","width":1280,"height":854},{"@type":"BreadcrumbList","@id":"https:\/\/panoramaciudadano.com\/index.php\/2026\/01\/05\/invita-gobierno-municipal-a-votar-en-el-presupuesto-participativo\/#breadcrumb","itemListElement":[{"@type":"ListItem","position":1,"name":"Portada","item":"https:\/\/panoramaciudadano.com\/"},{"@type":"ListItem","position":2,"name":"INVITA GOBIERNO MUNICIPAL A VOTAR EN EL PRESUPUESTO PARTICIPATIVO"}]},{"@type":"WebSite","@id":"https:\/\/panoramaciudadano.com\/#website","url":"https:\/\/panoramaciudadano.com\/","name":"Panorama Ciudadano","description":"","publisher":{"@id":"https:\/\/panoramaciudadano.com\/#organization"},"potentialAction":[{"@type":"SearchAction","target":{"@type":"EntryPoint","urlTemplate":"https:\/\/panoramaciudadano.com\/?s={search_term_string}"},"query-input":{"@type":"PropertyValueSpecification","valueRequired":true,"valueName":"search_term_string"}}],"inLanguage":"es"},{"@type":"Organization","@id":"https:\/\/panoramaciudadano.com\/#organization","name":"Panorama Ciudadano","url":"https:\/\/panoramaciudadano.com\/","logo":{"@type":"ImageObject","inLanguage":"es","@id":"https:\/\/panoramaciudadano.com\/#\/schema\/logo\/image\/","url":"https:\/\/panoramaciudadano.com\/wp-content\/uploads\/2024\/05\/401498640_919267042938564_6290593609399108733_n.jpg","contentUrl":"https:\/\/panoramaciudadano.com\/wp-content\/uploads\/2024\/05\/401498640_919267042938564_6290593609399108733_n.jpg","width":960,"height":957,"caption":"Panorama Ciudadano"},"image":{"@id":"https:\/\/panoramaciudadano.com\/#\/schema\/logo\/image\/"},"sameAs":["https:\/\/www.facebook.com\/panoramaciudadano"]},{"@type":"Person","@id":"https:\/\/panoramaciudadano.com\/#\/schema\/person\/ffe9fe8ef47d3a93977b5761fd9e0d96","name":"admin","image":{"@type":"ImageObject","inLanguage":"es","@id":"https:\/\/panoramaciudadano.com\/#\/schema\/person\/image\/","url":"https:\/\/secure.gravatar.com\/avatar\/2d5a12cacce3f18096f25fadea8abb7202fef18ed669595589853e84260ff451?s=96&d=mm&r=g","contentUrl":"https:\/\/secure.gravatar.com\/avatar\/2d5a12cacce3f18096f25fadea8abb7202fef18ed669595589853e84260ff451?s=96&d=mm&r=g","caption":"admin"},"sameAs":["https:\/\/panoramaciudadano.com"],"url":"https:\/\/panoramaciudadano.com\/index.php\/author\/admin_3q6hyqq3\/"}]}},"_links":{"self":[{"href":"https:\/\/panoramaciudadano.com\/index.php\/wp-json\/wp\/v2\/posts\/28374","targetHints":{"allow":["GET"]}}],"collection":[{"href":"https:\/\/panoramaciudadano.com\/index.php\/wp-json\/wp\/v2\/posts"}],"about":[{"href":"https:\/\/panoramaciudadano.com\/index.php\/wp-json\/wp\/v2\/types\/post"}],"author":[{"embeddable":true,"href":"https:\/\/panoramaciudadano.com\/index.php\/wp-json\/wp\/v2\/users\/1"}],"replies":[{"embeddable":true,"href":"https:\/\/panoramaciudadano.com\/index.php\/wp-json\/wp\/v2\/comments?post=28374"}],"version-history":[{"count":1,"href":"https:\/\/panoramaciudadano.com\/index.php\/wp-json\/wp\/v2\/posts\/28374\/revisions"}],"predecessor-version":[{"id":28379,"href":"https:\/\/panoramaciudadano.com\/index.php\/wp-json\/wp\/v2\/posts\/28374\/revisions\/28379"}],"wp:featuredmedia":[{"embeddable":true,"href":"https:\/\/panoramaciudadano.com\/index.php\/wp-json\/wp\/v2\/media\/28378"}],"wp:attachment":[{"href":"https:\/\/panoramaciudadano.com\/index.php\/wp-json\/wp\/v2\/media?parent=28374"}],"wp:term":[{"taxonomy":"category","embeddable":true,"href":"https:\/\/panoramaciudadano.com\/index.php\/wp-json\/wp\/v2\/categories?post=28374"},{"taxonomy":"post_tag","embeddable":true,"href":"https:\/\/panoramaciudadano.com\/index.php\/wp-json\/wp\/v2\/tags?post=28374"}],"curies":[{"name":"wp","href":"https:\/\/api.w.org\/{rel}","templated":true}]}}