{"id":28381,"date":"2026-01-05T09:55:44","date_gmt":"2026-01-05T14:55:44","guid":{"rendered":"https:\/\/panoramaciudadano.com\/?p=28381"},"modified":"2026-01-05T09:55:47","modified_gmt":"2026-01-05T14:55:47","slug":"hallan-cuerpo-sin-vida-dentro-de-carrito-de-supermercado-en-parque-la-rehoyada","status":"publish","type":"post","link":"https:\/\/panoramaciudadano.com\/index.php\/2026\/01\/05\/hallan-cuerpo-sin-vida-dentro-de-carrito-de-supermercado-en-parque-la-rehoyada\/","title":{"rendered":"Hallan cuerpo sin vida dentro de carrito de supermercado en parque La Rehoyada"},"content":{"rendered":"\n<figure class=\"wp-block-gallery has-nested-images columns-default is-cropped wp-block-gallery-1 is-layout-flex wp-block-gallery-is-layout-flex\">\n<figure class=\"wp-block-image size-large\"><img decoding=\"async\" width=\"1024\" height=\"576\" data-id=\"28384\" src=\"https:\/\/panoramaciudadano.com\/wp-content\/uploads\/2026\/01\/2-7-1024x576.jpeg\" alt=\"\" class=\"wp-image-28384\" srcset=\"https:\/\/panoramaciudadano.com\/wp-content\/uploads\/2026\/01\/2-7-1024x576.jpeg 1024w, https:\/\/panoramaciudadano.com\/wp-content\/uploads\/2026\/01\/2-7-300x169.jpeg 300w, https:\/\/panoramaciudadano.com\/wp-content\/uploads\/2026\/01\/2-7-768x432.jpeg 768w, https:\/\/panoramaciudadano.com\/wp-content\/uploads\/2026\/01\/2-7.jpeg 1280w\" sizes=\"(max-width: 1024px) 100vw, 1024px\" \/><\/figure>\n\n\n\n<figure class=\"wp-block-image size-large\"><img decoding=\"async\" width=\"1024\" height=\"768\" data-id=\"28383\" src=\"https:\/\/panoramaciudadano.com\/wp-content\/uploads\/2026\/01\/3-6-1024x768.jpeg\" alt=\"\" class=\"wp-image-28383\" srcset=\"https:\/\/panoramaciudadano.com\/wp-content\/uploads\/2026\/01\/3-6-1024x768.jpeg 1024w, https:\/\/panoramaciudadano.com\/wp-content\/uploads\/2026\/01\/3-6-300x225.jpeg 300w, https:\/\/panoramaciudadano.com\/wp-content\/uploads\/2026\/01\/3-6-768x576.jpeg 768w, https:\/\/panoramaciudadano.com\/wp-content\/uploads\/2026\/01\/3-6.jpeg 1280w\" sizes=\"(max-width: 1024px) 100vw, 1024px\" \/><\/figure>\n<\/figure>\n\n\n\n<p>La ma\u00f1ana de este domingo fue localizado el cuerpo sin vida de una persona al interior de un carrito de supermercado en el parque conocido como \u201cLa Rehoyada\u201d, ubicado en la Supermanzana 68, cerca de la avenida Jos\u00e9 L\u00f3pez Portillo.<\/p>\n\n\n\n<p>De acuerdo con los primeros reportes, el hallazgo fue hecho al n\u00famero de emergencias 911 poco despu\u00e9s del mediod\u00eda, alertando sobre la presencia de una persona sin signos vitales entre las calles 13 Oriente y 20 Poniente.<\/p>\n\n\n\n<p>Al arribar las autoridades y param\u00e9dicos al sitio, confirmaron que se trataba de un hombre que se encontraba envuelto en una lona dentro de un carrito de supermercado, el cual ya no presentaba signos vitales. De manera preliminar, trascendi\u00f3 que la v\u00edctima presuntamente habr\u00eda sido asesinada tal vez producto de una ri\u00f1a.<\/p>\n\n\n\n<p>Hasta el momento se desconoce, la identidad del occiso, as\u00ed como el tipo de lesiones que presentaba y la vestimenta que llevaba.<\/p>\n\n\n\n<p>M\u00e1s tarde, agentes de la Polic\u00eda de Investigaci\u00f3n adscritos a la Fiscal\u00eda Especializada en Homicidios arribaron a la escena del crimen para iniciar las diligencias correspondientes y recabar indicios que permitan esclarecer el crimen. En tanto, personal de Servicios Periciales realiz\u00f3 el levantamiento del cuerpo y su traslado al Servicio M\u00e9dico Forense (Semefo), donde se le practicar\u00e1 la necropsia de ley.<\/p>\n","protected":false},"excerpt":{"rendered":"<p>La ma\u00f1ana de este domingo fue localizado el cuerpo sin vida de una persona al interior de un carrito de supermercado en el parque conocido como \u201cLa Rehoyada\u201d, ubicado en la Supermanzana 68, cerca de la avenida Jos\u00e9 L\u00f3pez Portillo.<\/p>\n","protected":false},"author":1,"featured_media":28382,"comment_status":"open","ping_status":"closed","sticky":false,"template":"","format":"standard","meta":{"footnotes":""},"categories":[6],"tags":[2568],"class_list":["post-28381","post","type-post","status-publish","format-standard","has-post-thumbnail","hentry","category-cancun","tag-supermanzana-68"],"yoast_head":"<!-- This site is optimized with the Yoast SEO plugin v27.1.1 - https:\/\/yoast.com\/product\/yoast-seo-wordpress\/ -->\n<title>Hallan cuerpo sin vida dentro de carrito de supermercado en parque La Rehoyada - Panorama Ciudadano<\/title>\n<meta name=\"robots\" content=\"index, follow, max-snippet:-1, max-image-preview:large, max-video-preview:-1\" \/>\n<link rel=\"canonical\" href=\"https:\/\/panoramaciudadano.com\/index.php\/2026\/01\/05\/hallan-cuerpo-sin-vida-dentro-de-carrito-de-supermercado-en-parque-la-rehoyada\/\" \/>\n<meta property=\"og:locale\" content=\"es_ES\" \/>\n<meta property=\"og:type\" content=\"article\" \/>\n<meta property=\"og:title\" content=\"Hallan cuerpo sin vida dentro de carrito de supermercado en parque La Rehoyada - Panorama Ciudadano\" \/>\n<meta property=\"og:description\" content=\"La ma\u00f1ana de este domingo fue localizado el cuerpo sin vida de una persona al interior de un carrito de supermercado en el parque conocido como \u201cLa Rehoyada\u201d, ubicado en la Supermanzana 68, cerca de la avenida Jos\u00e9 L\u00f3pez Portillo.\" \/>\n<meta property=\"og:url\" content=\"https:\/\/panoramaciudadano.com\/index.php\/2026\/01\/05\/hallan-cuerpo-sin-vida-dentro-de-carrito-de-supermercado-en-parque-la-rehoyada\/\" \/>\n<meta property=\"og:site_name\" content=\"Panorama Ciudadano\" \/>\n<meta property=\"article:publisher\" content=\"https:\/\/www.facebook.com\/panoramaciudadano\" \/>\n<meta property=\"article:published_time\" content=\"2026-01-05T14:55:44+00:00\" \/>\n<meta property=\"article:modified_time\" content=\"2026-01-05T14:55:47+00:00\" \/>\n<meta property=\"og:image\" content=\"https:\/\/panoramaciudadano.com\/wp-content\/uploads\/2026\/01\/WhatsApp-Image-2026-01-05-at-08.48.08.jpeg\" \/>\n\t<meta property=\"og:image:width\" content=\"1280\" \/>\n\t<meta property=\"og:image:height\" content=\"911\" \/>\n\t<meta property=\"og:image:type\" content=\"image\/jpeg\" \/>\n<meta name=\"author\" content=\"admin\" \/>\n<meta name=\"twitter:card\" content=\"summary_large_image\" \/>\n<meta name=\"twitter:label1\" content=\"Escrito por\" \/>\n\t<meta name=\"twitter:data1\" content=\"admin\" \/>\n\t<meta name=\"twitter:label2\" content=\"Tiempo de lectura\" \/>\n\t<meta name=\"twitter:data2\" content=\"2 minutos\" \/>\n<script type=\"application\/ld+json\" class=\"yoast-schema-graph\">{\"@context\":\"https:\/\/schema.org\",\"@graph\":[{\"@type\":\"Article\",\"@id\":\"https:\/\/panoramaciudadano.com\/index.php\/2026\/01\/05\/hallan-cuerpo-sin-vida-dentro-de-carrito-de-supermercado-en-parque-la-rehoyada\/#article\",\"isPartOf\":{\"@id\":\"https:\/\/panoramaciudadano.com\/index.php\/2026\/01\/05\/hallan-cuerpo-sin-vida-dentro-de-carrito-de-supermercado-en-parque-la-rehoyada\/\"},\"author\":{\"name\":\"admin\",\"@id\":\"https:\/\/panoramaciudadano.com\/#\/schema\/person\/ffe9fe8ef47d3a93977b5761fd9e0d96\"},\"headline\":\"Hallan cuerpo sin vida dentro de carrito de supermercado en parque La Rehoyada\",\"datePublished\":\"2026-01-05T14:55:44+00:00\",\"dateModified\":\"2026-01-05T14:55:47+00:00\",\"mainEntityOfPage\":{\"@id\":\"https:\/\/panoramaciudadano.com\/index.php\/2026\/01\/05\/hallan-cuerpo-sin-vida-dentro-de-carrito-de-supermercado-en-parque-la-rehoyada\/\"},\"wordCount\":235,\"commentCount\":0,\"publisher\":{\"@id\":\"https:\/\/panoramaciudadano.com\/#organization\"},\"image\":{\"@id\":\"https:\/\/panoramaciudadano.com\/index.php\/2026\/01\/05\/hallan-cuerpo-sin-vida-dentro-de-carrito-de-supermercado-en-parque-la-rehoyada\/#primaryimage\"},\"thumbnailUrl\":\"https:\/\/panoramaciudadano.com\/wp-content\/uploads\/2026\/01\/WhatsApp-Image-2026-01-05-at-08.48.08.jpeg\",\"keywords\":[\"supermanzana 68\"],\"articleSection\":[\"Canc\u00fan\"],\"inLanguage\":\"es\",\"potentialAction\":[{\"@type\":\"CommentAction\",\"name\":\"Comment\",\"target\":[\"https:\/\/panoramaciudadano.com\/index.php\/2026\/01\/05\/hallan-cuerpo-sin-vida-dentro-de-carrito-de-supermercado-en-parque-la-rehoyada\/#respond\"]}]},{\"@type\":\"WebPage\",\"@id\":\"https:\/\/panoramaciudadano.com\/index.php\/2026\/01\/05\/hallan-cuerpo-sin-vida-dentro-de-carrito-de-supermercado-en-parque-la-rehoyada\/\",\"url\":\"https:\/\/panoramaciudadano.com\/index.php\/2026\/01\/05\/hallan-cuerpo-sin-vida-dentro-de-carrito-de-supermercado-en-parque-la-rehoyada\/\",\"name\":\"Hallan cuerpo sin vida dentro de carrito de supermercado en parque La Rehoyada - Panorama Ciudadano\",\"isPartOf\":{\"@id\":\"https:\/\/panoramaciudadano.com\/#website\"},\"primaryImageOfPage\":{\"@id\":\"https:\/\/panoramaciudadano.com\/index.php\/2026\/01\/05\/hallan-cuerpo-sin-vida-dentro-de-carrito-de-supermercado-en-parque-la-rehoyada\/#primaryimage\"},\"image\":{\"@id\":\"https:\/\/panoramaciudadano.com\/index.php\/2026\/01\/05\/hallan-cuerpo-sin-vida-dentro-de-carrito-de-supermercado-en-parque-la-rehoyada\/#primaryimage\"},\"thumbnailUrl\":\"https:\/\/panoramaciudadano.com\/wp-content\/uploads\/2026\/01\/WhatsApp-Image-2026-01-05-at-08.48.08.jpeg\",\"datePublished\":\"2026-01-05T14:55:44+00:00\",\"dateModified\":\"2026-01-05T14:55:47+00:00\",\"breadcrumb\":{\"@id\":\"https:\/\/panoramaciudadano.com\/index.php\/2026\/01\/05\/hallan-cuerpo-sin-vida-dentro-de-carrito-de-supermercado-en-parque-la-rehoyada\/#breadcrumb\"},\"inLanguage\":\"es\",\"potentialAction\":[{\"@type\":\"ReadAction\",\"target\":[\"https:\/\/panoramaciudadano.com\/index.php\/2026\/01\/05\/hallan-cuerpo-sin-vida-dentro-de-carrito-de-supermercado-en-parque-la-rehoyada\/\"]}]},{\"@type\":\"ImageObject\",\"inLanguage\":\"es\",\"@id\":\"https:\/\/panoramaciudadano.com\/index.php\/2026\/01\/05\/hallan-cuerpo-sin-vida-dentro-de-carrito-de-supermercado-en-parque-la-rehoyada\/#primaryimage\",\"url\":\"https:\/\/panoramaciudadano.com\/wp-content\/uploads\/2026\/01\/WhatsApp-Image-2026-01-05-at-08.48.08.jpeg\",\"contentUrl\":\"https:\/\/panoramaciudadano.com\/wp-content\/uploads\/2026\/01\/WhatsApp-Image-2026-01-05-at-08.48.08.jpeg\",\"width\":1280,\"height\":911},{\"@type\":\"BreadcrumbList\",\"@id\":\"https:\/\/panoramaciudadano.com\/index.php\/2026\/01\/05\/hallan-cuerpo-sin-vida-dentro-de-carrito-de-supermercado-en-parque-la-rehoyada\/#breadcrumb\",\"itemListElement\":[{\"@type\":\"ListItem\",\"position\":1,\"name\":\"Portada\",\"item\":\"https:\/\/panoramaciudadano.com\/\"},{\"@type\":\"ListItem\",\"position\":2,\"name\":\"Hallan cuerpo sin vida dentro de carrito de supermercado en parque La Rehoyada\"}]},{\"@type\":\"WebSite\",\"@id\":\"https:\/\/panoramaciudadano.com\/#website\",\"url\":\"https:\/\/panoramaciudadano.com\/\",\"name\":\"Panorama Ciudadano\",\"description\":\"\",\"publisher\":{\"@id\":\"https:\/\/panoramaciudadano.com\/#organization\"},\"potentialAction\":[{\"@type\":\"SearchAction\",\"target\":{\"@type\":\"EntryPoint\",\"urlTemplate\":\"https:\/\/panoramaciudadano.com\/?s={search_term_string}\"},\"query-input\":{\"@type\":\"PropertyValueSpecification\",\"valueRequired\":true,\"valueName\":\"search_term_string\"}}],\"inLanguage\":\"es\"},{\"@type\":\"Organization\",\"@id\":\"https:\/\/panoramaciudadano.com\/#organization\",\"name\":\"Panorama Ciudadano\",\"url\":\"https:\/\/panoramaciudadano.com\/\",\"logo\":{\"@type\":\"ImageObject\",\"inLanguage\":\"es\",\"@id\":\"https:\/\/panoramaciudadano.com\/#\/schema\/logo\/image\/\",\"url\":\"https:\/\/panoramaciudadano.com\/wp-content\/uploads\/2024\/05\/401498640_919267042938564_6290593609399108733_n.jpg\",\"contentUrl\":\"https:\/\/panoramaciudadano.com\/wp-content\/uploads\/2024\/05\/401498640_919267042938564_6290593609399108733_n.jpg\",\"width\":960,\"height\":957,\"caption\":\"Panorama Ciudadano\"},\"image\":{\"@id\":\"https:\/\/panoramaciudadano.com\/#\/schema\/logo\/image\/\"},\"sameAs\":[\"https:\/\/www.facebook.com\/panoramaciudadano\"]},{\"@type\":\"Person\",\"@id\":\"https:\/\/panoramaciudadano.com\/#\/schema\/person\/ffe9fe8ef47d3a93977b5761fd9e0d96\",\"name\":\"admin\",\"image\":{\"@type\":\"ImageObject\",\"inLanguage\":\"es\",\"@id\":\"https:\/\/panoramaciudadano.com\/#\/schema\/person\/image\/\",\"url\":\"https:\/\/secure.gravatar.com\/avatar\/2d5a12cacce3f18096f25fadea8abb7202fef18ed669595589853e84260ff451?s=96&d=mm&r=g\",\"contentUrl\":\"https:\/\/secure.gravatar.com\/avatar\/2d5a12cacce3f18096f25fadea8abb7202fef18ed669595589853e84260ff451?s=96&d=mm&r=g\",\"caption\":\"admin\"},\"sameAs\":[\"https:\/\/panoramaciudadano.com\"],\"url\":\"https:\/\/panoramaciudadano.com\/index.php\/author\/admin_3q6hyqq3\/\"}]}<\/script>\n<!-- \/ Yoast SEO plugin. -->","yoast_head_json":{"title":"Hallan cuerpo sin vida dentro de carrito de supermercado en parque La Rehoyada - Panorama Ciudadano","robots":{"index":"index","follow":"follow","max-snippet":"max-snippet:-1","max-image-preview":"max-image-preview:large","max-video-preview":"max-video-preview:-1"},"canonical":"https:\/\/panoramaciudadano.com\/index.php\/2026\/01\/05\/hallan-cuerpo-sin-vida-dentro-de-carrito-de-supermercado-en-parque-la-rehoyada\/","og_locale":"es_ES","og_type":"article","og_title":"Hallan cuerpo sin vida dentro de carrito de supermercado en parque La Rehoyada - Panorama Ciudadano","og_description":"La ma\u00f1ana de este domingo fue localizado el cuerpo sin vida de una persona al interior de un carrito de supermercado en el parque conocido como \u201cLa Rehoyada\u201d, ubicado en la Supermanzana 68, cerca de la avenida Jos\u00e9 L\u00f3pez Portillo.","og_url":"https:\/\/panoramaciudadano.com\/index.php\/2026\/01\/05\/hallan-cuerpo-sin-vida-dentro-de-carrito-de-supermercado-en-parque-la-rehoyada\/","og_site_name":"Panorama Ciudadano","article_publisher":"https:\/\/www.facebook.com\/panoramaciudadano","article_published_time":"2026-01-05T14:55:44+00:00","article_modified_time":"2026-01-05T14:55:47+00:00","og_image":[{"width":1280,"height":911,"url":"https:\/\/panoramaciudadano.com\/wp-content\/uploads\/2026\/01\/WhatsApp-Image-2026-01-05-at-08.48.08.jpeg","type":"image\/jpeg"}],"author":"admin","twitter_card":"summary_large_image","twitter_misc":{"Escrito por":"admin","Tiempo de lectura":"2 minutos"},"schema":{"@context":"https:\/\/schema.org","@graph":[{"@type":"Article","@id":"https:\/\/panoramaciudadano.com\/index.php\/2026\/01\/05\/hallan-cuerpo-sin-vida-dentro-de-carrito-de-supermercado-en-parque-la-rehoyada\/#article","isPartOf":{"@id":"https:\/\/panoramaciudadano.com\/index.php\/2026\/01\/05\/hallan-cuerpo-sin-vida-dentro-de-carrito-de-supermercado-en-parque-la-rehoyada\/"},"author":{"name":"admin","@id":"https:\/\/panoramaciudadano.com\/#\/schema\/person\/ffe9fe8ef47d3a93977b5761fd9e0d96"},"headline":"Hallan cuerpo sin vida dentro de carrito de supermercado en parque La Rehoyada","datePublished":"2026-01-05T14:55:44+00:00","dateModified":"2026-01-05T14:55:47+00:00","mainEntityOfPage":{"@id":"https:\/\/panoramaciudadano.com\/index.php\/2026\/01\/05\/hallan-cuerpo-sin-vida-dentro-de-carrito-de-supermercado-en-parque-la-rehoyada\/"},"wordCount":235,"commentCount":0,"publisher":{"@id":"https:\/\/panoramaciudadano.com\/#organization"},"image":{"@id":"https:\/\/panoramaciudadano.com\/index.php\/2026\/01\/05\/hallan-cuerpo-sin-vida-dentro-de-carrito-de-supermercado-en-parque-la-rehoyada\/#primaryimage"},"thumbnailUrl":"https:\/\/panoramaciudadano.com\/wp-content\/uploads\/2026\/01\/WhatsApp-Image-2026-01-05-at-08.48.08.jpeg","keywords":["supermanzana 68"],"articleSection":["Canc\u00fan"],"inLanguage":"es","potentialAction":[{"@type":"CommentAction","name":"Comment","target":["https:\/\/panoramaciudadano.com\/index.php\/2026\/01\/05\/hallan-cuerpo-sin-vida-dentro-de-carrito-de-supermercado-en-parque-la-rehoyada\/#respond"]}]},{"@type":"WebPage","@id":"https:\/\/panoramaciudadano.com\/index.php\/2026\/01\/05\/hallan-cuerpo-sin-vida-dentro-de-carrito-de-supermercado-en-parque-la-rehoyada\/","url":"https:\/\/panoramaciudadano.com\/index.php\/2026\/01\/05\/hallan-cuerpo-sin-vida-dentro-de-carrito-de-supermercado-en-parque-la-rehoyada\/","name":"Hallan cuerpo sin vida dentro de carrito de supermercado en parque La Rehoyada - Panorama Ciudadano","isPartOf":{"@id":"https:\/\/panoramaciudadano.com\/#website"},"primaryImageOfPage":{"@id":"https:\/\/panoramaciudadano.com\/index.php\/2026\/01\/05\/hallan-cuerpo-sin-vida-dentro-de-carrito-de-supermercado-en-parque-la-rehoyada\/#primaryimage"},"image":{"@id":"https:\/\/panoramaciudadano.com\/index.php\/2026\/01\/05\/hallan-cuerpo-sin-vida-dentro-de-carrito-de-supermercado-en-parque-la-rehoyada\/#primaryimage"},"thumbnailUrl":"https:\/\/panoramaciudadano.com\/wp-content\/uploads\/2026\/01\/WhatsApp-Image-2026-01-05-at-08.48.08.jpeg","datePublished":"2026-01-05T14:55:44+00:00","dateModified":"2026-01-05T14:55:47+00:00","breadcrumb":{"@id":"https:\/\/panoramaciudadano.com\/index.php\/2026\/01\/05\/hallan-cuerpo-sin-vida-dentro-de-carrito-de-supermercado-en-parque-la-rehoyada\/#breadcrumb"},"inLanguage":"es","potentialAction":[{"@type":"ReadAction","target":["https:\/\/panoramaciudadano.com\/index.php\/2026\/01\/05\/hallan-cuerpo-sin-vida-dentro-de-carrito-de-supermercado-en-parque-la-rehoyada\/"]}]},{"@type":"ImageObject","inLanguage":"es","@id":"https:\/\/panoramaciudadano.com\/index.php\/2026\/01\/05\/hallan-cuerpo-sin-vida-dentro-de-carrito-de-supermercado-en-parque-la-rehoyada\/#primaryimage","url":"https:\/\/panoramaciudadano.com\/wp-content\/uploads\/2026\/01\/WhatsApp-Image-2026-01-05-at-08.48.08.jpeg","contentUrl":"https:\/\/panoramaciudadano.com\/wp-content\/uploads\/2026\/01\/WhatsApp-Image-2026-01-05-at-08.48.08.jpeg","width":1280,"height":911},{"@type":"BreadcrumbList","@id":"https:\/\/panoramaciudadano.com\/index.php\/2026\/01\/05\/hallan-cuerpo-sin-vida-dentro-de-carrito-de-supermercado-en-parque-la-rehoyada\/#breadcrumb","itemListElement":[{"@type":"ListItem","position":1,"name":"Portada","item":"https:\/\/panoramaciudadano.com\/"},{"@type":"ListItem","position":2,"name":"Hallan cuerpo sin vida dentro de carrito de supermercado en parque La Rehoyada"}]},{"@type":"WebSite","@id":"https:\/\/panoramaciudadano.com\/#website","url":"https:\/\/panoramaciudadano.com\/","name":"Panorama Ciudadano","description":"","publisher":{"@id":"https:\/\/panoramaciudadano.com\/#organization"},"potentialAction":[{"@type":"SearchAction","target":{"@type":"EntryPoint","urlTemplate":"https:\/\/panoramaciudadano.com\/?s={search_term_string}"},"query-input":{"@type":"PropertyValueSpecification","valueRequired":true,"valueName":"search_term_string"}}],"inLanguage":"es"},{"@type":"Organization","@id":"https:\/\/panoramaciudadano.com\/#organization","name":"Panorama Ciudadano","url":"https:\/\/panoramaciudadano.com\/","logo":{"@type":"ImageObject","inLanguage":"es","@id":"https:\/\/panoramaciudadano.com\/#\/schema\/logo\/image\/","url":"https:\/\/panoramaciudadano.com\/wp-content\/uploads\/2024\/05\/401498640_919267042938564_6290593609399108733_n.jpg","contentUrl":"https:\/\/panoramaciudadano.com\/wp-content\/uploads\/2024\/05\/401498640_919267042938564_6290593609399108733_n.jpg","width":960,"height":957,"caption":"Panorama Ciudadano"},"image":{"@id":"https:\/\/panoramaciudadano.com\/#\/schema\/logo\/image\/"},"sameAs":["https:\/\/www.facebook.com\/panoramaciudadano"]},{"@type":"Person","@id":"https:\/\/panoramaciudadano.com\/#\/schema\/person\/ffe9fe8ef47d3a93977b5761fd9e0d96","name":"admin","image":{"@type":"ImageObject","inLanguage":"es","@id":"https:\/\/panoramaciudadano.com\/#\/schema\/person\/image\/","url":"https:\/\/secure.gravatar.com\/avatar\/2d5a12cacce3f18096f25fadea8abb7202fef18ed669595589853e84260ff451?s=96&d=mm&r=g","contentUrl":"https:\/\/secure.gravatar.com\/avatar\/2d5a12cacce3f18096f25fadea8abb7202fef18ed669595589853e84260ff451?s=96&d=mm&r=g","caption":"admin"},"sameAs":["https:\/\/panoramaciudadano.com"],"url":"https:\/\/panoramaciudadano.com\/index.php\/author\/admin_3q6hyqq3\/"}]}},"_links":{"self":[{"href":"https:\/\/panoramaciudadano.com\/index.php\/wp-json\/wp\/v2\/posts\/28381","targetHints":{"allow":["GET"]}}],"collection":[{"href":"https:\/\/panoramaciudadano.com\/index.php\/wp-json\/wp\/v2\/posts"}],"about":[{"href":"https:\/\/panoramaciudadano.com\/index.php\/wp-json\/wp\/v2\/types\/post"}],"author":[{"embeddable":true,"href":"https:\/\/panoramaciudadano.com\/index.php\/wp-json\/wp\/v2\/users\/1"}],"replies":[{"embeddable":true,"href":"https:\/\/panoramaciudadano.com\/index.php\/wp-json\/wp\/v2\/comments?post=28381"}],"version-history":[{"count":1,"href":"https:\/\/panoramaciudadano.com\/index.php\/wp-json\/wp\/v2\/posts\/28381\/revisions"}],"predecessor-version":[{"id":28385,"href":"https:\/\/panoramaciudadano.com\/index.php\/wp-json\/wp\/v2\/posts\/28381\/revisions\/28385"}],"wp:featuredmedia":[{"embeddable":true,"href":"https:\/\/panoramaciudadano.com\/index.php\/wp-json\/wp\/v2\/media\/28382"}],"wp:attachment":[{"href":"https:\/\/panoramaciudadano.com\/index.php\/wp-json\/wp\/v2\/media?parent=28381"}],"wp:term":[{"taxonomy":"category","embeddable":true,"href":"https:\/\/panoramaciudadano.com\/index.php\/wp-json\/wp\/v2\/categories?post=28381"},{"taxonomy":"post_tag","embeddable":true,"href":"https:\/\/panoramaciudadano.com\/index.php\/wp-json\/wp\/v2\/tags?post=28381"}],"curies":[{"name":"wp","href":"https:\/\/api.w.org\/{rel}","templated":true}]}}