{"id":28386,"date":"2026-01-05T10:16:49","date_gmt":"2026-01-05T15:16:49","guid":{"rendered":"https:\/\/panoramaciudadano.com\/?p=28386"},"modified":"2026-01-05T10:19:35","modified_gmt":"2026-01-05T15:19:35","slug":"chedraui-cancun-seguridad-privada-atrapa-a-sujeto-acusado-de-multiples-robos-en-la-region-248","status":"publish","type":"post","link":"https:\/\/panoramaciudadano.com\/index.php\/2026\/01\/05\/chedraui-cancun-seguridad-privada-atrapa-a-sujeto-acusado-de-multiples-robos-en-la-region-248\/","title":{"rendered":"Chedraui Canc\u00fan: seguridad privada atrapa a sujeto acusado de m\u00faltiples robos en la Regi\u00f3n 248"},"content":{"rendered":"\n<figure class=\"wp-block-gallery has-nested-images columns-default is-cropped wp-block-gallery-1 is-layout-flex wp-block-gallery-is-layout-flex\">\n<figure class=\"wp-block-image size-large\"><img decoding=\"async\" width=\"683\" height=\"481\" data-id=\"28388\" src=\"https:\/\/panoramaciudadano.com\/wp-content\/uploads\/2026\/01\/2-8.jpeg\" alt=\"\" class=\"wp-image-28388\" srcset=\"https:\/\/panoramaciudadano.com\/wp-content\/uploads\/2026\/01\/2-8.jpeg 683w, https:\/\/panoramaciudadano.com\/wp-content\/uploads\/2026\/01\/2-8-300x211.jpeg 300w\" sizes=\"(max-width: 683px) 100vw, 683px\" \/><\/figure>\n\n\n\n<figure class=\"wp-block-image size-large\"><img decoding=\"async\" width=\"792\" height=\"575\" data-id=\"28389\" src=\"https:\/\/panoramaciudadano.com\/wp-content\/uploads\/2026\/01\/3-7.jpeg\" alt=\"\" class=\"wp-image-28389\" srcset=\"https:\/\/panoramaciudadano.com\/wp-content\/uploads\/2026\/01\/3-7.jpeg 792w, https:\/\/panoramaciudadano.com\/wp-content\/uploads\/2026\/01\/3-7-300x218.jpeg 300w, https:\/\/panoramaciudadano.com\/wp-content\/uploads\/2026\/01\/3-7-768x558.jpeg 768w\" sizes=\"(max-width: 792px) 100vw, 792px\" \/><\/figure>\n<\/figure>\n\n\n\n<p>Personal de seguridad privada del supermercado Chedraui, ubicado en la Regi\u00f3n 248, asegur\u00f3 y entreg\u00f3 a las autoridades municipales a un presunto ladr\u00f3n la ma\u00f1ana de este domingo, luego de sorprenderlo intentando sustraer mercanc\u00eda sin realizar el pago correspondiente.<\/p>\n\n\n\n<p>De acuerdo con los primeros reportes, los hechos ocurrieron alrededor de las 11:00 horas, cuando el individuo fue detectado a trav\u00e9s de las c\u00e1maras de videovigilancia del establecimiento mientras intentaba llevarse diversos art\u00edculos sin pasar por las cajas registradoras.<\/p>\n\n\n\n<p>Ante esta situaci\u00f3n, el personal de seguridad intercept\u00f3 al sujeto cuando intentaba darse a la fuga y solicit\u00f3 el apoyo de las autoridades a trav\u00e9s del sistema de emergencias 911.<\/p>\n\n\n\n<p>Algunos clientes se\u00f1alaron al hombre como presunto responsable de robos a transe\u00fantes y comercios en zonas cercanas a la Regi\u00f3n 248.<\/p>\n\n\n\n<p>Seg\u00fan testimonios de los clientes, el individuo presuntamente se dedica a asaltar principalmente a menores de edad, estudiantes y trabajadores que esperan transporte p\u00fablico en la zona.<\/p>\n\n\n\n<p>Al arribar elementos de la Polic\u00eda Municipal al centro comercial, ubicado en el cruce de las avenidas Los Tules y Kabah, el personal de la tienda les inform\u00f3 que el sujeto intent\u00f3 sustraer prendas de vestir y art\u00edculos de higiene personal, como desodorantes, shampoo, cremas y jabones.<\/p>\n\n\n\n<p>Finalmente, el presunto ladr\u00f3n fue esposado y trasladado en una patrulla a las instalaciones de la Secretar\u00eda de Seguridad Ciudadana, para posteriormente ser puesto a disposici\u00f3n de la Fiscal\u00eda General del Estado (FGE), donde se determinar\u00e1 su situaci\u00f3n legal.<\/p>\n","protected":false},"excerpt":{"rendered":"<p>Personal de seguridad privada del supermercado Chedraui, ubicado en la Regi\u00f3n 248, asegur\u00f3 y entreg\u00f3 a las autoridades municipales a un presunto ladr\u00f3n la ma\u00f1ana de este lunes, luego de sorprenderlo intentando sustraer mercanc\u00eda sin realizar el pago correspondiente.<\/p>\n","protected":false},"author":1,"featured_media":28387,"comment_status":"open","ping_status":"closed","sticky":false,"template":"","format":"standard","meta":{"footnotes":""},"categories":[6],"tags":[1152],"class_list":["post-28386","post","type-post","status-publish","format-standard","has-post-thumbnail","hentry","category-cancun","tag-region-248"],"yoast_head":"<!-- This site is optimized with the Yoast SEO plugin v27.1.1 - https:\/\/yoast.com\/product\/yoast-seo-wordpress\/ -->\n<title>Chedraui Canc\u00fan: seguridad privada atrapa a sujeto acusado de m\u00faltiples robos en la Regi\u00f3n 248 - Panorama Ciudadano<\/title>\n<meta name=\"robots\" content=\"index, follow, max-snippet:-1, max-image-preview:large, max-video-preview:-1\" \/>\n<link rel=\"canonical\" href=\"https:\/\/panoramaciudadano.com\/index.php\/2026\/01\/05\/chedraui-cancun-seguridad-privada-atrapa-a-sujeto-acusado-de-multiples-robos-en-la-region-248\/\" \/>\n<meta property=\"og:locale\" content=\"es_ES\" \/>\n<meta property=\"og:type\" content=\"article\" \/>\n<meta property=\"og:title\" content=\"Chedraui Canc\u00fan: seguridad privada atrapa a sujeto acusado de m\u00faltiples robos en la Regi\u00f3n 248 - Panorama Ciudadano\" \/>\n<meta property=\"og:description\" content=\"Personal de seguridad privada del supermercado Chedraui, ubicado en la Regi\u00f3n 248, asegur\u00f3 y entreg\u00f3 a las autoridades municipales a un presunto ladr\u00f3n la ma\u00f1ana de este lunes, luego de sorprenderlo intentando sustraer mercanc\u00eda sin realizar el pago correspondiente.\" \/>\n<meta property=\"og:url\" content=\"https:\/\/panoramaciudadano.com\/index.php\/2026\/01\/05\/chedraui-cancun-seguridad-privada-atrapa-a-sujeto-acusado-de-multiples-robos-en-la-region-248\/\" \/>\n<meta property=\"og:site_name\" content=\"Panorama Ciudadano\" \/>\n<meta property=\"article:publisher\" content=\"https:\/\/www.facebook.com\/panoramaciudadano\" \/>\n<meta property=\"article:published_time\" content=\"2026-01-05T15:16:49+00:00\" \/>\n<meta property=\"article:modified_time\" content=\"2026-01-05T15:19:35+00:00\" \/>\n<meta property=\"og:image\" content=\"https:\/\/panoramaciudadano.com\/wp-content\/uploads\/2026\/01\/WhatsApp-Image-2026-01-05-at-08.51.20.jpeg\" \/>\n\t<meta property=\"og:image:width\" content=\"720\" \/>\n\t<meta property=\"og:image:height\" content=\"676\" \/>\n\t<meta property=\"og:image:type\" content=\"image\/jpeg\" \/>\n<meta name=\"author\" content=\"admin\" \/>\n<meta name=\"twitter:card\" content=\"summary_large_image\" \/>\n<meta name=\"twitter:label1\" content=\"Escrito por\" \/>\n\t<meta name=\"twitter:data1\" content=\"admin\" \/>\n\t<meta name=\"twitter:label2\" content=\"Tiempo de lectura\" \/>\n\t<meta name=\"twitter:data2\" content=\"2 minutos\" \/>\n<script type=\"application\/ld+json\" class=\"yoast-schema-graph\">{\"@context\":\"https:\/\/schema.org\",\"@graph\":[{\"@type\":\"Article\",\"@id\":\"https:\/\/panoramaciudadano.com\/index.php\/2026\/01\/05\/chedraui-cancun-seguridad-privada-atrapa-a-sujeto-acusado-de-multiples-robos-en-la-region-248\/#article\",\"isPartOf\":{\"@id\":\"https:\/\/panoramaciudadano.com\/index.php\/2026\/01\/05\/chedraui-cancun-seguridad-privada-atrapa-a-sujeto-acusado-de-multiples-robos-en-la-region-248\/\"},\"author\":{\"name\":\"admin\",\"@id\":\"https:\/\/panoramaciudadano.com\/#\/schema\/person\/ffe9fe8ef47d3a93977b5761fd9e0d96\"},\"headline\":\"Chedraui Canc\u00fan: seguridad privada atrapa a sujeto acusado de m\u00faltiples robos en la Regi\u00f3n 248\",\"datePublished\":\"2026-01-05T15:16:49+00:00\",\"dateModified\":\"2026-01-05T15:19:35+00:00\",\"mainEntityOfPage\":{\"@id\":\"https:\/\/panoramaciudadano.com\/index.php\/2026\/01\/05\/chedraui-cancun-seguridad-privada-atrapa-a-sujeto-acusado-de-multiples-robos-en-la-region-248\/\"},\"wordCount\":276,\"commentCount\":0,\"publisher\":{\"@id\":\"https:\/\/panoramaciudadano.com\/#organization\"},\"image\":{\"@id\":\"https:\/\/panoramaciudadano.com\/index.php\/2026\/01\/05\/chedraui-cancun-seguridad-privada-atrapa-a-sujeto-acusado-de-multiples-robos-en-la-region-248\/#primaryimage\"},\"thumbnailUrl\":\"https:\/\/panoramaciudadano.com\/wp-content\/uploads\/2026\/01\/WhatsApp-Image-2026-01-05-at-08.51.20.jpeg\",\"keywords\":[\"Regi\u00f3n 248\"],\"articleSection\":[\"Canc\u00fan\"],\"inLanguage\":\"es\",\"potentialAction\":[{\"@type\":\"CommentAction\",\"name\":\"Comment\",\"target\":[\"https:\/\/panoramaciudadano.com\/index.php\/2026\/01\/05\/chedraui-cancun-seguridad-privada-atrapa-a-sujeto-acusado-de-multiples-robos-en-la-region-248\/#respond\"]}]},{\"@type\":\"WebPage\",\"@id\":\"https:\/\/panoramaciudadano.com\/index.php\/2026\/01\/05\/chedraui-cancun-seguridad-privada-atrapa-a-sujeto-acusado-de-multiples-robos-en-la-region-248\/\",\"url\":\"https:\/\/panoramaciudadano.com\/index.php\/2026\/01\/05\/chedraui-cancun-seguridad-privada-atrapa-a-sujeto-acusado-de-multiples-robos-en-la-region-248\/\",\"name\":\"Chedraui Canc\u00fan: seguridad privada atrapa a sujeto acusado de m\u00faltiples robos en la Regi\u00f3n 248 - Panorama Ciudadano\",\"isPartOf\":{\"@id\":\"https:\/\/panoramaciudadano.com\/#website\"},\"primaryImageOfPage\":{\"@id\":\"https:\/\/panoramaciudadano.com\/index.php\/2026\/01\/05\/chedraui-cancun-seguridad-privada-atrapa-a-sujeto-acusado-de-multiples-robos-en-la-region-248\/#primaryimage\"},\"image\":{\"@id\":\"https:\/\/panoramaciudadano.com\/index.php\/2026\/01\/05\/chedraui-cancun-seguridad-privada-atrapa-a-sujeto-acusado-de-multiples-robos-en-la-region-248\/#primaryimage\"},\"thumbnailUrl\":\"https:\/\/panoramaciudadano.com\/wp-content\/uploads\/2026\/01\/WhatsApp-Image-2026-01-05-at-08.51.20.jpeg\",\"datePublished\":\"2026-01-05T15:16:49+00:00\",\"dateModified\":\"2026-01-05T15:19:35+00:00\",\"breadcrumb\":{\"@id\":\"https:\/\/panoramaciudadano.com\/index.php\/2026\/01\/05\/chedraui-cancun-seguridad-privada-atrapa-a-sujeto-acusado-de-multiples-robos-en-la-region-248\/#breadcrumb\"},\"inLanguage\":\"es\",\"potentialAction\":[{\"@type\":\"ReadAction\",\"target\":[\"https:\/\/panoramaciudadano.com\/index.php\/2026\/01\/05\/chedraui-cancun-seguridad-privada-atrapa-a-sujeto-acusado-de-multiples-robos-en-la-region-248\/\"]}]},{\"@type\":\"ImageObject\",\"inLanguage\":\"es\",\"@id\":\"https:\/\/panoramaciudadano.com\/index.php\/2026\/01\/05\/chedraui-cancun-seguridad-privada-atrapa-a-sujeto-acusado-de-multiples-robos-en-la-region-248\/#primaryimage\",\"url\":\"https:\/\/panoramaciudadano.com\/wp-content\/uploads\/2026\/01\/WhatsApp-Image-2026-01-05-at-08.51.20.jpeg\",\"contentUrl\":\"https:\/\/panoramaciudadano.com\/wp-content\/uploads\/2026\/01\/WhatsApp-Image-2026-01-05-at-08.51.20.jpeg\",\"width\":720,\"height\":676},{\"@type\":\"BreadcrumbList\",\"@id\":\"https:\/\/panoramaciudadano.com\/index.php\/2026\/01\/05\/chedraui-cancun-seguridad-privada-atrapa-a-sujeto-acusado-de-multiples-robos-en-la-region-248\/#breadcrumb\",\"itemListElement\":[{\"@type\":\"ListItem\",\"position\":1,\"name\":\"Portada\",\"item\":\"https:\/\/panoramaciudadano.com\/\"},{\"@type\":\"ListItem\",\"position\":2,\"name\":\"Chedraui Canc\u00fan: seguridad privada atrapa a sujeto acusado de m\u00faltiples robos en la Regi\u00f3n 248\"}]},{\"@type\":\"WebSite\",\"@id\":\"https:\/\/panoramaciudadano.com\/#website\",\"url\":\"https:\/\/panoramaciudadano.com\/\",\"name\":\"Panorama Ciudadano\",\"description\":\"\",\"publisher\":{\"@id\":\"https:\/\/panoramaciudadano.com\/#organization\"},\"potentialAction\":[{\"@type\":\"SearchAction\",\"target\":{\"@type\":\"EntryPoint\",\"urlTemplate\":\"https:\/\/panoramaciudadano.com\/?s={search_term_string}\"},\"query-input\":{\"@type\":\"PropertyValueSpecification\",\"valueRequired\":true,\"valueName\":\"search_term_string\"}}],\"inLanguage\":\"es\"},{\"@type\":\"Organization\",\"@id\":\"https:\/\/panoramaciudadano.com\/#organization\",\"name\":\"Panorama Ciudadano\",\"url\":\"https:\/\/panoramaciudadano.com\/\",\"logo\":{\"@type\":\"ImageObject\",\"inLanguage\":\"es\",\"@id\":\"https:\/\/panoramaciudadano.com\/#\/schema\/logo\/image\/\",\"url\":\"https:\/\/panoramaciudadano.com\/wp-content\/uploads\/2024\/05\/401498640_919267042938564_6290593609399108733_n.jpg\",\"contentUrl\":\"https:\/\/panoramaciudadano.com\/wp-content\/uploads\/2024\/05\/401498640_919267042938564_6290593609399108733_n.jpg\",\"width\":960,\"height\":957,\"caption\":\"Panorama Ciudadano\"},\"image\":{\"@id\":\"https:\/\/panoramaciudadano.com\/#\/schema\/logo\/image\/\"},\"sameAs\":[\"https:\/\/www.facebook.com\/panoramaciudadano\"]},{\"@type\":\"Person\",\"@id\":\"https:\/\/panoramaciudadano.com\/#\/schema\/person\/ffe9fe8ef47d3a93977b5761fd9e0d96\",\"name\":\"admin\",\"image\":{\"@type\":\"ImageObject\",\"inLanguage\":\"es\",\"@id\":\"https:\/\/panoramaciudadano.com\/#\/schema\/person\/image\/\",\"url\":\"https:\/\/secure.gravatar.com\/avatar\/2d5a12cacce3f18096f25fadea8abb7202fef18ed669595589853e84260ff451?s=96&d=mm&r=g\",\"contentUrl\":\"https:\/\/secure.gravatar.com\/avatar\/2d5a12cacce3f18096f25fadea8abb7202fef18ed669595589853e84260ff451?s=96&d=mm&r=g\",\"caption\":\"admin\"},\"sameAs\":[\"https:\/\/panoramaciudadano.com\"],\"url\":\"https:\/\/panoramaciudadano.com\/index.php\/author\/admin_3q6hyqq3\/\"}]}<\/script>\n<!-- \/ Yoast SEO plugin. -->","yoast_head_json":{"title":"Chedraui Canc\u00fan: seguridad privada atrapa a sujeto acusado de m\u00faltiples robos en la Regi\u00f3n 248 - Panorama Ciudadano","robots":{"index":"index","follow":"follow","max-snippet":"max-snippet:-1","max-image-preview":"max-image-preview:large","max-video-preview":"max-video-preview:-1"},"canonical":"https:\/\/panoramaciudadano.com\/index.php\/2026\/01\/05\/chedraui-cancun-seguridad-privada-atrapa-a-sujeto-acusado-de-multiples-robos-en-la-region-248\/","og_locale":"es_ES","og_type":"article","og_title":"Chedraui Canc\u00fan: seguridad privada atrapa a sujeto acusado de m\u00faltiples robos en la Regi\u00f3n 248 - Panorama Ciudadano","og_description":"Personal de seguridad privada del supermercado Chedraui, ubicado en la Regi\u00f3n 248, asegur\u00f3 y entreg\u00f3 a las autoridades municipales a un presunto ladr\u00f3n la ma\u00f1ana de este lunes, luego de sorprenderlo intentando sustraer mercanc\u00eda sin realizar el pago correspondiente.","og_url":"https:\/\/panoramaciudadano.com\/index.php\/2026\/01\/05\/chedraui-cancun-seguridad-privada-atrapa-a-sujeto-acusado-de-multiples-robos-en-la-region-248\/","og_site_name":"Panorama Ciudadano","article_publisher":"https:\/\/www.facebook.com\/panoramaciudadano","article_published_time":"2026-01-05T15:16:49+00:00","article_modified_time":"2026-01-05T15:19:35+00:00","og_image":[{"width":720,"height":676,"url":"https:\/\/panoramaciudadano.com\/wp-content\/uploads\/2026\/01\/WhatsApp-Image-2026-01-05-at-08.51.20.jpeg","type":"image\/jpeg"}],"author":"admin","twitter_card":"summary_large_image","twitter_misc":{"Escrito por":"admin","Tiempo de lectura":"2 minutos"},"schema":{"@context":"https:\/\/schema.org","@graph":[{"@type":"Article","@id":"https:\/\/panoramaciudadano.com\/index.php\/2026\/01\/05\/chedraui-cancun-seguridad-privada-atrapa-a-sujeto-acusado-de-multiples-robos-en-la-region-248\/#article","isPartOf":{"@id":"https:\/\/panoramaciudadano.com\/index.php\/2026\/01\/05\/chedraui-cancun-seguridad-privada-atrapa-a-sujeto-acusado-de-multiples-robos-en-la-region-248\/"},"author":{"name":"admin","@id":"https:\/\/panoramaciudadano.com\/#\/schema\/person\/ffe9fe8ef47d3a93977b5761fd9e0d96"},"headline":"Chedraui Canc\u00fan: seguridad privada atrapa a sujeto acusado de m\u00faltiples robos en la Regi\u00f3n 248","datePublished":"2026-01-05T15:16:49+00:00","dateModified":"2026-01-05T15:19:35+00:00","mainEntityOfPage":{"@id":"https:\/\/panoramaciudadano.com\/index.php\/2026\/01\/05\/chedraui-cancun-seguridad-privada-atrapa-a-sujeto-acusado-de-multiples-robos-en-la-region-248\/"},"wordCount":276,"commentCount":0,"publisher":{"@id":"https:\/\/panoramaciudadano.com\/#organization"},"image":{"@id":"https:\/\/panoramaciudadano.com\/index.php\/2026\/01\/05\/chedraui-cancun-seguridad-privada-atrapa-a-sujeto-acusado-de-multiples-robos-en-la-region-248\/#primaryimage"},"thumbnailUrl":"https:\/\/panoramaciudadano.com\/wp-content\/uploads\/2026\/01\/WhatsApp-Image-2026-01-05-at-08.51.20.jpeg","keywords":["Regi\u00f3n 248"],"articleSection":["Canc\u00fan"],"inLanguage":"es","potentialAction":[{"@type":"CommentAction","name":"Comment","target":["https:\/\/panoramaciudadano.com\/index.php\/2026\/01\/05\/chedraui-cancun-seguridad-privada-atrapa-a-sujeto-acusado-de-multiples-robos-en-la-region-248\/#respond"]}]},{"@type":"WebPage","@id":"https:\/\/panoramaciudadano.com\/index.php\/2026\/01\/05\/chedraui-cancun-seguridad-privada-atrapa-a-sujeto-acusado-de-multiples-robos-en-la-region-248\/","url":"https:\/\/panoramaciudadano.com\/index.php\/2026\/01\/05\/chedraui-cancun-seguridad-privada-atrapa-a-sujeto-acusado-de-multiples-robos-en-la-region-248\/","name":"Chedraui Canc\u00fan: seguridad privada atrapa a sujeto acusado de m\u00faltiples robos en la Regi\u00f3n 248 - Panorama Ciudadano","isPartOf":{"@id":"https:\/\/panoramaciudadano.com\/#website"},"primaryImageOfPage":{"@id":"https:\/\/panoramaciudadano.com\/index.php\/2026\/01\/05\/chedraui-cancun-seguridad-privada-atrapa-a-sujeto-acusado-de-multiples-robos-en-la-region-248\/#primaryimage"},"image":{"@id":"https:\/\/panoramaciudadano.com\/index.php\/2026\/01\/05\/chedraui-cancun-seguridad-privada-atrapa-a-sujeto-acusado-de-multiples-robos-en-la-region-248\/#primaryimage"},"thumbnailUrl":"https:\/\/panoramaciudadano.com\/wp-content\/uploads\/2026\/01\/WhatsApp-Image-2026-01-05-at-08.51.20.jpeg","datePublished":"2026-01-05T15:16:49+00:00","dateModified":"2026-01-05T15:19:35+00:00","breadcrumb":{"@id":"https:\/\/panoramaciudadano.com\/index.php\/2026\/01\/05\/chedraui-cancun-seguridad-privada-atrapa-a-sujeto-acusado-de-multiples-robos-en-la-region-248\/#breadcrumb"},"inLanguage":"es","potentialAction":[{"@type":"ReadAction","target":["https:\/\/panoramaciudadano.com\/index.php\/2026\/01\/05\/chedraui-cancun-seguridad-privada-atrapa-a-sujeto-acusado-de-multiples-robos-en-la-region-248\/"]}]},{"@type":"ImageObject","inLanguage":"es","@id":"https:\/\/panoramaciudadano.com\/index.php\/2026\/01\/05\/chedraui-cancun-seguridad-privada-atrapa-a-sujeto-acusado-de-multiples-robos-en-la-region-248\/#primaryimage","url":"https:\/\/panoramaciudadano.com\/wp-content\/uploads\/2026\/01\/WhatsApp-Image-2026-01-05-at-08.51.20.jpeg","contentUrl":"https:\/\/panoramaciudadano.com\/wp-content\/uploads\/2026\/01\/WhatsApp-Image-2026-01-05-at-08.51.20.jpeg","width":720,"height":676},{"@type":"BreadcrumbList","@id":"https:\/\/panoramaciudadano.com\/index.php\/2026\/01\/05\/chedraui-cancun-seguridad-privada-atrapa-a-sujeto-acusado-de-multiples-robos-en-la-region-248\/#breadcrumb","itemListElement":[{"@type":"ListItem","position":1,"name":"Portada","item":"https:\/\/panoramaciudadano.com\/"},{"@type":"ListItem","position":2,"name":"Chedraui Canc\u00fan: seguridad privada atrapa a sujeto acusado de m\u00faltiples robos en la Regi\u00f3n 248"}]},{"@type":"WebSite","@id":"https:\/\/panoramaciudadano.com\/#website","url":"https:\/\/panoramaciudadano.com\/","name":"Panorama Ciudadano","description":"","publisher":{"@id":"https:\/\/panoramaciudadano.com\/#organization"},"potentialAction":[{"@type":"SearchAction","target":{"@type":"EntryPoint","urlTemplate":"https:\/\/panoramaciudadano.com\/?s={search_term_string}"},"query-input":{"@type":"PropertyValueSpecification","valueRequired":true,"valueName":"search_term_string"}}],"inLanguage":"es"},{"@type":"Organization","@id":"https:\/\/panoramaciudadano.com\/#organization","name":"Panorama Ciudadano","url":"https:\/\/panoramaciudadano.com\/","logo":{"@type":"ImageObject","inLanguage":"es","@id":"https:\/\/panoramaciudadano.com\/#\/schema\/logo\/image\/","url":"https:\/\/panoramaciudadano.com\/wp-content\/uploads\/2024\/05\/401498640_919267042938564_6290593609399108733_n.jpg","contentUrl":"https:\/\/panoramaciudadano.com\/wp-content\/uploads\/2024\/05\/401498640_919267042938564_6290593609399108733_n.jpg","width":960,"height":957,"caption":"Panorama Ciudadano"},"image":{"@id":"https:\/\/panoramaciudadano.com\/#\/schema\/logo\/image\/"},"sameAs":["https:\/\/www.facebook.com\/panoramaciudadano"]},{"@type":"Person","@id":"https:\/\/panoramaciudadano.com\/#\/schema\/person\/ffe9fe8ef47d3a93977b5761fd9e0d96","name":"admin","image":{"@type":"ImageObject","inLanguage":"es","@id":"https:\/\/panoramaciudadano.com\/#\/schema\/person\/image\/","url":"https:\/\/secure.gravatar.com\/avatar\/2d5a12cacce3f18096f25fadea8abb7202fef18ed669595589853e84260ff451?s=96&d=mm&r=g","contentUrl":"https:\/\/secure.gravatar.com\/avatar\/2d5a12cacce3f18096f25fadea8abb7202fef18ed669595589853e84260ff451?s=96&d=mm&r=g","caption":"admin"},"sameAs":["https:\/\/panoramaciudadano.com"],"url":"https:\/\/panoramaciudadano.com\/index.php\/author\/admin_3q6hyqq3\/"}]}},"_links":{"self":[{"href":"https:\/\/panoramaciudadano.com\/index.php\/wp-json\/wp\/v2\/posts\/28386","targetHints":{"allow":["GET"]}}],"collection":[{"href":"https:\/\/panoramaciudadano.com\/index.php\/wp-json\/wp\/v2\/posts"}],"about":[{"href":"https:\/\/panoramaciudadano.com\/index.php\/wp-json\/wp\/v2\/types\/post"}],"author":[{"embeddable":true,"href":"https:\/\/panoramaciudadano.com\/index.php\/wp-json\/wp\/v2\/users\/1"}],"replies":[{"embeddable":true,"href":"https:\/\/panoramaciudadano.com\/index.php\/wp-json\/wp\/v2\/comments?post=28386"}],"version-history":[{"count":2,"href":"https:\/\/panoramaciudadano.com\/index.php\/wp-json\/wp\/v2\/posts\/28386\/revisions"}],"predecessor-version":[{"id":28391,"href":"https:\/\/panoramaciudadano.com\/index.php\/wp-json\/wp\/v2\/posts\/28386\/revisions\/28391"}],"wp:featuredmedia":[{"embeddable":true,"href":"https:\/\/panoramaciudadano.com\/index.php\/wp-json\/wp\/v2\/media\/28387"}],"wp:attachment":[{"href":"https:\/\/panoramaciudadano.com\/index.php\/wp-json\/wp\/v2\/media?parent=28386"}],"wp:term":[{"taxonomy":"category","embeddable":true,"href":"https:\/\/panoramaciudadano.com\/index.php\/wp-json\/wp\/v2\/categories?post=28386"},{"taxonomy":"post_tag","embeddable":true,"href":"https:\/\/panoramaciudadano.com\/index.php\/wp-json\/wp\/v2\/tags?post=28386"}],"curies":[{"name":"wp","href":"https:\/\/api.w.org\/{rel}","templated":true}]}}