{"id":29952,"date":"2026-02-05T10:38:48","date_gmt":"2026-02-05T15:38:48","guid":{"rendered":"https:\/\/panoramaciudadano.com\/?p=29952"},"modified":"2026-02-05T10:38:55","modified_gmt":"2026-02-05T15:38:55","slug":"fortalece-dif-benito-juarez-la-seguridad-ciudadana","status":"publish","type":"post","link":"https:\/\/panoramaciudadano.com\/index.php\/2026\/02\/05\/fortalece-dif-benito-juarez-la-seguridad-ciudadana\/","title":{"rendered":"FORTALECE DIF BENITO JU\u00c1REZ LA SEGURIDAD CIUDADANA"},"content":{"rendered":"\n<figure class=\"wp-block-gallery has-nested-images columns-default is-cropped wp-block-gallery-1 is-layout-flex wp-block-gallery-is-layout-flex\">\n<figure class=\"wp-block-image size-large\"><img decoding=\"async\" width=\"1024\" height=\"473\" data-id=\"29954\" src=\"https:\/\/panoramaciudadano.com\/wp-content\/uploads\/2026\/02\/WhatsApp-Image-2026-02-05-at-10.12.45-AM-1024x473.jpeg\" alt=\"\" class=\"wp-image-29954\" srcset=\"https:\/\/panoramaciudadano.com\/wp-content\/uploads\/2026\/02\/WhatsApp-Image-2026-02-05-at-10.12.45-AM-1024x473.jpeg 1024w, https:\/\/panoramaciudadano.com\/wp-content\/uploads\/2026\/02\/WhatsApp-Image-2026-02-05-at-10.12.45-AM-300x139.jpeg 300w, https:\/\/panoramaciudadano.com\/wp-content\/uploads\/2026\/02\/WhatsApp-Image-2026-02-05-at-10.12.45-AM-768x355.jpeg 768w, https:\/\/panoramaciudadano.com\/wp-content\/uploads\/2026\/02\/WhatsApp-Image-2026-02-05-at-10.12.45-AM.jpeg 1280w\" sizes=\"(max-width: 1024px) 100vw, 1024px\" \/><\/figure>\n\n\n\n<figure class=\"wp-block-image size-large\"><img decoding=\"async\" width=\"1024\" height=\"567\" data-id=\"29956\" src=\"https:\/\/panoramaciudadano.com\/wp-content\/uploads\/2026\/02\/WhatsApp-Image-2026-02-05-at-10.12.46-AM-1-1024x567.jpeg\" alt=\"\" class=\"wp-image-29956\" srcset=\"https:\/\/panoramaciudadano.com\/wp-content\/uploads\/2026\/02\/WhatsApp-Image-2026-02-05-at-10.12.46-AM-1-1024x567.jpeg 1024w, https:\/\/panoramaciudadano.com\/wp-content\/uploads\/2026\/02\/WhatsApp-Image-2026-02-05-at-10.12.46-AM-1-300x166.jpeg 300w, https:\/\/panoramaciudadano.com\/wp-content\/uploads\/2026\/02\/WhatsApp-Image-2026-02-05-at-10.12.46-AM-1-768x425.jpeg 768w, https:\/\/panoramaciudadano.com\/wp-content\/uploads\/2026\/02\/WhatsApp-Image-2026-02-05-at-10.12.46-AM-1.jpeg 1040w\" sizes=\"(max-width: 1024px) 100vw, 1024px\" \/><\/figure>\n\n\n\n<figure class=\"wp-block-image size-large\"><img decoding=\"async\" width=\"1024\" height=\"473\" data-id=\"29955\" src=\"https:\/\/panoramaciudadano.com\/wp-content\/uploads\/2026\/02\/WhatsApp-Image-2026-02-05-at-10.12.46-AM-2-1024x473.jpeg\" alt=\"\" class=\"wp-image-29955\" srcset=\"https:\/\/panoramaciudadano.com\/wp-content\/uploads\/2026\/02\/WhatsApp-Image-2026-02-05-at-10.12.46-AM-2-1024x473.jpeg 1024w, https:\/\/panoramaciudadano.com\/wp-content\/uploads\/2026\/02\/WhatsApp-Image-2026-02-05-at-10.12.46-AM-2-300x139.jpeg 300w, https:\/\/panoramaciudadano.com\/wp-content\/uploads\/2026\/02\/WhatsApp-Image-2026-02-05-at-10.12.46-AM-2-768x355.jpeg 768w, https:\/\/panoramaciudadano.com\/wp-content\/uploads\/2026\/02\/WhatsApp-Image-2026-02-05-at-10.12.46-AM-2.jpeg 1280w\" sizes=\"(max-width: 1024px) 100vw, 1024px\" \/><\/figure>\n\n\n\n<figure class=\"wp-block-image size-large\"><img decoding=\"async\" width=\"1024\" height=\"473\" data-id=\"29957\" src=\"https:\/\/panoramaciudadano.com\/wp-content\/uploads\/2026\/02\/WhatsApp-Image-2026-02-05-at-10.12.46-AM-1024x473.jpeg\" alt=\"\" class=\"wp-image-29957\" srcset=\"https:\/\/panoramaciudadano.com\/wp-content\/uploads\/2026\/02\/WhatsApp-Image-2026-02-05-at-10.12.46-AM-1024x473.jpeg 1024w, https:\/\/panoramaciudadano.com\/wp-content\/uploads\/2026\/02\/WhatsApp-Image-2026-02-05-at-10.12.46-AM-300x139.jpeg 300w, https:\/\/panoramaciudadano.com\/wp-content\/uploads\/2026\/02\/WhatsApp-Image-2026-02-05-at-10.12.46-AM-768x355.jpeg 768w, https:\/\/panoramaciudadano.com\/wp-content\/uploads\/2026\/02\/WhatsApp-Image-2026-02-05-at-10.12.46-AM.jpeg 1280w\" sizes=\"(max-width: 1024px) 100vw, 1024px\" \/><\/figure>\n<\/figure>\n\n\n\n<p>El Sistema para el Desarrollo Integral de la Familia (DIF) Benito Ju\u00e1rez, a trav\u00e9s de la Direcci\u00f3n de la Familia, fortalece la seguridad ciudadana mediante la capacitaci\u00f3n denominada \u201cMedidas de Seguridad del Gas LP\u201d, impartida por personal especializado del \u201cGrupo Tomza\u201d, dirigida a la poblaci\u00f3n adulta mayor adscrita a programas de la instituci\u00f3n social.<\/p>\n\n\n\n<p>Bajo de los lineamientos de la Presidenta Municipal, Ana Paty Peralta, de impulsar acciones preventivas que protejan la integridad y el bienestar de los sectores m\u00e1s vulnerables, la directora general del Sistema DIF municipal, Marisol Sendo Rodr\u00edguez, destac\u00f3 que esta capacitaci\u00f3n tiene como objetivo principal concientizar a las personas adultas mayores sobre la prevenci\u00f3n de accidentes en el hogar, particularmente aquellos relacionados con el uso del gas LP.<\/p>\n\n\n\n<p>La coordinadora de Personas Adultas Mayores, Karla Valeria de la Torre Cazar\u00edn, dijo que durante el curso, las y los asistentes recibieron informaci\u00f3n pr\u00e1ctica sobre el uso correcto y mantenimiento de los tanques de gas, reguladores y mangueras, as\u00ed como recomendaciones para identificar riesgos, detectar fugas y actuar de manera oportuna ante una emergencia, con el fin de reducir accidentes dom\u00e9sticos.<\/p>\n\n\n\n<p>La funcionaria subray\u00f3 que este tipo de acciones contribuyen a fomentar una cultura de la prevenci\u00f3n y el autocuidado, fortaleciendo la seguridad en los hogares y promoviendo una mejor calidad de vida para las personas adultas mayores, reafirmando el compromiso del DIF Benito Ju\u00e1rez con su bienestar y protecci\u00f3n.<\/p>\n\n\n\n<hr class=\"wp-block-separator has-alpha-channel-opacity\"\/>\n","protected":false},"excerpt":{"rendered":"<p>Con capacitaci\u00f3n preventiva dirigida a personas adultas mayores.<\/p>\n","protected":false},"author":1,"featured_media":29956,"comment_status":"open","ping_status":"closed","sticky":false,"template":"","format":"standard","meta":{"footnotes":""},"categories":[6],"tags":[684],"class_list":["post-29952","post","type-post","status-publish","format-standard","has-post-thumbnail","hentry","category-cancun","tag-dif-benito-juarez"],"yoast_head":"<!-- This site is optimized with the Yoast SEO plugin v27.1.1 - https:\/\/yoast.com\/product\/yoast-seo-wordpress\/ -->\n<title>FORTALECE DIF BENITO JU\u00c1REZ LA SEGURIDAD CIUDADANA - Panorama Ciudadano<\/title>\n<meta name=\"robots\" content=\"index, follow, max-snippet:-1, max-image-preview:large, max-video-preview:-1\" \/>\n<link rel=\"canonical\" href=\"https:\/\/panoramaciudadano.com\/index.php\/2026\/02\/05\/fortalece-dif-benito-juarez-la-seguridad-ciudadana\/\" \/>\n<meta property=\"og:locale\" content=\"es_ES\" \/>\n<meta property=\"og:type\" content=\"article\" \/>\n<meta property=\"og:title\" content=\"FORTALECE DIF BENITO JU\u00c1REZ LA SEGURIDAD CIUDADANA - Panorama Ciudadano\" \/>\n<meta property=\"og:description\" content=\"Con capacitaci\u00f3n preventiva dirigida a personas adultas mayores.\" \/>\n<meta property=\"og:url\" content=\"https:\/\/panoramaciudadano.com\/index.php\/2026\/02\/05\/fortalece-dif-benito-juarez-la-seguridad-ciudadana\/\" \/>\n<meta property=\"og:site_name\" content=\"Panorama Ciudadano\" \/>\n<meta property=\"article:publisher\" content=\"https:\/\/www.facebook.com\/panoramaciudadano\" \/>\n<meta property=\"article:published_time\" content=\"2026-02-05T15:38:48+00:00\" \/>\n<meta property=\"article:modified_time\" content=\"2026-02-05T15:38:55+00:00\" \/>\n<meta property=\"og:image\" content=\"https:\/\/panoramaciudadano.com\/wp-content\/uploads\/2026\/02\/WhatsApp-Image-2026-02-05-at-10.12.46-AM-1.jpeg\" \/>\n\t<meta property=\"og:image:width\" content=\"1040\" \/>\n\t<meta property=\"og:image:height\" content=\"576\" \/>\n\t<meta property=\"og:image:type\" content=\"image\/jpeg\" \/>\n<meta name=\"author\" content=\"admin\" \/>\n<meta name=\"twitter:card\" content=\"summary_large_image\" \/>\n<meta name=\"twitter:label1\" content=\"Escrito por\" \/>\n\t<meta name=\"twitter:data1\" content=\"admin\" \/>\n\t<meta name=\"twitter:label2\" content=\"Tiempo de lectura\" \/>\n\t<meta name=\"twitter:data2\" content=\"3 minutos\" \/>\n<script type=\"application\/ld+json\" class=\"yoast-schema-graph\">{\"@context\":\"https:\/\/schema.org\",\"@graph\":[{\"@type\":\"Article\",\"@id\":\"https:\/\/panoramaciudadano.com\/index.php\/2026\/02\/05\/fortalece-dif-benito-juarez-la-seguridad-ciudadana\/#article\",\"isPartOf\":{\"@id\":\"https:\/\/panoramaciudadano.com\/index.php\/2026\/02\/05\/fortalece-dif-benito-juarez-la-seguridad-ciudadana\/\"},\"author\":{\"name\":\"admin\",\"@id\":\"https:\/\/panoramaciudadano.com\/#\/schema\/person\/ffe9fe8ef47d3a93977b5761fd9e0d96\"},\"headline\":\"FORTALECE DIF BENITO JU\u00c1REZ LA SEGURIDAD CIUDADANA\",\"datePublished\":\"2026-02-05T15:38:48+00:00\",\"dateModified\":\"2026-02-05T15:38:55+00:00\",\"mainEntityOfPage\":{\"@id\":\"https:\/\/panoramaciudadano.com\/index.php\/2026\/02\/05\/fortalece-dif-benito-juarez-la-seguridad-ciudadana\/\"},\"wordCount\":257,\"commentCount\":0,\"publisher\":{\"@id\":\"https:\/\/panoramaciudadano.com\/#organization\"},\"image\":{\"@id\":\"https:\/\/panoramaciudadano.com\/index.php\/2026\/02\/05\/fortalece-dif-benito-juarez-la-seguridad-ciudadana\/#primaryimage\"},\"thumbnailUrl\":\"https:\/\/panoramaciudadano.com\/wp-content\/uploads\/2026\/02\/WhatsApp-Image-2026-02-05-at-10.12.46-AM-1.jpeg\",\"keywords\":[\"DIF Benito Ju\u00e1rez\"],\"articleSection\":[\"Canc\u00fan\"],\"inLanguage\":\"es\",\"potentialAction\":[{\"@type\":\"CommentAction\",\"name\":\"Comment\",\"target\":[\"https:\/\/panoramaciudadano.com\/index.php\/2026\/02\/05\/fortalece-dif-benito-juarez-la-seguridad-ciudadana\/#respond\"]}]},{\"@type\":\"WebPage\",\"@id\":\"https:\/\/panoramaciudadano.com\/index.php\/2026\/02\/05\/fortalece-dif-benito-juarez-la-seguridad-ciudadana\/\",\"url\":\"https:\/\/panoramaciudadano.com\/index.php\/2026\/02\/05\/fortalece-dif-benito-juarez-la-seguridad-ciudadana\/\",\"name\":\"FORTALECE DIF BENITO JU\u00c1REZ LA SEGURIDAD CIUDADANA - Panorama Ciudadano\",\"isPartOf\":{\"@id\":\"https:\/\/panoramaciudadano.com\/#website\"},\"primaryImageOfPage\":{\"@id\":\"https:\/\/panoramaciudadano.com\/index.php\/2026\/02\/05\/fortalece-dif-benito-juarez-la-seguridad-ciudadana\/#primaryimage\"},\"image\":{\"@id\":\"https:\/\/panoramaciudadano.com\/index.php\/2026\/02\/05\/fortalece-dif-benito-juarez-la-seguridad-ciudadana\/#primaryimage\"},\"thumbnailUrl\":\"https:\/\/panoramaciudadano.com\/wp-content\/uploads\/2026\/02\/WhatsApp-Image-2026-02-05-at-10.12.46-AM-1.jpeg\",\"datePublished\":\"2026-02-05T15:38:48+00:00\",\"dateModified\":\"2026-02-05T15:38:55+00:00\",\"breadcrumb\":{\"@id\":\"https:\/\/panoramaciudadano.com\/index.php\/2026\/02\/05\/fortalece-dif-benito-juarez-la-seguridad-ciudadana\/#breadcrumb\"},\"inLanguage\":\"es\",\"potentialAction\":[{\"@type\":\"ReadAction\",\"target\":[\"https:\/\/panoramaciudadano.com\/index.php\/2026\/02\/05\/fortalece-dif-benito-juarez-la-seguridad-ciudadana\/\"]}]},{\"@type\":\"ImageObject\",\"inLanguage\":\"es\",\"@id\":\"https:\/\/panoramaciudadano.com\/index.php\/2026\/02\/05\/fortalece-dif-benito-juarez-la-seguridad-ciudadana\/#primaryimage\",\"url\":\"https:\/\/panoramaciudadano.com\/wp-content\/uploads\/2026\/02\/WhatsApp-Image-2026-02-05-at-10.12.46-AM-1.jpeg\",\"contentUrl\":\"https:\/\/panoramaciudadano.com\/wp-content\/uploads\/2026\/02\/WhatsApp-Image-2026-02-05-at-10.12.46-AM-1.jpeg\",\"width\":1040,\"height\":576},{\"@type\":\"BreadcrumbList\",\"@id\":\"https:\/\/panoramaciudadano.com\/index.php\/2026\/02\/05\/fortalece-dif-benito-juarez-la-seguridad-ciudadana\/#breadcrumb\",\"itemListElement\":[{\"@type\":\"ListItem\",\"position\":1,\"name\":\"Portada\",\"item\":\"https:\/\/panoramaciudadano.com\/\"},{\"@type\":\"ListItem\",\"position\":2,\"name\":\"FORTALECE DIF BENITO JU\u00c1REZ LA SEGURIDAD CIUDADANA\"}]},{\"@type\":\"WebSite\",\"@id\":\"https:\/\/panoramaciudadano.com\/#website\",\"url\":\"https:\/\/panoramaciudadano.com\/\",\"name\":\"Panorama Ciudadano\",\"description\":\"\",\"publisher\":{\"@id\":\"https:\/\/panoramaciudadano.com\/#organization\"},\"potentialAction\":[{\"@type\":\"SearchAction\",\"target\":{\"@type\":\"EntryPoint\",\"urlTemplate\":\"https:\/\/panoramaciudadano.com\/?s={search_term_string}\"},\"query-input\":{\"@type\":\"PropertyValueSpecification\",\"valueRequired\":true,\"valueName\":\"search_term_string\"}}],\"inLanguage\":\"es\"},{\"@type\":\"Organization\",\"@id\":\"https:\/\/panoramaciudadano.com\/#organization\",\"name\":\"Panorama Ciudadano\",\"url\":\"https:\/\/panoramaciudadano.com\/\",\"logo\":{\"@type\":\"ImageObject\",\"inLanguage\":\"es\",\"@id\":\"https:\/\/panoramaciudadano.com\/#\/schema\/logo\/image\/\",\"url\":\"https:\/\/panoramaciudadano.com\/wp-content\/uploads\/2024\/05\/401498640_919267042938564_6290593609399108733_n.jpg\",\"contentUrl\":\"https:\/\/panoramaciudadano.com\/wp-content\/uploads\/2024\/05\/401498640_919267042938564_6290593609399108733_n.jpg\",\"width\":960,\"height\":957,\"caption\":\"Panorama Ciudadano\"},\"image\":{\"@id\":\"https:\/\/panoramaciudadano.com\/#\/schema\/logo\/image\/\"},\"sameAs\":[\"https:\/\/www.facebook.com\/panoramaciudadano\"]},{\"@type\":\"Person\",\"@id\":\"https:\/\/panoramaciudadano.com\/#\/schema\/person\/ffe9fe8ef47d3a93977b5761fd9e0d96\",\"name\":\"admin\",\"image\":{\"@type\":\"ImageObject\",\"inLanguage\":\"es\",\"@id\":\"https:\/\/panoramaciudadano.com\/#\/schema\/person\/image\/\",\"url\":\"https:\/\/secure.gravatar.com\/avatar\/2d5a12cacce3f18096f25fadea8abb7202fef18ed669595589853e84260ff451?s=96&d=mm&r=g\",\"contentUrl\":\"https:\/\/secure.gravatar.com\/avatar\/2d5a12cacce3f18096f25fadea8abb7202fef18ed669595589853e84260ff451?s=96&d=mm&r=g\",\"caption\":\"admin\"},\"sameAs\":[\"https:\/\/panoramaciudadano.com\"],\"url\":\"https:\/\/panoramaciudadano.com\/index.php\/author\/admin_3q6hyqq3\/\"}]}<\/script>\n<!-- \/ Yoast SEO plugin. -->","yoast_head_json":{"title":"FORTALECE DIF BENITO JU\u00c1REZ LA SEGURIDAD CIUDADANA - Panorama Ciudadano","robots":{"index":"index","follow":"follow","max-snippet":"max-snippet:-1","max-image-preview":"max-image-preview:large","max-video-preview":"max-video-preview:-1"},"canonical":"https:\/\/panoramaciudadano.com\/index.php\/2026\/02\/05\/fortalece-dif-benito-juarez-la-seguridad-ciudadana\/","og_locale":"es_ES","og_type":"article","og_title":"FORTALECE DIF BENITO JU\u00c1REZ LA SEGURIDAD CIUDADANA - Panorama Ciudadano","og_description":"Con capacitaci\u00f3n preventiva dirigida a personas adultas mayores.","og_url":"https:\/\/panoramaciudadano.com\/index.php\/2026\/02\/05\/fortalece-dif-benito-juarez-la-seguridad-ciudadana\/","og_site_name":"Panorama Ciudadano","article_publisher":"https:\/\/www.facebook.com\/panoramaciudadano","article_published_time":"2026-02-05T15:38:48+00:00","article_modified_time":"2026-02-05T15:38:55+00:00","og_image":[{"width":1040,"height":576,"url":"https:\/\/panoramaciudadano.com\/wp-content\/uploads\/2026\/02\/WhatsApp-Image-2026-02-05-at-10.12.46-AM-1.jpeg","type":"image\/jpeg"}],"author":"admin","twitter_card":"summary_large_image","twitter_misc":{"Escrito por":"admin","Tiempo de lectura":"3 minutos"},"schema":{"@context":"https:\/\/schema.org","@graph":[{"@type":"Article","@id":"https:\/\/panoramaciudadano.com\/index.php\/2026\/02\/05\/fortalece-dif-benito-juarez-la-seguridad-ciudadana\/#article","isPartOf":{"@id":"https:\/\/panoramaciudadano.com\/index.php\/2026\/02\/05\/fortalece-dif-benito-juarez-la-seguridad-ciudadana\/"},"author":{"name":"admin","@id":"https:\/\/panoramaciudadano.com\/#\/schema\/person\/ffe9fe8ef47d3a93977b5761fd9e0d96"},"headline":"FORTALECE DIF BENITO JU\u00c1REZ LA SEGURIDAD CIUDADANA","datePublished":"2026-02-05T15:38:48+00:00","dateModified":"2026-02-05T15:38:55+00:00","mainEntityOfPage":{"@id":"https:\/\/panoramaciudadano.com\/index.php\/2026\/02\/05\/fortalece-dif-benito-juarez-la-seguridad-ciudadana\/"},"wordCount":257,"commentCount":0,"publisher":{"@id":"https:\/\/panoramaciudadano.com\/#organization"},"image":{"@id":"https:\/\/panoramaciudadano.com\/index.php\/2026\/02\/05\/fortalece-dif-benito-juarez-la-seguridad-ciudadana\/#primaryimage"},"thumbnailUrl":"https:\/\/panoramaciudadano.com\/wp-content\/uploads\/2026\/02\/WhatsApp-Image-2026-02-05-at-10.12.46-AM-1.jpeg","keywords":["DIF Benito Ju\u00e1rez"],"articleSection":["Canc\u00fan"],"inLanguage":"es","potentialAction":[{"@type":"CommentAction","name":"Comment","target":["https:\/\/panoramaciudadano.com\/index.php\/2026\/02\/05\/fortalece-dif-benito-juarez-la-seguridad-ciudadana\/#respond"]}]},{"@type":"WebPage","@id":"https:\/\/panoramaciudadano.com\/index.php\/2026\/02\/05\/fortalece-dif-benito-juarez-la-seguridad-ciudadana\/","url":"https:\/\/panoramaciudadano.com\/index.php\/2026\/02\/05\/fortalece-dif-benito-juarez-la-seguridad-ciudadana\/","name":"FORTALECE DIF BENITO JU\u00c1REZ LA SEGURIDAD CIUDADANA - Panorama Ciudadano","isPartOf":{"@id":"https:\/\/panoramaciudadano.com\/#website"},"primaryImageOfPage":{"@id":"https:\/\/panoramaciudadano.com\/index.php\/2026\/02\/05\/fortalece-dif-benito-juarez-la-seguridad-ciudadana\/#primaryimage"},"image":{"@id":"https:\/\/panoramaciudadano.com\/index.php\/2026\/02\/05\/fortalece-dif-benito-juarez-la-seguridad-ciudadana\/#primaryimage"},"thumbnailUrl":"https:\/\/panoramaciudadano.com\/wp-content\/uploads\/2026\/02\/WhatsApp-Image-2026-02-05-at-10.12.46-AM-1.jpeg","datePublished":"2026-02-05T15:38:48+00:00","dateModified":"2026-02-05T15:38:55+00:00","breadcrumb":{"@id":"https:\/\/panoramaciudadano.com\/index.php\/2026\/02\/05\/fortalece-dif-benito-juarez-la-seguridad-ciudadana\/#breadcrumb"},"inLanguage":"es","potentialAction":[{"@type":"ReadAction","target":["https:\/\/panoramaciudadano.com\/index.php\/2026\/02\/05\/fortalece-dif-benito-juarez-la-seguridad-ciudadana\/"]}]},{"@type":"ImageObject","inLanguage":"es","@id":"https:\/\/panoramaciudadano.com\/index.php\/2026\/02\/05\/fortalece-dif-benito-juarez-la-seguridad-ciudadana\/#primaryimage","url":"https:\/\/panoramaciudadano.com\/wp-content\/uploads\/2026\/02\/WhatsApp-Image-2026-02-05-at-10.12.46-AM-1.jpeg","contentUrl":"https:\/\/panoramaciudadano.com\/wp-content\/uploads\/2026\/02\/WhatsApp-Image-2026-02-05-at-10.12.46-AM-1.jpeg","width":1040,"height":576},{"@type":"BreadcrumbList","@id":"https:\/\/panoramaciudadano.com\/index.php\/2026\/02\/05\/fortalece-dif-benito-juarez-la-seguridad-ciudadana\/#breadcrumb","itemListElement":[{"@type":"ListItem","position":1,"name":"Portada","item":"https:\/\/panoramaciudadano.com\/"},{"@type":"ListItem","position":2,"name":"FORTALECE DIF BENITO JU\u00c1REZ LA SEGURIDAD CIUDADANA"}]},{"@type":"WebSite","@id":"https:\/\/panoramaciudadano.com\/#website","url":"https:\/\/panoramaciudadano.com\/","name":"Panorama Ciudadano","description":"","publisher":{"@id":"https:\/\/panoramaciudadano.com\/#organization"},"potentialAction":[{"@type":"SearchAction","target":{"@type":"EntryPoint","urlTemplate":"https:\/\/panoramaciudadano.com\/?s={search_term_string}"},"query-input":{"@type":"PropertyValueSpecification","valueRequired":true,"valueName":"search_term_string"}}],"inLanguage":"es"},{"@type":"Organization","@id":"https:\/\/panoramaciudadano.com\/#organization","name":"Panorama Ciudadano","url":"https:\/\/panoramaciudadano.com\/","logo":{"@type":"ImageObject","inLanguage":"es","@id":"https:\/\/panoramaciudadano.com\/#\/schema\/logo\/image\/","url":"https:\/\/panoramaciudadano.com\/wp-content\/uploads\/2024\/05\/401498640_919267042938564_6290593609399108733_n.jpg","contentUrl":"https:\/\/panoramaciudadano.com\/wp-content\/uploads\/2024\/05\/401498640_919267042938564_6290593609399108733_n.jpg","width":960,"height":957,"caption":"Panorama Ciudadano"},"image":{"@id":"https:\/\/panoramaciudadano.com\/#\/schema\/logo\/image\/"},"sameAs":["https:\/\/www.facebook.com\/panoramaciudadano"]},{"@type":"Person","@id":"https:\/\/panoramaciudadano.com\/#\/schema\/person\/ffe9fe8ef47d3a93977b5761fd9e0d96","name":"admin","image":{"@type":"ImageObject","inLanguage":"es","@id":"https:\/\/panoramaciudadano.com\/#\/schema\/person\/image\/","url":"https:\/\/secure.gravatar.com\/avatar\/2d5a12cacce3f18096f25fadea8abb7202fef18ed669595589853e84260ff451?s=96&d=mm&r=g","contentUrl":"https:\/\/secure.gravatar.com\/avatar\/2d5a12cacce3f18096f25fadea8abb7202fef18ed669595589853e84260ff451?s=96&d=mm&r=g","caption":"admin"},"sameAs":["https:\/\/panoramaciudadano.com"],"url":"https:\/\/panoramaciudadano.com\/index.php\/author\/admin_3q6hyqq3\/"}]}},"_links":{"self":[{"href":"https:\/\/panoramaciudadano.com\/index.php\/wp-json\/wp\/v2\/posts\/29952","targetHints":{"allow":["GET"]}}],"collection":[{"href":"https:\/\/panoramaciudadano.com\/index.php\/wp-json\/wp\/v2\/posts"}],"about":[{"href":"https:\/\/panoramaciudadano.com\/index.php\/wp-json\/wp\/v2\/types\/post"}],"author":[{"embeddable":true,"href":"https:\/\/panoramaciudadano.com\/index.php\/wp-json\/wp\/v2\/users\/1"}],"replies":[{"embeddable":true,"href":"https:\/\/panoramaciudadano.com\/index.php\/wp-json\/wp\/v2\/comments?post=29952"}],"version-history":[{"count":1,"href":"https:\/\/panoramaciudadano.com\/index.php\/wp-json\/wp\/v2\/posts\/29952\/revisions"}],"predecessor-version":[{"id":29958,"href":"https:\/\/panoramaciudadano.com\/index.php\/wp-json\/wp\/v2\/posts\/29952\/revisions\/29958"}],"wp:featuredmedia":[{"embeddable":true,"href":"https:\/\/panoramaciudadano.com\/index.php\/wp-json\/wp\/v2\/media\/29956"}],"wp:attachment":[{"href":"https:\/\/panoramaciudadano.com\/index.php\/wp-json\/wp\/v2\/media?parent=29952"}],"wp:term":[{"taxonomy":"category","embeddable":true,"href":"https:\/\/panoramaciudadano.com\/index.php\/wp-json\/wp\/v2\/categories?post=29952"},{"taxonomy":"post_tag","embeddable":true,"href":"https:\/\/panoramaciudadano.com\/index.php\/wp-json\/wp\/v2\/tags?post=29952"}],"curies":[{"name":"wp","href":"https:\/\/api.w.org\/{rel}","templated":true}]}}