{"id":30269,"date":"2026-02-10T10:41:32","date_gmt":"2026-02-10T15:41:32","guid":{"rendered":"https:\/\/panoramaciudadano.com\/?p=30269"},"modified":"2026-02-10T10:41:35","modified_gmt":"2026-02-10T15:41:35","slug":"respalda-ana-paty-peralta-programas-permanentes-para-beneficio-de-estudiantes","status":"publish","type":"post","link":"https:\/\/panoramaciudadano.com\/index.php\/2026\/02\/10\/respalda-ana-paty-peralta-programas-permanentes-para-beneficio-de-estudiantes\/","title":{"rendered":"RESPALDA ANA PATY PERALTA PROGRAMAS PERMANENTES PARA BENEFICIO DE ESTUDIANTES"},"content":{"rendered":"\n<figure class=\"wp-block-gallery has-nested-images columns-default is-cropped wp-block-gallery-1 is-layout-flex wp-block-gallery-is-layout-flex\">\n<figure class=\"wp-block-image size-large\"><img decoding=\"async\" width=\"1024\" height=\"771\" data-id=\"30270\" src=\"https:\/\/panoramaciudadano.com\/wp-content\/uploads\/2026\/02\/WhatsApp-Image-2026-02-10-at-10.37.15-AM-1-1024x771.jpeg\" alt=\"\" class=\"wp-image-30270\" srcset=\"https:\/\/panoramaciudadano.com\/wp-content\/uploads\/2026\/02\/WhatsApp-Image-2026-02-10-at-10.37.15-AM-1-1024x771.jpeg 1024w, https:\/\/panoramaciudadano.com\/wp-content\/uploads\/2026\/02\/WhatsApp-Image-2026-02-10-at-10.37.15-AM-1-300x226.jpeg 300w, https:\/\/panoramaciudadano.com\/wp-content\/uploads\/2026\/02\/WhatsApp-Image-2026-02-10-at-10.37.15-AM-1-768x578.jpeg 768w, https:\/\/panoramaciudadano.com\/wp-content\/uploads\/2026\/02\/WhatsApp-Image-2026-02-10-at-10.37.15-AM-1.jpeg 1280w\" sizes=\"(max-width: 1024px) 100vw, 1024px\" \/><\/figure>\n\n\n\n<figure class=\"wp-block-image size-large\"><img decoding=\"async\" width=\"1024\" height=\"885\" data-id=\"30271\" src=\"https:\/\/panoramaciudadano.com\/wp-content\/uploads\/2026\/02\/WhatsApp-Image-2026-02-10-at-10.37.15-AM-2-1024x885.jpeg\" alt=\"\" class=\"wp-image-30271\" srcset=\"https:\/\/panoramaciudadano.com\/wp-content\/uploads\/2026\/02\/WhatsApp-Image-2026-02-10-at-10.37.15-AM-2-1024x885.jpeg 1024w, https:\/\/panoramaciudadano.com\/wp-content\/uploads\/2026\/02\/WhatsApp-Image-2026-02-10-at-10.37.15-AM-2-300x259.jpeg 300w, https:\/\/panoramaciudadano.com\/wp-content\/uploads\/2026\/02\/WhatsApp-Image-2026-02-10-at-10.37.15-AM-2-768x664.jpeg 768w, https:\/\/panoramaciudadano.com\/wp-content\/uploads\/2026\/02\/WhatsApp-Image-2026-02-10-at-10.37.15-AM-2.jpeg 1280w\" sizes=\"(max-width: 1024px) 100vw, 1024px\" \/><\/figure>\n\n\n\n<figure class=\"wp-block-image size-large\"><img decoding=\"async\" width=\"1024\" height=\"683\" data-id=\"30272\" src=\"https:\/\/panoramaciudadano.com\/wp-content\/uploads\/2026\/02\/WhatsApp-Image-2026-02-10-at-10.37.15-AM-3-1024x683.jpeg\" alt=\"\" class=\"wp-image-30272\" srcset=\"https:\/\/panoramaciudadano.com\/wp-content\/uploads\/2026\/02\/WhatsApp-Image-2026-02-10-at-10.37.15-AM-3-1024x683.jpeg 1024w, https:\/\/panoramaciudadano.com\/wp-content\/uploads\/2026\/02\/WhatsApp-Image-2026-02-10-at-10.37.15-AM-3-300x200.jpeg 300w, https:\/\/panoramaciudadano.com\/wp-content\/uploads\/2026\/02\/WhatsApp-Image-2026-02-10-at-10.37.15-AM-3-768x512.jpeg 768w, https:\/\/panoramaciudadano.com\/wp-content\/uploads\/2026\/02\/WhatsApp-Image-2026-02-10-at-10.37.15-AM-3.jpeg 1280w\" sizes=\"(max-width: 1024px) 100vw, 1024px\" \/><\/figure>\n\n\n\n<figure class=\"wp-block-image size-large\"><img decoding=\"async\" width=\"1024\" height=\"816\" data-id=\"30273\" src=\"https:\/\/panoramaciudadano.com\/wp-content\/uploads\/2026\/02\/WhatsApp-Image-2026-02-10-at-10.37.15-AM-1024x816.jpeg\" alt=\"\" class=\"wp-image-30273\" srcset=\"https:\/\/panoramaciudadano.com\/wp-content\/uploads\/2026\/02\/WhatsApp-Image-2026-02-10-at-10.37.15-AM-1024x816.jpeg 1024w, https:\/\/panoramaciudadano.com\/wp-content\/uploads\/2026\/02\/WhatsApp-Image-2026-02-10-at-10.37.15-AM-300x239.jpeg 300w, https:\/\/panoramaciudadano.com\/wp-content\/uploads\/2026\/02\/WhatsApp-Image-2026-02-10-at-10.37.15-AM-768x612.jpeg 768w, https:\/\/panoramaciudadano.com\/wp-content\/uploads\/2026\/02\/WhatsApp-Image-2026-02-10-at-10.37.15-AM.jpeg 1280w\" sizes=\"(max-width: 1024px) 100vw, 1024px\" \/><\/figure>\n<\/figure>\n\n\n\n<p>La Presidenta Municipal, Ana Paty Peralta, atestigu\u00f3 la asamblea informativa sobre la Beca de apoyo para uniformes y \u00fatiles para primaria \u201cRita Cetina\u201d, que encabezaron la gobernadora Mara Lezama y el coordinador nacional de Becas para el Bienestar, Julio C\u00e9sar Le\u00f3n Trujillo, para padres y madres de familia as\u00ed como estudiantes de ese nivel que ser\u00e1n beneficiados con ese apoyo escolar.<\/p>\n\n\n\n<p>Al finalizar la explicaci\u00f3n otorgada en el domo \u201cJacinto Canek\u201d, celebr\u00f3 que el programa ayuda a las ni\u00f1as y ni\u00f1os a seguir estudiando, ya que la educaci\u00f3n no es un privilegio, sino un derecho que puede servirles para comprar uniformes y \u00fatiles o cualquier tipo de insumo para que contin\u00faen su formaci\u00f3n acad\u00e9mica en el nivel b\u00e1sico.<\/p>\n\n\n\n<p>A su vez, la Gobernadora celebr\u00f3 que es un programa del Gobierno de M\u00e9xico, encabezado por la presidenta Claudia Sheinbaum Pardo, que precisamente otorga bienestar para la gente, ya que se combina con otras estrategias con el mismo fin para que obtengan vivienda digna, apoyos alimentarios, entre otros rubros.<\/p>\n\n\n\n<p>De visita en Canc\u00fan, el Coordinador Nacional del rubro explic\u00f3 todos los detalles a los tutores ya que en la primera semana de marzo deber\u00e1n hacer el registro para que en junio reciban la tarjeta correspondiente y ya en los \u00faltimos d\u00edas de agosto, reciban el incentivo econ\u00f3mico que les permita adquirir todo lo necesario para el siguiente ciclo escolar.<\/p>\n\n\n\n<p>Estuvieron presentes tambi\u00e9n la coordinadora estatal de Becas Bienestar en Quintana Roo, Dianela Ben\u00edtez Garc\u00eda; el secretario general del Ayuntamiento, Pablo Guti\u00e9rrez Fern\u00e1ndez; la presidenta honoraria del DIF Quintana Roo, Ver\u00f3nica Lezama Espinosa; el subsecretario de Educaci\u00f3n en la zona norte, Luis Alberto Tun Calder\u00f3n.<\/p>\n\n\n\n<hr class=\"wp-block-separator has-alpha-channel-opacity\"\/>\n","protected":false},"excerpt":{"rendered":"<p>La Presidenta Municipal, Ana Paty Peralta, atestigu\u00f3 la asamblea informativa sobre la Beca de apoyo para uniformes y \u00fatiles para primaria \u201cRita Cetina\u201d, que encabezaron la gobernadora Mara Lezama y el coordinador nacional de Becas para el Bienestar, Julio C\u00e9sar Le\u00f3n Trujillo, para padres y madres de familia as\u00ed como estudiantes de ese nivel que ser\u00e1n beneficiados con ese apoyo escolar.<\/p>\n","protected":false},"author":1,"featured_media":30271,"comment_status":"open","ping_status":"closed","sticky":false,"template":"","format":"standard","meta":{"footnotes":""},"categories":[6],"tags":[145],"class_list":["post-30269","post","type-post","status-publish","format-standard","has-post-thumbnail","hentry","category-cancun","tag-ana-paty-peralta"],"yoast_head":"<!-- This site is optimized with the Yoast SEO plugin v27.1.1 - https:\/\/yoast.com\/product\/yoast-seo-wordpress\/ -->\n<title>RESPALDA ANA PATY PERALTA PROGRAMAS PERMANENTES PARA BENEFICIO DE ESTUDIANTES - Panorama Ciudadano<\/title>\n<meta name=\"robots\" content=\"index, follow, max-snippet:-1, max-image-preview:large, max-video-preview:-1\" \/>\n<link rel=\"canonical\" href=\"https:\/\/panoramaciudadano.com\/index.php\/2026\/02\/10\/respalda-ana-paty-peralta-programas-permanentes-para-beneficio-de-estudiantes\/\" \/>\n<meta property=\"og:locale\" content=\"es_ES\" \/>\n<meta property=\"og:type\" content=\"article\" \/>\n<meta property=\"og:title\" content=\"RESPALDA ANA PATY PERALTA PROGRAMAS PERMANENTES PARA BENEFICIO DE ESTUDIANTES - Panorama Ciudadano\" \/>\n<meta property=\"og:description\" content=\"La Presidenta Municipal, Ana Paty Peralta, atestigu\u00f3 la asamblea informativa sobre la Beca de apoyo para uniformes y \u00fatiles para primaria \u201cRita Cetina\u201d, que encabezaron la gobernadora Mara Lezama y el coordinador nacional de Becas para el Bienestar, Julio C\u00e9sar Le\u00f3n Trujillo, para padres y madres de familia as\u00ed como estudiantes de ese nivel que ser\u00e1n beneficiados con ese apoyo escolar.\" \/>\n<meta property=\"og:url\" content=\"https:\/\/panoramaciudadano.com\/index.php\/2026\/02\/10\/respalda-ana-paty-peralta-programas-permanentes-para-beneficio-de-estudiantes\/\" \/>\n<meta property=\"og:site_name\" content=\"Panorama Ciudadano\" \/>\n<meta property=\"article:publisher\" content=\"https:\/\/www.facebook.com\/panoramaciudadano\" \/>\n<meta property=\"article:published_time\" content=\"2026-02-10T15:41:32+00:00\" \/>\n<meta property=\"article:modified_time\" content=\"2026-02-10T15:41:35+00:00\" \/>\n<meta property=\"og:image\" content=\"https:\/\/panoramaciudadano.com\/wp-content\/uploads\/2026\/02\/WhatsApp-Image-2026-02-10-at-10.37.15-AM-2.jpeg\" \/>\n\t<meta property=\"og:image:width\" content=\"1280\" \/>\n\t<meta property=\"og:image:height\" content=\"1106\" \/>\n\t<meta property=\"og:image:type\" content=\"image\/jpeg\" \/>\n<meta name=\"author\" content=\"admin\" \/>\n<meta name=\"twitter:card\" content=\"summary_large_image\" \/>\n<meta name=\"twitter:label1\" content=\"Escrito por\" \/>\n\t<meta name=\"twitter:data1\" content=\"admin\" \/>\n\t<meta name=\"twitter:label2\" content=\"Tiempo de lectura\" \/>\n\t<meta name=\"twitter:data2\" content=\"3 minutos\" \/>\n<script type=\"application\/ld+json\" class=\"yoast-schema-graph\">{\"@context\":\"https:\/\/schema.org\",\"@graph\":[{\"@type\":\"Article\",\"@id\":\"https:\/\/panoramaciudadano.com\/index.php\/2026\/02\/10\/respalda-ana-paty-peralta-programas-permanentes-para-beneficio-de-estudiantes\/#article\",\"isPartOf\":{\"@id\":\"https:\/\/panoramaciudadano.com\/index.php\/2026\/02\/10\/respalda-ana-paty-peralta-programas-permanentes-para-beneficio-de-estudiantes\/\"},\"author\":{\"name\":\"admin\",\"@id\":\"https:\/\/panoramaciudadano.com\/#\/schema\/person\/ffe9fe8ef47d3a93977b5761fd9e0d96\"},\"headline\":\"RESPALDA ANA PATY PERALTA PROGRAMAS PERMANENTES PARA BENEFICIO DE ESTUDIANTES\",\"datePublished\":\"2026-02-10T15:41:32+00:00\",\"dateModified\":\"2026-02-10T15:41:35+00:00\",\"mainEntityOfPage\":{\"@id\":\"https:\/\/panoramaciudadano.com\/index.php\/2026\/02\/10\/respalda-ana-paty-peralta-programas-permanentes-para-beneficio-de-estudiantes\/\"},\"wordCount\":306,\"commentCount\":0,\"publisher\":{\"@id\":\"https:\/\/panoramaciudadano.com\/#organization\"},\"image\":{\"@id\":\"https:\/\/panoramaciudadano.com\/index.php\/2026\/02\/10\/respalda-ana-paty-peralta-programas-permanentes-para-beneficio-de-estudiantes\/#primaryimage\"},\"thumbnailUrl\":\"https:\/\/panoramaciudadano.com\/wp-content\/uploads\/2026\/02\/WhatsApp-Image-2026-02-10-at-10.37.15-AM-2.jpeg\",\"keywords\":[\"Ana Paty Peralta\"],\"articleSection\":[\"Canc\u00fan\"],\"inLanguage\":\"es\",\"potentialAction\":[{\"@type\":\"CommentAction\",\"name\":\"Comment\",\"target\":[\"https:\/\/panoramaciudadano.com\/index.php\/2026\/02\/10\/respalda-ana-paty-peralta-programas-permanentes-para-beneficio-de-estudiantes\/#respond\"]}]},{\"@type\":\"WebPage\",\"@id\":\"https:\/\/panoramaciudadano.com\/index.php\/2026\/02\/10\/respalda-ana-paty-peralta-programas-permanentes-para-beneficio-de-estudiantes\/\",\"url\":\"https:\/\/panoramaciudadano.com\/index.php\/2026\/02\/10\/respalda-ana-paty-peralta-programas-permanentes-para-beneficio-de-estudiantes\/\",\"name\":\"RESPALDA ANA PATY PERALTA PROGRAMAS PERMANENTES PARA BENEFICIO DE ESTUDIANTES - Panorama Ciudadano\",\"isPartOf\":{\"@id\":\"https:\/\/panoramaciudadano.com\/#website\"},\"primaryImageOfPage\":{\"@id\":\"https:\/\/panoramaciudadano.com\/index.php\/2026\/02\/10\/respalda-ana-paty-peralta-programas-permanentes-para-beneficio-de-estudiantes\/#primaryimage\"},\"image\":{\"@id\":\"https:\/\/panoramaciudadano.com\/index.php\/2026\/02\/10\/respalda-ana-paty-peralta-programas-permanentes-para-beneficio-de-estudiantes\/#primaryimage\"},\"thumbnailUrl\":\"https:\/\/panoramaciudadano.com\/wp-content\/uploads\/2026\/02\/WhatsApp-Image-2026-02-10-at-10.37.15-AM-2.jpeg\",\"datePublished\":\"2026-02-10T15:41:32+00:00\",\"dateModified\":\"2026-02-10T15:41:35+00:00\",\"breadcrumb\":{\"@id\":\"https:\/\/panoramaciudadano.com\/index.php\/2026\/02\/10\/respalda-ana-paty-peralta-programas-permanentes-para-beneficio-de-estudiantes\/#breadcrumb\"},\"inLanguage\":\"es\",\"potentialAction\":[{\"@type\":\"ReadAction\",\"target\":[\"https:\/\/panoramaciudadano.com\/index.php\/2026\/02\/10\/respalda-ana-paty-peralta-programas-permanentes-para-beneficio-de-estudiantes\/\"]}]},{\"@type\":\"ImageObject\",\"inLanguage\":\"es\",\"@id\":\"https:\/\/panoramaciudadano.com\/index.php\/2026\/02\/10\/respalda-ana-paty-peralta-programas-permanentes-para-beneficio-de-estudiantes\/#primaryimage\",\"url\":\"https:\/\/panoramaciudadano.com\/wp-content\/uploads\/2026\/02\/WhatsApp-Image-2026-02-10-at-10.37.15-AM-2.jpeg\",\"contentUrl\":\"https:\/\/panoramaciudadano.com\/wp-content\/uploads\/2026\/02\/WhatsApp-Image-2026-02-10-at-10.37.15-AM-2.jpeg\",\"width\":1280,\"height\":1106},{\"@type\":\"BreadcrumbList\",\"@id\":\"https:\/\/panoramaciudadano.com\/index.php\/2026\/02\/10\/respalda-ana-paty-peralta-programas-permanentes-para-beneficio-de-estudiantes\/#breadcrumb\",\"itemListElement\":[{\"@type\":\"ListItem\",\"position\":1,\"name\":\"Portada\",\"item\":\"https:\/\/panoramaciudadano.com\/\"},{\"@type\":\"ListItem\",\"position\":2,\"name\":\"RESPALDA ANA PATY PERALTA PROGRAMAS PERMANENTES PARA BENEFICIO DE ESTUDIANTES\"}]},{\"@type\":\"WebSite\",\"@id\":\"https:\/\/panoramaciudadano.com\/#website\",\"url\":\"https:\/\/panoramaciudadano.com\/\",\"name\":\"Panorama Ciudadano\",\"description\":\"\",\"publisher\":{\"@id\":\"https:\/\/panoramaciudadano.com\/#organization\"},\"potentialAction\":[{\"@type\":\"SearchAction\",\"target\":{\"@type\":\"EntryPoint\",\"urlTemplate\":\"https:\/\/panoramaciudadano.com\/?s={search_term_string}\"},\"query-input\":{\"@type\":\"PropertyValueSpecification\",\"valueRequired\":true,\"valueName\":\"search_term_string\"}}],\"inLanguage\":\"es\"},{\"@type\":\"Organization\",\"@id\":\"https:\/\/panoramaciudadano.com\/#organization\",\"name\":\"Panorama Ciudadano\",\"url\":\"https:\/\/panoramaciudadano.com\/\",\"logo\":{\"@type\":\"ImageObject\",\"inLanguage\":\"es\",\"@id\":\"https:\/\/panoramaciudadano.com\/#\/schema\/logo\/image\/\",\"url\":\"https:\/\/panoramaciudadano.com\/wp-content\/uploads\/2024\/05\/401498640_919267042938564_6290593609399108733_n.jpg\",\"contentUrl\":\"https:\/\/panoramaciudadano.com\/wp-content\/uploads\/2024\/05\/401498640_919267042938564_6290593609399108733_n.jpg\",\"width\":960,\"height\":957,\"caption\":\"Panorama Ciudadano\"},\"image\":{\"@id\":\"https:\/\/panoramaciudadano.com\/#\/schema\/logo\/image\/\"},\"sameAs\":[\"https:\/\/www.facebook.com\/panoramaciudadano\"]},{\"@type\":\"Person\",\"@id\":\"https:\/\/panoramaciudadano.com\/#\/schema\/person\/ffe9fe8ef47d3a93977b5761fd9e0d96\",\"name\":\"admin\",\"image\":{\"@type\":\"ImageObject\",\"inLanguage\":\"es\",\"@id\":\"https:\/\/panoramaciudadano.com\/#\/schema\/person\/image\/\",\"url\":\"https:\/\/secure.gravatar.com\/avatar\/2d5a12cacce3f18096f25fadea8abb7202fef18ed669595589853e84260ff451?s=96&d=mm&r=g\",\"contentUrl\":\"https:\/\/secure.gravatar.com\/avatar\/2d5a12cacce3f18096f25fadea8abb7202fef18ed669595589853e84260ff451?s=96&d=mm&r=g\",\"caption\":\"admin\"},\"sameAs\":[\"https:\/\/panoramaciudadano.com\"],\"url\":\"https:\/\/panoramaciudadano.com\/index.php\/author\/admin_3q6hyqq3\/\"}]}<\/script>\n<!-- \/ Yoast SEO plugin. -->","yoast_head_json":{"title":"RESPALDA ANA PATY PERALTA PROGRAMAS PERMANENTES PARA BENEFICIO DE ESTUDIANTES - Panorama Ciudadano","robots":{"index":"index","follow":"follow","max-snippet":"max-snippet:-1","max-image-preview":"max-image-preview:large","max-video-preview":"max-video-preview:-1"},"canonical":"https:\/\/panoramaciudadano.com\/index.php\/2026\/02\/10\/respalda-ana-paty-peralta-programas-permanentes-para-beneficio-de-estudiantes\/","og_locale":"es_ES","og_type":"article","og_title":"RESPALDA ANA PATY PERALTA PROGRAMAS PERMANENTES PARA BENEFICIO DE ESTUDIANTES - Panorama Ciudadano","og_description":"La Presidenta Municipal, Ana Paty Peralta, atestigu\u00f3 la asamblea informativa sobre la Beca de apoyo para uniformes y \u00fatiles para primaria \u201cRita Cetina\u201d, que encabezaron la gobernadora Mara Lezama y el coordinador nacional de Becas para el Bienestar, Julio C\u00e9sar Le\u00f3n Trujillo, para padres y madres de familia as\u00ed como estudiantes de ese nivel que ser\u00e1n beneficiados con ese apoyo escolar.","og_url":"https:\/\/panoramaciudadano.com\/index.php\/2026\/02\/10\/respalda-ana-paty-peralta-programas-permanentes-para-beneficio-de-estudiantes\/","og_site_name":"Panorama Ciudadano","article_publisher":"https:\/\/www.facebook.com\/panoramaciudadano","article_published_time":"2026-02-10T15:41:32+00:00","article_modified_time":"2026-02-10T15:41:35+00:00","og_image":[{"width":1280,"height":1106,"url":"https:\/\/panoramaciudadano.com\/wp-content\/uploads\/2026\/02\/WhatsApp-Image-2026-02-10-at-10.37.15-AM-2.jpeg","type":"image\/jpeg"}],"author":"admin","twitter_card":"summary_large_image","twitter_misc":{"Escrito por":"admin","Tiempo de lectura":"3 minutos"},"schema":{"@context":"https:\/\/schema.org","@graph":[{"@type":"Article","@id":"https:\/\/panoramaciudadano.com\/index.php\/2026\/02\/10\/respalda-ana-paty-peralta-programas-permanentes-para-beneficio-de-estudiantes\/#article","isPartOf":{"@id":"https:\/\/panoramaciudadano.com\/index.php\/2026\/02\/10\/respalda-ana-paty-peralta-programas-permanentes-para-beneficio-de-estudiantes\/"},"author":{"name":"admin","@id":"https:\/\/panoramaciudadano.com\/#\/schema\/person\/ffe9fe8ef47d3a93977b5761fd9e0d96"},"headline":"RESPALDA ANA PATY PERALTA PROGRAMAS PERMANENTES PARA BENEFICIO DE ESTUDIANTES","datePublished":"2026-02-10T15:41:32+00:00","dateModified":"2026-02-10T15:41:35+00:00","mainEntityOfPage":{"@id":"https:\/\/panoramaciudadano.com\/index.php\/2026\/02\/10\/respalda-ana-paty-peralta-programas-permanentes-para-beneficio-de-estudiantes\/"},"wordCount":306,"commentCount":0,"publisher":{"@id":"https:\/\/panoramaciudadano.com\/#organization"},"image":{"@id":"https:\/\/panoramaciudadano.com\/index.php\/2026\/02\/10\/respalda-ana-paty-peralta-programas-permanentes-para-beneficio-de-estudiantes\/#primaryimage"},"thumbnailUrl":"https:\/\/panoramaciudadano.com\/wp-content\/uploads\/2026\/02\/WhatsApp-Image-2026-02-10-at-10.37.15-AM-2.jpeg","keywords":["Ana Paty Peralta"],"articleSection":["Canc\u00fan"],"inLanguage":"es","potentialAction":[{"@type":"CommentAction","name":"Comment","target":["https:\/\/panoramaciudadano.com\/index.php\/2026\/02\/10\/respalda-ana-paty-peralta-programas-permanentes-para-beneficio-de-estudiantes\/#respond"]}]},{"@type":"WebPage","@id":"https:\/\/panoramaciudadano.com\/index.php\/2026\/02\/10\/respalda-ana-paty-peralta-programas-permanentes-para-beneficio-de-estudiantes\/","url":"https:\/\/panoramaciudadano.com\/index.php\/2026\/02\/10\/respalda-ana-paty-peralta-programas-permanentes-para-beneficio-de-estudiantes\/","name":"RESPALDA ANA PATY PERALTA PROGRAMAS PERMANENTES PARA BENEFICIO DE ESTUDIANTES - Panorama Ciudadano","isPartOf":{"@id":"https:\/\/panoramaciudadano.com\/#website"},"primaryImageOfPage":{"@id":"https:\/\/panoramaciudadano.com\/index.php\/2026\/02\/10\/respalda-ana-paty-peralta-programas-permanentes-para-beneficio-de-estudiantes\/#primaryimage"},"image":{"@id":"https:\/\/panoramaciudadano.com\/index.php\/2026\/02\/10\/respalda-ana-paty-peralta-programas-permanentes-para-beneficio-de-estudiantes\/#primaryimage"},"thumbnailUrl":"https:\/\/panoramaciudadano.com\/wp-content\/uploads\/2026\/02\/WhatsApp-Image-2026-02-10-at-10.37.15-AM-2.jpeg","datePublished":"2026-02-10T15:41:32+00:00","dateModified":"2026-02-10T15:41:35+00:00","breadcrumb":{"@id":"https:\/\/panoramaciudadano.com\/index.php\/2026\/02\/10\/respalda-ana-paty-peralta-programas-permanentes-para-beneficio-de-estudiantes\/#breadcrumb"},"inLanguage":"es","potentialAction":[{"@type":"ReadAction","target":["https:\/\/panoramaciudadano.com\/index.php\/2026\/02\/10\/respalda-ana-paty-peralta-programas-permanentes-para-beneficio-de-estudiantes\/"]}]},{"@type":"ImageObject","inLanguage":"es","@id":"https:\/\/panoramaciudadano.com\/index.php\/2026\/02\/10\/respalda-ana-paty-peralta-programas-permanentes-para-beneficio-de-estudiantes\/#primaryimage","url":"https:\/\/panoramaciudadano.com\/wp-content\/uploads\/2026\/02\/WhatsApp-Image-2026-02-10-at-10.37.15-AM-2.jpeg","contentUrl":"https:\/\/panoramaciudadano.com\/wp-content\/uploads\/2026\/02\/WhatsApp-Image-2026-02-10-at-10.37.15-AM-2.jpeg","width":1280,"height":1106},{"@type":"BreadcrumbList","@id":"https:\/\/panoramaciudadano.com\/index.php\/2026\/02\/10\/respalda-ana-paty-peralta-programas-permanentes-para-beneficio-de-estudiantes\/#breadcrumb","itemListElement":[{"@type":"ListItem","position":1,"name":"Portada","item":"https:\/\/panoramaciudadano.com\/"},{"@type":"ListItem","position":2,"name":"RESPALDA ANA PATY PERALTA PROGRAMAS PERMANENTES PARA BENEFICIO DE ESTUDIANTES"}]},{"@type":"WebSite","@id":"https:\/\/panoramaciudadano.com\/#website","url":"https:\/\/panoramaciudadano.com\/","name":"Panorama Ciudadano","description":"","publisher":{"@id":"https:\/\/panoramaciudadano.com\/#organization"},"potentialAction":[{"@type":"SearchAction","target":{"@type":"EntryPoint","urlTemplate":"https:\/\/panoramaciudadano.com\/?s={search_term_string}"},"query-input":{"@type":"PropertyValueSpecification","valueRequired":true,"valueName":"search_term_string"}}],"inLanguage":"es"},{"@type":"Organization","@id":"https:\/\/panoramaciudadano.com\/#organization","name":"Panorama Ciudadano","url":"https:\/\/panoramaciudadano.com\/","logo":{"@type":"ImageObject","inLanguage":"es","@id":"https:\/\/panoramaciudadano.com\/#\/schema\/logo\/image\/","url":"https:\/\/panoramaciudadano.com\/wp-content\/uploads\/2024\/05\/401498640_919267042938564_6290593609399108733_n.jpg","contentUrl":"https:\/\/panoramaciudadano.com\/wp-content\/uploads\/2024\/05\/401498640_919267042938564_6290593609399108733_n.jpg","width":960,"height":957,"caption":"Panorama Ciudadano"},"image":{"@id":"https:\/\/panoramaciudadano.com\/#\/schema\/logo\/image\/"},"sameAs":["https:\/\/www.facebook.com\/panoramaciudadano"]},{"@type":"Person","@id":"https:\/\/panoramaciudadano.com\/#\/schema\/person\/ffe9fe8ef47d3a93977b5761fd9e0d96","name":"admin","image":{"@type":"ImageObject","inLanguage":"es","@id":"https:\/\/panoramaciudadano.com\/#\/schema\/person\/image\/","url":"https:\/\/secure.gravatar.com\/avatar\/2d5a12cacce3f18096f25fadea8abb7202fef18ed669595589853e84260ff451?s=96&d=mm&r=g","contentUrl":"https:\/\/secure.gravatar.com\/avatar\/2d5a12cacce3f18096f25fadea8abb7202fef18ed669595589853e84260ff451?s=96&d=mm&r=g","caption":"admin"},"sameAs":["https:\/\/panoramaciudadano.com"],"url":"https:\/\/panoramaciudadano.com\/index.php\/author\/admin_3q6hyqq3\/"}]}},"_links":{"self":[{"href":"https:\/\/panoramaciudadano.com\/index.php\/wp-json\/wp\/v2\/posts\/30269","targetHints":{"allow":["GET"]}}],"collection":[{"href":"https:\/\/panoramaciudadano.com\/index.php\/wp-json\/wp\/v2\/posts"}],"about":[{"href":"https:\/\/panoramaciudadano.com\/index.php\/wp-json\/wp\/v2\/types\/post"}],"author":[{"embeddable":true,"href":"https:\/\/panoramaciudadano.com\/index.php\/wp-json\/wp\/v2\/users\/1"}],"replies":[{"embeddable":true,"href":"https:\/\/panoramaciudadano.com\/index.php\/wp-json\/wp\/v2\/comments?post=30269"}],"version-history":[{"count":1,"href":"https:\/\/panoramaciudadano.com\/index.php\/wp-json\/wp\/v2\/posts\/30269\/revisions"}],"predecessor-version":[{"id":30274,"href":"https:\/\/panoramaciudadano.com\/index.php\/wp-json\/wp\/v2\/posts\/30269\/revisions\/30274"}],"wp:featuredmedia":[{"embeddable":true,"href":"https:\/\/panoramaciudadano.com\/index.php\/wp-json\/wp\/v2\/media\/30271"}],"wp:attachment":[{"href":"https:\/\/panoramaciudadano.com\/index.php\/wp-json\/wp\/v2\/media?parent=30269"}],"wp:term":[{"taxonomy":"category","embeddable":true,"href":"https:\/\/panoramaciudadano.com\/index.php\/wp-json\/wp\/v2\/categories?post=30269"},{"taxonomy":"post_tag","embeddable":true,"href":"https:\/\/panoramaciudadano.com\/index.php\/wp-json\/wp\/v2\/tags?post=30269"}],"curies":[{"name":"wp","href":"https:\/\/api.w.org\/{rel}","templated":true}]}}