{"id":30280,"date":"2026-02-11T12:18:19","date_gmt":"2026-02-11T17:18:19","guid":{"rendered":"https:\/\/panoramaciudadano.com\/?p=30280"},"modified":"2026-02-11T12:18:21","modified_gmt":"2026-02-11T17:18:21","slug":"ana-paty-peralta-supervisa-avance-de-cruces-seguros","status":"publish","type":"post","link":"https:\/\/panoramaciudadano.com\/index.php\/2026\/02\/11\/ana-paty-peralta-supervisa-avance-de-cruces-seguros\/","title":{"rendered":"ANA PATY PERALTA SUPERVISA AVANCE DE CRUCES SEGUROS"},"content":{"rendered":"\n<figure class=\"wp-block-gallery has-nested-images columns-default is-cropped wp-block-gallery-1 is-layout-flex wp-block-gallery-is-layout-flex\">\n<figure class=\"wp-block-image size-large\"><img decoding=\"async\" width=\"1024\" height=\"788\" data-id=\"30286\" src=\"https:\/\/panoramaciudadano.com\/wp-content\/uploads\/2026\/02\/WhatsApp-Image-2026-02-11-at-10.55.43-AM-1-1024x788.jpeg\" alt=\"\" class=\"wp-image-30286\" srcset=\"https:\/\/panoramaciudadano.com\/wp-content\/uploads\/2026\/02\/WhatsApp-Image-2026-02-11-at-10.55.43-AM-1-1024x788.jpeg 1024w, https:\/\/panoramaciudadano.com\/wp-content\/uploads\/2026\/02\/WhatsApp-Image-2026-02-11-at-10.55.43-AM-1-300x231.jpeg 300w, https:\/\/panoramaciudadano.com\/wp-content\/uploads\/2026\/02\/WhatsApp-Image-2026-02-11-at-10.55.43-AM-1-768x591.jpeg 768w, https:\/\/panoramaciudadano.com\/wp-content\/uploads\/2026\/02\/WhatsApp-Image-2026-02-11-at-10.55.43-AM-1-1536x1181.jpeg 1536w, https:\/\/panoramaciudadano.com\/wp-content\/uploads\/2026\/02\/WhatsApp-Image-2026-02-11-at-10.55.43-AM-1-2048x1575.jpeg 2048w\" sizes=\"(max-width: 1024px) 100vw, 1024px\" \/><\/figure>\n\n\n\n<figure class=\"wp-block-image size-large\"><img decoding=\"async\" width=\"1024\" height=\"682\" data-id=\"30285\" src=\"https:\/\/panoramaciudadano.com\/wp-content\/uploads\/2026\/02\/WhatsApp-Image-2026-02-11-at-10.55.43-AM-2-1024x682.jpeg\" alt=\"\" class=\"wp-image-30285\" srcset=\"https:\/\/panoramaciudadano.com\/wp-content\/uploads\/2026\/02\/WhatsApp-Image-2026-02-11-at-10.55.43-AM-2-1024x682.jpeg 1024w, https:\/\/panoramaciudadano.com\/wp-content\/uploads\/2026\/02\/WhatsApp-Image-2026-02-11-at-10.55.43-AM-2-300x200.jpeg 300w, https:\/\/panoramaciudadano.com\/wp-content\/uploads\/2026\/02\/WhatsApp-Image-2026-02-11-at-10.55.43-AM-2-768x512.jpeg 768w, https:\/\/panoramaciudadano.com\/wp-content\/uploads\/2026\/02\/WhatsApp-Image-2026-02-11-at-10.55.43-AM-2-1536x1024.jpeg 1536w, https:\/\/panoramaciudadano.com\/wp-content\/uploads\/2026\/02\/WhatsApp-Image-2026-02-11-at-10.55.43-AM-2-2048x1365.jpeg 2048w\" sizes=\"(max-width: 1024px) 100vw, 1024px\" \/><\/figure>\n\n\n\n<figure class=\"wp-block-image size-large\"><img decoding=\"async\" width=\"1024\" height=\"682\" data-id=\"30283\" src=\"https:\/\/panoramaciudadano.com\/wp-content\/uploads\/2026\/02\/WhatsApp-Image-2026-02-11-at-10.55.43-AM-3-1024x682.jpeg\" alt=\"\" class=\"wp-image-30283\" srcset=\"https:\/\/panoramaciudadano.com\/wp-content\/uploads\/2026\/02\/WhatsApp-Image-2026-02-11-at-10.55.43-AM-3-1024x682.jpeg 1024w, https:\/\/panoramaciudadano.com\/wp-content\/uploads\/2026\/02\/WhatsApp-Image-2026-02-11-at-10.55.43-AM-3-300x200.jpeg 300w, https:\/\/panoramaciudadano.com\/wp-content\/uploads\/2026\/02\/WhatsApp-Image-2026-02-11-at-10.55.43-AM-3-768x512.jpeg 768w, https:\/\/panoramaciudadano.com\/wp-content\/uploads\/2026\/02\/WhatsApp-Image-2026-02-11-at-10.55.43-AM-3-1536x1024.jpeg 1536w, https:\/\/panoramaciudadano.com\/wp-content\/uploads\/2026\/02\/WhatsApp-Image-2026-02-11-at-10.55.43-AM-3-2048x1365.jpeg 2048w\" sizes=\"(max-width: 1024px) 100vw, 1024px\" \/><\/figure>\n\n\n\n<figure class=\"wp-block-image size-large\"><img decoding=\"async\" width=\"1024\" height=\"682\" data-id=\"30284\" src=\"https:\/\/panoramaciudadano.com\/wp-content\/uploads\/2026\/02\/WhatsApp-Image-2026-02-11-at-10.55.43-AM-4-1024x682.jpeg\" alt=\"\" class=\"wp-image-30284\" srcset=\"https:\/\/panoramaciudadano.com\/wp-content\/uploads\/2026\/02\/WhatsApp-Image-2026-02-11-at-10.55.43-AM-4-1024x682.jpeg 1024w, https:\/\/panoramaciudadano.com\/wp-content\/uploads\/2026\/02\/WhatsApp-Image-2026-02-11-at-10.55.43-AM-4-300x200.jpeg 300w, https:\/\/panoramaciudadano.com\/wp-content\/uploads\/2026\/02\/WhatsApp-Image-2026-02-11-at-10.55.43-AM-4-768x512.jpeg 768w, https:\/\/panoramaciudadano.com\/wp-content\/uploads\/2026\/02\/WhatsApp-Image-2026-02-11-at-10.55.43-AM-4-1536x1024.jpeg 1536w, https:\/\/panoramaciudadano.com\/wp-content\/uploads\/2026\/02\/WhatsApp-Image-2026-02-11-at-10.55.43-AM-4-2048x1365.jpeg 2048w\" sizes=\"(max-width: 1024px) 100vw, 1024px\" \/><\/figure>\n\n\n\n<figure class=\"wp-block-image size-large\"><img decoding=\"async\" width=\"827\" height=\"1024\" data-id=\"30281\" src=\"https:\/\/panoramaciudadano.com\/wp-content\/uploads\/2026\/02\/WhatsApp-Image-2026-02-11-at-10.55.43-AM-827x1024.jpeg\" alt=\"\" class=\"wp-image-30281\" srcset=\"https:\/\/panoramaciudadano.com\/wp-content\/uploads\/2026\/02\/WhatsApp-Image-2026-02-11-at-10.55.43-AM-827x1024.jpeg 827w, https:\/\/panoramaciudadano.com\/wp-content\/uploads\/2026\/02\/WhatsApp-Image-2026-02-11-at-10.55.43-AM-242x300.jpeg 242w, https:\/\/panoramaciudadano.com\/wp-content\/uploads\/2026\/02\/WhatsApp-Image-2026-02-11-at-10.55.43-AM-768x951.jpeg 768w, https:\/\/panoramaciudadano.com\/wp-content\/uploads\/2026\/02\/WhatsApp-Image-2026-02-11-at-10.55.43-AM-1241x1536.jpeg 1241w, https:\/\/panoramaciudadano.com\/wp-content\/uploads\/2026\/02\/WhatsApp-Image-2026-02-11-at-10.55.43-AM-1654x2048.jpeg 1654w\" sizes=\"(max-width: 827px) 100vw, 827px\" \/><\/figure>\n<\/figure>\n\n\n\n<p>Como parte del compromiso por fortalecer la seguridad vial y mejorar la movilidad urbana, la Presidenta Municipal, Ana Paty Peralta, contin\u00faa supervisando los avances en la construcci\u00f3n de los Cruces Seguros en la ciudad, una estrategia clave para consolidar un Canc\u00fan m\u00e1s seguro, ordenado y eficiente.<\/p>\n\n\n\n<p>En esta ocasi\u00f3n, la Alcaldesa visit\u00f3 el cruce de la avenida Orqu\u00eddeas con avenida Lak\u2019in, donde constat\u00f3 el progreso de la obra de modernizaci\u00f3n de la red de sem\u00e1foros, que registra un avance del 58 por ciento. \u201cEste proyecto forma parte de un programa integral que contempla la instalaci\u00f3n de sem\u00e1foros vehiculares y peatonales, as\u00ed como adecuaciones geom\u00e9tricas para mejorar la circulaci\u00f3n y tecnolog\u00eda de control de tr\u00e1fico enlazada al Centro de Monitoreo\u201d detall\u00f3.<\/p>\n\n\n\n<p>Durante el recorrido, tambi\u00e9n destac\u00f3 que estas acciones permitir\u00e1n brindar mayor protecci\u00f3n tanto a peatones como a automovilistas, adem\u00e1s de optimizar los tiempos de traslado y prevenir accidentes en una de las intersecciones con mayor afluencia de la zona.<\/p>\n\n\n\n<p>El director general del Instituto Municipal de Planeaci\u00f3n y Desarrollo Urbano (IMPLAN), H\u00e9ctor S\u00e1nchez Tirado, indic\u00f3 que entre las mejoras se incluyen sem\u00e1foros peatonales con se\u00f1ales audibles, controladores de tr\u00e1fico avanzados y adecuaciones en la vialidad, como acciones que impulsan una infraestructura moderna y accesible para todas y todos.<\/p>\n\n\n\n<p>Finalmente, Ana Paty Peralta reiter\u00f3 que la modernizaci\u00f3n de la infraestructura vial es fundamental para elevar la calidad de vida de la ciudadan\u00eda y avanzar hacia una movilidad m\u00e1s segura, priorizando a quienes transitan diariamente por las calles de Canc\u00fan.<\/p>\n\n\n\n<hr class=\"wp-block-separator has-alpha-channel-opacity\"\/>\n","protected":false},"excerpt":{"rendered":"<p>Como parte del compromiso por fortalecer la seguridad vial y mejorar la movilidad urbana, la Presidenta Municipal, Ana Paty Peralta, contin\u00faa supervisando los avances en la construcci\u00f3n de los Cruces Seguros en la ciudad, una estrategia clave para consolidar un Canc\u00fan m\u00e1s seguro, ordenado y eficiente.<\/p>\n","protected":false},"author":1,"featured_media":30287,"comment_status":"open","ping_status":"closed","sticky":false,"template":"","format":"standard","meta":{"footnotes":""},"categories":[6],"tags":[145],"class_list":["post-30280","post","type-post","status-publish","format-standard","has-post-thumbnail","hentry","category-cancun","tag-ana-paty-peralta"],"yoast_head":"<!-- This site is optimized with the Yoast SEO plugin v27.1.1 - https:\/\/yoast.com\/product\/yoast-seo-wordpress\/ -->\n<title>ANA PATY PERALTA SUPERVISA AVANCE DE CRUCES SEGUROS - Panorama Ciudadano<\/title>\n<meta name=\"robots\" content=\"index, follow, max-snippet:-1, max-image-preview:large, max-video-preview:-1\" \/>\n<link rel=\"canonical\" href=\"https:\/\/panoramaciudadano.com\/index.php\/2026\/02\/11\/ana-paty-peralta-supervisa-avance-de-cruces-seguros\/\" \/>\n<meta property=\"og:locale\" content=\"es_ES\" \/>\n<meta property=\"og:type\" content=\"article\" \/>\n<meta property=\"og:title\" content=\"ANA PATY PERALTA SUPERVISA AVANCE DE CRUCES SEGUROS - Panorama Ciudadano\" \/>\n<meta property=\"og:description\" content=\"Como parte del compromiso por fortalecer la seguridad vial y mejorar la movilidad urbana, la Presidenta Municipal, Ana Paty Peralta, contin\u00faa supervisando los avances en la construcci\u00f3n de los Cruces Seguros en la ciudad, una estrategia clave para consolidar un Canc\u00fan m\u00e1s seguro, ordenado y eficiente.\" \/>\n<meta property=\"og:url\" content=\"https:\/\/panoramaciudadano.com\/index.php\/2026\/02\/11\/ana-paty-peralta-supervisa-avance-de-cruces-seguros\/\" \/>\n<meta property=\"og:site_name\" content=\"Panorama Ciudadano\" \/>\n<meta property=\"article:publisher\" content=\"https:\/\/www.facebook.com\/panoramaciudadano\" \/>\n<meta property=\"article:published_time\" content=\"2026-02-11T17:18:19+00:00\" \/>\n<meta property=\"article:modified_time\" content=\"2026-02-11T17:18:21+00:00\" \/>\n<meta property=\"og:image\" content=\"https:\/\/panoramaciudadano.com\/wp-content\/uploads\/2026\/02\/WhatsApp-Image-2026-02-11-at-10.55.44-AM-1.jpeg\" \/>\n\t<meta property=\"og:image:width\" content=\"2560\" \/>\n\t<meta property=\"og:image:height\" content=\"1440\" \/>\n\t<meta property=\"og:image:type\" content=\"image\/jpeg\" \/>\n<meta name=\"author\" content=\"admin\" \/>\n<meta name=\"twitter:card\" content=\"summary_large_image\" \/>\n<meta name=\"twitter:label1\" content=\"Escrito por\" \/>\n\t<meta name=\"twitter:data1\" content=\"admin\" \/>\n\t<meta name=\"twitter:label2\" content=\"Tiempo de lectura\" \/>\n\t<meta name=\"twitter:data2\" content=\"3 minutos\" \/>\n<script type=\"application\/ld+json\" class=\"yoast-schema-graph\">{\"@context\":\"https:\/\/schema.org\",\"@graph\":[{\"@type\":\"Article\",\"@id\":\"https:\/\/panoramaciudadano.com\/index.php\/2026\/02\/11\/ana-paty-peralta-supervisa-avance-de-cruces-seguros\/#article\",\"isPartOf\":{\"@id\":\"https:\/\/panoramaciudadano.com\/index.php\/2026\/02\/11\/ana-paty-peralta-supervisa-avance-de-cruces-seguros\/\"},\"author\":{\"name\":\"admin\",\"@id\":\"https:\/\/panoramaciudadano.com\/#\/schema\/person\/ffe9fe8ef47d3a93977b5761fd9e0d96\"},\"headline\":\"ANA PATY PERALTA SUPERVISA AVANCE DE CRUCES SEGUROS\",\"datePublished\":\"2026-02-11T17:18:19+00:00\",\"dateModified\":\"2026-02-11T17:18:21+00:00\",\"mainEntityOfPage\":{\"@id\":\"https:\/\/panoramaciudadano.com\/index.php\/2026\/02\/11\/ana-paty-peralta-supervisa-avance-de-cruces-seguros\/\"},\"wordCount\":284,\"commentCount\":0,\"publisher\":{\"@id\":\"https:\/\/panoramaciudadano.com\/#organization\"},\"image\":{\"@id\":\"https:\/\/panoramaciudadano.com\/index.php\/2026\/02\/11\/ana-paty-peralta-supervisa-avance-de-cruces-seguros\/#primaryimage\"},\"thumbnailUrl\":\"https:\/\/panoramaciudadano.com\/wp-content\/uploads\/2026\/02\/WhatsApp-Image-2026-02-11-at-10.55.44-AM-1.jpeg\",\"keywords\":[\"Ana Paty Peralta\"],\"articleSection\":[\"Canc\u00fan\"],\"inLanguage\":\"es\",\"potentialAction\":[{\"@type\":\"CommentAction\",\"name\":\"Comment\",\"target\":[\"https:\/\/panoramaciudadano.com\/index.php\/2026\/02\/11\/ana-paty-peralta-supervisa-avance-de-cruces-seguros\/#respond\"]}]},{\"@type\":\"WebPage\",\"@id\":\"https:\/\/panoramaciudadano.com\/index.php\/2026\/02\/11\/ana-paty-peralta-supervisa-avance-de-cruces-seguros\/\",\"url\":\"https:\/\/panoramaciudadano.com\/index.php\/2026\/02\/11\/ana-paty-peralta-supervisa-avance-de-cruces-seguros\/\",\"name\":\"ANA PATY PERALTA SUPERVISA AVANCE DE CRUCES SEGUROS - Panorama Ciudadano\",\"isPartOf\":{\"@id\":\"https:\/\/panoramaciudadano.com\/#website\"},\"primaryImageOfPage\":{\"@id\":\"https:\/\/panoramaciudadano.com\/index.php\/2026\/02\/11\/ana-paty-peralta-supervisa-avance-de-cruces-seguros\/#primaryimage\"},\"image\":{\"@id\":\"https:\/\/panoramaciudadano.com\/index.php\/2026\/02\/11\/ana-paty-peralta-supervisa-avance-de-cruces-seguros\/#primaryimage\"},\"thumbnailUrl\":\"https:\/\/panoramaciudadano.com\/wp-content\/uploads\/2026\/02\/WhatsApp-Image-2026-02-11-at-10.55.44-AM-1.jpeg\",\"datePublished\":\"2026-02-11T17:18:19+00:00\",\"dateModified\":\"2026-02-11T17:18:21+00:00\",\"breadcrumb\":{\"@id\":\"https:\/\/panoramaciudadano.com\/index.php\/2026\/02\/11\/ana-paty-peralta-supervisa-avance-de-cruces-seguros\/#breadcrumb\"},\"inLanguage\":\"es\",\"potentialAction\":[{\"@type\":\"ReadAction\",\"target\":[\"https:\/\/panoramaciudadano.com\/index.php\/2026\/02\/11\/ana-paty-peralta-supervisa-avance-de-cruces-seguros\/\"]}]},{\"@type\":\"ImageObject\",\"inLanguage\":\"es\",\"@id\":\"https:\/\/panoramaciudadano.com\/index.php\/2026\/02\/11\/ana-paty-peralta-supervisa-avance-de-cruces-seguros\/#primaryimage\",\"url\":\"https:\/\/panoramaciudadano.com\/wp-content\/uploads\/2026\/02\/WhatsApp-Image-2026-02-11-at-10.55.44-AM-1.jpeg\",\"contentUrl\":\"https:\/\/panoramaciudadano.com\/wp-content\/uploads\/2026\/02\/WhatsApp-Image-2026-02-11-at-10.55.44-AM-1.jpeg\",\"width\":2560,\"height\":1440},{\"@type\":\"BreadcrumbList\",\"@id\":\"https:\/\/panoramaciudadano.com\/index.php\/2026\/02\/11\/ana-paty-peralta-supervisa-avance-de-cruces-seguros\/#breadcrumb\",\"itemListElement\":[{\"@type\":\"ListItem\",\"position\":1,\"name\":\"Portada\",\"item\":\"https:\/\/panoramaciudadano.com\/\"},{\"@type\":\"ListItem\",\"position\":2,\"name\":\"ANA PATY PERALTA SUPERVISA AVANCE DE CRUCES SEGUROS\"}]},{\"@type\":\"WebSite\",\"@id\":\"https:\/\/panoramaciudadano.com\/#website\",\"url\":\"https:\/\/panoramaciudadano.com\/\",\"name\":\"Panorama Ciudadano\",\"description\":\"\",\"publisher\":{\"@id\":\"https:\/\/panoramaciudadano.com\/#organization\"},\"potentialAction\":[{\"@type\":\"SearchAction\",\"target\":{\"@type\":\"EntryPoint\",\"urlTemplate\":\"https:\/\/panoramaciudadano.com\/?s={search_term_string}\"},\"query-input\":{\"@type\":\"PropertyValueSpecification\",\"valueRequired\":true,\"valueName\":\"search_term_string\"}}],\"inLanguage\":\"es\"},{\"@type\":\"Organization\",\"@id\":\"https:\/\/panoramaciudadano.com\/#organization\",\"name\":\"Panorama Ciudadano\",\"url\":\"https:\/\/panoramaciudadano.com\/\",\"logo\":{\"@type\":\"ImageObject\",\"inLanguage\":\"es\",\"@id\":\"https:\/\/panoramaciudadano.com\/#\/schema\/logo\/image\/\",\"url\":\"https:\/\/panoramaciudadano.com\/wp-content\/uploads\/2024\/05\/401498640_919267042938564_6290593609399108733_n.jpg\",\"contentUrl\":\"https:\/\/panoramaciudadano.com\/wp-content\/uploads\/2024\/05\/401498640_919267042938564_6290593609399108733_n.jpg\",\"width\":960,\"height\":957,\"caption\":\"Panorama Ciudadano\"},\"image\":{\"@id\":\"https:\/\/panoramaciudadano.com\/#\/schema\/logo\/image\/\"},\"sameAs\":[\"https:\/\/www.facebook.com\/panoramaciudadano\"]},{\"@type\":\"Person\",\"@id\":\"https:\/\/panoramaciudadano.com\/#\/schema\/person\/ffe9fe8ef47d3a93977b5761fd9e0d96\",\"name\":\"admin\",\"image\":{\"@type\":\"ImageObject\",\"inLanguage\":\"es\",\"@id\":\"https:\/\/panoramaciudadano.com\/#\/schema\/person\/image\/\",\"url\":\"https:\/\/secure.gravatar.com\/avatar\/2d5a12cacce3f18096f25fadea8abb7202fef18ed669595589853e84260ff451?s=96&d=mm&r=g\",\"contentUrl\":\"https:\/\/secure.gravatar.com\/avatar\/2d5a12cacce3f18096f25fadea8abb7202fef18ed669595589853e84260ff451?s=96&d=mm&r=g\",\"caption\":\"admin\"},\"sameAs\":[\"https:\/\/panoramaciudadano.com\"],\"url\":\"https:\/\/panoramaciudadano.com\/index.php\/author\/admin_3q6hyqq3\/\"}]}<\/script>\n<!-- \/ Yoast SEO plugin. -->","yoast_head_json":{"title":"ANA PATY PERALTA SUPERVISA AVANCE DE CRUCES SEGUROS - Panorama Ciudadano","robots":{"index":"index","follow":"follow","max-snippet":"max-snippet:-1","max-image-preview":"max-image-preview:large","max-video-preview":"max-video-preview:-1"},"canonical":"https:\/\/panoramaciudadano.com\/index.php\/2026\/02\/11\/ana-paty-peralta-supervisa-avance-de-cruces-seguros\/","og_locale":"es_ES","og_type":"article","og_title":"ANA PATY PERALTA SUPERVISA AVANCE DE CRUCES SEGUROS - Panorama Ciudadano","og_description":"Como parte del compromiso por fortalecer la seguridad vial y mejorar la movilidad urbana, la Presidenta Municipal, Ana Paty Peralta, contin\u00faa supervisando los avances en la construcci\u00f3n de los Cruces Seguros en la ciudad, una estrategia clave para consolidar un Canc\u00fan m\u00e1s seguro, ordenado y eficiente.","og_url":"https:\/\/panoramaciudadano.com\/index.php\/2026\/02\/11\/ana-paty-peralta-supervisa-avance-de-cruces-seguros\/","og_site_name":"Panorama Ciudadano","article_publisher":"https:\/\/www.facebook.com\/panoramaciudadano","article_published_time":"2026-02-11T17:18:19+00:00","article_modified_time":"2026-02-11T17:18:21+00:00","og_image":[{"width":2560,"height":1440,"url":"https:\/\/panoramaciudadano.com\/wp-content\/uploads\/2026\/02\/WhatsApp-Image-2026-02-11-at-10.55.44-AM-1.jpeg","type":"image\/jpeg"}],"author":"admin","twitter_card":"summary_large_image","twitter_misc":{"Escrito por":"admin","Tiempo de lectura":"3 minutos"},"schema":{"@context":"https:\/\/schema.org","@graph":[{"@type":"Article","@id":"https:\/\/panoramaciudadano.com\/index.php\/2026\/02\/11\/ana-paty-peralta-supervisa-avance-de-cruces-seguros\/#article","isPartOf":{"@id":"https:\/\/panoramaciudadano.com\/index.php\/2026\/02\/11\/ana-paty-peralta-supervisa-avance-de-cruces-seguros\/"},"author":{"name":"admin","@id":"https:\/\/panoramaciudadano.com\/#\/schema\/person\/ffe9fe8ef47d3a93977b5761fd9e0d96"},"headline":"ANA PATY PERALTA SUPERVISA AVANCE DE CRUCES SEGUROS","datePublished":"2026-02-11T17:18:19+00:00","dateModified":"2026-02-11T17:18:21+00:00","mainEntityOfPage":{"@id":"https:\/\/panoramaciudadano.com\/index.php\/2026\/02\/11\/ana-paty-peralta-supervisa-avance-de-cruces-seguros\/"},"wordCount":284,"commentCount":0,"publisher":{"@id":"https:\/\/panoramaciudadano.com\/#organization"},"image":{"@id":"https:\/\/panoramaciudadano.com\/index.php\/2026\/02\/11\/ana-paty-peralta-supervisa-avance-de-cruces-seguros\/#primaryimage"},"thumbnailUrl":"https:\/\/panoramaciudadano.com\/wp-content\/uploads\/2026\/02\/WhatsApp-Image-2026-02-11-at-10.55.44-AM-1.jpeg","keywords":["Ana Paty Peralta"],"articleSection":["Canc\u00fan"],"inLanguage":"es","potentialAction":[{"@type":"CommentAction","name":"Comment","target":["https:\/\/panoramaciudadano.com\/index.php\/2026\/02\/11\/ana-paty-peralta-supervisa-avance-de-cruces-seguros\/#respond"]}]},{"@type":"WebPage","@id":"https:\/\/panoramaciudadano.com\/index.php\/2026\/02\/11\/ana-paty-peralta-supervisa-avance-de-cruces-seguros\/","url":"https:\/\/panoramaciudadano.com\/index.php\/2026\/02\/11\/ana-paty-peralta-supervisa-avance-de-cruces-seguros\/","name":"ANA PATY PERALTA SUPERVISA AVANCE DE CRUCES SEGUROS - Panorama Ciudadano","isPartOf":{"@id":"https:\/\/panoramaciudadano.com\/#website"},"primaryImageOfPage":{"@id":"https:\/\/panoramaciudadano.com\/index.php\/2026\/02\/11\/ana-paty-peralta-supervisa-avance-de-cruces-seguros\/#primaryimage"},"image":{"@id":"https:\/\/panoramaciudadano.com\/index.php\/2026\/02\/11\/ana-paty-peralta-supervisa-avance-de-cruces-seguros\/#primaryimage"},"thumbnailUrl":"https:\/\/panoramaciudadano.com\/wp-content\/uploads\/2026\/02\/WhatsApp-Image-2026-02-11-at-10.55.44-AM-1.jpeg","datePublished":"2026-02-11T17:18:19+00:00","dateModified":"2026-02-11T17:18:21+00:00","breadcrumb":{"@id":"https:\/\/panoramaciudadano.com\/index.php\/2026\/02\/11\/ana-paty-peralta-supervisa-avance-de-cruces-seguros\/#breadcrumb"},"inLanguage":"es","potentialAction":[{"@type":"ReadAction","target":["https:\/\/panoramaciudadano.com\/index.php\/2026\/02\/11\/ana-paty-peralta-supervisa-avance-de-cruces-seguros\/"]}]},{"@type":"ImageObject","inLanguage":"es","@id":"https:\/\/panoramaciudadano.com\/index.php\/2026\/02\/11\/ana-paty-peralta-supervisa-avance-de-cruces-seguros\/#primaryimage","url":"https:\/\/panoramaciudadano.com\/wp-content\/uploads\/2026\/02\/WhatsApp-Image-2026-02-11-at-10.55.44-AM-1.jpeg","contentUrl":"https:\/\/panoramaciudadano.com\/wp-content\/uploads\/2026\/02\/WhatsApp-Image-2026-02-11-at-10.55.44-AM-1.jpeg","width":2560,"height":1440},{"@type":"BreadcrumbList","@id":"https:\/\/panoramaciudadano.com\/index.php\/2026\/02\/11\/ana-paty-peralta-supervisa-avance-de-cruces-seguros\/#breadcrumb","itemListElement":[{"@type":"ListItem","position":1,"name":"Portada","item":"https:\/\/panoramaciudadano.com\/"},{"@type":"ListItem","position":2,"name":"ANA PATY PERALTA SUPERVISA AVANCE DE CRUCES SEGUROS"}]},{"@type":"WebSite","@id":"https:\/\/panoramaciudadano.com\/#website","url":"https:\/\/panoramaciudadano.com\/","name":"Panorama Ciudadano","description":"","publisher":{"@id":"https:\/\/panoramaciudadano.com\/#organization"},"potentialAction":[{"@type":"SearchAction","target":{"@type":"EntryPoint","urlTemplate":"https:\/\/panoramaciudadano.com\/?s={search_term_string}"},"query-input":{"@type":"PropertyValueSpecification","valueRequired":true,"valueName":"search_term_string"}}],"inLanguage":"es"},{"@type":"Organization","@id":"https:\/\/panoramaciudadano.com\/#organization","name":"Panorama Ciudadano","url":"https:\/\/panoramaciudadano.com\/","logo":{"@type":"ImageObject","inLanguage":"es","@id":"https:\/\/panoramaciudadano.com\/#\/schema\/logo\/image\/","url":"https:\/\/panoramaciudadano.com\/wp-content\/uploads\/2024\/05\/401498640_919267042938564_6290593609399108733_n.jpg","contentUrl":"https:\/\/panoramaciudadano.com\/wp-content\/uploads\/2024\/05\/401498640_919267042938564_6290593609399108733_n.jpg","width":960,"height":957,"caption":"Panorama Ciudadano"},"image":{"@id":"https:\/\/panoramaciudadano.com\/#\/schema\/logo\/image\/"},"sameAs":["https:\/\/www.facebook.com\/panoramaciudadano"]},{"@type":"Person","@id":"https:\/\/panoramaciudadano.com\/#\/schema\/person\/ffe9fe8ef47d3a93977b5761fd9e0d96","name":"admin","image":{"@type":"ImageObject","inLanguage":"es","@id":"https:\/\/panoramaciudadano.com\/#\/schema\/person\/image\/","url":"https:\/\/secure.gravatar.com\/avatar\/2d5a12cacce3f18096f25fadea8abb7202fef18ed669595589853e84260ff451?s=96&d=mm&r=g","contentUrl":"https:\/\/secure.gravatar.com\/avatar\/2d5a12cacce3f18096f25fadea8abb7202fef18ed669595589853e84260ff451?s=96&d=mm&r=g","caption":"admin"},"sameAs":["https:\/\/panoramaciudadano.com"],"url":"https:\/\/panoramaciudadano.com\/index.php\/author\/admin_3q6hyqq3\/"}]}},"_links":{"self":[{"href":"https:\/\/panoramaciudadano.com\/index.php\/wp-json\/wp\/v2\/posts\/30280","targetHints":{"allow":["GET"]}}],"collection":[{"href":"https:\/\/panoramaciudadano.com\/index.php\/wp-json\/wp\/v2\/posts"}],"about":[{"href":"https:\/\/panoramaciudadano.com\/index.php\/wp-json\/wp\/v2\/types\/post"}],"author":[{"embeddable":true,"href":"https:\/\/panoramaciudadano.com\/index.php\/wp-json\/wp\/v2\/users\/1"}],"replies":[{"embeddable":true,"href":"https:\/\/panoramaciudadano.com\/index.php\/wp-json\/wp\/v2\/comments?post=30280"}],"version-history":[{"count":1,"href":"https:\/\/panoramaciudadano.com\/index.php\/wp-json\/wp\/v2\/posts\/30280\/revisions"}],"predecessor-version":[{"id":30288,"href":"https:\/\/panoramaciudadano.com\/index.php\/wp-json\/wp\/v2\/posts\/30280\/revisions\/30288"}],"wp:featuredmedia":[{"embeddable":true,"href":"https:\/\/panoramaciudadano.com\/index.php\/wp-json\/wp\/v2\/media\/30287"}],"wp:attachment":[{"href":"https:\/\/panoramaciudadano.com\/index.php\/wp-json\/wp\/v2\/media?parent=30280"}],"wp:term":[{"taxonomy":"category","embeddable":true,"href":"https:\/\/panoramaciudadano.com\/index.php\/wp-json\/wp\/v2\/categories?post=30280"},{"taxonomy":"post_tag","embeddable":true,"href":"https:\/\/panoramaciudadano.com\/index.php\/wp-json\/wp\/v2\/tags?post=30280"}],"curies":[{"name":"wp","href":"https:\/\/api.w.org\/{rel}","templated":true}]}}