{"id":30289,"date":"2026-02-11T12:21:12","date_gmt":"2026-02-11T17:21:12","guid":{"rendered":"https:\/\/panoramaciudadano.com\/?p=30289"},"modified":"2026-02-11T12:21:15","modified_gmt":"2026-02-11T17:21:15","slug":"con-participacion-ciudadana-avanzan-los-comites-de-paz-ana-paty-peralta","status":"publish","type":"post","link":"https:\/\/panoramaciudadano.com\/index.php\/2026\/02\/11\/con-participacion-ciudadana-avanzan-los-comites-de-paz-ana-paty-peralta\/","title":{"rendered":"CON PARTICIPACI\u00d3N CIUDADANA, AVANZAN LOS COMIT\u00c9S DE PAZ: ANA PATY PERALTA"},"content":{"rendered":"\n<figure class=\"wp-block-gallery has-nested-images columns-default is-cropped wp-block-gallery-1 is-layout-flex wp-block-gallery-is-layout-flex\">\n<figure class=\"wp-block-image size-large\"><img decoding=\"async\" width=\"1024\" height=\"586\" data-id=\"30295\" src=\"https:\/\/panoramaciudadano.com\/wp-content\/uploads\/2026\/02\/WhatsApp-Image-2026-02-11-at-10.59.16-AM-1-1024x586.jpeg\" alt=\"\" class=\"wp-image-30295\" srcset=\"https:\/\/panoramaciudadano.com\/wp-content\/uploads\/2026\/02\/WhatsApp-Image-2026-02-11-at-10.59.16-AM-1-1024x586.jpeg 1024w, https:\/\/panoramaciudadano.com\/wp-content\/uploads\/2026\/02\/WhatsApp-Image-2026-02-11-at-10.59.16-AM-1-300x172.jpeg 300w, https:\/\/panoramaciudadano.com\/wp-content\/uploads\/2026\/02\/WhatsApp-Image-2026-02-11-at-10.59.16-AM-1-768x439.jpeg 768w, https:\/\/panoramaciudadano.com\/wp-content\/uploads\/2026\/02\/WhatsApp-Image-2026-02-11-at-10.59.16-AM-1-1536x878.jpeg 1536w, https:\/\/panoramaciudadano.com\/wp-content\/uploads\/2026\/02\/WhatsApp-Image-2026-02-11-at-10.59.16-AM-1-2048x1171.jpeg 2048w\" sizes=\"(max-width: 1024px) 100vw, 1024px\" \/><\/figure>\n\n\n\n<figure class=\"wp-block-image size-large\"><img decoding=\"async\" width=\"1024\" height=\"839\" data-id=\"30294\" src=\"https:\/\/panoramaciudadano.com\/wp-content\/uploads\/2026\/02\/WhatsApp-Image-2026-02-11-at-10.59.16-AM-1024x839.jpeg\" alt=\"\" class=\"wp-image-30294\" srcset=\"https:\/\/panoramaciudadano.com\/wp-content\/uploads\/2026\/02\/WhatsApp-Image-2026-02-11-at-10.59.16-AM-1024x839.jpeg 1024w, https:\/\/panoramaciudadano.com\/wp-content\/uploads\/2026\/02\/WhatsApp-Image-2026-02-11-at-10.59.16-AM-300x246.jpeg 300w, https:\/\/panoramaciudadano.com\/wp-content\/uploads\/2026\/02\/WhatsApp-Image-2026-02-11-at-10.59.16-AM-768x629.jpeg 768w, https:\/\/panoramaciudadano.com\/wp-content\/uploads\/2026\/02\/WhatsApp-Image-2026-02-11-at-10.59.16-AM-1536x1258.jpeg 1536w, https:\/\/panoramaciudadano.com\/wp-content\/uploads\/2026\/02\/WhatsApp-Image-2026-02-11-at-10.59.16-AM-2048x1678.jpeg 2048w\" sizes=\"(max-width: 1024px) 100vw, 1024px\" \/><\/figure>\n\n\n\n<figure class=\"wp-block-image size-large\"><img decoding=\"async\" width=\"1024\" height=\"795\" data-id=\"30290\" src=\"https:\/\/panoramaciudadano.com\/wp-content\/uploads\/2026\/02\/WhatsApp-Image-2026-02-11-at-10.59.17-AM-2-1024x795.jpeg\" alt=\"\" class=\"wp-image-30290\" srcset=\"https:\/\/panoramaciudadano.com\/wp-content\/uploads\/2026\/02\/WhatsApp-Image-2026-02-11-at-10.59.17-AM-2-1024x795.jpeg 1024w, https:\/\/panoramaciudadano.com\/wp-content\/uploads\/2026\/02\/WhatsApp-Image-2026-02-11-at-10.59.17-AM-2-300x233.jpeg 300w, https:\/\/panoramaciudadano.com\/wp-content\/uploads\/2026\/02\/WhatsApp-Image-2026-02-11-at-10.59.17-AM-2-768x596.jpeg 768w, https:\/\/panoramaciudadano.com\/wp-content\/uploads\/2026\/02\/WhatsApp-Image-2026-02-11-at-10.59.17-AM-2-1536x1192.jpeg 1536w, https:\/\/panoramaciudadano.com\/wp-content\/uploads\/2026\/02\/WhatsApp-Image-2026-02-11-at-10.59.17-AM-2-2048x1590.jpeg 2048w\" sizes=\"(max-width: 1024px) 100vw, 1024px\" \/><\/figure>\n\n\n\n<figure class=\"wp-block-image size-large\"><img decoding=\"async\" width=\"1024\" height=\"682\" data-id=\"30291\" src=\"https:\/\/panoramaciudadano.com\/wp-content\/uploads\/2026\/02\/WhatsApp-Image-2026-02-11-at-10.59.17-AM-3-1024x682.jpeg\" alt=\"\" class=\"wp-image-30291\" srcset=\"https:\/\/panoramaciudadano.com\/wp-content\/uploads\/2026\/02\/WhatsApp-Image-2026-02-11-at-10.59.17-AM-3-1024x682.jpeg 1024w, https:\/\/panoramaciudadano.com\/wp-content\/uploads\/2026\/02\/WhatsApp-Image-2026-02-11-at-10.59.17-AM-3-300x200.jpeg 300w, https:\/\/panoramaciudadano.com\/wp-content\/uploads\/2026\/02\/WhatsApp-Image-2026-02-11-at-10.59.17-AM-3-768x512.jpeg 768w, https:\/\/panoramaciudadano.com\/wp-content\/uploads\/2026\/02\/WhatsApp-Image-2026-02-11-at-10.59.17-AM-3-1536x1024.jpeg 1536w, https:\/\/panoramaciudadano.com\/wp-content\/uploads\/2026\/02\/WhatsApp-Image-2026-02-11-at-10.59.17-AM-3-2048x1365.jpeg 2048w\" sizes=\"(max-width: 1024px) 100vw, 1024px\" \/><\/figure>\n\n\n\n<figure class=\"wp-block-image size-large\"><img decoding=\"async\" width=\"1024\" height=\"674\" data-id=\"30293\" src=\"https:\/\/panoramaciudadano.com\/wp-content\/uploads\/2026\/02\/WhatsApp-Image-2026-02-11-at-10.59.17-AM-1024x674.jpeg\" alt=\"\" class=\"wp-image-30293\" srcset=\"https:\/\/panoramaciudadano.com\/wp-content\/uploads\/2026\/02\/WhatsApp-Image-2026-02-11-at-10.59.17-AM-1024x674.jpeg 1024w, https:\/\/panoramaciudadano.com\/wp-content\/uploads\/2026\/02\/WhatsApp-Image-2026-02-11-at-10.59.17-AM-300x198.jpeg 300w, https:\/\/panoramaciudadano.com\/wp-content\/uploads\/2026\/02\/WhatsApp-Image-2026-02-11-at-10.59.17-AM-768x506.jpeg 768w, https:\/\/panoramaciudadano.com\/wp-content\/uploads\/2026\/02\/WhatsApp-Image-2026-02-11-at-10.59.17-AM-1536x1012.jpeg 1536w, https:\/\/panoramaciudadano.com\/wp-content\/uploads\/2026\/02\/WhatsApp-Image-2026-02-11-at-10.59.17-AM-2048x1349.jpeg 2048w\" sizes=\"(max-width: 1024px) 100vw, 1024px\" \/><\/figure>\n<\/figure>\n\n\n\n<p>Como parte de la estrategia para fortalecer la seguridad en las casas, calles y colonias de la ciudad, la Presidenta Municipal, Ana Paty Peralta, encabez\u00f3 la instalaci\u00f3n de tres nuevos Comit\u00e9s de Paz, en la Supermanzana 260 y 259, con los que suman 21 de m\u00e1s de 600 que se tienen contemplados en el municipio.<\/p>\n\n\n\n<p>Durante su visita al Fraccionamiento Ciudad Natura, la Alcaldesa agradeci\u00f3 la participaci\u00f3n de las y los residentes, destacando que la construcci\u00f3n de la paz es una tarea compartida que se logra con el trabajo conjunto.<\/p>\n\n\n\n<p>Asimismo, explic\u00f3 que estos consejos sirven para que los vecinos conozcan a los polic\u00edas que cuidan sus Supermanzanas, y reiter\u00f3 que siempre estar\u00e1n presentes para informar, responder a la ciudadan\u00eda, patrullar las calles y recorrer los parques, manteniendo un contacto cercano.<\/p>\n\n\n\n<p>\u201cEstamos aqu\u00ed para atenderlos, para escucharlos, porque est\u00e9 Canc\u00fan nos une a todas y todos\u201d, finaliz\u00f3.<\/p>\n\n\n\n<p>Durante esta jornada se presentaron los elementos policiales de la zona, as\u00ed como al director general de Protecci\u00f3n Civil en Benito Ju\u00e1rez, Antonio de Jes\u00fas Riveroll Ribbon, quien ser\u00e1 el enlace institucional y dar\u00e1 seguimiento a los acuerdos del comit\u00e9.<\/p>\n\n\n\n<p>Adem\u00e1s, las vecinas y vecinos firmaron el documento que formaliza la comisi\u00f3n de paz, y se concluy\u00f3 con un di\u00e1logo abierto donde se escucharon las \u00e1reas de oportunidades de los residentes.<\/p>\n\n\n\n<p>Con estas acciones, el gobierno que lidera Ana Paty Peralta contin\u00faa aline\u00e1ndose a la visi\u00f3n de la presidenta de M\u00e9xico, Claudia Sheinbaum, de atender las causas sociales que generan las violencias, fortalecer a la comunidad y construir paz desde abajo.<\/p>\n\n\n\n<hr class=\"wp-block-separator has-alpha-channel-opacity\"\/>\n","protected":false},"excerpt":{"rendered":"<p>Como parte de la estrategia para fortalecer la seguridad en las casas, calles y colonias de la ciudad, la Presidenta Municipal, Ana Paty Peralta, encabez\u00f3 la instalaci\u00f3n de tres nuevos Comit\u00e9s de Paz, en la Supermanzana 260 y 259, con los que suman 21 de m\u00e1s de 600 que se tienen contemplados en el municipio.<\/p>\n","protected":false},"author":1,"featured_media":30292,"comment_status":"open","ping_status":"closed","sticky":false,"template":"","format":"standard","meta":{"footnotes":""},"categories":[6],"tags":[145],"class_list":["post-30289","post","type-post","status-publish","format-standard","has-post-thumbnail","hentry","category-cancun","tag-ana-paty-peralta"],"yoast_head":"<!-- This site is optimized with the Yoast SEO plugin v27.1.1 - https:\/\/yoast.com\/product\/yoast-seo-wordpress\/ -->\n<title>CON PARTICIPACI\u00d3N CIUDADANA, AVANZAN LOS COMIT\u00c9S DE PAZ: ANA PATY PERALTA - Panorama Ciudadano<\/title>\n<meta name=\"robots\" content=\"index, follow, max-snippet:-1, max-image-preview:large, max-video-preview:-1\" \/>\n<link rel=\"canonical\" href=\"https:\/\/panoramaciudadano.com\/index.php\/2026\/02\/11\/con-participacion-ciudadana-avanzan-los-comites-de-paz-ana-paty-peralta\/\" \/>\n<meta property=\"og:locale\" content=\"es_ES\" \/>\n<meta property=\"og:type\" content=\"article\" \/>\n<meta property=\"og:title\" content=\"CON PARTICIPACI\u00d3N CIUDADANA, AVANZAN LOS COMIT\u00c9S DE PAZ: ANA PATY PERALTA - Panorama Ciudadano\" \/>\n<meta property=\"og:description\" content=\"Como parte de la estrategia para fortalecer la seguridad en las casas, calles y colonias de la ciudad, la Presidenta Municipal, Ana Paty Peralta, encabez\u00f3 la instalaci\u00f3n de tres nuevos Comit\u00e9s de Paz, en la Supermanzana 260 y 259, con los que suman 21 de m\u00e1s de 600 que se tienen contemplados en el municipio.\" \/>\n<meta property=\"og:url\" content=\"https:\/\/panoramaciudadano.com\/index.php\/2026\/02\/11\/con-participacion-ciudadana-avanzan-los-comites-de-paz-ana-paty-peralta\/\" \/>\n<meta property=\"og:site_name\" content=\"Panorama Ciudadano\" \/>\n<meta property=\"article:publisher\" content=\"https:\/\/www.facebook.com\/panoramaciudadano\" \/>\n<meta property=\"article:published_time\" content=\"2026-02-11T17:21:12+00:00\" \/>\n<meta property=\"article:modified_time\" content=\"2026-02-11T17:21:15+00:00\" \/>\n<meta property=\"og:image\" content=\"https:\/\/panoramaciudadano.com\/wp-content\/uploads\/2026\/02\/WhatsApp-Image-2026-02-11-at-10.59.17-AM-1.jpeg\" \/>\n\t<meta property=\"og:image:width\" content=\"2560\" \/>\n\t<meta property=\"og:image:height\" content=\"1953\" \/>\n\t<meta property=\"og:image:type\" content=\"image\/jpeg\" \/>\n<meta name=\"author\" content=\"admin\" \/>\n<meta name=\"twitter:card\" content=\"summary_large_image\" \/>\n<meta name=\"twitter:label1\" content=\"Escrito por\" \/>\n\t<meta name=\"twitter:data1\" content=\"admin\" \/>\n\t<meta name=\"twitter:label2\" content=\"Tiempo de lectura\" \/>\n\t<meta name=\"twitter:data2\" content=\"3 minutos\" \/>\n<script type=\"application\/ld+json\" class=\"yoast-schema-graph\">{\"@context\":\"https:\/\/schema.org\",\"@graph\":[{\"@type\":\"Article\",\"@id\":\"https:\/\/panoramaciudadano.com\/index.php\/2026\/02\/11\/con-participacion-ciudadana-avanzan-los-comites-de-paz-ana-paty-peralta\/#article\",\"isPartOf\":{\"@id\":\"https:\/\/panoramaciudadano.com\/index.php\/2026\/02\/11\/con-participacion-ciudadana-avanzan-los-comites-de-paz-ana-paty-peralta\/\"},\"author\":{\"name\":\"admin\",\"@id\":\"https:\/\/panoramaciudadano.com\/#\/schema\/person\/ffe9fe8ef47d3a93977b5761fd9e0d96\"},\"headline\":\"CON PARTICIPACI\u00d3N CIUDADANA, AVANZAN LOS COMIT\u00c9S DE PAZ: ANA PATY PERALTA\",\"datePublished\":\"2026-02-11T17:21:12+00:00\",\"dateModified\":\"2026-02-11T17:21:15+00:00\",\"mainEntityOfPage\":{\"@id\":\"https:\/\/panoramaciudadano.com\/index.php\/2026\/02\/11\/con-participacion-ciudadana-avanzan-los-comites-de-paz-ana-paty-peralta\/\"},\"wordCount\":286,\"commentCount\":0,\"publisher\":{\"@id\":\"https:\/\/panoramaciudadano.com\/#organization\"},\"image\":{\"@id\":\"https:\/\/panoramaciudadano.com\/index.php\/2026\/02\/11\/con-participacion-ciudadana-avanzan-los-comites-de-paz-ana-paty-peralta\/#primaryimage\"},\"thumbnailUrl\":\"https:\/\/panoramaciudadano.com\/wp-content\/uploads\/2026\/02\/WhatsApp-Image-2026-02-11-at-10.59.17-AM-1.jpeg\",\"keywords\":[\"Ana Paty Peralta\"],\"articleSection\":[\"Canc\u00fan\"],\"inLanguage\":\"es\",\"potentialAction\":[{\"@type\":\"CommentAction\",\"name\":\"Comment\",\"target\":[\"https:\/\/panoramaciudadano.com\/index.php\/2026\/02\/11\/con-participacion-ciudadana-avanzan-los-comites-de-paz-ana-paty-peralta\/#respond\"]}]},{\"@type\":\"WebPage\",\"@id\":\"https:\/\/panoramaciudadano.com\/index.php\/2026\/02\/11\/con-participacion-ciudadana-avanzan-los-comites-de-paz-ana-paty-peralta\/\",\"url\":\"https:\/\/panoramaciudadano.com\/index.php\/2026\/02\/11\/con-participacion-ciudadana-avanzan-los-comites-de-paz-ana-paty-peralta\/\",\"name\":\"CON PARTICIPACI\u00d3N CIUDADANA, AVANZAN LOS COMIT\u00c9S DE PAZ: ANA PATY PERALTA - Panorama Ciudadano\",\"isPartOf\":{\"@id\":\"https:\/\/panoramaciudadano.com\/#website\"},\"primaryImageOfPage\":{\"@id\":\"https:\/\/panoramaciudadano.com\/index.php\/2026\/02\/11\/con-participacion-ciudadana-avanzan-los-comites-de-paz-ana-paty-peralta\/#primaryimage\"},\"image\":{\"@id\":\"https:\/\/panoramaciudadano.com\/index.php\/2026\/02\/11\/con-participacion-ciudadana-avanzan-los-comites-de-paz-ana-paty-peralta\/#primaryimage\"},\"thumbnailUrl\":\"https:\/\/panoramaciudadano.com\/wp-content\/uploads\/2026\/02\/WhatsApp-Image-2026-02-11-at-10.59.17-AM-1.jpeg\",\"datePublished\":\"2026-02-11T17:21:12+00:00\",\"dateModified\":\"2026-02-11T17:21:15+00:00\",\"breadcrumb\":{\"@id\":\"https:\/\/panoramaciudadano.com\/index.php\/2026\/02\/11\/con-participacion-ciudadana-avanzan-los-comites-de-paz-ana-paty-peralta\/#breadcrumb\"},\"inLanguage\":\"es\",\"potentialAction\":[{\"@type\":\"ReadAction\",\"target\":[\"https:\/\/panoramaciudadano.com\/index.php\/2026\/02\/11\/con-participacion-ciudadana-avanzan-los-comites-de-paz-ana-paty-peralta\/\"]}]},{\"@type\":\"ImageObject\",\"inLanguage\":\"es\",\"@id\":\"https:\/\/panoramaciudadano.com\/index.php\/2026\/02\/11\/con-participacion-ciudadana-avanzan-los-comites-de-paz-ana-paty-peralta\/#primaryimage\",\"url\":\"https:\/\/panoramaciudadano.com\/wp-content\/uploads\/2026\/02\/WhatsApp-Image-2026-02-11-at-10.59.17-AM-1.jpeg\",\"contentUrl\":\"https:\/\/panoramaciudadano.com\/wp-content\/uploads\/2026\/02\/WhatsApp-Image-2026-02-11-at-10.59.17-AM-1.jpeg\",\"width\":2560,\"height\":1953},{\"@type\":\"BreadcrumbList\",\"@id\":\"https:\/\/panoramaciudadano.com\/index.php\/2026\/02\/11\/con-participacion-ciudadana-avanzan-los-comites-de-paz-ana-paty-peralta\/#breadcrumb\",\"itemListElement\":[{\"@type\":\"ListItem\",\"position\":1,\"name\":\"Portada\",\"item\":\"https:\/\/panoramaciudadano.com\/\"},{\"@type\":\"ListItem\",\"position\":2,\"name\":\"CON PARTICIPACI\u00d3N CIUDADANA, AVANZAN LOS COMIT\u00c9S DE PAZ: ANA PATY PERALTA\"}]},{\"@type\":\"WebSite\",\"@id\":\"https:\/\/panoramaciudadano.com\/#website\",\"url\":\"https:\/\/panoramaciudadano.com\/\",\"name\":\"Panorama Ciudadano\",\"description\":\"\",\"publisher\":{\"@id\":\"https:\/\/panoramaciudadano.com\/#organization\"},\"potentialAction\":[{\"@type\":\"SearchAction\",\"target\":{\"@type\":\"EntryPoint\",\"urlTemplate\":\"https:\/\/panoramaciudadano.com\/?s={search_term_string}\"},\"query-input\":{\"@type\":\"PropertyValueSpecification\",\"valueRequired\":true,\"valueName\":\"search_term_string\"}}],\"inLanguage\":\"es\"},{\"@type\":\"Organization\",\"@id\":\"https:\/\/panoramaciudadano.com\/#organization\",\"name\":\"Panorama Ciudadano\",\"url\":\"https:\/\/panoramaciudadano.com\/\",\"logo\":{\"@type\":\"ImageObject\",\"inLanguage\":\"es\",\"@id\":\"https:\/\/panoramaciudadano.com\/#\/schema\/logo\/image\/\",\"url\":\"https:\/\/panoramaciudadano.com\/wp-content\/uploads\/2024\/05\/401498640_919267042938564_6290593609399108733_n.jpg\",\"contentUrl\":\"https:\/\/panoramaciudadano.com\/wp-content\/uploads\/2024\/05\/401498640_919267042938564_6290593609399108733_n.jpg\",\"width\":960,\"height\":957,\"caption\":\"Panorama Ciudadano\"},\"image\":{\"@id\":\"https:\/\/panoramaciudadano.com\/#\/schema\/logo\/image\/\"},\"sameAs\":[\"https:\/\/www.facebook.com\/panoramaciudadano\"]},{\"@type\":\"Person\",\"@id\":\"https:\/\/panoramaciudadano.com\/#\/schema\/person\/ffe9fe8ef47d3a93977b5761fd9e0d96\",\"name\":\"admin\",\"image\":{\"@type\":\"ImageObject\",\"inLanguage\":\"es\",\"@id\":\"https:\/\/panoramaciudadano.com\/#\/schema\/person\/image\/\",\"url\":\"https:\/\/secure.gravatar.com\/avatar\/2d5a12cacce3f18096f25fadea8abb7202fef18ed669595589853e84260ff451?s=96&d=mm&r=g\",\"contentUrl\":\"https:\/\/secure.gravatar.com\/avatar\/2d5a12cacce3f18096f25fadea8abb7202fef18ed669595589853e84260ff451?s=96&d=mm&r=g\",\"caption\":\"admin\"},\"sameAs\":[\"https:\/\/panoramaciudadano.com\"],\"url\":\"https:\/\/panoramaciudadano.com\/index.php\/author\/admin_3q6hyqq3\/\"}]}<\/script>\n<!-- \/ Yoast SEO plugin. -->","yoast_head_json":{"title":"CON PARTICIPACI\u00d3N CIUDADANA, AVANZAN LOS COMIT\u00c9S DE PAZ: ANA PATY PERALTA - Panorama Ciudadano","robots":{"index":"index","follow":"follow","max-snippet":"max-snippet:-1","max-image-preview":"max-image-preview:large","max-video-preview":"max-video-preview:-1"},"canonical":"https:\/\/panoramaciudadano.com\/index.php\/2026\/02\/11\/con-participacion-ciudadana-avanzan-los-comites-de-paz-ana-paty-peralta\/","og_locale":"es_ES","og_type":"article","og_title":"CON PARTICIPACI\u00d3N CIUDADANA, AVANZAN LOS COMIT\u00c9S DE PAZ: ANA PATY PERALTA - Panorama Ciudadano","og_description":"Como parte de la estrategia para fortalecer la seguridad en las casas, calles y colonias de la ciudad, la Presidenta Municipal, Ana Paty Peralta, encabez\u00f3 la instalaci\u00f3n de tres nuevos Comit\u00e9s de Paz, en la Supermanzana 260 y 259, con los que suman 21 de m\u00e1s de 600 que se tienen contemplados en el municipio.","og_url":"https:\/\/panoramaciudadano.com\/index.php\/2026\/02\/11\/con-participacion-ciudadana-avanzan-los-comites-de-paz-ana-paty-peralta\/","og_site_name":"Panorama Ciudadano","article_publisher":"https:\/\/www.facebook.com\/panoramaciudadano","article_published_time":"2026-02-11T17:21:12+00:00","article_modified_time":"2026-02-11T17:21:15+00:00","og_image":[{"width":2560,"height":1953,"url":"https:\/\/panoramaciudadano.com\/wp-content\/uploads\/2026\/02\/WhatsApp-Image-2026-02-11-at-10.59.17-AM-1.jpeg","type":"image\/jpeg"}],"author":"admin","twitter_card":"summary_large_image","twitter_misc":{"Escrito por":"admin","Tiempo de lectura":"3 minutos"},"schema":{"@context":"https:\/\/schema.org","@graph":[{"@type":"Article","@id":"https:\/\/panoramaciudadano.com\/index.php\/2026\/02\/11\/con-participacion-ciudadana-avanzan-los-comites-de-paz-ana-paty-peralta\/#article","isPartOf":{"@id":"https:\/\/panoramaciudadano.com\/index.php\/2026\/02\/11\/con-participacion-ciudadana-avanzan-los-comites-de-paz-ana-paty-peralta\/"},"author":{"name":"admin","@id":"https:\/\/panoramaciudadano.com\/#\/schema\/person\/ffe9fe8ef47d3a93977b5761fd9e0d96"},"headline":"CON PARTICIPACI\u00d3N CIUDADANA, AVANZAN LOS COMIT\u00c9S DE PAZ: ANA PATY PERALTA","datePublished":"2026-02-11T17:21:12+00:00","dateModified":"2026-02-11T17:21:15+00:00","mainEntityOfPage":{"@id":"https:\/\/panoramaciudadano.com\/index.php\/2026\/02\/11\/con-participacion-ciudadana-avanzan-los-comites-de-paz-ana-paty-peralta\/"},"wordCount":286,"commentCount":0,"publisher":{"@id":"https:\/\/panoramaciudadano.com\/#organization"},"image":{"@id":"https:\/\/panoramaciudadano.com\/index.php\/2026\/02\/11\/con-participacion-ciudadana-avanzan-los-comites-de-paz-ana-paty-peralta\/#primaryimage"},"thumbnailUrl":"https:\/\/panoramaciudadano.com\/wp-content\/uploads\/2026\/02\/WhatsApp-Image-2026-02-11-at-10.59.17-AM-1.jpeg","keywords":["Ana Paty Peralta"],"articleSection":["Canc\u00fan"],"inLanguage":"es","potentialAction":[{"@type":"CommentAction","name":"Comment","target":["https:\/\/panoramaciudadano.com\/index.php\/2026\/02\/11\/con-participacion-ciudadana-avanzan-los-comites-de-paz-ana-paty-peralta\/#respond"]}]},{"@type":"WebPage","@id":"https:\/\/panoramaciudadano.com\/index.php\/2026\/02\/11\/con-participacion-ciudadana-avanzan-los-comites-de-paz-ana-paty-peralta\/","url":"https:\/\/panoramaciudadano.com\/index.php\/2026\/02\/11\/con-participacion-ciudadana-avanzan-los-comites-de-paz-ana-paty-peralta\/","name":"CON PARTICIPACI\u00d3N CIUDADANA, AVANZAN LOS COMIT\u00c9S DE PAZ: ANA PATY PERALTA - Panorama Ciudadano","isPartOf":{"@id":"https:\/\/panoramaciudadano.com\/#website"},"primaryImageOfPage":{"@id":"https:\/\/panoramaciudadano.com\/index.php\/2026\/02\/11\/con-participacion-ciudadana-avanzan-los-comites-de-paz-ana-paty-peralta\/#primaryimage"},"image":{"@id":"https:\/\/panoramaciudadano.com\/index.php\/2026\/02\/11\/con-participacion-ciudadana-avanzan-los-comites-de-paz-ana-paty-peralta\/#primaryimage"},"thumbnailUrl":"https:\/\/panoramaciudadano.com\/wp-content\/uploads\/2026\/02\/WhatsApp-Image-2026-02-11-at-10.59.17-AM-1.jpeg","datePublished":"2026-02-11T17:21:12+00:00","dateModified":"2026-02-11T17:21:15+00:00","breadcrumb":{"@id":"https:\/\/panoramaciudadano.com\/index.php\/2026\/02\/11\/con-participacion-ciudadana-avanzan-los-comites-de-paz-ana-paty-peralta\/#breadcrumb"},"inLanguage":"es","potentialAction":[{"@type":"ReadAction","target":["https:\/\/panoramaciudadano.com\/index.php\/2026\/02\/11\/con-participacion-ciudadana-avanzan-los-comites-de-paz-ana-paty-peralta\/"]}]},{"@type":"ImageObject","inLanguage":"es","@id":"https:\/\/panoramaciudadano.com\/index.php\/2026\/02\/11\/con-participacion-ciudadana-avanzan-los-comites-de-paz-ana-paty-peralta\/#primaryimage","url":"https:\/\/panoramaciudadano.com\/wp-content\/uploads\/2026\/02\/WhatsApp-Image-2026-02-11-at-10.59.17-AM-1.jpeg","contentUrl":"https:\/\/panoramaciudadano.com\/wp-content\/uploads\/2026\/02\/WhatsApp-Image-2026-02-11-at-10.59.17-AM-1.jpeg","width":2560,"height":1953},{"@type":"BreadcrumbList","@id":"https:\/\/panoramaciudadano.com\/index.php\/2026\/02\/11\/con-participacion-ciudadana-avanzan-los-comites-de-paz-ana-paty-peralta\/#breadcrumb","itemListElement":[{"@type":"ListItem","position":1,"name":"Portada","item":"https:\/\/panoramaciudadano.com\/"},{"@type":"ListItem","position":2,"name":"CON PARTICIPACI\u00d3N CIUDADANA, AVANZAN LOS COMIT\u00c9S DE PAZ: ANA PATY PERALTA"}]},{"@type":"WebSite","@id":"https:\/\/panoramaciudadano.com\/#website","url":"https:\/\/panoramaciudadano.com\/","name":"Panorama Ciudadano","description":"","publisher":{"@id":"https:\/\/panoramaciudadano.com\/#organization"},"potentialAction":[{"@type":"SearchAction","target":{"@type":"EntryPoint","urlTemplate":"https:\/\/panoramaciudadano.com\/?s={search_term_string}"},"query-input":{"@type":"PropertyValueSpecification","valueRequired":true,"valueName":"search_term_string"}}],"inLanguage":"es"},{"@type":"Organization","@id":"https:\/\/panoramaciudadano.com\/#organization","name":"Panorama Ciudadano","url":"https:\/\/panoramaciudadano.com\/","logo":{"@type":"ImageObject","inLanguage":"es","@id":"https:\/\/panoramaciudadano.com\/#\/schema\/logo\/image\/","url":"https:\/\/panoramaciudadano.com\/wp-content\/uploads\/2024\/05\/401498640_919267042938564_6290593609399108733_n.jpg","contentUrl":"https:\/\/panoramaciudadano.com\/wp-content\/uploads\/2024\/05\/401498640_919267042938564_6290593609399108733_n.jpg","width":960,"height":957,"caption":"Panorama Ciudadano"},"image":{"@id":"https:\/\/panoramaciudadano.com\/#\/schema\/logo\/image\/"},"sameAs":["https:\/\/www.facebook.com\/panoramaciudadano"]},{"@type":"Person","@id":"https:\/\/panoramaciudadano.com\/#\/schema\/person\/ffe9fe8ef47d3a93977b5761fd9e0d96","name":"admin","image":{"@type":"ImageObject","inLanguage":"es","@id":"https:\/\/panoramaciudadano.com\/#\/schema\/person\/image\/","url":"https:\/\/secure.gravatar.com\/avatar\/2d5a12cacce3f18096f25fadea8abb7202fef18ed669595589853e84260ff451?s=96&d=mm&r=g","contentUrl":"https:\/\/secure.gravatar.com\/avatar\/2d5a12cacce3f18096f25fadea8abb7202fef18ed669595589853e84260ff451?s=96&d=mm&r=g","caption":"admin"},"sameAs":["https:\/\/panoramaciudadano.com"],"url":"https:\/\/panoramaciudadano.com\/index.php\/author\/admin_3q6hyqq3\/"}]}},"_links":{"self":[{"href":"https:\/\/panoramaciudadano.com\/index.php\/wp-json\/wp\/v2\/posts\/30289","targetHints":{"allow":["GET"]}}],"collection":[{"href":"https:\/\/panoramaciudadano.com\/index.php\/wp-json\/wp\/v2\/posts"}],"about":[{"href":"https:\/\/panoramaciudadano.com\/index.php\/wp-json\/wp\/v2\/types\/post"}],"author":[{"embeddable":true,"href":"https:\/\/panoramaciudadano.com\/index.php\/wp-json\/wp\/v2\/users\/1"}],"replies":[{"embeddable":true,"href":"https:\/\/panoramaciudadano.com\/index.php\/wp-json\/wp\/v2\/comments?post=30289"}],"version-history":[{"count":1,"href":"https:\/\/panoramaciudadano.com\/index.php\/wp-json\/wp\/v2\/posts\/30289\/revisions"}],"predecessor-version":[{"id":30296,"href":"https:\/\/panoramaciudadano.com\/index.php\/wp-json\/wp\/v2\/posts\/30289\/revisions\/30296"}],"wp:featuredmedia":[{"embeddable":true,"href":"https:\/\/panoramaciudadano.com\/index.php\/wp-json\/wp\/v2\/media\/30292"}],"wp:attachment":[{"href":"https:\/\/panoramaciudadano.com\/index.php\/wp-json\/wp\/v2\/media?parent=30289"}],"wp:term":[{"taxonomy":"category","embeddable":true,"href":"https:\/\/panoramaciudadano.com\/index.php\/wp-json\/wp\/v2\/categories?post=30289"},{"taxonomy":"post_tag","embeddable":true,"href":"https:\/\/panoramaciudadano.com\/index.php\/wp-json\/wp\/v2\/tags?post=30289"}],"curies":[{"name":"wp","href":"https:\/\/api.w.org\/{rel}","templated":true}]}}