{"id":30309,"date":"2026-02-11T23:40:07","date_gmt":"2026-02-12T04:40:07","guid":{"rendered":"https:\/\/panoramaciudadano.com\/?p=30309"},"modified":"2026-02-11T23:40:13","modified_gmt":"2026-02-12T04:40:13","slug":"renan-sanchez-tajonar-fortalece-la-innovacion-y-el-liderazgo-de-las-mujeres","status":"publish","type":"post","link":"https:\/\/panoramaciudadano.com\/index.php\/2026\/02\/11\/renan-sanchez-tajonar-fortalece-la-innovacion-y-el-liderazgo-de-las-mujeres\/","title":{"rendered":"Ren\u00e1n S\u00e1nchez Tajonar fortalece la innovaci\u00f3n y el liderazgo de las mujeres"},"content":{"rendered":"\n<figure class=\"wp-block-gallery has-nested-images columns-default is-cropped wp-block-gallery-1 is-layout-flex wp-block-gallery-is-layout-flex\">\n<figure class=\"wp-block-image size-large\"><img decoding=\"async\" width=\"1024\" height=\"682\" data-id=\"30313\" src=\"https:\/\/panoramaciudadano.com\/wp-content\/uploads\/2026\/02\/WhatsApp-Image-2026-02-11-at-3.30.10-PM-1-1024x682.jpeg\" alt=\"\" class=\"wp-image-30313\" srcset=\"https:\/\/panoramaciudadano.com\/wp-content\/uploads\/2026\/02\/WhatsApp-Image-2026-02-11-at-3.30.10-PM-1-1024x682.jpeg 1024w, https:\/\/panoramaciudadano.com\/wp-content\/uploads\/2026\/02\/WhatsApp-Image-2026-02-11-at-3.30.10-PM-1-300x200.jpeg 300w, https:\/\/panoramaciudadano.com\/wp-content\/uploads\/2026\/02\/WhatsApp-Image-2026-02-11-at-3.30.10-PM-1-768x512.jpeg 768w, https:\/\/panoramaciudadano.com\/wp-content\/uploads\/2026\/02\/WhatsApp-Image-2026-02-11-at-3.30.10-PM-1-1536x1023.jpeg 1536w, https:\/\/panoramaciudadano.com\/wp-content\/uploads\/2026\/02\/WhatsApp-Image-2026-02-11-at-3.30.10-PM-1.jpeg 1600w\" sizes=\"(max-width: 1024px) 100vw, 1024px\" \/><\/figure>\n\n\n\n<figure class=\"wp-block-image size-large\"><img decoding=\"async\" width=\"1024\" height=\"710\" data-id=\"30311\" src=\"https:\/\/panoramaciudadano.com\/wp-content\/uploads\/2026\/02\/WhatsApp-Image-2026-02-11-at-3.30.10-PM-2-1024x710.jpeg\" alt=\"\" class=\"wp-image-30311\" srcset=\"https:\/\/panoramaciudadano.com\/wp-content\/uploads\/2026\/02\/WhatsApp-Image-2026-02-11-at-3.30.10-PM-2-1024x710.jpeg 1024w, https:\/\/panoramaciudadano.com\/wp-content\/uploads\/2026\/02\/WhatsApp-Image-2026-02-11-at-3.30.10-PM-2-300x208.jpeg 300w, https:\/\/panoramaciudadano.com\/wp-content\/uploads\/2026\/02\/WhatsApp-Image-2026-02-11-at-3.30.10-PM-2-768x532.jpeg 768w, https:\/\/panoramaciudadano.com\/wp-content\/uploads\/2026\/02\/WhatsApp-Image-2026-02-11-at-3.30.10-PM-2-1536x1065.jpeg 1536w, https:\/\/panoramaciudadano.com\/wp-content\/uploads\/2026\/02\/WhatsApp-Image-2026-02-11-at-3.30.10-PM-2.jpeg 1600w\" sizes=\"(max-width: 1024px) 100vw, 1024px\" \/><\/figure>\n\n\n\n<figure class=\"wp-block-image size-large\"><img decoding=\"async\" width=\"1024\" height=\"684\" data-id=\"30312\" src=\"https:\/\/panoramaciudadano.com\/wp-content\/uploads\/2026\/02\/WhatsApp-Image-2026-02-11-at-3.30.11-PM-1024x684.jpeg\" alt=\"\" class=\"wp-image-30312\" srcset=\"https:\/\/panoramaciudadano.com\/wp-content\/uploads\/2026\/02\/WhatsApp-Image-2026-02-11-at-3.30.11-PM-1024x684.jpeg 1024w, https:\/\/panoramaciudadano.com\/wp-content\/uploads\/2026\/02\/WhatsApp-Image-2026-02-11-at-3.30.11-PM-300x200.jpeg 300w, https:\/\/panoramaciudadano.com\/wp-content\/uploads\/2026\/02\/WhatsApp-Image-2026-02-11-at-3.30.11-PM-768x513.jpeg 768w, https:\/\/panoramaciudadano.com\/wp-content\/uploads\/2026\/02\/WhatsApp-Image-2026-02-11-at-3.30.11-PM-1536x1026.jpeg 1536w, https:\/\/panoramaciudadano.com\/wp-content\/uploads\/2026\/02\/WhatsApp-Image-2026-02-11-at-3.30.11-PM.jpeg 1600w\" sizes=\"(max-width: 1024px) 100vw, 1024px\" \/><\/figure>\n\n\n\n<figure class=\"wp-block-image size-large\"><img decoding=\"async\" width=\"1024\" height=\"371\" data-id=\"30314\" src=\"https:\/\/panoramaciudadano.com\/wp-content\/uploads\/2026\/02\/WhatsApp-Image-2026-02-11-at-3.30.10-PM-1024x371.jpeg\" alt=\"\" class=\"wp-image-30314\" srcset=\"https:\/\/panoramaciudadano.com\/wp-content\/uploads\/2026\/02\/WhatsApp-Image-2026-02-11-at-3.30.10-PM-1024x371.jpeg 1024w, https:\/\/panoramaciudadano.com\/wp-content\/uploads\/2026\/02\/WhatsApp-Image-2026-02-11-at-3.30.10-PM-300x109.jpeg 300w, https:\/\/panoramaciudadano.com\/wp-content\/uploads\/2026\/02\/WhatsApp-Image-2026-02-11-at-3.30.10-PM-768x278.jpeg 768w, https:\/\/panoramaciudadano.com\/wp-content\/uploads\/2026\/02\/WhatsApp-Image-2026-02-11-at-3.30.10-PM-1536x556.jpeg 1536w, https:\/\/panoramaciudadano.com\/wp-content\/uploads\/2026\/02\/WhatsApp-Image-2026-02-11-at-3.30.10-PM.jpeg 1600w\" sizes=\"(max-width: 1024px) 100vw, 1024px\" \/><\/figure>\n<\/figure>\n\n\n\n<p>El presidente de la Junta de Gobierno y Coordinaci\u00f3n Pol\u00edtica (JUGOCOPO) de la XVIII Legislatura del Congreso de Quintana Roo y dirigente estatal del Partido Verde en la entidad,\u00a0Ren\u00e1n S\u00e1nchez Tajonar, acompa\u00f1\u00f3 a la Asociaci\u00f3n Mexicana de Mujeres Jefas de Empresa (AMMJE), sede Canc\u00fan, presidida por Yvette Hesse Espinosa, en una conferencia sobre inteligencia artificial y su impacto en los negocios.<\/p>\n\n\n\n<p>Durante el encuentro, al que asistieron mujeres empresarias interesadas en fortalecer sus herramientas tecnol\u00f3gicas,&nbsp;Ren\u00e1n S\u00e1nchez Tajonar&nbsp;destac\u00f3 que la inteligencia artificial representa una gran oportunidad para innovar, optimizar procesos y hacer crecer las empresas en un entorno cada vez m\u00e1s competitivo.<\/p>\n\n\n\n<p>En este marco,&nbsp;Ren\u00e1n S\u00e1nchez Tajonar&nbsp;reconoci\u00f3 y agradeci\u00f3 a la diputada Alexa Murgu\u00eda Trujillo por impulsar y organizar este importante encuentro, as\u00ed como el liderazgo de la presidenta de AMMJE &nbsp;Canc\u00fan, Yvette Hesse Espinosa, por generar espacios que fortalecen la preparaci\u00f3n y el crecimiento de mujeres empresarias.<\/p>\n\n\n\n<p>Ren\u00e1n S\u00e1nchez Tajonar&nbsp;estuvo acompa\u00f1ado de su esposa, Valeria Segura, con quien reiter\u00f3 su compromiso de seguir respaldando iniciativas que impulsen la capacitaci\u00f3n, la tecnolog\u00eda y m\u00e1s herramientas para fortalecer la autonom\u00eda econ\u00f3mica de las mujeres.<\/p>\n\n\n\n<p>\u201cDesde el Verde seguiremos impulsando la capacitaci\u00f3n y la innovaci\u00f3n, porque cuando una mujer crece, crece su empresa, crece su familia y crece Quintana Roo\u201d, expres\u00f3&nbsp;Ren\u00e1n S\u00e1nchez Tajonar.<\/p>\n\n\n\n<p>Finalmente,&nbsp;Ren\u00e1n S\u00e1nchez Tajonar&nbsp;reafirm\u00f3 que continuar\u00e1 promoviendo acciones que integren tecnolog\u00eda, innovaci\u00f3n y desarrollo econ\u00f3mico, convencido de que m\u00e1s mujeres liderando el presente y el futuro significan m\u00e1s oportunidades para el estado.<\/p>\n\n\n\n<p>\u201cVamos por un Quintana Roo con m\u00e1s innovaci\u00f3n, m\u00e1s oportunidades y m\u00e1s mujeres liderando el presente y el futuro\u201d, concluy\u00f3&nbsp;Ren\u00e1n S\u00e1nchez Tajonar.<\/p>\n","protected":false},"excerpt":{"rendered":"<p>\u2022 Se re\u00fane con empresarias de la AMMJE Canc\u00fan, encabezadas por su presidenta Yvette Hesse Espinosa, junto a la diputada Alexa Murgu\u00eda Trujillo, para impulsar la innovaci\u00f3n y la capacitaci\u00f3n tecnol\u00f3gica.<\/p>\n","protected":false},"author":1,"featured_media":30311,"comment_status":"open","ping_status":"closed","sticky":false,"template":"","format":"standard","meta":{"footnotes":""},"categories":[6],"tags":[436],"class_list":["post-30309","post","type-post","status-publish","format-standard","has-post-thumbnail","hentry","category-cancun","tag-jugocopo"],"yoast_head":"<!-- This site is optimized with the Yoast SEO plugin v27.1.1 - https:\/\/yoast.com\/product\/yoast-seo-wordpress\/ -->\n<title>Ren\u00e1n S\u00e1nchez Tajonar fortalece la innovaci\u00f3n y el liderazgo de las mujeres - Panorama Ciudadano<\/title>\n<meta name=\"robots\" content=\"index, follow, max-snippet:-1, max-image-preview:large, max-video-preview:-1\" \/>\n<link rel=\"canonical\" href=\"https:\/\/panoramaciudadano.com\/index.php\/2026\/02\/11\/renan-sanchez-tajonar-fortalece-la-innovacion-y-el-liderazgo-de-las-mujeres\/\" \/>\n<meta property=\"og:locale\" content=\"es_ES\" \/>\n<meta property=\"og:type\" content=\"article\" \/>\n<meta property=\"og:title\" content=\"Ren\u00e1n S\u00e1nchez Tajonar fortalece la innovaci\u00f3n y el liderazgo de las mujeres - Panorama Ciudadano\" \/>\n<meta property=\"og:description\" content=\"\u2022 Se re\u00fane con empresarias de la AMMJE Canc\u00fan, encabezadas por su presidenta Yvette Hesse Espinosa, junto a la diputada Alexa Murgu\u00eda Trujillo, para impulsar la innovaci\u00f3n y la capacitaci\u00f3n tecnol\u00f3gica.\" \/>\n<meta property=\"og:url\" content=\"https:\/\/panoramaciudadano.com\/index.php\/2026\/02\/11\/renan-sanchez-tajonar-fortalece-la-innovacion-y-el-liderazgo-de-las-mujeres\/\" \/>\n<meta property=\"og:site_name\" content=\"Panorama Ciudadano\" \/>\n<meta property=\"article:publisher\" content=\"https:\/\/www.facebook.com\/panoramaciudadano\" \/>\n<meta property=\"article:published_time\" content=\"2026-02-12T04:40:07+00:00\" \/>\n<meta property=\"article:modified_time\" content=\"2026-02-12T04:40:13+00:00\" \/>\n<meta property=\"og:image\" content=\"https:\/\/panoramaciudadano.com\/wp-content\/uploads\/2026\/02\/WhatsApp-Image-2026-02-11-at-3.30.10-PM-2.jpeg\" \/>\n\t<meta property=\"og:image:width\" content=\"1600\" \/>\n\t<meta property=\"og:image:height\" content=\"1109\" \/>\n\t<meta property=\"og:image:type\" content=\"image\/jpeg\" \/>\n<meta name=\"author\" content=\"admin\" \/>\n<meta name=\"twitter:card\" content=\"summary_large_image\" \/>\n<meta name=\"twitter:label1\" content=\"Escrito por\" \/>\n\t<meta name=\"twitter:data1\" content=\"admin\" \/>\n\t<meta name=\"twitter:label2\" content=\"Tiempo de lectura\" \/>\n\t<meta name=\"twitter:data2\" content=\"3 minutos\" \/>\n<script type=\"application\/ld+json\" class=\"yoast-schema-graph\">{\"@context\":\"https:\/\/schema.org\",\"@graph\":[{\"@type\":\"Article\",\"@id\":\"https:\/\/panoramaciudadano.com\/index.php\/2026\/02\/11\/renan-sanchez-tajonar-fortalece-la-innovacion-y-el-liderazgo-de-las-mujeres\/#article\",\"isPartOf\":{\"@id\":\"https:\/\/panoramaciudadano.com\/index.php\/2026\/02\/11\/renan-sanchez-tajonar-fortalece-la-innovacion-y-el-liderazgo-de-las-mujeres\/\"},\"author\":{\"name\":\"admin\",\"@id\":\"https:\/\/panoramaciudadano.com\/#\/schema\/person\/ffe9fe8ef47d3a93977b5761fd9e0d96\"},\"headline\":\"Ren\u00e1n S\u00e1nchez Tajonar fortalece la innovaci\u00f3n y el liderazgo de las mujeres\",\"datePublished\":\"2026-02-12T04:40:07+00:00\",\"dateModified\":\"2026-02-12T04:40:13+00:00\",\"mainEntityOfPage\":{\"@id\":\"https:\/\/panoramaciudadano.com\/index.php\/2026\/02\/11\/renan-sanchez-tajonar-fortalece-la-innovacion-y-el-liderazgo-de-las-mujeres\/\"},\"wordCount\":338,\"commentCount\":0,\"publisher\":{\"@id\":\"https:\/\/panoramaciudadano.com\/#organization\"},\"image\":{\"@id\":\"https:\/\/panoramaciudadano.com\/index.php\/2026\/02\/11\/renan-sanchez-tajonar-fortalece-la-innovacion-y-el-liderazgo-de-las-mujeres\/#primaryimage\"},\"thumbnailUrl\":\"https:\/\/panoramaciudadano.com\/wp-content\/uploads\/2026\/02\/WhatsApp-Image-2026-02-11-at-3.30.10-PM-2.jpeg\",\"keywords\":[\"JUGOCOPO\"],\"articleSection\":[\"Canc\u00fan\"],\"inLanguage\":\"es\",\"potentialAction\":[{\"@type\":\"CommentAction\",\"name\":\"Comment\",\"target\":[\"https:\/\/panoramaciudadano.com\/index.php\/2026\/02\/11\/renan-sanchez-tajonar-fortalece-la-innovacion-y-el-liderazgo-de-las-mujeres\/#respond\"]}]},{\"@type\":\"WebPage\",\"@id\":\"https:\/\/panoramaciudadano.com\/index.php\/2026\/02\/11\/renan-sanchez-tajonar-fortalece-la-innovacion-y-el-liderazgo-de-las-mujeres\/\",\"url\":\"https:\/\/panoramaciudadano.com\/index.php\/2026\/02\/11\/renan-sanchez-tajonar-fortalece-la-innovacion-y-el-liderazgo-de-las-mujeres\/\",\"name\":\"Ren\u00e1n S\u00e1nchez Tajonar fortalece la innovaci\u00f3n y el liderazgo de las mujeres - Panorama Ciudadano\",\"isPartOf\":{\"@id\":\"https:\/\/panoramaciudadano.com\/#website\"},\"primaryImageOfPage\":{\"@id\":\"https:\/\/panoramaciudadano.com\/index.php\/2026\/02\/11\/renan-sanchez-tajonar-fortalece-la-innovacion-y-el-liderazgo-de-las-mujeres\/#primaryimage\"},\"image\":{\"@id\":\"https:\/\/panoramaciudadano.com\/index.php\/2026\/02\/11\/renan-sanchez-tajonar-fortalece-la-innovacion-y-el-liderazgo-de-las-mujeres\/#primaryimage\"},\"thumbnailUrl\":\"https:\/\/panoramaciudadano.com\/wp-content\/uploads\/2026\/02\/WhatsApp-Image-2026-02-11-at-3.30.10-PM-2.jpeg\",\"datePublished\":\"2026-02-12T04:40:07+00:00\",\"dateModified\":\"2026-02-12T04:40:13+00:00\",\"breadcrumb\":{\"@id\":\"https:\/\/panoramaciudadano.com\/index.php\/2026\/02\/11\/renan-sanchez-tajonar-fortalece-la-innovacion-y-el-liderazgo-de-las-mujeres\/#breadcrumb\"},\"inLanguage\":\"es\",\"potentialAction\":[{\"@type\":\"ReadAction\",\"target\":[\"https:\/\/panoramaciudadano.com\/index.php\/2026\/02\/11\/renan-sanchez-tajonar-fortalece-la-innovacion-y-el-liderazgo-de-las-mujeres\/\"]}]},{\"@type\":\"ImageObject\",\"inLanguage\":\"es\",\"@id\":\"https:\/\/panoramaciudadano.com\/index.php\/2026\/02\/11\/renan-sanchez-tajonar-fortalece-la-innovacion-y-el-liderazgo-de-las-mujeres\/#primaryimage\",\"url\":\"https:\/\/panoramaciudadano.com\/wp-content\/uploads\/2026\/02\/WhatsApp-Image-2026-02-11-at-3.30.10-PM-2.jpeg\",\"contentUrl\":\"https:\/\/panoramaciudadano.com\/wp-content\/uploads\/2026\/02\/WhatsApp-Image-2026-02-11-at-3.30.10-PM-2.jpeg\",\"width\":1600,\"height\":1109},{\"@type\":\"BreadcrumbList\",\"@id\":\"https:\/\/panoramaciudadano.com\/index.php\/2026\/02\/11\/renan-sanchez-tajonar-fortalece-la-innovacion-y-el-liderazgo-de-las-mujeres\/#breadcrumb\",\"itemListElement\":[{\"@type\":\"ListItem\",\"position\":1,\"name\":\"Portada\",\"item\":\"https:\/\/panoramaciudadano.com\/\"},{\"@type\":\"ListItem\",\"position\":2,\"name\":\"Ren\u00e1n S\u00e1nchez Tajonar fortalece la innovaci\u00f3n y el liderazgo de las mujeres\"}]},{\"@type\":\"WebSite\",\"@id\":\"https:\/\/panoramaciudadano.com\/#website\",\"url\":\"https:\/\/panoramaciudadano.com\/\",\"name\":\"Panorama Ciudadano\",\"description\":\"\",\"publisher\":{\"@id\":\"https:\/\/panoramaciudadano.com\/#organization\"},\"potentialAction\":[{\"@type\":\"SearchAction\",\"target\":{\"@type\":\"EntryPoint\",\"urlTemplate\":\"https:\/\/panoramaciudadano.com\/?s={search_term_string}\"},\"query-input\":{\"@type\":\"PropertyValueSpecification\",\"valueRequired\":true,\"valueName\":\"search_term_string\"}}],\"inLanguage\":\"es\"},{\"@type\":\"Organization\",\"@id\":\"https:\/\/panoramaciudadano.com\/#organization\",\"name\":\"Panorama Ciudadano\",\"url\":\"https:\/\/panoramaciudadano.com\/\",\"logo\":{\"@type\":\"ImageObject\",\"inLanguage\":\"es\",\"@id\":\"https:\/\/panoramaciudadano.com\/#\/schema\/logo\/image\/\",\"url\":\"https:\/\/panoramaciudadano.com\/wp-content\/uploads\/2024\/05\/401498640_919267042938564_6290593609399108733_n.jpg\",\"contentUrl\":\"https:\/\/panoramaciudadano.com\/wp-content\/uploads\/2024\/05\/401498640_919267042938564_6290593609399108733_n.jpg\",\"width\":960,\"height\":957,\"caption\":\"Panorama Ciudadano\"},\"image\":{\"@id\":\"https:\/\/panoramaciudadano.com\/#\/schema\/logo\/image\/\"},\"sameAs\":[\"https:\/\/www.facebook.com\/panoramaciudadano\"]},{\"@type\":\"Person\",\"@id\":\"https:\/\/panoramaciudadano.com\/#\/schema\/person\/ffe9fe8ef47d3a93977b5761fd9e0d96\",\"name\":\"admin\",\"image\":{\"@type\":\"ImageObject\",\"inLanguage\":\"es\",\"@id\":\"https:\/\/panoramaciudadano.com\/#\/schema\/person\/image\/\",\"url\":\"https:\/\/secure.gravatar.com\/avatar\/2d5a12cacce3f18096f25fadea8abb7202fef18ed669595589853e84260ff451?s=96&d=mm&r=g\",\"contentUrl\":\"https:\/\/secure.gravatar.com\/avatar\/2d5a12cacce3f18096f25fadea8abb7202fef18ed669595589853e84260ff451?s=96&d=mm&r=g\",\"caption\":\"admin\"},\"sameAs\":[\"https:\/\/panoramaciudadano.com\"],\"url\":\"https:\/\/panoramaciudadano.com\/index.php\/author\/admin_3q6hyqq3\/\"}]}<\/script>\n<!-- \/ Yoast SEO plugin. -->","yoast_head_json":{"title":"Ren\u00e1n S\u00e1nchez Tajonar fortalece la innovaci\u00f3n y el liderazgo de las mujeres - Panorama Ciudadano","robots":{"index":"index","follow":"follow","max-snippet":"max-snippet:-1","max-image-preview":"max-image-preview:large","max-video-preview":"max-video-preview:-1"},"canonical":"https:\/\/panoramaciudadano.com\/index.php\/2026\/02\/11\/renan-sanchez-tajonar-fortalece-la-innovacion-y-el-liderazgo-de-las-mujeres\/","og_locale":"es_ES","og_type":"article","og_title":"Ren\u00e1n S\u00e1nchez Tajonar fortalece la innovaci\u00f3n y el liderazgo de las mujeres - Panorama Ciudadano","og_description":"\u2022 Se re\u00fane con empresarias de la AMMJE Canc\u00fan, encabezadas por su presidenta Yvette Hesse Espinosa, junto a la diputada Alexa Murgu\u00eda Trujillo, para impulsar la innovaci\u00f3n y la capacitaci\u00f3n tecnol\u00f3gica.","og_url":"https:\/\/panoramaciudadano.com\/index.php\/2026\/02\/11\/renan-sanchez-tajonar-fortalece-la-innovacion-y-el-liderazgo-de-las-mujeres\/","og_site_name":"Panorama Ciudadano","article_publisher":"https:\/\/www.facebook.com\/panoramaciudadano","article_published_time":"2026-02-12T04:40:07+00:00","article_modified_time":"2026-02-12T04:40:13+00:00","og_image":[{"width":1600,"height":1109,"url":"https:\/\/panoramaciudadano.com\/wp-content\/uploads\/2026\/02\/WhatsApp-Image-2026-02-11-at-3.30.10-PM-2.jpeg","type":"image\/jpeg"}],"author":"admin","twitter_card":"summary_large_image","twitter_misc":{"Escrito por":"admin","Tiempo de lectura":"3 minutos"},"schema":{"@context":"https:\/\/schema.org","@graph":[{"@type":"Article","@id":"https:\/\/panoramaciudadano.com\/index.php\/2026\/02\/11\/renan-sanchez-tajonar-fortalece-la-innovacion-y-el-liderazgo-de-las-mujeres\/#article","isPartOf":{"@id":"https:\/\/panoramaciudadano.com\/index.php\/2026\/02\/11\/renan-sanchez-tajonar-fortalece-la-innovacion-y-el-liderazgo-de-las-mujeres\/"},"author":{"name":"admin","@id":"https:\/\/panoramaciudadano.com\/#\/schema\/person\/ffe9fe8ef47d3a93977b5761fd9e0d96"},"headline":"Ren\u00e1n S\u00e1nchez Tajonar fortalece la innovaci\u00f3n y el liderazgo de las mujeres","datePublished":"2026-02-12T04:40:07+00:00","dateModified":"2026-02-12T04:40:13+00:00","mainEntityOfPage":{"@id":"https:\/\/panoramaciudadano.com\/index.php\/2026\/02\/11\/renan-sanchez-tajonar-fortalece-la-innovacion-y-el-liderazgo-de-las-mujeres\/"},"wordCount":338,"commentCount":0,"publisher":{"@id":"https:\/\/panoramaciudadano.com\/#organization"},"image":{"@id":"https:\/\/panoramaciudadano.com\/index.php\/2026\/02\/11\/renan-sanchez-tajonar-fortalece-la-innovacion-y-el-liderazgo-de-las-mujeres\/#primaryimage"},"thumbnailUrl":"https:\/\/panoramaciudadano.com\/wp-content\/uploads\/2026\/02\/WhatsApp-Image-2026-02-11-at-3.30.10-PM-2.jpeg","keywords":["JUGOCOPO"],"articleSection":["Canc\u00fan"],"inLanguage":"es","potentialAction":[{"@type":"CommentAction","name":"Comment","target":["https:\/\/panoramaciudadano.com\/index.php\/2026\/02\/11\/renan-sanchez-tajonar-fortalece-la-innovacion-y-el-liderazgo-de-las-mujeres\/#respond"]}]},{"@type":"WebPage","@id":"https:\/\/panoramaciudadano.com\/index.php\/2026\/02\/11\/renan-sanchez-tajonar-fortalece-la-innovacion-y-el-liderazgo-de-las-mujeres\/","url":"https:\/\/panoramaciudadano.com\/index.php\/2026\/02\/11\/renan-sanchez-tajonar-fortalece-la-innovacion-y-el-liderazgo-de-las-mujeres\/","name":"Ren\u00e1n S\u00e1nchez Tajonar fortalece la innovaci\u00f3n y el liderazgo de las mujeres - Panorama Ciudadano","isPartOf":{"@id":"https:\/\/panoramaciudadano.com\/#website"},"primaryImageOfPage":{"@id":"https:\/\/panoramaciudadano.com\/index.php\/2026\/02\/11\/renan-sanchez-tajonar-fortalece-la-innovacion-y-el-liderazgo-de-las-mujeres\/#primaryimage"},"image":{"@id":"https:\/\/panoramaciudadano.com\/index.php\/2026\/02\/11\/renan-sanchez-tajonar-fortalece-la-innovacion-y-el-liderazgo-de-las-mujeres\/#primaryimage"},"thumbnailUrl":"https:\/\/panoramaciudadano.com\/wp-content\/uploads\/2026\/02\/WhatsApp-Image-2026-02-11-at-3.30.10-PM-2.jpeg","datePublished":"2026-02-12T04:40:07+00:00","dateModified":"2026-02-12T04:40:13+00:00","breadcrumb":{"@id":"https:\/\/panoramaciudadano.com\/index.php\/2026\/02\/11\/renan-sanchez-tajonar-fortalece-la-innovacion-y-el-liderazgo-de-las-mujeres\/#breadcrumb"},"inLanguage":"es","potentialAction":[{"@type":"ReadAction","target":["https:\/\/panoramaciudadano.com\/index.php\/2026\/02\/11\/renan-sanchez-tajonar-fortalece-la-innovacion-y-el-liderazgo-de-las-mujeres\/"]}]},{"@type":"ImageObject","inLanguage":"es","@id":"https:\/\/panoramaciudadano.com\/index.php\/2026\/02\/11\/renan-sanchez-tajonar-fortalece-la-innovacion-y-el-liderazgo-de-las-mujeres\/#primaryimage","url":"https:\/\/panoramaciudadano.com\/wp-content\/uploads\/2026\/02\/WhatsApp-Image-2026-02-11-at-3.30.10-PM-2.jpeg","contentUrl":"https:\/\/panoramaciudadano.com\/wp-content\/uploads\/2026\/02\/WhatsApp-Image-2026-02-11-at-3.30.10-PM-2.jpeg","width":1600,"height":1109},{"@type":"BreadcrumbList","@id":"https:\/\/panoramaciudadano.com\/index.php\/2026\/02\/11\/renan-sanchez-tajonar-fortalece-la-innovacion-y-el-liderazgo-de-las-mujeres\/#breadcrumb","itemListElement":[{"@type":"ListItem","position":1,"name":"Portada","item":"https:\/\/panoramaciudadano.com\/"},{"@type":"ListItem","position":2,"name":"Ren\u00e1n S\u00e1nchez Tajonar fortalece la innovaci\u00f3n y el liderazgo de las mujeres"}]},{"@type":"WebSite","@id":"https:\/\/panoramaciudadano.com\/#website","url":"https:\/\/panoramaciudadano.com\/","name":"Panorama Ciudadano","description":"","publisher":{"@id":"https:\/\/panoramaciudadano.com\/#organization"},"potentialAction":[{"@type":"SearchAction","target":{"@type":"EntryPoint","urlTemplate":"https:\/\/panoramaciudadano.com\/?s={search_term_string}"},"query-input":{"@type":"PropertyValueSpecification","valueRequired":true,"valueName":"search_term_string"}}],"inLanguage":"es"},{"@type":"Organization","@id":"https:\/\/panoramaciudadano.com\/#organization","name":"Panorama Ciudadano","url":"https:\/\/panoramaciudadano.com\/","logo":{"@type":"ImageObject","inLanguage":"es","@id":"https:\/\/panoramaciudadano.com\/#\/schema\/logo\/image\/","url":"https:\/\/panoramaciudadano.com\/wp-content\/uploads\/2024\/05\/401498640_919267042938564_6290593609399108733_n.jpg","contentUrl":"https:\/\/panoramaciudadano.com\/wp-content\/uploads\/2024\/05\/401498640_919267042938564_6290593609399108733_n.jpg","width":960,"height":957,"caption":"Panorama Ciudadano"},"image":{"@id":"https:\/\/panoramaciudadano.com\/#\/schema\/logo\/image\/"},"sameAs":["https:\/\/www.facebook.com\/panoramaciudadano"]},{"@type":"Person","@id":"https:\/\/panoramaciudadano.com\/#\/schema\/person\/ffe9fe8ef47d3a93977b5761fd9e0d96","name":"admin","image":{"@type":"ImageObject","inLanguage":"es","@id":"https:\/\/panoramaciudadano.com\/#\/schema\/person\/image\/","url":"https:\/\/secure.gravatar.com\/avatar\/2d5a12cacce3f18096f25fadea8abb7202fef18ed669595589853e84260ff451?s=96&d=mm&r=g","contentUrl":"https:\/\/secure.gravatar.com\/avatar\/2d5a12cacce3f18096f25fadea8abb7202fef18ed669595589853e84260ff451?s=96&d=mm&r=g","caption":"admin"},"sameAs":["https:\/\/panoramaciudadano.com"],"url":"https:\/\/panoramaciudadano.com\/index.php\/author\/admin_3q6hyqq3\/"}]}},"_links":{"self":[{"href":"https:\/\/panoramaciudadano.com\/index.php\/wp-json\/wp\/v2\/posts\/30309","targetHints":{"allow":["GET"]}}],"collection":[{"href":"https:\/\/panoramaciudadano.com\/index.php\/wp-json\/wp\/v2\/posts"}],"about":[{"href":"https:\/\/panoramaciudadano.com\/index.php\/wp-json\/wp\/v2\/types\/post"}],"author":[{"embeddable":true,"href":"https:\/\/panoramaciudadano.com\/index.php\/wp-json\/wp\/v2\/users\/1"}],"replies":[{"embeddable":true,"href":"https:\/\/panoramaciudadano.com\/index.php\/wp-json\/wp\/v2\/comments?post=30309"}],"version-history":[{"count":1,"href":"https:\/\/panoramaciudadano.com\/index.php\/wp-json\/wp\/v2\/posts\/30309\/revisions"}],"predecessor-version":[{"id":30315,"href":"https:\/\/panoramaciudadano.com\/index.php\/wp-json\/wp\/v2\/posts\/30309\/revisions\/30315"}],"wp:featuredmedia":[{"embeddable":true,"href":"https:\/\/panoramaciudadano.com\/index.php\/wp-json\/wp\/v2\/media\/30311"}],"wp:attachment":[{"href":"https:\/\/panoramaciudadano.com\/index.php\/wp-json\/wp\/v2\/media?parent=30309"}],"wp:term":[{"taxonomy":"category","embeddable":true,"href":"https:\/\/panoramaciudadano.com\/index.php\/wp-json\/wp\/v2\/categories?post=30309"},{"taxonomy":"post_tag","embeddable":true,"href":"https:\/\/panoramaciudadano.com\/index.php\/wp-json\/wp\/v2\/tags?post=30309"}],"curies":[{"name":"wp","href":"https:\/\/api.w.org\/{rel}","templated":true}]}}