{"id":30316,"date":"2026-02-11T23:43:26","date_gmt":"2026-02-12T04:43:26","guid":{"rendered":"https:\/\/panoramaciudadano.com\/?p=30316"},"modified":"2026-02-11T23:43:30","modified_gmt":"2026-02-12T04:43:30","slug":"entrega-mara-lezama-y-ana-paty-peralta-titulos-de-propiedad-de-viviendas-del-bienestar","status":"publish","type":"post","link":"https:\/\/panoramaciudadano.com\/index.php\/2026\/02\/11\/entrega-mara-lezama-y-ana-paty-peralta-titulos-de-propiedad-de-viviendas-del-bienestar\/","title":{"rendered":"ENTREGA MARA LEZAMA Y ANA PATY PERALTA T\u00cdTULOS DE PROPIEDAD DE VIVIENDAS DEL BIENESTAR"},"content":{"rendered":"\n<figure class=\"wp-block-gallery has-nested-images columns-default is-cropped wp-block-gallery-1 is-layout-flex wp-block-gallery-is-layout-flex\">\n<figure class=\"wp-block-image size-large\"><img decoding=\"async\" width=\"993\" height=\"1024\" data-id=\"30317\" src=\"https:\/\/panoramaciudadano.com\/wp-content\/uploads\/2026\/02\/WhatsApp-Image-2026-02-11-at-8.14.03-PM-3-993x1024.jpeg\" alt=\"\" class=\"wp-image-30317\" srcset=\"https:\/\/panoramaciudadano.com\/wp-content\/uploads\/2026\/02\/WhatsApp-Image-2026-02-11-at-8.14.03-PM-3-993x1024.jpeg 993w, https:\/\/panoramaciudadano.com\/wp-content\/uploads\/2026\/02\/WhatsApp-Image-2026-02-11-at-8.14.03-PM-3-291x300.jpeg 291w, https:\/\/panoramaciudadano.com\/wp-content\/uploads\/2026\/02\/WhatsApp-Image-2026-02-11-at-8.14.03-PM-3-768x792.jpeg 768w, https:\/\/panoramaciudadano.com\/wp-content\/uploads\/2026\/02\/WhatsApp-Image-2026-02-11-at-8.14.03-PM-3-1490x1536.jpeg 1490w, https:\/\/panoramaciudadano.com\/wp-content\/uploads\/2026\/02\/WhatsApp-Image-2026-02-11-at-8.14.03-PM-3-1986x2048.jpeg 1986w\" sizes=\"(max-width: 993px) 100vw, 993px\" \/><\/figure>\n<\/figure>\n\n\n\n<p>Como parte del Programa de Vivienda para el Bienestar, la Presidenta Municipal, Ana Paty Peralta, atestigu\u00f3 la entrega de 80 t\u00edtulos de propiedad en el fraccionamiento Para\u00edso Maya, encabezada por la gobernadora Mara Lezama, como muestra del respaldo y la coordinaci\u00f3n interinstitucional para otorgar hogares dignos a las familias cancunenses.<\/p>\n\n\n\n<p>El hecho se dio de manera simult\u00e1nea en Cajeme, Sonora y fue transmitido desde Canc\u00fan en la conferencia matutina \u201cLa Ma\u00f1anera\u201d a cargo de la presidenta Claudia Sheinbaum Pardo, en la que se destac\u00f3 la meta en la entidad es de m\u00e1s de 62 mil moradas con el Instituto del Fondo Nacional de la Vivienda para los Trabajadores (INFONAVIT), de las cuales 31 mil ya se est\u00e1n construyendo en 12 conjuntos en las tres principales ciudades de la entidad: Chetumal, Playa del Carmen y Canc\u00fan.<\/p>\n\n\n\n<p>\u201cTodo nuestro reconocimiento a la Presidenta por impulsar la pol\u00edtica de vivienda m\u00e1s importante de la historia de nuestro pa\u00eds y tiene un profundo sentido social. Hoy Canc\u00fan es la ciudad con m\u00e1s viviendas entregadas en todo el pa\u00eds, gracias a la gesti\u00f3n permanente de nuestra Gobernadora, Quintana Roo es el estado n\u00famero uno en colocaci\u00f3n de casas a nivel nacional\u201d, dijo.<\/p>\n\n\n\n<p>En el marco del evento en la Supermanzana 260, la Primera Autoridad Municipal subray\u00f3 que la estrategia en este rubro significa m\u00e1s oportunidades, certeza jur\u00eddica y sobre todo, m\u00e1s familias construyendo su patrimonio, porque se empiezan a formar comunidades que comparten espacios, escuelas y calles, compartiendo el entorno y fortaleciendo el tejido social.<\/p>\n\n\n\n<figure class=\"wp-block-gallery has-nested-images columns-default is-cropped wp-block-gallery-2 is-layout-flex wp-block-gallery-is-layout-flex\">\n<figure class=\"wp-block-image size-large\"><img decoding=\"async\" width=\"1024\" height=\"576\" data-id=\"30321\" src=\"https:\/\/panoramaciudadano.com\/wp-content\/uploads\/2026\/02\/WhatsApp-Image-2026-02-11-at-8.14.02-PM-1024x576.jpeg\" alt=\"\" class=\"wp-image-30321\" srcset=\"https:\/\/panoramaciudadano.com\/wp-content\/uploads\/2026\/02\/WhatsApp-Image-2026-02-11-at-8.14.02-PM-1024x576.jpeg 1024w, https:\/\/panoramaciudadano.com\/wp-content\/uploads\/2026\/02\/WhatsApp-Image-2026-02-11-at-8.14.02-PM-300x169.jpeg 300w, https:\/\/panoramaciudadano.com\/wp-content\/uploads\/2026\/02\/WhatsApp-Image-2026-02-11-at-8.14.02-PM-768x432.jpeg 768w, https:\/\/panoramaciudadano.com\/wp-content\/uploads\/2026\/02\/WhatsApp-Image-2026-02-11-at-8.14.02-PM-1536x864.jpeg 1536w, https:\/\/panoramaciudadano.com\/wp-content\/uploads\/2026\/02\/WhatsApp-Image-2026-02-11-at-8.14.02-PM-2048x1152.jpeg 2048w\" sizes=\"(max-width: 1024px) 100vw, 1024px\" \/><\/figure>\n\n\n\n<figure class=\"wp-block-image size-large\"><img decoding=\"async\" width=\"1024\" height=\"662\" data-id=\"30320\" src=\"https:\/\/panoramaciudadano.com\/wp-content\/uploads\/2026\/02\/WhatsApp-Image-2026-02-11-at-8.14.03-PM-4-1024x662.jpeg\" alt=\"\" class=\"wp-image-30320\" srcset=\"https:\/\/panoramaciudadano.com\/wp-content\/uploads\/2026\/02\/WhatsApp-Image-2026-02-11-at-8.14.03-PM-4-1024x662.jpeg 1024w, https:\/\/panoramaciudadano.com\/wp-content\/uploads\/2026\/02\/WhatsApp-Image-2026-02-11-at-8.14.03-PM-4-300x194.jpeg 300w, https:\/\/panoramaciudadano.com\/wp-content\/uploads\/2026\/02\/WhatsApp-Image-2026-02-11-at-8.14.03-PM-4-768x497.jpeg 768w, https:\/\/panoramaciudadano.com\/wp-content\/uploads\/2026\/02\/WhatsApp-Image-2026-02-11-at-8.14.03-PM-4-1536x993.jpeg 1536w, https:\/\/panoramaciudadano.com\/wp-content\/uploads\/2026\/02\/WhatsApp-Image-2026-02-11-at-8.14.03-PM-4-2048x1324.jpeg 2048w\" sizes=\"(max-width: 1024px) 100vw, 1024px\" \/><\/figure>\n\n\n\n<figure class=\"wp-block-image size-large\"><img decoding=\"async\" width=\"1024\" height=\"725\" data-id=\"30319\" src=\"https:\/\/panoramaciudadano.com\/wp-content\/uploads\/2026\/02\/WhatsApp-Image-2026-02-11-at-8.14.03-PM-5-1024x725.jpeg\" alt=\"\" class=\"wp-image-30319\" srcset=\"https:\/\/panoramaciudadano.com\/wp-content\/uploads\/2026\/02\/WhatsApp-Image-2026-02-11-at-8.14.03-PM-5-1024x725.jpeg 1024w, https:\/\/panoramaciudadano.com\/wp-content\/uploads\/2026\/02\/WhatsApp-Image-2026-02-11-at-8.14.03-PM-5-300x212.jpeg 300w, https:\/\/panoramaciudadano.com\/wp-content\/uploads\/2026\/02\/WhatsApp-Image-2026-02-11-at-8.14.03-PM-5-768x544.jpeg 768w, https:\/\/panoramaciudadano.com\/wp-content\/uploads\/2026\/02\/WhatsApp-Image-2026-02-11-at-8.14.03-PM-5-1536x1088.jpeg 1536w, https:\/\/panoramaciudadano.com\/wp-content\/uploads\/2026\/02\/WhatsApp-Image-2026-02-11-at-8.14.03-PM-5-2048x1450.jpeg 2048w\" sizes=\"(max-width: 1024px) 100vw, 1024px\" \/><\/figure>\n\n\n\n<figure class=\"wp-block-image size-large\"><img decoding=\"async\" width=\"1024\" height=\"682\" data-id=\"30318\" src=\"https:\/\/panoramaciudadano.com\/wp-content\/uploads\/2026\/02\/WhatsApp-Image-2026-02-11-at-8.14.03-PM-1024x682.jpeg\" alt=\"\" class=\"wp-image-30318\" srcset=\"https:\/\/panoramaciudadano.com\/wp-content\/uploads\/2026\/02\/WhatsApp-Image-2026-02-11-at-8.14.03-PM-1024x682.jpeg 1024w, https:\/\/panoramaciudadano.com\/wp-content\/uploads\/2026\/02\/WhatsApp-Image-2026-02-11-at-8.14.03-PM-300x200.jpeg 300w, https:\/\/panoramaciudadano.com\/wp-content\/uploads\/2026\/02\/WhatsApp-Image-2026-02-11-at-8.14.03-PM-768x512.jpeg 768w, https:\/\/panoramaciudadano.com\/wp-content\/uploads\/2026\/02\/WhatsApp-Image-2026-02-11-at-8.14.03-PM-1536x1024.jpeg 1536w, https:\/\/panoramaciudadano.com\/wp-content\/uploads\/2026\/02\/WhatsApp-Image-2026-02-11-at-8.14.03-PM-2048x1365.jpeg 2048w\" sizes=\"(max-width: 1024px) 100vw, 1024px\" \/><\/figure>\n<\/figure>\n\n\n\n<p>\u201cDesde el gobierno municipal queremos reafirmar nuestro compromiso de seguir trabajando siempre de la mano del Gobierno de M\u00e9xico, todo el apoyo y del Gobierno del Estado, para que el bienestar se traduzca en hechos concretos. Sigamos construyendo juntas y juntos el Canc\u00fan que nos une\u201d, indic\u00f3.<\/p>\n\n\n\n<p>El titular del INFONAVIT, Octavio Romero Oropeza, afirm\u00f3 que ya se tienen contratadas m\u00e1s de la mitad de hogares de la meta del sexenio y este mismo a\u00f1o, se estar\u00e1n firmando la que restan, siendo el 75 por ciento de los solicitantes j\u00f3venes y adultos menores de 40 a\u00f1os.<\/p>\n\n\n\n<p>De igual forma, la Gobernadora resalt\u00f3 que algunas de las familias beneficiadas esperaron hasta 30 a\u00f1os para obtener su casa y al fin van a dejar de pagar renta, gracias a esta pol\u00edtica p\u00fablica de la Cuarta Transformaci\u00f3n que gobierna con humanismo para lograr subsidiar alrededor de 600 mil pesos, que es el 50 por ciento del costo total del inmueble.<\/p>\n\n\n\n<p>Como parte del evento, la Presidenta Municipal atestigu\u00f3 la entrega de las primeras llaves de los nuevos espacios habitacionales a sus due\u00f1os, gracias al apoyo interinstitucional de los tres \u00f3rdenes de gobierno.<\/p>\n\n\n\n<figure class=\"wp-block-gallery has-nested-images columns-default is-cropped wp-block-gallery-3 is-layout-flex wp-block-gallery-is-layout-flex\">\n<figure class=\"wp-block-image size-large\"><img decoding=\"async\" width=\"781\" height=\"1024\" data-id=\"30322\" src=\"https:\/\/panoramaciudadano.com\/wp-content\/uploads\/2026\/02\/WhatsApp-Image-2026-02-11-at-8.14.03-PM-1-781x1024.jpeg\" alt=\"\" class=\"wp-image-30322\" srcset=\"https:\/\/panoramaciudadano.com\/wp-content\/uploads\/2026\/02\/WhatsApp-Image-2026-02-11-at-8.14.03-PM-1-781x1024.jpeg 781w, https:\/\/panoramaciudadano.com\/wp-content\/uploads\/2026\/02\/WhatsApp-Image-2026-02-11-at-8.14.03-PM-1-229x300.jpeg 229w, https:\/\/panoramaciudadano.com\/wp-content\/uploads\/2026\/02\/WhatsApp-Image-2026-02-11-at-8.14.03-PM-1-768x1007.jpeg 768w, https:\/\/panoramaciudadano.com\/wp-content\/uploads\/2026\/02\/WhatsApp-Image-2026-02-11-at-8.14.03-PM-1-1171x1536.jpeg 1171w, https:\/\/panoramaciudadano.com\/wp-content\/uploads\/2026\/02\/WhatsApp-Image-2026-02-11-at-8.14.03-PM-1.jpeg 1220w\" sizes=\"(max-width: 781px) 100vw, 781px\" \/><\/figure>\n\n\n\n<figure class=\"wp-block-image size-large\"><img decoding=\"async\" width=\"1024\" height=\"682\" data-id=\"30323\" src=\"https:\/\/panoramaciudadano.com\/wp-content\/uploads\/2026\/02\/WhatsApp-Image-2026-02-11-at-8.14.03-PM-2-1024x682.jpeg\" alt=\"\" class=\"wp-image-30323\" srcset=\"https:\/\/panoramaciudadano.com\/wp-content\/uploads\/2026\/02\/WhatsApp-Image-2026-02-11-at-8.14.03-PM-2-1024x682.jpeg 1024w, https:\/\/panoramaciudadano.com\/wp-content\/uploads\/2026\/02\/WhatsApp-Image-2026-02-11-at-8.14.03-PM-2-300x200.jpeg 300w, https:\/\/panoramaciudadano.com\/wp-content\/uploads\/2026\/02\/WhatsApp-Image-2026-02-11-at-8.14.03-PM-2-768x512.jpeg 768w, https:\/\/panoramaciudadano.com\/wp-content\/uploads\/2026\/02\/WhatsApp-Image-2026-02-11-at-8.14.03-PM-2-1536x1024.jpeg 1536w, https:\/\/panoramaciudadano.com\/wp-content\/uploads\/2026\/02\/WhatsApp-Image-2026-02-11-at-8.14.03-PM-2-2048x1365.jpeg 2048w\" sizes=\"(max-width: 1024px) 100vw, 1024px\" \/><\/figure>\n<\/figure>\n\n\n\n<hr class=\"wp-block-separator has-alpha-channel-opacity\"\/>\n\n\n\n<p>Datos de INFONAVIT en Q. Roo:<\/p>\n\n\n\n<p>190,000 cr\u00e9ditos reestructurados<br>24,000 cr\u00e9ditos de gravamen pendientes por liberar<br>8,500 cr\u00e9ditos de gravamen liberados sin costo<\/p>\n","protected":false},"excerpt":{"rendered":"<p>\u2022 La Presidenta Municipal particip\u00f3 en el evento donde se otorgaron 80 casas m\u00e1s del Programa de Vivienda para el Bienestar, cuya meta en la entidad es de 62 mil hogares con el INFONAVIT.<\/p>\n","protected":false},"author":1,"featured_media":30318,"comment_status":"open","ping_status":"closed","sticky":false,"template":"","format":"standard","meta":{"footnotes":""},"categories":[6],"tags":[145,259],"class_list":["post-30316","post","type-post","status-publish","format-standard","has-post-thumbnail","hentry","category-cancun","tag-ana-paty-peralta","tag-mara-lezama"],"yoast_head":"<!-- This site is optimized with the Yoast SEO plugin v27.1.1 - https:\/\/yoast.com\/product\/yoast-seo-wordpress\/ -->\n<title>ENTREGA MARA LEZAMA Y ANA PATY PERALTA T\u00cdTULOS DE PROPIEDAD DE VIVIENDAS DEL BIENESTAR - Panorama Ciudadano<\/title>\n<meta name=\"robots\" content=\"index, follow, max-snippet:-1, max-image-preview:large, max-video-preview:-1\" \/>\n<link rel=\"canonical\" href=\"https:\/\/panoramaciudadano.com\/index.php\/2026\/02\/11\/entrega-mara-lezama-y-ana-paty-peralta-titulos-de-propiedad-de-viviendas-del-bienestar\/\" \/>\n<meta property=\"og:locale\" content=\"es_ES\" \/>\n<meta property=\"og:type\" content=\"article\" \/>\n<meta property=\"og:title\" content=\"ENTREGA MARA LEZAMA Y ANA PATY PERALTA T\u00cdTULOS DE PROPIEDAD DE VIVIENDAS DEL BIENESTAR - Panorama Ciudadano\" \/>\n<meta property=\"og:description\" content=\"\u2022 La Presidenta Municipal particip\u00f3 en el evento donde se otorgaron 80 casas m\u00e1s del Programa de Vivienda para el Bienestar, cuya meta en la entidad es de 62 mil hogares con el INFONAVIT.\" \/>\n<meta property=\"og:url\" content=\"https:\/\/panoramaciudadano.com\/index.php\/2026\/02\/11\/entrega-mara-lezama-y-ana-paty-peralta-titulos-de-propiedad-de-viviendas-del-bienestar\/\" \/>\n<meta property=\"og:site_name\" content=\"Panorama Ciudadano\" \/>\n<meta property=\"article:publisher\" content=\"https:\/\/www.facebook.com\/panoramaciudadano\" \/>\n<meta property=\"article:published_time\" content=\"2026-02-12T04:43:26+00:00\" \/>\n<meta property=\"article:modified_time\" content=\"2026-02-12T04:43:30+00:00\" \/>\n<meta property=\"og:image\" content=\"https:\/\/panoramaciudadano.com\/wp-content\/uploads\/2026\/02\/WhatsApp-Image-2026-02-11-at-8.14.03-PM.jpeg\" \/>\n\t<meta property=\"og:image:width\" content=\"2560\" \/>\n\t<meta property=\"og:image:height\" content=\"1706\" \/>\n\t<meta property=\"og:image:type\" content=\"image\/jpeg\" \/>\n<meta name=\"author\" content=\"admin\" \/>\n<meta name=\"twitter:card\" content=\"summary_large_image\" \/>\n<meta name=\"twitter:label1\" content=\"Escrito por\" \/>\n\t<meta name=\"twitter:data1\" content=\"admin\" \/>\n\t<meta name=\"twitter:label2\" content=\"Tiempo de lectura\" \/>\n\t<meta name=\"twitter:data2\" content=\"4 minutos\" \/>\n<script type=\"application\/ld+json\" class=\"yoast-schema-graph\">{\"@context\":\"https:\/\/schema.org\",\"@graph\":[{\"@type\":\"Article\",\"@id\":\"https:\/\/panoramaciudadano.com\/index.php\/2026\/02\/11\/entrega-mara-lezama-y-ana-paty-peralta-titulos-de-propiedad-de-viviendas-del-bienestar\/#article\",\"isPartOf\":{\"@id\":\"https:\/\/panoramaciudadano.com\/index.php\/2026\/02\/11\/entrega-mara-lezama-y-ana-paty-peralta-titulos-de-propiedad-de-viviendas-del-bienestar\/\"},\"author\":{\"name\":\"admin\",\"@id\":\"https:\/\/panoramaciudadano.com\/#\/schema\/person\/ffe9fe8ef47d3a93977b5761fd9e0d96\"},\"headline\":\"ENTREGA MARA LEZAMA Y ANA PATY PERALTA T\u00cdTULOS DE PROPIEDAD DE VIVIENDAS DEL BIENESTAR\",\"datePublished\":\"2026-02-12T04:43:26+00:00\",\"dateModified\":\"2026-02-12T04:43:30+00:00\",\"mainEntityOfPage\":{\"@id\":\"https:\/\/panoramaciudadano.com\/index.php\/2026\/02\/11\/entrega-mara-lezama-y-ana-paty-peralta-titulos-de-propiedad-de-viviendas-del-bienestar\/\"},\"wordCount\":500,\"commentCount\":0,\"publisher\":{\"@id\":\"https:\/\/panoramaciudadano.com\/#organization\"},\"image\":{\"@id\":\"https:\/\/panoramaciudadano.com\/index.php\/2026\/02\/11\/entrega-mara-lezama-y-ana-paty-peralta-titulos-de-propiedad-de-viviendas-del-bienestar\/#primaryimage\"},\"thumbnailUrl\":\"https:\/\/panoramaciudadano.com\/wp-content\/uploads\/2026\/02\/WhatsApp-Image-2026-02-11-at-8.14.03-PM.jpeg\",\"keywords\":[\"Ana Paty Peralta\",\"Mara Lezama\"],\"articleSection\":[\"Canc\u00fan\"],\"inLanguage\":\"es\",\"potentialAction\":[{\"@type\":\"CommentAction\",\"name\":\"Comment\",\"target\":[\"https:\/\/panoramaciudadano.com\/index.php\/2026\/02\/11\/entrega-mara-lezama-y-ana-paty-peralta-titulos-de-propiedad-de-viviendas-del-bienestar\/#respond\"]}]},{\"@type\":\"WebPage\",\"@id\":\"https:\/\/panoramaciudadano.com\/index.php\/2026\/02\/11\/entrega-mara-lezama-y-ana-paty-peralta-titulos-de-propiedad-de-viviendas-del-bienestar\/\",\"url\":\"https:\/\/panoramaciudadano.com\/index.php\/2026\/02\/11\/entrega-mara-lezama-y-ana-paty-peralta-titulos-de-propiedad-de-viviendas-del-bienestar\/\",\"name\":\"ENTREGA MARA LEZAMA Y ANA PATY PERALTA T\u00cdTULOS DE PROPIEDAD DE VIVIENDAS DEL BIENESTAR - Panorama Ciudadano\",\"isPartOf\":{\"@id\":\"https:\/\/panoramaciudadano.com\/#website\"},\"primaryImageOfPage\":{\"@id\":\"https:\/\/panoramaciudadano.com\/index.php\/2026\/02\/11\/entrega-mara-lezama-y-ana-paty-peralta-titulos-de-propiedad-de-viviendas-del-bienestar\/#primaryimage\"},\"image\":{\"@id\":\"https:\/\/panoramaciudadano.com\/index.php\/2026\/02\/11\/entrega-mara-lezama-y-ana-paty-peralta-titulos-de-propiedad-de-viviendas-del-bienestar\/#primaryimage\"},\"thumbnailUrl\":\"https:\/\/panoramaciudadano.com\/wp-content\/uploads\/2026\/02\/WhatsApp-Image-2026-02-11-at-8.14.03-PM.jpeg\",\"datePublished\":\"2026-02-12T04:43:26+00:00\",\"dateModified\":\"2026-02-12T04:43:30+00:00\",\"breadcrumb\":{\"@id\":\"https:\/\/panoramaciudadano.com\/index.php\/2026\/02\/11\/entrega-mara-lezama-y-ana-paty-peralta-titulos-de-propiedad-de-viviendas-del-bienestar\/#breadcrumb\"},\"inLanguage\":\"es\",\"potentialAction\":[{\"@type\":\"ReadAction\",\"target\":[\"https:\/\/panoramaciudadano.com\/index.php\/2026\/02\/11\/entrega-mara-lezama-y-ana-paty-peralta-titulos-de-propiedad-de-viviendas-del-bienestar\/\"]}]},{\"@type\":\"ImageObject\",\"inLanguage\":\"es\",\"@id\":\"https:\/\/panoramaciudadano.com\/index.php\/2026\/02\/11\/entrega-mara-lezama-y-ana-paty-peralta-titulos-de-propiedad-de-viviendas-del-bienestar\/#primaryimage\",\"url\":\"https:\/\/panoramaciudadano.com\/wp-content\/uploads\/2026\/02\/WhatsApp-Image-2026-02-11-at-8.14.03-PM.jpeg\",\"contentUrl\":\"https:\/\/panoramaciudadano.com\/wp-content\/uploads\/2026\/02\/WhatsApp-Image-2026-02-11-at-8.14.03-PM.jpeg\",\"width\":2560,\"height\":1706},{\"@type\":\"BreadcrumbList\",\"@id\":\"https:\/\/panoramaciudadano.com\/index.php\/2026\/02\/11\/entrega-mara-lezama-y-ana-paty-peralta-titulos-de-propiedad-de-viviendas-del-bienestar\/#breadcrumb\",\"itemListElement\":[{\"@type\":\"ListItem\",\"position\":1,\"name\":\"Portada\",\"item\":\"https:\/\/panoramaciudadano.com\/\"},{\"@type\":\"ListItem\",\"position\":2,\"name\":\"ENTREGA MARA LEZAMA Y ANA PATY PERALTA T\u00cdTULOS DE PROPIEDAD DE VIVIENDAS DEL BIENESTAR\"}]},{\"@type\":\"WebSite\",\"@id\":\"https:\/\/panoramaciudadano.com\/#website\",\"url\":\"https:\/\/panoramaciudadano.com\/\",\"name\":\"Panorama Ciudadano\",\"description\":\"\",\"publisher\":{\"@id\":\"https:\/\/panoramaciudadano.com\/#organization\"},\"potentialAction\":[{\"@type\":\"SearchAction\",\"target\":{\"@type\":\"EntryPoint\",\"urlTemplate\":\"https:\/\/panoramaciudadano.com\/?s={search_term_string}\"},\"query-input\":{\"@type\":\"PropertyValueSpecification\",\"valueRequired\":true,\"valueName\":\"search_term_string\"}}],\"inLanguage\":\"es\"},{\"@type\":\"Organization\",\"@id\":\"https:\/\/panoramaciudadano.com\/#organization\",\"name\":\"Panorama Ciudadano\",\"url\":\"https:\/\/panoramaciudadano.com\/\",\"logo\":{\"@type\":\"ImageObject\",\"inLanguage\":\"es\",\"@id\":\"https:\/\/panoramaciudadano.com\/#\/schema\/logo\/image\/\",\"url\":\"https:\/\/panoramaciudadano.com\/wp-content\/uploads\/2024\/05\/401498640_919267042938564_6290593609399108733_n.jpg\",\"contentUrl\":\"https:\/\/panoramaciudadano.com\/wp-content\/uploads\/2024\/05\/401498640_919267042938564_6290593609399108733_n.jpg\",\"width\":960,\"height\":957,\"caption\":\"Panorama Ciudadano\"},\"image\":{\"@id\":\"https:\/\/panoramaciudadano.com\/#\/schema\/logo\/image\/\"},\"sameAs\":[\"https:\/\/www.facebook.com\/panoramaciudadano\"]},{\"@type\":\"Person\",\"@id\":\"https:\/\/panoramaciudadano.com\/#\/schema\/person\/ffe9fe8ef47d3a93977b5761fd9e0d96\",\"name\":\"admin\",\"image\":{\"@type\":\"ImageObject\",\"inLanguage\":\"es\",\"@id\":\"https:\/\/panoramaciudadano.com\/#\/schema\/person\/image\/\",\"url\":\"https:\/\/secure.gravatar.com\/avatar\/2d5a12cacce3f18096f25fadea8abb7202fef18ed669595589853e84260ff451?s=96&d=mm&r=g\",\"contentUrl\":\"https:\/\/secure.gravatar.com\/avatar\/2d5a12cacce3f18096f25fadea8abb7202fef18ed669595589853e84260ff451?s=96&d=mm&r=g\",\"caption\":\"admin\"},\"sameAs\":[\"https:\/\/panoramaciudadano.com\"],\"url\":\"https:\/\/panoramaciudadano.com\/index.php\/author\/admin_3q6hyqq3\/\"}]}<\/script>\n<!-- \/ Yoast SEO plugin. -->","yoast_head_json":{"title":"ENTREGA MARA LEZAMA Y ANA PATY PERALTA T\u00cdTULOS DE PROPIEDAD DE VIVIENDAS DEL BIENESTAR - Panorama Ciudadano","robots":{"index":"index","follow":"follow","max-snippet":"max-snippet:-1","max-image-preview":"max-image-preview:large","max-video-preview":"max-video-preview:-1"},"canonical":"https:\/\/panoramaciudadano.com\/index.php\/2026\/02\/11\/entrega-mara-lezama-y-ana-paty-peralta-titulos-de-propiedad-de-viviendas-del-bienestar\/","og_locale":"es_ES","og_type":"article","og_title":"ENTREGA MARA LEZAMA Y ANA PATY PERALTA T\u00cdTULOS DE PROPIEDAD DE VIVIENDAS DEL BIENESTAR - Panorama Ciudadano","og_description":"\u2022 La Presidenta Municipal particip\u00f3 en el evento donde se otorgaron 80 casas m\u00e1s del Programa de Vivienda para el Bienestar, cuya meta en la entidad es de 62 mil hogares con el INFONAVIT.","og_url":"https:\/\/panoramaciudadano.com\/index.php\/2026\/02\/11\/entrega-mara-lezama-y-ana-paty-peralta-titulos-de-propiedad-de-viviendas-del-bienestar\/","og_site_name":"Panorama Ciudadano","article_publisher":"https:\/\/www.facebook.com\/panoramaciudadano","article_published_time":"2026-02-12T04:43:26+00:00","article_modified_time":"2026-02-12T04:43:30+00:00","og_image":[{"width":2560,"height":1706,"url":"https:\/\/panoramaciudadano.com\/wp-content\/uploads\/2026\/02\/WhatsApp-Image-2026-02-11-at-8.14.03-PM.jpeg","type":"image\/jpeg"}],"author":"admin","twitter_card":"summary_large_image","twitter_misc":{"Escrito por":"admin","Tiempo de lectura":"4 minutos"},"schema":{"@context":"https:\/\/schema.org","@graph":[{"@type":"Article","@id":"https:\/\/panoramaciudadano.com\/index.php\/2026\/02\/11\/entrega-mara-lezama-y-ana-paty-peralta-titulos-de-propiedad-de-viviendas-del-bienestar\/#article","isPartOf":{"@id":"https:\/\/panoramaciudadano.com\/index.php\/2026\/02\/11\/entrega-mara-lezama-y-ana-paty-peralta-titulos-de-propiedad-de-viviendas-del-bienestar\/"},"author":{"name":"admin","@id":"https:\/\/panoramaciudadano.com\/#\/schema\/person\/ffe9fe8ef47d3a93977b5761fd9e0d96"},"headline":"ENTREGA MARA LEZAMA Y ANA PATY PERALTA T\u00cdTULOS DE PROPIEDAD DE VIVIENDAS DEL BIENESTAR","datePublished":"2026-02-12T04:43:26+00:00","dateModified":"2026-02-12T04:43:30+00:00","mainEntityOfPage":{"@id":"https:\/\/panoramaciudadano.com\/index.php\/2026\/02\/11\/entrega-mara-lezama-y-ana-paty-peralta-titulos-de-propiedad-de-viviendas-del-bienestar\/"},"wordCount":500,"commentCount":0,"publisher":{"@id":"https:\/\/panoramaciudadano.com\/#organization"},"image":{"@id":"https:\/\/panoramaciudadano.com\/index.php\/2026\/02\/11\/entrega-mara-lezama-y-ana-paty-peralta-titulos-de-propiedad-de-viviendas-del-bienestar\/#primaryimage"},"thumbnailUrl":"https:\/\/panoramaciudadano.com\/wp-content\/uploads\/2026\/02\/WhatsApp-Image-2026-02-11-at-8.14.03-PM.jpeg","keywords":["Ana Paty Peralta","Mara Lezama"],"articleSection":["Canc\u00fan"],"inLanguage":"es","potentialAction":[{"@type":"CommentAction","name":"Comment","target":["https:\/\/panoramaciudadano.com\/index.php\/2026\/02\/11\/entrega-mara-lezama-y-ana-paty-peralta-titulos-de-propiedad-de-viviendas-del-bienestar\/#respond"]}]},{"@type":"WebPage","@id":"https:\/\/panoramaciudadano.com\/index.php\/2026\/02\/11\/entrega-mara-lezama-y-ana-paty-peralta-titulos-de-propiedad-de-viviendas-del-bienestar\/","url":"https:\/\/panoramaciudadano.com\/index.php\/2026\/02\/11\/entrega-mara-lezama-y-ana-paty-peralta-titulos-de-propiedad-de-viviendas-del-bienestar\/","name":"ENTREGA MARA LEZAMA Y ANA PATY PERALTA T\u00cdTULOS DE PROPIEDAD DE VIVIENDAS DEL BIENESTAR - Panorama Ciudadano","isPartOf":{"@id":"https:\/\/panoramaciudadano.com\/#website"},"primaryImageOfPage":{"@id":"https:\/\/panoramaciudadano.com\/index.php\/2026\/02\/11\/entrega-mara-lezama-y-ana-paty-peralta-titulos-de-propiedad-de-viviendas-del-bienestar\/#primaryimage"},"image":{"@id":"https:\/\/panoramaciudadano.com\/index.php\/2026\/02\/11\/entrega-mara-lezama-y-ana-paty-peralta-titulos-de-propiedad-de-viviendas-del-bienestar\/#primaryimage"},"thumbnailUrl":"https:\/\/panoramaciudadano.com\/wp-content\/uploads\/2026\/02\/WhatsApp-Image-2026-02-11-at-8.14.03-PM.jpeg","datePublished":"2026-02-12T04:43:26+00:00","dateModified":"2026-02-12T04:43:30+00:00","breadcrumb":{"@id":"https:\/\/panoramaciudadano.com\/index.php\/2026\/02\/11\/entrega-mara-lezama-y-ana-paty-peralta-titulos-de-propiedad-de-viviendas-del-bienestar\/#breadcrumb"},"inLanguage":"es","potentialAction":[{"@type":"ReadAction","target":["https:\/\/panoramaciudadano.com\/index.php\/2026\/02\/11\/entrega-mara-lezama-y-ana-paty-peralta-titulos-de-propiedad-de-viviendas-del-bienestar\/"]}]},{"@type":"ImageObject","inLanguage":"es","@id":"https:\/\/panoramaciudadano.com\/index.php\/2026\/02\/11\/entrega-mara-lezama-y-ana-paty-peralta-titulos-de-propiedad-de-viviendas-del-bienestar\/#primaryimage","url":"https:\/\/panoramaciudadano.com\/wp-content\/uploads\/2026\/02\/WhatsApp-Image-2026-02-11-at-8.14.03-PM.jpeg","contentUrl":"https:\/\/panoramaciudadano.com\/wp-content\/uploads\/2026\/02\/WhatsApp-Image-2026-02-11-at-8.14.03-PM.jpeg","width":2560,"height":1706},{"@type":"BreadcrumbList","@id":"https:\/\/panoramaciudadano.com\/index.php\/2026\/02\/11\/entrega-mara-lezama-y-ana-paty-peralta-titulos-de-propiedad-de-viviendas-del-bienestar\/#breadcrumb","itemListElement":[{"@type":"ListItem","position":1,"name":"Portada","item":"https:\/\/panoramaciudadano.com\/"},{"@type":"ListItem","position":2,"name":"ENTREGA MARA LEZAMA Y ANA PATY PERALTA T\u00cdTULOS DE PROPIEDAD DE VIVIENDAS DEL BIENESTAR"}]},{"@type":"WebSite","@id":"https:\/\/panoramaciudadano.com\/#website","url":"https:\/\/panoramaciudadano.com\/","name":"Panorama Ciudadano","description":"","publisher":{"@id":"https:\/\/panoramaciudadano.com\/#organization"},"potentialAction":[{"@type":"SearchAction","target":{"@type":"EntryPoint","urlTemplate":"https:\/\/panoramaciudadano.com\/?s={search_term_string}"},"query-input":{"@type":"PropertyValueSpecification","valueRequired":true,"valueName":"search_term_string"}}],"inLanguage":"es"},{"@type":"Organization","@id":"https:\/\/panoramaciudadano.com\/#organization","name":"Panorama Ciudadano","url":"https:\/\/panoramaciudadano.com\/","logo":{"@type":"ImageObject","inLanguage":"es","@id":"https:\/\/panoramaciudadano.com\/#\/schema\/logo\/image\/","url":"https:\/\/panoramaciudadano.com\/wp-content\/uploads\/2024\/05\/401498640_919267042938564_6290593609399108733_n.jpg","contentUrl":"https:\/\/panoramaciudadano.com\/wp-content\/uploads\/2024\/05\/401498640_919267042938564_6290593609399108733_n.jpg","width":960,"height":957,"caption":"Panorama Ciudadano"},"image":{"@id":"https:\/\/panoramaciudadano.com\/#\/schema\/logo\/image\/"},"sameAs":["https:\/\/www.facebook.com\/panoramaciudadano"]},{"@type":"Person","@id":"https:\/\/panoramaciudadano.com\/#\/schema\/person\/ffe9fe8ef47d3a93977b5761fd9e0d96","name":"admin","image":{"@type":"ImageObject","inLanguage":"es","@id":"https:\/\/panoramaciudadano.com\/#\/schema\/person\/image\/","url":"https:\/\/secure.gravatar.com\/avatar\/2d5a12cacce3f18096f25fadea8abb7202fef18ed669595589853e84260ff451?s=96&d=mm&r=g","contentUrl":"https:\/\/secure.gravatar.com\/avatar\/2d5a12cacce3f18096f25fadea8abb7202fef18ed669595589853e84260ff451?s=96&d=mm&r=g","caption":"admin"},"sameAs":["https:\/\/panoramaciudadano.com"],"url":"https:\/\/panoramaciudadano.com\/index.php\/author\/admin_3q6hyqq3\/"}]}},"_links":{"self":[{"href":"https:\/\/panoramaciudadano.com\/index.php\/wp-json\/wp\/v2\/posts\/30316","targetHints":{"allow":["GET"]}}],"collection":[{"href":"https:\/\/panoramaciudadano.com\/index.php\/wp-json\/wp\/v2\/posts"}],"about":[{"href":"https:\/\/panoramaciudadano.com\/index.php\/wp-json\/wp\/v2\/types\/post"}],"author":[{"embeddable":true,"href":"https:\/\/panoramaciudadano.com\/index.php\/wp-json\/wp\/v2\/users\/1"}],"replies":[{"embeddable":true,"href":"https:\/\/panoramaciudadano.com\/index.php\/wp-json\/wp\/v2\/comments?post=30316"}],"version-history":[{"count":1,"href":"https:\/\/panoramaciudadano.com\/index.php\/wp-json\/wp\/v2\/posts\/30316\/revisions"}],"predecessor-version":[{"id":30325,"href":"https:\/\/panoramaciudadano.com\/index.php\/wp-json\/wp\/v2\/posts\/30316\/revisions\/30325"}],"wp:featuredmedia":[{"embeddable":true,"href":"https:\/\/panoramaciudadano.com\/index.php\/wp-json\/wp\/v2\/media\/30318"}],"wp:attachment":[{"href":"https:\/\/panoramaciudadano.com\/index.php\/wp-json\/wp\/v2\/media?parent=30316"}],"wp:term":[{"taxonomy":"category","embeddable":true,"href":"https:\/\/panoramaciudadano.com\/index.php\/wp-json\/wp\/v2\/categories?post=30316"},{"taxonomy":"post_tag","embeddable":true,"href":"https:\/\/panoramaciudadano.com\/index.php\/wp-json\/wp\/v2\/tags?post=30316"}],"curies":[{"name":"wp","href":"https:\/\/api.w.org\/{rel}","templated":true}]}}