{"id":30363,"date":"2026-02-12T10:57:54","date_gmt":"2026-02-12T15:57:54","guid":{"rendered":"https:\/\/panoramaciudadano.com\/?p=30363"},"modified":"2026-02-12T10:57:56","modified_gmt":"2026-02-12T15:57:56","slug":"con-policia-cercana-y-vecinos-organizados-se-mejora-la-seguridad-en-cancun","status":"publish","type":"post","link":"https:\/\/panoramaciudadano.com\/index.php\/2026\/02\/12\/con-policia-cercana-y-vecinos-organizados-se-mejora-la-seguridad-en-cancun\/","title":{"rendered":"CON POLIC\u00cdA CERCANA Y VECINOS ORGANIZADOS SE MEJORA LA SEGURIDAD EN CANC\u00daN"},"content":{"rendered":"\n<figure class=\"wp-block-gallery has-nested-images columns-default is-cropped wp-block-gallery-1 is-layout-flex wp-block-gallery-is-layout-flex\">\n<figure class=\"wp-block-image size-large\"><img decoding=\"async\" width=\"1024\" height=\"665\" data-id=\"30367\" src=\"https:\/\/panoramaciudadano.com\/wp-content\/uploads\/2026\/02\/WhatsApp-Image-2026-02-12-at-9.23.12-AM-1024x665.jpeg\" alt=\"\" class=\"wp-image-30367\" srcset=\"https:\/\/panoramaciudadano.com\/wp-content\/uploads\/2026\/02\/WhatsApp-Image-2026-02-12-at-9.23.12-AM-1024x665.jpeg 1024w, https:\/\/panoramaciudadano.com\/wp-content\/uploads\/2026\/02\/WhatsApp-Image-2026-02-12-at-9.23.12-AM-300x195.jpeg 300w, https:\/\/panoramaciudadano.com\/wp-content\/uploads\/2026\/02\/WhatsApp-Image-2026-02-12-at-9.23.12-AM-768x499.jpeg 768w, https:\/\/panoramaciudadano.com\/wp-content\/uploads\/2026\/02\/WhatsApp-Image-2026-02-12-at-9.23.12-AM-1536x998.jpeg 1536w, https:\/\/panoramaciudadano.com\/wp-content\/uploads\/2026\/02\/WhatsApp-Image-2026-02-12-at-9.23.12-AM-2048x1330.jpeg 2048w\" sizes=\"(max-width: 1024px) 100vw, 1024px\" \/><\/figure>\n\n\n\n<figure class=\"wp-block-image size-large\"><img decoding=\"async\" width=\"1024\" height=\"686\" data-id=\"30364\" src=\"https:\/\/panoramaciudadano.com\/wp-content\/uploads\/2026\/02\/WhatsApp-Image-2026-02-12-at-9.23.13-AM-1-1024x686.jpeg\" alt=\"\" class=\"wp-image-30364\" srcset=\"https:\/\/panoramaciudadano.com\/wp-content\/uploads\/2026\/02\/WhatsApp-Image-2026-02-12-at-9.23.13-AM-1-1024x686.jpeg 1024w, https:\/\/panoramaciudadano.com\/wp-content\/uploads\/2026\/02\/WhatsApp-Image-2026-02-12-at-9.23.13-AM-1-300x201.jpeg 300w, https:\/\/panoramaciudadano.com\/wp-content\/uploads\/2026\/02\/WhatsApp-Image-2026-02-12-at-9.23.13-AM-1-768x515.jpeg 768w, https:\/\/panoramaciudadano.com\/wp-content\/uploads\/2026\/02\/WhatsApp-Image-2026-02-12-at-9.23.13-AM-1-1536x1029.jpeg 1536w, https:\/\/panoramaciudadano.com\/wp-content\/uploads\/2026\/02\/WhatsApp-Image-2026-02-12-at-9.23.13-AM-1-2048x1372.jpeg 2048w\" sizes=\"(max-width: 1024px) 100vw, 1024px\" \/><\/figure>\n\n\n\n<figure class=\"wp-block-image size-large\"><img decoding=\"async\" width=\"1024\" height=\"728\" data-id=\"30368\" src=\"https:\/\/panoramaciudadano.com\/wp-content\/uploads\/2026\/02\/WhatsApp-Image-2026-02-12-at-9.23.13-AM-2-1024x728.jpeg\" alt=\"\" class=\"wp-image-30368\" srcset=\"https:\/\/panoramaciudadano.com\/wp-content\/uploads\/2026\/02\/WhatsApp-Image-2026-02-12-at-9.23.13-AM-2-1024x728.jpeg 1024w, https:\/\/panoramaciudadano.com\/wp-content\/uploads\/2026\/02\/WhatsApp-Image-2026-02-12-at-9.23.13-AM-2-300x213.jpeg 300w, https:\/\/panoramaciudadano.com\/wp-content\/uploads\/2026\/02\/WhatsApp-Image-2026-02-12-at-9.23.13-AM-2-768x546.jpeg 768w, https:\/\/panoramaciudadano.com\/wp-content\/uploads\/2026\/02\/WhatsApp-Image-2026-02-12-at-9.23.13-AM-2-1536x1092.jpeg 1536w, https:\/\/panoramaciudadano.com\/wp-content\/uploads\/2026\/02\/WhatsApp-Image-2026-02-12-at-9.23.13-AM-2-2048x1456.jpeg 2048w\" sizes=\"(max-width: 1024px) 100vw, 1024px\" \/><\/figure>\n\n\n\n<figure class=\"wp-block-image size-large\"><img decoding=\"async\" width=\"1024\" height=\"664\" data-id=\"30365\" src=\"https:\/\/panoramaciudadano.com\/wp-content\/uploads\/2026\/02\/WhatsApp-Image-2026-02-12-at-9.23.13-AM-3-1024x664.jpeg\" alt=\"\" class=\"wp-image-30365\" srcset=\"https:\/\/panoramaciudadano.com\/wp-content\/uploads\/2026\/02\/WhatsApp-Image-2026-02-12-at-9.23.13-AM-3-1024x664.jpeg 1024w, https:\/\/panoramaciudadano.com\/wp-content\/uploads\/2026\/02\/WhatsApp-Image-2026-02-12-at-9.23.13-AM-3-300x195.jpeg 300w, https:\/\/panoramaciudadano.com\/wp-content\/uploads\/2026\/02\/WhatsApp-Image-2026-02-12-at-9.23.13-AM-3-768x498.jpeg 768w, https:\/\/panoramaciudadano.com\/wp-content\/uploads\/2026\/02\/WhatsApp-Image-2026-02-12-at-9.23.13-AM-3-1536x996.jpeg 1536w, https:\/\/panoramaciudadano.com\/wp-content\/uploads\/2026\/02\/WhatsApp-Image-2026-02-12-at-9.23.13-AM-3-2048x1328.jpeg 2048w\" sizes=\"(max-width: 1024px) 100vw, 1024px\" \/><\/figure>\n\n\n\n<figure class=\"wp-block-image size-large\"><img decoding=\"async\" width=\"1024\" height=\"805\" data-id=\"30366\" src=\"https:\/\/panoramaciudadano.com\/wp-content\/uploads\/2026\/02\/WhatsApp-Image-2026-02-12-at-9.23.13-AM-1024x805.jpeg\" alt=\"\" class=\"wp-image-30366\" srcset=\"https:\/\/panoramaciudadano.com\/wp-content\/uploads\/2026\/02\/WhatsApp-Image-2026-02-12-at-9.23.13-AM-1024x805.jpeg 1024w, https:\/\/panoramaciudadano.com\/wp-content\/uploads\/2026\/02\/WhatsApp-Image-2026-02-12-at-9.23.13-AM-300x236.jpeg 300w, https:\/\/panoramaciudadano.com\/wp-content\/uploads\/2026\/02\/WhatsApp-Image-2026-02-12-at-9.23.13-AM-768x604.jpeg 768w, https:\/\/panoramaciudadano.com\/wp-content\/uploads\/2026\/02\/WhatsApp-Image-2026-02-12-at-9.23.13-AM-1536x1208.jpeg 1536w, https:\/\/panoramaciudadano.com\/wp-content\/uploads\/2026\/02\/WhatsApp-Image-2026-02-12-at-9.23.13-AM-2048x1610.jpeg 2048w\" sizes=\"(max-width: 1024px) 100vw, 1024px\" \/><\/figure>\n<\/figure>\n\n\n\n<p>Para atender los problemas sociales que pueden generar violencia, fortalecer la uni\u00f3n entre vecinos y construir la Paz, el secretario general del Ayuntamiento de Benito Ju\u00e1rez, Pablo Guti\u00e9rrez Fern\u00e1ndez, en representaci\u00f3n de la Presidenta Municipal, Ana Paty Peralta, encabez\u00f3 la instalaci\u00f3n de un nuevo Comit\u00e9 de Paz en la Supermanzana 260, sumando un total de 23.<\/p>\n\n\n\n<p>En su estancia en el Fraccionamiento Rinc\u00f3n del Prado, resalt\u00f3 el trabajo de la Alcaldesa, se\u00f1alando que este gobierno se caracteriza por estar cerca de la gente y atender las necesidades directamente.<\/p>\n\n\n\n<p>\u201cEstamos aqu\u00ed porque entendemos que la seguridad no se construye solo con patrullas, se construye escuchando, organiz\u00e1ndonos y atendiendo los problemas desde su origen\u201d, coment\u00f3.<\/p>\n\n\n\n<p>Por \u00faltimo, explic\u00f3 los tres compromisos comunitarios: \u201cCuidamos y alertamos\u201d, \u201csomos red\u201d y \u201cdamos el ejemplo\u201d, los cuales permitir\u00e1n identificar oportunamente los desaf\u00edos de la colonia, atender las causas de fondo y no solo sus consecuencias, as\u00ed como fortalecer la rendici\u00f3n de cuentas y la transparencia en la actuaci\u00f3n de las autoridades.<\/p>\n\n\n\n<p>Durante esta jornada se presentaron los elementos policiales de la zona, as\u00ed como al director general del Instituto de la Cultura F\u00edsica y Deporte, Alejandro Luna L\u00f3pez, quien ser\u00e1 el enlace institucional y dar\u00e1 seguimiento a los acuerdos del comit\u00e9. Adem\u00e1s, las vecinas y vecinos firmaron el documento que formaliza el grupo de paz, y se concluy\u00f3 con un di\u00e1logo abierto.<\/p>\n\n\n\n<p>Es importante mencionar que este mi\u00e9rcoles tambi\u00e9n se instal\u00f3 un comit\u00e9 en la Supermanzana 256, con lo que ya suman 23 de los m\u00e1s de 600 que se tienen contemplados para conformarse en el municipio.<\/p>\n\n\n\n<hr class=\"wp-block-separator has-alpha-channel-opacity\"\/>\n","protected":false},"excerpt":{"rendered":"<p>Para atender los problemas sociales que pueden generar violencia, fortalecer la uni\u00f3n entre vecinos y construir la Paz, el secretario general del Ayuntamiento de Benito Ju\u00e1rez, Pablo Guti\u00e9rrez Fern\u00e1ndez, en representaci\u00f3n de la Presidenta Municipal, Ana Paty Peralta, encabez\u00f3 la instalaci\u00f3n de un nuevo Comit\u00e9 de Paz en la Supermanzana 260, sumando un total de 23.<\/p>\n","protected":false},"author":1,"featured_media":30366,"comment_status":"open","ping_status":"closed","sticky":false,"template":"","format":"standard","meta":{"footnotes":""},"categories":[6],"tags":[2901],"class_list":["post-30363","post","type-post","status-publish","format-standard","has-post-thumbnail","hentry","category-cancun","tag-pablo-gutierrez-2"],"yoast_head":"<!-- This site is optimized with the Yoast SEO plugin v27.1.1 - https:\/\/yoast.com\/product\/yoast-seo-wordpress\/ -->\n<title>CON POLIC\u00cdA CERCANA Y VECINOS ORGANIZADOS SE MEJORA LA SEGURIDAD EN CANC\u00daN - Panorama Ciudadano<\/title>\n<meta name=\"robots\" content=\"index, follow, max-snippet:-1, max-image-preview:large, max-video-preview:-1\" \/>\n<link rel=\"canonical\" href=\"https:\/\/panoramaciudadano.com\/index.php\/2026\/02\/12\/con-policia-cercana-y-vecinos-organizados-se-mejora-la-seguridad-en-cancun\/\" \/>\n<meta property=\"og:locale\" content=\"es_ES\" \/>\n<meta property=\"og:type\" content=\"article\" \/>\n<meta property=\"og:title\" content=\"CON POLIC\u00cdA CERCANA Y VECINOS ORGANIZADOS SE MEJORA LA SEGURIDAD EN CANC\u00daN - Panorama Ciudadano\" \/>\n<meta property=\"og:description\" content=\"Para atender los problemas sociales que pueden generar violencia, fortalecer la uni\u00f3n entre vecinos y construir la Paz, el secretario general del Ayuntamiento de Benito Ju\u00e1rez, Pablo Guti\u00e9rrez Fern\u00e1ndez, en representaci\u00f3n de la Presidenta Municipal, Ana Paty Peralta, encabez\u00f3 la instalaci\u00f3n de un nuevo Comit\u00e9 de Paz en la Supermanzana 260, sumando un total de 23.\" \/>\n<meta property=\"og:url\" content=\"https:\/\/panoramaciudadano.com\/index.php\/2026\/02\/12\/con-policia-cercana-y-vecinos-organizados-se-mejora-la-seguridad-en-cancun\/\" \/>\n<meta property=\"og:site_name\" content=\"Panorama Ciudadano\" \/>\n<meta property=\"article:publisher\" content=\"https:\/\/www.facebook.com\/panoramaciudadano\" \/>\n<meta property=\"article:published_time\" content=\"2026-02-12T15:57:54+00:00\" \/>\n<meta property=\"article:modified_time\" content=\"2026-02-12T15:57:56+00:00\" \/>\n<meta property=\"og:image\" content=\"https:\/\/panoramaciudadano.com\/wp-content\/uploads\/2026\/02\/WhatsApp-Image-2026-02-12-at-9.23.13-AM.jpeg\" \/>\n\t<meta property=\"og:image:width\" content=\"2560\" \/>\n\t<meta property=\"og:image:height\" content=\"2013\" \/>\n\t<meta property=\"og:image:type\" content=\"image\/jpeg\" \/>\n<meta name=\"author\" content=\"admin\" \/>\n<meta name=\"twitter:card\" content=\"summary_large_image\" \/>\n<meta name=\"twitter:label1\" content=\"Escrito por\" \/>\n\t<meta name=\"twitter:data1\" content=\"admin\" \/>\n\t<meta name=\"twitter:label2\" content=\"Tiempo de lectura\" \/>\n\t<meta name=\"twitter:data2\" content=\"3 minutos\" \/>\n<script type=\"application\/ld+json\" class=\"yoast-schema-graph\">{\"@context\":\"https:\/\/schema.org\",\"@graph\":[{\"@type\":\"Article\",\"@id\":\"https:\/\/panoramaciudadano.com\/index.php\/2026\/02\/12\/con-policia-cercana-y-vecinos-organizados-se-mejora-la-seguridad-en-cancun\/#article\",\"isPartOf\":{\"@id\":\"https:\/\/panoramaciudadano.com\/index.php\/2026\/02\/12\/con-policia-cercana-y-vecinos-organizados-se-mejora-la-seguridad-en-cancun\/\"},\"author\":{\"name\":\"admin\",\"@id\":\"https:\/\/panoramaciudadano.com\/#\/schema\/person\/ffe9fe8ef47d3a93977b5761fd9e0d96\"},\"headline\":\"CON POLIC\u00cdA CERCANA Y VECINOS ORGANIZADOS SE MEJORA LA SEGURIDAD EN CANC\u00daN\",\"datePublished\":\"2026-02-12T15:57:54+00:00\",\"dateModified\":\"2026-02-12T15:57:56+00:00\",\"mainEntityOfPage\":{\"@id\":\"https:\/\/panoramaciudadano.com\/index.php\/2026\/02\/12\/con-policia-cercana-y-vecinos-organizados-se-mejora-la-seguridad-en-cancun\/\"},\"wordCount\":290,\"commentCount\":0,\"publisher\":{\"@id\":\"https:\/\/panoramaciudadano.com\/#organization\"},\"image\":{\"@id\":\"https:\/\/panoramaciudadano.com\/index.php\/2026\/02\/12\/con-policia-cercana-y-vecinos-organizados-se-mejora-la-seguridad-en-cancun\/#primaryimage\"},\"thumbnailUrl\":\"https:\/\/panoramaciudadano.com\/wp-content\/uploads\/2026\/02\/WhatsApp-Image-2026-02-12-at-9.23.13-AM.jpeg\",\"keywords\":[\"Pablo Guti\u00e9rrez\"],\"articleSection\":[\"Canc\u00fan\"],\"inLanguage\":\"es\",\"potentialAction\":[{\"@type\":\"CommentAction\",\"name\":\"Comment\",\"target\":[\"https:\/\/panoramaciudadano.com\/index.php\/2026\/02\/12\/con-policia-cercana-y-vecinos-organizados-se-mejora-la-seguridad-en-cancun\/#respond\"]}]},{\"@type\":\"WebPage\",\"@id\":\"https:\/\/panoramaciudadano.com\/index.php\/2026\/02\/12\/con-policia-cercana-y-vecinos-organizados-se-mejora-la-seguridad-en-cancun\/\",\"url\":\"https:\/\/panoramaciudadano.com\/index.php\/2026\/02\/12\/con-policia-cercana-y-vecinos-organizados-se-mejora-la-seguridad-en-cancun\/\",\"name\":\"CON POLIC\u00cdA CERCANA Y VECINOS ORGANIZADOS SE MEJORA LA SEGURIDAD EN CANC\u00daN - Panorama Ciudadano\",\"isPartOf\":{\"@id\":\"https:\/\/panoramaciudadano.com\/#website\"},\"primaryImageOfPage\":{\"@id\":\"https:\/\/panoramaciudadano.com\/index.php\/2026\/02\/12\/con-policia-cercana-y-vecinos-organizados-se-mejora-la-seguridad-en-cancun\/#primaryimage\"},\"image\":{\"@id\":\"https:\/\/panoramaciudadano.com\/index.php\/2026\/02\/12\/con-policia-cercana-y-vecinos-organizados-se-mejora-la-seguridad-en-cancun\/#primaryimage\"},\"thumbnailUrl\":\"https:\/\/panoramaciudadano.com\/wp-content\/uploads\/2026\/02\/WhatsApp-Image-2026-02-12-at-9.23.13-AM.jpeg\",\"datePublished\":\"2026-02-12T15:57:54+00:00\",\"dateModified\":\"2026-02-12T15:57:56+00:00\",\"breadcrumb\":{\"@id\":\"https:\/\/panoramaciudadano.com\/index.php\/2026\/02\/12\/con-policia-cercana-y-vecinos-organizados-se-mejora-la-seguridad-en-cancun\/#breadcrumb\"},\"inLanguage\":\"es\",\"potentialAction\":[{\"@type\":\"ReadAction\",\"target\":[\"https:\/\/panoramaciudadano.com\/index.php\/2026\/02\/12\/con-policia-cercana-y-vecinos-organizados-se-mejora-la-seguridad-en-cancun\/\"]}]},{\"@type\":\"ImageObject\",\"inLanguage\":\"es\",\"@id\":\"https:\/\/panoramaciudadano.com\/index.php\/2026\/02\/12\/con-policia-cercana-y-vecinos-organizados-se-mejora-la-seguridad-en-cancun\/#primaryimage\",\"url\":\"https:\/\/panoramaciudadano.com\/wp-content\/uploads\/2026\/02\/WhatsApp-Image-2026-02-12-at-9.23.13-AM.jpeg\",\"contentUrl\":\"https:\/\/panoramaciudadano.com\/wp-content\/uploads\/2026\/02\/WhatsApp-Image-2026-02-12-at-9.23.13-AM.jpeg\",\"width\":2560,\"height\":2013},{\"@type\":\"BreadcrumbList\",\"@id\":\"https:\/\/panoramaciudadano.com\/index.php\/2026\/02\/12\/con-policia-cercana-y-vecinos-organizados-se-mejora-la-seguridad-en-cancun\/#breadcrumb\",\"itemListElement\":[{\"@type\":\"ListItem\",\"position\":1,\"name\":\"Portada\",\"item\":\"https:\/\/panoramaciudadano.com\/\"},{\"@type\":\"ListItem\",\"position\":2,\"name\":\"CON POLIC\u00cdA CERCANA Y VECINOS ORGANIZADOS SE MEJORA LA SEGURIDAD EN CANC\u00daN\"}]},{\"@type\":\"WebSite\",\"@id\":\"https:\/\/panoramaciudadano.com\/#website\",\"url\":\"https:\/\/panoramaciudadano.com\/\",\"name\":\"Panorama Ciudadano\",\"description\":\"\",\"publisher\":{\"@id\":\"https:\/\/panoramaciudadano.com\/#organization\"},\"potentialAction\":[{\"@type\":\"SearchAction\",\"target\":{\"@type\":\"EntryPoint\",\"urlTemplate\":\"https:\/\/panoramaciudadano.com\/?s={search_term_string}\"},\"query-input\":{\"@type\":\"PropertyValueSpecification\",\"valueRequired\":true,\"valueName\":\"search_term_string\"}}],\"inLanguage\":\"es\"},{\"@type\":\"Organization\",\"@id\":\"https:\/\/panoramaciudadano.com\/#organization\",\"name\":\"Panorama Ciudadano\",\"url\":\"https:\/\/panoramaciudadano.com\/\",\"logo\":{\"@type\":\"ImageObject\",\"inLanguage\":\"es\",\"@id\":\"https:\/\/panoramaciudadano.com\/#\/schema\/logo\/image\/\",\"url\":\"https:\/\/panoramaciudadano.com\/wp-content\/uploads\/2024\/05\/401498640_919267042938564_6290593609399108733_n.jpg\",\"contentUrl\":\"https:\/\/panoramaciudadano.com\/wp-content\/uploads\/2024\/05\/401498640_919267042938564_6290593609399108733_n.jpg\",\"width\":960,\"height\":957,\"caption\":\"Panorama Ciudadano\"},\"image\":{\"@id\":\"https:\/\/panoramaciudadano.com\/#\/schema\/logo\/image\/\"},\"sameAs\":[\"https:\/\/www.facebook.com\/panoramaciudadano\"]},{\"@type\":\"Person\",\"@id\":\"https:\/\/panoramaciudadano.com\/#\/schema\/person\/ffe9fe8ef47d3a93977b5761fd9e0d96\",\"name\":\"admin\",\"image\":{\"@type\":\"ImageObject\",\"inLanguage\":\"es\",\"@id\":\"https:\/\/panoramaciudadano.com\/#\/schema\/person\/image\/\",\"url\":\"https:\/\/secure.gravatar.com\/avatar\/2d5a12cacce3f18096f25fadea8abb7202fef18ed669595589853e84260ff451?s=96&d=mm&r=g\",\"contentUrl\":\"https:\/\/secure.gravatar.com\/avatar\/2d5a12cacce3f18096f25fadea8abb7202fef18ed669595589853e84260ff451?s=96&d=mm&r=g\",\"caption\":\"admin\"},\"sameAs\":[\"https:\/\/panoramaciudadano.com\"],\"url\":\"https:\/\/panoramaciudadano.com\/index.php\/author\/admin_3q6hyqq3\/\"}]}<\/script>\n<!-- \/ Yoast SEO plugin. -->","yoast_head_json":{"title":"CON POLIC\u00cdA CERCANA Y VECINOS ORGANIZADOS SE MEJORA LA SEGURIDAD EN CANC\u00daN - Panorama Ciudadano","robots":{"index":"index","follow":"follow","max-snippet":"max-snippet:-1","max-image-preview":"max-image-preview:large","max-video-preview":"max-video-preview:-1"},"canonical":"https:\/\/panoramaciudadano.com\/index.php\/2026\/02\/12\/con-policia-cercana-y-vecinos-organizados-se-mejora-la-seguridad-en-cancun\/","og_locale":"es_ES","og_type":"article","og_title":"CON POLIC\u00cdA CERCANA Y VECINOS ORGANIZADOS SE MEJORA LA SEGURIDAD EN CANC\u00daN - Panorama Ciudadano","og_description":"Para atender los problemas sociales que pueden generar violencia, fortalecer la uni\u00f3n entre vecinos y construir la Paz, el secretario general del Ayuntamiento de Benito Ju\u00e1rez, Pablo Guti\u00e9rrez Fern\u00e1ndez, en representaci\u00f3n de la Presidenta Municipal, Ana Paty Peralta, encabez\u00f3 la instalaci\u00f3n de un nuevo Comit\u00e9 de Paz en la Supermanzana 260, sumando un total de 23.","og_url":"https:\/\/panoramaciudadano.com\/index.php\/2026\/02\/12\/con-policia-cercana-y-vecinos-organizados-se-mejora-la-seguridad-en-cancun\/","og_site_name":"Panorama Ciudadano","article_publisher":"https:\/\/www.facebook.com\/panoramaciudadano","article_published_time":"2026-02-12T15:57:54+00:00","article_modified_time":"2026-02-12T15:57:56+00:00","og_image":[{"width":2560,"height":2013,"url":"https:\/\/panoramaciudadano.com\/wp-content\/uploads\/2026\/02\/WhatsApp-Image-2026-02-12-at-9.23.13-AM.jpeg","type":"image\/jpeg"}],"author":"admin","twitter_card":"summary_large_image","twitter_misc":{"Escrito por":"admin","Tiempo de lectura":"3 minutos"},"schema":{"@context":"https:\/\/schema.org","@graph":[{"@type":"Article","@id":"https:\/\/panoramaciudadano.com\/index.php\/2026\/02\/12\/con-policia-cercana-y-vecinos-organizados-se-mejora-la-seguridad-en-cancun\/#article","isPartOf":{"@id":"https:\/\/panoramaciudadano.com\/index.php\/2026\/02\/12\/con-policia-cercana-y-vecinos-organizados-se-mejora-la-seguridad-en-cancun\/"},"author":{"name":"admin","@id":"https:\/\/panoramaciudadano.com\/#\/schema\/person\/ffe9fe8ef47d3a93977b5761fd9e0d96"},"headline":"CON POLIC\u00cdA CERCANA Y VECINOS ORGANIZADOS SE MEJORA LA SEGURIDAD EN CANC\u00daN","datePublished":"2026-02-12T15:57:54+00:00","dateModified":"2026-02-12T15:57:56+00:00","mainEntityOfPage":{"@id":"https:\/\/panoramaciudadano.com\/index.php\/2026\/02\/12\/con-policia-cercana-y-vecinos-organizados-se-mejora-la-seguridad-en-cancun\/"},"wordCount":290,"commentCount":0,"publisher":{"@id":"https:\/\/panoramaciudadano.com\/#organization"},"image":{"@id":"https:\/\/panoramaciudadano.com\/index.php\/2026\/02\/12\/con-policia-cercana-y-vecinos-organizados-se-mejora-la-seguridad-en-cancun\/#primaryimage"},"thumbnailUrl":"https:\/\/panoramaciudadano.com\/wp-content\/uploads\/2026\/02\/WhatsApp-Image-2026-02-12-at-9.23.13-AM.jpeg","keywords":["Pablo Guti\u00e9rrez"],"articleSection":["Canc\u00fan"],"inLanguage":"es","potentialAction":[{"@type":"CommentAction","name":"Comment","target":["https:\/\/panoramaciudadano.com\/index.php\/2026\/02\/12\/con-policia-cercana-y-vecinos-organizados-se-mejora-la-seguridad-en-cancun\/#respond"]}]},{"@type":"WebPage","@id":"https:\/\/panoramaciudadano.com\/index.php\/2026\/02\/12\/con-policia-cercana-y-vecinos-organizados-se-mejora-la-seguridad-en-cancun\/","url":"https:\/\/panoramaciudadano.com\/index.php\/2026\/02\/12\/con-policia-cercana-y-vecinos-organizados-se-mejora-la-seguridad-en-cancun\/","name":"CON POLIC\u00cdA CERCANA Y VECINOS ORGANIZADOS SE MEJORA LA SEGURIDAD EN CANC\u00daN - Panorama Ciudadano","isPartOf":{"@id":"https:\/\/panoramaciudadano.com\/#website"},"primaryImageOfPage":{"@id":"https:\/\/panoramaciudadano.com\/index.php\/2026\/02\/12\/con-policia-cercana-y-vecinos-organizados-se-mejora-la-seguridad-en-cancun\/#primaryimage"},"image":{"@id":"https:\/\/panoramaciudadano.com\/index.php\/2026\/02\/12\/con-policia-cercana-y-vecinos-organizados-se-mejora-la-seguridad-en-cancun\/#primaryimage"},"thumbnailUrl":"https:\/\/panoramaciudadano.com\/wp-content\/uploads\/2026\/02\/WhatsApp-Image-2026-02-12-at-9.23.13-AM.jpeg","datePublished":"2026-02-12T15:57:54+00:00","dateModified":"2026-02-12T15:57:56+00:00","breadcrumb":{"@id":"https:\/\/panoramaciudadano.com\/index.php\/2026\/02\/12\/con-policia-cercana-y-vecinos-organizados-se-mejora-la-seguridad-en-cancun\/#breadcrumb"},"inLanguage":"es","potentialAction":[{"@type":"ReadAction","target":["https:\/\/panoramaciudadano.com\/index.php\/2026\/02\/12\/con-policia-cercana-y-vecinos-organizados-se-mejora-la-seguridad-en-cancun\/"]}]},{"@type":"ImageObject","inLanguage":"es","@id":"https:\/\/panoramaciudadano.com\/index.php\/2026\/02\/12\/con-policia-cercana-y-vecinos-organizados-se-mejora-la-seguridad-en-cancun\/#primaryimage","url":"https:\/\/panoramaciudadano.com\/wp-content\/uploads\/2026\/02\/WhatsApp-Image-2026-02-12-at-9.23.13-AM.jpeg","contentUrl":"https:\/\/panoramaciudadano.com\/wp-content\/uploads\/2026\/02\/WhatsApp-Image-2026-02-12-at-9.23.13-AM.jpeg","width":2560,"height":2013},{"@type":"BreadcrumbList","@id":"https:\/\/panoramaciudadano.com\/index.php\/2026\/02\/12\/con-policia-cercana-y-vecinos-organizados-se-mejora-la-seguridad-en-cancun\/#breadcrumb","itemListElement":[{"@type":"ListItem","position":1,"name":"Portada","item":"https:\/\/panoramaciudadano.com\/"},{"@type":"ListItem","position":2,"name":"CON POLIC\u00cdA CERCANA Y VECINOS ORGANIZADOS SE MEJORA LA SEGURIDAD EN CANC\u00daN"}]},{"@type":"WebSite","@id":"https:\/\/panoramaciudadano.com\/#website","url":"https:\/\/panoramaciudadano.com\/","name":"Panorama Ciudadano","description":"","publisher":{"@id":"https:\/\/panoramaciudadano.com\/#organization"},"potentialAction":[{"@type":"SearchAction","target":{"@type":"EntryPoint","urlTemplate":"https:\/\/panoramaciudadano.com\/?s={search_term_string}"},"query-input":{"@type":"PropertyValueSpecification","valueRequired":true,"valueName":"search_term_string"}}],"inLanguage":"es"},{"@type":"Organization","@id":"https:\/\/panoramaciudadano.com\/#organization","name":"Panorama Ciudadano","url":"https:\/\/panoramaciudadano.com\/","logo":{"@type":"ImageObject","inLanguage":"es","@id":"https:\/\/panoramaciudadano.com\/#\/schema\/logo\/image\/","url":"https:\/\/panoramaciudadano.com\/wp-content\/uploads\/2024\/05\/401498640_919267042938564_6290593609399108733_n.jpg","contentUrl":"https:\/\/panoramaciudadano.com\/wp-content\/uploads\/2024\/05\/401498640_919267042938564_6290593609399108733_n.jpg","width":960,"height":957,"caption":"Panorama Ciudadano"},"image":{"@id":"https:\/\/panoramaciudadano.com\/#\/schema\/logo\/image\/"},"sameAs":["https:\/\/www.facebook.com\/panoramaciudadano"]},{"@type":"Person","@id":"https:\/\/panoramaciudadano.com\/#\/schema\/person\/ffe9fe8ef47d3a93977b5761fd9e0d96","name":"admin","image":{"@type":"ImageObject","inLanguage":"es","@id":"https:\/\/panoramaciudadano.com\/#\/schema\/person\/image\/","url":"https:\/\/secure.gravatar.com\/avatar\/2d5a12cacce3f18096f25fadea8abb7202fef18ed669595589853e84260ff451?s=96&d=mm&r=g","contentUrl":"https:\/\/secure.gravatar.com\/avatar\/2d5a12cacce3f18096f25fadea8abb7202fef18ed669595589853e84260ff451?s=96&d=mm&r=g","caption":"admin"},"sameAs":["https:\/\/panoramaciudadano.com"],"url":"https:\/\/panoramaciudadano.com\/index.php\/author\/admin_3q6hyqq3\/"}]}},"_links":{"self":[{"href":"https:\/\/panoramaciudadano.com\/index.php\/wp-json\/wp\/v2\/posts\/30363","targetHints":{"allow":["GET"]}}],"collection":[{"href":"https:\/\/panoramaciudadano.com\/index.php\/wp-json\/wp\/v2\/posts"}],"about":[{"href":"https:\/\/panoramaciudadano.com\/index.php\/wp-json\/wp\/v2\/types\/post"}],"author":[{"embeddable":true,"href":"https:\/\/panoramaciudadano.com\/index.php\/wp-json\/wp\/v2\/users\/1"}],"replies":[{"embeddable":true,"href":"https:\/\/panoramaciudadano.com\/index.php\/wp-json\/wp\/v2\/comments?post=30363"}],"version-history":[{"count":1,"href":"https:\/\/panoramaciudadano.com\/index.php\/wp-json\/wp\/v2\/posts\/30363\/revisions"}],"predecessor-version":[{"id":30369,"href":"https:\/\/panoramaciudadano.com\/index.php\/wp-json\/wp\/v2\/posts\/30363\/revisions\/30369"}],"wp:featuredmedia":[{"embeddable":true,"href":"https:\/\/panoramaciudadano.com\/index.php\/wp-json\/wp\/v2\/media\/30366"}],"wp:attachment":[{"href":"https:\/\/panoramaciudadano.com\/index.php\/wp-json\/wp\/v2\/media?parent=30363"}],"wp:term":[{"taxonomy":"category","embeddable":true,"href":"https:\/\/panoramaciudadano.com\/index.php\/wp-json\/wp\/v2\/categories?post=30363"},{"taxonomy":"post_tag","embeddable":true,"href":"https:\/\/panoramaciudadano.com\/index.php\/wp-json\/wp\/v2\/tags?post=30363"}],"curies":[{"name":"wp","href":"https:\/\/api.w.org\/{rel}","templated":true}]}}