{"id":30384,"date":"2026-02-12T23:15:22","date_gmt":"2026-02-13T04:15:22","guid":{"rendered":"https:\/\/panoramaciudadano.com\/?p=30384"},"modified":"2026-02-12T23:15:26","modified_gmt":"2026-02-13T04:15:26","slug":"ana-paty-peralta-y-mara-lezama-acompanan-a-357-parejas-en-bodas-colectivas-2026","status":"publish","type":"post","link":"https:\/\/panoramaciudadano.com\/index.php\/2026\/02\/12\/ana-paty-peralta-y-mara-lezama-acompanan-a-357-parejas-en-bodas-colectivas-2026\/","title":{"rendered":"ANA PATY PERALTA Y MARA LEZAMA ACOMPA\u00d1AN A 357 PAREJAS EN BODAS COLECTIVAS 2026"},"content":{"rendered":"\n<figure class=\"wp-block-gallery has-nested-images columns-default is-cropped wp-block-gallery-1 is-layout-flex wp-block-gallery-is-layout-flex\">\n<figure class=\"wp-block-image size-large\"><img decoding=\"async\" width=\"1024\" height=\"665\" data-id=\"30386\" src=\"https:\/\/panoramaciudadano.com\/wp-content\/uploads\/2026\/02\/WhatsApp-Image-2026-02-12-at-8.37.58-PM-1024x665.jpeg\" alt=\"\" class=\"wp-image-30386\" srcset=\"https:\/\/panoramaciudadano.com\/wp-content\/uploads\/2026\/02\/WhatsApp-Image-2026-02-12-at-8.37.58-PM-1024x665.jpeg 1024w, https:\/\/panoramaciudadano.com\/wp-content\/uploads\/2026\/02\/WhatsApp-Image-2026-02-12-at-8.37.58-PM-300x195.jpeg 300w, https:\/\/panoramaciudadano.com\/wp-content\/uploads\/2026\/02\/WhatsApp-Image-2026-02-12-at-8.37.58-PM-768x499.jpeg 768w, https:\/\/panoramaciudadano.com\/wp-content\/uploads\/2026\/02\/WhatsApp-Image-2026-02-12-at-8.37.58-PM-1536x997.jpeg 1536w, https:\/\/panoramaciudadano.com\/wp-content\/uploads\/2026\/02\/WhatsApp-Image-2026-02-12-at-8.37.58-PM-2048x1330.jpeg 2048w\" sizes=\"(max-width: 1024px) 100vw, 1024px\" \/><\/figure>\n\n\n\n<figure class=\"wp-block-image size-large\"><img decoding=\"async\" width=\"1024\" height=\"672\" data-id=\"30389\" src=\"https:\/\/panoramaciudadano.com\/wp-content\/uploads\/2026\/02\/WhatsApp-Image-2026-02-12-at-8.37.59-PM-1-1024x672.jpeg\" alt=\"\" class=\"wp-image-30389\" srcset=\"https:\/\/panoramaciudadano.com\/wp-content\/uploads\/2026\/02\/WhatsApp-Image-2026-02-12-at-8.37.59-PM-1-1024x672.jpeg 1024w, https:\/\/panoramaciudadano.com\/wp-content\/uploads\/2026\/02\/WhatsApp-Image-2026-02-12-at-8.37.59-PM-1-300x197.jpeg 300w, https:\/\/panoramaciudadano.com\/wp-content\/uploads\/2026\/02\/WhatsApp-Image-2026-02-12-at-8.37.59-PM-1-768x504.jpeg 768w, https:\/\/panoramaciudadano.com\/wp-content\/uploads\/2026\/02\/WhatsApp-Image-2026-02-12-at-8.37.59-PM-1-1536x1007.jpeg 1536w, https:\/\/panoramaciudadano.com\/wp-content\/uploads\/2026\/02\/WhatsApp-Image-2026-02-12-at-8.37.59-PM-1-2048x1343.jpeg 2048w\" sizes=\"(max-width: 1024px) 100vw, 1024px\" \/><\/figure>\n\n\n\n<figure class=\"wp-block-image size-large\"><img decoding=\"async\" width=\"1024\" height=\"808\" data-id=\"30390\" src=\"https:\/\/panoramaciudadano.com\/wp-content\/uploads\/2026\/02\/WhatsApp-Image-2026-02-12-at-8.37.59-PM-2-1024x808.jpeg\" alt=\"\" class=\"wp-image-30390\" srcset=\"https:\/\/panoramaciudadano.com\/wp-content\/uploads\/2026\/02\/WhatsApp-Image-2026-02-12-at-8.37.59-PM-2-1024x808.jpeg 1024w, https:\/\/panoramaciudadano.com\/wp-content\/uploads\/2026\/02\/WhatsApp-Image-2026-02-12-at-8.37.59-PM-2-300x237.jpeg 300w, https:\/\/panoramaciudadano.com\/wp-content\/uploads\/2026\/02\/WhatsApp-Image-2026-02-12-at-8.37.59-PM-2-768x606.jpeg 768w, https:\/\/panoramaciudadano.com\/wp-content\/uploads\/2026\/02\/WhatsApp-Image-2026-02-12-at-8.37.59-PM-2-1536x1211.jpeg 1536w, https:\/\/panoramaciudadano.com\/wp-content\/uploads\/2026\/02\/WhatsApp-Image-2026-02-12-at-8.37.59-PM-2-2048x1615.jpeg 2048w\" sizes=\"(max-width: 1024px) 100vw, 1024px\" \/><\/figure>\n\n\n\n<figure class=\"wp-block-image size-large\"><img decoding=\"async\" width=\"1024\" height=\"680\" data-id=\"30391\" src=\"https:\/\/panoramaciudadano.com\/wp-content\/uploads\/2026\/02\/WhatsApp-Image-2026-02-12-at-8.37.59-PM-3-1024x680.jpeg\" alt=\"\" class=\"wp-image-30391\" srcset=\"https:\/\/panoramaciudadano.com\/wp-content\/uploads\/2026\/02\/WhatsApp-Image-2026-02-12-at-8.37.59-PM-3-1024x680.jpeg 1024w, https:\/\/panoramaciudadano.com\/wp-content\/uploads\/2026\/02\/WhatsApp-Image-2026-02-12-at-8.37.59-PM-3-300x199.jpeg 300w, https:\/\/panoramaciudadano.com\/wp-content\/uploads\/2026\/02\/WhatsApp-Image-2026-02-12-at-8.37.59-PM-3-768x510.jpeg 768w, https:\/\/panoramaciudadano.com\/wp-content\/uploads\/2026\/02\/WhatsApp-Image-2026-02-12-at-8.37.59-PM-3-1536x1019.jpeg 1536w, https:\/\/panoramaciudadano.com\/wp-content\/uploads\/2026\/02\/WhatsApp-Image-2026-02-12-at-8.37.59-PM-3-2048x1359.jpeg 2048w\" sizes=\"(max-width: 1024px) 100vw, 1024px\" \/><\/figure>\n\n\n\n<figure class=\"wp-block-image size-large\"><img decoding=\"async\" width=\"1024\" height=\"778\" data-id=\"30388\" src=\"https:\/\/panoramaciudadano.com\/wp-content\/uploads\/2026\/02\/WhatsApp-Image-2026-02-12-at-8.37.59-PM-4-1024x778.jpeg\" alt=\"\" class=\"wp-image-30388\" srcset=\"https:\/\/panoramaciudadano.com\/wp-content\/uploads\/2026\/02\/WhatsApp-Image-2026-02-12-at-8.37.59-PM-4-1024x778.jpeg 1024w, https:\/\/panoramaciudadano.com\/wp-content\/uploads\/2026\/02\/WhatsApp-Image-2026-02-12-at-8.37.59-PM-4-300x228.jpeg 300w, https:\/\/panoramaciudadano.com\/wp-content\/uploads\/2026\/02\/WhatsApp-Image-2026-02-12-at-8.37.59-PM-4-768x584.jpeg 768w, https:\/\/panoramaciudadano.com\/wp-content\/uploads\/2026\/02\/WhatsApp-Image-2026-02-12-at-8.37.59-PM-4-1536x1168.jpeg 1536w, https:\/\/panoramaciudadano.com\/wp-content\/uploads\/2026\/02\/WhatsApp-Image-2026-02-12-at-8.37.59-PM-4-2048x1557.jpeg 2048w\" sizes=\"(max-width: 1024px) 100vw, 1024px\" \/><\/figure>\n\n\n\n<figure class=\"wp-block-image size-large\"><img decoding=\"async\" width=\"1024\" height=\"712\" data-id=\"30387\" src=\"https:\/\/panoramaciudadano.com\/wp-content\/uploads\/2026\/02\/WhatsApp-Image-2026-02-12-at-8.37.59-PM-5-1024x712.jpeg\" alt=\"\" class=\"wp-image-30387\" srcset=\"https:\/\/panoramaciudadano.com\/wp-content\/uploads\/2026\/02\/WhatsApp-Image-2026-02-12-at-8.37.59-PM-5-1024x712.jpeg 1024w, https:\/\/panoramaciudadano.com\/wp-content\/uploads\/2026\/02\/WhatsApp-Image-2026-02-12-at-8.37.59-PM-5-300x208.jpeg 300w, https:\/\/panoramaciudadano.com\/wp-content\/uploads\/2026\/02\/WhatsApp-Image-2026-02-12-at-8.37.59-PM-5-768x534.jpeg 768w, https:\/\/panoramaciudadano.com\/wp-content\/uploads\/2026\/02\/WhatsApp-Image-2026-02-12-at-8.37.59-PM-5-1536x1067.jpeg 1536w, https:\/\/panoramaciudadano.com\/wp-content\/uploads\/2026\/02\/WhatsApp-Image-2026-02-12-at-8.37.59-PM-5-2048x1423.jpeg 2048w\" sizes=\"(max-width: 1024px) 100vw, 1024px\" \/><\/figure>\n\n\n\n<figure class=\"wp-block-image size-large\"><img decoding=\"async\" width=\"1024\" height=\"714\" data-id=\"30385\" src=\"https:\/\/panoramaciudadano.com\/wp-content\/uploads\/2026\/02\/WhatsApp-Image-2026-02-12-at-8.37.59-PM-1024x714.jpeg\" alt=\"\" class=\"wp-image-30385\" srcset=\"https:\/\/panoramaciudadano.com\/wp-content\/uploads\/2026\/02\/WhatsApp-Image-2026-02-12-at-8.37.59-PM-1024x714.jpeg 1024w, https:\/\/panoramaciudadano.com\/wp-content\/uploads\/2026\/02\/WhatsApp-Image-2026-02-12-at-8.37.59-PM-300x209.jpeg 300w, https:\/\/panoramaciudadano.com\/wp-content\/uploads\/2026\/02\/WhatsApp-Image-2026-02-12-at-8.37.59-PM-768x536.jpeg 768w, https:\/\/panoramaciudadano.com\/wp-content\/uploads\/2026\/02\/WhatsApp-Image-2026-02-12-at-8.37.59-PM-1536x1071.jpeg 1536w, https:\/\/panoramaciudadano.com\/wp-content\/uploads\/2026\/02\/WhatsApp-Image-2026-02-12-at-8.37.59-PM-2048x1428.jpeg 2048w\" sizes=\"(max-width: 1024px) 100vw, 1024px\" \/><\/figure>\n<\/figure>\n\n\n\n<p>Frente al Mar Caribe y en el marco del D\u00eda del Amor y la Amistad, la Presidenta Municipal, Ana Paty Peralta; la gobernadora, Mara Lezama, y la presidenta honoraria del DIF Quintana Roo, Ver\u00f3nica Lezama Espinosa, fungieron como testigos de honor en las Bodas Colectivas 2026 en Playa Delfines, donde 357 parejas contrajeron nupcias en una ceremonia llena de emoci\u00f3n, sonrisas y esperanza.<\/p>\n\n\n\n<p>\u201cHoy estamos de fiesta, porque no solo se casan, hoy fortalecen su familia y fortalecen a Canc\u00fan, pues le dan certeza a su relaci\u00f3n, le dan estabilidad y ejemplo a sus hijos\u201d, destac\u00f3 la Alcaldesa.<\/p>\n\n\n\n<p>Mientras que al hablar como madre de familia y esposa, la Primera Autoridad Municipal exhort\u00f3 a las parejas a cuidar su relaci\u00f3n todos los d\u00edas y a no dar por hecho al ser amado, sino a abrazarse sin motivo, pedir perd\u00f3n cuando fuera necesario, agradecer siempre, valorarse mutuamente y tratarse con respeto, destacando que estos peque\u00f1os actos cotidianos son la base fundamental para construir y mantener un matrimonio s\u00f3lido y duradero.<\/p>\n\n\n\n<p>Por su parte, Mara Lezama expres\u00f3 sus m\u00e1s sinceros buenos deseos a las y los reci\u00e9n casados, al se\u00f1alar que este paso representa el inicio de una nueva etapa basada en el amor, el respeto y la construcci\u00f3n de un futuro en com\u00fan. Asimismo, agradeci\u00f3 a Ana Paty Peralta por dar continuidad a este programa que brinda certeza jur\u00eddica a las familias y fortalece el tejido social, reafirmando el compromiso de trabajar de manera coordinada para el bienestar de las y los quintanarroenses.<\/p>\n\n\n\n<p>Durante el acto matrimonial, y tras la pregunta de la juez, se escuch\u00f3 un firme y emotivo \u201cs\u00ed, acepto\u201d que reson\u00f3 al un\u00edsono entre las m\u00e1s de 350 parejas presentes. Acto seguido, el tradicional beso sell\u00f3 su uni\u00f3n, marcando as\u00ed el inicio de una nueva etapa en sus vidas colmada de sue\u00f1os y amor compartido.<\/p>\n\n\n\n<p>Tras el emotivo acto, Ana Paty Peralta y Mara Lezama compartieron momentos de cercan\u00eda con las y los protagonistas de esta celebraci\u00f3n.<\/p>\n\n\n\n<p>Como parte de esta festividad, los reci\u00e9n casados y sus familias disfrutaron de presentaciones musicales a cargo de la orquesta de la Secretar\u00eda de Seguridad Ciudadana de Quintana Roo y el tr\u00edo musical del Ayuntamiento de Benito Ju\u00e1rez, sets fotogr\u00e1ficos y un banquete. Adem\u00e1s, esta actividad cont\u00f3 con una zona habilitada por el Centro Asistencial de Desarrollo Infantil (CADI) donde atendieron a las ni\u00f1as y ni\u00f1os durante la ceremonia.<\/p>\n\n\n\n<p>En esta tarde tambi\u00e9n engalanaron el momento la directora del DIF municipal, Marisol Sendo Rodr\u00edguez; el director general del Registro Civil, Eduardo Kuyoc Rodr\u00edguez; as\u00ed como distintas autoridades municipales y estatales.<\/p>\n\n\n\n<hr class=\"wp-block-separator has-alpha-channel-opacity\"\/>\n\n\n\n<p>Bodas colectivas.<\/p>\n\n\n\n<ul class=\"wp-block-list\">\n<li>2026 &#8211; 357 parejas<\/li>\n\n\n\n<li>2025 &#8211; 350 parejas<\/li>\n\n\n\n<li>2024 &#8211; 350 parejas<\/li>\n\n\n\n<li>2023 &#8211; 402 parejas<\/li>\n\n\n\n<li>2022 &#8211; 400 parejas<\/li>\n\n\n\n<li>2021 &#8211; 315 parejas<\/li>\n<\/ul>\n","protected":false},"excerpt":{"rendered":"<p>\u2022 Autoridades fortalecen el tejido familiar en Canc\u00fan.<\/p>\n","protected":false},"author":1,"featured_media":30388,"comment_status":"open","ping_status":"closed","sticky":false,"template":"","format":"standard","meta":{"footnotes":""},"categories":[6],"tags":[145,259],"class_list":["post-30384","post","type-post","status-publish","format-standard","has-post-thumbnail","hentry","category-cancun","tag-ana-paty-peralta","tag-mara-lezama"],"yoast_head":"<!-- This site is optimized with the Yoast SEO plugin v27.1.1 - https:\/\/yoast.com\/product\/yoast-seo-wordpress\/ -->\n<title>ANA PATY PERALTA Y MARA LEZAMA ACOMPA\u00d1AN A 357 PAREJAS EN BODAS COLECTIVAS 2026 - Panorama Ciudadano<\/title>\n<meta name=\"robots\" content=\"index, follow, max-snippet:-1, max-image-preview:large, max-video-preview:-1\" \/>\n<link rel=\"canonical\" href=\"https:\/\/panoramaciudadano.com\/index.php\/2026\/02\/12\/ana-paty-peralta-y-mara-lezama-acompanan-a-357-parejas-en-bodas-colectivas-2026\/\" \/>\n<meta property=\"og:locale\" content=\"es_ES\" \/>\n<meta property=\"og:type\" content=\"article\" \/>\n<meta property=\"og:title\" content=\"ANA PATY PERALTA Y MARA LEZAMA ACOMPA\u00d1AN A 357 PAREJAS EN BODAS COLECTIVAS 2026 - Panorama Ciudadano\" \/>\n<meta property=\"og:description\" content=\"\u2022 Autoridades fortalecen el tejido familiar en Canc\u00fan.\" \/>\n<meta property=\"og:url\" content=\"https:\/\/panoramaciudadano.com\/index.php\/2026\/02\/12\/ana-paty-peralta-y-mara-lezama-acompanan-a-357-parejas-en-bodas-colectivas-2026\/\" \/>\n<meta property=\"og:site_name\" content=\"Panorama Ciudadano\" \/>\n<meta property=\"article:publisher\" content=\"https:\/\/www.facebook.com\/panoramaciudadano\" \/>\n<meta property=\"article:published_time\" content=\"2026-02-13T04:15:22+00:00\" \/>\n<meta property=\"article:modified_time\" content=\"2026-02-13T04:15:26+00:00\" \/>\n<meta property=\"og:image\" content=\"https:\/\/panoramaciudadano.com\/wp-content\/uploads\/2026\/02\/WhatsApp-Image-2026-02-12-at-8.37.59-PM-4.jpeg\" \/>\n\t<meta property=\"og:image:width\" content=\"2560\" \/>\n\t<meta property=\"og:image:height\" content=\"1946\" \/>\n\t<meta property=\"og:image:type\" content=\"image\/jpeg\" \/>\n<meta name=\"author\" content=\"admin\" \/>\n<meta name=\"twitter:card\" content=\"summary_large_image\" \/>\n<meta name=\"twitter:label1\" content=\"Escrito por\" \/>\n\t<meta name=\"twitter:data1\" content=\"admin\" \/>\n\t<meta name=\"twitter:label2\" content=\"Tiempo de lectura\" \/>\n\t<meta name=\"twitter:data2\" content=\"4 minutos\" \/>\n<script type=\"application\/ld+json\" class=\"yoast-schema-graph\">{\"@context\":\"https:\/\/schema.org\",\"@graph\":[{\"@type\":\"Article\",\"@id\":\"https:\/\/panoramaciudadano.com\/index.php\/2026\/02\/12\/ana-paty-peralta-y-mara-lezama-acompanan-a-357-parejas-en-bodas-colectivas-2026\/#article\",\"isPartOf\":{\"@id\":\"https:\/\/panoramaciudadano.com\/index.php\/2026\/02\/12\/ana-paty-peralta-y-mara-lezama-acompanan-a-357-parejas-en-bodas-colectivas-2026\/\"},\"author\":{\"name\":\"admin\",\"@id\":\"https:\/\/panoramaciudadano.com\/#\/schema\/person\/ffe9fe8ef47d3a93977b5761fd9e0d96\"},\"headline\":\"ANA PATY PERALTA Y MARA LEZAMA ACOMPA\u00d1AN A 357 PAREJAS EN BODAS COLECTIVAS 2026\",\"datePublished\":\"2026-02-13T04:15:22+00:00\",\"dateModified\":\"2026-02-13T04:15:26+00:00\",\"mainEntityOfPage\":{\"@id\":\"https:\/\/panoramaciudadano.com\/index.php\/2026\/02\/12\/ana-paty-peralta-y-mara-lezama-acompanan-a-357-parejas-en-bodas-colectivas-2026\/\"},\"wordCount\":486,\"commentCount\":0,\"publisher\":{\"@id\":\"https:\/\/panoramaciudadano.com\/#organization\"},\"image\":{\"@id\":\"https:\/\/panoramaciudadano.com\/index.php\/2026\/02\/12\/ana-paty-peralta-y-mara-lezama-acompanan-a-357-parejas-en-bodas-colectivas-2026\/#primaryimage\"},\"thumbnailUrl\":\"https:\/\/panoramaciudadano.com\/wp-content\/uploads\/2026\/02\/WhatsApp-Image-2026-02-12-at-8.37.59-PM-4.jpeg\",\"keywords\":[\"Ana Paty Peralta\",\"Mara Lezama\"],\"articleSection\":[\"Canc\u00fan\"],\"inLanguage\":\"es\",\"potentialAction\":[{\"@type\":\"CommentAction\",\"name\":\"Comment\",\"target\":[\"https:\/\/panoramaciudadano.com\/index.php\/2026\/02\/12\/ana-paty-peralta-y-mara-lezama-acompanan-a-357-parejas-en-bodas-colectivas-2026\/#respond\"]}]},{\"@type\":\"WebPage\",\"@id\":\"https:\/\/panoramaciudadano.com\/index.php\/2026\/02\/12\/ana-paty-peralta-y-mara-lezama-acompanan-a-357-parejas-en-bodas-colectivas-2026\/\",\"url\":\"https:\/\/panoramaciudadano.com\/index.php\/2026\/02\/12\/ana-paty-peralta-y-mara-lezama-acompanan-a-357-parejas-en-bodas-colectivas-2026\/\",\"name\":\"ANA PATY PERALTA Y MARA LEZAMA ACOMPA\u00d1AN A 357 PAREJAS EN BODAS COLECTIVAS 2026 - Panorama Ciudadano\",\"isPartOf\":{\"@id\":\"https:\/\/panoramaciudadano.com\/#website\"},\"primaryImageOfPage\":{\"@id\":\"https:\/\/panoramaciudadano.com\/index.php\/2026\/02\/12\/ana-paty-peralta-y-mara-lezama-acompanan-a-357-parejas-en-bodas-colectivas-2026\/#primaryimage\"},\"image\":{\"@id\":\"https:\/\/panoramaciudadano.com\/index.php\/2026\/02\/12\/ana-paty-peralta-y-mara-lezama-acompanan-a-357-parejas-en-bodas-colectivas-2026\/#primaryimage\"},\"thumbnailUrl\":\"https:\/\/panoramaciudadano.com\/wp-content\/uploads\/2026\/02\/WhatsApp-Image-2026-02-12-at-8.37.59-PM-4.jpeg\",\"datePublished\":\"2026-02-13T04:15:22+00:00\",\"dateModified\":\"2026-02-13T04:15:26+00:00\",\"breadcrumb\":{\"@id\":\"https:\/\/panoramaciudadano.com\/index.php\/2026\/02\/12\/ana-paty-peralta-y-mara-lezama-acompanan-a-357-parejas-en-bodas-colectivas-2026\/#breadcrumb\"},\"inLanguage\":\"es\",\"potentialAction\":[{\"@type\":\"ReadAction\",\"target\":[\"https:\/\/panoramaciudadano.com\/index.php\/2026\/02\/12\/ana-paty-peralta-y-mara-lezama-acompanan-a-357-parejas-en-bodas-colectivas-2026\/\"]}]},{\"@type\":\"ImageObject\",\"inLanguage\":\"es\",\"@id\":\"https:\/\/panoramaciudadano.com\/index.php\/2026\/02\/12\/ana-paty-peralta-y-mara-lezama-acompanan-a-357-parejas-en-bodas-colectivas-2026\/#primaryimage\",\"url\":\"https:\/\/panoramaciudadano.com\/wp-content\/uploads\/2026\/02\/WhatsApp-Image-2026-02-12-at-8.37.59-PM-4.jpeg\",\"contentUrl\":\"https:\/\/panoramaciudadano.com\/wp-content\/uploads\/2026\/02\/WhatsApp-Image-2026-02-12-at-8.37.59-PM-4.jpeg\",\"width\":2560,\"height\":1946},{\"@type\":\"BreadcrumbList\",\"@id\":\"https:\/\/panoramaciudadano.com\/index.php\/2026\/02\/12\/ana-paty-peralta-y-mara-lezama-acompanan-a-357-parejas-en-bodas-colectivas-2026\/#breadcrumb\",\"itemListElement\":[{\"@type\":\"ListItem\",\"position\":1,\"name\":\"Portada\",\"item\":\"https:\/\/panoramaciudadano.com\/\"},{\"@type\":\"ListItem\",\"position\":2,\"name\":\"ANA PATY PERALTA Y MARA LEZAMA ACOMPA\u00d1AN A 357 PAREJAS EN BODAS COLECTIVAS 2026\"}]},{\"@type\":\"WebSite\",\"@id\":\"https:\/\/panoramaciudadano.com\/#website\",\"url\":\"https:\/\/panoramaciudadano.com\/\",\"name\":\"Panorama Ciudadano\",\"description\":\"\",\"publisher\":{\"@id\":\"https:\/\/panoramaciudadano.com\/#organization\"},\"potentialAction\":[{\"@type\":\"SearchAction\",\"target\":{\"@type\":\"EntryPoint\",\"urlTemplate\":\"https:\/\/panoramaciudadano.com\/?s={search_term_string}\"},\"query-input\":{\"@type\":\"PropertyValueSpecification\",\"valueRequired\":true,\"valueName\":\"search_term_string\"}}],\"inLanguage\":\"es\"},{\"@type\":\"Organization\",\"@id\":\"https:\/\/panoramaciudadano.com\/#organization\",\"name\":\"Panorama Ciudadano\",\"url\":\"https:\/\/panoramaciudadano.com\/\",\"logo\":{\"@type\":\"ImageObject\",\"inLanguage\":\"es\",\"@id\":\"https:\/\/panoramaciudadano.com\/#\/schema\/logo\/image\/\",\"url\":\"https:\/\/panoramaciudadano.com\/wp-content\/uploads\/2024\/05\/401498640_919267042938564_6290593609399108733_n.jpg\",\"contentUrl\":\"https:\/\/panoramaciudadano.com\/wp-content\/uploads\/2024\/05\/401498640_919267042938564_6290593609399108733_n.jpg\",\"width\":960,\"height\":957,\"caption\":\"Panorama Ciudadano\"},\"image\":{\"@id\":\"https:\/\/panoramaciudadano.com\/#\/schema\/logo\/image\/\"},\"sameAs\":[\"https:\/\/www.facebook.com\/panoramaciudadano\"]},{\"@type\":\"Person\",\"@id\":\"https:\/\/panoramaciudadano.com\/#\/schema\/person\/ffe9fe8ef47d3a93977b5761fd9e0d96\",\"name\":\"admin\",\"image\":{\"@type\":\"ImageObject\",\"inLanguage\":\"es\",\"@id\":\"https:\/\/panoramaciudadano.com\/#\/schema\/person\/image\/\",\"url\":\"https:\/\/secure.gravatar.com\/avatar\/2d5a12cacce3f18096f25fadea8abb7202fef18ed669595589853e84260ff451?s=96&d=mm&r=g\",\"contentUrl\":\"https:\/\/secure.gravatar.com\/avatar\/2d5a12cacce3f18096f25fadea8abb7202fef18ed669595589853e84260ff451?s=96&d=mm&r=g\",\"caption\":\"admin\"},\"sameAs\":[\"https:\/\/panoramaciudadano.com\"],\"url\":\"https:\/\/panoramaciudadano.com\/index.php\/author\/admin_3q6hyqq3\/\"}]}<\/script>\n<!-- \/ Yoast SEO plugin. -->","yoast_head_json":{"title":"ANA PATY PERALTA Y MARA LEZAMA ACOMPA\u00d1AN A 357 PAREJAS EN BODAS COLECTIVAS 2026 - Panorama Ciudadano","robots":{"index":"index","follow":"follow","max-snippet":"max-snippet:-1","max-image-preview":"max-image-preview:large","max-video-preview":"max-video-preview:-1"},"canonical":"https:\/\/panoramaciudadano.com\/index.php\/2026\/02\/12\/ana-paty-peralta-y-mara-lezama-acompanan-a-357-parejas-en-bodas-colectivas-2026\/","og_locale":"es_ES","og_type":"article","og_title":"ANA PATY PERALTA Y MARA LEZAMA ACOMPA\u00d1AN A 357 PAREJAS EN BODAS COLECTIVAS 2026 - Panorama Ciudadano","og_description":"\u2022 Autoridades fortalecen el tejido familiar en Canc\u00fan.","og_url":"https:\/\/panoramaciudadano.com\/index.php\/2026\/02\/12\/ana-paty-peralta-y-mara-lezama-acompanan-a-357-parejas-en-bodas-colectivas-2026\/","og_site_name":"Panorama Ciudadano","article_publisher":"https:\/\/www.facebook.com\/panoramaciudadano","article_published_time":"2026-02-13T04:15:22+00:00","article_modified_time":"2026-02-13T04:15:26+00:00","og_image":[{"width":2560,"height":1946,"url":"https:\/\/panoramaciudadano.com\/wp-content\/uploads\/2026\/02\/WhatsApp-Image-2026-02-12-at-8.37.59-PM-4.jpeg","type":"image\/jpeg"}],"author":"admin","twitter_card":"summary_large_image","twitter_misc":{"Escrito por":"admin","Tiempo de lectura":"4 minutos"},"schema":{"@context":"https:\/\/schema.org","@graph":[{"@type":"Article","@id":"https:\/\/panoramaciudadano.com\/index.php\/2026\/02\/12\/ana-paty-peralta-y-mara-lezama-acompanan-a-357-parejas-en-bodas-colectivas-2026\/#article","isPartOf":{"@id":"https:\/\/panoramaciudadano.com\/index.php\/2026\/02\/12\/ana-paty-peralta-y-mara-lezama-acompanan-a-357-parejas-en-bodas-colectivas-2026\/"},"author":{"name":"admin","@id":"https:\/\/panoramaciudadano.com\/#\/schema\/person\/ffe9fe8ef47d3a93977b5761fd9e0d96"},"headline":"ANA PATY PERALTA Y MARA LEZAMA ACOMPA\u00d1AN A 357 PAREJAS EN BODAS COLECTIVAS 2026","datePublished":"2026-02-13T04:15:22+00:00","dateModified":"2026-02-13T04:15:26+00:00","mainEntityOfPage":{"@id":"https:\/\/panoramaciudadano.com\/index.php\/2026\/02\/12\/ana-paty-peralta-y-mara-lezama-acompanan-a-357-parejas-en-bodas-colectivas-2026\/"},"wordCount":486,"commentCount":0,"publisher":{"@id":"https:\/\/panoramaciudadano.com\/#organization"},"image":{"@id":"https:\/\/panoramaciudadano.com\/index.php\/2026\/02\/12\/ana-paty-peralta-y-mara-lezama-acompanan-a-357-parejas-en-bodas-colectivas-2026\/#primaryimage"},"thumbnailUrl":"https:\/\/panoramaciudadano.com\/wp-content\/uploads\/2026\/02\/WhatsApp-Image-2026-02-12-at-8.37.59-PM-4.jpeg","keywords":["Ana Paty Peralta","Mara Lezama"],"articleSection":["Canc\u00fan"],"inLanguage":"es","potentialAction":[{"@type":"CommentAction","name":"Comment","target":["https:\/\/panoramaciudadano.com\/index.php\/2026\/02\/12\/ana-paty-peralta-y-mara-lezama-acompanan-a-357-parejas-en-bodas-colectivas-2026\/#respond"]}]},{"@type":"WebPage","@id":"https:\/\/panoramaciudadano.com\/index.php\/2026\/02\/12\/ana-paty-peralta-y-mara-lezama-acompanan-a-357-parejas-en-bodas-colectivas-2026\/","url":"https:\/\/panoramaciudadano.com\/index.php\/2026\/02\/12\/ana-paty-peralta-y-mara-lezama-acompanan-a-357-parejas-en-bodas-colectivas-2026\/","name":"ANA PATY PERALTA Y MARA LEZAMA ACOMPA\u00d1AN A 357 PAREJAS EN BODAS COLECTIVAS 2026 - Panorama Ciudadano","isPartOf":{"@id":"https:\/\/panoramaciudadano.com\/#website"},"primaryImageOfPage":{"@id":"https:\/\/panoramaciudadano.com\/index.php\/2026\/02\/12\/ana-paty-peralta-y-mara-lezama-acompanan-a-357-parejas-en-bodas-colectivas-2026\/#primaryimage"},"image":{"@id":"https:\/\/panoramaciudadano.com\/index.php\/2026\/02\/12\/ana-paty-peralta-y-mara-lezama-acompanan-a-357-parejas-en-bodas-colectivas-2026\/#primaryimage"},"thumbnailUrl":"https:\/\/panoramaciudadano.com\/wp-content\/uploads\/2026\/02\/WhatsApp-Image-2026-02-12-at-8.37.59-PM-4.jpeg","datePublished":"2026-02-13T04:15:22+00:00","dateModified":"2026-02-13T04:15:26+00:00","breadcrumb":{"@id":"https:\/\/panoramaciudadano.com\/index.php\/2026\/02\/12\/ana-paty-peralta-y-mara-lezama-acompanan-a-357-parejas-en-bodas-colectivas-2026\/#breadcrumb"},"inLanguage":"es","potentialAction":[{"@type":"ReadAction","target":["https:\/\/panoramaciudadano.com\/index.php\/2026\/02\/12\/ana-paty-peralta-y-mara-lezama-acompanan-a-357-parejas-en-bodas-colectivas-2026\/"]}]},{"@type":"ImageObject","inLanguage":"es","@id":"https:\/\/panoramaciudadano.com\/index.php\/2026\/02\/12\/ana-paty-peralta-y-mara-lezama-acompanan-a-357-parejas-en-bodas-colectivas-2026\/#primaryimage","url":"https:\/\/panoramaciudadano.com\/wp-content\/uploads\/2026\/02\/WhatsApp-Image-2026-02-12-at-8.37.59-PM-4.jpeg","contentUrl":"https:\/\/panoramaciudadano.com\/wp-content\/uploads\/2026\/02\/WhatsApp-Image-2026-02-12-at-8.37.59-PM-4.jpeg","width":2560,"height":1946},{"@type":"BreadcrumbList","@id":"https:\/\/panoramaciudadano.com\/index.php\/2026\/02\/12\/ana-paty-peralta-y-mara-lezama-acompanan-a-357-parejas-en-bodas-colectivas-2026\/#breadcrumb","itemListElement":[{"@type":"ListItem","position":1,"name":"Portada","item":"https:\/\/panoramaciudadano.com\/"},{"@type":"ListItem","position":2,"name":"ANA PATY PERALTA Y MARA LEZAMA ACOMPA\u00d1AN A 357 PAREJAS EN BODAS COLECTIVAS 2026"}]},{"@type":"WebSite","@id":"https:\/\/panoramaciudadano.com\/#website","url":"https:\/\/panoramaciudadano.com\/","name":"Panorama Ciudadano","description":"","publisher":{"@id":"https:\/\/panoramaciudadano.com\/#organization"},"potentialAction":[{"@type":"SearchAction","target":{"@type":"EntryPoint","urlTemplate":"https:\/\/panoramaciudadano.com\/?s={search_term_string}"},"query-input":{"@type":"PropertyValueSpecification","valueRequired":true,"valueName":"search_term_string"}}],"inLanguage":"es"},{"@type":"Organization","@id":"https:\/\/panoramaciudadano.com\/#organization","name":"Panorama Ciudadano","url":"https:\/\/panoramaciudadano.com\/","logo":{"@type":"ImageObject","inLanguage":"es","@id":"https:\/\/panoramaciudadano.com\/#\/schema\/logo\/image\/","url":"https:\/\/panoramaciudadano.com\/wp-content\/uploads\/2024\/05\/401498640_919267042938564_6290593609399108733_n.jpg","contentUrl":"https:\/\/panoramaciudadano.com\/wp-content\/uploads\/2024\/05\/401498640_919267042938564_6290593609399108733_n.jpg","width":960,"height":957,"caption":"Panorama Ciudadano"},"image":{"@id":"https:\/\/panoramaciudadano.com\/#\/schema\/logo\/image\/"},"sameAs":["https:\/\/www.facebook.com\/panoramaciudadano"]},{"@type":"Person","@id":"https:\/\/panoramaciudadano.com\/#\/schema\/person\/ffe9fe8ef47d3a93977b5761fd9e0d96","name":"admin","image":{"@type":"ImageObject","inLanguage":"es","@id":"https:\/\/panoramaciudadano.com\/#\/schema\/person\/image\/","url":"https:\/\/secure.gravatar.com\/avatar\/2d5a12cacce3f18096f25fadea8abb7202fef18ed669595589853e84260ff451?s=96&d=mm&r=g","contentUrl":"https:\/\/secure.gravatar.com\/avatar\/2d5a12cacce3f18096f25fadea8abb7202fef18ed669595589853e84260ff451?s=96&d=mm&r=g","caption":"admin"},"sameAs":["https:\/\/panoramaciudadano.com"],"url":"https:\/\/panoramaciudadano.com\/index.php\/author\/admin_3q6hyqq3\/"}]}},"_links":{"self":[{"href":"https:\/\/panoramaciudadano.com\/index.php\/wp-json\/wp\/v2\/posts\/30384","targetHints":{"allow":["GET"]}}],"collection":[{"href":"https:\/\/panoramaciudadano.com\/index.php\/wp-json\/wp\/v2\/posts"}],"about":[{"href":"https:\/\/panoramaciudadano.com\/index.php\/wp-json\/wp\/v2\/types\/post"}],"author":[{"embeddable":true,"href":"https:\/\/panoramaciudadano.com\/index.php\/wp-json\/wp\/v2\/users\/1"}],"replies":[{"embeddable":true,"href":"https:\/\/panoramaciudadano.com\/index.php\/wp-json\/wp\/v2\/comments?post=30384"}],"version-history":[{"count":1,"href":"https:\/\/panoramaciudadano.com\/index.php\/wp-json\/wp\/v2\/posts\/30384\/revisions"}],"predecessor-version":[{"id":30392,"href":"https:\/\/panoramaciudadano.com\/index.php\/wp-json\/wp\/v2\/posts\/30384\/revisions\/30392"}],"wp:featuredmedia":[{"embeddable":true,"href":"https:\/\/panoramaciudadano.com\/index.php\/wp-json\/wp\/v2\/media\/30388"}],"wp:attachment":[{"href":"https:\/\/panoramaciudadano.com\/index.php\/wp-json\/wp\/v2\/media?parent=30384"}],"wp:term":[{"taxonomy":"category","embeddable":true,"href":"https:\/\/panoramaciudadano.com\/index.php\/wp-json\/wp\/v2\/categories?post=30384"},{"taxonomy":"post_tag","embeddable":true,"href":"https:\/\/panoramaciudadano.com\/index.php\/wp-json\/wp\/v2\/tags?post=30384"}],"curies":[{"name":"wp","href":"https:\/\/api.w.org\/{rel}","templated":true}]}}