{"id":30393,"date":"2026-02-12T23:16:45","date_gmt":"2026-02-13T04:16:45","guid":{"rendered":"https:\/\/panoramaciudadano.com\/?p=30393"},"modified":"2026-02-12T23:16:47","modified_gmt":"2026-02-13T04:16:47","slug":"vienen-grandes-sorpresas-en-el-carnaval-cancun-2026-ana-paty-peralta","status":"publish","type":"post","link":"https:\/\/panoramaciudadano.com\/index.php\/2026\/02\/12\/vienen-grandes-sorpresas-en-el-carnaval-cancun-2026-ana-paty-peralta\/","title":{"rendered":"VIENEN GRANDES SORPRESAS EN EL CARNAVAL CANC\u00daN 2026: ANA PATY PERALTA"},"content":{"rendered":"\n<figure class=\"wp-block-gallery has-nested-images columns-default is-cropped wp-block-gallery-1 is-layout-flex wp-block-gallery-is-layout-flex\">\n<figure class=\"wp-block-image size-large\"><img decoding=\"async\" width=\"1024\" height=\"576\" data-id=\"30395\" src=\"https:\/\/panoramaciudadano.com\/wp-content\/uploads\/2026\/02\/WhatsApp-Image-2026-02-12-at-8.40.48-PM-1-1024x576.jpeg\" alt=\"\" class=\"wp-image-30395\" srcset=\"https:\/\/panoramaciudadano.com\/wp-content\/uploads\/2026\/02\/WhatsApp-Image-2026-02-12-at-8.40.48-PM-1-1024x576.jpeg 1024w, https:\/\/panoramaciudadano.com\/wp-content\/uploads\/2026\/02\/WhatsApp-Image-2026-02-12-at-8.40.48-PM-1-300x169.jpeg 300w, https:\/\/panoramaciudadano.com\/wp-content\/uploads\/2026\/02\/WhatsApp-Image-2026-02-12-at-8.40.48-PM-1-768x432.jpeg 768w, https:\/\/panoramaciudadano.com\/wp-content\/uploads\/2026\/02\/WhatsApp-Image-2026-02-12-at-8.40.48-PM-1.jpeg 1280w\" sizes=\"(max-width: 1024px) 100vw, 1024px\" \/><\/figure>\n\n\n\n<figure class=\"wp-block-image size-large\"><img decoding=\"async\" width=\"1024\" height=\"707\" data-id=\"30396\" src=\"https:\/\/panoramaciudadano.com\/wp-content\/uploads\/2026\/02\/WhatsApp-Image-2026-02-12-at-8.40.48-PM-2-1024x707.jpeg\" alt=\"\" class=\"wp-image-30396\" srcset=\"https:\/\/panoramaciudadano.com\/wp-content\/uploads\/2026\/02\/WhatsApp-Image-2026-02-12-at-8.40.48-PM-2-1024x707.jpeg 1024w, https:\/\/panoramaciudadano.com\/wp-content\/uploads\/2026\/02\/WhatsApp-Image-2026-02-12-at-8.40.48-PM-2-300x207.jpeg 300w, https:\/\/panoramaciudadano.com\/wp-content\/uploads\/2026\/02\/WhatsApp-Image-2026-02-12-at-8.40.48-PM-2-768x530.jpeg 768w, https:\/\/panoramaciudadano.com\/wp-content\/uploads\/2026\/02\/WhatsApp-Image-2026-02-12-at-8.40.48-PM-2.jpeg 1280w\" sizes=\"(max-width: 1024px) 100vw, 1024px\" \/><\/figure>\n\n\n\n<figure class=\"wp-block-image size-large\"><img decoding=\"async\" width=\"1024\" height=\"576\" data-id=\"30397\" src=\"https:\/\/panoramaciudadano.com\/wp-content\/uploads\/2026\/02\/WhatsApp-Image-2026-02-12-at-8.40.48-PM-1024x576.jpeg\" alt=\"\" class=\"wp-image-30397\" srcset=\"https:\/\/panoramaciudadano.com\/wp-content\/uploads\/2026\/02\/WhatsApp-Image-2026-02-12-at-8.40.48-PM-1024x576.jpeg 1024w, https:\/\/panoramaciudadano.com\/wp-content\/uploads\/2026\/02\/WhatsApp-Image-2026-02-12-at-8.40.48-PM-300x169.jpeg 300w, https:\/\/panoramaciudadano.com\/wp-content\/uploads\/2026\/02\/WhatsApp-Image-2026-02-12-at-8.40.48-PM-768x432.jpeg 768w, https:\/\/panoramaciudadano.com\/wp-content\/uploads\/2026\/02\/WhatsApp-Image-2026-02-12-at-8.40.48-PM.jpeg 1280w\" sizes=\"(max-width: 1024px) 100vw, 1024px\" \/><\/figure>\n\n\n\n<figure class=\"wp-block-image size-large\"><img decoding=\"async\" width=\"1024\" height=\"629\" data-id=\"30394\" src=\"https:\/\/panoramaciudadano.com\/wp-content\/uploads\/2026\/02\/WhatsApp-Image-2026-02-12-at-8.40.49-PM-1024x629.jpeg\" alt=\"\" class=\"wp-image-30394\" srcset=\"https:\/\/panoramaciudadano.com\/wp-content\/uploads\/2026\/02\/WhatsApp-Image-2026-02-12-at-8.40.49-PM-1024x629.jpeg 1024w, https:\/\/panoramaciudadano.com\/wp-content\/uploads\/2026\/02\/WhatsApp-Image-2026-02-12-at-8.40.49-PM-300x184.jpeg 300w, https:\/\/panoramaciudadano.com\/wp-content\/uploads\/2026\/02\/WhatsApp-Image-2026-02-12-at-8.40.49-PM-768x472.jpeg 768w, https:\/\/panoramaciudadano.com\/wp-content\/uploads\/2026\/02\/WhatsApp-Image-2026-02-12-at-8.40.49-PM.jpeg 1280w\" sizes=\"(max-width: 1024px) 100vw, 1024px\" \/><\/figure>\n<\/figure>\n\n\n\n<p>A tan solo unas horas de arrancar el Carnaval Canc\u00fan 2026, la Presidenta Municipal, Ana Paty Peralta, realiz\u00f3 un recorrido minucioso por el emblem\u00e1tico Malec\u00f3n Tajamar, donde se instal\u00f3 el escenario m\u00e1s grande que ha recibido este espacio, para la presentaci\u00f3n estelar de los artistas y a su vez, anunci\u00f3 la presentaci\u00f3n del cantante Pablo Montero en la Coronaci\u00f3n de Reyes, adem\u00e1s de estar presente en los desfiles como el \u201cRey del Espect\u00e1culo\u201d, prometiendo llenar la ciudad de alegr\u00eda y diversi\u00f3n durante las fiestas carnestolendas.<\/p>\n\n\n\n<p>\u201cEstamos en Malec\u00f3n Tajamar donde vamos a tener nuestro carnaval, estamos s\u00faper emocionados, con el equipazo, este es un equipo maravilla. Vamos a tener muchas sorpresas. Nos va a acompa\u00f1ar a la coronaci\u00f3n Pablo Montero, gracias por sumarte al carnaval, claro que te recibimos con los brazos abiertos\u201d, coment\u00f3 al supervisar detalladamente los protocolos para el resguardo a la integridad f\u00edsica de los asistentes.<\/p>\n\n\n\n<p>A\u00f1adi\u00f3 que se instalar\u00e1n dos puestos de mando, se tendr\u00e1 el apoyo de la Secretar\u00eda de Seguridad Ciudadana del Estado para la vigilancia correspondiente, as\u00ed como la distribuci\u00f3n de los botes de basura, los ba\u00f1os enrejados para la protecci\u00f3n al manglar, as\u00ed como \u00e1reas de comerciantes a precios accesibles para las familias, quienes tambi\u00e9n, podr\u00e1n disfrutar de la feria y comprar productos elaborados por manos de las y los artesanos.<\/p>\n\n\n\n<p>La Primera Autoridad Municipal reiter\u00f3 que, junto a las y los directores de las diferentes \u00e1reas del Ayuntamiento, seguir\u00e1 trabajando para darle a la ciudadan\u00eda los mejores eventos, \u201crecordarles que es un evento cero alcohol, no se vende en este carnaval ni en ninguno de los que hemos tenido, es un evento familiar para que podamos disfrutar\u201d.<\/p>\n\n\n\n<p>El director del Instituto de la Cultura y las Artes, Carlos L\u00f3pez Jim\u00e9nez, a\u00f1adi\u00f3 que la bailarina, Clotilde Acosta, mejor conocida como \u201cNacha Guevara\u201d tambi\u00e9n, estar\u00e1 como espectadora del Carnaval Canc\u00fan 2026.<\/p>\n\n\n\n<p>Por \u00faltimo, dependencias como la Secretar\u00eda Municipal de Bienestar, Comercio en la V\u00eda P\u00fablica, Servicios Generales, Protecci\u00f3n Civil, el Grupo Especializado en Atenci\u00f3n a la Violencia Familiar y de G\u00e9nero (Geavig), Tr\u00e1nsito Municipal, y la Secretaria Municipal de Seguridad Ciudadana, entre otras, est\u00e1n listas para brindar atenciones a la ciudadan\u00eda y visitantes.<\/p>\n\n\n\n<hr class=\"wp-block-separator has-alpha-channel-opacity\"\/>\n","protected":false},"excerpt":{"rendered":"<p>A tan solo unas horas de arrancar el Carnaval Canc\u00fan 2026, la Presidenta Municipal, Ana Paty Peralta, realiz\u00f3 un recorrido minucioso por el emblem\u00e1tico Malec\u00f3n Tajamar, donde se instal\u00f3 el escenario m\u00e1s grande que ha recibido este espacio, para la presentaci\u00f3n estelar de los artistas y a su vez, anunci\u00f3 la presentaci\u00f3n del cantante Pablo Montero en la Coronaci\u00f3n de Reyes, adem\u00e1s de estar presente en los desfiles como el \u201cRey del Espect\u00e1culo\u201d, prometiendo llenar la ciudad de alegr\u00eda y diversi\u00f3n durante las fiestas carnestolendas.<\/p>\n","protected":false},"author":1,"featured_media":30397,"comment_status":"open","ping_status":"closed","sticky":false,"template":"","format":"standard","meta":{"footnotes":""},"categories":[6],"tags":[145],"class_list":["post-30393","post","type-post","status-publish","format-standard","has-post-thumbnail","hentry","category-cancun","tag-ana-paty-peralta"],"yoast_head":"<!-- This site is optimized with the Yoast SEO plugin v27.1.1 - https:\/\/yoast.com\/product\/yoast-seo-wordpress\/ -->\n<title>VIENEN GRANDES SORPRESAS EN EL CARNAVAL CANC\u00daN 2026: ANA PATY PERALTA - Panorama Ciudadano<\/title>\n<meta name=\"robots\" content=\"index, follow, max-snippet:-1, max-image-preview:large, max-video-preview:-1\" \/>\n<link rel=\"canonical\" href=\"https:\/\/panoramaciudadano.com\/index.php\/2026\/02\/12\/vienen-grandes-sorpresas-en-el-carnaval-cancun-2026-ana-paty-peralta\/\" \/>\n<meta property=\"og:locale\" content=\"es_ES\" \/>\n<meta property=\"og:type\" content=\"article\" \/>\n<meta property=\"og:title\" content=\"VIENEN GRANDES SORPRESAS EN EL CARNAVAL CANC\u00daN 2026: ANA PATY PERALTA - Panorama Ciudadano\" \/>\n<meta property=\"og:description\" content=\"A tan solo unas horas de arrancar el Carnaval Canc\u00fan 2026, la Presidenta Municipal, Ana Paty Peralta, realiz\u00f3 un recorrido minucioso por el emblem\u00e1tico Malec\u00f3n Tajamar, donde se instal\u00f3 el escenario m\u00e1s grande que ha recibido este espacio, para la presentaci\u00f3n estelar de los artistas y a su vez, anunci\u00f3 la presentaci\u00f3n del cantante Pablo Montero en la Coronaci\u00f3n de Reyes, adem\u00e1s de estar presente en los desfiles como el \u201cRey del Espect\u00e1culo\u201d, prometiendo llenar la ciudad de alegr\u00eda y diversi\u00f3n durante las fiestas carnestolendas.\" \/>\n<meta property=\"og:url\" content=\"https:\/\/panoramaciudadano.com\/index.php\/2026\/02\/12\/vienen-grandes-sorpresas-en-el-carnaval-cancun-2026-ana-paty-peralta\/\" \/>\n<meta property=\"og:site_name\" content=\"Panorama Ciudadano\" \/>\n<meta property=\"article:publisher\" content=\"https:\/\/www.facebook.com\/panoramaciudadano\" \/>\n<meta property=\"article:published_time\" content=\"2026-02-13T04:16:45+00:00\" \/>\n<meta property=\"article:modified_time\" content=\"2026-02-13T04:16:47+00:00\" \/>\n<meta property=\"og:image\" content=\"https:\/\/panoramaciudadano.com\/wp-content\/uploads\/2026\/02\/WhatsApp-Image-2026-02-12-at-8.40.48-PM.jpeg\" \/>\n\t<meta property=\"og:image:width\" content=\"1280\" \/>\n\t<meta property=\"og:image:height\" content=\"720\" \/>\n\t<meta property=\"og:image:type\" content=\"image\/jpeg\" \/>\n<meta name=\"author\" content=\"admin\" \/>\n<meta name=\"twitter:card\" content=\"summary_large_image\" \/>\n<meta name=\"twitter:label1\" content=\"Escrito por\" \/>\n\t<meta name=\"twitter:data1\" content=\"admin\" \/>\n\t<meta name=\"twitter:label2\" content=\"Tiempo de lectura\" \/>\n\t<meta name=\"twitter:data2\" content=\"3 minutos\" \/>\n<script type=\"application\/ld+json\" class=\"yoast-schema-graph\">{\"@context\":\"https:\/\/schema.org\",\"@graph\":[{\"@type\":\"Article\",\"@id\":\"https:\/\/panoramaciudadano.com\/index.php\/2026\/02\/12\/vienen-grandes-sorpresas-en-el-carnaval-cancun-2026-ana-paty-peralta\/#article\",\"isPartOf\":{\"@id\":\"https:\/\/panoramaciudadano.com\/index.php\/2026\/02\/12\/vienen-grandes-sorpresas-en-el-carnaval-cancun-2026-ana-paty-peralta\/\"},\"author\":{\"name\":\"admin\",\"@id\":\"https:\/\/panoramaciudadano.com\/#\/schema\/person\/ffe9fe8ef47d3a93977b5761fd9e0d96\"},\"headline\":\"VIENEN GRANDES SORPRESAS EN EL CARNAVAL CANC\u00daN 2026: ANA PATY PERALTA\",\"datePublished\":\"2026-02-13T04:16:45+00:00\",\"dateModified\":\"2026-02-13T04:16:47+00:00\",\"mainEntityOfPage\":{\"@id\":\"https:\/\/panoramaciudadano.com\/index.php\/2026\/02\/12\/vienen-grandes-sorpresas-en-el-carnaval-cancun-2026-ana-paty-peralta\/\"},\"wordCount\":408,\"commentCount\":0,\"publisher\":{\"@id\":\"https:\/\/panoramaciudadano.com\/#organization\"},\"image\":{\"@id\":\"https:\/\/panoramaciudadano.com\/index.php\/2026\/02\/12\/vienen-grandes-sorpresas-en-el-carnaval-cancun-2026-ana-paty-peralta\/#primaryimage\"},\"thumbnailUrl\":\"https:\/\/panoramaciudadano.com\/wp-content\/uploads\/2026\/02\/WhatsApp-Image-2026-02-12-at-8.40.48-PM.jpeg\",\"keywords\":[\"Ana Paty Peralta\"],\"articleSection\":[\"Canc\u00fan\"],\"inLanguage\":\"es\",\"potentialAction\":[{\"@type\":\"CommentAction\",\"name\":\"Comment\",\"target\":[\"https:\/\/panoramaciudadano.com\/index.php\/2026\/02\/12\/vienen-grandes-sorpresas-en-el-carnaval-cancun-2026-ana-paty-peralta\/#respond\"]}]},{\"@type\":\"WebPage\",\"@id\":\"https:\/\/panoramaciudadano.com\/index.php\/2026\/02\/12\/vienen-grandes-sorpresas-en-el-carnaval-cancun-2026-ana-paty-peralta\/\",\"url\":\"https:\/\/panoramaciudadano.com\/index.php\/2026\/02\/12\/vienen-grandes-sorpresas-en-el-carnaval-cancun-2026-ana-paty-peralta\/\",\"name\":\"VIENEN GRANDES SORPRESAS EN EL CARNAVAL CANC\u00daN 2026: ANA PATY PERALTA - Panorama Ciudadano\",\"isPartOf\":{\"@id\":\"https:\/\/panoramaciudadano.com\/#website\"},\"primaryImageOfPage\":{\"@id\":\"https:\/\/panoramaciudadano.com\/index.php\/2026\/02\/12\/vienen-grandes-sorpresas-en-el-carnaval-cancun-2026-ana-paty-peralta\/#primaryimage\"},\"image\":{\"@id\":\"https:\/\/panoramaciudadano.com\/index.php\/2026\/02\/12\/vienen-grandes-sorpresas-en-el-carnaval-cancun-2026-ana-paty-peralta\/#primaryimage\"},\"thumbnailUrl\":\"https:\/\/panoramaciudadano.com\/wp-content\/uploads\/2026\/02\/WhatsApp-Image-2026-02-12-at-8.40.48-PM.jpeg\",\"datePublished\":\"2026-02-13T04:16:45+00:00\",\"dateModified\":\"2026-02-13T04:16:47+00:00\",\"breadcrumb\":{\"@id\":\"https:\/\/panoramaciudadano.com\/index.php\/2026\/02\/12\/vienen-grandes-sorpresas-en-el-carnaval-cancun-2026-ana-paty-peralta\/#breadcrumb\"},\"inLanguage\":\"es\",\"potentialAction\":[{\"@type\":\"ReadAction\",\"target\":[\"https:\/\/panoramaciudadano.com\/index.php\/2026\/02\/12\/vienen-grandes-sorpresas-en-el-carnaval-cancun-2026-ana-paty-peralta\/\"]}]},{\"@type\":\"ImageObject\",\"inLanguage\":\"es\",\"@id\":\"https:\/\/panoramaciudadano.com\/index.php\/2026\/02\/12\/vienen-grandes-sorpresas-en-el-carnaval-cancun-2026-ana-paty-peralta\/#primaryimage\",\"url\":\"https:\/\/panoramaciudadano.com\/wp-content\/uploads\/2026\/02\/WhatsApp-Image-2026-02-12-at-8.40.48-PM.jpeg\",\"contentUrl\":\"https:\/\/panoramaciudadano.com\/wp-content\/uploads\/2026\/02\/WhatsApp-Image-2026-02-12-at-8.40.48-PM.jpeg\",\"width\":1280,\"height\":720},{\"@type\":\"BreadcrumbList\",\"@id\":\"https:\/\/panoramaciudadano.com\/index.php\/2026\/02\/12\/vienen-grandes-sorpresas-en-el-carnaval-cancun-2026-ana-paty-peralta\/#breadcrumb\",\"itemListElement\":[{\"@type\":\"ListItem\",\"position\":1,\"name\":\"Portada\",\"item\":\"https:\/\/panoramaciudadano.com\/\"},{\"@type\":\"ListItem\",\"position\":2,\"name\":\"VIENEN GRANDES SORPRESAS EN EL CARNAVAL CANC\u00daN 2026: ANA PATY PERALTA\"}]},{\"@type\":\"WebSite\",\"@id\":\"https:\/\/panoramaciudadano.com\/#website\",\"url\":\"https:\/\/panoramaciudadano.com\/\",\"name\":\"Panorama Ciudadano\",\"description\":\"\",\"publisher\":{\"@id\":\"https:\/\/panoramaciudadano.com\/#organization\"},\"potentialAction\":[{\"@type\":\"SearchAction\",\"target\":{\"@type\":\"EntryPoint\",\"urlTemplate\":\"https:\/\/panoramaciudadano.com\/?s={search_term_string}\"},\"query-input\":{\"@type\":\"PropertyValueSpecification\",\"valueRequired\":true,\"valueName\":\"search_term_string\"}}],\"inLanguage\":\"es\"},{\"@type\":\"Organization\",\"@id\":\"https:\/\/panoramaciudadano.com\/#organization\",\"name\":\"Panorama Ciudadano\",\"url\":\"https:\/\/panoramaciudadano.com\/\",\"logo\":{\"@type\":\"ImageObject\",\"inLanguage\":\"es\",\"@id\":\"https:\/\/panoramaciudadano.com\/#\/schema\/logo\/image\/\",\"url\":\"https:\/\/panoramaciudadano.com\/wp-content\/uploads\/2024\/05\/401498640_919267042938564_6290593609399108733_n.jpg\",\"contentUrl\":\"https:\/\/panoramaciudadano.com\/wp-content\/uploads\/2024\/05\/401498640_919267042938564_6290593609399108733_n.jpg\",\"width\":960,\"height\":957,\"caption\":\"Panorama Ciudadano\"},\"image\":{\"@id\":\"https:\/\/panoramaciudadano.com\/#\/schema\/logo\/image\/\"},\"sameAs\":[\"https:\/\/www.facebook.com\/panoramaciudadano\"]},{\"@type\":\"Person\",\"@id\":\"https:\/\/panoramaciudadano.com\/#\/schema\/person\/ffe9fe8ef47d3a93977b5761fd9e0d96\",\"name\":\"admin\",\"image\":{\"@type\":\"ImageObject\",\"inLanguage\":\"es\",\"@id\":\"https:\/\/panoramaciudadano.com\/#\/schema\/person\/image\/\",\"url\":\"https:\/\/secure.gravatar.com\/avatar\/2d5a12cacce3f18096f25fadea8abb7202fef18ed669595589853e84260ff451?s=96&d=mm&r=g\",\"contentUrl\":\"https:\/\/secure.gravatar.com\/avatar\/2d5a12cacce3f18096f25fadea8abb7202fef18ed669595589853e84260ff451?s=96&d=mm&r=g\",\"caption\":\"admin\"},\"sameAs\":[\"https:\/\/panoramaciudadano.com\"],\"url\":\"https:\/\/panoramaciudadano.com\/index.php\/author\/admin_3q6hyqq3\/\"}]}<\/script>\n<!-- \/ Yoast SEO plugin. -->","yoast_head_json":{"title":"VIENEN GRANDES SORPRESAS EN EL CARNAVAL CANC\u00daN 2026: ANA PATY PERALTA - Panorama Ciudadano","robots":{"index":"index","follow":"follow","max-snippet":"max-snippet:-1","max-image-preview":"max-image-preview:large","max-video-preview":"max-video-preview:-1"},"canonical":"https:\/\/panoramaciudadano.com\/index.php\/2026\/02\/12\/vienen-grandes-sorpresas-en-el-carnaval-cancun-2026-ana-paty-peralta\/","og_locale":"es_ES","og_type":"article","og_title":"VIENEN GRANDES SORPRESAS EN EL CARNAVAL CANC\u00daN 2026: ANA PATY PERALTA - Panorama Ciudadano","og_description":"A tan solo unas horas de arrancar el Carnaval Canc\u00fan 2026, la Presidenta Municipal, Ana Paty Peralta, realiz\u00f3 un recorrido minucioso por el emblem\u00e1tico Malec\u00f3n Tajamar, donde se instal\u00f3 el escenario m\u00e1s grande que ha recibido este espacio, para la presentaci\u00f3n estelar de los artistas y a su vez, anunci\u00f3 la presentaci\u00f3n del cantante Pablo Montero en la Coronaci\u00f3n de Reyes, adem\u00e1s de estar presente en los desfiles como el \u201cRey del Espect\u00e1culo\u201d, prometiendo llenar la ciudad de alegr\u00eda y diversi\u00f3n durante las fiestas carnestolendas.","og_url":"https:\/\/panoramaciudadano.com\/index.php\/2026\/02\/12\/vienen-grandes-sorpresas-en-el-carnaval-cancun-2026-ana-paty-peralta\/","og_site_name":"Panorama Ciudadano","article_publisher":"https:\/\/www.facebook.com\/panoramaciudadano","article_published_time":"2026-02-13T04:16:45+00:00","article_modified_time":"2026-02-13T04:16:47+00:00","og_image":[{"width":1280,"height":720,"url":"https:\/\/panoramaciudadano.com\/wp-content\/uploads\/2026\/02\/WhatsApp-Image-2026-02-12-at-8.40.48-PM.jpeg","type":"image\/jpeg"}],"author":"admin","twitter_card":"summary_large_image","twitter_misc":{"Escrito por":"admin","Tiempo de lectura":"3 minutos"},"schema":{"@context":"https:\/\/schema.org","@graph":[{"@type":"Article","@id":"https:\/\/panoramaciudadano.com\/index.php\/2026\/02\/12\/vienen-grandes-sorpresas-en-el-carnaval-cancun-2026-ana-paty-peralta\/#article","isPartOf":{"@id":"https:\/\/panoramaciudadano.com\/index.php\/2026\/02\/12\/vienen-grandes-sorpresas-en-el-carnaval-cancun-2026-ana-paty-peralta\/"},"author":{"name":"admin","@id":"https:\/\/panoramaciudadano.com\/#\/schema\/person\/ffe9fe8ef47d3a93977b5761fd9e0d96"},"headline":"VIENEN GRANDES SORPRESAS EN EL CARNAVAL CANC\u00daN 2026: ANA PATY PERALTA","datePublished":"2026-02-13T04:16:45+00:00","dateModified":"2026-02-13T04:16:47+00:00","mainEntityOfPage":{"@id":"https:\/\/panoramaciudadano.com\/index.php\/2026\/02\/12\/vienen-grandes-sorpresas-en-el-carnaval-cancun-2026-ana-paty-peralta\/"},"wordCount":408,"commentCount":0,"publisher":{"@id":"https:\/\/panoramaciudadano.com\/#organization"},"image":{"@id":"https:\/\/panoramaciudadano.com\/index.php\/2026\/02\/12\/vienen-grandes-sorpresas-en-el-carnaval-cancun-2026-ana-paty-peralta\/#primaryimage"},"thumbnailUrl":"https:\/\/panoramaciudadano.com\/wp-content\/uploads\/2026\/02\/WhatsApp-Image-2026-02-12-at-8.40.48-PM.jpeg","keywords":["Ana Paty Peralta"],"articleSection":["Canc\u00fan"],"inLanguage":"es","potentialAction":[{"@type":"CommentAction","name":"Comment","target":["https:\/\/panoramaciudadano.com\/index.php\/2026\/02\/12\/vienen-grandes-sorpresas-en-el-carnaval-cancun-2026-ana-paty-peralta\/#respond"]}]},{"@type":"WebPage","@id":"https:\/\/panoramaciudadano.com\/index.php\/2026\/02\/12\/vienen-grandes-sorpresas-en-el-carnaval-cancun-2026-ana-paty-peralta\/","url":"https:\/\/panoramaciudadano.com\/index.php\/2026\/02\/12\/vienen-grandes-sorpresas-en-el-carnaval-cancun-2026-ana-paty-peralta\/","name":"VIENEN GRANDES SORPRESAS EN EL CARNAVAL CANC\u00daN 2026: ANA PATY PERALTA - Panorama Ciudadano","isPartOf":{"@id":"https:\/\/panoramaciudadano.com\/#website"},"primaryImageOfPage":{"@id":"https:\/\/panoramaciudadano.com\/index.php\/2026\/02\/12\/vienen-grandes-sorpresas-en-el-carnaval-cancun-2026-ana-paty-peralta\/#primaryimage"},"image":{"@id":"https:\/\/panoramaciudadano.com\/index.php\/2026\/02\/12\/vienen-grandes-sorpresas-en-el-carnaval-cancun-2026-ana-paty-peralta\/#primaryimage"},"thumbnailUrl":"https:\/\/panoramaciudadano.com\/wp-content\/uploads\/2026\/02\/WhatsApp-Image-2026-02-12-at-8.40.48-PM.jpeg","datePublished":"2026-02-13T04:16:45+00:00","dateModified":"2026-02-13T04:16:47+00:00","breadcrumb":{"@id":"https:\/\/panoramaciudadano.com\/index.php\/2026\/02\/12\/vienen-grandes-sorpresas-en-el-carnaval-cancun-2026-ana-paty-peralta\/#breadcrumb"},"inLanguage":"es","potentialAction":[{"@type":"ReadAction","target":["https:\/\/panoramaciudadano.com\/index.php\/2026\/02\/12\/vienen-grandes-sorpresas-en-el-carnaval-cancun-2026-ana-paty-peralta\/"]}]},{"@type":"ImageObject","inLanguage":"es","@id":"https:\/\/panoramaciudadano.com\/index.php\/2026\/02\/12\/vienen-grandes-sorpresas-en-el-carnaval-cancun-2026-ana-paty-peralta\/#primaryimage","url":"https:\/\/panoramaciudadano.com\/wp-content\/uploads\/2026\/02\/WhatsApp-Image-2026-02-12-at-8.40.48-PM.jpeg","contentUrl":"https:\/\/panoramaciudadano.com\/wp-content\/uploads\/2026\/02\/WhatsApp-Image-2026-02-12-at-8.40.48-PM.jpeg","width":1280,"height":720},{"@type":"BreadcrumbList","@id":"https:\/\/panoramaciudadano.com\/index.php\/2026\/02\/12\/vienen-grandes-sorpresas-en-el-carnaval-cancun-2026-ana-paty-peralta\/#breadcrumb","itemListElement":[{"@type":"ListItem","position":1,"name":"Portada","item":"https:\/\/panoramaciudadano.com\/"},{"@type":"ListItem","position":2,"name":"VIENEN GRANDES SORPRESAS EN EL CARNAVAL CANC\u00daN 2026: ANA PATY PERALTA"}]},{"@type":"WebSite","@id":"https:\/\/panoramaciudadano.com\/#website","url":"https:\/\/panoramaciudadano.com\/","name":"Panorama Ciudadano","description":"","publisher":{"@id":"https:\/\/panoramaciudadano.com\/#organization"},"potentialAction":[{"@type":"SearchAction","target":{"@type":"EntryPoint","urlTemplate":"https:\/\/panoramaciudadano.com\/?s={search_term_string}"},"query-input":{"@type":"PropertyValueSpecification","valueRequired":true,"valueName":"search_term_string"}}],"inLanguage":"es"},{"@type":"Organization","@id":"https:\/\/panoramaciudadano.com\/#organization","name":"Panorama Ciudadano","url":"https:\/\/panoramaciudadano.com\/","logo":{"@type":"ImageObject","inLanguage":"es","@id":"https:\/\/panoramaciudadano.com\/#\/schema\/logo\/image\/","url":"https:\/\/panoramaciudadano.com\/wp-content\/uploads\/2024\/05\/401498640_919267042938564_6290593609399108733_n.jpg","contentUrl":"https:\/\/panoramaciudadano.com\/wp-content\/uploads\/2024\/05\/401498640_919267042938564_6290593609399108733_n.jpg","width":960,"height":957,"caption":"Panorama Ciudadano"},"image":{"@id":"https:\/\/panoramaciudadano.com\/#\/schema\/logo\/image\/"},"sameAs":["https:\/\/www.facebook.com\/panoramaciudadano"]},{"@type":"Person","@id":"https:\/\/panoramaciudadano.com\/#\/schema\/person\/ffe9fe8ef47d3a93977b5761fd9e0d96","name":"admin","image":{"@type":"ImageObject","inLanguage":"es","@id":"https:\/\/panoramaciudadano.com\/#\/schema\/person\/image\/","url":"https:\/\/secure.gravatar.com\/avatar\/2d5a12cacce3f18096f25fadea8abb7202fef18ed669595589853e84260ff451?s=96&d=mm&r=g","contentUrl":"https:\/\/secure.gravatar.com\/avatar\/2d5a12cacce3f18096f25fadea8abb7202fef18ed669595589853e84260ff451?s=96&d=mm&r=g","caption":"admin"},"sameAs":["https:\/\/panoramaciudadano.com"],"url":"https:\/\/panoramaciudadano.com\/index.php\/author\/admin_3q6hyqq3\/"}]}},"_links":{"self":[{"href":"https:\/\/panoramaciudadano.com\/index.php\/wp-json\/wp\/v2\/posts\/30393","targetHints":{"allow":["GET"]}}],"collection":[{"href":"https:\/\/panoramaciudadano.com\/index.php\/wp-json\/wp\/v2\/posts"}],"about":[{"href":"https:\/\/panoramaciudadano.com\/index.php\/wp-json\/wp\/v2\/types\/post"}],"author":[{"embeddable":true,"href":"https:\/\/panoramaciudadano.com\/index.php\/wp-json\/wp\/v2\/users\/1"}],"replies":[{"embeddable":true,"href":"https:\/\/panoramaciudadano.com\/index.php\/wp-json\/wp\/v2\/comments?post=30393"}],"version-history":[{"count":1,"href":"https:\/\/panoramaciudadano.com\/index.php\/wp-json\/wp\/v2\/posts\/30393\/revisions"}],"predecessor-version":[{"id":30398,"href":"https:\/\/panoramaciudadano.com\/index.php\/wp-json\/wp\/v2\/posts\/30393\/revisions\/30398"}],"wp:featuredmedia":[{"embeddable":true,"href":"https:\/\/panoramaciudadano.com\/index.php\/wp-json\/wp\/v2\/media\/30397"}],"wp:attachment":[{"href":"https:\/\/panoramaciudadano.com\/index.php\/wp-json\/wp\/v2\/media?parent=30393"}],"wp:term":[{"taxonomy":"category","embeddable":true,"href":"https:\/\/panoramaciudadano.com\/index.php\/wp-json\/wp\/v2\/categories?post=30393"},{"taxonomy":"post_tag","embeddable":true,"href":"https:\/\/panoramaciudadano.com\/index.php\/wp-json\/wp\/v2\/tags?post=30393"}],"curies":[{"name":"wp","href":"https:\/\/api.w.org\/{rel}","templated":true}]}}