{"id":30399,"date":"2026-02-12T23:18:11","date_gmt":"2026-02-13T04:18:11","guid":{"rendered":"https:\/\/panoramaciudadano.com\/?p=30399"},"modified":"2026-02-12T23:18:14","modified_gmt":"2026-02-13T04:18:14","slug":"logra-fiscalia-prision-preventiva-para-dos-sujetos-por-delitos-sexuales-en-playa-del-carmen-y-benito-juarez","status":"publish","type":"post","link":"https:\/\/panoramaciudadano.com\/index.php\/2026\/02\/12\/logra-fiscalia-prision-preventiva-para-dos-sujetos-por-delitos-sexuales-en-playa-del-carmen-y-benito-juarez\/","title":{"rendered":"Logra Fiscal\u00eda prisi\u00f3n preventiva para dos sujetos por delitos sexuales en Playa del Carmen y Benito Ju\u00e1rez"},"content":{"rendered":"\n<figure class=\"wp-block-gallery has-nested-images columns-default is-cropped wp-block-gallery-1 is-layout-flex wp-block-gallery-is-layout-flex\">\n<figure class=\"wp-block-image size-large\"><img decoding=\"async\" width=\"853\" height=\"1024\" data-id=\"30400\" src=\"https:\/\/panoramaciudadano.com\/wp-content\/uploads\/2026\/02\/WhatsApp-Image-2026-02-12-at-9.01.08-PM-1-853x1024.jpeg\" alt=\"\" class=\"wp-image-30400\" srcset=\"https:\/\/panoramaciudadano.com\/wp-content\/uploads\/2026\/02\/WhatsApp-Image-2026-02-12-at-9.01.08-PM-1-853x1024.jpeg 853w, https:\/\/panoramaciudadano.com\/wp-content\/uploads\/2026\/02\/WhatsApp-Image-2026-02-12-at-9.01.08-PM-1-250x300.jpeg 250w, https:\/\/panoramaciudadano.com\/wp-content\/uploads\/2026\/02\/WhatsApp-Image-2026-02-12-at-9.01.08-PM-1-768x922.jpeg 768w, https:\/\/panoramaciudadano.com\/wp-content\/uploads\/2026\/02\/WhatsApp-Image-2026-02-12-at-9.01.08-PM-1-1280x1536.jpeg 1280w, https:\/\/panoramaciudadano.com\/wp-content\/uploads\/2026\/02\/WhatsApp-Image-2026-02-12-at-9.01.08-PM-1.jpeg 1333w\" sizes=\"(max-width: 853px) 100vw, 853px\" \/><\/figure>\n\n\n\n<figure class=\"wp-block-image size-large\"><img decoding=\"async\" width=\"853\" height=\"1024\" data-id=\"30401\" src=\"https:\/\/panoramaciudadano.com\/wp-content\/uploads\/2026\/02\/WhatsApp-Image-2026-02-12-at-9.01.08-PM-853x1024.jpeg\" alt=\"\" class=\"wp-image-30401\" srcset=\"https:\/\/panoramaciudadano.com\/wp-content\/uploads\/2026\/02\/WhatsApp-Image-2026-02-12-at-9.01.08-PM-853x1024.jpeg 853w, https:\/\/panoramaciudadano.com\/wp-content\/uploads\/2026\/02\/WhatsApp-Image-2026-02-12-at-9.01.08-PM-250x300.jpeg 250w, https:\/\/panoramaciudadano.com\/wp-content\/uploads\/2026\/02\/WhatsApp-Image-2026-02-12-at-9.01.08-PM-768x922.jpeg 768w, https:\/\/panoramaciudadano.com\/wp-content\/uploads\/2026\/02\/WhatsApp-Image-2026-02-12-at-9.01.08-PM-1280x1536.jpeg 1280w, https:\/\/panoramaciudadano.com\/wp-content\/uploads\/2026\/02\/WhatsApp-Image-2026-02-12-at-9.01.08-PM.jpeg 1333w\" sizes=\"(max-width: 853px) 100vw, 853px\" \/><\/figure>\n<\/figure>\n\n\n\n<p>Luego de que la Fiscal\u00eda General del Estado, a trav\u00e9s de la Fiscal\u00eda Especializada en Combate a Delitos Sexuales y el Libre Desarrollo de la Personalidad, aportara los datos de prueba correspondientes, jueces de Control dictaron, en audiencias separadas, el auto de vinculaci\u00f3n a proceso para dos personas del sexo masculino, por su probable relaci\u00f3n en hechos posiblemente constitutivos de los delitos de violaci\u00f3n y abusos sexuales, en agravio de v\u00edctimas de identidad reservada.<\/p>\n\n\n\n<p>El primer imputado es Rolando \u201cN\u201d, alias \u201cEl Ogro\u201d, quien, en el mes de agosto de 2025, aprovechando que era entrenador de box de la v\u00edctima, presuntamente cometi\u00f3 los delitos de violaci\u00f3n y abusos sexuales, en un local ubicado en la avenida Lilis entre las avenidas Sin Nombre y Flor Romero del fraccionamiento Las Flores de este municipio.<\/p>\n\n\n\n<p>En otra ocasi\u00f3n, el 17 de noviembre de 2025, el ahora imputado abus\u00f3 nuevamente de la adolescente, quien despu\u00e9s de esto inform\u00f3 lo ocurrido, por lo que, tras denuncia de hechos ante esta Representaci\u00f3n Social, el presunto agresor fue detenido y posteriormente vinculado a proceso con medida cautelar de prisi\u00f3n preventiva por el t\u00e9rmino de dos a\u00f1os.<\/p>\n\n\n\n<p>Por otra parte, en el municipio de Benito Ju\u00e1rez, un Juez de Control dict\u00f3 el auto de vinculaci\u00f3n a proceso y prisi\u00f3n preventiva de dos a\u00f1os, a Jonatan \u201cN\u201d, por el delito de abusos sexuales en agravio de una adolescente.<\/p>\n\n\n\n<p>Los hechos por los que Jonatan \u201cN\u201d es investigado, ocurrieron en febrero de 2025, cuando debido a su cercan\u00eda familiar, posiblemente abus\u00f3 de la menor v\u00edctima, en el domicilio en el que ambos viv\u00edan, en la Supermanzana 105.<\/p>\n","protected":false},"excerpt":{"rendered":"<p>Luego de que la Fiscal\u00eda General del Estado, a trav\u00e9s de la Fiscal\u00eda Especializada en Combate a Delitos Sexuales y el Libre Desarrollo de la Personalidad, aportara los datos de prueba correspondientes, jueces de Control dictaron, en audiencias separadas, el auto de vinculaci\u00f3n a proceso para dos personas del sexo masculino, por su probable relaci\u00f3n en hechos posiblemente constitutivos de los delitos de violaci\u00f3n y abusos sexuales, en agravio de v\u00edctimas de identidad reservada.<\/p>\n","protected":false},"author":1,"featured_media":30400,"comment_status":"open","ping_status":"closed","sticky":false,"template":"","format":"standard","meta":{"footnotes":""},"categories":[6,7],"tags":[200],"class_list":["post-30399","post","type-post","status-publish","format-standard","has-post-thumbnail","hentry","category-cancun","category-playa-del-carmen","tag-fge"],"yoast_head":"<!-- This site is optimized with the Yoast SEO plugin v27.1.1 - https:\/\/yoast.com\/product\/yoast-seo-wordpress\/ -->\n<title>Logra Fiscal\u00eda prisi\u00f3n preventiva para dos sujetos por delitos sexuales en Playa del Carmen y Benito Ju\u00e1rez - Panorama Ciudadano<\/title>\n<meta name=\"robots\" content=\"index, follow, max-snippet:-1, max-image-preview:large, max-video-preview:-1\" \/>\n<link rel=\"canonical\" href=\"https:\/\/panoramaciudadano.com\/index.php\/2026\/02\/12\/logra-fiscalia-prision-preventiva-para-dos-sujetos-por-delitos-sexuales-en-playa-del-carmen-y-benito-juarez\/\" \/>\n<meta property=\"og:locale\" content=\"es_ES\" \/>\n<meta property=\"og:type\" content=\"article\" \/>\n<meta property=\"og:title\" content=\"Logra Fiscal\u00eda prisi\u00f3n preventiva para dos sujetos por delitos sexuales en Playa del Carmen y Benito Ju\u00e1rez - Panorama Ciudadano\" \/>\n<meta property=\"og:description\" content=\"Luego de que la Fiscal\u00eda General del Estado, a trav\u00e9s de la Fiscal\u00eda Especializada en Combate a Delitos Sexuales y el Libre Desarrollo de la Personalidad, aportara los datos de prueba correspondientes, jueces de Control dictaron, en audiencias separadas, el auto de vinculaci\u00f3n a proceso para dos personas del sexo masculino, por su probable relaci\u00f3n en hechos posiblemente constitutivos de los delitos de violaci\u00f3n y abusos sexuales, en agravio de v\u00edctimas de identidad reservada.\" \/>\n<meta property=\"og:url\" content=\"https:\/\/panoramaciudadano.com\/index.php\/2026\/02\/12\/logra-fiscalia-prision-preventiva-para-dos-sujetos-por-delitos-sexuales-en-playa-del-carmen-y-benito-juarez\/\" \/>\n<meta property=\"og:site_name\" content=\"Panorama Ciudadano\" \/>\n<meta property=\"article:publisher\" content=\"https:\/\/www.facebook.com\/panoramaciudadano\" \/>\n<meta property=\"article:published_time\" content=\"2026-02-13T04:18:11+00:00\" \/>\n<meta property=\"article:modified_time\" content=\"2026-02-13T04:18:14+00:00\" \/>\n<meta property=\"og:image\" content=\"https:\/\/panoramaciudadano.com\/wp-content\/uploads\/2026\/02\/WhatsApp-Image-2026-02-12-at-9.01.08-PM-1.jpeg\" \/>\n\t<meta property=\"og:image:width\" content=\"1333\" \/>\n\t<meta property=\"og:image:height\" content=\"1600\" \/>\n\t<meta property=\"og:image:type\" content=\"image\/jpeg\" \/>\n<meta name=\"author\" content=\"admin\" \/>\n<meta name=\"twitter:card\" content=\"summary_large_image\" \/>\n<meta name=\"twitter:label1\" content=\"Escrito por\" \/>\n\t<meta name=\"twitter:data1\" content=\"admin\" \/>\n\t<meta name=\"twitter:label2\" content=\"Tiempo de lectura\" \/>\n\t<meta name=\"twitter:data2\" content=\"2 minutos\" \/>\n<script type=\"application\/ld+json\" class=\"yoast-schema-graph\">{\"@context\":\"https:\/\/schema.org\",\"@graph\":[{\"@type\":\"Article\",\"@id\":\"https:\/\/panoramaciudadano.com\/index.php\/2026\/02\/12\/logra-fiscalia-prision-preventiva-para-dos-sujetos-por-delitos-sexuales-en-playa-del-carmen-y-benito-juarez\/#article\",\"isPartOf\":{\"@id\":\"https:\/\/panoramaciudadano.com\/index.php\/2026\/02\/12\/logra-fiscalia-prision-preventiva-para-dos-sujetos-por-delitos-sexuales-en-playa-del-carmen-y-benito-juarez\/\"},\"author\":{\"name\":\"admin\",\"@id\":\"https:\/\/panoramaciudadano.com\/#\/schema\/person\/ffe9fe8ef47d3a93977b5761fd9e0d96\"},\"headline\":\"Logra Fiscal\u00eda prisi\u00f3n preventiva para dos sujetos por delitos sexuales en Playa del Carmen y Benito Ju\u00e1rez\",\"datePublished\":\"2026-02-13T04:18:11+00:00\",\"dateModified\":\"2026-02-13T04:18:14+00:00\",\"mainEntityOfPage\":{\"@id\":\"https:\/\/panoramaciudadano.com\/index.php\/2026\/02\/12\/logra-fiscalia-prision-preventiva-para-dos-sujetos-por-delitos-sexuales-en-playa-del-carmen-y-benito-juarez\/\"},\"wordCount\":304,\"commentCount\":0,\"publisher\":{\"@id\":\"https:\/\/panoramaciudadano.com\/#organization\"},\"image\":{\"@id\":\"https:\/\/panoramaciudadano.com\/index.php\/2026\/02\/12\/logra-fiscalia-prision-preventiva-para-dos-sujetos-por-delitos-sexuales-en-playa-del-carmen-y-benito-juarez\/#primaryimage\"},\"thumbnailUrl\":\"https:\/\/panoramaciudadano.com\/wp-content\/uploads\/2026\/02\/WhatsApp-Image-2026-02-12-at-9.01.08-PM-1.jpeg\",\"keywords\":[\"FGE\"],\"articleSection\":[\"Canc\u00fan\",\"Playa del Carmen\"],\"inLanguage\":\"es\",\"potentialAction\":[{\"@type\":\"CommentAction\",\"name\":\"Comment\",\"target\":[\"https:\/\/panoramaciudadano.com\/index.php\/2026\/02\/12\/logra-fiscalia-prision-preventiva-para-dos-sujetos-por-delitos-sexuales-en-playa-del-carmen-y-benito-juarez\/#respond\"]}]},{\"@type\":\"WebPage\",\"@id\":\"https:\/\/panoramaciudadano.com\/index.php\/2026\/02\/12\/logra-fiscalia-prision-preventiva-para-dos-sujetos-por-delitos-sexuales-en-playa-del-carmen-y-benito-juarez\/\",\"url\":\"https:\/\/panoramaciudadano.com\/index.php\/2026\/02\/12\/logra-fiscalia-prision-preventiva-para-dos-sujetos-por-delitos-sexuales-en-playa-del-carmen-y-benito-juarez\/\",\"name\":\"Logra Fiscal\u00eda prisi\u00f3n preventiva para dos sujetos por delitos sexuales en Playa del Carmen y Benito Ju\u00e1rez - Panorama Ciudadano\",\"isPartOf\":{\"@id\":\"https:\/\/panoramaciudadano.com\/#website\"},\"primaryImageOfPage\":{\"@id\":\"https:\/\/panoramaciudadano.com\/index.php\/2026\/02\/12\/logra-fiscalia-prision-preventiva-para-dos-sujetos-por-delitos-sexuales-en-playa-del-carmen-y-benito-juarez\/#primaryimage\"},\"image\":{\"@id\":\"https:\/\/panoramaciudadano.com\/index.php\/2026\/02\/12\/logra-fiscalia-prision-preventiva-para-dos-sujetos-por-delitos-sexuales-en-playa-del-carmen-y-benito-juarez\/#primaryimage\"},\"thumbnailUrl\":\"https:\/\/panoramaciudadano.com\/wp-content\/uploads\/2026\/02\/WhatsApp-Image-2026-02-12-at-9.01.08-PM-1.jpeg\",\"datePublished\":\"2026-02-13T04:18:11+00:00\",\"dateModified\":\"2026-02-13T04:18:14+00:00\",\"breadcrumb\":{\"@id\":\"https:\/\/panoramaciudadano.com\/index.php\/2026\/02\/12\/logra-fiscalia-prision-preventiva-para-dos-sujetos-por-delitos-sexuales-en-playa-del-carmen-y-benito-juarez\/#breadcrumb\"},\"inLanguage\":\"es\",\"potentialAction\":[{\"@type\":\"ReadAction\",\"target\":[\"https:\/\/panoramaciudadano.com\/index.php\/2026\/02\/12\/logra-fiscalia-prision-preventiva-para-dos-sujetos-por-delitos-sexuales-en-playa-del-carmen-y-benito-juarez\/\"]}]},{\"@type\":\"ImageObject\",\"inLanguage\":\"es\",\"@id\":\"https:\/\/panoramaciudadano.com\/index.php\/2026\/02\/12\/logra-fiscalia-prision-preventiva-para-dos-sujetos-por-delitos-sexuales-en-playa-del-carmen-y-benito-juarez\/#primaryimage\",\"url\":\"https:\/\/panoramaciudadano.com\/wp-content\/uploads\/2026\/02\/WhatsApp-Image-2026-02-12-at-9.01.08-PM-1.jpeg\",\"contentUrl\":\"https:\/\/panoramaciudadano.com\/wp-content\/uploads\/2026\/02\/WhatsApp-Image-2026-02-12-at-9.01.08-PM-1.jpeg\",\"width\":1333,\"height\":1600},{\"@type\":\"BreadcrumbList\",\"@id\":\"https:\/\/panoramaciudadano.com\/index.php\/2026\/02\/12\/logra-fiscalia-prision-preventiva-para-dos-sujetos-por-delitos-sexuales-en-playa-del-carmen-y-benito-juarez\/#breadcrumb\",\"itemListElement\":[{\"@type\":\"ListItem\",\"position\":1,\"name\":\"Portada\",\"item\":\"https:\/\/panoramaciudadano.com\/\"},{\"@type\":\"ListItem\",\"position\":2,\"name\":\"Logra Fiscal\u00eda prisi\u00f3n preventiva para dos sujetos por delitos sexuales en Playa del Carmen y Benito Ju\u00e1rez\"}]},{\"@type\":\"WebSite\",\"@id\":\"https:\/\/panoramaciudadano.com\/#website\",\"url\":\"https:\/\/panoramaciudadano.com\/\",\"name\":\"Panorama Ciudadano\",\"description\":\"\",\"publisher\":{\"@id\":\"https:\/\/panoramaciudadano.com\/#organization\"},\"potentialAction\":[{\"@type\":\"SearchAction\",\"target\":{\"@type\":\"EntryPoint\",\"urlTemplate\":\"https:\/\/panoramaciudadano.com\/?s={search_term_string}\"},\"query-input\":{\"@type\":\"PropertyValueSpecification\",\"valueRequired\":true,\"valueName\":\"search_term_string\"}}],\"inLanguage\":\"es\"},{\"@type\":\"Organization\",\"@id\":\"https:\/\/panoramaciudadano.com\/#organization\",\"name\":\"Panorama Ciudadano\",\"url\":\"https:\/\/panoramaciudadano.com\/\",\"logo\":{\"@type\":\"ImageObject\",\"inLanguage\":\"es\",\"@id\":\"https:\/\/panoramaciudadano.com\/#\/schema\/logo\/image\/\",\"url\":\"https:\/\/panoramaciudadano.com\/wp-content\/uploads\/2024\/05\/401498640_919267042938564_6290593609399108733_n.jpg\",\"contentUrl\":\"https:\/\/panoramaciudadano.com\/wp-content\/uploads\/2024\/05\/401498640_919267042938564_6290593609399108733_n.jpg\",\"width\":960,\"height\":957,\"caption\":\"Panorama Ciudadano\"},\"image\":{\"@id\":\"https:\/\/panoramaciudadano.com\/#\/schema\/logo\/image\/\"},\"sameAs\":[\"https:\/\/www.facebook.com\/panoramaciudadano\"]},{\"@type\":\"Person\",\"@id\":\"https:\/\/panoramaciudadano.com\/#\/schema\/person\/ffe9fe8ef47d3a93977b5761fd9e0d96\",\"name\":\"admin\",\"image\":{\"@type\":\"ImageObject\",\"inLanguage\":\"es\",\"@id\":\"https:\/\/panoramaciudadano.com\/#\/schema\/person\/image\/\",\"url\":\"https:\/\/secure.gravatar.com\/avatar\/2d5a12cacce3f18096f25fadea8abb7202fef18ed669595589853e84260ff451?s=96&d=mm&r=g\",\"contentUrl\":\"https:\/\/secure.gravatar.com\/avatar\/2d5a12cacce3f18096f25fadea8abb7202fef18ed669595589853e84260ff451?s=96&d=mm&r=g\",\"caption\":\"admin\"},\"sameAs\":[\"https:\/\/panoramaciudadano.com\"],\"url\":\"https:\/\/panoramaciudadano.com\/index.php\/author\/admin_3q6hyqq3\/\"}]}<\/script>\n<!-- \/ Yoast SEO plugin. -->","yoast_head_json":{"title":"Logra Fiscal\u00eda prisi\u00f3n preventiva para dos sujetos por delitos sexuales en Playa del Carmen y Benito Ju\u00e1rez - Panorama Ciudadano","robots":{"index":"index","follow":"follow","max-snippet":"max-snippet:-1","max-image-preview":"max-image-preview:large","max-video-preview":"max-video-preview:-1"},"canonical":"https:\/\/panoramaciudadano.com\/index.php\/2026\/02\/12\/logra-fiscalia-prision-preventiva-para-dos-sujetos-por-delitos-sexuales-en-playa-del-carmen-y-benito-juarez\/","og_locale":"es_ES","og_type":"article","og_title":"Logra Fiscal\u00eda prisi\u00f3n preventiva para dos sujetos por delitos sexuales en Playa del Carmen y Benito Ju\u00e1rez - Panorama Ciudadano","og_description":"Luego de que la Fiscal\u00eda General del Estado, a trav\u00e9s de la Fiscal\u00eda Especializada en Combate a Delitos Sexuales y el Libre Desarrollo de la Personalidad, aportara los datos de prueba correspondientes, jueces de Control dictaron, en audiencias separadas, el auto de vinculaci\u00f3n a proceso para dos personas del sexo masculino, por su probable relaci\u00f3n en hechos posiblemente constitutivos de los delitos de violaci\u00f3n y abusos sexuales, en agravio de v\u00edctimas de identidad reservada.","og_url":"https:\/\/panoramaciudadano.com\/index.php\/2026\/02\/12\/logra-fiscalia-prision-preventiva-para-dos-sujetos-por-delitos-sexuales-en-playa-del-carmen-y-benito-juarez\/","og_site_name":"Panorama Ciudadano","article_publisher":"https:\/\/www.facebook.com\/panoramaciudadano","article_published_time":"2026-02-13T04:18:11+00:00","article_modified_time":"2026-02-13T04:18:14+00:00","og_image":[{"width":1333,"height":1600,"url":"https:\/\/panoramaciudadano.com\/wp-content\/uploads\/2026\/02\/WhatsApp-Image-2026-02-12-at-9.01.08-PM-1.jpeg","type":"image\/jpeg"}],"author":"admin","twitter_card":"summary_large_image","twitter_misc":{"Escrito por":"admin","Tiempo de lectura":"2 minutos"},"schema":{"@context":"https:\/\/schema.org","@graph":[{"@type":"Article","@id":"https:\/\/panoramaciudadano.com\/index.php\/2026\/02\/12\/logra-fiscalia-prision-preventiva-para-dos-sujetos-por-delitos-sexuales-en-playa-del-carmen-y-benito-juarez\/#article","isPartOf":{"@id":"https:\/\/panoramaciudadano.com\/index.php\/2026\/02\/12\/logra-fiscalia-prision-preventiva-para-dos-sujetos-por-delitos-sexuales-en-playa-del-carmen-y-benito-juarez\/"},"author":{"name":"admin","@id":"https:\/\/panoramaciudadano.com\/#\/schema\/person\/ffe9fe8ef47d3a93977b5761fd9e0d96"},"headline":"Logra Fiscal\u00eda prisi\u00f3n preventiva para dos sujetos por delitos sexuales en Playa del Carmen y Benito Ju\u00e1rez","datePublished":"2026-02-13T04:18:11+00:00","dateModified":"2026-02-13T04:18:14+00:00","mainEntityOfPage":{"@id":"https:\/\/panoramaciudadano.com\/index.php\/2026\/02\/12\/logra-fiscalia-prision-preventiva-para-dos-sujetos-por-delitos-sexuales-en-playa-del-carmen-y-benito-juarez\/"},"wordCount":304,"commentCount":0,"publisher":{"@id":"https:\/\/panoramaciudadano.com\/#organization"},"image":{"@id":"https:\/\/panoramaciudadano.com\/index.php\/2026\/02\/12\/logra-fiscalia-prision-preventiva-para-dos-sujetos-por-delitos-sexuales-en-playa-del-carmen-y-benito-juarez\/#primaryimage"},"thumbnailUrl":"https:\/\/panoramaciudadano.com\/wp-content\/uploads\/2026\/02\/WhatsApp-Image-2026-02-12-at-9.01.08-PM-1.jpeg","keywords":["FGE"],"articleSection":["Canc\u00fan","Playa del Carmen"],"inLanguage":"es","potentialAction":[{"@type":"CommentAction","name":"Comment","target":["https:\/\/panoramaciudadano.com\/index.php\/2026\/02\/12\/logra-fiscalia-prision-preventiva-para-dos-sujetos-por-delitos-sexuales-en-playa-del-carmen-y-benito-juarez\/#respond"]}]},{"@type":"WebPage","@id":"https:\/\/panoramaciudadano.com\/index.php\/2026\/02\/12\/logra-fiscalia-prision-preventiva-para-dos-sujetos-por-delitos-sexuales-en-playa-del-carmen-y-benito-juarez\/","url":"https:\/\/panoramaciudadano.com\/index.php\/2026\/02\/12\/logra-fiscalia-prision-preventiva-para-dos-sujetos-por-delitos-sexuales-en-playa-del-carmen-y-benito-juarez\/","name":"Logra Fiscal\u00eda prisi\u00f3n preventiva para dos sujetos por delitos sexuales en Playa del Carmen y Benito Ju\u00e1rez - Panorama Ciudadano","isPartOf":{"@id":"https:\/\/panoramaciudadano.com\/#website"},"primaryImageOfPage":{"@id":"https:\/\/panoramaciudadano.com\/index.php\/2026\/02\/12\/logra-fiscalia-prision-preventiva-para-dos-sujetos-por-delitos-sexuales-en-playa-del-carmen-y-benito-juarez\/#primaryimage"},"image":{"@id":"https:\/\/panoramaciudadano.com\/index.php\/2026\/02\/12\/logra-fiscalia-prision-preventiva-para-dos-sujetos-por-delitos-sexuales-en-playa-del-carmen-y-benito-juarez\/#primaryimage"},"thumbnailUrl":"https:\/\/panoramaciudadano.com\/wp-content\/uploads\/2026\/02\/WhatsApp-Image-2026-02-12-at-9.01.08-PM-1.jpeg","datePublished":"2026-02-13T04:18:11+00:00","dateModified":"2026-02-13T04:18:14+00:00","breadcrumb":{"@id":"https:\/\/panoramaciudadano.com\/index.php\/2026\/02\/12\/logra-fiscalia-prision-preventiva-para-dos-sujetos-por-delitos-sexuales-en-playa-del-carmen-y-benito-juarez\/#breadcrumb"},"inLanguage":"es","potentialAction":[{"@type":"ReadAction","target":["https:\/\/panoramaciudadano.com\/index.php\/2026\/02\/12\/logra-fiscalia-prision-preventiva-para-dos-sujetos-por-delitos-sexuales-en-playa-del-carmen-y-benito-juarez\/"]}]},{"@type":"ImageObject","inLanguage":"es","@id":"https:\/\/panoramaciudadano.com\/index.php\/2026\/02\/12\/logra-fiscalia-prision-preventiva-para-dos-sujetos-por-delitos-sexuales-en-playa-del-carmen-y-benito-juarez\/#primaryimage","url":"https:\/\/panoramaciudadano.com\/wp-content\/uploads\/2026\/02\/WhatsApp-Image-2026-02-12-at-9.01.08-PM-1.jpeg","contentUrl":"https:\/\/panoramaciudadano.com\/wp-content\/uploads\/2026\/02\/WhatsApp-Image-2026-02-12-at-9.01.08-PM-1.jpeg","width":1333,"height":1600},{"@type":"BreadcrumbList","@id":"https:\/\/panoramaciudadano.com\/index.php\/2026\/02\/12\/logra-fiscalia-prision-preventiva-para-dos-sujetos-por-delitos-sexuales-en-playa-del-carmen-y-benito-juarez\/#breadcrumb","itemListElement":[{"@type":"ListItem","position":1,"name":"Portada","item":"https:\/\/panoramaciudadano.com\/"},{"@type":"ListItem","position":2,"name":"Logra Fiscal\u00eda prisi\u00f3n preventiva para dos sujetos por delitos sexuales en Playa del Carmen y Benito Ju\u00e1rez"}]},{"@type":"WebSite","@id":"https:\/\/panoramaciudadano.com\/#website","url":"https:\/\/panoramaciudadano.com\/","name":"Panorama Ciudadano","description":"","publisher":{"@id":"https:\/\/panoramaciudadano.com\/#organization"},"potentialAction":[{"@type":"SearchAction","target":{"@type":"EntryPoint","urlTemplate":"https:\/\/panoramaciudadano.com\/?s={search_term_string}"},"query-input":{"@type":"PropertyValueSpecification","valueRequired":true,"valueName":"search_term_string"}}],"inLanguage":"es"},{"@type":"Organization","@id":"https:\/\/panoramaciudadano.com\/#organization","name":"Panorama Ciudadano","url":"https:\/\/panoramaciudadano.com\/","logo":{"@type":"ImageObject","inLanguage":"es","@id":"https:\/\/panoramaciudadano.com\/#\/schema\/logo\/image\/","url":"https:\/\/panoramaciudadano.com\/wp-content\/uploads\/2024\/05\/401498640_919267042938564_6290593609399108733_n.jpg","contentUrl":"https:\/\/panoramaciudadano.com\/wp-content\/uploads\/2024\/05\/401498640_919267042938564_6290593609399108733_n.jpg","width":960,"height":957,"caption":"Panorama Ciudadano"},"image":{"@id":"https:\/\/panoramaciudadano.com\/#\/schema\/logo\/image\/"},"sameAs":["https:\/\/www.facebook.com\/panoramaciudadano"]},{"@type":"Person","@id":"https:\/\/panoramaciudadano.com\/#\/schema\/person\/ffe9fe8ef47d3a93977b5761fd9e0d96","name":"admin","image":{"@type":"ImageObject","inLanguage":"es","@id":"https:\/\/panoramaciudadano.com\/#\/schema\/person\/image\/","url":"https:\/\/secure.gravatar.com\/avatar\/2d5a12cacce3f18096f25fadea8abb7202fef18ed669595589853e84260ff451?s=96&d=mm&r=g","contentUrl":"https:\/\/secure.gravatar.com\/avatar\/2d5a12cacce3f18096f25fadea8abb7202fef18ed669595589853e84260ff451?s=96&d=mm&r=g","caption":"admin"},"sameAs":["https:\/\/panoramaciudadano.com"],"url":"https:\/\/panoramaciudadano.com\/index.php\/author\/admin_3q6hyqq3\/"}]}},"_links":{"self":[{"href":"https:\/\/panoramaciudadano.com\/index.php\/wp-json\/wp\/v2\/posts\/30399","targetHints":{"allow":["GET"]}}],"collection":[{"href":"https:\/\/panoramaciudadano.com\/index.php\/wp-json\/wp\/v2\/posts"}],"about":[{"href":"https:\/\/panoramaciudadano.com\/index.php\/wp-json\/wp\/v2\/types\/post"}],"author":[{"embeddable":true,"href":"https:\/\/panoramaciudadano.com\/index.php\/wp-json\/wp\/v2\/users\/1"}],"replies":[{"embeddable":true,"href":"https:\/\/panoramaciudadano.com\/index.php\/wp-json\/wp\/v2\/comments?post=30399"}],"version-history":[{"count":1,"href":"https:\/\/panoramaciudadano.com\/index.php\/wp-json\/wp\/v2\/posts\/30399\/revisions"}],"predecessor-version":[{"id":30402,"href":"https:\/\/panoramaciudadano.com\/index.php\/wp-json\/wp\/v2\/posts\/30399\/revisions\/30402"}],"wp:featuredmedia":[{"embeddable":true,"href":"https:\/\/panoramaciudadano.com\/index.php\/wp-json\/wp\/v2\/media\/30400"}],"wp:attachment":[{"href":"https:\/\/panoramaciudadano.com\/index.php\/wp-json\/wp\/v2\/media?parent=30399"}],"wp:term":[{"taxonomy":"category","embeddable":true,"href":"https:\/\/panoramaciudadano.com\/index.php\/wp-json\/wp\/v2\/categories?post=30399"},{"taxonomy":"post_tag","embeddable":true,"href":"https:\/\/panoramaciudadano.com\/index.php\/wp-json\/wp\/v2\/tags?post=30399"}],"curies":[{"name":"wp","href":"https:\/\/api.w.org\/{rel}","templated":true}]}}