{"id":30421,"date":"2026-02-13T13:15:27","date_gmt":"2026-02-13T18:15:27","guid":{"rendered":"https:\/\/panoramaciudadano.com\/?p=30421"},"modified":"2026-02-13T13:15:34","modified_gmt":"2026-02-13T18:15:34","slug":"con-desfile-y-quema-del-mal-humor-inicia-oficialmente-el-carnaval-cancun-2026","status":"publish","type":"post","link":"https:\/\/panoramaciudadano.com\/index.php\/2026\/02\/13\/con-desfile-y-quema-del-mal-humor-inicia-oficialmente-el-carnaval-cancun-2026\/","title":{"rendered":"CON DESFILE Y QUEMA DEL MAL HUMOR INICIA OFICIALMENTE EL CARNAVAL CANC\u00daN 2026"},"content":{"rendered":"\n<figure class=\"wp-block-gallery has-nested-images columns-default is-cropped wp-block-gallery-1 is-layout-flex wp-block-gallery-is-layout-flex\">\n<figure class=\"wp-block-image size-large\"><img decoding=\"async\" width=\"1024\" height=\"682\" data-id=\"30423\" src=\"https:\/\/panoramaciudadano.com\/wp-content\/uploads\/2026\/02\/WhatsApp-Image-2026-02-13-at-8.19.26-AM-1-1024x682.jpeg\" alt=\"\" class=\"wp-image-30423\" srcset=\"https:\/\/panoramaciudadano.com\/wp-content\/uploads\/2026\/02\/WhatsApp-Image-2026-02-13-at-8.19.26-AM-1-1024x682.jpeg 1024w, https:\/\/panoramaciudadano.com\/wp-content\/uploads\/2026\/02\/WhatsApp-Image-2026-02-13-at-8.19.26-AM-1-300x200.jpeg 300w, https:\/\/panoramaciudadano.com\/wp-content\/uploads\/2026\/02\/WhatsApp-Image-2026-02-13-at-8.19.26-AM-1-768x512.jpeg 768w, https:\/\/panoramaciudadano.com\/wp-content\/uploads\/2026\/02\/WhatsApp-Image-2026-02-13-at-8.19.26-AM-1.jpeg 1280w\" sizes=\"(max-width: 1024px) 100vw, 1024px\" \/><\/figure>\n\n\n\n<figure class=\"wp-block-image size-large\"><img decoding=\"async\" width=\"1024\" height=\"682\" data-id=\"30424\" src=\"https:\/\/panoramaciudadano.com\/wp-content\/uploads\/2026\/02\/WhatsApp-Image-2026-02-13-at-8.19.26-AM-2-1024x682.jpeg\" alt=\"\" class=\"wp-image-30424\" srcset=\"https:\/\/panoramaciudadano.com\/wp-content\/uploads\/2026\/02\/WhatsApp-Image-2026-02-13-at-8.19.26-AM-2-1024x682.jpeg 1024w, https:\/\/panoramaciudadano.com\/wp-content\/uploads\/2026\/02\/WhatsApp-Image-2026-02-13-at-8.19.26-AM-2-300x200.jpeg 300w, https:\/\/panoramaciudadano.com\/wp-content\/uploads\/2026\/02\/WhatsApp-Image-2026-02-13-at-8.19.26-AM-2-768x512.jpeg 768w, https:\/\/panoramaciudadano.com\/wp-content\/uploads\/2026\/02\/WhatsApp-Image-2026-02-13-at-8.19.26-AM-2.jpeg 1280w\" sizes=\"(max-width: 1024px) 100vw, 1024px\" \/><\/figure>\n\n\n\n<figure class=\"wp-block-image size-large\"><img decoding=\"async\" width=\"1024\" height=\"682\" data-id=\"30422\" src=\"https:\/\/panoramaciudadano.com\/wp-content\/uploads\/2026\/02\/WhatsApp-Image-2026-02-13-at-8.19.26-AM-1024x682.jpeg\" alt=\"\" class=\"wp-image-30422\" srcset=\"https:\/\/panoramaciudadano.com\/wp-content\/uploads\/2026\/02\/WhatsApp-Image-2026-02-13-at-8.19.26-AM-1024x682.jpeg 1024w, https:\/\/panoramaciudadano.com\/wp-content\/uploads\/2026\/02\/WhatsApp-Image-2026-02-13-at-8.19.26-AM-300x200.jpeg 300w, https:\/\/panoramaciudadano.com\/wp-content\/uploads\/2026\/02\/WhatsApp-Image-2026-02-13-at-8.19.26-AM-768x512.jpeg 768w, https:\/\/panoramaciudadano.com\/wp-content\/uploads\/2026\/02\/WhatsApp-Image-2026-02-13-at-8.19.26-AM.jpeg 1280w\" sizes=\"(max-width: 1024px) 100vw, 1024px\" \/><\/figure>\n\n\n\n<figure class=\"wp-block-image size-large\"><img decoding=\"async\" width=\"1024\" height=\"682\" data-id=\"30425\" src=\"https:\/\/panoramaciudadano.com\/wp-content\/uploads\/2026\/02\/WhatsApp-Image-2026-02-13-at-8.19.27-AM-1024x682.jpeg\" alt=\"\" class=\"wp-image-30425\" srcset=\"https:\/\/panoramaciudadano.com\/wp-content\/uploads\/2026\/02\/WhatsApp-Image-2026-02-13-at-8.19.27-AM-1024x682.jpeg 1024w, https:\/\/panoramaciudadano.com\/wp-content\/uploads\/2026\/02\/WhatsApp-Image-2026-02-13-at-8.19.27-AM-300x200.jpeg 300w, https:\/\/panoramaciudadano.com\/wp-content\/uploads\/2026\/02\/WhatsApp-Image-2026-02-13-at-8.19.27-AM-768x512.jpeg 768w, https:\/\/panoramaciudadano.com\/wp-content\/uploads\/2026\/02\/WhatsApp-Image-2026-02-13-at-8.19.27-AM.jpeg 1280w\" sizes=\"(max-width: 1024px) 100vw, 1024px\" \/><\/figure>\n<\/figure>\n\n\n\n<p>Con un colorido desfile que parti\u00f3 de la Plaza de la Reforma con destino al Parque de las Palapas, arrancaron oficialmente las celebraciones del Carnaval Canc\u00fan 2026, la gran fiesta que une a las y los cancunenses en torno a la alegr\u00eda, la m\u00fasica y la tradici\u00f3n.<\/p>\n\n\n\n<p>El Ayuntamiento de Benito Ju\u00e1rez, encabezado por la Presidenta Municipal, Ana Paty Peralta, a trav\u00e9s del Instituto de la Cultura y las Artes, refrenda su compromiso de conservar y fortalecer las tradiciones con una gran fiesta pensada para el disfrute de las familias cancunenses, promoviendo la identidad, la convivencia y el orgullo comunitario.<\/p>\n\n\n\n<p>Encabezando el recorrido, la Corte Real 2025 acompa\u00f1\u00f3 a las y los Reyes y Reinas electos para 2026, quienes al ritmo de la batucada Samba del Caribe desfilaron detr\u00e1s del simb\u00f3lico f\u00e9retro que representaba el mal humor, la amargura y los pesares, marcando as\u00ed el inicio de una de las ceremonias m\u00e1s emblem\u00e1ticas del carnaval: la tradicional Quema del Mal Humor.<\/p>\n\n\n\n<p>Ya en el escenario principal del Parque de las Palapas, se llev\u00f3 a cabo la lectura del Bando a cargo de \u201cRachito\u201d, quien con picard\u00eda y sentido del humor hizo un recuento de los acontecimientos del a\u00f1o, invitando a dejar atr\u00e1s las preocupaciones y dar paso a la fiesta, destacando que el carnaval es tiempo de unidad, m\u00fasica y sana convivencia.<\/p>\n\n\n\n<p>Durante el mensaje se record\u00f3 a la ciudadan\u00eda que las actividades de comparsas se realizar\u00e1n en el Parque de las Palapas, mientras que los conciertos masivos tendr\u00e1n como sede el Malec\u00f3n Tajamar y el Estadio Beto \u00c1vila, donde se presentar\u00e1 la Banda MS en el concierto de cierre, con acceso mediante boleto. Asimismo, se enfatiz\u00f3 que el Carnaval Canc\u00fan 2026 es una celebraci\u00f3n familiar, por lo que no se permitir\u00e1 el consumo de bebidas alcoh\u00f3licas en las actividades realizadas en Palapas.<\/p>\n\n\n\n<p>El bando tambi\u00e9n convoc\u00f3 a la participaci\u00f3n en el concurso de comparsas, que llenar\u00e1 de plumas, lentejuelas y creatividad el coraz\u00f3n de la ciudad, adem\u00e1s de hacer un llamado a disfrutar con responsabilidad, especialmente durante el uso de pirotecnia fr\u00eda.<\/p>\n\n\n\n<p>La noche de este jueves se engalan\u00f3 con la participaci\u00f3n del ballet Sentir \u00c9tnico y del Grupo Musical Palenko, de la Universidad San Buenaventura de Santiago de Cali, Colombia, quienes aportaron ritmo y sabor internacional a esta gran apertura.<\/p>\n\n\n\n<p>Con la simb\u00f3lica declaraci\u00f3n de que el mal humor ha sido enterrado y con el anuncio de la pr\u00f3xima coronaci\u00f3n de las y los soberanos, se dio inicio formal al Carnaval Canc\u00fan 2026, una celebraci\u00f3n que reafirma que en Canc\u00fan la fiesta nos une.<\/p>\n\n\n\n<p>El d\u00eda de hoy continua la fiesta con la presentaci\u00f3n de la Banda \u201cLa Adictiva\u201d en Malec\u00f3n Tajamar y Pablo Montero en el Parque de las Palapas; tambi\u00e9n tiene lugar nuevamente el desfile de carnaval y la ciudadan\u00eda adem\u00e1s puede disfrutar de los pabellones gastron\u00f3mico, de los artesanos y emprendedores, junto con una feria en el Parque de Las Palapas<\/p>\n\n\n\n<hr class=\"wp-block-separator has-alpha-channel-opacity\"\/>\n","protected":false},"excerpt":{"rendered":"<p>Con un colorido desfile que parti\u00f3 de la Plaza de la Reforma con destino al Parque de las Palapas, arrancaron oficialmente las celebraciones del Carnaval Canc\u00fan 2026, la gran fiesta que une a las y los cancunenses en torno a la alegr\u00eda, la m\u00fasica y la tradici\u00f3n.<\/p>\n","protected":false},"author":1,"featured_media":30424,"comment_status":"open","ping_status":"closed","sticky":false,"template":"","format":"standard","meta":{"footnotes":""},"categories":[6],"tags":[145],"class_list":["post-30421","post","type-post","status-publish","format-standard","has-post-thumbnail","hentry","category-cancun","tag-ana-paty-peralta"],"yoast_head":"<!-- This site is optimized with the Yoast SEO plugin v27.1.1 - https:\/\/yoast.com\/product\/yoast-seo-wordpress\/ -->\n<title>CON DESFILE Y QUEMA DEL MAL HUMOR INICIA OFICIALMENTE EL CARNAVAL CANC\u00daN 2026 - Panorama Ciudadano<\/title>\n<meta name=\"robots\" content=\"index, follow, max-snippet:-1, max-image-preview:large, max-video-preview:-1\" \/>\n<link rel=\"canonical\" href=\"https:\/\/panoramaciudadano.com\/index.php\/2026\/02\/13\/con-desfile-y-quema-del-mal-humor-inicia-oficialmente-el-carnaval-cancun-2026\/\" \/>\n<meta property=\"og:locale\" content=\"es_ES\" \/>\n<meta property=\"og:type\" content=\"article\" \/>\n<meta property=\"og:title\" content=\"CON DESFILE Y QUEMA DEL MAL HUMOR INICIA OFICIALMENTE EL CARNAVAL CANC\u00daN 2026 - Panorama Ciudadano\" \/>\n<meta property=\"og:description\" content=\"Con un colorido desfile que parti\u00f3 de la Plaza de la Reforma con destino al Parque de las Palapas, arrancaron oficialmente las celebraciones del Carnaval Canc\u00fan 2026, la gran fiesta que une a las y los cancunenses en torno a la alegr\u00eda, la m\u00fasica y la tradici\u00f3n.\" \/>\n<meta property=\"og:url\" content=\"https:\/\/panoramaciudadano.com\/index.php\/2026\/02\/13\/con-desfile-y-quema-del-mal-humor-inicia-oficialmente-el-carnaval-cancun-2026\/\" \/>\n<meta property=\"og:site_name\" content=\"Panorama Ciudadano\" \/>\n<meta property=\"article:publisher\" content=\"https:\/\/www.facebook.com\/panoramaciudadano\" \/>\n<meta property=\"article:published_time\" content=\"2026-02-13T18:15:27+00:00\" \/>\n<meta property=\"article:modified_time\" content=\"2026-02-13T18:15:34+00:00\" \/>\n<meta property=\"og:image\" content=\"https:\/\/panoramaciudadano.com\/wp-content\/uploads\/2026\/02\/WhatsApp-Image-2026-02-13-at-8.19.26-AM-2.jpeg\" \/>\n\t<meta property=\"og:image:width\" content=\"1280\" \/>\n\t<meta property=\"og:image:height\" content=\"853\" \/>\n\t<meta property=\"og:image:type\" content=\"image\/jpeg\" \/>\n<meta name=\"author\" content=\"admin\" \/>\n<meta name=\"twitter:card\" content=\"summary_large_image\" \/>\n<meta name=\"twitter:label1\" content=\"Escrito por\" \/>\n\t<meta name=\"twitter:data1\" content=\"admin\" \/>\n\t<meta name=\"twitter:label2\" content=\"Tiempo de lectura\" \/>\n\t<meta name=\"twitter:data2\" content=\"4 minutos\" \/>\n<script type=\"application\/ld+json\" class=\"yoast-schema-graph\">{\"@context\":\"https:\/\/schema.org\",\"@graph\":[{\"@type\":\"Article\",\"@id\":\"https:\/\/panoramaciudadano.com\/index.php\/2026\/02\/13\/con-desfile-y-quema-del-mal-humor-inicia-oficialmente-el-carnaval-cancun-2026\/#article\",\"isPartOf\":{\"@id\":\"https:\/\/panoramaciudadano.com\/index.php\/2026\/02\/13\/con-desfile-y-quema-del-mal-humor-inicia-oficialmente-el-carnaval-cancun-2026\/\"},\"author\":{\"name\":\"admin\",\"@id\":\"https:\/\/panoramaciudadano.com\/#\/schema\/person\/ffe9fe8ef47d3a93977b5761fd9e0d96\"},\"headline\":\"CON DESFILE Y QUEMA DEL MAL HUMOR INICIA OFICIALMENTE EL CARNAVAL CANC\u00daN 2026\",\"datePublished\":\"2026-02-13T18:15:27+00:00\",\"dateModified\":\"2026-02-13T18:15:34+00:00\",\"mainEntityOfPage\":{\"@id\":\"https:\/\/panoramaciudadano.com\/index.php\/2026\/02\/13\/con-desfile-y-quema-del-mal-humor-inicia-oficialmente-el-carnaval-cancun-2026\/\"},\"wordCount\":536,\"commentCount\":0,\"publisher\":{\"@id\":\"https:\/\/panoramaciudadano.com\/#organization\"},\"image\":{\"@id\":\"https:\/\/panoramaciudadano.com\/index.php\/2026\/02\/13\/con-desfile-y-quema-del-mal-humor-inicia-oficialmente-el-carnaval-cancun-2026\/#primaryimage\"},\"thumbnailUrl\":\"https:\/\/panoramaciudadano.com\/wp-content\/uploads\/2026\/02\/WhatsApp-Image-2026-02-13-at-8.19.26-AM-2.jpeg\",\"keywords\":[\"Ana Paty Peralta\"],\"articleSection\":[\"Canc\u00fan\"],\"inLanguage\":\"es\",\"potentialAction\":[{\"@type\":\"CommentAction\",\"name\":\"Comment\",\"target\":[\"https:\/\/panoramaciudadano.com\/index.php\/2026\/02\/13\/con-desfile-y-quema-del-mal-humor-inicia-oficialmente-el-carnaval-cancun-2026\/#respond\"]}]},{\"@type\":\"WebPage\",\"@id\":\"https:\/\/panoramaciudadano.com\/index.php\/2026\/02\/13\/con-desfile-y-quema-del-mal-humor-inicia-oficialmente-el-carnaval-cancun-2026\/\",\"url\":\"https:\/\/panoramaciudadano.com\/index.php\/2026\/02\/13\/con-desfile-y-quema-del-mal-humor-inicia-oficialmente-el-carnaval-cancun-2026\/\",\"name\":\"CON DESFILE Y QUEMA DEL MAL HUMOR INICIA OFICIALMENTE EL CARNAVAL CANC\u00daN 2026 - Panorama Ciudadano\",\"isPartOf\":{\"@id\":\"https:\/\/panoramaciudadano.com\/#website\"},\"primaryImageOfPage\":{\"@id\":\"https:\/\/panoramaciudadano.com\/index.php\/2026\/02\/13\/con-desfile-y-quema-del-mal-humor-inicia-oficialmente-el-carnaval-cancun-2026\/#primaryimage\"},\"image\":{\"@id\":\"https:\/\/panoramaciudadano.com\/index.php\/2026\/02\/13\/con-desfile-y-quema-del-mal-humor-inicia-oficialmente-el-carnaval-cancun-2026\/#primaryimage\"},\"thumbnailUrl\":\"https:\/\/panoramaciudadano.com\/wp-content\/uploads\/2026\/02\/WhatsApp-Image-2026-02-13-at-8.19.26-AM-2.jpeg\",\"datePublished\":\"2026-02-13T18:15:27+00:00\",\"dateModified\":\"2026-02-13T18:15:34+00:00\",\"breadcrumb\":{\"@id\":\"https:\/\/panoramaciudadano.com\/index.php\/2026\/02\/13\/con-desfile-y-quema-del-mal-humor-inicia-oficialmente-el-carnaval-cancun-2026\/#breadcrumb\"},\"inLanguage\":\"es\",\"potentialAction\":[{\"@type\":\"ReadAction\",\"target\":[\"https:\/\/panoramaciudadano.com\/index.php\/2026\/02\/13\/con-desfile-y-quema-del-mal-humor-inicia-oficialmente-el-carnaval-cancun-2026\/\"]}]},{\"@type\":\"ImageObject\",\"inLanguage\":\"es\",\"@id\":\"https:\/\/panoramaciudadano.com\/index.php\/2026\/02\/13\/con-desfile-y-quema-del-mal-humor-inicia-oficialmente-el-carnaval-cancun-2026\/#primaryimage\",\"url\":\"https:\/\/panoramaciudadano.com\/wp-content\/uploads\/2026\/02\/WhatsApp-Image-2026-02-13-at-8.19.26-AM-2.jpeg\",\"contentUrl\":\"https:\/\/panoramaciudadano.com\/wp-content\/uploads\/2026\/02\/WhatsApp-Image-2026-02-13-at-8.19.26-AM-2.jpeg\",\"width\":1280,\"height\":853},{\"@type\":\"BreadcrumbList\",\"@id\":\"https:\/\/panoramaciudadano.com\/index.php\/2026\/02\/13\/con-desfile-y-quema-del-mal-humor-inicia-oficialmente-el-carnaval-cancun-2026\/#breadcrumb\",\"itemListElement\":[{\"@type\":\"ListItem\",\"position\":1,\"name\":\"Portada\",\"item\":\"https:\/\/panoramaciudadano.com\/\"},{\"@type\":\"ListItem\",\"position\":2,\"name\":\"CON DESFILE Y QUEMA DEL MAL HUMOR INICIA OFICIALMENTE EL CARNAVAL CANC\u00daN 2026\"}]},{\"@type\":\"WebSite\",\"@id\":\"https:\/\/panoramaciudadano.com\/#website\",\"url\":\"https:\/\/panoramaciudadano.com\/\",\"name\":\"Panorama Ciudadano\",\"description\":\"\",\"publisher\":{\"@id\":\"https:\/\/panoramaciudadano.com\/#organization\"},\"potentialAction\":[{\"@type\":\"SearchAction\",\"target\":{\"@type\":\"EntryPoint\",\"urlTemplate\":\"https:\/\/panoramaciudadano.com\/?s={search_term_string}\"},\"query-input\":{\"@type\":\"PropertyValueSpecification\",\"valueRequired\":true,\"valueName\":\"search_term_string\"}}],\"inLanguage\":\"es\"},{\"@type\":\"Organization\",\"@id\":\"https:\/\/panoramaciudadano.com\/#organization\",\"name\":\"Panorama Ciudadano\",\"url\":\"https:\/\/panoramaciudadano.com\/\",\"logo\":{\"@type\":\"ImageObject\",\"inLanguage\":\"es\",\"@id\":\"https:\/\/panoramaciudadano.com\/#\/schema\/logo\/image\/\",\"url\":\"https:\/\/panoramaciudadano.com\/wp-content\/uploads\/2024\/05\/401498640_919267042938564_6290593609399108733_n.jpg\",\"contentUrl\":\"https:\/\/panoramaciudadano.com\/wp-content\/uploads\/2024\/05\/401498640_919267042938564_6290593609399108733_n.jpg\",\"width\":960,\"height\":957,\"caption\":\"Panorama Ciudadano\"},\"image\":{\"@id\":\"https:\/\/panoramaciudadano.com\/#\/schema\/logo\/image\/\"},\"sameAs\":[\"https:\/\/www.facebook.com\/panoramaciudadano\"]},{\"@type\":\"Person\",\"@id\":\"https:\/\/panoramaciudadano.com\/#\/schema\/person\/ffe9fe8ef47d3a93977b5761fd9e0d96\",\"name\":\"admin\",\"image\":{\"@type\":\"ImageObject\",\"inLanguage\":\"es\",\"@id\":\"https:\/\/panoramaciudadano.com\/#\/schema\/person\/image\/\",\"url\":\"https:\/\/secure.gravatar.com\/avatar\/2d5a12cacce3f18096f25fadea8abb7202fef18ed669595589853e84260ff451?s=96&d=mm&r=g\",\"contentUrl\":\"https:\/\/secure.gravatar.com\/avatar\/2d5a12cacce3f18096f25fadea8abb7202fef18ed669595589853e84260ff451?s=96&d=mm&r=g\",\"caption\":\"admin\"},\"sameAs\":[\"https:\/\/panoramaciudadano.com\"],\"url\":\"https:\/\/panoramaciudadano.com\/index.php\/author\/admin_3q6hyqq3\/\"}]}<\/script>\n<!-- \/ Yoast SEO plugin. -->","yoast_head_json":{"title":"CON DESFILE Y QUEMA DEL MAL HUMOR INICIA OFICIALMENTE EL CARNAVAL CANC\u00daN 2026 - Panorama Ciudadano","robots":{"index":"index","follow":"follow","max-snippet":"max-snippet:-1","max-image-preview":"max-image-preview:large","max-video-preview":"max-video-preview:-1"},"canonical":"https:\/\/panoramaciudadano.com\/index.php\/2026\/02\/13\/con-desfile-y-quema-del-mal-humor-inicia-oficialmente-el-carnaval-cancun-2026\/","og_locale":"es_ES","og_type":"article","og_title":"CON DESFILE Y QUEMA DEL MAL HUMOR INICIA OFICIALMENTE EL CARNAVAL CANC\u00daN 2026 - Panorama Ciudadano","og_description":"Con un colorido desfile que parti\u00f3 de la Plaza de la Reforma con destino al Parque de las Palapas, arrancaron oficialmente las celebraciones del Carnaval Canc\u00fan 2026, la gran fiesta que une a las y los cancunenses en torno a la alegr\u00eda, la m\u00fasica y la tradici\u00f3n.","og_url":"https:\/\/panoramaciudadano.com\/index.php\/2026\/02\/13\/con-desfile-y-quema-del-mal-humor-inicia-oficialmente-el-carnaval-cancun-2026\/","og_site_name":"Panorama Ciudadano","article_publisher":"https:\/\/www.facebook.com\/panoramaciudadano","article_published_time":"2026-02-13T18:15:27+00:00","article_modified_time":"2026-02-13T18:15:34+00:00","og_image":[{"width":1280,"height":853,"url":"https:\/\/panoramaciudadano.com\/wp-content\/uploads\/2026\/02\/WhatsApp-Image-2026-02-13-at-8.19.26-AM-2.jpeg","type":"image\/jpeg"}],"author":"admin","twitter_card":"summary_large_image","twitter_misc":{"Escrito por":"admin","Tiempo de lectura":"4 minutos"},"schema":{"@context":"https:\/\/schema.org","@graph":[{"@type":"Article","@id":"https:\/\/panoramaciudadano.com\/index.php\/2026\/02\/13\/con-desfile-y-quema-del-mal-humor-inicia-oficialmente-el-carnaval-cancun-2026\/#article","isPartOf":{"@id":"https:\/\/panoramaciudadano.com\/index.php\/2026\/02\/13\/con-desfile-y-quema-del-mal-humor-inicia-oficialmente-el-carnaval-cancun-2026\/"},"author":{"name":"admin","@id":"https:\/\/panoramaciudadano.com\/#\/schema\/person\/ffe9fe8ef47d3a93977b5761fd9e0d96"},"headline":"CON DESFILE Y QUEMA DEL MAL HUMOR INICIA OFICIALMENTE EL CARNAVAL CANC\u00daN 2026","datePublished":"2026-02-13T18:15:27+00:00","dateModified":"2026-02-13T18:15:34+00:00","mainEntityOfPage":{"@id":"https:\/\/panoramaciudadano.com\/index.php\/2026\/02\/13\/con-desfile-y-quema-del-mal-humor-inicia-oficialmente-el-carnaval-cancun-2026\/"},"wordCount":536,"commentCount":0,"publisher":{"@id":"https:\/\/panoramaciudadano.com\/#organization"},"image":{"@id":"https:\/\/panoramaciudadano.com\/index.php\/2026\/02\/13\/con-desfile-y-quema-del-mal-humor-inicia-oficialmente-el-carnaval-cancun-2026\/#primaryimage"},"thumbnailUrl":"https:\/\/panoramaciudadano.com\/wp-content\/uploads\/2026\/02\/WhatsApp-Image-2026-02-13-at-8.19.26-AM-2.jpeg","keywords":["Ana Paty Peralta"],"articleSection":["Canc\u00fan"],"inLanguage":"es","potentialAction":[{"@type":"CommentAction","name":"Comment","target":["https:\/\/panoramaciudadano.com\/index.php\/2026\/02\/13\/con-desfile-y-quema-del-mal-humor-inicia-oficialmente-el-carnaval-cancun-2026\/#respond"]}]},{"@type":"WebPage","@id":"https:\/\/panoramaciudadano.com\/index.php\/2026\/02\/13\/con-desfile-y-quema-del-mal-humor-inicia-oficialmente-el-carnaval-cancun-2026\/","url":"https:\/\/panoramaciudadano.com\/index.php\/2026\/02\/13\/con-desfile-y-quema-del-mal-humor-inicia-oficialmente-el-carnaval-cancun-2026\/","name":"CON DESFILE Y QUEMA DEL MAL HUMOR INICIA OFICIALMENTE EL CARNAVAL CANC\u00daN 2026 - Panorama Ciudadano","isPartOf":{"@id":"https:\/\/panoramaciudadano.com\/#website"},"primaryImageOfPage":{"@id":"https:\/\/panoramaciudadano.com\/index.php\/2026\/02\/13\/con-desfile-y-quema-del-mal-humor-inicia-oficialmente-el-carnaval-cancun-2026\/#primaryimage"},"image":{"@id":"https:\/\/panoramaciudadano.com\/index.php\/2026\/02\/13\/con-desfile-y-quema-del-mal-humor-inicia-oficialmente-el-carnaval-cancun-2026\/#primaryimage"},"thumbnailUrl":"https:\/\/panoramaciudadano.com\/wp-content\/uploads\/2026\/02\/WhatsApp-Image-2026-02-13-at-8.19.26-AM-2.jpeg","datePublished":"2026-02-13T18:15:27+00:00","dateModified":"2026-02-13T18:15:34+00:00","breadcrumb":{"@id":"https:\/\/panoramaciudadano.com\/index.php\/2026\/02\/13\/con-desfile-y-quema-del-mal-humor-inicia-oficialmente-el-carnaval-cancun-2026\/#breadcrumb"},"inLanguage":"es","potentialAction":[{"@type":"ReadAction","target":["https:\/\/panoramaciudadano.com\/index.php\/2026\/02\/13\/con-desfile-y-quema-del-mal-humor-inicia-oficialmente-el-carnaval-cancun-2026\/"]}]},{"@type":"ImageObject","inLanguage":"es","@id":"https:\/\/panoramaciudadano.com\/index.php\/2026\/02\/13\/con-desfile-y-quema-del-mal-humor-inicia-oficialmente-el-carnaval-cancun-2026\/#primaryimage","url":"https:\/\/panoramaciudadano.com\/wp-content\/uploads\/2026\/02\/WhatsApp-Image-2026-02-13-at-8.19.26-AM-2.jpeg","contentUrl":"https:\/\/panoramaciudadano.com\/wp-content\/uploads\/2026\/02\/WhatsApp-Image-2026-02-13-at-8.19.26-AM-2.jpeg","width":1280,"height":853},{"@type":"BreadcrumbList","@id":"https:\/\/panoramaciudadano.com\/index.php\/2026\/02\/13\/con-desfile-y-quema-del-mal-humor-inicia-oficialmente-el-carnaval-cancun-2026\/#breadcrumb","itemListElement":[{"@type":"ListItem","position":1,"name":"Portada","item":"https:\/\/panoramaciudadano.com\/"},{"@type":"ListItem","position":2,"name":"CON DESFILE Y QUEMA DEL MAL HUMOR INICIA OFICIALMENTE EL CARNAVAL CANC\u00daN 2026"}]},{"@type":"WebSite","@id":"https:\/\/panoramaciudadano.com\/#website","url":"https:\/\/panoramaciudadano.com\/","name":"Panorama Ciudadano","description":"","publisher":{"@id":"https:\/\/panoramaciudadano.com\/#organization"},"potentialAction":[{"@type":"SearchAction","target":{"@type":"EntryPoint","urlTemplate":"https:\/\/panoramaciudadano.com\/?s={search_term_string}"},"query-input":{"@type":"PropertyValueSpecification","valueRequired":true,"valueName":"search_term_string"}}],"inLanguage":"es"},{"@type":"Organization","@id":"https:\/\/panoramaciudadano.com\/#organization","name":"Panorama Ciudadano","url":"https:\/\/panoramaciudadano.com\/","logo":{"@type":"ImageObject","inLanguage":"es","@id":"https:\/\/panoramaciudadano.com\/#\/schema\/logo\/image\/","url":"https:\/\/panoramaciudadano.com\/wp-content\/uploads\/2024\/05\/401498640_919267042938564_6290593609399108733_n.jpg","contentUrl":"https:\/\/panoramaciudadano.com\/wp-content\/uploads\/2024\/05\/401498640_919267042938564_6290593609399108733_n.jpg","width":960,"height":957,"caption":"Panorama Ciudadano"},"image":{"@id":"https:\/\/panoramaciudadano.com\/#\/schema\/logo\/image\/"},"sameAs":["https:\/\/www.facebook.com\/panoramaciudadano"]},{"@type":"Person","@id":"https:\/\/panoramaciudadano.com\/#\/schema\/person\/ffe9fe8ef47d3a93977b5761fd9e0d96","name":"admin","image":{"@type":"ImageObject","inLanguage":"es","@id":"https:\/\/panoramaciudadano.com\/#\/schema\/person\/image\/","url":"https:\/\/secure.gravatar.com\/avatar\/2d5a12cacce3f18096f25fadea8abb7202fef18ed669595589853e84260ff451?s=96&d=mm&r=g","contentUrl":"https:\/\/secure.gravatar.com\/avatar\/2d5a12cacce3f18096f25fadea8abb7202fef18ed669595589853e84260ff451?s=96&d=mm&r=g","caption":"admin"},"sameAs":["https:\/\/panoramaciudadano.com"],"url":"https:\/\/panoramaciudadano.com\/index.php\/author\/admin_3q6hyqq3\/"}]}},"_links":{"self":[{"href":"https:\/\/panoramaciudadano.com\/index.php\/wp-json\/wp\/v2\/posts\/30421","targetHints":{"allow":["GET"]}}],"collection":[{"href":"https:\/\/panoramaciudadano.com\/index.php\/wp-json\/wp\/v2\/posts"}],"about":[{"href":"https:\/\/panoramaciudadano.com\/index.php\/wp-json\/wp\/v2\/types\/post"}],"author":[{"embeddable":true,"href":"https:\/\/panoramaciudadano.com\/index.php\/wp-json\/wp\/v2\/users\/1"}],"replies":[{"embeddable":true,"href":"https:\/\/panoramaciudadano.com\/index.php\/wp-json\/wp\/v2\/comments?post=30421"}],"version-history":[{"count":1,"href":"https:\/\/panoramaciudadano.com\/index.php\/wp-json\/wp\/v2\/posts\/30421\/revisions"}],"predecessor-version":[{"id":30426,"href":"https:\/\/panoramaciudadano.com\/index.php\/wp-json\/wp\/v2\/posts\/30421\/revisions\/30426"}],"wp:featuredmedia":[{"embeddable":true,"href":"https:\/\/panoramaciudadano.com\/index.php\/wp-json\/wp\/v2\/media\/30424"}],"wp:attachment":[{"href":"https:\/\/panoramaciudadano.com\/index.php\/wp-json\/wp\/v2\/media?parent=30421"}],"wp:term":[{"taxonomy":"category","embeddable":true,"href":"https:\/\/panoramaciudadano.com\/index.php\/wp-json\/wp\/v2\/categories?post=30421"},{"taxonomy":"post_tag","embeddable":true,"href":"https:\/\/panoramaciudadano.com\/index.php\/wp-json\/wp\/v2\/tags?post=30421"}],"curies":[{"name":"wp","href":"https:\/\/api.w.org\/{rel}","templated":true}]}}